{"id":1069990,"date":"2019-03-27T17:06:13","date_gmt":"2019-03-27T15:06:13","guid":{"rendered":"https:\/\/legiobiznes.pl\/I\/?p=1069990"},"modified":"2024-10-08T07:16:50","modified_gmt":"2024-10-08T05:16:50","slug":"kara-pieniezna-za-naruszenie-rodo-prawie-milion-zlotych-polacy-przeciwni-acta-2-zmiany-ktore-rzad-szykuje-dla-przedsiebiorcow-e-dowody-falstart","status":"publish","type":"post","link":"https:\/\/legiobiznes.pl\/I\/kara-pieniezna-za-naruszenie-rodo-prawie-milion-zlotych-polacy-przeciwni-acta-2-zmiany-ktore-rzad-szykuje-dla-przedsiebiorcow-e-dowody-falstart\/","title":{"rendered":"Kara pieni\u0119\u017cna za naruszenie RODO, prawie milion z\u0142otych! Polacy przeciwni ACTA 2. Zmiany, kt\u00f3re rz\u0105d szykuje dla przedsi\u0119biorc\u00f3w. E-dowody, falstart"},"content":{"rendered":"<h2><strong>Pierwsza w Polsce kara pieni\u0119\u017cna za naruszenie RODO \u2013 prawie milion z\u0142otych<\/strong><\/h2>\n<h4><a href=\"https:\/\/uodo.gov.pl\/pl\/138\/786\" target=\"_blank\" rel=\"noopener noreferrer\">Dok\u0142adna kwota to: 943 tys. z\u0142. Naruszenie<\/a>\u00a0dotyczy braku obowi\u0105zku informacyjnego:<\/h4>\n<blockquote><p>Bardzo wiele os\u00f3b, kt\u00f3rych dane przetwarza\u0142a ukarana sp\u00f3\u0142ka, nie mia\u0142o o tym poj\u0119cia. Administrator ich o tym nie powiadomi\u0142. Tym samym odebra\u0142 im mo\u017cliwo\u015b\u0107 skorzystania z praw, jakie przys\u0142uguj\u0105 im na gruncie RODO, czyli og\u00f3lnego rozporz\u0105dzenia o ochronie danych. Nie mog\u0142y wi\u0119c one np. sprzeciwi\u0107 si\u0119 dalszemu przetwarzaniu ich danych, \u017c\u0105da\u0107 ich sprostowania czy usuni\u0119cia&#8230;<\/p><\/blockquote>\n<a href=\"https:\/\/sekurak.pl\/pierwsza-w-polsce-kara-pieniezna-za-naruszenie-rodo-prawie-milion-zlotych\/\" target=\"_blank\" class=\"shortc-button medium red \">Wi\u0119cej dowiesz si\u0119 u \u017ar\u00f3d\u0142a &gt;<\/a>\n<h2><strong>Milionowa kara za RODO dla polskiej firmy<\/strong><\/h2>\n<h4>Urz\u0105d Ochrony Danych Osobowych coraz bardziej karze za z\u0142amanie RODO. Jednak tym razem pad\u0142 rekord i sankcja wynios\u0142a blisko milion z\u0142otych \u2013 poinformowa\u0142\u00a0<a href=\"https:\/\/www.pb.pl\/milionowa-kara-za-rodo-956840\" target=\"_blank\" rel=\"noopener noreferrer\">Puls Biznesu<\/a>.<\/h4>\n<p>Kar\u0119 w wysoko\u015bci blisko miliona z\u0142otych otrzyma\u0142a Wywiadownia Gospodarcza. Jak informuje Puls Biznesu kara zosta\u0142a na\u0142o\u017cona na firm\u0119 za wykorzystanie danych podmiot\u00f3w zarejestrowanych w CEIDG, bez uprzedniego ich poinformowania o tym fakcie. Wywiadownia Gospodarcza pozyskane dane agregowa\u0142a, a nast\u0119pnie odsprzedawa\u0142a je innym firmom&#8230;<\/p>\n<a href=\"https:\/\/mambiznes.pl\/wlasny-biznes\/milionowa-kara-rodo-dla-polskiej-firmy-91245\" target=\"_blank\" class=\"shortc-button medium red \">Wi\u0119cej dowiesz si\u0119 u \u017ar\u00f3d\u0142a &gt;<\/a>\n<h2><strong>O strajkach zgodnych z RODO<\/strong><\/h2>\n<h4>Zwi\u0105zek zawodowy ma prawo pozyskiwa\u0107 od pracodawcy imiona i nazwiska pracownik\u00f3w oraz dane umo\u017cliwiaj\u0105ce poinformowanie pracownika o referendum strajkowym \u2013 informuje Prezes UODO. Dlaczego? Jednym z powod\u00f3w jest ustawa o zwi\u0105zkach zawodowych, kt\u00f3ra okre\u015bla, \u017ce pracodawca jest zobowi\u0105zany do udzielenia na \u017c\u0105danie zwi\u0105zku informacji niezb\u0119dnych do prowadzenia jego dzia\u0142a\u0144.<\/h4>\n<p>Przepisy dotycz\u0105ce zar\u00f3wno zwi\u0105zk\u00f3w zawodowych, jak i regulacje z zakresu spor\u00f3w zbiorowych nie okre\u015blaj\u0105 wprost uprawnienia do pozyskiwania przez zwi\u0105zki zawodowe danych pracownik\u00f3w na potrzeby referendum strajkowego&#8230;<\/p>\n<a href=\"http:\/\/di.com.pl\/o-strajkach-zgodnych-z-rodo-62311?utm_source=feedburner&amp;utm_medium=feed&amp;utm_campaign=Feed%3A+glowny-di+%280+-+DI+kanal+glowny+%28go%C5%82y%29%29\" target=\"_blank\" class=\"shortc-button medium red \">Wi\u0119cej dowiesz si\u0119 u \u017ar\u00f3d\u0142a &gt;<\/a>\n<h2><strong>Ustawa o zmianie niekt\u00f3rych ustaw &#8211; trwaj\u0105 ostatnie prace nad dostosowaniem sektorowych przepis\u00f3w do RODO<\/strong><\/h2>\n<h4>RODO stosowane jest od 25 maja 2018 roku, jednak\u017ce reforma przepis\u00f3w trwa! Przepisy z zakresu ochrony danych osobowych to nie tylko przepisy kluczowego aktu prawnego jakim jest unijne rozporz\u0105dzenie, ale r\u00f3wnie\u017c setki polskich ustaw i innych dokument\u00f3w.<\/h4>\n<p>Na chwil\u0119 obecn\u0105 polski porz\u0105dek prawny nie jest dostosowany do\u00a0<strong>RODO<\/strong>. Pomimo tego, \u017ce RODO zacz\u0119\u0142o by\u0107 stosowane dopiero po dw\u00f3ch latach od og\u0142oszenia dokumentu,\u00a0<strong>polski ustawodawca nie zd\u0105\u017cy\u0142 z nowelizacj\u0105 ustaw sektorowych, kt\u00f3re mia\u0142y zosta\u0107 zmienione i wej\u015b\u0107 w \u017cycie 25 maja 2018 roku wraz z now\u0105 ustaw\u0105 o ochronie danych osobowych<\/strong>&#8230;<\/p>\n<a href=\"http:\/\/di.com.pl\/ustawa-o-zmianie-niektorych-ustaw-trwaja-ostatnie-prace-nad-dostosowaniem-sektorowych-przepisow-do-rodo-62318?utm_source=feedburner&amp;utm_medium=feed&amp;utm_campaign=Feed%3A+glowny-di+%280+-+DI+kanal+glowny+%28go%C5%82y%29%29\" target=\"_blank\" class=\"shortc-button medium red \">Wi\u0119cej dowiesz si\u0119 u \u017ar\u00f3d\u0142a &gt;<\/a>\n<h2><strong><span class=\"red\">Polacy przeciwni ACTA 2. Czego si\u0119 obawiaj\u0105?<\/span><\/strong><\/h2>\n<h4>A\u017c 86% polskich internaut\u00f3w uwa\u017ca, \u017ce Parlament Europejski wprowadzaj\u0105c zmiany w obszarze prawa autorskiego powinien uwzgl\u0119dni\u0107 ochron\u0119 praw u\u017cytkownik\u00f3w oraz wolno\u015b\u0107 s\u0142owa w internecie \u2013 wynika z nowego badania. Zdecydowana wi\u0119kszo\u015b\u0107 respondent\u00f3w obawia si\u0119, \u017ce tzw. Acta2 ograniczy swobodny dost\u0119p do tre\u015bci w internecie i zagra\u017ca wolno\u015bci s\u0142owa, np. poprzez na\u0142o\u017cony na platformy internetowe obowi\u0105zek filtrowania tre\u015bci.<\/h4>\n<p>Badanie przeprowadzone zosta\u0142o przez ARC Rynek i Opinia w zwi\u0105zku ze zbli\u017caj\u0105cym si\u0119 g\u0142osowaniem w Parlamencie Europejskim nad Dyrektyw\u0105 w sprawie praw autorskich na jednolitym rynku cyfrowym. Projektowane prawo wzbudza wiele kontrowersji, g\u0142\u00f3wnie ze wzgl\u0119du na dwa artyku\u0142y \u2013 11, kt\u00f3ry wprowadza tzw. podatek od link\u00f3w oraz art. 13, kt\u00f3ry nakazuje obowi\u0105zek filtrowania tre\u015bci pod wzgl\u0119dem praw autorskich&#8230;<\/p>\n<a href=\"http:\/\/di.com.pl\/polacy-przeciwni-acta-2-czego-sie-obawiaja-62363?utm_source=feedburner&amp;utm_medium=feed&amp;utm_campaign=Feed%3A+glowny-di+%280+-+DI+kanal+glowny+%28go%C5%82y%29%29\" target=\"_blank\" class=\"shortc-button medium red \">Wi\u0119cej dowiesz si\u0119 u \u017ar\u00f3d\u0142a &gt;<\/a>\n<p><center><!-- Pula: Marketing2 \/\/--><br \/>\n<script type=\"text\/javascript\">\n    document.write(unescape('%3Cscript type=\"text\/javascript\" src=\"' + document.location.protocol + \n    '\/\/ec.bankier.pl\/show2\/MzIxMjEsMjUzMjIsNDE4NzY\/' + Math.random() + '\/'+ '\"%3E%3C\/script%3E'));\n<\/script><\/center><\/p>\n<h2 class=\"title\"><strong>ACTA 2: bia\u0142e pierwsze strony w gazetach<\/strong><\/h2>\n<h4>G\u0142osowanie nad dyrektyw\u0105 UE dotycz\u0105c\u0105 zmian w prawie autorskim ju\u017c jutro. B\u0119dziemy si\u0119 oczywi\u015bcie wnikliwie przygl\u0105dali samemu g\u0142osowaniu, ale dzi\u015b zwracamy uwag\u0119 na akcj\u0119 prowadzon\u0105 przez najwi\u0119ksze polskie dzienniki.<\/h4>\n<p>O planowanych zmianach w prawie autorskim forsowanym przez cz\u0119\u015b\u0107 europejskich polityk\u00f3w pisali\u015bmy ju\u017c wielokrotnie,\u00a0tak\u017ce w kontek\u015bcie \u201einspirowania\u201d tych\u017ce zmian przez najbardziej zainteresowan\u0105 stron\u0119 \u2013 du\u017ce koncerny medialne&#8230;<\/p>\n<a href=\"https:\/\/www.chip.pl\/2019\/03\/biale-pierwsze-strony-w-gazetach\/\" target=\"_blank\" class=\"shortc-button medium red \">Wi\u0119cej dowiesz si\u0119 u \u017ar\u00f3d\u0142a &gt;<\/a>\n<h2 class=\"title-post-head newsTitle\"><strong>Dyrektywa Parlamentu Europejskiego o prawach autorskich \u2013 o co chodzi? Sprawdzili\u015bmy czy tzw. ACTA 2 to cenzura internetu<\/strong><\/h2>\n<h4>Od wczoraj w mediach grzmi. Wcze\u015bniej w kilku miastach Europy zorganizowano protesty. W Polsce dogorywaj\u0105ce dzienniki drukowane ukaza\u0142y si\u0119 z prawie pustymi pierwszymi stronami i apelem, \u017ceby europos\u0142owie przyj\u0119li now\u0105 dyrektyw\u0119. Parlament Europejski j\u0105 przeg\u0142osowa\u0142. O co w niej chodzi? Czy to faktycznie cenzura internetu? &#8211; To si\u0119 dopiero oka\u017ce \u2013 pisze Tomasz Bonek, redaktor naczelny Interaktywnie.com.<\/h4>\n<p>Instytucje Unijne od lat uderzaj\u0105 r\u00f3\u017cnymi sposobami w Google (tak\u017ce YouTube) oraz Facebooka, czyli firmy, kt\u00f3re rz\u0105dz\u0105 globalnym internetem. W Niemczech i Hiszpanii wprowadzono ju\u017c nawet stosowne regulacje, reguluj\u0105ce kwestie praw autorskich w sieci&#8230;<\/p>\n<a href=\"https:\/\/interaktywnie.com\/biznes\/newsy\/prawo\/dyrektywa-parlamentu-europejskiego-o-prawach-autorskich-o-co-chodzi-sprawdzilismy-czy-tzw-acta-2-to-cenzura-internetu-258701?utm_source=feedburner&amp;utm_medium=feed&amp;utm_campaign=Feed%3A+Interaktywnie+%28Interaktywnie.com%29\" target=\"_blank\" class=\"shortc-button medium red \">Wi\u0119cej dowiesz si\u0119 u \u017ar\u00f3d\u0142a &gt;<\/a>\n<h2><strong>Najwa\u017cniejsze zmiany, kt\u00f3re rz\u0105d szykuje dla przedsi\u0119biorc\u00f3w<\/strong><\/h2>\n<h4>Ubieg\u0142y rok obfitowa\u0142 w liczne zmiany, kt\u00f3re dotyka\u0142y bezpo\u015brednio lub po\u015brednio przedsi\u0119biorc\u00f3w. O nich informowali\u015bmy ju\u017c w artykule \u201eZmiany, zmiany, zmiany\u2026 Przedsi\u0119biorcy nie mieli \u0142atwo w 2018 roku\u201d. Jednak obecny rok r\u00f3wnie\u017c zapowiada si\u0119 do\u015b\u0107 intensywnie.<\/h4>\n<p>Na samym pocz\u0105tku warto wymieni\u0107 tzw. \u201ePakiet przyjazne prawo\u201d. Jest to zupe\u0142nie nowy pomys\u0142 Ministerstwa Przedsi\u0119biorczo\u015bci i Technologii. Pakiet wprowadza ok. 70 zmian, kt\u00f3re maj\u0105 wp\u0142yw na dzia\u0142alno\u015b\u0107 mikro, ma\u0142ych i \u015brednich przedsi\u0119biorc\u00f3w. Zmiany maj\u0105 wej\u015b\u0107 w \u017cycie ju\u017c od nowego roku podatkowego&#8230;<\/p>\n<a href=\"https:\/\/mambiznes.pl\/wlasny-biznes\/najwazniejsze-zmiany-ktore-rzad-szykuje-dla-przedsiebiorcow-91210\" target=\"_blank\" class=\"shortc-button medium red \">Wi\u0119cej dowiesz si\u0119 u \u017ar\u00f3d\u0142a &gt;<\/a>\n<p><center><!-- Pula: Marketing \/\/--><br \/>\n<script type=\"text\/javascript\">\n    document.write(unescape('%3Cscript type=\"text\/javascript\" src=\"' + document.location.protocol + \n    '\/\/ec.bankier.pl\/show2\/MzIxMjAsMjUzMjIsNDE4NzY\/' + Math.random() + '\/'+ '\"%3E%3C\/script%3E'));\n<\/script><\/center><\/p>\n<h2><strong>Op\u00f3\u017anienia p\u0142atno\u015bci najwi\u0119kszym wyzwaniem dla polskich przedsi\u0119biorc\u00f3w<\/strong><\/h2>\n<h4>Kolejny rok z rz\u0119du ro\u015bnie liczba upad\u0142o\u015bci w\u015br\u00f3d polskich przedsi\u0119biorstw. Od zesz\u0142ego roku utrzymuje si\u0119 ona na poziomie kilkunastu procent wszystkich funkcjonuj\u0105cych firm. G\u0142\u00f3wnym problemem, z kt\u00f3rym mierz\u0105 si\u0119 polscy przedsi\u0119biorcy, s\u0105 op\u00f3\u017anienia w p\u0142atno\u015bciach za wykonane us\u0142ugi b\u0105d\u017a sprzedane produkty. Czas op\u0142acenia faktury jest jednym z czynnik\u00f3w wp\u0142ywaj\u0105cych na tak zwan\u0105 jako\u015b\u0107 p\u0142atno\u015bci. Im ta jako\u015b\u0107 ni\u017csza, tym wi\u0119kszego kapita\u0142u obrotowego potrzebuje firma, by utrzyma\u0107 si\u0119 na rynku. Je\u015bli przedsi\u0119biorstwo nie posiada odpowiednio wysokich sta\u0142ych \u015brodk\u00f3w do funkcjonowania, a nie otrzymuje p\u0142atno\u015bci na czas, ryzyko upad\u0142o\u015bci jest bardzo du\u017ce.<\/h4>\n<p>Wed\u0142ug danych zebranych przez Coface, firm\u0119 zajmuj\u0105c\u0105 si\u0119 ubezpieczeniami nale\u017cno\u015bci i wspieraniem przedsi\u0119biorc\u00f3w w zakresie otrzymywania p\u0142atno\u015bci, \u015bredni czas oczekiwania na p\u0142atno\u015b\u0107 na polskim rynku wynosi trzy i p\u00f3\u0142 miesi\u0105ca. To 60 dni wi\u0119cej, ni\u017c termin p\u0142atno\u015bci okre\u015blony w umowach \u2013 powiedzia\u0142 serwisowi eNewsroom Jarek Jaworski, prezes Coface \u2013 To bardzo d\u0142ugi okres&#8230;<\/p>\n<a href=\"https:\/\/mambiznes.pl\/wlasny-biznes\/opoznienia-platnosci-najwiekszym-wyzwaniem-dla-polskich-przedsiebiorcow-91020\" target=\"_blank\" class=\"shortc-button medium red \">Wi\u0119cej dowiesz si\u0119 u \u017ar\u00f3d\u0142a &gt;<\/a>\n<h2 class=\"title\"><strong>E-dowody zaliczaj\u0105 falstart<\/strong><\/h2>\n<h4>Od 2 tygodni mo\u017cna sk\u0142ada\u0107\u00a0wnioski na nowy dow\u00f3d osobisty\u00a0z wbudowanym chipem, kt\u00f3ry ma u\u0142atwi\u0107 instytucjom i urz\u0119dom potwierdzanie to\u017csamo\u015bci. Podczas jednej z rutynowych kontroli wykryto, \u017ce nie wszystkie certyfikaty dotycz\u0105ce podpisu elektronicznego wgra\u0142y si\u0119 poprawnie.<\/h4>\n<p>Problem zauwa\u017cono w 702 dokumentach, kt\u00f3re zosta\u0142y ju\u017c wys\u0142ane do gmin. Kilka os\u00f3b zdo\u0142a\u0142o ju\u017c nawet odebra\u0107 wadliwe e-dowody. Wed\u0142ug ustale\u0144 RMF24.pl problem dotyczy\u0142 wniosk\u00f3w sk\u0142adanych online&#8230;<\/p>\n<a href=\"https:\/\/www.chip.pl\/2019\/03\/e-dowody-zaliczaja-falstart\/\" target=\"_blank\" class=\"shortc-button medium red \">Wi\u0119cej dowiesz si\u0119 u \u017ar\u00f3d\u0142a &gt;<\/a>\n<h2><strong>Zakaz handlu w niedziel\u0119 znacz\u0105co zwi\u0119kszy\u0142 sprzeda\u017c w sklepach internetowych<\/strong><\/h2>\n<h4>Mija rok odk\u0105d zakaz handlu wszed\u0142 w \u017cycie. Wiele bran\u017c, a przede wszystkim e-handel liczy\u0142, \u017ce dzi\u0119ki temu przychody ca\u0142ej bran\u017cy wzrosn\u0105. Po roku wiemy, \u017ce te przypuszczenia by\u0142y trafne.<\/h4>\n<p>Dzie\u0144 1 marca 2018 roku by\u0142 prawdziw\u0105 rewolucj\u0105 w sektorze handlu. Bowiem tego dnia wesz\u0142a w \u017cycie ustawa ograniczaj\u0105ca handel w niedziel\u0119. Cz\u0119\u015b\u0107 bran\u017cy nie kry\u0142a obaw, za\u015b inna (przede wszystkim internetowa) widzia\u0142a w nowych regulacjach du\u017ce szanse. Dzi\u015b ju\u017c wiemy, \u017ce bran\u017ca internatowa odnios\u0142a ogromny sukces, a sprzeda\u017c wzros\u0142a o 122 proc. rdr.\u00a0 Co wi\u0119cej wzr\u00f3s\u0142 r\u00f3wnie\u017c wolumen sprzeda\u017cy w poniedzia\u0142ki. \u00a0W tym dniu ilo\u015b\u0107 transakcji stanowi\u0142a 18,4 % z ca\u0142ego tygodnia, a ich warto\u015b\u0107 17,7%, co daje prawie \u2155 tygodniowych e-wydatk\u00f3w&#8230;<\/p>\n<a href=\"https:\/\/mambiznes.pl\/wlasny-biznes\/zakaz-handlu-niedziele-znaczaco-zwiekszyl-sprzedaz-sklepach-internetowych-90611\" target=\"_blank\" class=\"shortc-button medium red \">Wi\u0119cej dowiesz si\u0119 u \u017ar\u00f3d\u0142a &gt;<\/a>\n<h2><strong>Nowy obowi\u0105zek pracodawc\u00f3w<\/strong><\/h2>\n<h4>Od 1 stycznia 2019 roku, obowi\u0105zuj\u0105 nowe zasady przechowywania dokumentacji pracowniczej. Dzi\u0119ki nim, okres przechowywania dokumentacji znacznie si\u0119 skr\u00f3ci. W zwi\u0105zku z tymi zmianami, powsta\u0142 nowy obowi\u0105zek \u2013 pracodawca wraz ze \u015bwiadectwem pracy, musi przekaza\u0107 pracownikowi dodatkowe informacje. Jednak nale\u017cy pami\u0119ta\u0107, \u017ce informacje do \u015bwiadectwa pracy nie wydaje si\u0119 ka\u017cdemu pracownikowi, z kt\u00f3rym zako\u0144czono wsp\u00f3\u0142prac\u0119.<\/h4>\n<h4><strong>Nowy okres przechowywania dokumentacji pracowniczej<\/strong><\/h4>\n<p>Okres przechowywania akt pracownik\u00f3w do ko\u0144ca 2018 roku, wynosi\u0142 50 lat. Warto wiedzie\u0107, \u017ce dokumentacja pracownicza to nie tylko teczki osobowe, ale r\u00f3wnie\u017c inne dokumenty, kt\u00f3rych czas przechowywania by\u0142 zr\u00f3\u017cnicowany. Od 1 stycznia 2019 roku, zacz\u0119\u0142y obowi\u0105zywa\u0107 przepisy, kt\u00f3re ujednolicaj\u0105 okres przechowywania dokumentacji pracowniczej&#8230;<\/p>\n<a href=\"http:\/\/di.com.pl\/nowy-obowiazek-pracodawcow-62407?utm_source=feedburner&amp;utm_medium=feed&amp;utm_campaign=Feed%3A+glowny-di+%280+-+DI+kanal+glowny+%28go%C5%82y%29%29\" target=\"_blank\" class=\"shortc-button medium red \">Wi\u0119cej dowiesz si\u0119 u \u017ar\u00f3d\u0142a &gt;<\/a>\n","protected":false},"excerpt":{"rendered":"<p>Pierwsza w Polsce kara pieni\u0119\u017cna za naruszenie RODO \u2013 prawie milion z\u0142otych Dok\u0142adna kwota to: 943 tys. z\u0142. Naruszenie\u00a0dotyczy braku obowi\u0105zku informacyjnego: Bardzo wiele os\u00f3b, kt\u00f3rych dane przetwarza\u0142a ukarana sp\u00f3\u0142ka, nie mia\u0142o o tym poj\u0119cia. Administrator ich o tym nie powiadomi\u0142. Tym samym odebra\u0142 im mo\u017cliwo\u015b\u0107 skorzystania z praw, jakie przys\u0142uguj\u0105 im na gruncie RODO, &hellip;<\/p>\n","protected":false},"author":1,"featured_media":1069991,"comment_status":"open","ping_status":"closed","sticky":false,"template":"","format":"standard","meta":{"footnotes":""},"categories":[1294],"tags":[5087,5776,1909,1528,5084,1438,2611,1542,2950],"class_list":["post-1069990","post","type-post","status-publish","format-standard","has-post-thumbnail","","category-prawo","tag-acta-2","tag-e-dowody","tag-gdpr","tag-kara","tag-pracodawca","tag-przedsiebiorca","tag-platnosci","tag-rodo","tag-zakaz-handlu-w-niedziele"],"yoast_head":"<!-- This site is optimized with the Yoast SEO plugin v27.5 - https:\/\/yoast.com\/product\/yoast-seo-wordpress\/ -->\n<title>Kara pieni\u0119\u017cna za naruszenie RODO, prawie milion z\u0142otych! Polacy przeciwni ACTA 2. Zmiany, kt\u00f3re rz\u0105d szykuje dla przedsi\u0119biorc\u00f3w. E-dowody, falstart &#187; Legiobiznes.pl<\/title>\n<meta name=\"description\" content=\"Kara pieni\u0119\u017cna za naruszenie RODO, prawie milion z\u0142otych! Polacy przeciwni ACTA 2. Zmiany, kt\u00f3re rz\u0105d szykuje dla przedsi\u0119biorc\u00f3w. E-dowody, falstart\" \/>\n<meta name=\"robots\" content=\"index, follow, max-snippet:-1, max-image-preview:large, max-video-preview:-1\" \/>\n<link rel=\"canonical\" href=\"https:\/\/legiobiznes.pl\/I\/kara-pieniezna-za-naruszenie-rodo-prawie-milion-zlotych-polacy-przeciwni-acta-2-zmiany-ktore-rzad-szykuje-dla-przedsiebiorcow-e-dowody-falstart\/\" \/>\n<meta property=\"og:locale\" content=\"pl_PL\" \/>\n<meta property=\"og:type\" content=\"article\" \/>\n<meta property=\"og:title\" content=\"Kara pieni\u0119\u017cna za naruszenie RODO, prawie milion z\u0142otych! Polacy przeciwni ACTA 2. Zmiany, kt\u00f3re rz\u0105d szykuje dla przedsi\u0119biorc\u00f3w. E-dowody, falstart &#187; Legiobiznes.pl\" \/>\n<meta property=\"og:description\" content=\"Kara pieni\u0119\u017cna za naruszenie RODO, prawie milion z\u0142otych! Polacy przeciwni ACTA 2. Zmiany, kt\u00f3re rz\u0105d szykuje dla przedsi\u0119biorc\u00f3w. E-dowody, falstart\" \/>\n<meta property=\"og:url\" content=\"https:\/\/legiobiznes.pl\/I\/kara-pieniezna-za-naruszenie-rodo-prawie-milion-zlotych-polacy-przeciwni-acta-2-zmiany-ktore-rzad-szykuje-dla-przedsiebiorcow-e-dowody-falstart\/\" \/>\n<meta property=\"og:site_name\" content=\"Legiobiznes.pl\" \/>\n<meta property=\"article:publisher\" content=\"https:\/\/www.facebook.com\/LegioBiznes\/\" \/>\n<meta property=\"article:published_time\" content=\"2019-03-27T15:06:13+00:00\" \/>\n<meta property=\"article:modified_time\" content=\"2024-10-08T05:16:50+00:00\" \/>\n<meta property=\"og:image\" content=\"https:\/\/legiobiznes.pl\/I\/wp-content\/uploads\/2019\/03\/Kara-pieni\u0119\u017cna-za-naruszenie-RODO-prawie-milion-z\u0142otych-Polacy-przeciwni-ACTA-2.-Zmiany-kt\u00f3re-rz\u0105d-szykuje-dla-przedsi\u0119biorc\u00f3w.-E-dowody-falstart.jpg\" \/>\n\t<meta property=\"og:image:width\" content=\"960\" \/>\n\t<meta property=\"og:image:height\" content=\"510\" \/>\n\t<meta property=\"og:image:type\" content=\"image\/jpeg\" \/>\n<meta name=\"author\" content=\"Legiobiznes.pl\" \/>\n<meta name=\"twitter:card\" content=\"summary_large_image\" \/>\n<meta name=\"twitter:creator\" content=\"@LegioBiznesPL\" \/>\n<meta name=\"twitter:site\" content=\"@LegioBiznesPL\" \/>\n<meta name=\"twitter:label1\" content=\"Napisane przez\" \/>\n\t<meta name=\"twitter:data1\" content=\"Legiobiznes.pl\" \/>\n\t<meta name=\"twitter:label2\" content=\"Szacowany czas czytania\" \/>\n\t<meta name=\"twitter:data2\" content=\"9 minut\" \/>\n<script type=\"application\/ld+json\" class=\"yoast-schema-graph\">{\"@context\":\"https:\\\/\\\/schema.org\",\"@graph\":[{\"@type\":\"Article\",\"@id\":\"https:\\\/\\\/legiobiznes.pl\\\/I\\\/kara-pieniezna-za-naruszenie-rodo-prawie-milion-zlotych-polacy-przeciwni-acta-2-zmiany-ktore-rzad-szykuje-dla-przedsiebiorcow-e-dowody-falstart\\\/#article\",\"isPartOf\":{\"@id\":\"https:\\\/\\\/legiobiznes.pl\\\/I\\\/kara-pieniezna-za-naruszenie-rodo-prawie-milion-zlotych-polacy-przeciwni-acta-2-zmiany-ktore-rzad-szykuje-dla-przedsiebiorcow-e-dowody-falstart\\\/\"},\"author\":{\"name\":\"Legiobiznes.pl\",\"@id\":\"https:\\\/\\\/legiobiznes.pl\\\/I\\\/#\\\/schema\\\/person\\\/33c4505a5d28a7c944baf038996052d4\"},\"headline\":\"Kara pieni\u0119\u017cna za naruszenie RODO, prawie milion z\u0142otych! Polacy przeciwni ACTA 2. Zmiany, kt\u00f3re rz\u0105d szykuje dla przedsi\u0119biorc\u00f3w. E-dowody, falstart\",\"datePublished\":\"2019-03-27T15:06:13+00:00\",\"dateModified\":\"2024-10-08T05:16:50+00:00\",\"mainEntityOfPage\":{\"@id\":\"https:\\\/\\\/legiobiznes.pl\\\/I\\\/kara-pieniezna-za-naruszenie-rodo-prawie-milion-zlotych-polacy-przeciwni-acta-2-zmiany-ktore-rzad-szykuje-dla-przedsiebiorcow-e-dowody-falstart\\\/\"},\"wordCount\":1810,\"commentCount\":0,\"publisher\":{\"@id\":\"https:\\\/\\\/legiobiznes.pl\\\/I\\\/#organization\"},\"image\":{\"@id\":\"https:\\\/\\\/legiobiznes.pl\\\/I\\\/kara-pieniezna-za-naruszenie-rodo-prawie-milion-zlotych-polacy-przeciwni-acta-2-zmiany-ktore-rzad-szykuje-dla-przedsiebiorcow-e-dowody-falstart\\\/#primaryimage\"},\"thumbnailUrl\":\"https:\\\/\\\/legiobiznes.pl\\\/I\\\/wp-content\\\/uploads\\\/2019\\\/03\\\/Kara-pieni\u0119\u017cna-za-naruszenie-RODO-prawie-milion-z\u0142otych-Polacy-przeciwni-ACTA-2.-Zmiany-kt\u00f3re-rz\u0105d-szykuje-dla-przedsi\u0119biorc\u00f3w.-E-dowody-falstart.jpg\",\"keywords\":[\"ACTA 2\",\"E-dowody\",\"GDPR\",\"kara\",\"pracodawca\",\"przedsi\u0119biorca\",\"p\u0142atno\u015bci\",\"RODO\",\"zakaz handlu w niedziel\u0119\"],\"articleSection\":[\"Prawo\"],\"inLanguage\":\"pl-PL\",\"potentialAction\":[{\"@type\":\"CommentAction\",\"name\":\"Comment\",\"target\":[\"https:\\\/\\\/legiobiznes.pl\\\/I\\\/kara-pieniezna-za-naruszenie-rodo-prawie-milion-zlotych-polacy-przeciwni-acta-2-zmiany-ktore-rzad-szykuje-dla-przedsiebiorcow-e-dowody-falstart\\\/#respond\"]}]},{\"@type\":\"WebPage\",\"@id\":\"https:\\\/\\\/legiobiznes.pl\\\/I\\\/kara-pieniezna-za-naruszenie-rodo-prawie-milion-zlotych-polacy-przeciwni-acta-2-zmiany-ktore-rzad-szykuje-dla-przedsiebiorcow-e-dowody-falstart\\\/\",\"url\":\"https:\\\/\\\/legiobiznes.pl\\\/I\\\/kara-pieniezna-za-naruszenie-rodo-prawie-milion-zlotych-polacy-przeciwni-acta-2-zmiany-ktore-rzad-szykuje-dla-przedsiebiorcow-e-dowody-falstart\\\/\",\"name\":\"Kara pieni\u0119\u017cna za naruszenie RODO, prawie milion z\u0142otych! Polacy przeciwni ACTA 2. Zmiany, kt\u00f3re rz\u0105d szykuje dla przedsi\u0119biorc\u00f3w. E-dowody, falstart &#187; Legiobiznes.pl\",\"isPartOf\":{\"@id\":\"https:\\\/\\\/legiobiznes.pl\\\/I\\\/#website\"},\"primaryImageOfPage\":{\"@id\":\"https:\\\/\\\/legiobiznes.pl\\\/I\\\/kara-pieniezna-za-naruszenie-rodo-prawie-milion-zlotych-polacy-przeciwni-acta-2-zmiany-ktore-rzad-szykuje-dla-przedsiebiorcow-e-dowody-falstart\\\/#primaryimage\"},\"image\":{\"@id\":\"https:\\\/\\\/legiobiznes.pl\\\/I\\\/kara-pieniezna-za-naruszenie-rodo-prawie-milion-zlotych-polacy-przeciwni-acta-2-zmiany-ktore-rzad-szykuje-dla-przedsiebiorcow-e-dowody-falstart\\\/#primaryimage\"},\"thumbnailUrl\":\"https:\\\/\\\/legiobiznes.pl\\\/I\\\/wp-content\\\/uploads\\\/2019\\\/03\\\/Kara-pieni\u0119\u017cna-za-naruszenie-RODO-prawie-milion-z\u0142otych-Polacy-przeciwni-ACTA-2.-Zmiany-kt\u00f3re-rz\u0105d-szykuje-dla-przedsi\u0119biorc\u00f3w.-E-dowody-falstart.jpg\",\"datePublished\":\"2019-03-27T15:06:13+00:00\",\"dateModified\":\"2024-10-08T05:16:50+00:00\",\"description\":\"Kara pieni\u0119\u017cna za naruszenie RODO, prawie milion z\u0142otych! Polacy przeciwni ACTA 2. Zmiany, kt\u00f3re rz\u0105d szykuje dla przedsi\u0119biorc\u00f3w. E-dowody, falstart\",\"breadcrumb\":{\"@id\":\"https:\\\/\\\/legiobiznes.pl\\\/I\\\/kara-pieniezna-za-naruszenie-rodo-prawie-milion-zlotych-polacy-przeciwni-acta-2-zmiany-ktore-rzad-szykuje-dla-przedsiebiorcow-e-dowody-falstart\\\/#breadcrumb\"},\"inLanguage\":\"pl-PL\",\"potentialAction\":[{\"@type\":\"ReadAction\",\"target\":[\"https:\\\/\\\/legiobiznes.pl\\\/I\\\/kara-pieniezna-za-naruszenie-rodo-prawie-milion-zlotych-polacy-przeciwni-acta-2-zmiany-ktore-rzad-szykuje-dla-przedsiebiorcow-e-dowody-falstart\\\/\"]}]},{\"@type\":\"ImageObject\",\"inLanguage\":\"pl-PL\",\"@id\":\"https:\\\/\\\/legiobiznes.pl\\\/I\\\/kara-pieniezna-za-naruszenie-rodo-prawie-milion-zlotych-polacy-przeciwni-acta-2-zmiany-ktore-rzad-szykuje-dla-przedsiebiorcow-e-dowody-falstart\\\/#primaryimage\",\"url\":\"https:\\\/\\\/legiobiznes.pl\\\/I\\\/wp-content\\\/uploads\\\/2019\\\/03\\\/Kara-pieni\u0119\u017cna-za-naruszenie-RODO-prawie-milion-z\u0142otych-Polacy-przeciwni-ACTA-2.-Zmiany-kt\u00f3re-rz\u0105d-szykuje-dla-przedsi\u0119biorc\u00f3w.-E-dowody-falstart.jpg\",\"contentUrl\":\"https:\\\/\\\/legiobiznes.pl\\\/I\\\/wp-content\\\/uploads\\\/2019\\\/03\\\/Kara-pieni\u0119\u017cna-za-naruszenie-RODO-prawie-milion-z\u0142otych-Polacy-przeciwni-ACTA-2.-Zmiany-kt\u00f3re-rz\u0105d-szykuje-dla-przedsi\u0119biorc\u00f3w.-E-dowody-falstart.jpg\",\"width\":960,\"height\":510,\"caption\":\"Kara pieni\u0119\u017cna za naruszenie RODO, prawie milion z\u0142otych! Polacy przeciwni ACTA 2. Zmiany, kt\u00f3re rz\u0105d szykuje dla przedsi\u0119biorc\u00f3w. E-dowody, falstart\"},{\"@type\":\"BreadcrumbList\",\"@id\":\"https:\\\/\\\/legiobiznes.pl\\\/I\\\/kara-pieniezna-za-naruszenie-rodo-prawie-milion-zlotych-polacy-przeciwni-acta-2-zmiany-ktore-rzad-szykuje-dla-przedsiebiorcow-e-dowody-falstart\\\/#breadcrumb\",\"itemListElement\":[{\"@type\":\"ListItem\",\"position\":1,\"name\":\"Strona g\u0142\u00f3wna\",\"item\":\"https:\\\/\\\/legiobiznes.pl\\\/I\\\/\"},{\"@type\":\"ListItem\",\"position\":2,\"name\":\"Kara pieni\u0119\u017cna za naruszenie RODO, prawie milion z\u0142otych! Polacy przeciwni ACTA 2. Zmiany, kt\u00f3re rz\u0105d szykuje dla przedsi\u0119biorc\u00f3w. E-dowody, falstart\"}]},{\"@type\":\"WebSite\",\"@id\":\"https:\\\/\\\/legiobiznes.pl\\\/I\\\/#website\",\"url\":\"https:\\\/\\\/legiobiznes.pl\\\/I\\\/\",\"name\":\"Legiobiznes.pl\",\"description\":\"Kryptowaluty, Bezpiecze\u0144stwo IT, E-biznes | LegioBiznes.PL\",\"publisher\":{\"@id\":\"https:\\\/\\\/legiobiznes.pl\\\/I\\\/#organization\"},\"potentialAction\":[{\"@type\":\"SearchAction\",\"target\":{\"@type\":\"EntryPoint\",\"urlTemplate\":\"https:\\\/\\\/legiobiznes.pl\\\/I\\\/?s={search_term_string}\"},\"query-input\":{\"@type\":\"PropertyValueSpecification\",\"valueRequired\":true,\"valueName\":\"search_term_string\"}}],\"inLanguage\":\"pl-PL\"},{\"@type\":\"Organization\",\"@id\":\"https:\\\/\\\/legiobiznes.pl\\\/I\\\/#organization\",\"name\":\"LegioBiznes.PL\",\"url\":\"https:\\\/\\\/legiobiznes.pl\\\/I\\\/\",\"logo\":{\"@type\":\"ImageObject\",\"inLanguage\":\"pl-PL\",\"@id\":\"https:\\\/\\\/legiobiznes.pl\\\/I\\\/#\\\/schema\\\/logo\\\/image\\\/\",\"url\":\"https:\\\/\\\/legiobiznes.pl\\\/I\\\/wp-content\\\/uploads\\\/2017\\\/08\\\/legiobiznespl-logo2-e1503834302371.png\",\"contentUrl\":\"https:\\\/\\\/legiobiznes.pl\\\/I\\\/wp-content\\\/uploads\\\/2017\\\/08\\\/legiobiznespl-logo2-e1503834302371.png\",\"width\":180,\"height\":76,\"caption\":\"LegioBiznes.PL\"},\"image\":{\"@id\":\"https:\\\/\\\/legiobiznes.pl\\\/I\\\/#\\\/schema\\\/logo\\\/image\\\/\"},\"sameAs\":[\"https:\\\/\\\/www.facebook.com\\\/LegioBiznes\\\/\",\"https:\\\/\\\/x.com\\\/LegioBiznesPL\",\"https:\\\/\\\/www.youtube.com\\\/channel\\\/UCEhszB39vxk96yIXD-jOORw\"]},{\"@type\":\"Person\",\"@id\":\"https:\\\/\\\/legiobiznes.pl\\\/I\\\/#\\\/schema\\\/person\\\/33c4505a5d28a7c944baf038996052d4\",\"name\":\"Legiobiznes.pl\",\"image\":{\"@type\":\"ImageObject\",\"inLanguage\":\"pl-PL\",\"@id\":\"https:\\\/\\\/legiobiznes.pl\\\/I\\\/wp-content\\\/uploads\\\/2019\\\/07\\\/favicon-Legiobiznes-150x150.png\",\"url\":\"https:\\\/\\\/legiobiznes.pl\\\/I\\\/wp-content\\\/uploads\\\/2019\\\/07\\\/favicon-Legiobiznes-150x150.png\",\"contentUrl\":\"https:\\\/\\\/legiobiznes.pl\\\/I\\\/wp-content\\\/uploads\\\/2019\\\/07\\\/favicon-Legiobiznes-150x150.png\",\"caption\":\"Legiobiznes.pl\"},\"description\":\"Budowa i tworzenie profesjonalnych, responsywnych (RWD) stron www. Pozycjonowanie SEO, sklepy internetowe eSklep...\",\"url\":\"https:\\\/\\\/legiobiznes.pl\\\/I\\\/author\\\/boss\\\/\"}]}<\/script>\n<!-- \/ Yoast SEO plugin. -->","yoast_head_json":{"title":"Kara pieni\u0119\u017cna za naruszenie RODO, prawie milion z\u0142otych! Polacy przeciwni ACTA 2. Zmiany, kt\u00f3re rz\u0105d szykuje dla przedsi\u0119biorc\u00f3w. E-dowody, falstart &#187; Legiobiznes.pl","description":"Kara pieni\u0119\u017cna za naruszenie RODO, prawie milion z\u0142otych! Polacy przeciwni ACTA 2. Zmiany, kt\u00f3re rz\u0105d szykuje dla przedsi\u0119biorc\u00f3w. E-dowody, falstart","robots":{"index":"index","follow":"follow","max-snippet":"max-snippet:-1","max-image-preview":"max-image-preview:large","max-video-preview":"max-video-preview:-1"},"canonical":"https:\/\/legiobiznes.pl\/I\/kara-pieniezna-za-naruszenie-rodo-prawie-milion-zlotych-polacy-przeciwni-acta-2-zmiany-ktore-rzad-szykuje-dla-przedsiebiorcow-e-dowody-falstart\/","og_locale":"pl_PL","og_type":"article","og_title":"Kara pieni\u0119\u017cna za naruszenie RODO, prawie milion z\u0142otych! Polacy przeciwni ACTA 2. Zmiany, kt\u00f3re rz\u0105d szykuje dla przedsi\u0119biorc\u00f3w. E-dowody, falstart &#187; Legiobiznes.pl","og_description":"Kara pieni\u0119\u017cna za naruszenie RODO, prawie milion z\u0142otych! Polacy przeciwni ACTA 2. Zmiany, kt\u00f3re rz\u0105d szykuje dla przedsi\u0119biorc\u00f3w. E-dowody, falstart","og_url":"https:\/\/legiobiznes.pl\/I\/kara-pieniezna-za-naruszenie-rodo-prawie-milion-zlotych-polacy-przeciwni-acta-2-zmiany-ktore-rzad-szykuje-dla-przedsiebiorcow-e-dowody-falstart\/","og_site_name":"Legiobiznes.pl","article_publisher":"https:\/\/www.facebook.com\/LegioBiznes\/","article_published_time":"2019-03-27T15:06:13+00:00","article_modified_time":"2024-10-08T05:16:50+00:00","og_image":[{"width":960,"height":510,"url":"https:\/\/legiobiznes.pl\/I\/wp-content\/uploads\/2019\/03\/Kara-pieni\u0119\u017cna-za-naruszenie-RODO-prawie-milion-z\u0142otych-Polacy-przeciwni-ACTA-2.-Zmiany-kt\u00f3re-rz\u0105d-szykuje-dla-przedsi\u0119biorc\u00f3w.-E-dowody-falstart.jpg","type":"image\/jpeg"}],"author":"Legiobiznes.pl","twitter_card":"summary_large_image","twitter_creator":"@LegioBiznesPL","twitter_site":"@LegioBiznesPL","twitter_misc":{"Napisane przez":"Legiobiznes.pl","Szacowany czas czytania":"9 minut"},"schema":{"@context":"https:\/\/schema.org","@graph":[{"@type":"Article","@id":"https:\/\/legiobiznes.pl\/I\/kara-pieniezna-za-naruszenie-rodo-prawie-milion-zlotych-polacy-przeciwni-acta-2-zmiany-ktore-rzad-szykuje-dla-przedsiebiorcow-e-dowody-falstart\/#article","isPartOf":{"@id":"https:\/\/legiobiznes.pl\/I\/kara-pieniezna-za-naruszenie-rodo-prawie-milion-zlotych-polacy-przeciwni-acta-2-zmiany-ktore-rzad-szykuje-dla-przedsiebiorcow-e-dowody-falstart\/"},"author":{"name":"Legiobiznes.pl","@id":"https:\/\/legiobiznes.pl\/I\/#\/schema\/person\/33c4505a5d28a7c944baf038996052d4"},"headline":"Kara pieni\u0119\u017cna za naruszenie RODO, prawie milion z\u0142otych! Polacy przeciwni ACTA 2. Zmiany, kt\u00f3re rz\u0105d szykuje dla przedsi\u0119biorc\u00f3w. E-dowody, falstart","datePublished":"2019-03-27T15:06:13+00:00","dateModified":"2024-10-08T05:16:50+00:00","mainEntityOfPage":{"@id":"https:\/\/legiobiznes.pl\/I\/kara-pieniezna-za-naruszenie-rodo-prawie-milion-zlotych-polacy-przeciwni-acta-2-zmiany-ktore-rzad-szykuje-dla-przedsiebiorcow-e-dowody-falstart\/"},"wordCount":1810,"commentCount":0,"publisher":{"@id":"https:\/\/legiobiznes.pl\/I\/#organization"},"image":{"@id":"https:\/\/legiobiznes.pl\/I\/kara-pieniezna-za-naruszenie-rodo-prawie-milion-zlotych-polacy-przeciwni-acta-2-zmiany-ktore-rzad-szykuje-dla-przedsiebiorcow-e-dowody-falstart\/#primaryimage"},"thumbnailUrl":"https:\/\/legiobiznes.pl\/I\/wp-content\/uploads\/2019\/03\/Kara-pieni\u0119\u017cna-za-naruszenie-RODO-prawie-milion-z\u0142otych-Polacy-przeciwni-ACTA-2.-Zmiany-kt\u00f3re-rz\u0105d-szykuje-dla-przedsi\u0119biorc\u00f3w.-E-dowody-falstart.jpg","keywords":["ACTA 2","E-dowody","GDPR","kara","pracodawca","przedsi\u0119biorca","p\u0142atno\u015bci","RODO","zakaz handlu w niedziel\u0119"],"articleSection":["Prawo"],"inLanguage":"pl-PL","potentialAction":[{"@type":"CommentAction","name":"Comment","target":["https:\/\/legiobiznes.pl\/I\/kara-pieniezna-za-naruszenie-rodo-prawie-milion-zlotych-polacy-przeciwni-acta-2-zmiany-ktore-rzad-szykuje-dla-przedsiebiorcow-e-dowody-falstart\/#respond"]}]},{"@type":"WebPage","@id":"https:\/\/legiobiznes.pl\/I\/kara-pieniezna-za-naruszenie-rodo-prawie-milion-zlotych-polacy-przeciwni-acta-2-zmiany-ktore-rzad-szykuje-dla-przedsiebiorcow-e-dowody-falstart\/","url":"https:\/\/legiobiznes.pl\/I\/kara-pieniezna-za-naruszenie-rodo-prawie-milion-zlotych-polacy-przeciwni-acta-2-zmiany-ktore-rzad-szykuje-dla-przedsiebiorcow-e-dowody-falstart\/","name":"Kara pieni\u0119\u017cna za naruszenie RODO, prawie milion z\u0142otych! Polacy przeciwni ACTA 2. Zmiany, kt\u00f3re rz\u0105d szykuje dla przedsi\u0119biorc\u00f3w. E-dowody, falstart &#187; Legiobiznes.pl","isPartOf":{"@id":"https:\/\/legiobiznes.pl\/I\/#website"},"primaryImageOfPage":{"@id":"https:\/\/legiobiznes.pl\/I\/kara-pieniezna-za-naruszenie-rodo-prawie-milion-zlotych-polacy-przeciwni-acta-2-zmiany-ktore-rzad-szykuje-dla-przedsiebiorcow-e-dowody-falstart\/#primaryimage"},"image":{"@id":"https:\/\/legiobiznes.pl\/I\/kara-pieniezna-za-naruszenie-rodo-prawie-milion-zlotych-polacy-przeciwni-acta-2-zmiany-ktore-rzad-szykuje-dla-przedsiebiorcow-e-dowody-falstart\/#primaryimage"},"thumbnailUrl":"https:\/\/legiobiznes.pl\/I\/wp-content\/uploads\/2019\/03\/Kara-pieni\u0119\u017cna-za-naruszenie-RODO-prawie-milion-z\u0142otych-Polacy-przeciwni-ACTA-2.-Zmiany-kt\u00f3re-rz\u0105d-szykuje-dla-przedsi\u0119biorc\u00f3w.-E-dowody-falstart.jpg","datePublished":"2019-03-27T15:06:13+00:00","dateModified":"2024-10-08T05:16:50+00:00","description":"Kara pieni\u0119\u017cna za naruszenie RODO, prawie milion z\u0142otych! Polacy przeciwni ACTA 2. Zmiany, kt\u00f3re rz\u0105d szykuje dla przedsi\u0119biorc\u00f3w. E-dowody, falstart","breadcrumb":{"@id":"https:\/\/legiobiznes.pl\/I\/kara-pieniezna-za-naruszenie-rodo-prawie-milion-zlotych-polacy-przeciwni-acta-2-zmiany-ktore-rzad-szykuje-dla-przedsiebiorcow-e-dowody-falstart\/#breadcrumb"},"inLanguage":"pl-PL","potentialAction":[{"@type":"ReadAction","target":["https:\/\/legiobiznes.pl\/I\/kara-pieniezna-za-naruszenie-rodo-prawie-milion-zlotych-polacy-przeciwni-acta-2-zmiany-ktore-rzad-szykuje-dla-przedsiebiorcow-e-dowody-falstart\/"]}]},{"@type":"ImageObject","inLanguage":"pl-PL","@id":"https:\/\/legiobiznes.pl\/I\/kara-pieniezna-za-naruszenie-rodo-prawie-milion-zlotych-polacy-przeciwni-acta-2-zmiany-ktore-rzad-szykuje-dla-przedsiebiorcow-e-dowody-falstart\/#primaryimage","url":"https:\/\/legiobiznes.pl\/I\/wp-content\/uploads\/2019\/03\/Kara-pieni\u0119\u017cna-za-naruszenie-RODO-prawie-milion-z\u0142otych-Polacy-przeciwni-ACTA-2.-Zmiany-kt\u00f3re-rz\u0105d-szykuje-dla-przedsi\u0119biorc\u00f3w.-E-dowody-falstart.jpg","contentUrl":"https:\/\/legiobiznes.pl\/I\/wp-content\/uploads\/2019\/03\/Kara-pieni\u0119\u017cna-za-naruszenie-RODO-prawie-milion-z\u0142otych-Polacy-przeciwni-ACTA-2.-Zmiany-kt\u00f3re-rz\u0105d-szykuje-dla-przedsi\u0119biorc\u00f3w.-E-dowody-falstart.jpg","width":960,"height":510,"caption":"Kara pieni\u0119\u017cna za naruszenie RODO, prawie milion z\u0142otych! Polacy przeciwni ACTA 2. Zmiany, kt\u00f3re rz\u0105d szykuje dla przedsi\u0119biorc\u00f3w. E-dowody, falstart"},{"@type":"BreadcrumbList","@id":"https:\/\/legiobiznes.pl\/I\/kara-pieniezna-za-naruszenie-rodo-prawie-milion-zlotych-polacy-przeciwni-acta-2-zmiany-ktore-rzad-szykuje-dla-przedsiebiorcow-e-dowody-falstart\/#breadcrumb","itemListElement":[{"@type":"ListItem","position":1,"name":"Strona g\u0142\u00f3wna","item":"https:\/\/legiobiznes.pl\/I\/"},{"@type":"ListItem","position":2,"name":"Kara pieni\u0119\u017cna za naruszenie RODO, prawie milion z\u0142otych! Polacy przeciwni ACTA 2. Zmiany, kt\u00f3re rz\u0105d szykuje dla przedsi\u0119biorc\u00f3w. E-dowody, falstart"}]},{"@type":"WebSite","@id":"https:\/\/legiobiznes.pl\/I\/#website","url":"https:\/\/legiobiznes.pl\/I\/","name":"Legiobiznes.pl","description":"Kryptowaluty, Bezpiecze\u0144stwo IT, E-biznes | LegioBiznes.PL","publisher":{"@id":"https:\/\/legiobiznes.pl\/I\/#organization"},"potentialAction":[{"@type":"SearchAction","target":{"@type":"EntryPoint","urlTemplate":"https:\/\/legiobiznes.pl\/I\/?s={search_term_string}"},"query-input":{"@type":"PropertyValueSpecification","valueRequired":true,"valueName":"search_term_string"}}],"inLanguage":"pl-PL"},{"@type":"Organization","@id":"https:\/\/legiobiznes.pl\/I\/#organization","name":"LegioBiznes.PL","url":"https:\/\/legiobiznes.pl\/I\/","logo":{"@type":"ImageObject","inLanguage":"pl-PL","@id":"https:\/\/legiobiznes.pl\/I\/#\/schema\/logo\/image\/","url":"https:\/\/legiobiznes.pl\/I\/wp-content\/uploads\/2017\/08\/legiobiznespl-logo2-e1503834302371.png","contentUrl":"https:\/\/legiobiznes.pl\/I\/wp-content\/uploads\/2017\/08\/legiobiznespl-logo2-e1503834302371.png","width":180,"height":76,"caption":"LegioBiznes.PL"},"image":{"@id":"https:\/\/legiobiznes.pl\/I\/#\/schema\/logo\/image\/"},"sameAs":["https:\/\/www.facebook.com\/LegioBiznes\/","https:\/\/x.com\/LegioBiznesPL","https:\/\/www.youtube.com\/channel\/UCEhszB39vxk96yIXD-jOORw"]},{"@type":"Person","@id":"https:\/\/legiobiznes.pl\/I\/#\/schema\/person\/33c4505a5d28a7c944baf038996052d4","name":"Legiobiznes.pl","image":{"@type":"ImageObject","inLanguage":"pl-PL","@id":"https:\/\/legiobiznes.pl\/I\/wp-content\/uploads\/2019\/07\/favicon-Legiobiznes-150x150.png","url":"https:\/\/legiobiznes.pl\/I\/wp-content\/uploads\/2019\/07\/favicon-Legiobiznes-150x150.png","contentUrl":"https:\/\/legiobiznes.pl\/I\/wp-content\/uploads\/2019\/07\/favicon-Legiobiznes-150x150.png","caption":"Legiobiznes.pl"},"description":"Budowa i tworzenie profesjonalnych, responsywnych (RWD) stron www. Pozycjonowanie SEO, sklepy internetowe eSklep...","url":"https:\/\/legiobiznes.pl\/I\/author\/boss\/"}]}},"_links":{"self":[{"href":"https:\/\/legiobiznes.pl\/I\/wp-json\/wp\/v2\/posts\/1069990","targetHints":{"allow":["GET"]}}],"collection":[{"href":"https:\/\/legiobiznes.pl\/I\/wp-json\/wp\/v2\/posts"}],"about":[{"href":"https:\/\/legiobiznes.pl\/I\/wp-json\/wp\/v2\/types\/post"}],"author":[{"embeddable":true,"href":"https:\/\/legiobiznes.pl\/I\/wp-json\/wp\/v2\/users\/1"}],"replies":[{"embeddable":true,"href":"https:\/\/legiobiznes.pl\/I\/wp-json\/wp\/v2\/comments?post=1069990"}],"version-history":[{"count":1,"href":"https:\/\/legiobiznes.pl\/I\/wp-json\/wp\/v2\/posts\/1069990\/revisions"}],"predecessor-version":[{"id":1653146,"href":"https:\/\/legiobiznes.pl\/I\/wp-json\/wp\/v2\/posts\/1069990\/revisions\/1653146"}],"wp:featuredmedia":[{"embeddable":true,"href":"https:\/\/legiobiznes.pl\/I\/wp-json\/wp\/v2\/media\/1069991"}],"wp:attachment":[{"href":"https:\/\/legiobiznes.pl\/I\/wp-json\/wp\/v2\/media?parent=1069990"}],"wp:term":[{"taxonomy":"category","embeddable":true,"href":"https:\/\/legiobiznes.pl\/I\/wp-json\/wp\/v2\/categories?post=1069990"},{"taxonomy":"post_tag","embeddable":true,"href":"https:\/\/legiobiznes.pl\/I\/wp-json\/wp\/v2\/tags?post=1069990"}],"curies":[{"name":"wp","href":"https:\/\/api.w.org\/{rel}","templated":true}]}}