{"id":1140985,"date":"2019-05-27T18:33:09","date_gmt":"2019-05-27T16:33:09","guid":{"rendered":"https:\/\/legiobiznes.pl\/I\/?p=1140985"},"modified":"2024-10-08T07:16:50","modified_gmt":"2024-10-08T05:16:50","slug":"koniec-wzrostu-wynagrodzen-ministerstwo-finansow-chce-sledzic-przedsiebiorcow-ochrona-danych-gdzie-sie-zaczyna-kolejna-kara-finansowa-rodo","status":"publish","type":"post","link":"https:\/\/legiobiznes.pl\/I\/koniec-wzrostu-wynagrodzen-ministerstwo-finansow-chce-sledzic-przedsiebiorcow-ochrona-danych-gdzie-sie-zaczyna-kolejna-kara-finansowa-rodo\/","title":{"rendered":"Koniec wzrostu wynagrodze\u0144! Ministerstwo Finans\u00f3w chce \u015bledzi\u0107 przedsi\u0119biorc\u00f3w. Ochrona danych, gdzie si\u0119 zaczyna? Kolejna kara finansowa, RODO"},"content":{"rendered":"<h2><strong>Koniec wzrostu wynagrodze\u0144?<\/strong><\/h2>\n<h4>Przeci\u0119tne wynagrodzenie w pierwszym kwartale 2019 r. wynios\u0142o 4950,94 z\u0142. By\u0142o wy\u017csze o 328,10 z\u0142 od tego z por\u00f3wnywalnego okresu minionego roku. Ju\u017c nie b\u0119dzie rosn\u0105\u0107 tak szybko.<\/h4>\n<p>W 2018 r. by\u0142y miesi\u0105ce, gdy wzrost wynagrodze\u0144 przekracza\u0142 7 proc. licz\u0105c rok do roku. Ca\u0142y rok przyni\u00f3s\u0142 wzrost o 7,2 proc&#8230;<\/p>\n<a href=\"https:\/\/mambiznes.pl\/wlasny-biznes\/koniec-wzrostu-wynagrodzen-92166\" target=\"_blank\" class=\"shortc-button medium red \">Wi\u0119cej dowiesz si\u0119 u \u017ar\u00f3d\u0142a &gt;<\/a>\n<h2><strong>Ministerstwo Finans\u00f3w chce \u015bledzi\u0107 ka\u017cdy krok przedsi\u0119biorc\u00f3w<\/strong><\/h2>\n<h4>Skuteczne uszczelnianie systemu podatkowego b\u0119dzie coraz bardziej uzale\u017cnione od informatyzacji i digitalizacji rozlicze\u0144 oraz kontakt\u00f3w z organami podatkowymi.<\/h4>\n<p>A oto bilans 15 lat unijnego VAT-u w Polsce wg opracowanej przez doradc\u00f3w podatkowych z CRIDO \u201eKroniki 15 lat unijnego VAT-u w Polsce\u201d: 552 wyroki TSUE w zakresie VAT, z czego 43 dotycz\u0105ce polskiego podatku od towar\u00f3w i us\u0142ug (ptu), 60 uchwa\u0142 NSA dotycz\u0105cych ptu, ponad 20 tysi\u0119cy wyrok\u00f3w NSA i ponad 41 tysi\u0119cy WSA dotycz\u0105cych ptu, ponad 160 tysi\u0119cy interpretacji indywidualnych wydanych przez Ministra Finans\u00f3w w sprawach ptu, 35 nowelizacje dyrektyw VAT-owskich i 60 ustawy o ptu&#8230;<\/p>\n<a href=\"https:\/\/mambiznes.pl\/wlasny-biznes\/ministerstwo-finansow-chce-sledzic-kazdy-krok-przedsiebiorcow-92233\" target=\"_blank\" class=\"shortc-button medium red \">Wi\u0119cej dowiesz si\u0119 u \u017ar\u00f3d\u0142a &gt;<\/a>\n<h2><strong>Gdzie zaczyna si\u0119 ochrona danych, a gdzie si\u0119 ko\u0144czy i czy jest mo\u017cliwa wsz\u0119dzie?<\/strong><\/h2>\n<h4>Dane to ogromna warto\u015b\u0107, kt\u00f3r\u0105 mo\u017cna wykorzysta\u0107 do zwi\u0119kszenia bezpiecze\u0144stwa m.in. w kopalniach miedzi. Dlatego trzeba je chroni\u0107. Podczas Europejskiego Kongresu Gospodarczego w Katowicach rozmawiano mi\u0119dzy innymi o nowoczesnych rozwi\u0105zaniach technologicznych, w tym automatyzacji proces\u00f3w i ochronie danych w r\u00f3\u017cnego typu przedsi\u0119biorstwach.<\/h4>\n<p>Zdaniem Ireneusza Jazownika, dyrektora naczelnego Centralnego O\u015brodka Przetwarzania Informacji KGHM Polska Mied\u017a S.A., dane to towar i konkretne dobro. Odzwierciedlaj\u0105 proces produkcyjny, proces technologiczny. W przypadku KGHM proces technologiczny nie polega tylko na wydobywaniu rudy miedzi&#8230;<\/p>\n<a href=\"http:\/\/di.com.pl\/gdzie-zaczyna-sie-ochrona-danych-a-gdzie-sie-konczy-i-czy-jest-mozliwa-wszedzie-62974?utm_source=feedburner&amp;utm_medium=feed&amp;utm_campaign=Feed%3A+glowny-di+%280+-+DI+kanal+glowny+%28go%C5%82y%29%29\" target=\"_blank\" class=\"shortc-button medium red \">Wi\u0119cej dowiesz si\u0119 u \u017ar\u00f3d\u0142a &gt;<\/a>\n<h2><strong>Kolejna kara finansowa w Polsce za naruszenie RODO<\/strong><\/h2>\n<h4><a href=\"https:\/\/uodo.gov.pl\/pl\/138\/990\" target=\"_blank\" rel=\"noopener noreferrer\">Tym razem<\/a>\u00a0mamy przypadek upublicznienia nadmiarowego zestawu danych osobowych:<\/h4>\n<blockquote><p>Jeden ze zwi\u0105zk\u00f3w sportowych upubliczni\u0142 w sieci dane osobowe s\u0119dzi\u00f3w, kt\u00f3rym przyznano licencje s\u0119dziowskie. Podano jednak nie tylko ich imiona i nazwiska, ale tak\u017ce dok\u0142adne adresy zamieszkania oraz numery PESEL&#8230;<\/p><\/blockquote>\n<a href=\"https:\/\/sekurak.pl\/kolejna-kara-finansowa-w-polsce-za-naruszenie-rodo\/\" target=\"_blank\" class=\"shortc-button medium red \">Wi\u0119cej dowiesz si\u0119 u \u017ar\u00f3d\u0142a &gt;<\/a>\n<h2 class=\"title\"><strong>U\u017cywasz starego oprogramowania? Adobe mo\u017ce ci\u0119 pozwa\u0107<\/strong><\/h2>\n<h4>Nie wszyscy zdaj\u0105 sobie spraw\u0119, \u017ce znaczna cz\u0119\u015b\u0107 oprogramowania, kt\u00f3rego u\u017cywamy na co dzie\u0144 nie jest nasz\u0105 w\u0142asno\u015bci\u0105. Jest jedynie us\u0142ug\u0105. Przypadek u\u017cytkownik\u00f3w oprogramowania Adobe jest dobrym przyk\u0142adem negatywnych skutk\u00f3w tego modelu.<\/h4>\n<p>Adobe ostrzega niekt\u00f3rych w\u0142a\u015bcicieli aplikacji Creative Cloud, \u017ce nie mog\u0105 ju\u017c u\u017cywa\u0107 starszych wersji oprogramowania. Pow\u00f3d? Po prostu tw\u00f3rcy softu zadecydowali, \u017ce tej us\u0142ugi (tj. dost\u0119pu do konkretnej wersji programu) nie zamierzaj\u0105 ju\u017c \u015bwiadczy\u0107. Firma w tym tygodniu zacz\u0119\u0142a wysy\u0142a\u0107 do niekt\u00f3rych u\u017cytkownik\u00f3w program\u00f3w Lightroom Classic, Photoshop, Premiere, Animate i Media Director maile ostrzegaj\u0105ce ich, \u017ce nie s\u0105 ju\u017c prawnie upowa\u017cnieni do korzystania z oprogramowania, kt\u00f3re mogli dot\u0105d uznawa\u0107 za w\u0142asno\u015b\u0107&#8230;<\/p>\n<a href=\"https:\/\/www.chip.pl\/2019\/05\/uzywasz-starego-oprogramowania-adobe-moze-cie-pozwac\/\" target=\"_blank\" class=\"shortc-button medium red \">Wi\u0119cej dowiesz si\u0119 u \u017ar\u00f3d\u0142a &gt;<\/a>\n<h2 class=\"entry-title\"><strong>Rocznica wprowadzenia RODO \u2013 5 dobrych praktyk RODO<\/strong><\/h2>\n<h4>Pami\u0119tacie jaki pi\u0119kny by\u0142 \u015bwiat przed wdro\u017ceniem RODO, czyli Rozporz\u0105dzenia o Ochronie Danych Osobowych? Ot\u00f3\u017c nie, pi\u0119kny to on nie by\u0142 na pewno. Wielu z nas da\u0142o si\u0119 ponie\u015b\u0107 fali paniki przed wdro\u017ceniem nowych zasad przetwarzania danych, wielu z kolei w og\u00f3le si\u0119 nimi nie przej\u0119\u0142o. W efekcie mamy ju\u017c nawet pierwsz\u0105 firm\u0119, kt\u00f3ra za niedope\u0142nienie obowi\u0105zku informacyjnego dotycz\u0105cego przetwarzania danych, wynikaj\u0105cego z RODO,\u00a0<a href=\"https:\/\/www.rp.pl\/Firma\/190329577-Pierwsza-kara-za-RODO--milion-zlotych.html\" target=\"_blank\" rel=\"noopener noreferrer\">ukarana zosta\u0142a kwot\u0105 prawie miliona z\u0142otych<\/a>.<\/h4>\n<p>Koniec ko\u0144c\u00f3w dzi\u0119ki RODO Internet sta\u0142 si\u0119 lepszy. Nieprzekonani? Przedstawiam 5 dobrych praktyk w komunikacji w Internecie z ostatniego roku, kt\u00f3re zawdzi\u0119czamy RODO&#8230;<\/p>\n<a href=\"https:\/\/blog.clearsense.pl\/blog\/rocznica-wprowadzenia-rodo-5-dobrych-praktyk-rodo\/\" target=\"_blank\" class=\"shortc-button medium red \">Wi\u0119cej dowiesz si\u0119 u \u017ar\u00f3d\u0142a &gt;<\/a>\n<p><center><!-- Pula: Marketing \/\/--><br \/>\n<script type=\"text\/javascript\">\n    document.write(unescape('%3Cscript type=\"text\/javascript\" src=\"' + document.location.protocol + \n    '\/\/ec.bankier.pl\/show2\/MzIxMjAsMjUzMjIsNDE4NzY\/' + Math.random() + '\/'+ '\"%3E%3C\/script%3E'));\n<\/script><\/center><\/p>\n<h2><strong>Przedsi\u0119biorcy mog\u0105 mie\u0107 problem przez RODO<\/strong><\/h2>\n<h4>Od 4 maja obowi\u0105zuje w polskim prawie tzw. ustawa wprowadzaj\u0105ca. Znowelizowa\u0142a ona m.in. Ustaw\u0119 o \u015bwiadczeniu us\u0142ug drog\u0105 elektroniczn\u0105 (U\u015aUDE). Niezmienione w niej pozosta\u0142y np. przepisy m\u00f3wi\u0105ce o konieczno\u015bci uzyskania przez us\u0142ugodawc\u0119 zgody od u\u017cytkownika w przypadku ch\u0119ci wykorzystywania jego danych, kt\u00f3re nie s\u0105 niezb\u0119dne do \u015bwiadczenia us\u0142ug. Problem w tym, \u017ce mo\u017ce to by\u0107 uznawane za niezgodne z RODO.<\/h4>\n<h4 class=\" questo-paywall\"><strong>Zgoda nie zawsze konieczna<\/strong><\/h4>\n<p class=\" questo-paywall\">Ju\u017c z dotychczasowych przepis\u00f3w U\u015aUDE wynika\u0142o, \u017ce us\u0142ugodawca, je\u015bli chce wykorzystywa\u0107 m.in. w dzia\u0142aniach reklamowych dane u\u017cytkownika, kt\u00f3re nie s\u0105 niezb\u0119dne do \u015bwiadczenia us\u0142ug drog\u0105 elektroniczn\u0105, potrzebuje na to jego zgody. Na przyk\u0142ad sklep internetowy ma wi\u0119c prawo korzysta\u0107 w celach reklamowych bez otrzymanej zgody z historii zam\u00f3wie\u0144 klienta \u2013 s\u0105 to bowiem dane, kt\u00f3re by\u0142y do \u015bwiadczenia us\u0142ug drog\u0105 elektroniczn\u0105 niezb\u0119dne&#8230;<\/p>\n<a href=\"https:\/\/mambiznes.pl\/wlasny-biznes\/przedsiebiorcy-moga-miec-problem-rodo-92285\" target=\"_blank\" class=\"shortc-button medium red \">Wi\u0119cej dowiesz si\u0119 u \u017ar\u00f3d\u0142a &gt;<\/a>\n<h2><strong>Powstanie nowe narz\u0119dzie kontroli przedsi\u0119biorc\u00f3w<\/strong><\/h2>\n<h4>Ju\u017c od 1 lipca funkcjonowa\u0107 b\u0119dzie nowe narz\u0119dzie, kt\u00f3rym fiskus b\u0119dzie m\u00f3g\u0142 skontrolowa\u0107 przedsi\u0119biorc\u00f3w. B\u0119dzie nim Centralny Rejestr Faktur, kt\u00f3ry ma pos\u0142u\u017cy\u0107 do walki z nadu\u017cyciami podatkowymi.<\/h4>\n<p>Przedsi\u0119biorcy coraz bardziej podlegaj\u0105 kontroli.\u00a0Jeszcze nie tak dawno temu g\u0142o\u015bno by\u0142o o tzw. te\u015bcie przedsi\u0119biorc\u00f3w, kt\u00f3ry mia\u0142by prze\u015bwietli\u0107 samozatrudnionych. Teraz polski aparat skarbowy dostanie nowe narz\u0119dzie do walki z nadu\u017cyciami podatkowymi. Mia\u0142oby nim by\u0107 w Polsce Centralny Rejestr Faktur&#8230;<\/p>\n<a href=\"https:\/\/mambiznes.pl\/wlasny-biznes\/powstanie-nowe-narzedzie-kontroli-przedsiebiorcow-92269\" target=\"_blank\" class=\"shortc-button medium red \">Wi\u0119cej dowiesz si\u0119 u \u017ar\u00f3d\u0142a &gt;<\/a>\n<p><center><!-- Pula: Marketing2 \/\/--><br \/>\n<script type=\"text\/javascript\">\n    document.write(unescape('%3Cscript type=\"text\/javascript\" src=\"' + document.location.protocol + \n    '\/\/ec.bankier.pl\/show2\/MzIxMjEsMjUzMjIsNDE4NzY\/' + Math.random() + '\/'+ '\"%3E%3C\/script%3E'));\n<\/script><\/center><\/p>\n<h2><strong>Przedsi\u0119biorcy przygnieceni przez sk\u0142adki na ZUS<\/strong><\/h2>\n<h4>Polscy przedsi\u0119biorcy, szczeg\u00f3lnie o niskich dochodach s\u0105 bardzo obci\u0105\u017ceni podatkami, jak i sk\u0142adkami \u2013 wynika z analiz Ministerstwa Finans\u00f3w. Resort przygotowa\u0142 raport\u00a0\u201eWybrane aspekty systemu podatkowo-sk\u0142adkowego na podstawie danych PIT i ZUS 2016\u201d.<\/h4>\n<p>W ci\u0105gu 10 lat sk\u0142adki na ZUS wzros\u0142y o 55 proc. Doprowadzi\u0142o to, jak pokaza\u0142 raport przygotowany przez resort finans\u00f3w, do bardzo du\u017cego obci\u0105\u017cenia przedsi\u0119biorc\u00f3w nie tylko sk\u0142adkami na ubezpieczenie spo\u0142eczne, ale r\u00f3wnie\u017c podatkami, w szczeg\u00f3lno\u015bci w grupie podmiot\u00f3w o niskich dochodach&#8230;<\/p>\n<a href=\"https:\/\/mambiznes.pl\/wlasny-biznes\/przedsiebiorcy-przygnieceni-skladki-zus-92390\" target=\"_blank\" class=\"shortc-button medium red \">Wi\u0119cej dowiesz si\u0119 u \u017ar\u00f3d\u0142a &gt;<\/a>\n<h2><strong>B\u0119dzie \u0142atwiej kupi\u0107 firm\u0119 w Polsce<\/strong><\/h2>\n<h4>Aktualnie trwaj\u0105 prace nad projektem tzw. ustawy deregulacyjnej, kt\u00f3ra obejmie obszern\u0105 nowelizacj\u0119 ustawy o zarz\u0105dzie sukcesyjnym przedsi\u0119biorstwem osoby fizycznej. Wa\u017cne zmiany zwi\u0105zane s\u0105 z kupowaniem firmy przez nowego w\u0142a\u015bciciela.<\/h4>\n<p>Do najwa\u017cniejszych zmian b\u0119dzie nale\u017ca\u0142o przeniesienia decyzji administracyjnych zwi\u0105zanych z przedsi\u0119biorstwem na nabywc\u0119 przedsi\u0119biorstwa, przy za\u0142o\u017ceniu, \u00a0\u017ce nabywc\u0105 jest przedsi\u0119biorca, w tym tak\u017ce osoba prawna lub jednostka organizacyjna nie posiadaj\u0105ca osobowo\u015bci prawnej, do kt\u00f3rej wniesiono przedsi\u0119biorstwo osoby fizycznej tytu\u0142em wk\u0142adu&#8230;<\/p>\n<a href=\"https:\/\/mambiznes.pl\/wlasny-biznes\/bedzie-latwiej-kupic-firme-polsce-92420\" target=\"_blank\" class=\"shortc-button medium red \">Wi\u0119cej dowiesz si\u0119 u \u017ar\u00f3d\u0142a &gt;<\/a>\n<h2><strong>Masz 50 lat? Mo\u017cesz dosta\u0107 bezzwrotn\u0105 dotacj\u0119 na w\u0142asny biznes<\/strong><\/h2>\n<h4>Nawet 48 tys. z\u0142 bezzwrotnej dotacji mog\u0105 otrzyma\u0107 osoby, kt\u00f3re uko\u0144czy\u0142y 50 rok \u017cycia na za\u0142o\u017cenie w\u0142asnego biznesu. Rusza nowy program dla mieszka\u0144c\u00f3w wojew\u00f3dztwa \u0142\u00f3dzkiego.<\/h4>\n<p>Podobno \u017cycie zaczyna si\u0119 po pi\u0119\u0107dziesi\u0105tce. Teraz na potwierdzenie tej hipotezy maj\u0105 szans\u0119 mieszka\u0144cy wojew\u00f3dztwa \u0142\u00f3dzkiego, kt\u00f3rzy zamieszkuj\u0105 obszary s\u0142abo zaludnione. W ramach projektu \u201eFirma 50+ edycja III\u201d mog\u0105 otrzyma\u0107 bezzwrotn\u0105 dotacj\u0119 na za\u0142o\u017cenie w\u0142asnej firmy w kwocie 48 tys. z\u0142. Wa\u017cne jest, aby osoba planuj\u0105ca skorzysta\u0107 z takiego dofinansowania posiada\u0142a status osoby bezrobotnej\/biernej zawodowo oraz musi prowadzi\u0107 tak\u0105 dzia\u0142alno\u015b\u0107 przez okres 12 miesi\u0119cy&#8230;<\/p>\n<a href=\"https:\/\/mambiznes.pl\/finansowanie\/50-mozesz-dostac-bezzwrotna-dotacje-wlasny-biznes-92397\" target=\"_blank\" class=\"shortc-button medium red \">Wi\u0119cej dowiesz si\u0119 u \u017ar\u00f3d\u0142a &gt;<\/a>\n","protected":false},"excerpt":{"rendered":"<p>Koniec wzrostu wynagrodze\u0144? Przeci\u0119tne wynagrodzenie w pierwszym kwartale 2019 r. wynios\u0142o 4950,94 z\u0142. By\u0142o wy\u017csze o 328,10 z\u0142 od tego z por\u00f3wnywalnego okresu minionego roku. Ju\u017c nie b\u0119dzie rosn\u0105\u0107 tak szybko. W 2018 r. by\u0142y miesi\u0105ce, gdy wzrost wynagrodze\u0144 przekracza\u0142 7 proc. licz\u0105c rok do roku. Ca\u0142y rok przyni\u00f3s\u0142 wzrost o 7,2 proc&#8230; Ministerstwo Finans\u00f3w &hellip;<\/p>\n","protected":false},"author":1,"featured_media":1141003,"comment_status":"open","ping_status":"closed","sticky":false,"template":"","format":"standard","meta":{"footnotes":""},"categories":[1294],"tags":[4156,1329,5598,1328,5947,2224,1438,1542,5946,2478],"class_list":["post-1140985","post","type-post","status-publish","format-standard","has-post-thumbnail","","category-prawo","tag-adobe","tag-biznes","tag-dotacja","tag-firma","tag-kara-finansowa","tag-ochrona-danych","tag-przedsiebiorca","tag-rodo","tag-wynagrodzenie","tag-zus"],"yoast_head":"<!-- This site is optimized with the Yoast SEO plugin v27.5 - https:\/\/yoast.com\/product\/yoast-seo-wordpress\/ -->\n<title>Koniec wzrostu wynagrodze\u0144! Ministerstwo Finans\u00f3w chce \u015bledzi\u0107 przedsi\u0119biorc\u00f3w. Ochrona danych, gdzie si\u0119 zaczyna? Kolejna kara finansowa, RODO &#187; Legiobiznes.pl<\/title>\n<meta name=\"description\" content=\"Koniec wzrostu wynagrodze\u0144! Ministerstwo Finans\u00f3w chce \u015bledzi\u0107 przedsi\u0119biorc\u00f3w. Ochrona danych, gdzie si\u0119 zaczyna? Kolejna kara finansowa, RODO\" \/>\n<meta name=\"robots\" content=\"index, follow, max-snippet:-1, max-image-preview:large, max-video-preview:-1\" \/>\n<link rel=\"canonical\" href=\"https:\/\/legiobiznes.pl\/I\/koniec-wzrostu-wynagrodzen-ministerstwo-finansow-chce-sledzic-przedsiebiorcow-ochrona-danych-gdzie-sie-zaczyna-kolejna-kara-finansowa-rodo\/\" \/>\n<meta property=\"og:locale\" content=\"pl_PL\" \/>\n<meta property=\"og:type\" content=\"article\" \/>\n<meta property=\"og:title\" content=\"Koniec wzrostu wynagrodze\u0144! Ministerstwo Finans\u00f3w chce \u015bledzi\u0107 przedsi\u0119biorc\u00f3w. Ochrona danych, gdzie si\u0119 zaczyna? Kolejna kara finansowa, RODO &#187; Legiobiznes.pl\" \/>\n<meta property=\"og:description\" content=\"Koniec wzrostu wynagrodze\u0144! Ministerstwo Finans\u00f3w chce \u015bledzi\u0107 przedsi\u0119biorc\u00f3w. Ochrona danych, gdzie si\u0119 zaczyna? Kolejna kara finansowa, RODO\" \/>\n<meta property=\"og:url\" content=\"https:\/\/legiobiznes.pl\/I\/koniec-wzrostu-wynagrodzen-ministerstwo-finansow-chce-sledzic-przedsiebiorcow-ochrona-danych-gdzie-sie-zaczyna-kolejna-kara-finansowa-rodo\/\" \/>\n<meta property=\"og:site_name\" content=\"Legiobiznes.pl\" \/>\n<meta property=\"article:publisher\" content=\"https:\/\/www.facebook.com\/LegioBiznes\/\" \/>\n<meta property=\"article:published_time\" content=\"2019-05-27T16:33:09+00:00\" \/>\n<meta property=\"article:modified_time\" content=\"2024-10-08T05:16:50+00:00\" \/>\n<meta property=\"og:image\" content=\"https:\/\/legiobiznes.pl\/I\/wp-content\/uploads\/2019\/05\/Koniec-wzrostu-wynagrodze\u0144-Ministerstwo-Finans\u00f3w-chce-\u015bledzi\u0107-przedsi\u0119biorc\u00f3w.-Ochrona-danych-gdzie-si\u0119-zaczyna-Kolejna-kara-finansowa-RODO.jpg\" \/>\n\t<meta property=\"og:image:width\" content=\"960\" \/>\n\t<meta property=\"og:image:height\" content=\"678\" \/>\n\t<meta property=\"og:image:type\" content=\"image\/jpeg\" \/>\n<meta name=\"author\" content=\"Legiobiznes.pl\" \/>\n<meta name=\"twitter:card\" content=\"summary_large_image\" \/>\n<meta name=\"twitter:creator\" content=\"@LegioBiznesPL\" \/>\n<meta name=\"twitter:site\" content=\"@LegioBiznesPL\" \/>\n<meta name=\"twitter:label1\" content=\"Napisane przez\" \/>\n\t<meta name=\"twitter:data1\" content=\"Legiobiznes.pl\" \/>\n\t<meta name=\"twitter:label2\" content=\"Szacowany czas czytania\" \/>\n\t<meta name=\"twitter:data2\" content=\"7 minut\" \/>\n<script type=\"application\/ld+json\" class=\"yoast-schema-graph\">{\"@context\":\"https:\\\/\\\/schema.org\",\"@graph\":[{\"@type\":\"Article\",\"@id\":\"https:\\\/\\\/legiobiznes.pl\\\/I\\\/koniec-wzrostu-wynagrodzen-ministerstwo-finansow-chce-sledzic-przedsiebiorcow-ochrona-danych-gdzie-sie-zaczyna-kolejna-kara-finansowa-rodo\\\/#article\",\"isPartOf\":{\"@id\":\"https:\\\/\\\/legiobiznes.pl\\\/I\\\/koniec-wzrostu-wynagrodzen-ministerstwo-finansow-chce-sledzic-przedsiebiorcow-ochrona-danych-gdzie-sie-zaczyna-kolejna-kara-finansowa-rodo\\\/\"},\"author\":{\"name\":\"Legiobiznes.pl\",\"@id\":\"https:\\\/\\\/legiobiznes.pl\\\/I\\\/#\\\/schema\\\/person\\\/33c4505a5d28a7c944baf038996052d4\"},\"headline\":\"Koniec wzrostu wynagrodze\u0144! Ministerstwo Finans\u00f3w chce \u015bledzi\u0107 przedsi\u0119biorc\u00f3w. Ochrona danych, gdzie si\u0119 zaczyna? Kolejna kara finansowa, RODO\",\"datePublished\":\"2019-05-27T16:33:09+00:00\",\"dateModified\":\"2024-10-08T05:16:50+00:00\",\"mainEntityOfPage\":{\"@id\":\"https:\\\/\\\/legiobiznes.pl\\\/I\\\/koniec-wzrostu-wynagrodzen-ministerstwo-finansow-chce-sledzic-przedsiebiorcow-ochrona-danych-gdzie-sie-zaczyna-kolejna-kara-finansowa-rodo\\\/\"},\"wordCount\":1479,\"commentCount\":0,\"publisher\":{\"@id\":\"https:\\\/\\\/legiobiznes.pl\\\/I\\\/#organization\"},\"image\":{\"@id\":\"https:\\\/\\\/legiobiznes.pl\\\/I\\\/koniec-wzrostu-wynagrodzen-ministerstwo-finansow-chce-sledzic-przedsiebiorcow-ochrona-danych-gdzie-sie-zaczyna-kolejna-kara-finansowa-rodo\\\/#primaryimage\"},\"thumbnailUrl\":\"https:\\\/\\\/legiobiznes.pl\\\/I\\\/wp-content\\\/uploads\\\/2019\\\/05\\\/Koniec-wzrostu-wynagrodze\u0144-Ministerstwo-Finans\u00f3w-chce-\u015bledzi\u0107-przedsi\u0119biorc\u00f3w.-Ochrona-danych-gdzie-si\u0119-zaczyna-Kolejna-kara-finansowa-RODO.jpg\",\"keywords\":[\"Adobe\",\"biznes\",\"dotacja\",\"firma\",\"kara finansowa\",\"ochrona danych\",\"przedsi\u0119biorca\",\"RODO\",\"wynagrodzenie\",\"ZUS\"],\"articleSection\":[\"Prawo\"],\"inLanguage\":\"pl-PL\",\"potentialAction\":[{\"@type\":\"CommentAction\",\"name\":\"Comment\",\"target\":[\"https:\\\/\\\/legiobiznes.pl\\\/I\\\/koniec-wzrostu-wynagrodzen-ministerstwo-finansow-chce-sledzic-przedsiebiorcow-ochrona-danych-gdzie-sie-zaczyna-kolejna-kara-finansowa-rodo\\\/#respond\"]}]},{\"@type\":\"WebPage\",\"@id\":\"https:\\\/\\\/legiobiznes.pl\\\/I\\\/koniec-wzrostu-wynagrodzen-ministerstwo-finansow-chce-sledzic-przedsiebiorcow-ochrona-danych-gdzie-sie-zaczyna-kolejna-kara-finansowa-rodo\\\/\",\"url\":\"https:\\\/\\\/legiobiznes.pl\\\/I\\\/koniec-wzrostu-wynagrodzen-ministerstwo-finansow-chce-sledzic-przedsiebiorcow-ochrona-danych-gdzie-sie-zaczyna-kolejna-kara-finansowa-rodo\\\/\",\"name\":\"Koniec wzrostu wynagrodze\u0144! Ministerstwo Finans\u00f3w chce \u015bledzi\u0107 przedsi\u0119biorc\u00f3w. Ochrona danych, gdzie si\u0119 zaczyna? Kolejna kara finansowa, RODO &#187; Legiobiznes.pl\",\"isPartOf\":{\"@id\":\"https:\\\/\\\/legiobiznes.pl\\\/I\\\/#website\"},\"primaryImageOfPage\":{\"@id\":\"https:\\\/\\\/legiobiznes.pl\\\/I\\\/koniec-wzrostu-wynagrodzen-ministerstwo-finansow-chce-sledzic-przedsiebiorcow-ochrona-danych-gdzie-sie-zaczyna-kolejna-kara-finansowa-rodo\\\/#primaryimage\"},\"image\":{\"@id\":\"https:\\\/\\\/legiobiznes.pl\\\/I\\\/koniec-wzrostu-wynagrodzen-ministerstwo-finansow-chce-sledzic-przedsiebiorcow-ochrona-danych-gdzie-sie-zaczyna-kolejna-kara-finansowa-rodo\\\/#primaryimage\"},\"thumbnailUrl\":\"https:\\\/\\\/legiobiznes.pl\\\/I\\\/wp-content\\\/uploads\\\/2019\\\/05\\\/Koniec-wzrostu-wynagrodze\u0144-Ministerstwo-Finans\u00f3w-chce-\u015bledzi\u0107-przedsi\u0119biorc\u00f3w.-Ochrona-danych-gdzie-si\u0119-zaczyna-Kolejna-kara-finansowa-RODO.jpg\",\"datePublished\":\"2019-05-27T16:33:09+00:00\",\"dateModified\":\"2024-10-08T05:16:50+00:00\",\"description\":\"Koniec wzrostu wynagrodze\u0144! Ministerstwo Finans\u00f3w chce \u015bledzi\u0107 przedsi\u0119biorc\u00f3w. Ochrona danych, gdzie si\u0119 zaczyna? Kolejna kara finansowa, RODO\",\"breadcrumb\":{\"@id\":\"https:\\\/\\\/legiobiznes.pl\\\/I\\\/koniec-wzrostu-wynagrodzen-ministerstwo-finansow-chce-sledzic-przedsiebiorcow-ochrona-danych-gdzie-sie-zaczyna-kolejna-kara-finansowa-rodo\\\/#breadcrumb\"},\"inLanguage\":\"pl-PL\",\"potentialAction\":[{\"@type\":\"ReadAction\",\"target\":[\"https:\\\/\\\/legiobiznes.pl\\\/I\\\/koniec-wzrostu-wynagrodzen-ministerstwo-finansow-chce-sledzic-przedsiebiorcow-ochrona-danych-gdzie-sie-zaczyna-kolejna-kara-finansowa-rodo\\\/\"]}]},{\"@type\":\"ImageObject\",\"inLanguage\":\"pl-PL\",\"@id\":\"https:\\\/\\\/legiobiznes.pl\\\/I\\\/koniec-wzrostu-wynagrodzen-ministerstwo-finansow-chce-sledzic-przedsiebiorcow-ochrona-danych-gdzie-sie-zaczyna-kolejna-kara-finansowa-rodo\\\/#primaryimage\",\"url\":\"https:\\\/\\\/legiobiznes.pl\\\/I\\\/wp-content\\\/uploads\\\/2019\\\/05\\\/Koniec-wzrostu-wynagrodze\u0144-Ministerstwo-Finans\u00f3w-chce-\u015bledzi\u0107-przedsi\u0119biorc\u00f3w.-Ochrona-danych-gdzie-si\u0119-zaczyna-Kolejna-kara-finansowa-RODO.jpg\",\"contentUrl\":\"https:\\\/\\\/legiobiznes.pl\\\/I\\\/wp-content\\\/uploads\\\/2019\\\/05\\\/Koniec-wzrostu-wynagrodze\u0144-Ministerstwo-Finans\u00f3w-chce-\u015bledzi\u0107-przedsi\u0119biorc\u00f3w.-Ochrona-danych-gdzie-si\u0119-zaczyna-Kolejna-kara-finansowa-RODO.jpg\",\"width\":960,\"height\":678,\"caption\":\"Koniec wzrostu wynagrodze\u0144! Ministerstwo Finans\u00f3w chce \u015bledzi\u0107 przedsi\u0119biorc\u00f3w. Ochrona danych, gdzie si\u0119 zaczyna Kolejna kara finansowa, RODO\"},{\"@type\":\"BreadcrumbList\",\"@id\":\"https:\\\/\\\/legiobiznes.pl\\\/I\\\/koniec-wzrostu-wynagrodzen-ministerstwo-finansow-chce-sledzic-przedsiebiorcow-ochrona-danych-gdzie-sie-zaczyna-kolejna-kara-finansowa-rodo\\\/#breadcrumb\",\"itemListElement\":[{\"@type\":\"ListItem\",\"position\":1,\"name\":\"Strona g\u0142\u00f3wna\",\"item\":\"https:\\\/\\\/legiobiznes.pl\\\/I\\\/\"},{\"@type\":\"ListItem\",\"position\":2,\"name\":\"Koniec wzrostu wynagrodze\u0144! Ministerstwo Finans\u00f3w chce \u015bledzi\u0107 przedsi\u0119biorc\u00f3w. Ochrona danych, gdzie si\u0119 zaczyna? Kolejna kara finansowa, RODO\"}]},{\"@type\":\"WebSite\",\"@id\":\"https:\\\/\\\/legiobiznes.pl\\\/I\\\/#website\",\"url\":\"https:\\\/\\\/legiobiznes.pl\\\/I\\\/\",\"name\":\"Legiobiznes.pl\",\"description\":\"Kryptowaluty, Bezpiecze\u0144stwo IT, E-biznes | LegioBiznes.PL\",\"publisher\":{\"@id\":\"https:\\\/\\\/legiobiznes.pl\\\/I\\\/#organization\"},\"potentialAction\":[{\"@type\":\"SearchAction\",\"target\":{\"@type\":\"EntryPoint\",\"urlTemplate\":\"https:\\\/\\\/legiobiznes.pl\\\/I\\\/?s={search_term_string}\"},\"query-input\":{\"@type\":\"PropertyValueSpecification\",\"valueRequired\":true,\"valueName\":\"search_term_string\"}}],\"inLanguage\":\"pl-PL\"},{\"@type\":\"Organization\",\"@id\":\"https:\\\/\\\/legiobiznes.pl\\\/I\\\/#organization\",\"name\":\"LegioBiznes.PL\",\"url\":\"https:\\\/\\\/legiobiznes.pl\\\/I\\\/\",\"logo\":{\"@type\":\"ImageObject\",\"inLanguage\":\"pl-PL\",\"@id\":\"https:\\\/\\\/legiobiznes.pl\\\/I\\\/#\\\/schema\\\/logo\\\/image\\\/\",\"url\":\"https:\\\/\\\/legiobiznes.pl\\\/I\\\/wp-content\\\/uploads\\\/2017\\\/08\\\/legiobiznespl-logo2-e1503834302371.png\",\"contentUrl\":\"https:\\\/\\\/legiobiznes.pl\\\/I\\\/wp-content\\\/uploads\\\/2017\\\/08\\\/legiobiznespl-logo2-e1503834302371.png\",\"width\":180,\"height\":76,\"caption\":\"LegioBiznes.PL\"},\"image\":{\"@id\":\"https:\\\/\\\/legiobiznes.pl\\\/I\\\/#\\\/schema\\\/logo\\\/image\\\/\"},\"sameAs\":[\"https:\\\/\\\/www.facebook.com\\\/LegioBiznes\\\/\",\"https:\\\/\\\/x.com\\\/LegioBiznesPL\",\"https:\\\/\\\/www.youtube.com\\\/channel\\\/UCEhszB39vxk96yIXD-jOORw\"]},{\"@type\":\"Person\",\"@id\":\"https:\\\/\\\/legiobiznes.pl\\\/I\\\/#\\\/schema\\\/person\\\/33c4505a5d28a7c944baf038996052d4\",\"name\":\"Legiobiznes.pl\",\"image\":{\"@type\":\"ImageObject\",\"inLanguage\":\"pl-PL\",\"@id\":\"https:\\\/\\\/legiobiznes.pl\\\/I\\\/wp-content\\\/uploads\\\/2019\\\/07\\\/favicon-Legiobiznes-150x150.png\",\"url\":\"https:\\\/\\\/legiobiznes.pl\\\/I\\\/wp-content\\\/uploads\\\/2019\\\/07\\\/favicon-Legiobiznes-150x150.png\",\"contentUrl\":\"https:\\\/\\\/legiobiznes.pl\\\/I\\\/wp-content\\\/uploads\\\/2019\\\/07\\\/favicon-Legiobiznes-150x150.png\",\"caption\":\"Legiobiznes.pl\"},\"description\":\"Budowa i tworzenie profesjonalnych, responsywnych (RWD) stron www. Pozycjonowanie SEO, sklepy internetowe eSklep...\",\"url\":\"https:\\\/\\\/legiobiznes.pl\\\/I\\\/author\\\/boss\\\/\"}]}<\/script>\n<!-- \/ Yoast SEO plugin. -->","yoast_head_json":{"title":"Koniec wzrostu wynagrodze\u0144! Ministerstwo Finans\u00f3w chce \u015bledzi\u0107 przedsi\u0119biorc\u00f3w. Ochrona danych, gdzie si\u0119 zaczyna? Kolejna kara finansowa, RODO &#187; Legiobiznes.pl","description":"Koniec wzrostu wynagrodze\u0144! Ministerstwo Finans\u00f3w chce \u015bledzi\u0107 przedsi\u0119biorc\u00f3w. Ochrona danych, gdzie si\u0119 zaczyna? Kolejna kara finansowa, RODO","robots":{"index":"index","follow":"follow","max-snippet":"max-snippet:-1","max-image-preview":"max-image-preview:large","max-video-preview":"max-video-preview:-1"},"canonical":"https:\/\/legiobiznes.pl\/I\/koniec-wzrostu-wynagrodzen-ministerstwo-finansow-chce-sledzic-przedsiebiorcow-ochrona-danych-gdzie-sie-zaczyna-kolejna-kara-finansowa-rodo\/","og_locale":"pl_PL","og_type":"article","og_title":"Koniec wzrostu wynagrodze\u0144! Ministerstwo Finans\u00f3w chce \u015bledzi\u0107 przedsi\u0119biorc\u00f3w. Ochrona danych, gdzie si\u0119 zaczyna? Kolejna kara finansowa, RODO &#187; Legiobiznes.pl","og_description":"Koniec wzrostu wynagrodze\u0144! Ministerstwo Finans\u00f3w chce \u015bledzi\u0107 przedsi\u0119biorc\u00f3w. Ochrona danych, gdzie si\u0119 zaczyna? Kolejna kara finansowa, RODO","og_url":"https:\/\/legiobiznes.pl\/I\/koniec-wzrostu-wynagrodzen-ministerstwo-finansow-chce-sledzic-przedsiebiorcow-ochrona-danych-gdzie-sie-zaczyna-kolejna-kara-finansowa-rodo\/","og_site_name":"Legiobiznes.pl","article_publisher":"https:\/\/www.facebook.com\/LegioBiznes\/","article_published_time":"2019-05-27T16:33:09+00:00","article_modified_time":"2024-10-08T05:16:50+00:00","og_image":[{"width":960,"height":678,"url":"https:\/\/legiobiznes.pl\/I\/wp-content\/uploads\/2019\/05\/Koniec-wzrostu-wynagrodze\u0144-Ministerstwo-Finans\u00f3w-chce-\u015bledzi\u0107-przedsi\u0119biorc\u00f3w.-Ochrona-danych-gdzie-si\u0119-zaczyna-Kolejna-kara-finansowa-RODO.jpg","type":"image\/jpeg"}],"author":"Legiobiznes.pl","twitter_card":"summary_large_image","twitter_creator":"@LegioBiznesPL","twitter_site":"@LegioBiznesPL","twitter_misc":{"Napisane przez":"Legiobiznes.pl","Szacowany czas czytania":"7 minut"},"schema":{"@context":"https:\/\/schema.org","@graph":[{"@type":"Article","@id":"https:\/\/legiobiznes.pl\/I\/koniec-wzrostu-wynagrodzen-ministerstwo-finansow-chce-sledzic-przedsiebiorcow-ochrona-danych-gdzie-sie-zaczyna-kolejna-kara-finansowa-rodo\/#article","isPartOf":{"@id":"https:\/\/legiobiznes.pl\/I\/koniec-wzrostu-wynagrodzen-ministerstwo-finansow-chce-sledzic-przedsiebiorcow-ochrona-danych-gdzie-sie-zaczyna-kolejna-kara-finansowa-rodo\/"},"author":{"name":"Legiobiznes.pl","@id":"https:\/\/legiobiznes.pl\/I\/#\/schema\/person\/33c4505a5d28a7c944baf038996052d4"},"headline":"Koniec wzrostu wynagrodze\u0144! Ministerstwo Finans\u00f3w chce \u015bledzi\u0107 przedsi\u0119biorc\u00f3w. Ochrona danych, gdzie si\u0119 zaczyna? Kolejna kara finansowa, RODO","datePublished":"2019-05-27T16:33:09+00:00","dateModified":"2024-10-08T05:16:50+00:00","mainEntityOfPage":{"@id":"https:\/\/legiobiznes.pl\/I\/koniec-wzrostu-wynagrodzen-ministerstwo-finansow-chce-sledzic-przedsiebiorcow-ochrona-danych-gdzie-sie-zaczyna-kolejna-kara-finansowa-rodo\/"},"wordCount":1479,"commentCount":0,"publisher":{"@id":"https:\/\/legiobiznes.pl\/I\/#organization"},"image":{"@id":"https:\/\/legiobiznes.pl\/I\/koniec-wzrostu-wynagrodzen-ministerstwo-finansow-chce-sledzic-przedsiebiorcow-ochrona-danych-gdzie-sie-zaczyna-kolejna-kara-finansowa-rodo\/#primaryimage"},"thumbnailUrl":"https:\/\/legiobiznes.pl\/I\/wp-content\/uploads\/2019\/05\/Koniec-wzrostu-wynagrodze\u0144-Ministerstwo-Finans\u00f3w-chce-\u015bledzi\u0107-przedsi\u0119biorc\u00f3w.-Ochrona-danych-gdzie-si\u0119-zaczyna-Kolejna-kara-finansowa-RODO.jpg","keywords":["Adobe","biznes","dotacja","firma","kara finansowa","ochrona danych","przedsi\u0119biorca","RODO","wynagrodzenie","ZUS"],"articleSection":["Prawo"],"inLanguage":"pl-PL","potentialAction":[{"@type":"CommentAction","name":"Comment","target":["https:\/\/legiobiznes.pl\/I\/koniec-wzrostu-wynagrodzen-ministerstwo-finansow-chce-sledzic-przedsiebiorcow-ochrona-danych-gdzie-sie-zaczyna-kolejna-kara-finansowa-rodo\/#respond"]}]},{"@type":"WebPage","@id":"https:\/\/legiobiznes.pl\/I\/koniec-wzrostu-wynagrodzen-ministerstwo-finansow-chce-sledzic-przedsiebiorcow-ochrona-danych-gdzie-sie-zaczyna-kolejna-kara-finansowa-rodo\/","url":"https:\/\/legiobiznes.pl\/I\/koniec-wzrostu-wynagrodzen-ministerstwo-finansow-chce-sledzic-przedsiebiorcow-ochrona-danych-gdzie-sie-zaczyna-kolejna-kara-finansowa-rodo\/","name":"Koniec wzrostu wynagrodze\u0144! Ministerstwo Finans\u00f3w chce \u015bledzi\u0107 przedsi\u0119biorc\u00f3w. Ochrona danych, gdzie si\u0119 zaczyna? Kolejna kara finansowa, RODO &#187; Legiobiznes.pl","isPartOf":{"@id":"https:\/\/legiobiznes.pl\/I\/#website"},"primaryImageOfPage":{"@id":"https:\/\/legiobiznes.pl\/I\/koniec-wzrostu-wynagrodzen-ministerstwo-finansow-chce-sledzic-przedsiebiorcow-ochrona-danych-gdzie-sie-zaczyna-kolejna-kara-finansowa-rodo\/#primaryimage"},"image":{"@id":"https:\/\/legiobiznes.pl\/I\/koniec-wzrostu-wynagrodzen-ministerstwo-finansow-chce-sledzic-przedsiebiorcow-ochrona-danych-gdzie-sie-zaczyna-kolejna-kara-finansowa-rodo\/#primaryimage"},"thumbnailUrl":"https:\/\/legiobiznes.pl\/I\/wp-content\/uploads\/2019\/05\/Koniec-wzrostu-wynagrodze\u0144-Ministerstwo-Finans\u00f3w-chce-\u015bledzi\u0107-przedsi\u0119biorc\u00f3w.-Ochrona-danych-gdzie-si\u0119-zaczyna-Kolejna-kara-finansowa-RODO.jpg","datePublished":"2019-05-27T16:33:09+00:00","dateModified":"2024-10-08T05:16:50+00:00","description":"Koniec wzrostu wynagrodze\u0144! Ministerstwo Finans\u00f3w chce \u015bledzi\u0107 przedsi\u0119biorc\u00f3w. Ochrona danych, gdzie si\u0119 zaczyna? Kolejna kara finansowa, RODO","breadcrumb":{"@id":"https:\/\/legiobiznes.pl\/I\/koniec-wzrostu-wynagrodzen-ministerstwo-finansow-chce-sledzic-przedsiebiorcow-ochrona-danych-gdzie-sie-zaczyna-kolejna-kara-finansowa-rodo\/#breadcrumb"},"inLanguage":"pl-PL","potentialAction":[{"@type":"ReadAction","target":["https:\/\/legiobiznes.pl\/I\/koniec-wzrostu-wynagrodzen-ministerstwo-finansow-chce-sledzic-przedsiebiorcow-ochrona-danych-gdzie-sie-zaczyna-kolejna-kara-finansowa-rodo\/"]}]},{"@type":"ImageObject","inLanguage":"pl-PL","@id":"https:\/\/legiobiznes.pl\/I\/koniec-wzrostu-wynagrodzen-ministerstwo-finansow-chce-sledzic-przedsiebiorcow-ochrona-danych-gdzie-sie-zaczyna-kolejna-kara-finansowa-rodo\/#primaryimage","url":"https:\/\/legiobiznes.pl\/I\/wp-content\/uploads\/2019\/05\/Koniec-wzrostu-wynagrodze\u0144-Ministerstwo-Finans\u00f3w-chce-\u015bledzi\u0107-przedsi\u0119biorc\u00f3w.-Ochrona-danych-gdzie-si\u0119-zaczyna-Kolejna-kara-finansowa-RODO.jpg","contentUrl":"https:\/\/legiobiznes.pl\/I\/wp-content\/uploads\/2019\/05\/Koniec-wzrostu-wynagrodze\u0144-Ministerstwo-Finans\u00f3w-chce-\u015bledzi\u0107-przedsi\u0119biorc\u00f3w.-Ochrona-danych-gdzie-si\u0119-zaczyna-Kolejna-kara-finansowa-RODO.jpg","width":960,"height":678,"caption":"Koniec wzrostu wynagrodze\u0144! Ministerstwo Finans\u00f3w chce \u015bledzi\u0107 przedsi\u0119biorc\u00f3w. Ochrona danych, gdzie si\u0119 zaczyna Kolejna kara finansowa, RODO"},{"@type":"BreadcrumbList","@id":"https:\/\/legiobiznes.pl\/I\/koniec-wzrostu-wynagrodzen-ministerstwo-finansow-chce-sledzic-przedsiebiorcow-ochrona-danych-gdzie-sie-zaczyna-kolejna-kara-finansowa-rodo\/#breadcrumb","itemListElement":[{"@type":"ListItem","position":1,"name":"Strona g\u0142\u00f3wna","item":"https:\/\/legiobiznes.pl\/I\/"},{"@type":"ListItem","position":2,"name":"Koniec wzrostu wynagrodze\u0144! Ministerstwo Finans\u00f3w chce \u015bledzi\u0107 przedsi\u0119biorc\u00f3w. Ochrona danych, gdzie si\u0119 zaczyna? Kolejna kara finansowa, RODO"}]},{"@type":"WebSite","@id":"https:\/\/legiobiznes.pl\/I\/#website","url":"https:\/\/legiobiznes.pl\/I\/","name":"Legiobiznes.pl","description":"Kryptowaluty, Bezpiecze\u0144stwo IT, E-biznes | LegioBiznes.PL","publisher":{"@id":"https:\/\/legiobiznes.pl\/I\/#organization"},"potentialAction":[{"@type":"SearchAction","target":{"@type":"EntryPoint","urlTemplate":"https:\/\/legiobiznes.pl\/I\/?s={search_term_string}"},"query-input":{"@type":"PropertyValueSpecification","valueRequired":true,"valueName":"search_term_string"}}],"inLanguage":"pl-PL"},{"@type":"Organization","@id":"https:\/\/legiobiznes.pl\/I\/#organization","name":"LegioBiznes.PL","url":"https:\/\/legiobiznes.pl\/I\/","logo":{"@type":"ImageObject","inLanguage":"pl-PL","@id":"https:\/\/legiobiznes.pl\/I\/#\/schema\/logo\/image\/","url":"https:\/\/legiobiznes.pl\/I\/wp-content\/uploads\/2017\/08\/legiobiznespl-logo2-e1503834302371.png","contentUrl":"https:\/\/legiobiznes.pl\/I\/wp-content\/uploads\/2017\/08\/legiobiznespl-logo2-e1503834302371.png","width":180,"height":76,"caption":"LegioBiznes.PL"},"image":{"@id":"https:\/\/legiobiznes.pl\/I\/#\/schema\/logo\/image\/"},"sameAs":["https:\/\/www.facebook.com\/LegioBiznes\/","https:\/\/x.com\/LegioBiznesPL","https:\/\/www.youtube.com\/channel\/UCEhszB39vxk96yIXD-jOORw"]},{"@type":"Person","@id":"https:\/\/legiobiznes.pl\/I\/#\/schema\/person\/33c4505a5d28a7c944baf038996052d4","name":"Legiobiznes.pl","image":{"@type":"ImageObject","inLanguage":"pl-PL","@id":"https:\/\/legiobiznes.pl\/I\/wp-content\/uploads\/2019\/07\/favicon-Legiobiznes-150x150.png","url":"https:\/\/legiobiznes.pl\/I\/wp-content\/uploads\/2019\/07\/favicon-Legiobiznes-150x150.png","contentUrl":"https:\/\/legiobiznes.pl\/I\/wp-content\/uploads\/2019\/07\/favicon-Legiobiznes-150x150.png","caption":"Legiobiznes.pl"},"description":"Budowa i tworzenie profesjonalnych, responsywnych (RWD) stron www. Pozycjonowanie SEO, sklepy internetowe eSklep...","url":"https:\/\/legiobiznes.pl\/I\/author\/boss\/"}]}},"_links":{"self":[{"href":"https:\/\/legiobiznes.pl\/I\/wp-json\/wp\/v2\/posts\/1140985","targetHints":{"allow":["GET"]}}],"collection":[{"href":"https:\/\/legiobiznes.pl\/I\/wp-json\/wp\/v2\/posts"}],"about":[{"href":"https:\/\/legiobiznes.pl\/I\/wp-json\/wp\/v2\/types\/post"}],"author":[{"embeddable":true,"href":"https:\/\/legiobiznes.pl\/I\/wp-json\/wp\/v2\/users\/1"}],"replies":[{"embeddable":true,"href":"https:\/\/legiobiznes.pl\/I\/wp-json\/wp\/v2\/comments?post=1140985"}],"version-history":[{"count":2,"href":"https:\/\/legiobiznes.pl\/I\/wp-json\/wp\/v2\/posts\/1140985\/revisions"}],"predecessor-version":[{"id":1653150,"href":"https:\/\/legiobiznes.pl\/I\/wp-json\/wp\/v2\/posts\/1140985\/revisions\/1653150"}],"wp:featuredmedia":[{"embeddable":true,"href":"https:\/\/legiobiznes.pl\/I\/wp-json\/wp\/v2\/media\/1141003"}],"wp:attachment":[{"href":"https:\/\/legiobiznes.pl\/I\/wp-json\/wp\/v2\/media?parent=1140985"}],"wp:term":[{"taxonomy":"category","embeddable":true,"href":"https:\/\/legiobiznes.pl\/I\/wp-json\/wp\/v2\/categories?post=1140985"},{"taxonomy":"post_tag","embeddable":true,"href":"https:\/\/legiobiznes.pl\/I\/wp-json\/wp\/v2\/tags?post=1140985"}],"curies":[{"name":"wp","href":"https:\/\/api.w.org\/{rel}","templated":true}]}}