{"id":1155235,"date":"2019-06-21T07:46:30","date_gmt":"2019-06-21T05:46:30","guid":{"rendered":"https:\/\/legiobiznes.pl\/I\/?p=1155235"},"modified":"2019-06-21T07:46:30","modified_gmt":"2019-06-21T05:46:30","slug":"nowe-obowiazki-dla-przedsiebiorcow-o-ile-wzrosna-skladki-zus-acta-2-polska-zaskarza-artykul-13-powstana-nowe-sady-w-polsce","status":"publish","type":"post","link":"https:\/\/legiobiznes.pl\/I\/nowe-obowiazki-dla-przedsiebiorcow-o-ile-wzrosna-skladki-zus-acta-2-polska-zaskarza-artykul-13-powstana-nowe-sady-w-polsce\/","title":{"rendered":"Nowe obowi\u0105zki dla przedsi\u0119biorc\u00f3w. O ile wzrosn\u0105 sk\u0142adki ZUS? ACTA 2, Polska zaskar\u017ca Artyku\u0142 13. Powstan\u0105 nowe s\u0105dy w Polsce"},"content":{"rendered":"<h2><strong>Nowe obowi\u0105zki dla przedsi\u0119biorc\u00f3w w zakresie ochrony danych osobowych<\/strong><\/h2>\n<h4>4 maja 2019 r. wesz\u0142a w \u017cycie tzw. \u201eustawa sektorowa\u201d, kt\u00f3ra zmienia 162 ustawy zawieraj\u0105ce przepisy o ochronie danych osobowych, w tym przepisy Kodeksu pracy. Dla pracodawc\u00f3w wi\u0105\u017ce si\u0119 to z konieczno\u015bci\u0105 wprowadzenia kolejnych zmian w procesach kadrowych.<\/h4>\n<p>W praktyce konieczno\u015b\u0107 stosowania nowych wymog\u00f3w prawnych spadnie na pracownik\u00f3w dzia\u0142\u00f3w HR oraz kadry kierowniczej uczestnicz\u0105cych w procesach kadrowych&#8230;<\/p>\n<a href=\"https:\/\/mambiznes.pl\/wlasny-biznes\/nowe-obowiazki-dla-przedsiebiorcow-zakresie-ochrony-danych-osobowych-92528\" target=\"_blank\" class=\"shortc-button medium red \">Wi\u0119cej dowiesz si\u0119 u \u017ar\u00f3d\u0142a &gt;<\/a>\n<h2><strong>O ile wzrosn\u0105 sk\u0142adki ZUS dla m\u0142odych przedsi\u0119biorc\u00f3w w 2020 roku?<\/strong><\/h2>\n<h4>Z roku na rok przedsi\u0119biorcy p\u0142ac\u0105 coraz wy\u017csze sk\u0142adki na ZUS. To za spraw\u0105 stale rosn\u0105cego minimalnego wynagrodzenia. W ci\u0105gu ostatnich 10 lat sk\u0142adki na ZUS dla firm wzros\u0142y o 55 proc. O ile wi\u0119cej sk\u0142adek ZUS zap\u0142ac\u0105 <strong>przedsi\u0119biorcy w 2020 roku?<\/strong><\/h4>\n<p>Przed kilkoma dniami Minister Rodziny Pracy i Polityki Spo\u0142ecznej El\u017cbieta Rafalska og\u0142osi\u0142a, \u017ce nowa p\u0142aca minimalna prawdopodobnie wzro\u015bnie z 2250 z\u0142 do 2450 z\u0142 w 2020 roku. Co dla pracownik\u00f3w mo\u017ce by\u0107 dobr\u0105 wiadomo\u015bci\u0105, dla przedsi\u0119biorc\u00f3w ju\u017c niekoniecznie. Nie tylko dlatego, \u017ce wzrosn\u0105 im koszty wynikaj\u0105ce z rosn\u0105cych wynagrodze\u0144, ale tak\u017ce osoby prowadz\u0105ce w\u0142asn\u0105 firm\u0119 i korzystaj\u0105ce z preferencyjnego op\u0142acania sk\u0142adek ZUS b\u0119d\u0105 musieli ui\u015bci\u0107 wy\u017csze sk\u0142adki ZUS na 2020 rok&#8230;<\/p>\n<a href=\"https:\/\/mambiznes.pl\/poradniki\/o-wzrosna-skladki-zus-dla-mlodych-przedsiebiorcow-2020-roku-92548\" target=\"_blank\" class=\"shortc-button medium red \">Wi\u0119cej dowiesz si\u0119 u \u017ar\u00f3d\u0142a &gt;<\/a>\n<h2><strong>ACTA 2 &#8211; Polska m\u00f3wi \u201enie\u201d i zaskar\u017ca Artyku\u0142 13<\/strong><\/h2>\n<h4>Polski rz\u0105d zdecydowa\u0142 si\u0119 na zaskar\u017cenie ACTA 2 w Trybunale Sprawiedliwo\u015bci Unii Europejskiej. Liczy na powr\u00f3t do rozm\u00f3w nad kszta\u0142tem dyrektywy.<\/h4>\n<p>Wcze\u015bniej w tym roku g\u0142osami wi\u0119kszo\u015bci\u00a0<a title=\"M\u00f3wi\u0105 na to \u201eACTA 2\u201d [AKT. - dyrektywa przyj\u0119ta]\" href=\"http:\/\/www.benchmark.pl\/aktualnosci\/acta-2-przyjete-cenzura-internetu-nadchodzi.html\" target=\"_blank\" rel=\"noopener noreferrer\">Parlament Europejski przeg\u0142osowa\u0142 ACTA 2<\/a> \u2013 budz\u0105c\u0105 spore kontrowersje dyrektyw\u0119 ws. praw autorskich. Polscy reprezentanci w du\u017cej mierze g\u0142osowali przeciw, zach\u0119caj\u0105c do wprowadzenia pewnych poprawek. Nie osi\u0105gaj\u0105c w\u00f3wczas odpowiedniego rezultatu, teraz Polska zdecydowa\u0142a si\u0119 na zaskar\u017cenie dyrektywy w Trybunale Sprawiedliwo\u015bci Unii Europejskiej&#8230;<\/p>\n<a href=\"http:\/\/www.benchmark.pl\/aktualnosci\/acta-2-polska-mowi-nie-i-zaskarza-artykul-13.html\" target=\"_blank\" class=\"shortc-button medium red \">Wi\u0119cej dowiesz si\u0119 u \u017ar\u00f3d\u0142a &gt;<\/a>\n<h2><strong>Powstan\u0105 nowe s\u0105dy w Polsce. Skorzysta na tym cz\u0119\u015b\u0107 przedsi\u0119biorc\u00f3w<\/strong><\/h2>\n<h4>Ministerstwo Sprawiedliwo\u015bci pracuje obecnie nad projektem nowelizacji Kodeksu post\u0119powania cywilnego oraz niekt\u00f3rych innych ustaw, kt\u00f3rego g\u0142\u00f3wnym za\u0142o\u017ceniem jest wprowadzenie wyspecjalizowanych s\u0105d\u00f3w ds. w\u0142asno\u015bci intelektualnej.<\/h4>\n<p>Pomys\u0142 ten nie jest nowy\u2026. podobne postulaty by\u0142y zg\u0142aszane od co najmniej parunastu lat i cz\u0119sto podkre\u015blano \u017ce g\u0142\u00f3wn\u0105 bol\u0105czk\u0105 polskiego systemu ochrony w\u0142asno\u015bci intelektualnej jest w\u0142a\u015bnie brak takich s\u0105d\u00f3w. Z drugiej strony podobne do proponowanego rozwi\u0105zania, istniej\u0105 w wi\u0119kszo\u015bci Pa\u0144stw Cz\u0142onkowskich UE&#8230;<\/p>\n<a href=\"https:\/\/mambiznes.pl\/wlasny-biznes\/powstana-nowe-sady-polsce-skorzysta-tym-czesc-przedsiebiorcow-92628\" target=\"_blank\" class=\"shortc-button medium red \">Wi\u0119cej dowiesz si\u0119 u \u017ar\u00f3d\u0142a &gt;<\/a>\n<p><center><!-- Pula: Marketing \/\/--><br \/>\n<script type=\"text\/javascript\">\n    document.write(unescape('%3Cscript type=\"text\/javascript\" src=\"' + document.location.protocol + \n    '\/\/ec.bankier.pl\/show2\/MzIxMjAsMjUzMjIsNDE4NzY\/' + Math.random() + '\/'+ '\"%3E%3C\/script%3E'));\n<\/script><\/center><\/p>\n<h2><strong>Propozycja rz\u0105du nie podoba si\u0119 ani pracodawcom, ani zwi\u0105zkowcom<\/strong><\/h2>\n<h4>Zwi\u0105zki zawodowe, organizacje pracodawc\u00f3w i\u00a0rz\u0105d proponuj\u0105 podniesienie p\u0142acy minimalnej. Minister El\u017cbieta Rafalska chcia\u0142aby, \u017ceby w\u00a0przysz\u0142ym roku najni\u017csze wynagrodzenie wynios\u0142o 2 450 z\u0142 brutto, o\u00a0200 z\u0142 wi\u0119cej ni\u017c w\u00a02019 roku. Zwi\u0105zki zawodowe postuluj\u0105 podwy\u017ck\u0119 o\u00a070 z\u0142 wy\u017csz\u0105, pracodawcy za\u015b \u2013 o\u00a063 z\u0142 ni\u017csz\u0105. Wed\u0142ug ekonomistki Anny Sk\u00f3rskiej obecnie coraz mniej os\u00f3b jest sk\u0142onnych pracowa\u0107 za minimaln\u0105 p\u0142ac\u0119, jednak trzeba bra\u0107 pod uwag\u0119 mo\u017cliwo\u015b\u0107 nadej\u015bcia spowolnienia gospodarczego.<\/h4>\n<p>Zmiana wysoko\u015bci wynagrodzenia minimalnego jest wypadkow\u0105 wielu czynnik\u00f3w, zar\u00f3wno tych po stronie gospodarki, jak i tych po stronie spo\u0142ecze\u0144stwa \u2013 m\u00f3wi agencji informacyjnej Newseria Biznes dr hab. in\u017c. Anna Sk\u00f3rska, profesor Uniwersytetu Ekonomicznego w Katowicach. \u2013 Jest to wynagrodzenie, kt\u00f3re ma gwarantowa\u0107 pracownikom pewien poziom bezpiecze\u0144stwa i jako\u015bci \u017cycia&#8230;<\/p>\n<a href=\"https:\/\/mambiznes.pl\/wlasny-biznes\/propozycja-rzadu-podoba-sie-ani-pracodawcom-ani-zwiazkowcom-92530\" target=\"_blank\" class=\"shortc-button medium red \">Wi\u0119cej dowiesz si\u0119 u \u017ar\u00f3d\u0142a &gt;<\/a>\n<h2><strong>Samozatrudnieni p\u0142ac\u0105 w Polsce niskie podatki<\/strong><\/h2>\n<h4>Jednoosobowe firmy p\u0142ac\u0105 w Polsce jedne z ni\u017cszych podatk\u00f3w w ca\u0142ej Unii Europejskiej. W nielicznych krajach samozatrudnieni mog\u0105 skorzysta\u0107 np. z liniowego podatku. R\u00f3wnie\u017c skala podatkowa nad Wis\u0142\u0105 nie wygl\u0105da najgorzej na tle innych kraj\u00f3w.<\/h4>\n<p>Podatki w Polsce s\u0105 wysokie i utrudniaj\u0105 jednoosobowym firmom rozw\u00f3j. To teza, kt\u00f3ra jak mantra cz\u0119sto wybrzmiewa z ust ekspert\u00f3w opisuj\u0105cych warunki prowadzenia biznesu w Polsce. Rzeczywisto\u015b\u0107 jest jednak bardziej z\u0142o\u017cona. Je\u015bli przeanalizowa\u0107 stawki podatkowe to samozatrudnieni rozwijaj\u0105cy u nas sw\u00f3j biznes mog\u0105 skorzysta\u0107 z dogodnych form opodatkowania niedost\u0119pnych w wielu innych krajach&#8230;<\/p>\n<a href=\"https:\/\/mambiznes.pl\/poradniki\/samozatrudnieni-placa-polsce-niskie-podatki-92603\" target=\"_blank\" class=\"shortc-button medium red \">Wi\u0119cej dowiesz si\u0119 u \u017ar\u00f3d\u0142a &gt;<\/a>\n<p><center><!-- Pula: Marketing2 \/\/--><br \/>\n<script type=\"text\/javascript\">\n    document.write(unescape('%3Cscript type=\"text\/javascript\" src=\"' + document.location.protocol + \n    '\/\/ec.bankier.pl\/show2\/MzIxMjEsMjUzMjIsNDE4NzY\/' + Math.random() + '\/'+ '\"%3E%3C\/script%3E'));\n<\/script><\/center><\/p>\n<h2><strong>Liczba skarg za z\u0142amanie RODO wzros\u0142a dwukrotnie<\/strong><\/h2>\n<h4>Dwie kary administracyjne na\u0142o\u017cone na podmioty, kt\u00f3re ra\u017c\u0105co \u0142ama\u0142y przepisy o\u00a0ochronie danych osobowych, i\u00a0oko\u0142o 8 tys. skarg od konsument\u00f3w \u2013 to bilans 12 miesi\u0119cy obowi\u0105zywania RODO. Unijna regulacja spowodowa\u0142a wzrost \u015bwiadomo\u015bci konsument\u00f3w, kt\u00f3ry ma odzwierciedlenie w\u00a0dwukrotnie wi\u0119kszej liczbie skarg i\u00a0licznych pytaniach kierowanych do Urz\u0119du Ochrony Danych Osobowych. Z drugiej strony, cz\u0119\u015b\u0107 zmian ustawodawczych wprowadzanych w\u00a0Polsce w\u00a0ostatnich miesi\u0105cach okaza\u0142a si\u0119 niesp\u00f3jna i\u00a0nie przys\u0142u\u017cy\u0142a si\u0119 do w\u0142a\u015bciwego stosowania przepis\u00f3w RODO.<\/h4>\n<p>Po roku obowi\u0105zywania RODO wiemy ju\u017c, \u017ce panika z tym zwi\u0105zana nie mia\u0142a wi\u0119kszego sensu. Do tych przepis\u00f3w trzeba podchodzi\u0107 w spos\u00f3b racjonalny i my\u015bl\u0119, \u017ce to ju\u017c dotar\u0142o do firm \u2013 m\u00f3wi agencji Newseria Biznes Piotr Drobek, dyrektor Zespo\u0142u Analiz i Strategii w Urz\u0119dzie Ochrony Danych Osobowych. \u2013 Przepisy RODO to jedno z wi\u0119kszych wyzwa\u0144 dla firm, kt\u00f3re dot\u0105d niew\u0142a\u015bciwie wdra\u017ca\u0142y ochron\u0119 danych osobowych. Dla tych, kt\u00f3re podesz\u0142y do tego rzetelnie, RODO niewiele zmieni\u0142o, bo okaza\u0142o si\u0119 tylko kontynuacj\u0105 wcze\u015bniejszych praktyk&#8230;<\/p>\n<a href=\"https:\/\/mambiznes.pl\/wlasny-biznes\/liczba-skarg-zlamanie-rodo-wzrosla-dwukrotnie-92630\" target=\"_blank\" class=\"shortc-button medium red \">Wi\u0119cej dowiesz si\u0119 u \u017ar\u00f3d\u0142a &gt;<\/a>\n<h2><strong>Co pi\u0105ty przedsi\u0119biorca nie otrzyma kredytu. Banki przykr\u0119caj\u0105 kurek z pieni\u0119dzmi<\/strong><\/h2>\n<h4>Wielu przedsi\u0119biorc\u00f3w, przede wszystkim z sektora M\u015aP, chc\u0105c pozyska\u0107 nowy kapita\u0142 udawali si\u0119 zwykle do banku. Jednak co pi\u0105ty z nich otrzyma\u0142 odmow\u0119 udzielenia kredytu \u2013 wynika z badania Instytutu Keralla.<\/h4>\n<p>W przeci\u0105gu niespe\u0142na trzech lat wzros\u0142a liczba odm\u00f3w bank\u00f3w na udzielenie kredytu dla przedsi\u0119biorc\u00f3w. Jak wskazuje raport Instytutu Keralla na zlecenie firmy faktoringowej NFG \u201ePercepcja faktoringu w M\u015aP\u201d, wskazuje, \u017ce w 2019 roku 20,6% przedsi\u0119biorstw spotka\u0142o si\u0119 z odmow\u0105 kredytu ze strony banku. W 2016 roku takiej odmowy do\u015bwiadczy\u0142o 14,1% przedsi\u0119biorc\u00f3w&#8230;<\/p>\n<a href=\"https:\/\/mambiznes.pl\/finansowanie\/piaty-przedsiebiorca-otrzyma-kredytu-banki-przykrecaja-kurek-pieniedzmi-92861\" target=\"_blank\" class=\"shortc-button medium red \">Wi\u0119cej dowiesz si\u0119 u \u017ar\u00f3d\u0142a &gt;<\/a>\n<h2><strong>Crowdfunding w pytaniach i odpowiedziach<\/strong><\/h2>\n<h4>Czy crowdfunding niesie za sob\u0105 ryzyko? Jakie bran\u017ce mog\u0105 by\u0107 finansowane za pomoc\u0105 crowdfundingu? Mi\u0119dzy innymi na te, jak i inne pytania odno\u015bnie crowdfundingu odpowie Jaros\u0142aw Grzywi\u0144ski&#8230;<\/h4>\n<a href=\"https:\/\/mambiznes.pl\/finansowanie\/crowdfunding-pytaniach-odpowiedziach-92882\" target=\"_blank\" class=\"shortc-button medium red \">Wi\u0119cej dowiesz si\u0119 u \u017ar\u00f3d\u0142a &gt;<\/a>\n<h2 class=\"entry_title\"><strong>Prawo jazdy w telefonie w przysz\u0142ym roku, technicznie gotowe, czekamy na przepisy<\/strong><\/h2>\n<h4>Ministerstwo Cyfryzacji jest ju\u017c technicznie gotowe do dodania elektronicznego prawa jazdy do aplikacji mObywatel. Niestety b\u0119dziemy musieli jeszcze na to chwil\u0119 poczeka\u0107, bo prace nad odpowiednimi przepisami nadal trwaj\u0105. Rz\u0105d zapowiada wprowadzenie us\u0142ugi w pierwszym kwartale 2020 roku.<\/h4>\n<h4><strong>Aplikacja mObywatel zyska kolejne mo\u017cliwo\u015bci<\/strong><\/h4>\n<p>mObywatel na pocz\u0105tku wystartowa\u0142 tylko z elektronicznym dowodem osobistym, kt\u00f3ry praktycznie nigdzie nie by\u0142 honorowany&#8230;<\/p>\n<a href=\"https:\/\/antyweb.pl\/prawo-jazdy-w-telefonie-w-przyszlym-roku-mpojazd\/\" target=\"_blank\" class=\"shortc-button medium red \">Wi\u0119cej dowiesz si\u0119 u \u017ar\u00f3d\u0142a &gt;<\/a>\n<p>&nbsp;<\/p>\n","protected":false},"excerpt":{"rendered":"<p>Nowe obowi\u0105zki dla przedsi\u0119biorc\u00f3w w zakresie ochrony danych osobowych 4 maja 2019 r. wesz\u0142a w \u017cycie tzw. \u201eustawa sektorowa\u201d, kt\u00f3ra zmienia 162 ustawy zawieraj\u0105ce przepisy o ochronie danych osobowych, w tym przepisy Kodeksu pracy. Dla pracodawc\u00f3w wi\u0105\u017ce si\u0119 to z konieczno\u015bci\u0105 wprowadzenia kolejnych zmian w procesach kadrowych. W praktyce konieczno\u015b\u0107 stosowania nowych wymog\u00f3w prawnych spadnie &hellip;<\/p>\n","protected":false},"author":1,"featured_media":1155236,"comment_status":"open","ping_status":"closed","sticky":false,"template":"","format":"standard","meta":{"footnotes":""},"categories":[1294],"tags":[5087,1369,3026,2013,5992,5991,2086,1438,1542,5994,5993,1423,2478],"class_list":["post-1155235","post","type-post","status-publish","format-standard","has-post-thumbnail","","category-prawo","tag-acta-2","tag-bank","tag-crowdfunding","tag-dane-osobowe","tag-kredyt","tag-mobywatel","tag-prawo-jazdy","tag-przedsiebiorca","tag-rodo","tag-sady","tag-samozatrudnieni","tag-telefon","tag-zus"],"yoast_head":"<!-- This site is optimized with the Yoast SEO plugin v27.5 - https:\/\/yoast.com\/product\/yoast-seo-wordpress\/ -->\n<title>Nowe obowi\u0105zki dla przedsi\u0119biorc\u00f3w. O ile wzrosn\u0105 sk\u0142adki ZUS? ACTA 2, Polska zaskar\u017ca Artyku\u0142 13. Powstan\u0105 nowe s\u0105dy w Polsce &#187; Legiobiznes.pl<\/title>\n<meta name=\"description\" content=\"Nowe obowi\u0105zki dla przedsi\u0119biorc\u00f3w. O ile wzrosn\u0105 sk\u0142adki ZUS? ACTA 2, Polska zaskar\u017ca Artyku\u0142 13. Powstan\u0105 nowe s\u0105dy w Polsce\" \/>\n<meta name=\"robots\" content=\"index, follow, max-snippet:-1, max-image-preview:large, max-video-preview:-1\" \/>\n<link rel=\"canonical\" href=\"https:\/\/legiobiznes.pl\/I\/nowe-obowiazki-dla-przedsiebiorcow-o-ile-wzrosna-skladki-zus-acta-2-polska-zaskarza-artykul-13-powstana-nowe-sady-w-polsce\/\" \/>\n<meta property=\"og:locale\" content=\"pl_PL\" \/>\n<meta property=\"og:type\" content=\"article\" \/>\n<meta property=\"og:title\" content=\"Nowe obowi\u0105zki dla przedsi\u0119biorc\u00f3w. O ile wzrosn\u0105 sk\u0142adki ZUS? ACTA 2, Polska zaskar\u017ca Artyku\u0142 13. Powstan\u0105 nowe s\u0105dy w Polsce &#187; Legiobiznes.pl\" \/>\n<meta property=\"og:description\" content=\"Nowe obowi\u0105zki dla przedsi\u0119biorc\u00f3w. O ile wzrosn\u0105 sk\u0142adki ZUS? ACTA 2, Polska zaskar\u017ca Artyku\u0142 13. Powstan\u0105 nowe s\u0105dy w Polsce\" \/>\n<meta property=\"og:url\" content=\"https:\/\/legiobiznes.pl\/I\/nowe-obowiazki-dla-przedsiebiorcow-o-ile-wzrosna-skladki-zus-acta-2-polska-zaskarza-artykul-13-powstana-nowe-sady-w-polsce\/\" \/>\n<meta property=\"og:site_name\" content=\"Legiobiznes.pl\" \/>\n<meta property=\"article:publisher\" content=\"https:\/\/www.facebook.com\/LegioBiznes\/\" \/>\n<meta property=\"article:published_time\" content=\"2019-06-21T05:46:30+00:00\" \/>\n<meta property=\"og:image\" content=\"https:\/\/legiobiznes.pl\/I\/wp-content\/uploads\/2019\/06\/Nowe-obowi\u0105zki-dla-przedsi\u0119biorc\u00f3w.-O-ile-wzrosn\u0105-sk\u0142adki-ZUS-ACTA-2-Polska-zaskar\u017ca-Artyku\u0142-13.-Powstan\u0105-nowe-s\u0105dy-w-Polsce.jpg\" \/>\n\t<meta property=\"og:image:width\" content=\"960\" \/>\n\t<meta property=\"og:image:height\" content=\"540\" \/>\n\t<meta property=\"og:image:type\" content=\"image\/jpeg\" \/>\n<meta name=\"author\" content=\"Legiobiznes.pl\" \/>\n<meta name=\"twitter:card\" content=\"summary_large_image\" \/>\n<meta name=\"twitter:creator\" content=\"@LegioBiznesPL\" \/>\n<meta name=\"twitter:site\" content=\"@LegioBiznesPL\" \/>\n<meta name=\"twitter:label1\" content=\"Napisane przez\" \/>\n\t<meta name=\"twitter:data1\" content=\"Legiobiznes.pl\" \/>\n\t<meta name=\"twitter:label2\" content=\"Szacowany czas czytania\" \/>\n\t<meta name=\"twitter:data2\" content=\"7 minut\" \/>\n<script type=\"application\/ld+json\" class=\"yoast-schema-graph\">{\"@context\":\"https:\\\/\\\/schema.org\",\"@graph\":[{\"@type\":\"Article\",\"@id\":\"https:\\\/\\\/legiobiznes.pl\\\/I\\\/nowe-obowiazki-dla-przedsiebiorcow-o-ile-wzrosna-skladki-zus-acta-2-polska-zaskarza-artykul-13-powstana-nowe-sady-w-polsce\\\/#article\",\"isPartOf\":{\"@id\":\"https:\\\/\\\/legiobiznes.pl\\\/I\\\/nowe-obowiazki-dla-przedsiebiorcow-o-ile-wzrosna-skladki-zus-acta-2-polska-zaskarza-artykul-13-powstana-nowe-sady-w-polsce\\\/\"},\"author\":{\"name\":\"Legiobiznes.pl\",\"@id\":\"https:\\\/\\\/legiobiznes.pl\\\/I\\\/#\\\/schema\\\/person\\\/33c4505a5d28a7c944baf038996052d4\"},\"headline\":\"Nowe obowi\u0105zki dla przedsi\u0119biorc\u00f3w. O ile wzrosn\u0105 sk\u0142adki ZUS? ACTA 2, Polska zaskar\u017ca Artyku\u0142 13. Powstan\u0105 nowe s\u0105dy w Polsce\",\"datePublished\":\"2019-06-21T05:46:30+00:00\",\"mainEntityOfPage\":{\"@id\":\"https:\\\/\\\/legiobiznes.pl\\\/I\\\/nowe-obowiazki-dla-przedsiebiorcow-o-ile-wzrosna-skladki-zus-acta-2-polska-zaskarza-artykul-13-powstana-nowe-sady-w-polsce\\\/\"},\"wordCount\":1404,\"commentCount\":0,\"publisher\":{\"@id\":\"https:\\\/\\\/legiobiznes.pl\\\/I\\\/#organization\"},\"image\":{\"@id\":\"https:\\\/\\\/legiobiznes.pl\\\/I\\\/nowe-obowiazki-dla-przedsiebiorcow-o-ile-wzrosna-skladki-zus-acta-2-polska-zaskarza-artykul-13-powstana-nowe-sady-w-polsce\\\/#primaryimage\"},\"thumbnailUrl\":\"https:\\\/\\\/legiobiznes.pl\\\/I\\\/wp-content\\\/uploads\\\/2019\\\/06\\\/Nowe-obowi\u0105zki-dla-przedsi\u0119biorc\u00f3w.-O-ile-wzrosn\u0105-sk\u0142adki-ZUS-ACTA-2-Polska-zaskar\u017ca-Artyku\u0142-13.-Powstan\u0105-nowe-s\u0105dy-w-Polsce.jpg\",\"keywords\":[\"ACTA 2\",\"bank\",\"Crowdfunding\",\"dane osobowe\",\"kredyt\",\"mObywatel\",\"prawo jazdy\",\"przedsi\u0119biorca\",\"RODO\",\"s\u0105dy\",\"samozatrudnieni\",\"telefon\",\"ZUS\"],\"articleSection\":[\"Prawo\"],\"inLanguage\":\"pl-PL\",\"potentialAction\":[{\"@type\":\"CommentAction\",\"name\":\"Comment\",\"target\":[\"https:\\\/\\\/legiobiznes.pl\\\/I\\\/nowe-obowiazki-dla-przedsiebiorcow-o-ile-wzrosna-skladki-zus-acta-2-polska-zaskarza-artykul-13-powstana-nowe-sady-w-polsce\\\/#respond\"]}]},{\"@type\":\"WebPage\",\"@id\":\"https:\\\/\\\/legiobiznes.pl\\\/I\\\/nowe-obowiazki-dla-przedsiebiorcow-o-ile-wzrosna-skladki-zus-acta-2-polska-zaskarza-artykul-13-powstana-nowe-sady-w-polsce\\\/\",\"url\":\"https:\\\/\\\/legiobiznes.pl\\\/I\\\/nowe-obowiazki-dla-przedsiebiorcow-o-ile-wzrosna-skladki-zus-acta-2-polska-zaskarza-artykul-13-powstana-nowe-sady-w-polsce\\\/\",\"name\":\"Nowe obowi\u0105zki dla przedsi\u0119biorc\u00f3w. O ile wzrosn\u0105 sk\u0142adki ZUS? ACTA 2, Polska zaskar\u017ca Artyku\u0142 13. Powstan\u0105 nowe s\u0105dy w Polsce &#187; Legiobiznes.pl\",\"isPartOf\":{\"@id\":\"https:\\\/\\\/legiobiznes.pl\\\/I\\\/#website\"},\"primaryImageOfPage\":{\"@id\":\"https:\\\/\\\/legiobiznes.pl\\\/I\\\/nowe-obowiazki-dla-przedsiebiorcow-o-ile-wzrosna-skladki-zus-acta-2-polska-zaskarza-artykul-13-powstana-nowe-sady-w-polsce\\\/#primaryimage\"},\"image\":{\"@id\":\"https:\\\/\\\/legiobiznes.pl\\\/I\\\/nowe-obowiazki-dla-przedsiebiorcow-o-ile-wzrosna-skladki-zus-acta-2-polska-zaskarza-artykul-13-powstana-nowe-sady-w-polsce\\\/#primaryimage\"},\"thumbnailUrl\":\"https:\\\/\\\/legiobiznes.pl\\\/I\\\/wp-content\\\/uploads\\\/2019\\\/06\\\/Nowe-obowi\u0105zki-dla-przedsi\u0119biorc\u00f3w.-O-ile-wzrosn\u0105-sk\u0142adki-ZUS-ACTA-2-Polska-zaskar\u017ca-Artyku\u0142-13.-Powstan\u0105-nowe-s\u0105dy-w-Polsce.jpg\",\"datePublished\":\"2019-06-21T05:46:30+00:00\",\"description\":\"Nowe obowi\u0105zki dla przedsi\u0119biorc\u00f3w. O ile wzrosn\u0105 sk\u0142adki ZUS? ACTA 2, Polska zaskar\u017ca Artyku\u0142 13. Powstan\u0105 nowe s\u0105dy w Polsce\",\"breadcrumb\":{\"@id\":\"https:\\\/\\\/legiobiznes.pl\\\/I\\\/nowe-obowiazki-dla-przedsiebiorcow-o-ile-wzrosna-skladki-zus-acta-2-polska-zaskarza-artykul-13-powstana-nowe-sady-w-polsce\\\/#breadcrumb\"},\"inLanguage\":\"pl-PL\",\"potentialAction\":[{\"@type\":\"ReadAction\",\"target\":[\"https:\\\/\\\/legiobiznes.pl\\\/I\\\/nowe-obowiazki-dla-przedsiebiorcow-o-ile-wzrosna-skladki-zus-acta-2-polska-zaskarza-artykul-13-powstana-nowe-sady-w-polsce\\\/\"]}]},{\"@type\":\"ImageObject\",\"inLanguage\":\"pl-PL\",\"@id\":\"https:\\\/\\\/legiobiznes.pl\\\/I\\\/nowe-obowiazki-dla-przedsiebiorcow-o-ile-wzrosna-skladki-zus-acta-2-polska-zaskarza-artykul-13-powstana-nowe-sady-w-polsce\\\/#primaryimage\",\"url\":\"https:\\\/\\\/legiobiznes.pl\\\/I\\\/wp-content\\\/uploads\\\/2019\\\/06\\\/Nowe-obowi\u0105zki-dla-przedsi\u0119biorc\u00f3w.-O-ile-wzrosn\u0105-sk\u0142adki-ZUS-ACTA-2-Polska-zaskar\u017ca-Artyku\u0142-13.-Powstan\u0105-nowe-s\u0105dy-w-Polsce.jpg\",\"contentUrl\":\"https:\\\/\\\/legiobiznes.pl\\\/I\\\/wp-content\\\/uploads\\\/2019\\\/06\\\/Nowe-obowi\u0105zki-dla-przedsi\u0119biorc\u00f3w.-O-ile-wzrosn\u0105-sk\u0142adki-ZUS-ACTA-2-Polska-zaskar\u017ca-Artyku\u0142-13.-Powstan\u0105-nowe-s\u0105dy-w-Polsce.jpg\",\"width\":960,\"height\":540,\"caption\":\"Nowe obowi\u0105zki dla przedsi\u0119biorc\u00f3w. O ile wzrosn\u0105 sk\u0142adki ZUS ACTA 2, Polska zaskar\u017ca Artyku\u0142 13. Powstan\u0105 nowe s\u0105dy w Polsce\"},{\"@type\":\"BreadcrumbList\",\"@id\":\"https:\\\/\\\/legiobiznes.pl\\\/I\\\/nowe-obowiazki-dla-przedsiebiorcow-o-ile-wzrosna-skladki-zus-acta-2-polska-zaskarza-artykul-13-powstana-nowe-sady-w-polsce\\\/#breadcrumb\",\"itemListElement\":[{\"@type\":\"ListItem\",\"position\":1,\"name\":\"Strona g\u0142\u00f3wna\",\"item\":\"https:\\\/\\\/legiobiznes.pl\\\/I\\\/\"},{\"@type\":\"ListItem\",\"position\":2,\"name\":\"Nowe obowi\u0105zki dla przedsi\u0119biorc\u00f3w. O ile wzrosn\u0105 sk\u0142adki ZUS? ACTA 2, Polska zaskar\u017ca Artyku\u0142 13. Powstan\u0105 nowe s\u0105dy w Polsce\"}]},{\"@type\":\"WebSite\",\"@id\":\"https:\\\/\\\/legiobiznes.pl\\\/I\\\/#website\",\"url\":\"https:\\\/\\\/legiobiznes.pl\\\/I\\\/\",\"name\":\"Legiobiznes.pl\",\"description\":\"Kryptowaluty, Bezpiecze\u0144stwo IT, E-biznes | LegioBiznes.PL\",\"publisher\":{\"@id\":\"https:\\\/\\\/legiobiznes.pl\\\/I\\\/#organization\"},\"potentialAction\":[{\"@type\":\"SearchAction\",\"target\":{\"@type\":\"EntryPoint\",\"urlTemplate\":\"https:\\\/\\\/legiobiznes.pl\\\/I\\\/?s={search_term_string}\"},\"query-input\":{\"@type\":\"PropertyValueSpecification\",\"valueRequired\":true,\"valueName\":\"search_term_string\"}}],\"inLanguage\":\"pl-PL\"},{\"@type\":\"Organization\",\"@id\":\"https:\\\/\\\/legiobiznes.pl\\\/I\\\/#organization\",\"name\":\"LegioBiznes.PL\",\"url\":\"https:\\\/\\\/legiobiznes.pl\\\/I\\\/\",\"logo\":{\"@type\":\"ImageObject\",\"inLanguage\":\"pl-PL\",\"@id\":\"https:\\\/\\\/legiobiznes.pl\\\/I\\\/#\\\/schema\\\/logo\\\/image\\\/\",\"url\":\"https:\\\/\\\/legiobiznes.pl\\\/I\\\/wp-content\\\/uploads\\\/2017\\\/08\\\/legiobiznespl-logo2-e1503834302371.png\",\"contentUrl\":\"https:\\\/\\\/legiobiznes.pl\\\/I\\\/wp-content\\\/uploads\\\/2017\\\/08\\\/legiobiznespl-logo2-e1503834302371.png\",\"width\":180,\"height\":76,\"caption\":\"LegioBiznes.PL\"},\"image\":{\"@id\":\"https:\\\/\\\/legiobiznes.pl\\\/I\\\/#\\\/schema\\\/logo\\\/image\\\/\"},\"sameAs\":[\"https:\\\/\\\/www.facebook.com\\\/LegioBiznes\\\/\",\"https:\\\/\\\/x.com\\\/LegioBiznesPL\",\"https:\\\/\\\/www.youtube.com\\\/channel\\\/UCEhszB39vxk96yIXD-jOORw\"]},{\"@type\":\"Person\",\"@id\":\"https:\\\/\\\/legiobiznes.pl\\\/I\\\/#\\\/schema\\\/person\\\/33c4505a5d28a7c944baf038996052d4\",\"name\":\"Legiobiznes.pl\",\"image\":{\"@type\":\"ImageObject\",\"inLanguage\":\"pl-PL\",\"@id\":\"https:\\\/\\\/legiobiznes.pl\\\/I\\\/wp-content\\\/uploads\\\/2019\\\/07\\\/favicon-Legiobiznes-150x150.png\",\"url\":\"https:\\\/\\\/legiobiznes.pl\\\/I\\\/wp-content\\\/uploads\\\/2019\\\/07\\\/favicon-Legiobiznes-150x150.png\",\"contentUrl\":\"https:\\\/\\\/legiobiznes.pl\\\/I\\\/wp-content\\\/uploads\\\/2019\\\/07\\\/favicon-Legiobiznes-150x150.png\",\"caption\":\"Legiobiznes.pl\"},\"description\":\"Budowa i tworzenie profesjonalnych, responsywnych (RWD) stron www. Pozycjonowanie SEO, sklepy internetowe eSklep...\",\"url\":\"https:\\\/\\\/legiobiznes.pl\\\/I\\\/author\\\/boss\\\/\"}]}<\/script>\n<!-- \/ Yoast SEO plugin. -->","yoast_head_json":{"title":"Nowe obowi\u0105zki dla przedsi\u0119biorc\u00f3w. O ile wzrosn\u0105 sk\u0142adki ZUS? ACTA 2, Polska zaskar\u017ca Artyku\u0142 13. Powstan\u0105 nowe s\u0105dy w Polsce &#187; Legiobiznes.pl","description":"Nowe obowi\u0105zki dla przedsi\u0119biorc\u00f3w. O ile wzrosn\u0105 sk\u0142adki ZUS? ACTA 2, Polska zaskar\u017ca Artyku\u0142 13. Powstan\u0105 nowe s\u0105dy w Polsce","robots":{"index":"index","follow":"follow","max-snippet":"max-snippet:-1","max-image-preview":"max-image-preview:large","max-video-preview":"max-video-preview:-1"},"canonical":"https:\/\/legiobiznes.pl\/I\/nowe-obowiazki-dla-przedsiebiorcow-o-ile-wzrosna-skladki-zus-acta-2-polska-zaskarza-artykul-13-powstana-nowe-sady-w-polsce\/","og_locale":"pl_PL","og_type":"article","og_title":"Nowe obowi\u0105zki dla przedsi\u0119biorc\u00f3w. O ile wzrosn\u0105 sk\u0142adki ZUS? ACTA 2, Polska zaskar\u017ca Artyku\u0142 13. Powstan\u0105 nowe s\u0105dy w Polsce &#187; Legiobiznes.pl","og_description":"Nowe obowi\u0105zki dla przedsi\u0119biorc\u00f3w. O ile wzrosn\u0105 sk\u0142adki ZUS? ACTA 2, Polska zaskar\u017ca Artyku\u0142 13. Powstan\u0105 nowe s\u0105dy w Polsce","og_url":"https:\/\/legiobiznes.pl\/I\/nowe-obowiazki-dla-przedsiebiorcow-o-ile-wzrosna-skladki-zus-acta-2-polska-zaskarza-artykul-13-powstana-nowe-sady-w-polsce\/","og_site_name":"Legiobiznes.pl","article_publisher":"https:\/\/www.facebook.com\/LegioBiznes\/","article_published_time":"2019-06-21T05:46:30+00:00","og_image":[{"width":960,"height":540,"url":"https:\/\/legiobiznes.pl\/I\/wp-content\/uploads\/2019\/06\/Nowe-obowi\u0105zki-dla-przedsi\u0119biorc\u00f3w.-O-ile-wzrosn\u0105-sk\u0142adki-ZUS-ACTA-2-Polska-zaskar\u017ca-Artyku\u0142-13.-Powstan\u0105-nowe-s\u0105dy-w-Polsce.jpg","type":"image\/jpeg"}],"author":"Legiobiznes.pl","twitter_card":"summary_large_image","twitter_creator":"@LegioBiznesPL","twitter_site":"@LegioBiznesPL","twitter_misc":{"Napisane przez":"Legiobiznes.pl","Szacowany czas czytania":"7 minut"},"schema":{"@context":"https:\/\/schema.org","@graph":[{"@type":"Article","@id":"https:\/\/legiobiznes.pl\/I\/nowe-obowiazki-dla-przedsiebiorcow-o-ile-wzrosna-skladki-zus-acta-2-polska-zaskarza-artykul-13-powstana-nowe-sady-w-polsce\/#article","isPartOf":{"@id":"https:\/\/legiobiznes.pl\/I\/nowe-obowiazki-dla-przedsiebiorcow-o-ile-wzrosna-skladki-zus-acta-2-polska-zaskarza-artykul-13-powstana-nowe-sady-w-polsce\/"},"author":{"name":"Legiobiznes.pl","@id":"https:\/\/legiobiznes.pl\/I\/#\/schema\/person\/33c4505a5d28a7c944baf038996052d4"},"headline":"Nowe obowi\u0105zki dla przedsi\u0119biorc\u00f3w. O ile wzrosn\u0105 sk\u0142adki ZUS? ACTA 2, Polska zaskar\u017ca Artyku\u0142 13. Powstan\u0105 nowe s\u0105dy w Polsce","datePublished":"2019-06-21T05:46:30+00:00","mainEntityOfPage":{"@id":"https:\/\/legiobiznes.pl\/I\/nowe-obowiazki-dla-przedsiebiorcow-o-ile-wzrosna-skladki-zus-acta-2-polska-zaskarza-artykul-13-powstana-nowe-sady-w-polsce\/"},"wordCount":1404,"commentCount":0,"publisher":{"@id":"https:\/\/legiobiznes.pl\/I\/#organization"},"image":{"@id":"https:\/\/legiobiznes.pl\/I\/nowe-obowiazki-dla-przedsiebiorcow-o-ile-wzrosna-skladki-zus-acta-2-polska-zaskarza-artykul-13-powstana-nowe-sady-w-polsce\/#primaryimage"},"thumbnailUrl":"https:\/\/legiobiznes.pl\/I\/wp-content\/uploads\/2019\/06\/Nowe-obowi\u0105zki-dla-przedsi\u0119biorc\u00f3w.-O-ile-wzrosn\u0105-sk\u0142adki-ZUS-ACTA-2-Polska-zaskar\u017ca-Artyku\u0142-13.-Powstan\u0105-nowe-s\u0105dy-w-Polsce.jpg","keywords":["ACTA 2","bank","Crowdfunding","dane osobowe","kredyt","mObywatel","prawo jazdy","przedsi\u0119biorca","RODO","s\u0105dy","samozatrudnieni","telefon","ZUS"],"articleSection":["Prawo"],"inLanguage":"pl-PL","potentialAction":[{"@type":"CommentAction","name":"Comment","target":["https:\/\/legiobiznes.pl\/I\/nowe-obowiazki-dla-przedsiebiorcow-o-ile-wzrosna-skladki-zus-acta-2-polska-zaskarza-artykul-13-powstana-nowe-sady-w-polsce\/#respond"]}]},{"@type":"WebPage","@id":"https:\/\/legiobiznes.pl\/I\/nowe-obowiazki-dla-przedsiebiorcow-o-ile-wzrosna-skladki-zus-acta-2-polska-zaskarza-artykul-13-powstana-nowe-sady-w-polsce\/","url":"https:\/\/legiobiznes.pl\/I\/nowe-obowiazki-dla-przedsiebiorcow-o-ile-wzrosna-skladki-zus-acta-2-polska-zaskarza-artykul-13-powstana-nowe-sady-w-polsce\/","name":"Nowe obowi\u0105zki dla przedsi\u0119biorc\u00f3w. O ile wzrosn\u0105 sk\u0142adki ZUS? ACTA 2, Polska zaskar\u017ca Artyku\u0142 13. Powstan\u0105 nowe s\u0105dy w Polsce &#187; Legiobiznes.pl","isPartOf":{"@id":"https:\/\/legiobiznes.pl\/I\/#website"},"primaryImageOfPage":{"@id":"https:\/\/legiobiznes.pl\/I\/nowe-obowiazki-dla-przedsiebiorcow-o-ile-wzrosna-skladki-zus-acta-2-polska-zaskarza-artykul-13-powstana-nowe-sady-w-polsce\/#primaryimage"},"image":{"@id":"https:\/\/legiobiznes.pl\/I\/nowe-obowiazki-dla-przedsiebiorcow-o-ile-wzrosna-skladki-zus-acta-2-polska-zaskarza-artykul-13-powstana-nowe-sady-w-polsce\/#primaryimage"},"thumbnailUrl":"https:\/\/legiobiznes.pl\/I\/wp-content\/uploads\/2019\/06\/Nowe-obowi\u0105zki-dla-przedsi\u0119biorc\u00f3w.-O-ile-wzrosn\u0105-sk\u0142adki-ZUS-ACTA-2-Polska-zaskar\u017ca-Artyku\u0142-13.-Powstan\u0105-nowe-s\u0105dy-w-Polsce.jpg","datePublished":"2019-06-21T05:46:30+00:00","description":"Nowe obowi\u0105zki dla przedsi\u0119biorc\u00f3w. O ile wzrosn\u0105 sk\u0142adki ZUS? ACTA 2, Polska zaskar\u017ca Artyku\u0142 13. Powstan\u0105 nowe s\u0105dy w Polsce","breadcrumb":{"@id":"https:\/\/legiobiznes.pl\/I\/nowe-obowiazki-dla-przedsiebiorcow-o-ile-wzrosna-skladki-zus-acta-2-polska-zaskarza-artykul-13-powstana-nowe-sady-w-polsce\/#breadcrumb"},"inLanguage":"pl-PL","potentialAction":[{"@type":"ReadAction","target":["https:\/\/legiobiznes.pl\/I\/nowe-obowiazki-dla-przedsiebiorcow-o-ile-wzrosna-skladki-zus-acta-2-polska-zaskarza-artykul-13-powstana-nowe-sady-w-polsce\/"]}]},{"@type":"ImageObject","inLanguage":"pl-PL","@id":"https:\/\/legiobiznes.pl\/I\/nowe-obowiazki-dla-przedsiebiorcow-o-ile-wzrosna-skladki-zus-acta-2-polska-zaskarza-artykul-13-powstana-nowe-sady-w-polsce\/#primaryimage","url":"https:\/\/legiobiznes.pl\/I\/wp-content\/uploads\/2019\/06\/Nowe-obowi\u0105zki-dla-przedsi\u0119biorc\u00f3w.-O-ile-wzrosn\u0105-sk\u0142adki-ZUS-ACTA-2-Polska-zaskar\u017ca-Artyku\u0142-13.-Powstan\u0105-nowe-s\u0105dy-w-Polsce.jpg","contentUrl":"https:\/\/legiobiznes.pl\/I\/wp-content\/uploads\/2019\/06\/Nowe-obowi\u0105zki-dla-przedsi\u0119biorc\u00f3w.-O-ile-wzrosn\u0105-sk\u0142adki-ZUS-ACTA-2-Polska-zaskar\u017ca-Artyku\u0142-13.-Powstan\u0105-nowe-s\u0105dy-w-Polsce.jpg","width":960,"height":540,"caption":"Nowe obowi\u0105zki dla przedsi\u0119biorc\u00f3w. O ile wzrosn\u0105 sk\u0142adki ZUS ACTA 2, Polska zaskar\u017ca Artyku\u0142 13. Powstan\u0105 nowe s\u0105dy w Polsce"},{"@type":"BreadcrumbList","@id":"https:\/\/legiobiznes.pl\/I\/nowe-obowiazki-dla-przedsiebiorcow-o-ile-wzrosna-skladki-zus-acta-2-polska-zaskarza-artykul-13-powstana-nowe-sady-w-polsce\/#breadcrumb","itemListElement":[{"@type":"ListItem","position":1,"name":"Strona g\u0142\u00f3wna","item":"https:\/\/legiobiznes.pl\/I\/"},{"@type":"ListItem","position":2,"name":"Nowe obowi\u0105zki dla przedsi\u0119biorc\u00f3w. O ile wzrosn\u0105 sk\u0142adki ZUS? ACTA 2, Polska zaskar\u017ca Artyku\u0142 13. Powstan\u0105 nowe s\u0105dy w Polsce"}]},{"@type":"WebSite","@id":"https:\/\/legiobiznes.pl\/I\/#website","url":"https:\/\/legiobiznes.pl\/I\/","name":"Legiobiznes.pl","description":"Kryptowaluty, Bezpiecze\u0144stwo IT, E-biznes | LegioBiznes.PL","publisher":{"@id":"https:\/\/legiobiznes.pl\/I\/#organization"},"potentialAction":[{"@type":"SearchAction","target":{"@type":"EntryPoint","urlTemplate":"https:\/\/legiobiznes.pl\/I\/?s={search_term_string}"},"query-input":{"@type":"PropertyValueSpecification","valueRequired":true,"valueName":"search_term_string"}}],"inLanguage":"pl-PL"},{"@type":"Organization","@id":"https:\/\/legiobiznes.pl\/I\/#organization","name":"LegioBiznes.PL","url":"https:\/\/legiobiznes.pl\/I\/","logo":{"@type":"ImageObject","inLanguage":"pl-PL","@id":"https:\/\/legiobiznes.pl\/I\/#\/schema\/logo\/image\/","url":"https:\/\/legiobiznes.pl\/I\/wp-content\/uploads\/2017\/08\/legiobiznespl-logo2-e1503834302371.png","contentUrl":"https:\/\/legiobiznes.pl\/I\/wp-content\/uploads\/2017\/08\/legiobiznespl-logo2-e1503834302371.png","width":180,"height":76,"caption":"LegioBiznes.PL"},"image":{"@id":"https:\/\/legiobiznes.pl\/I\/#\/schema\/logo\/image\/"},"sameAs":["https:\/\/www.facebook.com\/LegioBiznes\/","https:\/\/x.com\/LegioBiznesPL","https:\/\/www.youtube.com\/channel\/UCEhszB39vxk96yIXD-jOORw"]},{"@type":"Person","@id":"https:\/\/legiobiznes.pl\/I\/#\/schema\/person\/33c4505a5d28a7c944baf038996052d4","name":"Legiobiznes.pl","image":{"@type":"ImageObject","inLanguage":"pl-PL","@id":"https:\/\/legiobiznes.pl\/I\/wp-content\/uploads\/2019\/07\/favicon-Legiobiznes-150x150.png","url":"https:\/\/legiobiznes.pl\/I\/wp-content\/uploads\/2019\/07\/favicon-Legiobiznes-150x150.png","contentUrl":"https:\/\/legiobiznes.pl\/I\/wp-content\/uploads\/2019\/07\/favicon-Legiobiznes-150x150.png","caption":"Legiobiznes.pl"},"description":"Budowa i tworzenie profesjonalnych, responsywnych (RWD) stron www. Pozycjonowanie SEO, sklepy internetowe eSklep...","url":"https:\/\/legiobiznes.pl\/I\/author\/boss\/"}]}},"_links":{"self":[{"href":"https:\/\/legiobiznes.pl\/I\/wp-json\/wp\/v2\/posts\/1155235","targetHints":{"allow":["GET"]}}],"collection":[{"href":"https:\/\/legiobiznes.pl\/I\/wp-json\/wp\/v2\/posts"}],"about":[{"href":"https:\/\/legiobiznes.pl\/I\/wp-json\/wp\/v2\/types\/post"}],"author":[{"embeddable":true,"href":"https:\/\/legiobiznes.pl\/I\/wp-json\/wp\/v2\/users\/1"}],"replies":[{"embeddable":true,"href":"https:\/\/legiobiznes.pl\/I\/wp-json\/wp\/v2\/comments?post=1155235"}],"version-history":[{"count":0,"href":"https:\/\/legiobiznes.pl\/I\/wp-json\/wp\/v2\/posts\/1155235\/revisions"}],"wp:featuredmedia":[{"embeddable":true,"href":"https:\/\/legiobiznes.pl\/I\/wp-json\/wp\/v2\/media\/1155236"}],"wp:attachment":[{"href":"https:\/\/legiobiznes.pl\/I\/wp-json\/wp\/v2\/media?parent=1155235"}],"wp:term":[{"taxonomy":"category","embeddable":true,"href":"https:\/\/legiobiznes.pl\/I\/wp-json\/wp\/v2\/categories?post=1155235"},{"taxonomy":"post_tag","embeddable":true,"href":"https:\/\/legiobiznes.pl\/I\/wp-json\/wp\/v2\/tags?post=1155235"}],"curies":[{"name":"wp","href":"https:\/\/api.w.org\/{rel}","templated":true}]}}