{"id":1178384,"date":"2019-08-06T16:50:56","date_gmt":"2019-08-06T14:50:56","guid":{"rendered":"https:\/\/legiobiznes.pl\/I\/?p=1178384"},"modified":"2019-08-06T16:50:56","modified_gmt":"2019-08-06T14:50:56","slug":"kary-za-wycieki-danych-rodo-uderzylo-w-branze-e-commerce-zus-sciga-przedsiebiorcow-bedzie-obnizka-podatku-pit-juz-od-pazdziernika","status":"publish","type":"post","link":"https:\/\/legiobiznes.pl\/I\/kary-za-wycieki-danych-rodo-uderzylo-w-branze-e-commerce-zus-sciga-przedsiebiorcow-bedzie-obnizka-podatku-pit-juz-od-pazdziernika\/","title":{"rendered":"Kary za wycieki danych. RODO uderzy\u0142o w bran\u017c\u0119 e-commerce. ZUS \u015bciga przedsi\u0119biorc\u00f3w. B\u0119dzie obni\u017cka podatku PIT ju\u017c od pa\u017adziernika"},"content":{"rendered":"<h2><strong>Najwi\u0119ksze kary za wycieki danych<\/strong><\/h2>\n<h4>Wycieki danych, kt\u00f3re by\u0142y mo\u017cliwe przez nieodpowiednie zabezpieczenia, kosztowa\u0142y ponad 1,23 miliarda dolar\u00f3w. Tyle wynosi\u0142y kary nak\u0142adane przez s\u0105dy i inne instytucje na firmy, kt\u00f3re do nich dopu\u015bci\u0142y.<\/h4>\n<p>Coraz wy\u017csze kary finansowe pokazuj\u0105, \u017ce instytucje odpowiedzialne za ochron\u0119 konsument\u00f3w traktuj\u0105 prywatno\u015b\u0107 danych priorytetowo. Kary za niedopilnowanie ochrony id\u0105 w setki milion\u00f3w dolar\u00f3w &#8211;\u00a0<strong>British Airways<\/strong> zosta\u0142o ukarane grzywna wysoko\u015bci 230 milion\u00f3w dolar\u00f3w&#8230;<\/p>\n<a href=\"https:\/\/www.pcworld.pl\/news\/Najwieksze-kary-za-wycieki-danych,414679.html\" target=\"_blank\" class=\"shortc-button medium red \">Wi\u0119cej dowiesz si\u0119 u \u017ar\u00f3d\u0142a &gt;<\/a>\n<h2 class=\"single-entry__title\"><strong>Niestety, to fakt \u2013 badanie wskazuje, \u017ce RODO uderzy\u0142o w bran\u017c\u0119 e-commerce<\/strong><\/h2>\n<h4>Od wprowadzenia\u00a0<em>Og\u00f3lnego rozporz\u0105dzenia o ochronie danych\u00a0<\/em>27 kwietnia 2016 roku min\u0119\u0142o ju\u017c nieco ponad 3 lata. Samo prawo w \u017cycie wprowadzono za\u015b 25 maja 2018, a wi\u0119c funkcjonuje ponad rok.<\/h4>\n<p>Min\u0105\u0142 zatem wystarczaj\u0105cy czas, aby m\u00f3c oceni\u0107, jakie s\u0105 efekty wprowadzenia omawianego rozporz\u0105dzenia. W\u0142a\u015bnie w tym celu powsta\u0142o badanie\u00a0<strong><em>Regulating Privacy Online: The Early Impact of GDPR on European Web Traffic and E-commerce&#8230;<\/em><\/strong><\/p>\n<a href=\"https:\/\/marketingwsieci.pl\/niestety-to-fakt-badanie-wskazuje-ze-rodo-uderzylo-w-branze-e-commerce\/\" target=\"_blank\" class=\"shortc-button medium red \">Wi\u0119cej dowiesz si\u0119 u \u017ar\u00f3d\u0142a &gt;<\/a>\n<h2><strong>ZUS \u015bciga przedsi\u0119biorc\u00f3w. Musz\u0105 zwr\u00f3ci\u0107 po kilka tysi\u0119cy z\u0142otych<\/strong><\/h2>\n<h4>Wprowadzono nowy system kontroli os\u00f3b przebywaj\u0105cych na zwolnieniu lekarskim. Skutkiem tego tysi\u0105ce os\u00f3b musz\u0105 zwraca\u0107 zasi\u0142ki, g\u0142\u00f3wnie prowadz\u0105cy w\u0142asn\u0105 dzia\u0142alno\u015b\u0107 gospodarcz\u0105 \u2013 informuje\u00a0<a href=\"https:\/\/www.rp.pl\/ZUS\/308059926-ZUS-kontroluje-chorych-ktorzy-nielegalnie-pobieraja-zasilki.html\" target=\"_blank\" rel=\"nofollow noopener noreferrer\">Rzeczpospolita<\/a>.<\/h4>\n<p>W ubieg\u0142ym roku ZUS wdro\u017cy\u0142 nowe narz\u0119dzie, kt\u00f3re mia\u0142o skontrolowa\u0107 osoby nadu\u017cywaj\u0105ce zwolnienia lekarskie. Jak si\u0119 okaza\u0142o, takich os\u00f3b jest bardzo wiele, w szczeg\u00f3lno\u015bci w\u015br\u00f3d przedsi\u0119biorc\u00f3w. Jak wskazuje gazeta, tylko w II kw. 2019 roku, ZUS wstrzyma\u0142 wyp\u0142at\u0119 na \u0142\u0105czn\u0105 kwot\u0119 9,2 mln z\u0142&#8230;<\/p>\n<a href=\"https:\/\/mambiznes.pl\/wlasny-biznes\/zus-sciga-przedsiebiorcow-musza-zwrocic-tysiecy-zlotych-94115\" target=\"_blank\" class=\"shortc-button medium red \">Wi\u0119cej dowiesz si\u0119 u \u017ar\u00f3d\u0142a &gt;<\/a>\n<p><center><!-- Pula: Marketing \/\/--><br \/>\n<script type=\"text\/javascript\">\n    document.write(unescape('%3Cscript type=\"text\/javascript\" src=\"' + document.location.protocol + \n    '\/\/ec.bankier.pl\/show2\/MzIxMjAsMjUzMjIsNDE4NzY\/' + Math.random() + '\/'+ '\"%3E%3C\/script%3E'));\n<\/script><\/center><\/p>\n<h2><strong>Rz\u0105d zdecydowa\u0142. B\u0119dzie obni\u017cka podatku PIT ju\u017c od pa\u017adziernika<\/strong><\/h2>\n<h4>Mali przedsi\u0119biorcy, rozliczaj\u0105cy si\u0119 wed\u0142ug stawki PIT ju\u017c pa\u017adziernika tego roku zap\u0142ac\u0105 mniejszy podatek dochodowy. Rz\u0105d przyj\u0105\u0142 projekt ustawy obni\u017cki podatku z 18 do 17 proc.<\/h4>\n<p>Przedsi\u0119biorcy wielokrotnie wskazywali na potrzeb\u0119 obni\u017cki podatku dochodowego, bowiem to on najmocniej wp\u0142ywa\u0142 na dzia\u0142alno\u015b\u0107 przedsi\u0119biorc\u00f3w. Teraz ma si\u0119 to zi\u015bci\u0107 i osoby prowadz\u0105ce dzia\u0142alno\u015b\u0107 gospodarcz\u0105 , kt\u00f3rzy nie wybrali podatku liniowego czy rycza\u0142tu od przychod\u00f3w ewidencjonowanych zap\u0142ac\u0105 ni\u017cszy podatek. Jest to pok\u0142osie tzw.\u00a0<a href=\"https:\/\/www.bankier.pl\/wiadomosc\/Kaczynski-Nasza-piatka-PiS-jest-do-zrealizowania-przez-sprawny-rzad-4214105.html\" target=\"_blank\" rel=\"noopener noreferrer\">pi\u0105tki Kaczy\u0144skiego<\/a>, kt\u00f3ra by\u0142a ju\u017c zapowiadana od lutego tego roku&#8230;<\/p>\n<a href=\"https:\/\/mambiznes.pl\/wlasny-biznes\/rzad-zdecydowal-bedzie-obnizka-podatku-pit-juz-od-pazdziernika-93566\" target=\"_blank\" class=\"shortc-button medium red \">Wi\u0119cej dowiesz si\u0119 u \u017ar\u00f3d\u0142a &gt;<\/a>\n<h2><strong>Czy ulga zerowy PIT dla m\u0142odych obejmuje dzia\u0142alno\u015b\u0107 nierejestrowan\u0105?<\/strong><\/h2>\n<h4>Dzia\u0142alno\u015b\u0107 nierejestrowana mia\u0142aby recept\u0105 na rozw\u00f3j polskiej przedsi\u0119biorczo\u015bci. Natomiast wprowadzony zerowy PIT mia\u0142 ul\u017cy\u0107 m\u0142odym przedsi\u0119biorcom. Jednak czy m\u0142oda osoba korzystaj\u0105ca z nierejestrowanej dzia\u0142alno\u015bci mo\u017ce nie p\u0142aci\u0107 podatku?<\/h4>\n<p>Ju\u017c od sierpnia 2019 roku osoby maj\u0105ce do 26 roku \u017cycia mog\u0105 cieszy\u0107 si\u0119 z zerowego podatku.\u00a0<a href=\"https:\/\/mambiznes.pl\/poradniki\/zerowy-pit-dla-mlodych-dla-przedsiebiorcow-92789\" target=\"_blank\" rel=\"noopener noreferrer\">Cho\u0107, jak pisali\u015bmy ju\u017c wcze\u015bniej na portalu MamBiznes.pl, nie ka\u017cdy z takiej ulgi b\u0119dzie m\u00f3g\u0142 skorzysta\u0107.<\/a>Najwi\u0119ksz\u0105 grup\u0105 os\u00f3b, kt\u00f3re nie obejmuje zerowy PIT s\u0105 przedsi\u0119biorcy. Jednak pojawia si\u0119 pytanie, co w przypadku os\u00f3b prowadz\u0105cych dzia\u0142alno\u015b\u0107 nierejestrowan\u0105?&#8230;<\/p>\n<a href=\"https:\/\/mambiznes.pl\/poradniki\/ulga-zerowy-pit-dla-mlodych-obejmuje-dzialalnosc-nierejestrowana-94090\" target=\"_blank\" class=\"shortc-button medium red \">Wi\u0119cej dowiesz si\u0119 u \u017ar\u00f3d\u0142a &gt;<\/a>\n<p><center><!-- Pula: Marketing2 \/\/--><br \/>\n<script type=\"text\/javascript\">\n    document.write(unescape('%3Cscript type=\"text\/javascript\" src=\"' + document.location.protocol + \n    '\/\/ec.bankier.pl\/show2\/MzIxMjEsMjUzMjIsNDE4NzY\/' + Math.random() + '\/'+ '\"%3E%3C\/script%3E'));\n<\/script><\/center><\/p>\n<h2><strong>Aby za\u0142o\u017cy\u0107 biuro rachunkowe potrzebny b\u0119dzie certyfikat?<\/strong><\/h2>\n<h4>Ponad po\u0142owa os\u00f3b \u015bwiadcz\u0105cych us\u0142ugi ksi\u0119gowe i\u00a043 proc. spo\u015br\u00f3d korzystaj\u0105cych z\u00a0nich ocenia, \u017ce efektem wprowadzonej pi\u0119\u0107 lat temu deregulacji by\u0142 spadek jako\u015bci us\u0142ug \u2013 wynika z\u00a0badania przeprowadzonego na zlecenie Ministerstwa Finans\u00f3w. W oparciu o\u00a0jego wyniki resort pracuje nad cofni\u0119ciem deregulacji. Zamierza wprowadzi\u0107 nowy system certyfikacji zawodu ksi\u0119gowego i\u00a0obowi\u0105zek dokszta\u0142cania. Jak ocenia wyk\u0142adowca Wy\u017cszej Szko\u0142y Bankowej w\u00a0Chorzowie i\u00a0Katowicach Mariusz Rutke, efektem tych zmian b\u0119dzie wzrost profesjonalizmu ksi\u0119gowych, z\u00a0drugiej za\u015b strony spadek liczby podmiot\u00f3w, kt\u00f3re \u015bwiadcz\u0105 takie us\u0142ugi, a w\u00a0konsekwencji wzrost cen.<\/h4>\n<p>Ministerstwo Finans\u00f3w zapowiedzia\u0142o powr\u00f3t do certyfikacji zawodu ksi\u0119gowego, a \u015bci\u015blej rzecz bior\u0105c, us\u0142ugowego prowadzenia ksi\u0105g rachunkowych. Resort planuje r\u00f3wnie\u017c okresowe szkolenia dla tych os\u00f3b. Trzeba podkre\u015bli\u0107, \u017ce te wszystkie zmiany maj\u0105 dotyczy\u0107 us\u0142ugowego prowadzenia ksi\u0105g rachunkowych w formie dzia\u0142alno\u015bci gospodarczej, natomiast nie obejm\u0105 os\u00f3b pracuj\u0105cych na podstawie umowy o prac\u0119 w dzia\u0142ach ksi\u0119gowo\u015bci \u2013 m\u00f3wi agencji informacyjnej Newseria Biznes Mariusz Rutke, wyk\u0142adowca Wy\u017cszej Szko\u0142y Bankowej w Chorzowie i Katowicach&#8230;<\/p>\n<a href=\"https:\/\/mambiznes.pl\/wlasny-biznes\/aby-zalozyc-biuro-rachunkowe-potrzebny-bedzie-certyfikat-93431\" target=\"_blank\" class=\"shortc-button medium red \">Wi\u0119cej dowiesz si\u0119 u \u017ar\u00f3d\u0142a &gt;<\/a>\n<h2><strong>2,7 miliona z\u0142otych kary w Polsce za telemarketer\u00f3w. Sprzedaj\u0105cych m.in. tajemnicze urz\u0105dzenie medyczne VitronMagnetic<\/strong><\/h2>\n<h4>Jak pisze\u00a0<a href=\"http:\/\/wyborcza.biz\/biznes\/7,147743,24996957,2-7-mln-zl-za-dwie-rozmowy-telefoniczne-firmy-sprzedazy-bezposredniej.html\" target=\"_blank\" rel=\"noopener noreferrer\">Gazeta Wyborcza<\/a>:<\/h4>\n<blockquote><p>Par\u0119 dni temu prezes Urz\u0119du Ochrony Konkurencji i Konsument\u00f3w ukara\u0142 firm\u0119 VGET Polska za oszukiwanie konsument\u00f3w. Ma zap\u0142aci\u0107 2,7 mln z\u0142 kary. Sp\u00f3\u0142ka zajmuje si\u0119 sprzeda\u017c\u0105 podczas pokaz\u00f3w pseudomedycznych urz\u0105dze\u0144; VitronMed, VitronMagnetic, VitroMag oraz Aplikatora Pola Magnetycznego*. Firma zaprasza konsument\u00f3w na pokazy telefonicznie, a akcje telemarketingowe prowadz\u0105 zewn\u0119trzne call center&#8230;<\/p><\/blockquote>\n<a href=\"https:\/\/sekurak.pl\/27-miliona-zlotych-kary-w-polsce-za-telemarketerow-sprzedajacych-m-in-tajemnicze-urzadzenie-medyczne-vitronmagnetic\/\" target=\"_blank\" class=\"shortc-button medium red \">Wi\u0119cej dowiesz si\u0119 u \u017ar\u00f3d\u0142a &gt;<\/a>\n<h2><strong>Powstanie Program Ostrzegania Przedsi\u0119biorc\u00f3w<\/strong><\/h2>\n<h4>W ostatnim czasie Krajowa Administracja Skarbowa przedstawi\u0142a propozycj\u0119 wdro\u017cenia Programu Ostrzegania Przedsi\u0119biorc\u00f3w.\u00a0Jego celem jest informowanie podatnik\u00f3w w zakresie ewentualnych nieprawid\u0142owo\u015bci, jakie mog\u0142y wyst\u0105pi\u0107 we wczesnych etapach transakcji podczas rozliczania podatku VAT.\u00a0Propozycja Resortu Finans\u00f3w i KAS odpowiada na postulaty przedsi\u0119biorc\u00f3w.<\/h4>\n<p>Postulaty te dotycz\u0105 zapewnienia bezpiecze\u0144stwa obrotu finansowego i unikni\u0119cia uwik\u0142ania si\u0119 w proceder karuzeli podatkowej \u2013 powiedzia\u0142 serwisowi\u00a0<strong>eNewsroom<\/strong>\u00a0<strong>Mariusz Korzeb, wiceprzewodnicz\u0105cy Federacji Przedsi\u0119biorc\u00f3w Polskich.\u00a0<\/strong>\u2013 Wed\u0142ug opinii FPP dzia\u0142ania Krajowej Administracji Skarbowej w ramach programu POP powinny by\u0107 zdecydowane&#8230;<\/p>\n<a href=\"https:\/\/mambiznes.pl\/wlasny-biznes\/powstanie-program-ostrzegania-przedsiebiorcow-93770\" target=\"_blank\" class=\"shortc-button medium red \">Wi\u0119cej dowiesz si\u0119 u \u017ar\u00f3d\u0142a &gt;<\/a>\n<h2 class=\"title\"><strong>Orzeczenie Trybuna\u0142u Sprawiedliwo\u015bci Unii Europejskiej w sprawie przycisku \u201eLubi\u0119 to\u201d<\/strong><\/h2>\n<h4>Firmy, kt\u00f3re umie\u015bci\u0142y na swoich stronach internetowych przycisk \u201eLubi\u0119 to\u201d na Facebooku, musz\u0105 uzyska\u0107 zgod\u0119 u\u017cytkownik\u00f3w na przesy\u0142anie ich danych osobowych do ameryka\u0144skiej sieci spo\u0142eczno\u015bciowej.<\/h4>\n<p>Orzeczenie jest wynikiem skargi z\u0142o\u017conej przez niemieckie stowarzyszenie Verbraucherzentrale NRW, zajmuj\u0105ce si\u0119 ochron\u0105 interes\u00f3w konsument\u00f3w, kt\u00f3re zarzuci\u0142o sp\u00f3\u0142ce Fashion ID przekazywanie Facebook Ireland danych osobowych klient\u00f3w odwiedzaj\u0105cych jej witryn\u0119 internetow\u0105. Po pierwsze, bez ich zgody, a po drugie, z naruszeniem obowi\u0105zk\u00f3w informacyjnych przewidzianych w przepisach dotycz\u0105cych ochrony danych osobowych&#8230;<\/p>\n<a href=\"https:\/\/www.chip.pl\/2019\/07\/orzeczenie-trybunal-sprawiedliwosci-unii-europejskiej-w-sprawie-przycisku-lubie-to\/\" target=\"_blank\" class=\"shortc-button medium red \">Wi\u0119cej dowiesz si\u0119 u \u017ar\u00f3d\u0142a &gt;<\/a>\n<h2><strong>E-s\u0105d wyda\u0142 pierwsze wyroki<\/strong><\/h2>\n<h4>Nowy polubowny e-s\u0105d rozpozna\u0142 ju\u017c pierwsze sprawy. \u015arednia warto\u015b\u0107 pozw\u00f3w z\u0142o\u017conych do niego przez firmy wynios\u0142a 18 tysi\u0119cy z\u0142otych. Arbitrzy, czyli notariusze ze Stowarzyszenia Notariuszy RP mieli zgodnie z regulaminem 3 tygodnie na wydanie wyrok\u00f3w. Pierwsze 8 spraw rozstrzygn\u0119li jednak szybciej &#8211; ostateczne orzeczenia wydawali \u015brednio po 11 dniach.<\/h4>\n<p>Pierwsze sprawy, kt\u00f3rymi zaj\u0105\u0142 si\u0119 polubowny s\u0105d elektroniczny Ultima Ratio dotyczy\u0142y mi\u0119dzy innymi rozlicze\u0144 firm w zakresie najmu powierzchni handlowej&#8230;<\/p>\n<a href=\"http:\/\/di.com.pl\/e-sad-wydal-pierwsze-wyroki-63709?utm_source=feedburner&amp;utm_medium=feed&amp;utm_campaign=Feed%3A+glowny-di+%280+-+DI+kanal+glowny+%28go%C5%82y%29%29\" target=\"_blank\" class=\"shortc-button medium red \">Wi\u0119cej dowiesz si\u0119 u \u017ar\u00f3d\u0142a &gt;<\/a>\n<h2 class=\"entry_title\"><strong>To naprawd\u0119 dzia\u0142a \u2013 pierwszy e-s\u0105d wydaje wyroki \u015brednio po 11 dniach od pozwu<\/strong><\/h2>\n<h4>O planach uruchomienia Ultima Ratio pisali\u015bmy Wam pod koniec zesz\u0142ego roku, to pierwszy Elektroniczny S\u0105d Polubowny, kt\u00f3ry rozpocz\u0105\u0142 dzia\u0142alno\u015b\u0107 w kwietniu tego roku, a dzi\u015b chwali si\u0119 ju\u017c pierwszymi efektami.<\/h4>\n<p>Wi\u0119cej o\u00a0<a href=\"https:\/\/antyweb.pl\/ultima-ratio-pierwszy-w-polsce-elektroniczny-sad-polubowny-wyroki-w-21-dni\/\" target=\"_blank\" rel=\"noopener noreferrer\">Ultima Ratio<\/a> przeczytacie we wspomnianym wpisie, tak pokr\u00f3tce, to pierwszy Elektroniczny S\u0105d Polubowny do rozstrzygania spor\u00f3w pomi\u0119dzy przedsi\u0119biorcami. Aby m\u00f3c skorzysta\u0107 z takiego s\u0105du obie strony musz\u0105 wyrazi\u0107 na to zgod\u0119, korzy\u015bci s\u0105 z tego jednak spore, zw\u0142aszcza je\u015bli chodzi o czas i koszty&#8230;<\/p>\n<a href=\"https:\/\/antyweb.pl\/pierwszy-e-sad-wydaje-wyroki-srednio-po-11-dniach-od-pozwu\/\" target=\"_blank\" class=\"shortc-button medium red \">Wi\u0119cej dowiesz si\u0119 u \u017ar\u00f3d\u0142a &gt;<\/a>\n","protected":false},"excerpt":{"rendered":"<p>Najwi\u0119ksze kary za wycieki danych Wycieki danych, kt\u00f3re by\u0142y mo\u017cliwe przez nieodpowiednie zabezpieczenia, kosztowa\u0142y ponad 1,23 miliarda dolar\u00f3w. Tyle wynosi\u0142y kary nak\u0142adane przez s\u0105dy i inne instytucje na firmy, kt\u00f3re do nich dopu\u015bci\u0142y. Coraz wy\u017csze kary finansowe pokazuj\u0105, \u017ce instytucje odpowiedzialne za ochron\u0119 konsument\u00f3w traktuj\u0105 prywatno\u015b\u0107 danych priorytetowo. Kary za niedopilnowanie ochrony id\u0105 w setki &hellip;<\/p>\n","protected":false},"author":1,"featured_media":1178385,"comment_status":"open","ping_status":"closed","sticky":false,"template":"","format":"standard","meta":{"footnotes":""},"categories":[1294],"tags":[6072,1671,3852,2315,1438,5283,2333,2478],"class_list":["post-1178384","post","type-post","status-publish","format-standard","has-post-thumbnail","","category-prawo","tag-e-sad","tag-kary","tag-pit","tag-podatek","tag-przedsiebiorca","tag-ultima-ratio","tag-wyciek-danych","tag-zus"],"yoast_head":"<!-- This site is optimized with the Yoast SEO plugin v27.5 - https:\/\/yoast.com\/product\/yoast-seo-wordpress\/ -->\n<title>Kary za wycieki danych. RODO uderzy\u0142o w bran\u017c\u0119 e-commerce. ZUS \u015bciga przedsi\u0119biorc\u00f3w. B\u0119dzie obni\u017cka podatku PIT ju\u017c od pa\u017adziernika &#187; Legiobiznes.pl<\/title>\n<meta name=\"description\" content=\"Kary za wycieki danych. RODO uderzy\u0142o w bran\u017c\u0119 e-commerce. ZUS \u015bciga przedsi\u0119biorc\u00f3w. B\u0119dzie obni\u017cka podatku PIT ju\u017c od pa\u017adziernika\" \/>\n<meta name=\"robots\" content=\"index, follow, max-snippet:-1, max-image-preview:large, max-video-preview:-1\" \/>\n<link rel=\"canonical\" href=\"https:\/\/legiobiznes.pl\/I\/kary-za-wycieki-danych-rodo-uderzylo-w-branze-e-commerce-zus-sciga-przedsiebiorcow-bedzie-obnizka-podatku-pit-juz-od-pazdziernika\/\" \/>\n<meta property=\"og:locale\" content=\"pl_PL\" \/>\n<meta property=\"og:type\" content=\"article\" \/>\n<meta property=\"og:title\" content=\"Kary za wycieki danych. RODO uderzy\u0142o w bran\u017c\u0119 e-commerce. ZUS \u015bciga przedsi\u0119biorc\u00f3w. B\u0119dzie obni\u017cka podatku PIT ju\u017c od pa\u017adziernika &#187; Legiobiznes.pl\" \/>\n<meta property=\"og:description\" content=\"Kary za wycieki danych. RODO uderzy\u0142o w bran\u017c\u0119 e-commerce. ZUS \u015bciga przedsi\u0119biorc\u00f3w. B\u0119dzie obni\u017cka podatku PIT ju\u017c od pa\u017adziernika\" \/>\n<meta property=\"og:url\" content=\"https:\/\/legiobiznes.pl\/I\/kary-za-wycieki-danych-rodo-uderzylo-w-branze-e-commerce-zus-sciga-przedsiebiorcow-bedzie-obnizka-podatku-pit-juz-od-pazdziernika\/\" \/>\n<meta property=\"og:site_name\" content=\"Legiobiznes.pl\" \/>\n<meta property=\"article:publisher\" content=\"https:\/\/www.facebook.com\/LegioBiznes\/\" \/>\n<meta property=\"article:published_time\" content=\"2019-08-06T14:50:56+00:00\" \/>\n<meta property=\"og:image\" content=\"https:\/\/legiobiznes.pl\/I\/wp-content\/uploads\/2019\/08\/Kary-za-wycieki-danych.-RODO-uderzy\u0142o-w-bran\u017c\u0119-e-commerce.-ZUS-\u015bciga-przedsi\u0119biorc\u00f3w.-B\u0119dzie-obni\u017cka-podatku-PIT-ju\u017c-od-pa\u017adziernika.jpg\" \/>\n\t<meta property=\"og:image:width\" content=\"960\" \/>\n\t<meta property=\"og:image:height\" content=\"608\" \/>\n\t<meta property=\"og:image:type\" content=\"image\/jpeg\" \/>\n<meta name=\"author\" content=\"Legiobiznes.pl\" \/>\n<meta name=\"twitter:card\" content=\"summary_large_image\" \/>\n<meta name=\"twitter:creator\" content=\"@LegioBiznesPL\" \/>\n<meta name=\"twitter:site\" content=\"@LegioBiznesPL\" \/>\n<meta name=\"twitter:label1\" content=\"Napisane przez\" \/>\n\t<meta name=\"twitter:data1\" content=\"Legiobiznes.pl\" \/>\n\t<meta name=\"twitter:label2\" content=\"Szacowany czas czytania\" \/>\n\t<meta name=\"twitter:data2\" content=\"7 minut\" \/>\n<script type=\"application\/ld+json\" class=\"yoast-schema-graph\">{\"@context\":\"https:\\\/\\\/schema.org\",\"@graph\":[{\"@type\":\"Article\",\"@id\":\"https:\\\/\\\/legiobiznes.pl\\\/I\\\/kary-za-wycieki-danych-rodo-uderzylo-w-branze-e-commerce-zus-sciga-przedsiebiorcow-bedzie-obnizka-podatku-pit-juz-od-pazdziernika\\\/#article\",\"isPartOf\":{\"@id\":\"https:\\\/\\\/legiobiznes.pl\\\/I\\\/kary-za-wycieki-danych-rodo-uderzylo-w-branze-e-commerce-zus-sciga-przedsiebiorcow-bedzie-obnizka-podatku-pit-juz-od-pazdziernika\\\/\"},\"author\":{\"name\":\"Legiobiznes.pl\",\"@id\":\"https:\\\/\\\/legiobiznes.pl\\\/I\\\/#\\\/schema\\\/person\\\/33c4505a5d28a7c944baf038996052d4\"},\"headline\":\"Kary za wycieki danych. RODO uderzy\u0142o w bran\u017c\u0119 e-commerce. ZUS \u015bciga przedsi\u0119biorc\u00f3w. B\u0119dzie obni\u017cka podatku PIT ju\u017c od pa\u017adziernika\",\"datePublished\":\"2019-08-06T14:50:56+00:00\",\"mainEntityOfPage\":{\"@id\":\"https:\\\/\\\/legiobiznes.pl\\\/I\\\/kary-za-wycieki-danych-rodo-uderzylo-w-branze-e-commerce-zus-sciga-przedsiebiorcow-bedzie-obnizka-podatku-pit-juz-od-pazdziernika\\\/\"},\"wordCount\":1508,\"commentCount\":0,\"publisher\":{\"@id\":\"https:\\\/\\\/legiobiznes.pl\\\/I\\\/#organization\"},\"image\":{\"@id\":\"https:\\\/\\\/legiobiznes.pl\\\/I\\\/kary-za-wycieki-danych-rodo-uderzylo-w-branze-e-commerce-zus-sciga-przedsiebiorcow-bedzie-obnizka-podatku-pit-juz-od-pazdziernika\\\/#primaryimage\"},\"thumbnailUrl\":\"https:\\\/\\\/legiobiznes.pl\\\/I\\\/wp-content\\\/uploads\\\/2019\\\/08\\\/Kary-za-wycieki-danych.-RODO-uderzy\u0142o-w-bran\u017c\u0119-e-commerce.-ZUS-\u015bciga-przedsi\u0119biorc\u00f3w.-B\u0119dzie-obni\u017cka-podatku-PIT-ju\u017c-od-pa\u017adziernika.jpg\",\"keywords\":[\"E-s\u0105d\",\"kary\",\"PIT\",\"podatek\",\"przedsi\u0119biorca\",\"Ultima Ratio\",\"wyciek danych\",\"ZUS\"],\"articleSection\":[\"Prawo\"],\"inLanguage\":\"pl-PL\",\"potentialAction\":[{\"@type\":\"CommentAction\",\"name\":\"Comment\",\"target\":[\"https:\\\/\\\/legiobiznes.pl\\\/I\\\/kary-za-wycieki-danych-rodo-uderzylo-w-branze-e-commerce-zus-sciga-przedsiebiorcow-bedzie-obnizka-podatku-pit-juz-od-pazdziernika\\\/#respond\"]}]},{\"@type\":\"WebPage\",\"@id\":\"https:\\\/\\\/legiobiznes.pl\\\/I\\\/kary-za-wycieki-danych-rodo-uderzylo-w-branze-e-commerce-zus-sciga-przedsiebiorcow-bedzie-obnizka-podatku-pit-juz-od-pazdziernika\\\/\",\"url\":\"https:\\\/\\\/legiobiznes.pl\\\/I\\\/kary-za-wycieki-danych-rodo-uderzylo-w-branze-e-commerce-zus-sciga-przedsiebiorcow-bedzie-obnizka-podatku-pit-juz-od-pazdziernika\\\/\",\"name\":\"Kary za wycieki danych. RODO uderzy\u0142o w bran\u017c\u0119 e-commerce. ZUS \u015bciga przedsi\u0119biorc\u00f3w. B\u0119dzie obni\u017cka podatku PIT ju\u017c od pa\u017adziernika &#187; Legiobiznes.pl\",\"isPartOf\":{\"@id\":\"https:\\\/\\\/legiobiznes.pl\\\/I\\\/#website\"},\"primaryImageOfPage\":{\"@id\":\"https:\\\/\\\/legiobiznes.pl\\\/I\\\/kary-za-wycieki-danych-rodo-uderzylo-w-branze-e-commerce-zus-sciga-przedsiebiorcow-bedzie-obnizka-podatku-pit-juz-od-pazdziernika\\\/#primaryimage\"},\"image\":{\"@id\":\"https:\\\/\\\/legiobiznes.pl\\\/I\\\/kary-za-wycieki-danych-rodo-uderzylo-w-branze-e-commerce-zus-sciga-przedsiebiorcow-bedzie-obnizka-podatku-pit-juz-od-pazdziernika\\\/#primaryimage\"},\"thumbnailUrl\":\"https:\\\/\\\/legiobiznes.pl\\\/I\\\/wp-content\\\/uploads\\\/2019\\\/08\\\/Kary-za-wycieki-danych.-RODO-uderzy\u0142o-w-bran\u017c\u0119-e-commerce.-ZUS-\u015bciga-przedsi\u0119biorc\u00f3w.-B\u0119dzie-obni\u017cka-podatku-PIT-ju\u017c-od-pa\u017adziernika.jpg\",\"datePublished\":\"2019-08-06T14:50:56+00:00\",\"description\":\"Kary za wycieki danych. RODO uderzy\u0142o w bran\u017c\u0119 e-commerce. ZUS \u015bciga przedsi\u0119biorc\u00f3w. B\u0119dzie obni\u017cka podatku PIT ju\u017c od pa\u017adziernika\",\"breadcrumb\":{\"@id\":\"https:\\\/\\\/legiobiznes.pl\\\/I\\\/kary-za-wycieki-danych-rodo-uderzylo-w-branze-e-commerce-zus-sciga-przedsiebiorcow-bedzie-obnizka-podatku-pit-juz-od-pazdziernika\\\/#breadcrumb\"},\"inLanguage\":\"pl-PL\",\"potentialAction\":[{\"@type\":\"ReadAction\",\"target\":[\"https:\\\/\\\/legiobiznes.pl\\\/I\\\/kary-za-wycieki-danych-rodo-uderzylo-w-branze-e-commerce-zus-sciga-przedsiebiorcow-bedzie-obnizka-podatku-pit-juz-od-pazdziernika\\\/\"]}]},{\"@type\":\"ImageObject\",\"inLanguage\":\"pl-PL\",\"@id\":\"https:\\\/\\\/legiobiznes.pl\\\/I\\\/kary-za-wycieki-danych-rodo-uderzylo-w-branze-e-commerce-zus-sciga-przedsiebiorcow-bedzie-obnizka-podatku-pit-juz-od-pazdziernika\\\/#primaryimage\",\"url\":\"https:\\\/\\\/legiobiznes.pl\\\/I\\\/wp-content\\\/uploads\\\/2019\\\/08\\\/Kary-za-wycieki-danych.-RODO-uderzy\u0142o-w-bran\u017c\u0119-e-commerce.-ZUS-\u015bciga-przedsi\u0119biorc\u00f3w.-B\u0119dzie-obni\u017cka-podatku-PIT-ju\u017c-od-pa\u017adziernika.jpg\",\"contentUrl\":\"https:\\\/\\\/legiobiznes.pl\\\/I\\\/wp-content\\\/uploads\\\/2019\\\/08\\\/Kary-za-wycieki-danych.-RODO-uderzy\u0142o-w-bran\u017c\u0119-e-commerce.-ZUS-\u015bciga-przedsi\u0119biorc\u00f3w.-B\u0119dzie-obni\u017cka-podatku-PIT-ju\u017c-od-pa\u017adziernika.jpg\",\"width\":960,\"height\":608,\"caption\":\"Kary za wycieki danych. RODO uderzy\u0142o w bran\u017c\u0119 e-commerce. ZUS \u015bciga przedsi\u0119biorc\u00f3w. B\u0119dzie obni\u017cka podatku PIT ju\u017c od pa\u017adziernika\"},{\"@type\":\"BreadcrumbList\",\"@id\":\"https:\\\/\\\/legiobiznes.pl\\\/I\\\/kary-za-wycieki-danych-rodo-uderzylo-w-branze-e-commerce-zus-sciga-przedsiebiorcow-bedzie-obnizka-podatku-pit-juz-od-pazdziernika\\\/#breadcrumb\",\"itemListElement\":[{\"@type\":\"ListItem\",\"position\":1,\"name\":\"Strona g\u0142\u00f3wna\",\"item\":\"https:\\\/\\\/legiobiznes.pl\\\/I\\\/\"},{\"@type\":\"ListItem\",\"position\":2,\"name\":\"Kary za wycieki danych. RODO uderzy\u0142o w bran\u017c\u0119 e-commerce. ZUS \u015bciga przedsi\u0119biorc\u00f3w. B\u0119dzie obni\u017cka podatku PIT ju\u017c od pa\u017adziernika\"}]},{\"@type\":\"WebSite\",\"@id\":\"https:\\\/\\\/legiobiznes.pl\\\/I\\\/#website\",\"url\":\"https:\\\/\\\/legiobiznes.pl\\\/I\\\/\",\"name\":\"Legiobiznes.pl\",\"description\":\"Kryptowaluty, Bezpiecze\u0144stwo IT, E-biznes | LegioBiznes.PL\",\"publisher\":{\"@id\":\"https:\\\/\\\/legiobiznes.pl\\\/I\\\/#organization\"},\"potentialAction\":[{\"@type\":\"SearchAction\",\"target\":{\"@type\":\"EntryPoint\",\"urlTemplate\":\"https:\\\/\\\/legiobiznes.pl\\\/I\\\/?s={search_term_string}\"},\"query-input\":{\"@type\":\"PropertyValueSpecification\",\"valueRequired\":true,\"valueName\":\"search_term_string\"}}],\"inLanguage\":\"pl-PL\"},{\"@type\":\"Organization\",\"@id\":\"https:\\\/\\\/legiobiznes.pl\\\/I\\\/#organization\",\"name\":\"LegioBiznes.PL\",\"url\":\"https:\\\/\\\/legiobiznes.pl\\\/I\\\/\",\"logo\":{\"@type\":\"ImageObject\",\"inLanguage\":\"pl-PL\",\"@id\":\"https:\\\/\\\/legiobiznes.pl\\\/I\\\/#\\\/schema\\\/logo\\\/image\\\/\",\"url\":\"https:\\\/\\\/legiobiznes.pl\\\/I\\\/wp-content\\\/uploads\\\/2017\\\/08\\\/legiobiznespl-logo2-e1503834302371.png\",\"contentUrl\":\"https:\\\/\\\/legiobiznes.pl\\\/I\\\/wp-content\\\/uploads\\\/2017\\\/08\\\/legiobiznespl-logo2-e1503834302371.png\",\"width\":180,\"height\":76,\"caption\":\"LegioBiznes.PL\"},\"image\":{\"@id\":\"https:\\\/\\\/legiobiznes.pl\\\/I\\\/#\\\/schema\\\/logo\\\/image\\\/\"},\"sameAs\":[\"https:\\\/\\\/www.facebook.com\\\/LegioBiznes\\\/\",\"https:\\\/\\\/x.com\\\/LegioBiznesPL\",\"https:\\\/\\\/www.youtube.com\\\/channel\\\/UCEhszB39vxk96yIXD-jOORw\"]},{\"@type\":\"Person\",\"@id\":\"https:\\\/\\\/legiobiznes.pl\\\/I\\\/#\\\/schema\\\/person\\\/33c4505a5d28a7c944baf038996052d4\",\"name\":\"Legiobiznes.pl\",\"image\":{\"@type\":\"ImageObject\",\"inLanguage\":\"pl-PL\",\"@id\":\"https:\\\/\\\/legiobiznes.pl\\\/I\\\/wp-content\\\/uploads\\\/2019\\\/07\\\/favicon-Legiobiznes-150x150.png\",\"url\":\"https:\\\/\\\/legiobiznes.pl\\\/I\\\/wp-content\\\/uploads\\\/2019\\\/07\\\/favicon-Legiobiznes-150x150.png\",\"contentUrl\":\"https:\\\/\\\/legiobiznes.pl\\\/I\\\/wp-content\\\/uploads\\\/2019\\\/07\\\/favicon-Legiobiznes-150x150.png\",\"caption\":\"Legiobiznes.pl\"},\"description\":\"Budowa i tworzenie profesjonalnych, responsywnych (RWD) stron www. Pozycjonowanie SEO, sklepy internetowe eSklep...\",\"url\":\"https:\\\/\\\/legiobiznes.pl\\\/I\\\/author\\\/boss\\\/\"}]}<\/script>\n<!-- \/ Yoast SEO plugin. -->","yoast_head_json":{"title":"Kary za wycieki danych. RODO uderzy\u0142o w bran\u017c\u0119 e-commerce. ZUS \u015bciga przedsi\u0119biorc\u00f3w. B\u0119dzie obni\u017cka podatku PIT ju\u017c od pa\u017adziernika &#187; Legiobiznes.pl","description":"Kary za wycieki danych. RODO uderzy\u0142o w bran\u017c\u0119 e-commerce. ZUS \u015bciga przedsi\u0119biorc\u00f3w. B\u0119dzie obni\u017cka podatku PIT ju\u017c od pa\u017adziernika","robots":{"index":"index","follow":"follow","max-snippet":"max-snippet:-1","max-image-preview":"max-image-preview:large","max-video-preview":"max-video-preview:-1"},"canonical":"https:\/\/legiobiznes.pl\/I\/kary-za-wycieki-danych-rodo-uderzylo-w-branze-e-commerce-zus-sciga-przedsiebiorcow-bedzie-obnizka-podatku-pit-juz-od-pazdziernika\/","og_locale":"pl_PL","og_type":"article","og_title":"Kary za wycieki danych. RODO uderzy\u0142o w bran\u017c\u0119 e-commerce. ZUS \u015bciga przedsi\u0119biorc\u00f3w. B\u0119dzie obni\u017cka podatku PIT ju\u017c od pa\u017adziernika &#187; Legiobiznes.pl","og_description":"Kary za wycieki danych. RODO uderzy\u0142o w bran\u017c\u0119 e-commerce. ZUS \u015bciga przedsi\u0119biorc\u00f3w. B\u0119dzie obni\u017cka podatku PIT ju\u017c od pa\u017adziernika","og_url":"https:\/\/legiobiznes.pl\/I\/kary-za-wycieki-danych-rodo-uderzylo-w-branze-e-commerce-zus-sciga-przedsiebiorcow-bedzie-obnizka-podatku-pit-juz-od-pazdziernika\/","og_site_name":"Legiobiznes.pl","article_publisher":"https:\/\/www.facebook.com\/LegioBiznes\/","article_published_time":"2019-08-06T14:50:56+00:00","og_image":[{"width":960,"height":608,"url":"https:\/\/legiobiznes.pl\/I\/wp-content\/uploads\/2019\/08\/Kary-za-wycieki-danych.-RODO-uderzy\u0142o-w-bran\u017c\u0119-e-commerce.-ZUS-\u015bciga-przedsi\u0119biorc\u00f3w.-B\u0119dzie-obni\u017cka-podatku-PIT-ju\u017c-od-pa\u017adziernika.jpg","type":"image\/jpeg"}],"author":"Legiobiznes.pl","twitter_card":"summary_large_image","twitter_creator":"@LegioBiznesPL","twitter_site":"@LegioBiznesPL","twitter_misc":{"Napisane przez":"Legiobiznes.pl","Szacowany czas czytania":"7 minut"},"schema":{"@context":"https:\/\/schema.org","@graph":[{"@type":"Article","@id":"https:\/\/legiobiznes.pl\/I\/kary-za-wycieki-danych-rodo-uderzylo-w-branze-e-commerce-zus-sciga-przedsiebiorcow-bedzie-obnizka-podatku-pit-juz-od-pazdziernika\/#article","isPartOf":{"@id":"https:\/\/legiobiznes.pl\/I\/kary-za-wycieki-danych-rodo-uderzylo-w-branze-e-commerce-zus-sciga-przedsiebiorcow-bedzie-obnizka-podatku-pit-juz-od-pazdziernika\/"},"author":{"name":"Legiobiznes.pl","@id":"https:\/\/legiobiznes.pl\/I\/#\/schema\/person\/33c4505a5d28a7c944baf038996052d4"},"headline":"Kary za wycieki danych. RODO uderzy\u0142o w bran\u017c\u0119 e-commerce. ZUS \u015bciga przedsi\u0119biorc\u00f3w. B\u0119dzie obni\u017cka podatku PIT ju\u017c od pa\u017adziernika","datePublished":"2019-08-06T14:50:56+00:00","mainEntityOfPage":{"@id":"https:\/\/legiobiznes.pl\/I\/kary-za-wycieki-danych-rodo-uderzylo-w-branze-e-commerce-zus-sciga-przedsiebiorcow-bedzie-obnizka-podatku-pit-juz-od-pazdziernika\/"},"wordCount":1508,"commentCount":0,"publisher":{"@id":"https:\/\/legiobiznes.pl\/I\/#organization"},"image":{"@id":"https:\/\/legiobiznes.pl\/I\/kary-za-wycieki-danych-rodo-uderzylo-w-branze-e-commerce-zus-sciga-przedsiebiorcow-bedzie-obnizka-podatku-pit-juz-od-pazdziernika\/#primaryimage"},"thumbnailUrl":"https:\/\/legiobiznes.pl\/I\/wp-content\/uploads\/2019\/08\/Kary-za-wycieki-danych.-RODO-uderzy\u0142o-w-bran\u017c\u0119-e-commerce.-ZUS-\u015bciga-przedsi\u0119biorc\u00f3w.-B\u0119dzie-obni\u017cka-podatku-PIT-ju\u017c-od-pa\u017adziernika.jpg","keywords":["E-s\u0105d","kary","PIT","podatek","przedsi\u0119biorca","Ultima Ratio","wyciek danych","ZUS"],"articleSection":["Prawo"],"inLanguage":"pl-PL","potentialAction":[{"@type":"CommentAction","name":"Comment","target":["https:\/\/legiobiznes.pl\/I\/kary-za-wycieki-danych-rodo-uderzylo-w-branze-e-commerce-zus-sciga-przedsiebiorcow-bedzie-obnizka-podatku-pit-juz-od-pazdziernika\/#respond"]}]},{"@type":"WebPage","@id":"https:\/\/legiobiznes.pl\/I\/kary-za-wycieki-danych-rodo-uderzylo-w-branze-e-commerce-zus-sciga-przedsiebiorcow-bedzie-obnizka-podatku-pit-juz-od-pazdziernika\/","url":"https:\/\/legiobiznes.pl\/I\/kary-za-wycieki-danych-rodo-uderzylo-w-branze-e-commerce-zus-sciga-przedsiebiorcow-bedzie-obnizka-podatku-pit-juz-od-pazdziernika\/","name":"Kary za wycieki danych. RODO uderzy\u0142o w bran\u017c\u0119 e-commerce. ZUS \u015bciga przedsi\u0119biorc\u00f3w. B\u0119dzie obni\u017cka podatku PIT ju\u017c od pa\u017adziernika &#187; Legiobiznes.pl","isPartOf":{"@id":"https:\/\/legiobiznes.pl\/I\/#website"},"primaryImageOfPage":{"@id":"https:\/\/legiobiznes.pl\/I\/kary-za-wycieki-danych-rodo-uderzylo-w-branze-e-commerce-zus-sciga-przedsiebiorcow-bedzie-obnizka-podatku-pit-juz-od-pazdziernika\/#primaryimage"},"image":{"@id":"https:\/\/legiobiznes.pl\/I\/kary-za-wycieki-danych-rodo-uderzylo-w-branze-e-commerce-zus-sciga-przedsiebiorcow-bedzie-obnizka-podatku-pit-juz-od-pazdziernika\/#primaryimage"},"thumbnailUrl":"https:\/\/legiobiznes.pl\/I\/wp-content\/uploads\/2019\/08\/Kary-za-wycieki-danych.-RODO-uderzy\u0142o-w-bran\u017c\u0119-e-commerce.-ZUS-\u015bciga-przedsi\u0119biorc\u00f3w.-B\u0119dzie-obni\u017cka-podatku-PIT-ju\u017c-od-pa\u017adziernika.jpg","datePublished":"2019-08-06T14:50:56+00:00","description":"Kary za wycieki danych. RODO uderzy\u0142o w bran\u017c\u0119 e-commerce. ZUS \u015bciga przedsi\u0119biorc\u00f3w. B\u0119dzie obni\u017cka podatku PIT ju\u017c od pa\u017adziernika","breadcrumb":{"@id":"https:\/\/legiobiznes.pl\/I\/kary-za-wycieki-danych-rodo-uderzylo-w-branze-e-commerce-zus-sciga-przedsiebiorcow-bedzie-obnizka-podatku-pit-juz-od-pazdziernika\/#breadcrumb"},"inLanguage":"pl-PL","potentialAction":[{"@type":"ReadAction","target":["https:\/\/legiobiznes.pl\/I\/kary-za-wycieki-danych-rodo-uderzylo-w-branze-e-commerce-zus-sciga-przedsiebiorcow-bedzie-obnizka-podatku-pit-juz-od-pazdziernika\/"]}]},{"@type":"ImageObject","inLanguage":"pl-PL","@id":"https:\/\/legiobiznes.pl\/I\/kary-za-wycieki-danych-rodo-uderzylo-w-branze-e-commerce-zus-sciga-przedsiebiorcow-bedzie-obnizka-podatku-pit-juz-od-pazdziernika\/#primaryimage","url":"https:\/\/legiobiznes.pl\/I\/wp-content\/uploads\/2019\/08\/Kary-za-wycieki-danych.-RODO-uderzy\u0142o-w-bran\u017c\u0119-e-commerce.-ZUS-\u015bciga-przedsi\u0119biorc\u00f3w.-B\u0119dzie-obni\u017cka-podatku-PIT-ju\u017c-od-pa\u017adziernika.jpg","contentUrl":"https:\/\/legiobiznes.pl\/I\/wp-content\/uploads\/2019\/08\/Kary-za-wycieki-danych.-RODO-uderzy\u0142o-w-bran\u017c\u0119-e-commerce.-ZUS-\u015bciga-przedsi\u0119biorc\u00f3w.-B\u0119dzie-obni\u017cka-podatku-PIT-ju\u017c-od-pa\u017adziernika.jpg","width":960,"height":608,"caption":"Kary za wycieki danych. RODO uderzy\u0142o w bran\u017c\u0119 e-commerce. ZUS \u015bciga przedsi\u0119biorc\u00f3w. B\u0119dzie obni\u017cka podatku PIT ju\u017c od pa\u017adziernika"},{"@type":"BreadcrumbList","@id":"https:\/\/legiobiznes.pl\/I\/kary-za-wycieki-danych-rodo-uderzylo-w-branze-e-commerce-zus-sciga-przedsiebiorcow-bedzie-obnizka-podatku-pit-juz-od-pazdziernika\/#breadcrumb","itemListElement":[{"@type":"ListItem","position":1,"name":"Strona g\u0142\u00f3wna","item":"https:\/\/legiobiznes.pl\/I\/"},{"@type":"ListItem","position":2,"name":"Kary za wycieki danych. RODO uderzy\u0142o w bran\u017c\u0119 e-commerce. ZUS \u015bciga przedsi\u0119biorc\u00f3w. B\u0119dzie obni\u017cka podatku PIT ju\u017c od pa\u017adziernika"}]},{"@type":"WebSite","@id":"https:\/\/legiobiznes.pl\/I\/#website","url":"https:\/\/legiobiznes.pl\/I\/","name":"Legiobiznes.pl","description":"Kryptowaluty, Bezpiecze\u0144stwo IT, E-biznes | LegioBiznes.PL","publisher":{"@id":"https:\/\/legiobiznes.pl\/I\/#organization"},"potentialAction":[{"@type":"SearchAction","target":{"@type":"EntryPoint","urlTemplate":"https:\/\/legiobiznes.pl\/I\/?s={search_term_string}"},"query-input":{"@type":"PropertyValueSpecification","valueRequired":true,"valueName":"search_term_string"}}],"inLanguage":"pl-PL"},{"@type":"Organization","@id":"https:\/\/legiobiznes.pl\/I\/#organization","name":"LegioBiznes.PL","url":"https:\/\/legiobiznes.pl\/I\/","logo":{"@type":"ImageObject","inLanguage":"pl-PL","@id":"https:\/\/legiobiznes.pl\/I\/#\/schema\/logo\/image\/","url":"https:\/\/legiobiznes.pl\/I\/wp-content\/uploads\/2017\/08\/legiobiznespl-logo2-e1503834302371.png","contentUrl":"https:\/\/legiobiznes.pl\/I\/wp-content\/uploads\/2017\/08\/legiobiznespl-logo2-e1503834302371.png","width":180,"height":76,"caption":"LegioBiznes.PL"},"image":{"@id":"https:\/\/legiobiznes.pl\/I\/#\/schema\/logo\/image\/"},"sameAs":["https:\/\/www.facebook.com\/LegioBiznes\/","https:\/\/x.com\/LegioBiznesPL","https:\/\/www.youtube.com\/channel\/UCEhszB39vxk96yIXD-jOORw"]},{"@type":"Person","@id":"https:\/\/legiobiznes.pl\/I\/#\/schema\/person\/33c4505a5d28a7c944baf038996052d4","name":"Legiobiznes.pl","image":{"@type":"ImageObject","inLanguage":"pl-PL","@id":"https:\/\/legiobiznes.pl\/I\/wp-content\/uploads\/2019\/07\/favicon-Legiobiznes-150x150.png","url":"https:\/\/legiobiznes.pl\/I\/wp-content\/uploads\/2019\/07\/favicon-Legiobiznes-150x150.png","contentUrl":"https:\/\/legiobiznes.pl\/I\/wp-content\/uploads\/2019\/07\/favicon-Legiobiznes-150x150.png","caption":"Legiobiznes.pl"},"description":"Budowa i tworzenie profesjonalnych, responsywnych (RWD) stron www. Pozycjonowanie SEO, sklepy internetowe eSklep...","url":"https:\/\/legiobiznes.pl\/I\/author\/boss\/"}]}},"_links":{"self":[{"href":"https:\/\/legiobiznes.pl\/I\/wp-json\/wp\/v2\/posts\/1178384","targetHints":{"allow":["GET"]}}],"collection":[{"href":"https:\/\/legiobiznes.pl\/I\/wp-json\/wp\/v2\/posts"}],"about":[{"href":"https:\/\/legiobiznes.pl\/I\/wp-json\/wp\/v2\/types\/post"}],"author":[{"embeddable":true,"href":"https:\/\/legiobiznes.pl\/I\/wp-json\/wp\/v2\/users\/1"}],"replies":[{"embeddable":true,"href":"https:\/\/legiobiznes.pl\/I\/wp-json\/wp\/v2\/comments?post=1178384"}],"version-history":[{"count":0,"href":"https:\/\/legiobiznes.pl\/I\/wp-json\/wp\/v2\/posts\/1178384\/revisions"}],"wp:featuredmedia":[{"embeddable":true,"href":"https:\/\/legiobiznes.pl\/I\/wp-json\/wp\/v2\/media\/1178385"}],"wp:attachment":[{"href":"https:\/\/legiobiznes.pl\/I\/wp-json\/wp\/v2\/media?parent=1178384"}],"wp:term":[{"taxonomy":"category","embeddable":true,"href":"https:\/\/legiobiznes.pl\/I\/wp-json\/wp\/v2\/categories?post=1178384"},{"taxonomy":"post_tag","embeddable":true,"href":"https:\/\/legiobiznes.pl\/I\/wp-json\/wp\/v2\/tags?post=1178384"}],"curies":[{"name":"wp","href":"https:\/\/api.w.org\/{rel}","templated":true}]}}