{"id":1188033,"date":"2019-08-31T08:30:43","date_gmt":"2019-08-31T06:30:43","guid":{"rendered":"https:\/\/legiobiznes.pl\/I\/?p=1188033"},"modified":"2022-09-29T15:47:13","modified_gmt":"2022-09-29T13:47:13","slug":"szykuje-sie-wzrost-skladek-zus-dalsze-wzrosty-wynagrodzen-prawo-bardziej-przyjazne-dla-najmniejszych-firm-kary-za-wtyczke-lubie-to","status":"publish","type":"post","link":"https:\/\/legiobiznes.pl\/I\/szykuje-sie-wzrost-skladek-zus-dalsze-wzrosty-wynagrodzen-prawo-bardziej-przyjazne-dla-najmniejszych-firm-kary-za-wtyczke-lubie-to\/","title":{"rendered":"Szykuje si\u0119 wzrost sk\u0142adek ZUS? Dalsze wzrosty wynagrodze\u0144! Prawo bardziej przyjazne dla najmniejszych firm. Kary za wtyczk\u0119 \u201eLubi\u0119 to\u201d."},"content":{"rendered":"<h2 style=\"text-align: left;\"><strong>Szykuje si\u0119 wzrost sk\u0142adek ZUS? Przedsi\u0119biorcy chc\u0105 reformy systemu<\/strong><\/h2>\n<h4 style=\"text-align: left;\">W ostatnim czasie pojawi\u0142a si\u0119 informacja o wzro\u015bcie sk\u0142adek na ubezpieczenie spo\u0142eczne dla przedsi\u0119biorc\u00f3w w 2020 roku. Wszystko wskazuje na to, \u017ce b\u0119dzie on rekordowo wysoki \u2013 najwy\u017cszy od 2013 roku. Tym samym sk\u0142adki w uj\u0119ciu miesi\u0119czny mia\u0142yby wzrosn\u0105\u0107 o nieca\u0142e 120 z\u0142otych dla ka\u017cdej firmy, kt\u00f3ra nie korzysta z szczeg\u00f3lnych preferencji. To du\u017cy wzrost obci\u0105\u017ce\u0144 \u2013 spowoduje, \u017ce wysoko\u015b\u0107 sk\u0142adek przekroczy 1400 z\u0142otych miesi\u0119cznie. Rzecznik Ma\u0142ych i \u015arednich Przedsi\u0119biorc\u00f3w w li\u015bcie skierowanym do Premiera Mateusza Morawieckiego wskazuje, \u017ce system ten jest wadliwy i wymaga zmian. Federacja Przedsi\u0119biorc\u00f3w Polskich popiera stanowisko Rzecznika M\u015aP w tym zakresie. Opr\u00f3cz tego uwa\u017ca, \u017ce niezb\u0119dne s\u0105 zmiany w sposobie op\u0142acania sk\u0142adek na ubezpieczenie spo\u0142eczne.<\/h4>\n<p style=\"text-align: left;\">Obecny system z jednej strony nadmiernie obci\u0105\u017ca przedsi\u0119biorc\u00f3w osi\u0105gaj\u0105cych niewielkie dochody \u2013 kt\u00f3rych mo\u017cliwo\u015bci finansowe s\u0105 ograniczone. Z drugiej \u2013 nie stanowi problemu dla generuj\u0105cych du\u017ce zyski \u2013 powiedzia\u0142 serwisowi eNewsroom \u0141ukasz Koz\u0142owski, g\u0142\u00f3wny ekonomista Federacji Przedsi\u0119biorc\u00f3w Polskich&#8230;<\/p>\n<a href=\"https:\/\/mambiznes.pl\/wlasny-biznes\/szykuje-sie-wzrost-skladek-zus-przedsiebiorcy-chca-reformy-systemu-94195\" target=\"_blank\" class=\"shortc-button medium red \">Wi\u0119cej dowiesz si\u0119 u \u017ar\u00f3d\u0142a &gt;<\/a>\n<h2><strong>Przedsi\u0119biorcy musz\u0105 przygotowa\u0107 si\u0119 na dalsze wzrosty wynagrodze\u0144<\/strong><\/h2>\n<h4>Wynagrodzenia zn\u00f3w rosn\u0105 w tempie przekraczaj\u0105cym 7 proc. Jednak tak wysokie tempo powinno utrzyma\u0107 si\u0119 do wiosny. Natomiast realny wzrost dochod\u00f3w b\u0119dzie ni\u017cszy ze wzgl\u0119du na inflacj\u0119.<\/h4>\n<p>Nominalna dynamika wynagrodze\u0144 w sektorze przedsi\u0119biorstw zatrudniaj\u0105cych powy\u017cej 9 os\u00f3b w lipcu wynios\u0142a 7,4 proc. r\/r wobec 5,3 proc. w czerwcu, kszta\u0142tuj\u0105c si\u0119 powy\u017cej prognozy analityk\u00f3w rynkowych 7,1 proc.. W uj\u0119ciu realnym, czyli po skorygowaniu o zmiany cen, wynagrodzenia w firmach wzros\u0142y w lipcu o 4,4 proc. r\/r (wobec 2,6 proc. w czerwcu)&#8230;<\/p>\n<a href=\"https:\/\/mambiznes.pl\/bez-kategorii\/przedsiebiorcy-musza-przygotowac-sie-dalsze-wzrosty-wynagrodzen-94494\" target=\"_blank\" class=\"shortc-button medium red \">Wi\u0119cej dowiesz si\u0119 u \u017ar\u00f3d\u0142a &gt;<\/a>\n<p><center><!-- Pula: Marketing \/\/--><br \/>\n<script type=\"text\/javascript\">\n    document.write(unescape('%3Cscript type=\"text\/javascript\" src=\"' + document.location.protocol + \n    '\/\/ec.bankier.pl\/show2\/MzIxMjAsMjUzMjIsNDE4NzY\/' + Math.random() + '\/'+ '\"%3E%3C\/script%3E'));\n<\/script><\/center><\/p>\n<h2><strong>Od 2020 roku prawo b\u0119dzie bardziej przyjazne dla najmniejszych firm<\/strong><\/h2>\n<h4>Przygotowany przez\u00a0MPiT pakiet Przyjazne Prawo ma u\u0142atwi\u0107 przedsi\u0119biorcom prowadzenie biznesu. Obejmuje kilkadziesi\u0105t u\u0142atwie\u0144, zw\u0142aszcza dla\u00a0ma\u0142ych i\u00a0\u015brednich firm, w\u015br\u00f3d kt\u00f3rych g\u0142\u00f3wne to m.in. prawo do b\u0142\u0119du przez\u00a0pierwszy rok prowadzenia dzia\u0142alno\u015bci gospodarczej i\u00a0ochrona konsumencka dla\u00a0firm zarejestrowanych w\u00a0CEIDG. Zmiany s\u0105 sp\u00f3jne z\u00a0innymi, wprowadzonymi wcze\u015bniej w\u00a0Konstytucji dla\u00a0Biznesu oraz\u00a0Pakiecie M\u015aP. Maj\u0105 wyeliminowa\u0107 te przepisy, kt\u00f3re s\u0105 przestarza\u0142e, zbyt restrykcyjne i\u00a0nie przystaj\u0105 do wsp\u00f3\u0142czesnych reali\u00f3w gospodarczych. Wi\u0119kszo\u015b\u0107 z\u00a0nich wejdzie w\u00a0\u017cycie od stycznia 2020 roku.<\/h4>\n<p>Przygotowany przez MPiT projekt zmian w blisko 70 ustawach, czyli pakiet Przyjazne Prawo (PPP), kt\u00f3ry ma u\u0142atwi\u0107 przedsi\u0119biorcom prowadzenie biznesu, zosta\u0142 podpisany przez prezydenta w pierwszej po\u0142owie sierpnia&#8230;<\/p>\n<a href=\"https:\/\/mambiznes.pl\/wlasny-biznes\/2020-roku-prawo-bedzie-bardziej-przyjazne-dla-najmniejszych-firm-94601\" target=\"_blank\" class=\"shortc-button medium red \">Wi\u0119cej dowiesz si\u0119 u \u017ar\u00f3d\u0142a &gt;<\/a>\n<h2 class=\"title\"><strong>Dobra wiadomo\u015b\u0107 dla w\u0142a\u015bcicieli ma\u0142ych firm<\/strong><\/h2>\n<h4>Pakiet Przyjazne Prawo (pe\u0142n\u0105 tre\u015b\u0107 ustawy\u00a0znajdziecie tutaj) zawiera nowelizacj\u0119 przepis\u00f3w (w r\u00f3\u017cnych aktach ustawodawczych), kt\u00f3re maj\u0105 u\u0142atwi\u0107 \u017cycie m.in. mikro- i miniprzedsi\u0119biorstwom.\u00a0Jednym z takich u\u0142atwie\u0144 ma by\u0107 ochrona konsumencka, czyli prawo do reklamacji dla firm zarejestrowanych w CEIDG.<\/h4>\n<p>Do tej pory\u00a0Ustawa o ochronie konkurencji i konsument\u00f3w chroni\u0142a przeci\u0119tnego Kowalskiego, o ile by\u0142 osob\u0105 prywatn\u0105. Ten sam Kowalski prowadz\u0105cy dzia\u0142alno\u015b\u0107, cho\u0107by jednoosobow\u0105, na podobn\u0105 ochron\u0119 liczy\u0107 nie m\u00f3g\u0142. Kowalski przedsi\u0119biorca m\u00f3g\u0142 liczy\u0107 w tej kwestii na przepisy Kodeksu Cywilnego, a te s\u0105 mniej korzystne ni\u017c wspomniana ustawa&#8230;<\/p>\n<a href=\"https:\/\/www.chip.pl\/2019\/08\/dobra-wiadomosc-dla-wlascicieli-malych-firm\/\" target=\"_blank\" class=\"shortc-button medium red \">Wi\u0119cej dowiesz si\u0119 u \u017ar\u00f3d\u0142a &gt;<\/a>\n<h2><strong>Wielu przedsi\u0119biorcom gro\u017c\u0105 kary za wtyczk\u0119 \u201eLubi\u0119 to\u201d. Jest wyrok TSUE<\/strong><\/h2>\n<h4>Wiele firm na swoich stronach internetowych zamieszcza wtyczki \u201eLubi\u0119 to\u201d, jednak nikt z nich nie wiedzia\u0142, \u017ce w takim przypadku staj\u0105 si\u0119 odpowiedzialnymi za dane. Potwierdzi\u0142 to wyrok Trybuna\u0142u Sprawiedliwo\u015bci Unii Europejskiej, kt\u00f3ry tym samym na\u0142o\u017cy\u0142 nowe obowi\u0105zki na przedsi\u0119biorc\u00f3w.<\/h4>\n<p>29 lipca 2019 roku TSUE wyda\u0142 wyrok w sprawie przycisku \u201eLubi\u0119 to\u201d Facebooka. Trybuna\u0142 zajmowa\u0142 si\u0119 tym tematem ze wzgl\u0119du na spraw\u0119 niemieckiego serwisu Fashion ID prowadzon\u0105 przez s\u0105d krajowy w D\u00fcsseldorfie, kt\u00f3ry to z\u0142o\u017cy\u0142 wniosek o wydanie orzeczenia w trybie prejudycjalnym&#8230;<\/p>\n<a href=\"https:\/\/mambiznes.pl\/wlasny-biznes\/wielu-przedsiebiorcom-groza-kary-wtyczke-lubie-wyrok-tsue-94229\" target=\"_blank\" class=\"shortc-button medium red \">Wi\u0119cej dowiesz si\u0119 u \u017ar\u00f3d\u0142a &gt;<\/a>\n<p><center><!-- Pula: Marketing2 \/\/--><br \/>\n<script type=\"text\/javascript\">\n    document.write(unescape('%3Cscript type=\"text\/javascript\" src=\"' + document.location.protocol + \n    '\/\/ec.bankier.pl\/show2\/MzIxMjEsMjUzMjIsNDE4NzY\/' + Math.random() + '\/'+ '\"%3E%3C\/script%3E'));\n<\/script><\/center><\/p>\n<h2><strong><span class=\"red\">Ministerstwo Cyfryzacji zapowiada kolejne u\u0142atwienia dla obywateli<\/span><\/strong><\/h2>\n<h4>Rada Ministr\u00f3w przyj\u0119\u0142a zmiany w ustawie o informatyzacji. Umo\u017cliwi ona wprowadzenie nowych rozwi\u0105za\u0144 dla obywateli. Ministerstwo Cyfryzacji wprowadza tak\u017ce przypominajk\u0119 telefoniczn\u0105 i up\u0142ywie wa\u017cno\u015bci dowodu osobistego dla posiadaczy profilu zaufanego.<\/h4>\n<p>Masz profil zaufany? Ministerstwo Cyfryzacji przypomni Ci, \u017ce ko\u0144czy si\u0119 wa\u017cno\u015b\u0107 twojego dowodu osobistego &#8211; na 60, 45 i 20 dni przed ko\u0144cem wa\u017cno\u015bci dowodu osobistego otrzymasz SMS przypominaj\u0105cy o up\u0142ywie terminu wa\u017cno\u015bci dowodu. SMS przyjdzie na numer telefonu, kt\u00f3rego u\u017cywasz do autoryzacji podpisu profilem zaufanym&#8230;<\/p>\n<a href=\"http:\/\/di.com.pl\/ministerstwo-cyfryzacji-zapowiada-kolejne-ulatwienia-dla-obywateli-63782?utm_source=feedburner&amp;utm_medium=feed&amp;utm_campaign=Feed%3A+glowny-di+%280+-+DI+kanal+glowny+%28go%C5%82y%29%29\" target=\"_blank\" class=\"shortc-button medium red \">Wi\u0119cej dowiesz si\u0119 u \u017ar\u00f3d\u0142a &gt;<\/a>\n<h2><strong>Ponad milion Polak\u00f3w ma e-dow\u00f3d &#8211; ilu aktywowa\u0142o warstw\u0119 elektroniczna?<\/strong><\/h2>\n<h4>Od marca w naszym kraju dost\u0119pny jest e-dow\u00f3d, czyli dow\u00f3d osobisty z warstw\u0105 elektroniczn\u0105. W ci\u0105gu tych kilku miesi\u0119cy na jego wyrobienie zdecydowa\u0142o si\u0119 ju\u017c ponad milion Polak\u00f3w.<\/h4>\n<p>Ministerstwo Cyfryzacji poinformowa\u0142o, \u017ce\u00a0<a title=\"e-dow\u00f3d: co to jest i jak dzia\u0142a?\" href=\"http:\/\/www.benchmark.pl\/aktualnosci\/e-dowod-co-to-jest-jak-dziala-co-daje-i-jak-zlozyc-wniosek.html\" target=\"_blank\" rel=\"noopener noreferrer\">e-dow\u00f3d osobisty<\/a> ma ju\u017c ponad milion Polak\u00f3w. To niez\u0142y wynik, bior\u0105c pod uwag\u0119 fakt, \u017ce te nowe dokumenty to\u017csamo\u015bci wydawane s\u0105 dopiero od niespe\u0142na pi\u0119ciu miesi\u0119cy. Na razie jednak trudno m\u00f3wi\u0107 o tym, \u017ce jeste\u015bmy \u015bwiadkami rewolucji&#8230;<\/p>\n<a href=\"http:\/\/www.benchmark.pl\/aktualnosci\/e-dowod-osobisty-ma-go-juz-milion-polakow.html\" target=\"_blank\" class=\"shortc-button medium red \">Wi\u0119cej dowiesz si\u0119 u \u017ar\u00f3d\u0142a &gt;<\/a>\n<h2><strong>Podatnicy chc\u0105, aby zerowy PIT obj\u0105\u0142 m\u0142odych przedsi\u0119biorc\u00f3w<\/strong><\/h2>\n<h4>Polacy s\u0105 zadowoleni z wprowadzonego zwolnienia podatkowego dla os\u00f3b m\u0142odych przed uko\u0144czeniem 26. roku \u017cycia. Jednak chcieliby, aby ulga zosta\u0142a rozszerzona tak\u017ce o przedsi\u0119biorc\u00f3w \u2013 wynika z sondy przeprowadzonej przez portal\u00a0<a href=\"https:\/\/www.pit.pl\/aktualnosci\/kto-popiera-zerowy-pit-dla-mlodych-dla-kogo-kolejne-zwolnienie-z-podatku-963070\" target=\"_blank\" rel=\"noopener noreferrer\">PIT.pl.<\/a><\/h4>\n<p>Na grupie 9771 os\u00f3b portal PIT.pl przeprowadzi\u0142 sond\u0119, w kt\u00f3rej zapyta\u0142 czytelnik\u00f3w o istotne sprawy zwi\u0105zane z tzw. zerowym PIT-em. Jak zauwa\u017cono, niemal 66 proc. badanych pozytywnie oceni\u0142o wprowadzon\u0105 ulg\u0119 dla os\u00f3b m\u0142odych. Wskazali przy tym, \u017ce istotn\u0105 zalet\u0105 tego rozwi\u0105zania jest wy\u017csza kwota netto wynagrodzenia otrzymana \u201edo r\u0119ki\u201d (35 proc. badanych). Jednak, gdy przyjrzymy si\u0119 szczeg\u00f3\u0142owej na udzielone odpowiedzi, mo\u017cna zaobserwowa\u0107, \u017ce nowe rozwi\u0105zanie, poza politykami i ustawodawcami, popieraj\u0105 g\u0142\u00f3wnie m\u0142odzi, czyli osoby, kt\u00f3re nie uko\u0144czy\u0142y jeszcze 26. roku \u017cycia&#8230;<\/p>\n<a href=\"https:\/\/mambiznes.pl\/wlasny-biznes\/podatnicy-chca-aby-zerowy-pit-objal-mlodych-przedsiebiorcow-94449\" target=\"_blank\" class=\"shortc-button medium red \">Wi\u0119cej dowiesz si\u0119 u \u017ar\u00f3d\u0142a &gt;<\/a>\n<h2><strong>Nowy tryb post\u0119powa\u0144 s\u0105dowych przy sporach pomi\u0119dzy przedsi\u0119biorcami<\/strong><\/h2>\n<h4>Rewolucyjna zmiana kodeksu post\u0119powania cywilnego, wprowadzaj\u0105ca fundamentalne zmiany w przebiegu post\u0119powa\u0144 s\u0105dowych, ju\u017c wkr\u00f3tce stanie si\u0119 cz\u0119\u015bci\u0105 obowi\u0105zuj\u0105cego systemu prawnego.<\/h4>\n<p>Jedn\u0105 z zasadniczych zmian w tej szeroko komentowanej ustawie jest przywr\u00f3cenie odr\u0119bnego post\u0119powania gospodarczego. Ten specjalny tryb post\u0119powania pozwoli na rozstrzyganie spor\u00f3w cywilnych pomi\u0119dzy przedsi\u0119biorcami, a tak\u017ce mi\u0119dzy innymi w sprawach z um\u00f3w o roboty budowlane czy um\u00f3w leasingu&#8230;<\/p>\n<a href=\"https:\/\/mambiznes.pl\/wlasny-biznes\/nowy-tryb-postepowan-sadowych-przy-sporach-pomiedzy-przedsiebiorcami-94599\" target=\"_blank\" class=\"shortc-button medium red \">Wi\u0119cej dowiesz si\u0119 u \u017ar\u00f3d\u0142a &gt;<\/a>\n<h2><strong>Brak deficytu w bud\u017cecie kosztem przedsi\u0119biorc\u00f3w? ZUS w g\u00f3r\u0119 i mniej ulg<\/strong><\/h2>\n<h4>Og\u0142oszony bud\u017cet bez deficytu to du\u017cy problem dla przedsi\u0119biorc\u00f3w. Przy rosn\u0105cych wydatkach, konieczne by\u0142o znalezienie dodatkowego przychodu. W konsekwencji tego, w\u0142a\u015bciciele firm zap\u0142ac\u0105 wi\u0119cej i strac\u0105 cz\u0119\u015b\u0107 ulg.<\/h4>\n<p>Bud\u017cet na rok 2020, jak wynika z projektu b\u0119dzie po raz pierwszy od 30 lat bez deficytu. Jednak przy rosn\u0105cych wydatkach m.in. na programy socjalne, rz\u0105d musia\u0142 znale\u017a\u0107 dodatkowe \u017ar\u00f3d\u0142a przychod\u00f3w. Na celowniku znale\u017ali si\u0119 przedsi\u0119biorcy, kt\u00f3rzy nie tylko zap\u0142ac\u0105 wi\u0119cej, ale i utrac\u0105 cz\u0119\u015b\u0107 ulg&#8230;<\/p>\n<a href=\"https:\/\/mambiznes.pl\/wlasny-biznes\/brak-deficytu-budzecie-kosztem-przedsiebiorcow-zus-gore-ulg-94581\" target=\"_blank\" class=\"shortc-button medium red \">Wi\u0119cej dowiesz si\u0119 u \u017ar\u00f3d\u0142a &gt;<\/a>\n","protected":false},"excerpt":{"rendered":"<p>Szykuje si\u0119 wzrost sk\u0142adek ZUS? Przedsi\u0119biorcy chc\u0105 reformy systemu W ostatnim czasie pojawi\u0142a si\u0119 informacja o wzro\u015bcie sk\u0142adek na ubezpieczenie spo\u0142eczne dla przedsi\u0119biorc\u00f3w w 2020 roku. Wszystko wskazuje na to, \u017ce b\u0119dzie on rekordowo wysoki \u2013 najwy\u017cszy od 2013 roku. Tym samym sk\u0142adki w uj\u0119ciu miesi\u0119czny mia\u0142yby wzrosn\u0105\u0107 o nieca\u0142e 120 z\u0142otych dla ka\u017cdej firmy, &hellip;<\/p>\n","protected":false},"author":1,"featured_media":1188034,"comment_status":"open","ping_status":"closed","sticky":false,"template":"","format":"standard","meta":{"footnotes":""},"categories":[1294],"tags":[4851,6129,3852,6128,2478],"class_list":["post-1188033","post","type-post","status-publish","format-standard","has-post-thumbnail","","category-prawo","tag-e-dowod","tag-firm","tag-pit","tag-przedsiebiorcom","tag-zus"],"yoast_head":"<!-- This site is optimized with the Yoast SEO plugin v27.5 - https:\/\/yoast.com\/product\/yoast-seo-wordpress\/ -->\n<title>Szykuje si\u0119 wzrost sk\u0142adek ZUS? Dalsze wzrosty wynagrodze\u0144! Prawo bardziej przyjazne dla najmniejszych firm. Kary za wtyczk\u0119 \u201eLubi\u0119 to\u201d. &#187; Legiobiznes.pl<\/title>\n<meta name=\"description\" content=\"Szykuje si\u0119 wzrost sk\u0142adek ZUS? Dalsze wzrosty wynagrodze\u0144! Prawo bardziej przyjazne dla najmniejszych firm. Kary za wtyczk\u0119 \u201eLubi\u0119 to\u201d.\" \/>\n<meta name=\"robots\" content=\"index, follow, max-snippet:-1, max-image-preview:large, max-video-preview:-1\" \/>\n<link rel=\"canonical\" href=\"https:\/\/legiobiznes.pl\/I\/szykuje-sie-wzrost-skladek-zus-dalsze-wzrosty-wynagrodzen-prawo-bardziej-przyjazne-dla-najmniejszych-firm-kary-za-wtyczke-lubie-to\/\" \/>\n<meta property=\"og:locale\" content=\"pl_PL\" \/>\n<meta property=\"og:type\" content=\"article\" \/>\n<meta property=\"og:title\" content=\"Szykuje si\u0119 wzrost sk\u0142adek ZUS? Dalsze wzrosty wynagrodze\u0144! Prawo bardziej przyjazne dla najmniejszych firm. Kary za wtyczk\u0119 \u201eLubi\u0119 to\u201d. &#187; Legiobiznes.pl\" \/>\n<meta property=\"og:description\" content=\"Szykuje si\u0119 wzrost sk\u0142adek ZUS? Dalsze wzrosty wynagrodze\u0144! Prawo bardziej przyjazne dla najmniejszych firm. Kary za wtyczk\u0119 \u201eLubi\u0119 to\u201d.\" \/>\n<meta property=\"og:url\" content=\"https:\/\/legiobiznes.pl\/I\/szykuje-sie-wzrost-skladek-zus-dalsze-wzrosty-wynagrodzen-prawo-bardziej-przyjazne-dla-najmniejszych-firm-kary-za-wtyczke-lubie-to\/\" \/>\n<meta property=\"og:site_name\" content=\"Legiobiznes.pl\" \/>\n<meta property=\"article:publisher\" content=\"https:\/\/www.facebook.com\/LegioBiznes\/\" \/>\n<meta property=\"article:published_time\" content=\"2019-08-31T06:30:43+00:00\" \/>\n<meta property=\"article:modified_time\" content=\"2022-09-29T13:47:13+00:00\" \/>\n<meta property=\"og:image\" content=\"https:\/\/legiobiznes.pl\/I\/wp-content\/uploads\/2019\/08\/Szykuje-si\u0119-wzrost-sk\u0142adek-ZUS-Dalsze-wzrosty-wynagrodze\u0144-Prawo-bardziej-przyjazne-dla-najmniejszych-firm.-Kary-za-wtyczk\u0119-\u201eLubi\u0119-to\u201d..jpg\" \/>\n\t<meta property=\"og:image:width\" content=\"960\" \/>\n\t<meta property=\"og:image:height\" content=\"640\" \/>\n\t<meta property=\"og:image:type\" content=\"image\/jpeg\" \/>\n<meta name=\"author\" content=\"Legiobiznes.pl\" \/>\n<meta name=\"twitter:card\" content=\"summary_large_image\" \/>\n<meta name=\"twitter:creator\" content=\"@LegioBiznesPL\" \/>\n<meta name=\"twitter:site\" content=\"@LegioBiznesPL\" \/>\n<meta name=\"twitter:label1\" content=\"Napisane przez\" \/>\n\t<meta name=\"twitter:data1\" content=\"Legiobiznes.pl\" \/>\n\t<meta name=\"twitter:label2\" content=\"Szacowany czas czytania\" \/>\n\t<meta name=\"twitter:data2\" content=\"7 minut\" \/>\n<script type=\"application\/ld+json\" class=\"yoast-schema-graph\">{\"@context\":\"https:\\\/\\\/schema.org\",\"@graph\":[{\"@type\":\"Article\",\"@id\":\"https:\\\/\\\/legiobiznes.pl\\\/I\\\/szykuje-sie-wzrost-skladek-zus-dalsze-wzrosty-wynagrodzen-prawo-bardziej-przyjazne-dla-najmniejszych-firm-kary-za-wtyczke-lubie-to\\\/#article\",\"isPartOf\":{\"@id\":\"https:\\\/\\\/legiobiznes.pl\\\/I\\\/szykuje-sie-wzrost-skladek-zus-dalsze-wzrosty-wynagrodzen-prawo-bardziej-przyjazne-dla-najmniejszych-firm-kary-za-wtyczke-lubie-to\\\/\"},\"author\":{\"name\":\"Legiobiznes.pl\",\"@id\":\"https:\\\/\\\/legiobiznes.pl\\\/I\\\/#\\\/schema\\\/person\\\/33c4505a5d28a7c944baf038996052d4\"},\"headline\":\"Szykuje si\u0119 wzrost sk\u0142adek ZUS? Dalsze wzrosty wynagrodze\u0144! Prawo bardziej przyjazne dla najmniejszych firm. Kary za wtyczk\u0119 \u201eLubi\u0119 to\u201d.\",\"datePublished\":\"2019-08-31T06:30:43+00:00\",\"dateModified\":\"2022-09-29T13:47:13+00:00\",\"mainEntityOfPage\":{\"@id\":\"https:\\\/\\\/legiobiznes.pl\\\/I\\\/szykuje-sie-wzrost-skladek-zus-dalsze-wzrosty-wynagrodzen-prawo-bardziej-przyjazne-dla-najmniejszych-firm-kary-za-wtyczke-lubie-to\\\/\"},\"wordCount\":1496,\"commentCount\":0,\"publisher\":{\"@id\":\"https:\\\/\\\/legiobiznes.pl\\\/I\\\/#organization\"},\"image\":{\"@id\":\"https:\\\/\\\/legiobiznes.pl\\\/I\\\/szykuje-sie-wzrost-skladek-zus-dalsze-wzrosty-wynagrodzen-prawo-bardziej-przyjazne-dla-najmniejszych-firm-kary-za-wtyczke-lubie-to\\\/#primaryimage\"},\"thumbnailUrl\":\"https:\\\/\\\/legiobiznes.pl\\\/I\\\/wp-content\\\/uploads\\\/2019\\\/08\\\/Szykuje-si\u0119-wzrost-sk\u0142adek-ZUS-Dalsze-wzrosty-wynagrodze\u0144-Prawo-bardziej-przyjazne-dla-najmniejszych-firm.-Kary-za-wtyczk\u0119-\u201eLubi\u0119-to\u201d..jpg\",\"keywords\":[\"e-dow\u00f3d\",\"firm\",\"PIT\",\"przedsi\u0119biorcom\",\"ZUS\"],\"articleSection\":[\"Prawo\"],\"inLanguage\":\"pl-PL\",\"potentialAction\":[{\"@type\":\"CommentAction\",\"name\":\"Comment\",\"target\":[\"https:\\\/\\\/legiobiznes.pl\\\/I\\\/szykuje-sie-wzrost-skladek-zus-dalsze-wzrosty-wynagrodzen-prawo-bardziej-przyjazne-dla-najmniejszych-firm-kary-za-wtyczke-lubie-to\\\/#respond\"]}]},{\"@type\":\"WebPage\",\"@id\":\"https:\\\/\\\/legiobiznes.pl\\\/I\\\/szykuje-sie-wzrost-skladek-zus-dalsze-wzrosty-wynagrodzen-prawo-bardziej-przyjazne-dla-najmniejszych-firm-kary-za-wtyczke-lubie-to\\\/\",\"url\":\"https:\\\/\\\/legiobiznes.pl\\\/I\\\/szykuje-sie-wzrost-skladek-zus-dalsze-wzrosty-wynagrodzen-prawo-bardziej-przyjazne-dla-najmniejszych-firm-kary-za-wtyczke-lubie-to\\\/\",\"name\":\"Szykuje si\u0119 wzrost sk\u0142adek ZUS? Dalsze wzrosty wynagrodze\u0144! Prawo bardziej przyjazne dla najmniejszych firm. Kary za wtyczk\u0119 \u201eLubi\u0119 to\u201d. &#187; Legiobiznes.pl\",\"isPartOf\":{\"@id\":\"https:\\\/\\\/legiobiznes.pl\\\/I\\\/#website\"},\"primaryImageOfPage\":{\"@id\":\"https:\\\/\\\/legiobiznes.pl\\\/I\\\/szykuje-sie-wzrost-skladek-zus-dalsze-wzrosty-wynagrodzen-prawo-bardziej-przyjazne-dla-najmniejszych-firm-kary-za-wtyczke-lubie-to\\\/#primaryimage\"},\"image\":{\"@id\":\"https:\\\/\\\/legiobiznes.pl\\\/I\\\/szykuje-sie-wzrost-skladek-zus-dalsze-wzrosty-wynagrodzen-prawo-bardziej-przyjazne-dla-najmniejszych-firm-kary-za-wtyczke-lubie-to\\\/#primaryimage\"},\"thumbnailUrl\":\"https:\\\/\\\/legiobiznes.pl\\\/I\\\/wp-content\\\/uploads\\\/2019\\\/08\\\/Szykuje-si\u0119-wzrost-sk\u0142adek-ZUS-Dalsze-wzrosty-wynagrodze\u0144-Prawo-bardziej-przyjazne-dla-najmniejszych-firm.-Kary-za-wtyczk\u0119-\u201eLubi\u0119-to\u201d..jpg\",\"datePublished\":\"2019-08-31T06:30:43+00:00\",\"dateModified\":\"2022-09-29T13:47:13+00:00\",\"description\":\"Szykuje si\u0119 wzrost sk\u0142adek ZUS? Dalsze wzrosty wynagrodze\u0144! Prawo bardziej przyjazne dla najmniejszych firm. Kary za wtyczk\u0119 \u201eLubi\u0119 to\u201d.\",\"breadcrumb\":{\"@id\":\"https:\\\/\\\/legiobiznes.pl\\\/I\\\/szykuje-sie-wzrost-skladek-zus-dalsze-wzrosty-wynagrodzen-prawo-bardziej-przyjazne-dla-najmniejszych-firm-kary-za-wtyczke-lubie-to\\\/#breadcrumb\"},\"inLanguage\":\"pl-PL\",\"potentialAction\":[{\"@type\":\"ReadAction\",\"target\":[\"https:\\\/\\\/legiobiznes.pl\\\/I\\\/szykuje-sie-wzrost-skladek-zus-dalsze-wzrosty-wynagrodzen-prawo-bardziej-przyjazne-dla-najmniejszych-firm-kary-za-wtyczke-lubie-to\\\/\"]}]},{\"@type\":\"ImageObject\",\"inLanguage\":\"pl-PL\",\"@id\":\"https:\\\/\\\/legiobiznes.pl\\\/I\\\/szykuje-sie-wzrost-skladek-zus-dalsze-wzrosty-wynagrodzen-prawo-bardziej-przyjazne-dla-najmniejszych-firm-kary-za-wtyczke-lubie-to\\\/#primaryimage\",\"url\":\"https:\\\/\\\/legiobiznes.pl\\\/I\\\/wp-content\\\/uploads\\\/2019\\\/08\\\/Szykuje-si\u0119-wzrost-sk\u0142adek-ZUS-Dalsze-wzrosty-wynagrodze\u0144-Prawo-bardziej-przyjazne-dla-najmniejszych-firm.-Kary-za-wtyczk\u0119-\u201eLubi\u0119-to\u201d..jpg\",\"contentUrl\":\"https:\\\/\\\/legiobiznes.pl\\\/I\\\/wp-content\\\/uploads\\\/2019\\\/08\\\/Szykuje-si\u0119-wzrost-sk\u0142adek-ZUS-Dalsze-wzrosty-wynagrodze\u0144-Prawo-bardziej-przyjazne-dla-najmniejszych-firm.-Kary-za-wtyczk\u0119-\u201eLubi\u0119-to\u201d..jpg\",\"width\":960,\"height\":640,\"caption\":\"Szykuje si\u0119 wzrost sk\u0142adek ZUS Dalsze wzrosty wynagrodze\u0144! Prawo bardziej przyjazne dla najmniejszych firm. Kary za wtyczk\u0119 \u201eLubi\u0119 to\u201d.\"},{\"@type\":\"BreadcrumbList\",\"@id\":\"https:\\\/\\\/legiobiznes.pl\\\/I\\\/szykuje-sie-wzrost-skladek-zus-dalsze-wzrosty-wynagrodzen-prawo-bardziej-przyjazne-dla-najmniejszych-firm-kary-za-wtyczke-lubie-to\\\/#breadcrumb\",\"itemListElement\":[{\"@type\":\"ListItem\",\"position\":1,\"name\":\"Strona g\u0142\u00f3wna\",\"item\":\"https:\\\/\\\/legiobiznes.pl\\\/I\\\/\"},{\"@type\":\"ListItem\",\"position\":2,\"name\":\"Szykuje si\u0119 wzrost sk\u0142adek ZUS? Dalsze wzrosty wynagrodze\u0144! Prawo bardziej przyjazne dla najmniejszych firm. Kary za wtyczk\u0119 \u201eLubi\u0119 to\u201d.\"}]},{\"@type\":\"WebSite\",\"@id\":\"https:\\\/\\\/legiobiznes.pl\\\/I\\\/#website\",\"url\":\"https:\\\/\\\/legiobiznes.pl\\\/I\\\/\",\"name\":\"Legiobiznes.pl\",\"description\":\"Kryptowaluty, Bezpiecze\u0144stwo IT, E-biznes | LegioBiznes.PL\",\"publisher\":{\"@id\":\"https:\\\/\\\/legiobiznes.pl\\\/I\\\/#organization\"},\"potentialAction\":[{\"@type\":\"SearchAction\",\"target\":{\"@type\":\"EntryPoint\",\"urlTemplate\":\"https:\\\/\\\/legiobiznes.pl\\\/I\\\/?s={search_term_string}\"},\"query-input\":{\"@type\":\"PropertyValueSpecification\",\"valueRequired\":true,\"valueName\":\"search_term_string\"}}],\"inLanguage\":\"pl-PL\"},{\"@type\":\"Organization\",\"@id\":\"https:\\\/\\\/legiobiznes.pl\\\/I\\\/#organization\",\"name\":\"LegioBiznes.PL\",\"url\":\"https:\\\/\\\/legiobiznes.pl\\\/I\\\/\",\"logo\":{\"@type\":\"ImageObject\",\"inLanguage\":\"pl-PL\",\"@id\":\"https:\\\/\\\/legiobiznes.pl\\\/I\\\/#\\\/schema\\\/logo\\\/image\\\/\",\"url\":\"https:\\\/\\\/legiobiznes.pl\\\/I\\\/wp-content\\\/uploads\\\/2017\\\/08\\\/legiobiznespl-logo2-e1503834302371.png\",\"contentUrl\":\"https:\\\/\\\/legiobiznes.pl\\\/I\\\/wp-content\\\/uploads\\\/2017\\\/08\\\/legiobiznespl-logo2-e1503834302371.png\",\"width\":180,\"height\":76,\"caption\":\"LegioBiznes.PL\"},\"image\":{\"@id\":\"https:\\\/\\\/legiobiznes.pl\\\/I\\\/#\\\/schema\\\/logo\\\/image\\\/\"},\"sameAs\":[\"https:\\\/\\\/www.facebook.com\\\/LegioBiznes\\\/\",\"https:\\\/\\\/x.com\\\/LegioBiznesPL\",\"https:\\\/\\\/www.youtube.com\\\/channel\\\/UCEhszB39vxk96yIXD-jOORw\"]},{\"@type\":\"Person\",\"@id\":\"https:\\\/\\\/legiobiznes.pl\\\/I\\\/#\\\/schema\\\/person\\\/33c4505a5d28a7c944baf038996052d4\",\"name\":\"Legiobiznes.pl\",\"image\":{\"@type\":\"ImageObject\",\"inLanguage\":\"pl-PL\",\"@id\":\"https:\\\/\\\/legiobiznes.pl\\\/I\\\/wp-content\\\/uploads\\\/2019\\\/07\\\/favicon-Legiobiznes-150x150.png\",\"url\":\"https:\\\/\\\/legiobiznes.pl\\\/I\\\/wp-content\\\/uploads\\\/2019\\\/07\\\/favicon-Legiobiznes-150x150.png\",\"contentUrl\":\"https:\\\/\\\/legiobiznes.pl\\\/I\\\/wp-content\\\/uploads\\\/2019\\\/07\\\/favicon-Legiobiznes-150x150.png\",\"caption\":\"Legiobiznes.pl\"},\"description\":\"Budowa i tworzenie profesjonalnych, responsywnych (RWD) stron www. Pozycjonowanie SEO, sklepy internetowe eSklep...\",\"url\":\"https:\\\/\\\/legiobiznes.pl\\\/I\\\/author\\\/boss\\\/\"}]}<\/script>\n<!-- \/ Yoast SEO plugin. -->","yoast_head_json":{"title":"Szykuje si\u0119 wzrost sk\u0142adek ZUS? Dalsze wzrosty wynagrodze\u0144! Prawo bardziej przyjazne dla najmniejszych firm. Kary za wtyczk\u0119 \u201eLubi\u0119 to\u201d. &#187; Legiobiznes.pl","description":"Szykuje si\u0119 wzrost sk\u0142adek ZUS? Dalsze wzrosty wynagrodze\u0144! Prawo bardziej przyjazne dla najmniejszych firm. Kary za wtyczk\u0119 \u201eLubi\u0119 to\u201d.","robots":{"index":"index","follow":"follow","max-snippet":"max-snippet:-1","max-image-preview":"max-image-preview:large","max-video-preview":"max-video-preview:-1"},"canonical":"https:\/\/legiobiznes.pl\/I\/szykuje-sie-wzrost-skladek-zus-dalsze-wzrosty-wynagrodzen-prawo-bardziej-przyjazne-dla-najmniejszych-firm-kary-za-wtyczke-lubie-to\/","og_locale":"pl_PL","og_type":"article","og_title":"Szykuje si\u0119 wzrost sk\u0142adek ZUS? Dalsze wzrosty wynagrodze\u0144! Prawo bardziej przyjazne dla najmniejszych firm. Kary za wtyczk\u0119 \u201eLubi\u0119 to\u201d. &#187; Legiobiznes.pl","og_description":"Szykuje si\u0119 wzrost sk\u0142adek ZUS? Dalsze wzrosty wynagrodze\u0144! Prawo bardziej przyjazne dla najmniejszych firm. Kary za wtyczk\u0119 \u201eLubi\u0119 to\u201d.","og_url":"https:\/\/legiobiznes.pl\/I\/szykuje-sie-wzrost-skladek-zus-dalsze-wzrosty-wynagrodzen-prawo-bardziej-przyjazne-dla-najmniejszych-firm-kary-za-wtyczke-lubie-to\/","og_site_name":"Legiobiznes.pl","article_publisher":"https:\/\/www.facebook.com\/LegioBiznes\/","article_published_time":"2019-08-31T06:30:43+00:00","article_modified_time":"2022-09-29T13:47:13+00:00","og_image":[{"width":960,"height":640,"url":"https:\/\/legiobiznes.pl\/I\/wp-content\/uploads\/2019\/08\/Szykuje-si\u0119-wzrost-sk\u0142adek-ZUS-Dalsze-wzrosty-wynagrodze\u0144-Prawo-bardziej-przyjazne-dla-najmniejszych-firm.-Kary-za-wtyczk\u0119-\u201eLubi\u0119-to\u201d..jpg","type":"image\/jpeg"}],"author":"Legiobiznes.pl","twitter_card":"summary_large_image","twitter_creator":"@LegioBiznesPL","twitter_site":"@LegioBiznesPL","twitter_misc":{"Napisane przez":"Legiobiznes.pl","Szacowany czas czytania":"7 minut"},"schema":{"@context":"https:\/\/schema.org","@graph":[{"@type":"Article","@id":"https:\/\/legiobiznes.pl\/I\/szykuje-sie-wzrost-skladek-zus-dalsze-wzrosty-wynagrodzen-prawo-bardziej-przyjazne-dla-najmniejszych-firm-kary-za-wtyczke-lubie-to\/#article","isPartOf":{"@id":"https:\/\/legiobiznes.pl\/I\/szykuje-sie-wzrost-skladek-zus-dalsze-wzrosty-wynagrodzen-prawo-bardziej-przyjazne-dla-najmniejszych-firm-kary-za-wtyczke-lubie-to\/"},"author":{"name":"Legiobiznes.pl","@id":"https:\/\/legiobiznes.pl\/I\/#\/schema\/person\/33c4505a5d28a7c944baf038996052d4"},"headline":"Szykuje si\u0119 wzrost sk\u0142adek ZUS? Dalsze wzrosty wynagrodze\u0144! Prawo bardziej przyjazne dla najmniejszych firm. Kary za wtyczk\u0119 \u201eLubi\u0119 to\u201d.","datePublished":"2019-08-31T06:30:43+00:00","dateModified":"2022-09-29T13:47:13+00:00","mainEntityOfPage":{"@id":"https:\/\/legiobiznes.pl\/I\/szykuje-sie-wzrost-skladek-zus-dalsze-wzrosty-wynagrodzen-prawo-bardziej-przyjazne-dla-najmniejszych-firm-kary-za-wtyczke-lubie-to\/"},"wordCount":1496,"commentCount":0,"publisher":{"@id":"https:\/\/legiobiznes.pl\/I\/#organization"},"image":{"@id":"https:\/\/legiobiznes.pl\/I\/szykuje-sie-wzrost-skladek-zus-dalsze-wzrosty-wynagrodzen-prawo-bardziej-przyjazne-dla-najmniejszych-firm-kary-za-wtyczke-lubie-to\/#primaryimage"},"thumbnailUrl":"https:\/\/legiobiznes.pl\/I\/wp-content\/uploads\/2019\/08\/Szykuje-si\u0119-wzrost-sk\u0142adek-ZUS-Dalsze-wzrosty-wynagrodze\u0144-Prawo-bardziej-przyjazne-dla-najmniejszych-firm.-Kary-za-wtyczk\u0119-\u201eLubi\u0119-to\u201d..jpg","keywords":["e-dow\u00f3d","firm","PIT","przedsi\u0119biorcom","ZUS"],"articleSection":["Prawo"],"inLanguage":"pl-PL","potentialAction":[{"@type":"CommentAction","name":"Comment","target":["https:\/\/legiobiznes.pl\/I\/szykuje-sie-wzrost-skladek-zus-dalsze-wzrosty-wynagrodzen-prawo-bardziej-przyjazne-dla-najmniejszych-firm-kary-za-wtyczke-lubie-to\/#respond"]}]},{"@type":"WebPage","@id":"https:\/\/legiobiznes.pl\/I\/szykuje-sie-wzrost-skladek-zus-dalsze-wzrosty-wynagrodzen-prawo-bardziej-przyjazne-dla-najmniejszych-firm-kary-za-wtyczke-lubie-to\/","url":"https:\/\/legiobiznes.pl\/I\/szykuje-sie-wzrost-skladek-zus-dalsze-wzrosty-wynagrodzen-prawo-bardziej-przyjazne-dla-najmniejszych-firm-kary-za-wtyczke-lubie-to\/","name":"Szykuje si\u0119 wzrost sk\u0142adek ZUS? Dalsze wzrosty wynagrodze\u0144! Prawo bardziej przyjazne dla najmniejszych firm. Kary za wtyczk\u0119 \u201eLubi\u0119 to\u201d. &#187; Legiobiznes.pl","isPartOf":{"@id":"https:\/\/legiobiznes.pl\/I\/#website"},"primaryImageOfPage":{"@id":"https:\/\/legiobiznes.pl\/I\/szykuje-sie-wzrost-skladek-zus-dalsze-wzrosty-wynagrodzen-prawo-bardziej-przyjazne-dla-najmniejszych-firm-kary-za-wtyczke-lubie-to\/#primaryimage"},"image":{"@id":"https:\/\/legiobiznes.pl\/I\/szykuje-sie-wzrost-skladek-zus-dalsze-wzrosty-wynagrodzen-prawo-bardziej-przyjazne-dla-najmniejszych-firm-kary-za-wtyczke-lubie-to\/#primaryimage"},"thumbnailUrl":"https:\/\/legiobiznes.pl\/I\/wp-content\/uploads\/2019\/08\/Szykuje-si\u0119-wzrost-sk\u0142adek-ZUS-Dalsze-wzrosty-wynagrodze\u0144-Prawo-bardziej-przyjazne-dla-najmniejszych-firm.-Kary-za-wtyczk\u0119-\u201eLubi\u0119-to\u201d..jpg","datePublished":"2019-08-31T06:30:43+00:00","dateModified":"2022-09-29T13:47:13+00:00","description":"Szykuje si\u0119 wzrost sk\u0142adek ZUS? Dalsze wzrosty wynagrodze\u0144! Prawo bardziej przyjazne dla najmniejszych firm. Kary za wtyczk\u0119 \u201eLubi\u0119 to\u201d.","breadcrumb":{"@id":"https:\/\/legiobiznes.pl\/I\/szykuje-sie-wzrost-skladek-zus-dalsze-wzrosty-wynagrodzen-prawo-bardziej-przyjazne-dla-najmniejszych-firm-kary-za-wtyczke-lubie-to\/#breadcrumb"},"inLanguage":"pl-PL","potentialAction":[{"@type":"ReadAction","target":["https:\/\/legiobiznes.pl\/I\/szykuje-sie-wzrost-skladek-zus-dalsze-wzrosty-wynagrodzen-prawo-bardziej-przyjazne-dla-najmniejszych-firm-kary-za-wtyczke-lubie-to\/"]}]},{"@type":"ImageObject","inLanguage":"pl-PL","@id":"https:\/\/legiobiznes.pl\/I\/szykuje-sie-wzrost-skladek-zus-dalsze-wzrosty-wynagrodzen-prawo-bardziej-przyjazne-dla-najmniejszych-firm-kary-za-wtyczke-lubie-to\/#primaryimage","url":"https:\/\/legiobiznes.pl\/I\/wp-content\/uploads\/2019\/08\/Szykuje-si\u0119-wzrost-sk\u0142adek-ZUS-Dalsze-wzrosty-wynagrodze\u0144-Prawo-bardziej-przyjazne-dla-najmniejszych-firm.-Kary-za-wtyczk\u0119-\u201eLubi\u0119-to\u201d..jpg","contentUrl":"https:\/\/legiobiznes.pl\/I\/wp-content\/uploads\/2019\/08\/Szykuje-si\u0119-wzrost-sk\u0142adek-ZUS-Dalsze-wzrosty-wynagrodze\u0144-Prawo-bardziej-przyjazne-dla-najmniejszych-firm.-Kary-za-wtyczk\u0119-\u201eLubi\u0119-to\u201d..jpg","width":960,"height":640,"caption":"Szykuje si\u0119 wzrost sk\u0142adek ZUS Dalsze wzrosty wynagrodze\u0144! Prawo bardziej przyjazne dla najmniejszych firm. Kary za wtyczk\u0119 \u201eLubi\u0119 to\u201d."},{"@type":"BreadcrumbList","@id":"https:\/\/legiobiznes.pl\/I\/szykuje-sie-wzrost-skladek-zus-dalsze-wzrosty-wynagrodzen-prawo-bardziej-przyjazne-dla-najmniejszych-firm-kary-za-wtyczke-lubie-to\/#breadcrumb","itemListElement":[{"@type":"ListItem","position":1,"name":"Strona g\u0142\u00f3wna","item":"https:\/\/legiobiznes.pl\/I\/"},{"@type":"ListItem","position":2,"name":"Szykuje si\u0119 wzrost sk\u0142adek ZUS? Dalsze wzrosty wynagrodze\u0144! Prawo bardziej przyjazne dla najmniejszych firm. Kary za wtyczk\u0119 \u201eLubi\u0119 to\u201d."}]},{"@type":"WebSite","@id":"https:\/\/legiobiznes.pl\/I\/#website","url":"https:\/\/legiobiznes.pl\/I\/","name":"Legiobiznes.pl","description":"Kryptowaluty, Bezpiecze\u0144stwo IT, E-biznes | LegioBiznes.PL","publisher":{"@id":"https:\/\/legiobiznes.pl\/I\/#organization"},"potentialAction":[{"@type":"SearchAction","target":{"@type":"EntryPoint","urlTemplate":"https:\/\/legiobiznes.pl\/I\/?s={search_term_string}"},"query-input":{"@type":"PropertyValueSpecification","valueRequired":true,"valueName":"search_term_string"}}],"inLanguage":"pl-PL"},{"@type":"Organization","@id":"https:\/\/legiobiznes.pl\/I\/#organization","name":"LegioBiznes.PL","url":"https:\/\/legiobiznes.pl\/I\/","logo":{"@type":"ImageObject","inLanguage":"pl-PL","@id":"https:\/\/legiobiznes.pl\/I\/#\/schema\/logo\/image\/","url":"https:\/\/legiobiznes.pl\/I\/wp-content\/uploads\/2017\/08\/legiobiznespl-logo2-e1503834302371.png","contentUrl":"https:\/\/legiobiznes.pl\/I\/wp-content\/uploads\/2017\/08\/legiobiznespl-logo2-e1503834302371.png","width":180,"height":76,"caption":"LegioBiznes.PL"},"image":{"@id":"https:\/\/legiobiznes.pl\/I\/#\/schema\/logo\/image\/"},"sameAs":["https:\/\/www.facebook.com\/LegioBiznes\/","https:\/\/x.com\/LegioBiznesPL","https:\/\/www.youtube.com\/channel\/UCEhszB39vxk96yIXD-jOORw"]},{"@type":"Person","@id":"https:\/\/legiobiznes.pl\/I\/#\/schema\/person\/33c4505a5d28a7c944baf038996052d4","name":"Legiobiznes.pl","image":{"@type":"ImageObject","inLanguage":"pl-PL","@id":"https:\/\/legiobiznes.pl\/I\/wp-content\/uploads\/2019\/07\/favicon-Legiobiznes-150x150.png","url":"https:\/\/legiobiznes.pl\/I\/wp-content\/uploads\/2019\/07\/favicon-Legiobiznes-150x150.png","contentUrl":"https:\/\/legiobiznes.pl\/I\/wp-content\/uploads\/2019\/07\/favicon-Legiobiznes-150x150.png","caption":"Legiobiznes.pl"},"description":"Budowa i tworzenie profesjonalnych, responsywnych (RWD) stron www. Pozycjonowanie SEO, sklepy internetowe eSklep...","url":"https:\/\/legiobiznes.pl\/I\/author\/boss\/"}]}},"_links":{"self":[{"href":"https:\/\/legiobiznes.pl\/I\/wp-json\/wp\/v2\/posts\/1188033","targetHints":{"allow":["GET"]}}],"collection":[{"href":"https:\/\/legiobiznes.pl\/I\/wp-json\/wp\/v2\/posts"}],"about":[{"href":"https:\/\/legiobiznes.pl\/I\/wp-json\/wp\/v2\/types\/post"}],"author":[{"embeddable":true,"href":"https:\/\/legiobiznes.pl\/I\/wp-json\/wp\/v2\/users\/1"}],"replies":[{"embeddable":true,"href":"https:\/\/legiobiznes.pl\/I\/wp-json\/wp\/v2\/comments?post=1188033"}],"version-history":[{"count":0,"href":"https:\/\/legiobiznes.pl\/I\/wp-json\/wp\/v2\/posts\/1188033\/revisions"}],"wp:featuredmedia":[{"embeddable":true,"href":"https:\/\/legiobiznes.pl\/I\/wp-json\/wp\/v2\/media\/1188034"}],"wp:attachment":[{"href":"https:\/\/legiobiznes.pl\/I\/wp-json\/wp\/v2\/media?parent=1188033"}],"wp:term":[{"taxonomy":"category","embeddable":true,"href":"https:\/\/legiobiznes.pl\/I\/wp-json\/wp\/v2\/categories?post=1188033"},{"taxonomy":"post_tag","embeddable":true,"href":"https:\/\/legiobiznes.pl\/I\/wp-json\/wp\/v2\/tags?post=1188033"}],"curies":[{"name":"wp","href":"https:\/\/api.w.org\/{rel}","templated":true}]}}