{"id":1195293,"date":"2019-09-18T14:06:50","date_gmt":"2019-09-18T12:06:50","guid":{"rendered":"https:\/\/legiobiznes.pl\/I\/?p=1195293"},"modified":"2020-10-27T16:37:50","modified_gmt":"2020-10-27T14:37:50","slug":"skladka-zus-uzalezniona-od-dochodu-ustawa-o-elektromobilnosci-wejdzie-w-zycie-za-e-recepty-juz-dostepne-korepetycje-nie-sa-dzialalnoscia-gospodarcza","status":"publish","type":"post","link":"https:\/\/legiobiznes.pl\/I\/skladka-zus-uzalezniona-od-dochodu-ustawa-o-elektromobilnosci-wejdzie-w-zycie-za-e-recepty-juz-dostepne-korepetycje-nie-sa-dzialalnoscia-gospodarcza\/","title":{"rendered":"Sk\u0142adka ZUS uzale\u017cniona od dochodu. Ustawa o elektromobilno\u015bci wejdzie w \u017cycie za&#8230; e-Recepty ju\u017c dost\u0119pne. Korepetycje nie s\u0105 dzia\u0142alno\u015bci\u0105 gospodarcz\u0105"},"content":{"rendered":"<h2><strong>Sk\u0142adka ZUS uzale\u017cniona od dochodu \u2013 kto straci, a kto zyska?<\/strong><\/h2>\n<h4>Z roku na rok sk\u0142adki na ZUS coraz bardziej rosn\u0105, a przedsi\u0119biorcy musz\u0105 si\u0119gn\u0105\u0107 coraz g\u0142\u0119biej do kieszeni. Jednak partia rz\u0105dz\u0105ca my\u015bli o zmianie sposobu ich naliczania, tak aby ul\u017cy\u0107 osobom prowadz\u0105cym w\u0142asny biznes. Jednak czy wprowadzenie sk\u0142adek uzale\u017cnionych od dochodu pomo\u017ce, czy mo\u017ce wr\u0119cz przeciwnie zaszkodzi przedsi\u0119biorcom, ko\u0144cz\u0105c tym samym na znacznej podwy\u017cce?<\/h4>\n<p><!-- Pula: Marketing \/\/--><br \/>\n<script type=\"text\/javascript\">\n    document.write(unescape('%3Cscript type=\"text\/javascript\" src=\"' + document.location.protocol + \n    '\/\/ec.bankier.pl\/show2\/MzIxMjAsMjUzMjIsNDE4NzY\/' + Math.random() + '\/'+ '\"%3E%3C\/script%3E'));\n<\/script><\/p>\n<p>Przedsi\u0119biorcy wielokrotnie apelowali, tak\u017ce na\u00a0MamBiznes.pl o to, by sk\u0142adki na ZUS by\u0142y przynajmniej uzale\u017cnione od dochodu, a najlepiej gdyby by\u0142y dobrowolne dla os\u00f3b prowadz\u0105cych w\u0142asn\u0105 dzia\u0142alno\u015b\u0107 gospodarcz\u0105. Po ostatniej konwencji Prawa i Sprawiedliwo\u015bci w Lublinie wiemy, \u017ce przynajmniej jeden z tych postulat\u00f3w prawdopodobnie zostanie zrealizowany&#8230;<\/p>\n<a href=\"https:\/\/mambiznes.pl\/wlasny-biznes\/skladka-zus-uzalezniona-dochodu-straci-a-zyska-94797\" target=\"_blank\" class=\"shortc-button medium red \">Wi\u0119cej dowiesz si\u0119 u \u017ar\u00f3d\u0142a &gt;<\/a>\n<h2><strong>Wielka zmiana w p\u0142aceniu sk\u0142adek. ZUS b\u0119dzie uzale\u017cniony od dochod\u00f3w<\/strong><\/h2>\n<h4>Przedsi\u0119biorcy zap\u0142ac\u0105 sk\u0142adki na ZUS uzale\u017cnione od dochodu? Taki pomys\u0142 zapowiedzia\u0142 premier Mateusz Morawiecki podczas dzisiejszej konwencji programowej rz\u0105dz\u0105cej partii.<\/h4>\n<p>Ma\u0142y ZUS dla firm generuj\u0105cych ni\u017csze przychody, 0 z\u0142 na ZUS przez pierwsze p\u00f3\u0142 roku dzia\u0142alno\u015bci czy dzia\u0142alno\u015b\u0107 nierejestrowa to nie koniec projekt\u00f3w, kt\u00f3re maj\u0105 u\u0142atwi\u0107 zdaniem rz\u0105du \u017cycie przedsi\u0119biorc\u00f3w. Okazuje si\u0119, \u017ce po wyborach rz\u0105d premiera Mateusza Morawieckiego chce wprowadzi\u0107 mechanizm uzale\u017cniaj\u0105cy wysoko\u015b\u0107 p\u0142aconych sk\u0142adek na ZUS od dochod\u00f3w osi\u0105ganych przez dan\u0105 firm\u0119. \u2013 Idziemy w kierunku liczenia ZUS od dochodu. \u017beby \u0142atwiej mieli ci, kt\u00f3rzy si\u0119 rozkr\u0119caj\u0105, inwestuj\u0105 \u2013 powiedzia\u0142 premier&#8230;<\/p>\n<a href=\"https:\/\/mambiznes.pl\/wlasny-biznes\/wielka-zmiana-placeniu-skladek-zus-bedzie-uzalezniony-dochodow-94744\" target=\"_blank\" class=\"shortc-button medium red \">Wi\u0119cej dowiesz si\u0119 u \u017ar\u00f3d\u0142a &gt;<\/a>\n<h2><strong>\u201eMa\u0142y ZUS\u201d nie taki ma\u0142y. Oszcz\u0119dno\u015bci czasami mog\u0105 nie przekroczy\u0107 70 z\u0142<\/strong><\/h2>\n<h4>Wprowadzona na pocz\u0105tku tego roku ulga dla przedsi\u0119biorc\u00f3w tzw. \u201ema\u0142y ZUS\u201d, po kilku miesi\u0105cach funkcjonowania okaza\u0142a si\u0119 ma\u0142o korzystna dla cz\u0119\u015bci z nich. Oszcz\u0119dno\u015bci wobec pe\u0142nego ZUSu czasami wynosz\u0105 zaledwie 70,06 z\u0142, ale mog\u0105 wynie\u015b\u0107 i 707,57 z\u0142.<\/h4>\n<p>Wraz z pocz\u0105tkiem 2019 roku m\u00f3wi\u0142o si\u0119 wiele o tzw. \u201ema\u0142ym ZUSie\u201d. Tym bardziej \u017ce przedsi\u0119biorcy, kt\u00f3rzy chcieli z takiej opcji skorzysta\u0107 niemieli za wiele czasu, bowiem na sk\u0142adanie wniosk\u00f3w wyznaczono zaledwie tydzie\u0144. Jednak nie tylko czas by\u0142 wyzwaniem, ale r\u00f3wnie\u017c warunki, kt\u00f3re musieli spe\u0142ni\u0107 przedsi\u0119biorcy&#8230;<\/p>\n<a href=\"https:\/\/mambiznes.pl\/wlasny-biznes\/maly-zus-taki-maly-oszczednosci-moga-przekroczyc-70-zl-94894\" target=\"_blank\" class=\"shortc-button medium red \">Wi\u0119cej dowiesz si\u0119 u \u017ar\u00f3d\u0142a &gt;<\/a>\n<h2><strong><span class=\"red\">Ustawa o elektromobilno\u015bci wejdzie w \u017cycie za ponad 2 lata. Miasta maj\u0105 wi\u0119cej czasu na przygotowanie si\u0119!<\/span><\/strong><\/h2>\n<h4>Polskie miasta, takie jak Krak\u00f3w czy Pozna\u0144, ju\u017c teraz przygotowuj\u0105 si\u0119 do realizacji postanowie\u0144 ustawy o elektromobilno\u015bci. Nowy akt prawny ma wej\u015b\u0107 w \u017cycie 1 stycznia 2022 roku. Termin zosta\u0142 przesuni\u0119ty o dwa lata.<\/h4>\n<p>Burmistrz czy prezydent miasta w elektrycznym samochodzie, autobusy nap\u0119dzane energi\u0105 elektryczn\u0105 czy tak\u017ce pojazdy komunalne \u2013 to nie surrealistyczna wizja przysz\u0142o\u015bci, a obraz polskich samorz\u0105d\u00f3w ju\u017c za dwa lata, a by\u0107 mo\u017ce ju\u017c wcze\u015bniej. Jak b\u0119d\u0105 wygl\u0105da\u0107 ulice polskich samorz\u0105d\u00f3w? Kiedy mo\u017cemy spodziewa\u0107 si\u0119 na ulicach pierwszych elektrycznych urz\u0119dowych samochod\u00f3w?&#8230;<\/p>\n<a href=\"http:\/\/di.com.pl\/ustawa-o-elektromobilnosci-wejdzie-w-zycie-za-ponad-2-lata-miasta-maja-wiecej-czasu-na-przygotowanie-sie-63888?utm_source=feedburner&amp;utm_medium=feed&amp;utm_campaign=Feed%3A+glowny-di+%280+-+DI+kanal+glowny+%28go%C5%82y%29%29\" target=\"_blank\" class=\"shortc-button medium red \">Wi\u0119cej dowiesz si\u0119 u \u017ar\u00f3d\u0142a &gt;<\/a>\n<h2><strong>e-Recepty ju\u017c dost\u0119pne w aplikacji mObywatel<\/strong><\/h2>\n<h4>Ministerstwo Cyfryzacji wsp\u00f3lnie z Ministerstwem Zdrowia wprowadzi\u0142y w\u0142a\u015bnie kilka nowych udogodnie\u0144. W aplikacji mObywatel pojawi\u0142y si\u0119 e-Recepty, a plac\u00f3wki s\u0142u\u017cby zdrowia w Polsce s\u0105 ju\u017c w stanie wylegitymowa\u0107 pacjent\u00f3w z u\u017cyciem aplikacji.<\/h4>\n<p>Po pozytywnym zako\u0144czeniu test\u00f3w pilota\u017cowych e-recept w siedleckim Centrum Medyczno-Diagnostycznym, postanowiono rozszerzy\u0107 funkcjonalno\u015b\u0107 na reszt\u0119 plac\u00f3wek. e-Recepta to u\u0142atwienie dla lekarzy, farmaceut\u00f3w oraz pacjent\u00f3w. Nigdy wi\u0119cej nie zgubimy papierowej recepty, a farmaceuci nie b\u0119d\u0105 mieli problemu z rozszyfrowaniem zapisk\u00f3w lekarza. Jedyne co musimy posiada\u0107, by skorzysta\u0107 z nowoczesnego rozwi\u0105zania to aplikacja\u00a0mObywatel z aktywn\u0105 mTo\u017csamo\u015bci\u0105&#8230;<\/p>\n<a href=\"https:\/\/www.chip.pl\/2019\/09\/e-recepty-juz-dostepne-w-aplikacji-mobywatel\/\" target=\"_blank\" class=\"shortc-button medium red \">Wi\u0119cej dowiesz si\u0119 u \u017ar\u00f3d\u0142a &gt;<\/a>\n<h2><strong>Korepetycje nie s\u0105 dzia\u0142alno\u015bci\u0105 gospodarcz\u0105. Wa\u017cna decyzja<\/strong><\/h2>\n<h4>Skarb\u00f3wka po wielu latach zmieni\u0142a zdanie i nie wymaga ju\u017c rejestracji firmy przy prowadzeniu korepetycji. Takie postanowienie wyda\u0142 Dyrektor Krajowej Informacji Skarbowej, na wniosek jednej z nauczycielek.<\/h4>\n<p>Nauczycielka j\u0119zyka angielskiego, kt\u00f3ra dorabia do pensji prowadz\u0105c korepetycje, zwr\u00f3ci\u0142a si\u0119 z pro\u015bb\u0105 o informacj\u0119 czy musi rejestrowa\u0107 swoj\u0105 dzia\u0142alno\u015b\u0107. W swoim wniosku zwr\u00f3ci\u0142a uwag\u0119, \u017ce terminy i miejsce zaj\u0119\u0107 zale\u017c\u0105 od tego, czy znajdzie ch\u0119tnych. Dodatkowo nie prowadzi szko\u0142y j\u0119zykowej ani nie zatrudnia os\u00f3b trzech. Obawia\u0142a si\u0119 konieczno\u015bci rejestracji dzia\u0142alno\u015bci, m.in. ze wzgl\u0119du na bardzo wysokie sk\u0142adki ZUS. W zwi\u0105zku z tym korepetytorka zwr\u00f3ci\u0142a si\u0119 do Urz\u0119du Skarbowego z pytaniem, czy przychody uzyskiwane z tytu\u0142u udzielania korepetycji z j\u0119zyka angielskiego mo\u017ce rozlicza\u0107 jako przychody z dzia\u0142alno\u015bci wykonywanej osobi\u015bcie?&#8230;<\/p>\n<a href=\"https:\/\/mambiznes.pl\/wlasny-biznes\/korepetycje-sa-dzialalnoscia-gospodarcza-wazny-wyrok-94588\" target=\"_blank\" class=\"shortc-button medium red \">Wi\u0119cej dowiesz si\u0119 u \u017ar\u00f3d\u0142a &gt;<\/a>\n<h2><strong>Czy przedsi\u0119biorca mo\u017ce kserowa\u0107 dowody klient\u00f3w?<\/strong><\/h2>\n<h4>Nie powinni\u015bmy godzi\u0107 si\u0119 na kserowanie dokument\u00f3w to\u017csamo\u015bci przez wypo\u017cyczalnie rower\u00f3w czy kajak\u00f3w. Pomimo zmian ustawowych mog\u0105 to nadal robi\u0107 banki.<\/h4>\n<p>Przepisy o dokumentach publicznych pojawi\u0142y si\u0119 w polskim systemie prawnym z inicjatywy tak\u017ce bank\u00f3w, a chodzi\u0142o przede wszystkim o to, aby z obrotu wyeliminowa\u0107 tzw. dokumenty kolekcjonerskie takie jak dow\u00f3d osobisty czy prawo jazdy, bo nieuczciwi klienci na takie dokumenty pr\u00f3bowali za\u0142o\u017cy\u0107 konto bankowe&#8230;<\/p>\n<a href=\"https:\/\/mambiznes.pl\/wlasny-biznes\/przedsiebiorca-moze-kserowac-dowody-klientow-94634\" target=\"_blank\" class=\"shortc-button medium red \">Wi\u0119cej dowiesz si\u0119 u \u017ar\u00f3d\u0142a &gt;<\/a>\n<p><center><!-- Pula: Marketing2 \/\/--><br \/>\n<script type=\"text\/javascript\">\n    document.write(unescape('%3Cscript type=\"text\/javascript\" src=\"' + document.location.protocol + \n    '\/\/ec.bankier.pl\/show2\/MzIxMjEsMjUzMjIsNDE4NzY\/' + Math.random() + '\/'+ '\"%3E%3C\/script%3E'));\n<\/script><\/center><\/p>\n<h2><strong>Wiele firm mo\u017ce zosta\u0107 ukaranych za naruszenie praw. Cz\u0119\u015b\u0107 z nich o tym nie wie<\/strong><\/h2>\n<h4>Wiele firm wydzier\u017cawiaj\u0105cych pomieszczenia handlowe nie jest \u015bwiadomych ryzyka poniesienia odpowiedzialno\u015bci za sprzeda\u017c towar\u00f3w opatrzonych podrobionymi znakami towarowymi, kt\u00f3rej sami bezpo\u015brednio nie prowadz\u0105.<\/h4>\n<p>16 marca 2019 r. wesz\u0142y w \u017cycie przepisy nowelizuj\u0105ce ustaw\u0119 prawo w\u0142asno\u015bci przemys\u0142owej, kt\u00f3re wprowadzi\u0142y wiele istotnych zmian w systemie ochrony tych praw w\u0142asno\u015bci intelektualnej, m.in. bezpo\u015bredni\u0105 podstaw\u0119 dla odpowiedzialno\u015bci za tzw. po\u015brednie naruszenie prawa do znaku towarowego&#8230;<\/p>\n<a href=\"https:\/\/mambiznes.pl\/wlasny-biznes\/firm-moze-zostac-ukaranych-naruszenie-praw-czesc-nich-o-tym-wie-94682\" target=\"_blank\" class=\"shortc-button medium red \">Wi\u0119cej dowiesz si\u0119 u \u017ar\u00f3d\u0142a &gt;<\/a>\n<h2><strong><span class=\"red\">Konsultacje projektu ustawy o UTO &#8211; poszukiwanie wsp\u00f3lnego stanowiska<\/span><\/strong><\/h2>\n<h4>Do 9 wrze\u015bnia trwaj\u0105 konsultacje projektu ustawy wprowadzaj\u0105cej do polskiego systemu prawnego urz\u0105dzenia transportu osobistego (UTO). Chodzi przede wszystkim o elektryczne hulajnogi.<\/h4>\n<p>&#8211;<em>\u00a0W ci\u0105gu niespe\u0142na roku w przestrzeni publicznej kilkunastu najwi\u0119kszych polskich miast pojawi\u0142o si\u0119 blisko 10 tys. wsp\u00f3\u0142dzielonych elektrycznych hulajn\u00f3g, udost\u0119pnianych przez 10 r\u00f3\u017cnych operator\u00f3w. Nowa forma mobilno\u015bci zmienia miasta, a gor\u0105ca debata polaryzuje jej przeciwnik\u00f3w i zwolennik\u00f3w. Najwy\u017cszy czas, by w gronie wszystkich zainteresowanych opracowa\u0107 najlepsze rozwi\u0105zania i usprawnienia dotycz\u0105ce tego \u015brodka transportu<\/em> \u2013 m\u00f3wi Adam J\u0119drzejewski, prezes stowarzyszenia Mobilne Miasto&#8230;<\/p>\n<a href=\"http:\/\/di.com.pl\/konsultacje-projektu-ustawy-o-uto-poszukiwanie-wspolnego-stanowiska-63843?utm_source=feedburner&amp;utm_medium=feed&amp;utm_campaign=Feed%3A+glowny-di+%280+-+DI+kanal+glowny+%28go%C5%82y%29%29\" target=\"_blank\" class=\"shortc-button medium red \">Wi\u0119cej dowiesz si\u0119 u \u017ar\u00f3d\u0142a &gt;<\/a>\n<h2><strong>Nowy spos\u00f3b na ratunek dla firm zamiast upad\u0142o\u015bci<\/strong><\/h2>\n<h4>Co roku w\u00a0ca\u0142ej UE oko\u0142o 200 tys. firm staje w\u00a0obliczu niewyp\u0142acalno\u015bci, a 1,7 mln os\u00f3b traci prac\u0119. Nowa dyrektywa w\u00a0sprawie ram prawnych restrukturyzacji ma zmniejszy\u0107 liczb\u0119 takich zdarze\u0144 i\u00a0da\u0107 drug\u0105 szans\u0119 przedsi\u0119biorcom. Polskie przepisy ju\u017c dawno wyprzedzi\u0142y unijn\u0105 dyrektyw\u0119. Od 2015 roku systematycznie spada liczba upad\u0142o\u015bci, ro\u015bnie za to liczba restrukturyzacji. Cz\u0119\u015b\u0107 rozwi\u0105za\u0144 jeszcze si\u0119 nie\u00a0sprawdza, ale\u00a0ujednolicenie przepis\u00f3w w\u00a0ca\u0142ej Unii mo\u017ce w\u00a0tym pom\u00f3c \u2013 ocenia Adrian Dzwonek, radca prawny w\u00a0Kancelarii Radc\u00f3w Prawnych JGA w\u00a0Katowicach.<\/h4>\n<p>Przepisy, kt\u00f3re zosta\u0142y wprowadzone w 2016 roku z roku na rok sprawdzaj\u0105 si\u0119 coraz lepiej. W latach 2013\u20132016 na starych zasadach \u0142\u0105cznie by\u0142o otwartych dwie\u015bcie kilkadziesi\u0105t uk\u0142ad\u00f3w upad\u0142o\u015bciowych, natomiast przez 2 lata funkcjonowania nowej ustawy prawo restrukturyzacyjne od 2016 do 2018 roku otwartych zosta\u0142o 1075 post\u0119powa\u0144 \u2013 podkre\u015bla w rozmowie z agencj\u0105 Newseria Biznes Adrian Dzwonek, radca prawny w Kancelarii Radc\u00f3w Prawnych JGA w Katowicach&#8230;<\/p>\n<a href=\"https:\/\/mambiznes.pl\/wlasny-biznes\/nowy-sposob-ratunek-dla-firm-zamiast-upadlosci-94773\" target=\"_blank\" class=\"shortc-button medium red \">Wi\u0119cej dowiesz si\u0119 u \u017ar\u00f3d\u0142a &gt;<\/a>\n<h2><strong>14 wrze\u015bnia wchodzi w \u017cycie unijna dyrektywa PSD2<\/strong><\/h2>\n<h4>Co PSD2 oznacza dla rynku finansowego i samych konsument\u00f3w? Wyja\u015bniaj\u0105 eksperci Blue Media.<\/h4>\n<p>14 wrze\u015bnia 2019 r. wchodzi w \u017cycie obowi\u0105zek stosowania\u00a0<strong>silnego uwierzytelnienia klienta<\/strong>\u00a0(z ang.\u00a0<em>strong customer authentication<\/em>,\u00a0<strong>SCA<\/strong>) przy niekt\u00f3rych typach operacji dokonywanych w sklepach (z wykorzystaniem terminali p\u0142atniczych), internecie (przy zakupach online) oraz przy logowaniu i korzystaniu z bankowo\u015bci internetowej i mobilnej. Dlatego od kilku tygodni jeste\u015bmy do\u015b\u0107 masowo informowani o zmianach w regulaminach r\u00f3\u017cnych instytucji, szczeg\u00f3lnie bank\u00f3w. Obowi\u0105zek silnego uwierzytelnienia klienta to jedna z kluczowych zmian, jakie wprowadza nowa unijna dyrektywa p\u0142atnicza, tzw.\u00a0<strong>PSD2<\/strong>&#8230;<\/p>\n<a href=\"https:\/\/www.internetstandard.pl\/news\/14-wrzesnia-wchodzi-w-zycie-unijna-dyrektywa-PSD2,415335.html\" target=\"_blank\" class=\"shortc-button medium red \">Wi\u0119cej dowiesz si\u0119 u \u017ar\u00f3d\u0142a &gt;<\/a>\n<h2 class=\"title\"><strong>Google zap\u0142aci 170 milion\u00f3w dolar\u00f3w za naruszenie ustawy o ochronie prywatno\u015bci dzieci<\/strong><\/h2>\n<h4>YouTube z\u0142ama\u0142 prawo zarabiaj\u0105c na reklamach kierowanych do najm\u0142odszych. W zwi\u0105zku z tym Google, kt\u00f3re jest w\u0142a\u015bcicielem serwisu, zap\u0142aci rekordow\u0105 kar\u0119 za naruszenie ustawy o ochronie prywatno\u015bci dzieci poni\u017cej 13 roku \u017cycia. Firma zbiera\u0142a dane nieletnich bez zgody rodzic\u00f3w.<\/h4>\n<p>Federalna Komisja Handlu (FTC) i nowojorski prokurator generalny\u00a0<a href=\"https:\/\/www.ftc.gov\/news-events\/press-releases\/2019\/09\/google-youtube-will-pay-record-170-million-alleged-violations\" target=\"_blank\" rel=\"noopener noreferrer\">podpisali ugod\u0119 z Google<\/a>. W zwi\u0105zku z ni\u0105, gigant zap\u0142aci 170 milion\u00f3w dolar\u00f3w za to, \u017ce nielegalnie zbiera\u0142 dane osobowe dzieci. Wi\u0119kszo\u015b\u0107 kwoty, czyli 136 milion\u00f3w dolar\u00f3w, przypadnie na rzecz FTC. To dot\u0105d najwy\u017csza kara za z\u0142amanie przepis\u00f3w ustawy Children\u2019s Online Privacy Protection Act (COPPA). Poprzednim rekordzist\u0105 by\u0142 TikTok, kt\u00f3ry zap\u0142aci\u0142 5,7 miliona dolar\u00f3w za to, \u017ce\u00a0aplikacja Musical.ly zbiera\u0142a informacje o miejscu pobytu dzieci&#8230;<\/p>\n<a href=\"https:\/\/www.chip.pl\/2019\/09\/google-zaplaci-170-milionow-dolarow-za-naruszenie-ustawy-o-ochronie-prywatnosci-dzieci\/\" target=\"_blank\" class=\"shortc-button medium red \">Wi\u0119cej dowiesz si\u0119 u \u017ar\u00f3d\u0142a &gt;<\/a>\n","protected":false},"excerpt":{"rendered":"<p>Sk\u0142adka ZUS uzale\u017cniona od dochodu \u2013 kto straci, a kto zyska? Z roku na rok sk\u0142adki na ZUS coraz bardziej rosn\u0105, a przedsi\u0119biorcy musz\u0105 si\u0119gn\u0105\u0107 coraz g\u0142\u0119biej do kieszeni. Jednak partia rz\u0105dz\u0105ca my\u015bli o zmianie sposobu ich naliczania, tak aby ul\u017cy\u0107 osobom prowadz\u0105cym w\u0142asny biznes. Jednak czy wprowadzenie sk\u0142adek uzale\u017cnionych od dochodu pomo\u017ce, czy mo\u017ce &hellip;<\/p>\n","protected":false},"author":1,"featured_media":1195294,"comment_status":"open","ping_status":"closed","sticky":false,"template":"","format":"standard","meta":{"footnotes":""},"categories":[1294],"tags":[5711,3386,1365,5279,6169,6170],"class_list":["post-1195293","post","type-post","status-publish","format-standard","has-post-thumbnail","","category-prawo","tag-dyrektywa-psd2","tag-e-recepty","tag-google","tag-maly-zus","tag-skladka-zus","tag-uto"],"yoast_head":"<!-- This site is optimized with the Yoast SEO plugin v27.5 - https:\/\/yoast.com\/product\/yoast-seo-wordpress\/ -->\n<title>Sk\u0142adka ZUS uzale\u017cniona od dochodu. Ustawa o elektromobilno\u015bci wejdzie w \u017cycie za... e-Recepty ju\u017c dost\u0119pne. Korepetycje nie s\u0105 dzia\u0142alno\u015bci\u0105 gospodarcz\u0105 &#187; Legiobiznes.pl<\/title>\n<meta name=\"description\" content=\"Sk\u0142adka ZUS uzale\u017cniona od dochodu. Ustawa o elektromobilno\u015bci wejdzie w \u017cycie za... e-Recepty ju\u017c dost\u0119pne. Korepetycje nie s\u0105 dzia\u0142alno\u015bci\u0105 gospodarcz\u0105\" \/>\n<meta name=\"robots\" content=\"index, follow, max-snippet:-1, max-image-preview:large, max-video-preview:-1\" \/>\n<link rel=\"canonical\" href=\"https:\/\/legiobiznes.pl\/I\/skladka-zus-uzalezniona-od-dochodu-ustawa-o-elektromobilnosci-wejdzie-w-zycie-za-e-recepty-juz-dostepne-korepetycje-nie-sa-dzialalnoscia-gospodarcza\/\" \/>\n<meta property=\"og:locale\" content=\"pl_PL\" \/>\n<meta property=\"og:type\" content=\"article\" \/>\n<meta property=\"og:title\" content=\"Sk\u0142adka ZUS uzale\u017cniona od dochodu. Ustawa o elektromobilno\u015bci wejdzie w \u017cycie za... e-Recepty ju\u017c dost\u0119pne. Korepetycje nie s\u0105 dzia\u0142alno\u015bci\u0105 gospodarcz\u0105 &#187; Legiobiznes.pl\" \/>\n<meta property=\"og:description\" content=\"Sk\u0142adka ZUS uzale\u017cniona od dochodu. Ustawa o elektromobilno\u015bci wejdzie w \u017cycie za... e-Recepty ju\u017c dost\u0119pne. Korepetycje nie s\u0105 dzia\u0142alno\u015bci\u0105 gospodarcz\u0105\" \/>\n<meta property=\"og:url\" content=\"https:\/\/legiobiznes.pl\/I\/skladka-zus-uzalezniona-od-dochodu-ustawa-o-elektromobilnosci-wejdzie-w-zycie-za-e-recepty-juz-dostepne-korepetycje-nie-sa-dzialalnoscia-gospodarcza\/\" \/>\n<meta property=\"og:site_name\" content=\"Legiobiznes.pl\" \/>\n<meta property=\"article:publisher\" content=\"https:\/\/www.facebook.com\/LegioBiznes\/\" \/>\n<meta property=\"article:published_time\" content=\"2019-09-18T12:06:50+00:00\" \/>\n<meta property=\"article:modified_time\" content=\"2020-10-27T14:37:50+00:00\" \/>\n<meta property=\"og:image\" content=\"https:\/\/legiobiznes.pl\/I\/wp-content\/uploads\/2019\/09\/Sk\u0142adka-ZUS-uzale\u017cniona-od-dochodu.-Ustawa-o-elektromobilno\u015bci-wejdzie-w-\u017cycie-za...-e-Recepty-ju\u017c-dost\u0119pne.-Korepetycje-nie-s\u0105-dzia\u0142alno\u015bci\u0105-gospodarcz\u0105.jpg\" \/>\n\t<meta property=\"og:image:width\" content=\"960\" \/>\n\t<meta property=\"og:image:height\" content=\"528\" \/>\n\t<meta property=\"og:image:type\" content=\"image\/jpeg\" \/>\n<meta name=\"author\" content=\"Legiobiznes.pl\" \/>\n<meta name=\"twitter:card\" content=\"summary_large_image\" \/>\n<meta name=\"twitter:creator\" content=\"@LegioBiznesPL\" \/>\n<meta name=\"twitter:site\" content=\"@LegioBiznesPL\" \/>\n<meta name=\"twitter:label1\" content=\"Napisane przez\" \/>\n\t<meta name=\"twitter:data1\" content=\"Legiobiznes.pl\" \/>\n\t<meta name=\"twitter:label2\" content=\"Szacowany czas czytania\" \/>\n\t<meta name=\"twitter:data2\" content=\"9 minut\" \/>\n<script type=\"application\/ld+json\" class=\"yoast-schema-graph\">{\"@context\":\"https:\\\/\\\/schema.org\",\"@graph\":[{\"@type\":\"Article\",\"@id\":\"https:\\\/\\\/legiobiznes.pl\\\/I\\\/skladka-zus-uzalezniona-od-dochodu-ustawa-o-elektromobilnosci-wejdzie-w-zycie-za-e-recepty-juz-dostepne-korepetycje-nie-sa-dzialalnoscia-gospodarcza\\\/#article\",\"isPartOf\":{\"@id\":\"https:\\\/\\\/legiobiznes.pl\\\/I\\\/skladka-zus-uzalezniona-od-dochodu-ustawa-o-elektromobilnosci-wejdzie-w-zycie-za-e-recepty-juz-dostepne-korepetycje-nie-sa-dzialalnoscia-gospodarcza\\\/\"},\"author\":{\"name\":\"Legiobiznes.pl\",\"@id\":\"https:\\\/\\\/legiobiznes.pl\\\/I\\\/#\\\/schema\\\/person\\\/33c4505a5d28a7c944baf038996052d4\"},\"headline\":\"Sk\u0142adka ZUS uzale\u017cniona od dochodu. Ustawa o elektromobilno\u015bci wejdzie w \u017cycie za&#8230; e-Recepty ju\u017c dost\u0119pne. Korepetycje nie s\u0105 dzia\u0142alno\u015bci\u0105 gospodarcz\u0105\",\"datePublished\":\"2019-09-18T12:06:50+00:00\",\"dateModified\":\"2020-10-27T14:37:50+00:00\",\"mainEntityOfPage\":{\"@id\":\"https:\\\/\\\/legiobiznes.pl\\\/I\\\/skladka-zus-uzalezniona-od-dochodu-ustawa-o-elektromobilnosci-wejdzie-w-zycie-za-e-recepty-juz-dostepne-korepetycje-nie-sa-dzialalnoscia-gospodarcza\\\/\"},\"wordCount\":1878,\"commentCount\":0,\"publisher\":{\"@id\":\"https:\\\/\\\/legiobiznes.pl\\\/I\\\/#organization\"},\"image\":{\"@id\":\"https:\\\/\\\/legiobiznes.pl\\\/I\\\/skladka-zus-uzalezniona-od-dochodu-ustawa-o-elektromobilnosci-wejdzie-w-zycie-za-e-recepty-juz-dostepne-korepetycje-nie-sa-dzialalnoscia-gospodarcza\\\/#primaryimage\"},\"thumbnailUrl\":\"https:\\\/\\\/legiobiznes.pl\\\/I\\\/wp-content\\\/uploads\\\/2019\\\/09\\\/Sk\u0142adka-ZUS-uzale\u017cniona-od-dochodu.-Ustawa-o-elektromobilno\u015bci-wejdzie-w-\u017cycie-za...-e-Recepty-ju\u017c-dost\u0119pne.-Korepetycje-nie-s\u0105-dzia\u0142alno\u015bci\u0105-gospodarcz\u0105.jpg\",\"keywords\":[\"Dyrektywa PSD2\",\"e-recepty\",\"Google\",\"ma\u0142y ZUS\",\"Sk\u0142adka ZUS\",\"UTO\"],\"articleSection\":[\"Prawo\"],\"inLanguage\":\"pl-PL\",\"potentialAction\":[{\"@type\":\"CommentAction\",\"name\":\"Comment\",\"target\":[\"https:\\\/\\\/legiobiznes.pl\\\/I\\\/skladka-zus-uzalezniona-od-dochodu-ustawa-o-elektromobilnosci-wejdzie-w-zycie-za-e-recepty-juz-dostepne-korepetycje-nie-sa-dzialalnoscia-gospodarcza\\\/#respond\"]}]},{\"@type\":\"WebPage\",\"@id\":\"https:\\\/\\\/legiobiznes.pl\\\/I\\\/skladka-zus-uzalezniona-od-dochodu-ustawa-o-elektromobilnosci-wejdzie-w-zycie-za-e-recepty-juz-dostepne-korepetycje-nie-sa-dzialalnoscia-gospodarcza\\\/\",\"url\":\"https:\\\/\\\/legiobiznes.pl\\\/I\\\/skladka-zus-uzalezniona-od-dochodu-ustawa-o-elektromobilnosci-wejdzie-w-zycie-za-e-recepty-juz-dostepne-korepetycje-nie-sa-dzialalnoscia-gospodarcza\\\/\",\"name\":\"Sk\u0142adka ZUS uzale\u017cniona od dochodu. Ustawa o elektromobilno\u015bci wejdzie w \u017cycie za... e-Recepty ju\u017c dost\u0119pne. Korepetycje nie s\u0105 dzia\u0142alno\u015bci\u0105 gospodarcz\u0105 &#187; Legiobiznes.pl\",\"isPartOf\":{\"@id\":\"https:\\\/\\\/legiobiznes.pl\\\/I\\\/#website\"},\"primaryImageOfPage\":{\"@id\":\"https:\\\/\\\/legiobiznes.pl\\\/I\\\/skladka-zus-uzalezniona-od-dochodu-ustawa-o-elektromobilnosci-wejdzie-w-zycie-za-e-recepty-juz-dostepne-korepetycje-nie-sa-dzialalnoscia-gospodarcza\\\/#primaryimage\"},\"image\":{\"@id\":\"https:\\\/\\\/legiobiznes.pl\\\/I\\\/skladka-zus-uzalezniona-od-dochodu-ustawa-o-elektromobilnosci-wejdzie-w-zycie-za-e-recepty-juz-dostepne-korepetycje-nie-sa-dzialalnoscia-gospodarcza\\\/#primaryimage\"},\"thumbnailUrl\":\"https:\\\/\\\/legiobiznes.pl\\\/I\\\/wp-content\\\/uploads\\\/2019\\\/09\\\/Sk\u0142adka-ZUS-uzale\u017cniona-od-dochodu.-Ustawa-o-elektromobilno\u015bci-wejdzie-w-\u017cycie-za...-e-Recepty-ju\u017c-dost\u0119pne.-Korepetycje-nie-s\u0105-dzia\u0142alno\u015bci\u0105-gospodarcz\u0105.jpg\",\"datePublished\":\"2019-09-18T12:06:50+00:00\",\"dateModified\":\"2020-10-27T14:37:50+00:00\",\"description\":\"Sk\u0142adka ZUS uzale\u017cniona od dochodu. Ustawa o elektromobilno\u015bci wejdzie w \u017cycie za... e-Recepty ju\u017c dost\u0119pne. Korepetycje nie s\u0105 dzia\u0142alno\u015bci\u0105 gospodarcz\u0105\",\"breadcrumb\":{\"@id\":\"https:\\\/\\\/legiobiznes.pl\\\/I\\\/skladka-zus-uzalezniona-od-dochodu-ustawa-o-elektromobilnosci-wejdzie-w-zycie-za-e-recepty-juz-dostepne-korepetycje-nie-sa-dzialalnoscia-gospodarcza\\\/#breadcrumb\"},\"inLanguage\":\"pl-PL\",\"potentialAction\":[{\"@type\":\"ReadAction\",\"target\":[\"https:\\\/\\\/legiobiznes.pl\\\/I\\\/skladka-zus-uzalezniona-od-dochodu-ustawa-o-elektromobilnosci-wejdzie-w-zycie-za-e-recepty-juz-dostepne-korepetycje-nie-sa-dzialalnoscia-gospodarcza\\\/\"]}]},{\"@type\":\"ImageObject\",\"inLanguage\":\"pl-PL\",\"@id\":\"https:\\\/\\\/legiobiznes.pl\\\/I\\\/skladka-zus-uzalezniona-od-dochodu-ustawa-o-elektromobilnosci-wejdzie-w-zycie-za-e-recepty-juz-dostepne-korepetycje-nie-sa-dzialalnoscia-gospodarcza\\\/#primaryimage\",\"url\":\"https:\\\/\\\/legiobiznes.pl\\\/I\\\/wp-content\\\/uploads\\\/2019\\\/09\\\/Sk\u0142adka-ZUS-uzale\u017cniona-od-dochodu.-Ustawa-o-elektromobilno\u015bci-wejdzie-w-\u017cycie-za...-e-Recepty-ju\u017c-dost\u0119pne.-Korepetycje-nie-s\u0105-dzia\u0142alno\u015bci\u0105-gospodarcz\u0105.jpg\",\"contentUrl\":\"https:\\\/\\\/legiobiznes.pl\\\/I\\\/wp-content\\\/uploads\\\/2019\\\/09\\\/Sk\u0142adka-ZUS-uzale\u017cniona-od-dochodu.-Ustawa-o-elektromobilno\u015bci-wejdzie-w-\u017cycie-za...-e-Recepty-ju\u017c-dost\u0119pne.-Korepetycje-nie-s\u0105-dzia\u0142alno\u015bci\u0105-gospodarcz\u0105.jpg\",\"width\":960,\"height\":528,\"caption\":\"Sk\u0142adka ZUS uzale\u017cniona od dochodu. Ustawa o elektromobilno\u015bci wejdzie w \u017cycie za... e-Recepty ju\u017c dost\u0119pne. Korepetycje nie s\u0105 dzia\u0142alno\u015bci\u0105 gospodarcz\u0105\"},{\"@type\":\"BreadcrumbList\",\"@id\":\"https:\\\/\\\/legiobiznes.pl\\\/I\\\/skladka-zus-uzalezniona-od-dochodu-ustawa-o-elektromobilnosci-wejdzie-w-zycie-za-e-recepty-juz-dostepne-korepetycje-nie-sa-dzialalnoscia-gospodarcza\\\/#breadcrumb\",\"itemListElement\":[{\"@type\":\"ListItem\",\"position\":1,\"name\":\"Strona g\u0142\u00f3wna\",\"item\":\"https:\\\/\\\/legiobiznes.pl\\\/I\\\/\"},{\"@type\":\"ListItem\",\"position\":2,\"name\":\"Sk\u0142adka ZUS uzale\u017cniona od dochodu. Ustawa o elektromobilno\u015bci wejdzie w \u017cycie za&#8230; e-Recepty ju\u017c dost\u0119pne. Korepetycje nie s\u0105 dzia\u0142alno\u015bci\u0105 gospodarcz\u0105\"}]},{\"@type\":\"WebSite\",\"@id\":\"https:\\\/\\\/legiobiznes.pl\\\/I\\\/#website\",\"url\":\"https:\\\/\\\/legiobiznes.pl\\\/I\\\/\",\"name\":\"Legiobiznes.pl\",\"description\":\"Kryptowaluty, Bezpiecze\u0144stwo IT, E-biznes | LegioBiznes.PL\",\"publisher\":{\"@id\":\"https:\\\/\\\/legiobiznes.pl\\\/I\\\/#organization\"},\"potentialAction\":[{\"@type\":\"SearchAction\",\"target\":{\"@type\":\"EntryPoint\",\"urlTemplate\":\"https:\\\/\\\/legiobiznes.pl\\\/I\\\/?s={search_term_string}\"},\"query-input\":{\"@type\":\"PropertyValueSpecification\",\"valueRequired\":true,\"valueName\":\"search_term_string\"}}],\"inLanguage\":\"pl-PL\"},{\"@type\":\"Organization\",\"@id\":\"https:\\\/\\\/legiobiznes.pl\\\/I\\\/#organization\",\"name\":\"LegioBiznes.PL\",\"url\":\"https:\\\/\\\/legiobiznes.pl\\\/I\\\/\",\"logo\":{\"@type\":\"ImageObject\",\"inLanguage\":\"pl-PL\",\"@id\":\"https:\\\/\\\/legiobiznes.pl\\\/I\\\/#\\\/schema\\\/logo\\\/image\\\/\",\"url\":\"https:\\\/\\\/legiobiznes.pl\\\/I\\\/wp-content\\\/uploads\\\/2017\\\/08\\\/legiobiznespl-logo2-e1503834302371.png\",\"contentUrl\":\"https:\\\/\\\/legiobiznes.pl\\\/I\\\/wp-content\\\/uploads\\\/2017\\\/08\\\/legiobiznespl-logo2-e1503834302371.png\",\"width\":180,\"height\":76,\"caption\":\"LegioBiznes.PL\"},\"image\":{\"@id\":\"https:\\\/\\\/legiobiznes.pl\\\/I\\\/#\\\/schema\\\/logo\\\/image\\\/\"},\"sameAs\":[\"https:\\\/\\\/www.facebook.com\\\/LegioBiznes\\\/\",\"https:\\\/\\\/x.com\\\/LegioBiznesPL\",\"https:\\\/\\\/www.youtube.com\\\/channel\\\/UCEhszB39vxk96yIXD-jOORw\"]},{\"@type\":\"Person\",\"@id\":\"https:\\\/\\\/legiobiznes.pl\\\/I\\\/#\\\/schema\\\/person\\\/33c4505a5d28a7c944baf038996052d4\",\"name\":\"Legiobiznes.pl\",\"image\":{\"@type\":\"ImageObject\",\"inLanguage\":\"pl-PL\",\"@id\":\"https:\\\/\\\/legiobiznes.pl\\\/I\\\/wp-content\\\/uploads\\\/2019\\\/07\\\/favicon-Legiobiznes-150x150.png\",\"url\":\"https:\\\/\\\/legiobiznes.pl\\\/I\\\/wp-content\\\/uploads\\\/2019\\\/07\\\/favicon-Legiobiznes-150x150.png\",\"contentUrl\":\"https:\\\/\\\/legiobiznes.pl\\\/I\\\/wp-content\\\/uploads\\\/2019\\\/07\\\/favicon-Legiobiznes-150x150.png\",\"caption\":\"Legiobiznes.pl\"},\"description\":\"Budowa i tworzenie profesjonalnych, responsywnych (RWD) stron www. Pozycjonowanie SEO, sklepy internetowe eSklep...\",\"url\":\"https:\\\/\\\/legiobiznes.pl\\\/I\\\/author\\\/boss\\\/\"}]}<\/script>\n<!-- \/ Yoast SEO plugin. -->","yoast_head_json":{"title":"Sk\u0142adka ZUS uzale\u017cniona od dochodu. Ustawa o elektromobilno\u015bci wejdzie w \u017cycie za... e-Recepty ju\u017c dost\u0119pne. Korepetycje nie s\u0105 dzia\u0142alno\u015bci\u0105 gospodarcz\u0105 &#187; Legiobiznes.pl","description":"Sk\u0142adka ZUS uzale\u017cniona od dochodu. Ustawa o elektromobilno\u015bci wejdzie w \u017cycie za... e-Recepty ju\u017c dost\u0119pne. Korepetycje nie s\u0105 dzia\u0142alno\u015bci\u0105 gospodarcz\u0105","robots":{"index":"index","follow":"follow","max-snippet":"max-snippet:-1","max-image-preview":"max-image-preview:large","max-video-preview":"max-video-preview:-1"},"canonical":"https:\/\/legiobiznes.pl\/I\/skladka-zus-uzalezniona-od-dochodu-ustawa-o-elektromobilnosci-wejdzie-w-zycie-za-e-recepty-juz-dostepne-korepetycje-nie-sa-dzialalnoscia-gospodarcza\/","og_locale":"pl_PL","og_type":"article","og_title":"Sk\u0142adka ZUS uzale\u017cniona od dochodu. Ustawa o elektromobilno\u015bci wejdzie w \u017cycie za... e-Recepty ju\u017c dost\u0119pne. Korepetycje nie s\u0105 dzia\u0142alno\u015bci\u0105 gospodarcz\u0105 &#187; Legiobiznes.pl","og_description":"Sk\u0142adka ZUS uzale\u017cniona od dochodu. Ustawa o elektromobilno\u015bci wejdzie w \u017cycie za... e-Recepty ju\u017c dost\u0119pne. Korepetycje nie s\u0105 dzia\u0142alno\u015bci\u0105 gospodarcz\u0105","og_url":"https:\/\/legiobiznes.pl\/I\/skladka-zus-uzalezniona-od-dochodu-ustawa-o-elektromobilnosci-wejdzie-w-zycie-za-e-recepty-juz-dostepne-korepetycje-nie-sa-dzialalnoscia-gospodarcza\/","og_site_name":"Legiobiznes.pl","article_publisher":"https:\/\/www.facebook.com\/LegioBiznes\/","article_published_time":"2019-09-18T12:06:50+00:00","article_modified_time":"2020-10-27T14:37:50+00:00","og_image":[{"width":960,"height":528,"url":"https:\/\/legiobiznes.pl\/I\/wp-content\/uploads\/2019\/09\/Sk\u0142adka-ZUS-uzale\u017cniona-od-dochodu.-Ustawa-o-elektromobilno\u015bci-wejdzie-w-\u017cycie-za...-e-Recepty-ju\u017c-dost\u0119pne.-Korepetycje-nie-s\u0105-dzia\u0142alno\u015bci\u0105-gospodarcz\u0105.jpg","type":"image\/jpeg"}],"author":"Legiobiznes.pl","twitter_card":"summary_large_image","twitter_creator":"@LegioBiznesPL","twitter_site":"@LegioBiznesPL","twitter_misc":{"Napisane przez":"Legiobiznes.pl","Szacowany czas czytania":"9 minut"},"schema":{"@context":"https:\/\/schema.org","@graph":[{"@type":"Article","@id":"https:\/\/legiobiznes.pl\/I\/skladka-zus-uzalezniona-od-dochodu-ustawa-o-elektromobilnosci-wejdzie-w-zycie-za-e-recepty-juz-dostepne-korepetycje-nie-sa-dzialalnoscia-gospodarcza\/#article","isPartOf":{"@id":"https:\/\/legiobiznes.pl\/I\/skladka-zus-uzalezniona-od-dochodu-ustawa-o-elektromobilnosci-wejdzie-w-zycie-za-e-recepty-juz-dostepne-korepetycje-nie-sa-dzialalnoscia-gospodarcza\/"},"author":{"name":"Legiobiznes.pl","@id":"https:\/\/legiobiznes.pl\/I\/#\/schema\/person\/33c4505a5d28a7c944baf038996052d4"},"headline":"Sk\u0142adka ZUS uzale\u017cniona od dochodu. Ustawa o elektromobilno\u015bci wejdzie w \u017cycie za&#8230; e-Recepty ju\u017c dost\u0119pne. Korepetycje nie s\u0105 dzia\u0142alno\u015bci\u0105 gospodarcz\u0105","datePublished":"2019-09-18T12:06:50+00:00","dateModified":"2020-10-27T14:37:50+00:00","mainEntityOfPage":{"@id":"https:\/\/legiobiznes.pl\/I\/skladka-zus-uzalezniona-od-dochodu-ustawa-o-elektromobilnosci-wejdzie-w-zycie-za-e-recepty-juz-dostepne-korepetycje-nie-sa-dzialalnoscia-gospodarcza\/"},"wordCount":1878,"commentCount":0,"publisher":{"@id":"https:\/\/legiobiznes.pl\/I\/#organization"},"image":{"@id":"https:\/\/legiobiznes.pl\/I\/skladka-zus-uzalezniona-od-dochodu-ustawa-o-elektromobilnosci-wejdzie-w-zycie-za-e-recepty-juz-dostepne-korepetycje-nie-sa-dzialalnoscia-gospodarcza\/#primaryimage"},"thumbnailUrl":"https:\/\/legiobiznes.pl\/I\/wp-content\/uploads\/2019\/09\/Sk\u0142adka-ZUS-uzale\u017cniona-od-dochodu.-Ustawa-o-elektromobilno\u015bci-wejdzie-w-\u017cycie-za...-e-Recepty-ju\u017c-dost\u0119pne.-Korepetycje-nie-s\u0105-dzia\u0142alno\u015bci\u0105-gospodarcz\u0105.jpg","keywords":["Dyrektywa PSD2","e-recepty","Google","ma\u0142y ZUS","Sk\u0142adka ZUS","UTO"],"articleSection":["Prawo"],"inLanguage":"pl-PL","potentialAction":[{"@type":"CommentAction","name":"Comment","target":["https:\/\/legiobiznes.pl\/I\/skladka-zus-uzalezniona-od-dochodu-ustawa-o-elektromobilnosci-wejdzie-w-zycie-za-e-recepty-juz-dostepne-korepetycje-nie-sa-dzialalnoscia-gospodarcza\/#respond"]}]},{"@type":"WebPage","@id":"https:\/\/legiobiznes.pl\/I\/skladka-zus-uzalezniona-od-dochodu-ustawa-o-elektromobilnosci-wejdzie-w-zycie-za-e-recepty-juz-dostepne-korepetycje-nie-sa-dzialalnoscia-gospodarcza\/","url":"https:\/\/legiobiznes.pl\/I\/skladka-zus-uzalezniona-od-dochodu-ustawa-o-elektromobilnosci-wejdzie-w-zycie-za-e-recepty-juz-dostepne-korepetycje-nie-sa-dzialalnoscia-gospodarcza\/","name":"Sk\u0142adka ZUS uzale\u017cniona od dochodu. Ustawa o elektromobilno\u015bci wejdzie w \u017cycie za... e-Recepty ju\u017c dost\u0119pne. Korepetycje nie s\u0105 dzia\u0142alno\u015bci\u0105 gospodarcz\u0105 &#187; Legiobiznes.pl","isPartOf":{"@id":"https:\/\/legiobiznes.pl\/I\/#website"},"primaryImageOfPage":{"@id":"https:\/\/legiobiznes.pl\/I\/skladka-zus-uzalezniona-od-dochodu-ustawa-o-elektromobilnosci-wejdzie-w-zycie-za-e-recepty-juz-dostepne-korepetycje-nie-sa-dzialalnoscia-gospodarcza\/#primaryimage"},"image":{"@id":"https:\/\/legiobiznes.pl\/I\/skladka-zus-uzalezniona-od-dochodu-ustawa-o-elektromobilnosci-wejdzie-w-zycie-za-e-recepty-juz-dostepne-korepetycje-nie-sa-dzialalnoscia-gospodarcza\/#primaryimage"},"thumbnailUrl":"https:\/\/legiobiznes.pl\/I\/wp-content\/uploads\/2019\/09\/Sk\u0142adka-ZUS-uzale\u017cniona-od-dochodu.-Ustawa-o-elektromobilno\u015bci-wejdzie-w-\u017cycie-za...-e-Recepty-ju\u017c-dost\u0119pne.-Korepetycje-nie-s\u0105-dzia\u0142alno\u015bci\u0105-gospodarcz\u0105.jpg","datePublished":"2019-09-18T12:06:50+00:00","dateModified":"2020-10-27T14:37:50+00:00","description":"Sk\u0142adka ZUS uzale\u017cniona od dochodu. Ustawa o elektromobilno\u015bci wejdzie w \u017cycie za... e-Recepty ju\u017c dost\u0119pne. Korepetycje nie s\u0105 dzia\u0142alno\u015bci\u0105 gospodarcz\u0105","breadcrumb":{"@id":"https:\/\/legiobiznes.pl\/I\/skladka-zus-uzalezniona-od-dochodu-ustawa-o-elektromobilnosci-wejdzie-w-zycie-za-e-recepty-juz-dostepne-korepetycje-nie-sa-dzialalnoscia-gospodarcza\/#breadcrumb"},"inLanguage":"pl-PL","potentialAction":[{"@type":"ReadAction","target":["https:\/\/legiobiznes.pl\/I\/skladka-zus-uzalezniona-od-dochodu-ustawa-o-elektromobilnosci-wejdzie-w-zycie-za-e-recepty-juz-dostepne-korepetycje-nie-sa-dzialalnoscia-gospodarcza\/"]}]},{"@type":"ImageObject","inLanguage":"pl-PL","@id":"https:\/\/legiobiznes.pl\/I\/skladka-zus-uzalezniona-od-dochodu-ustawa-o-elektromobilnosci-wejdzie-w-zycie-za-e-recepty-juz-dostepne-korepetycje-nie-sa-dzialalnoscia-gospodarcza\/#primaryimage","url":"https:\/\/legiobiznes.pl\/I\/wp-content\/uploads\/2019\/09\/Sk\u0142adka-ZUS-uzale\u017cniona-od-dochodu.-Ustawa-o-elektromobilno\u015bci-wejdzie-w-\u017cycie-za...-e-Recepty-ju\u017c-dost\u0119pne.-Korepetycje-nie-s\u0105-dzia\u0142alno\u015bci\u0105-gospodarcz\u0105.jpg","contentUrl":"https:\/\/legiobiznes.pl\/I\/wp-content\/uploads\/2019\/09\/Sk\u0142adka-ZUS-uzale\u017cniona-od-dochodu.-Ustawa-o-elektromobilno\u015bci-wejdzie-w-\u017cycie-za...-e-Recepty-ju\u017c-dost\u0119pne.-Korepetycje-nie-s\u0105-dzia\u0142alno\u015bci\u0105-gospodarcz\u0105.jpg","width":960,"height":528,"caption":"Sk\u0142adka ZUS uzale\u017cniona od dochodu. Ustawa o elektromobilno\u015bci wejdzie w \u017cycie za... e-Recepty ju\u017c dost\u0119pne. Korepetycje nie s\u0105 dzia\u0142alno\u015bci\u0105 gospodarcz\u0105"},{"@type":"BreadcrumbList","@id":"https:\/\/legiobiznes.pl\/I\/skladka-zus-uzalezniona-od-dochodu-ustawa-o-elektromobilnosci-wejdzie-w-zycie-za-e-recepty-juz-dostepne-korepetycje-nie-sa-dzialalnoscia-gospodarcza\/#breadcrumb","itemListElement":[{"@type":"ListItem","position":1,"name":"Strona g\u0142\u00f3wna","item":"https:\/\/legiobiznes.pl\/I\/"},{"@type":"ListItem","position":2,"name":"Sk\u0142adka ZUS uzale\u017cniona od dochodu. Ustawa o elektromobilno\u015bci wejdzie w \u017cycie za&#8230; e-Recepty ju\u017c dost\u0119pne. Korepetycje nie s\u0105 dzia\u0142alno\u015bci\u0105 gospodarcz\u0105"}]},{"@type":"WebSite","@id":"https:\/\/legiobiznes.pl\/I\/#website","url":"https:\/\/legiobiznes.pl\/I\/","name":"Legiobiznes.pl","description":"Kryptowaluty, Bezpiecze\u0144stwo IT, E-biznes | LegioBiznes.PL","publisher":{"@id":"https:\/\/legiobiznes.pl\/I\/#organization"},"potentialAction":[{"@type":"SearchAction","target":{"@type":"EntryPoint","urlTemplate":"https:\/\/legiobiznes.pl\/I\/?s={search_term_string}"},"query-input":{"@type":"PropertyValueSpecification","valueRequired":true,"valueName":"search_term_string"}}],"inLanguage":"pl-PL"},{"@type":"Organization","@id":"https:\/\/legiobiznes.pl\/I\/#organization","name":"LegioBiznes.PL","url":"https:\/\/legiobiznes.pl\/I\/","logo":{"@type":"ImageObject","inLanguage":"pl-PL","@id":"https:\/\/legiobiznes.pl\/I\/#\/schema\/logo\/image\/","url":"https:\/\/legiobiznes.pl\/I\/wp-content\/uploads\/2017\/08\/legiobiznespl-logo2-e1503834302371.png","contentUrl":"https:\/\/legiobiznes.pl\/I\/wp-content\/uploads\/2017\/08\/legiobiznespl-logo2-e1503834302371.png","width":180,"height":76,"caption":"LegioBiznes.PL"},"image":{"@id":"https:\/\/legiobiznes.pl\/I\/#\/schema\/logo\/image\/"},"sameAs":["https:\/\/www.facebook.com\/LegioBiznes\/","https:\/\/x.com\/LegioBiznesPL","https:\/\/www.youtube.com\/channel\/UCEhszB39vxk96yIXD-jOORw"]},{"@type":"Person","@id":"https:\/\/legiobiznes.pl\/I\/#\/schema\/person\/33c4505a5d28a7c944baf038996052d4","name":"Legiobiznes.pl","image":{"@type":"ImageObject","inLanguage":"pl-PL","@id":"https:\/\/legiobiznes.pl\/I\/wp-content\/uploads\/2019\/07\/favicon-Legiobiznes-150x150.png","url":"https:\/\/legiobiznes.pl\/I\/wp-content\/uploads\/2019\/07\/favicon-Legiobiznes-150x150.png","contentUrl":"https:\/\/legiobiznes.pl\/I\/wp-content\/uploads\/2019\/07\/favicon-Legiobiznes-150x150.png","caption":"Legiobiznes.pl"},"description":"Budowa i tworzenie profesjonalnych, responsywnych (RWD) stron www. Pozycjonowanie SEO, sklepy internetowe eSklep...","url":"https:\/\/legiobiznes.pl\/I\/author\/boss\/"}]}},"_links":{"self":[{"href":"https:\/\/legiobiznes.pl\/I\/wp-json\/wp\/v2\/posts\/1195293","targetHints":{"allow":["GET"]}}],"collection":[{"href":"https:\/\/legiobiznes.pl\/I\/wp-json\/wp\/v2\/posts"}],"about":[{"href":"https:\/\/legiobiznes.pl\/I\/wp-json\/wp\/v2\/types\/post"}],"author":[{"embeddable":true,"href":"https:\/\/legiobiznes.pl\/I\/wp-json\/wp\/v2\/users\/1"}],"replies":[{"embeddable":true,"href":"https:\/\/legiobiznes.pl\/I\/wp-json\/wp\/v2\/comments?post=1195293"}],"version-history":[{"count":0,"href":"https:\/\/legiobiznes.pl\/I\/wp-json\/wp\/v2\/posts\/1195293\/revisions"}],"wp:featuredmedia":[{"embeddable":true,"href":"https:\/\/legiobiznes.pl\/I\/wp-json\/wp\/v2\/media\/1195294"}],"wp:attachment":[{"href":"https:\/\/legiobiznes.pl\/I\/wp-json\/wp\/v2\/media?parent=1195293"}],"wp:term":[{"taxonomy":"category","embeddable":true,"href":"https:\/\/legiobiznes.pl\/I\/wp-json\/wp\/v2\/categories?post=1195293"},{"taxonomy":"post_tag","embeddable":true,"href":"https:\/\/legiobiznes.pl\/I\/wp-json\/wp\/v2\/tags?post=1195293"}],"curies":[{"name":"wp","href":"https:\/\/api.w.org\/{rel}","templated":true}]}}