{"id":1222520,"date":"2019-11-23T09:15:10","date_gmt":"2019-11-23T07:15:10","guid":{"rendered":"https:\/\/legiobiznes.pl\/I\/?p=1222520"},"modified":"2024-10-08T07:17:26","modified_gmt":"2024-10-08T05:17:26","slug":"podniesienia-kwoty-wolnej-od-podatku-do-30-tys-zl-wyzsza-pensja-minimalna-rzad-przyjal-projekt-maly-zus-plus-zus-i-matki-prowadzace-firmy","status":"publish","type":"post","link":"https:\/\/legiobiznes.pl\/I\/podniesienia-kwoty-wolnej-od-podatku-do-30-tys-zl-wyzsza-pensja-minimalna-rzad-przyjal-projekt-maly-zus-plus-zus-i-matki-prowadzace-firmy\/","title":{"rendered":"Podniesienia kwoty wolnej od podatku do 30 tys. z\u0142! Wy\u017csza pensja minimalna. Rz\u0105d przyj\u0105\u0142 projekt Ma\u0142y ZUS Plus. ZUS i matki prowadz\u0105ce firmy"},"content":{"rendered":"<h2><strong>Jest projekt ustawy podniesienia kwoty wolnej od podatku do 30 tys. z\u0142<\/strong><\/h2>\n<h4>Pos\u0142owie Konfederacji zaproponowali pierwszy projekt ustawy w nowej kadencji Sejmu. Dotyczy ona podniesienia kwoty wolnej od podatku do ponad 12-krotno\u015bci miesi\u0119cznej p\u0142acy minimalnej. Zatem po zmianie mia\u0142aby ona wynosi\u0107 blisko 30 tys. z\u0142.<\/h4>\n<p><!-- Pula: Marketing \/\/--><br \/>\n<script type=\"text\/javascript\">\n    document.write(unescape('%3Cscript type=\"text\/javascript\" src=\"' + document.location.protocol + \n    '\/\/ec.bankier.pl\/show2\/MzIxMjAsMjUzMjIsNDE4NzY\/' + Math.random() + '\/'+ '\"%3E%3C\/script%3E'));\n<\/script><\/p>\n<p>Kwota wolna od podatku zmienia si\u0119 bardzo rzadko. Obecnie w Polsce wynosi ona maksymalnie 8 tys. z\u0142, co jest jedn\u0105 z najmniejszych kwot wolnych od podatku w regionie. Natomiast, gdy przyjrzymy si\u0119 zmianom warto\u015bci, mo\u017cna zaobserwowa\u0107, \u017ce w Polsce Na przestrzeni ostatnich 19 lat kwota wolna od podatku wzros\u0142a zaledwie o 35 proc&#8230;<\/p>\n<a href=\"https:\/\/mambiznes.pl\/wlasny-biznes\/projekt-ustawy-podniesienia-kwoty-wolnej-podatku-30-tys-zl-96073\" target=\"_blank\" class=\"shortc-button medium red \">Wi\u0119cej dowiesz si\u0119 u \u017ar\u00f3d\u0142a &gt;<\/a>\n<h2><strong>Wy\u017csza pensja minimalna &#8211; komu si\u0119 op\u0142aca?<\/strong><\/h2>\n<h4>P\u0142aca minimalna to specyficzne narz\u0119dzie regulacji rynku pracy, kt\u00f3re powinno uwzgl\u0119dnia\u0107 zar\u00f3wno wzrost cen, jak i wzrost wydajno\u015bci pracy. Zwi\u0119kszenie jej kwoty ponad te wska\u017aniki skutkuje wzrostem inflacji i stopy bezrobocia. Ile zap\u0142acimy za zapowiedziane przez rz\u0105d podwy\u017cki minimalnego wynagrodzenia wyja\u015bnia ekspertka z Uniwersytetu \u0141\u00f3dzkiego, prof. Ma\u0142gorzata Striker.<\/h4>\n<p>Tocz\u0105ca si\u0119 w ostatnim czasie dyskusja medialna dotycz\u0105ca propozycji podniesienia p\u0142acy minimalnej w\u0142a\u015bciwe jest monologiem, chocia\u017c dotyka interes\u00f3w wielu stron&#8230;<\/p>\n<a href=\"http:\/\/di.com.pl\/wyzsza-pensja-minimalna-komu-sie-oplaca-64102?utm_source=feedburner&amp;utm_medium=feed&amp;utm_campaign=Feed%3A+glowny-di+%280+-+DI+kanal+glowny+%28go%\" target=\"_blank\" class=\"shortc-button medium red \">Wi\u0119cej dowiesz si\u0119 u \u017ar\u00f3d\u0142a &gt;<\/a>\n<h2><strong>Tak firmy chc\u0105 obchodzi\u0107 podwy\u017ck\u0119 wynagrodzenia minimalnego<\/strong><\/h2>\n<h4>Ju\u017c od stycznia obowi\u0105zywa\u0107 b\u0119dzie wy\u017csze wynagrodzenie minimalne. Jednak ju\u017c dzi\u015b wielu przedsi\u0119biorc\u00f3w wpad\u0142o na pomys\u0142 jak omin\u0105\u0107 ustawow\u0105 podwy\u017ck\u0119 p\u0142ac dla pracownik\u00f3w \u2013 informuje Rzeczpospolita.<\/h4>\n<p>Ju\u017c od 1 stycznia 2020 r. zgodnie z zapowiedzi\u0105 rz\u0105du wzro\u015bnie wynagrodzenie minimalne o 350 z\u0142 do poziomu 2600 z\u0142. Docelowo, jak zapowiedzieli politycy PIS, w 2023 roku kwota ta mia\u0142aby wynie\u015b\u0107 nawet 4000 z\u0142. W konsekwencji tego przedsi\u0119biorcy b\u0119d\u0105 musieli si\u0119gn\u0105\u0107 g\u0142\u0119biej do kieszeni, bowiem\u00a0ju\u017c od nowego roku koszty zatrudnienia wzrosn\u0105 o 15 proc. To sprawi\u0142o, \u017ce na cz\u0119\u015b\u0107 przedsi\u0119biorc\u00f3w pad\u0142 blady strach. Tym samym zacz\u0119li poszukiwa\u0107 rozwi\u0105zania, kt\u00f3re pozwoli\u0142oby im ograniczy\u0107 rosn\u0105ce koszty&#8230;<\/p>\n<a href=\"https:\/\/mambiznes.pl\/wlasny-biznes\/firmy-chca-obchodzic-podwyzke-wynagrodzenia-minimalnego-96124\" target=\"_blank\" class=\"shortc-button medium red \">Wi\u0119cej dowiesz si\u0119 u \u017ar\u00f3d\u0142a &gt;<\/a>\n<h2><strong>Wzrost p\u0142acy minimalnej spowoduje pogorszenie si\u0119 sytuacji w budownictwie<\/strong><\/h2>\n<h4>Wzrost p\u0142acy minimalnej b\u0119dzie powodowa\u0142 zmniejszenie zatrudnienia i zwi\u0119kszenie inflacji, ale w ograniczonym stopniu. Przede wszystkim wzrosn\u0105 \u015brednie wynagrodzenia, bo firmy podnios\u0105 p\u0142ace do\u015b\u0107 dobrze zarabiaj\u0105cych.<\/h4>\n<p>Kilka tygodni temu PiS zapowiedzia\u0142, \u017ce p\u0142aca minimalna zostanie podniesiona do 3 tys. z\u0142. brutto na koniec 2020 r. i 4 tys. z\u0142 na koniec 2023 r. Oznacza to jej silny wzrost, o 78% z obecnego poziomu r\u00f3wnego 2250 z\u0142, w horyzoncie 5 lat. Taka polityka niesie za sob\u0105 powa\u017cne implikacje m.in. dla poziomu wynagrodze\u0144 og\u00f3\u0142em, zatrudnienia i poziomu cen&#8230;<\/p>\n<a href=\"https:\/\/mambiznes.pl\/wlasny-biznes\/wzrost-placy-minimalnej-spowoduje-pogorszenie-sie-sytuacji-budownictwie-95710\" target=\"_blank\" class=\"shortc-button medium red \">Wi\u0119cej dowiesz si\u0119 u \u017ar\u00f3d\u0142a &gt;<\/a>\n<h2><strong>Wzrost p\u0142acy minimalnej niszczy biznes w ma\u0142ych miastach i na wsiach<\/strong><\/h2>\n<h4>Wzrost minimalnego wynagrodzenia w Polsce dyktowany jest przede wszystkim dobrymi ch\u0119ciami i doprowadzeniem w spos\u00f3b sztuczny do stworzenia pa\u0144stwa dobrobytu.<\/h4>\n<p>Jednak przede wszystkim doprowadzi do stworzenia niebezpiecznych zagro\u017ce\u0144 dla gospodarki&#8230;<\/p>\n<a href=\"https:\/\/mambiznes.pl\/wlasny-biznes\/wzrost-placy-minimalnej-niszczy-biznes-malych-miastach-wsiach-95872\" target=\"_blank\" class=\"shortc-button medium red \">Wi\u0119cej dowiesz si\u0119 u \u017ar\u00f3d\u0142a &gt;<\/a>\n<p><center><!-- Pula: Marketing2 \/\/--><br \/>\n<script type=\"text\/javascript\">\n    document.write(unescape('%3Cscript type=\"text\/javascript\" src=\"' + document.location.protocol + \n    '\/\/ec.bankier.pl\/show2\/MzIxMjEsMjUzMjIsNDE4NzY\/' + Math.random() + '\/'+ '\"%3E%3C\/script%3E'));\n<\/script><\/center><\/p>\n<h2><strong>Ma\u0142e firmy b\u0119d\u0105 zwalnia\u0107 pracownik\u00f3w z powodu wzrostu p\u0142acy minimalnej<\/strong><\/h2>\n<h4>W 2020 r. p\u0142aca minimalna ma wynosi\u0107 2 600 z\u0142, a \u015brednie wynagrodzenia w ma\u0142ych firmach w 2018 r. wynosi\u0142y ok. 3 tys. z\u0142. Najwi\u0119ksze k\u0142opoty przed ma\u0142ym firmami, dlatego bezrobocie zacznie wzrasta\u0107.<\/h4>\n<p>Zyskaj\u0105 osoby najni\u017cej zarabiaj\u0105ce i o najni\u017cszych kwalifikacjach zawodowych, a w najtrudniejszej sytuacji znajd\u0105 si\u0119 najmniejsze firmy, bo b\u0119d\u0105 zwalnia\u0107 pracownik\u00f3w, gdy nie b\u0119dzie ich sta\u0107 na podwy\u017cszenie najni\u017cszej p\u0142acy, ale jednocze\u015bnie pracownicy o wy\u017cszych kwalifikacjach b\u0119d\u0105 si\u0119 przenosi\u0107 do firm \u015brednich o du\u017cych, bo p\u0142ace s\u0105 tam o 2 tys. z\u0142 wy\u017csze \u2013 m\u00f3wi w rozmowie z MarketNews24 Monika Fedorczuk, ekspert ds. rynku pracy Konfederacji Lewiatan&#8230;<\/p>\n<a href=\"https:\/\/mambiznes.pl\/wlasny-biznes\/male-firmy-beda-zwalniac-pracownikow-powodu-wzrostu-placy-minimalnej-95971\" target=\"_blank\" class=\"shortc-button medium red \">Wi\u0119cej dowiesz si\u0119 u \u017ar\u00f3d\u0142a &gt;<\/a>\n<h2><strong>Rz\u0105d przyj\u0105\u0142 projekt Ma\u0142y ZUS Plus. Nawet 550 z\u0142 ni\u017csza sk\u0142adka<\/strong><\/h2>\n<h4>Program Ma\u0142y ZUS Plus coraz bli\u017cej. Rz\u0105d przyj\u0105\u0142 dzi\u015b projekt ustawy zwi\u0119kszaj\u0105cy grono ma\u0142ych firm, kt\u00f3re b\u0119d\u0105 p\u0142aci\u0142y ni\u017csze sk\u0142adki na ZUS. Miesi\u0119czna oszcz\u0119dno\u015b\u0107 dla osoby prowadz\u0105cej jednoosobow\u0105 dzia\u0142alno\u015b\u0107 mo\u017ce si\u0119gn\u0105\u0107 ponad 500 z\u0142.<\/h4>\n<p>Podczas konferencji premiera\u00a0Mateusza Morawieckiego\u00a0oraz minister\u00a0Jadwigi Emilewicz poinformowano, \u017ce Rada Ministr\u00f3w przyj\u0119\u0142a projekt ustawy wprowadzaj\u0105cy tzw. ma\u0142y ZUS Plus. Zgodnie z zapowiedziami przedwyborczymi rz\u0105d od 1 stycznia przysz\u0142ego roku chce wprowadzi\u0107 ulgi w sk\u0142adkach na ubezpieczenie spo\u0142eczne p\u0142aconych przez najmniejszych przedsi\u0119biorc\u00f3w&#8230;<\/p>\n<a href=\"https:\/\/mambiznes.pl\/wlasny-biznes\/rzad-przyjal-projekt-maly-zus-plus-nawet-550-zl-nizsza-skladka-96119\" target=\"_blank\" class=\"shortc-button medium red \">Wi\u0119cej dowiesz si\u0119 u \u017ar\u00f3d\u0142a &gt;<\/a>\n<h2><strong>Kto i na jakich zasadach b\u0119dzie m\u00f3g\u0142 skorzysta\u0107 z ZUS-u liczonego od dochodu?<\/strong><\/h2>\n<h4>Ju\u017c we wrze\u015bniu po raz pierwszy mogli\u015bmy us\u0142ysze\u0107, \u017ce rz\u0105d planuje wprowadzi\u0107 sk\u0142adk\u0119 ZUS liczon\u0105 od dochodu dla przedsi\u0119biorc\u00f3w. Jednak teraz poznali\u015bmy wi\u0119cej szczeg\u00f3\u0142\u00f3w odno\u015bnie rozwi\u0105zania, z kt\u00f3rego skorzysta\u0107 b\u0119dzie mog\u0142o prawie 320 tys. mikrofirm. Kto i jak mo\u017ce skorzysta\u0107 na tzw. ma\u0142ym ZUS-ie Plus?<\/h4>\n<p>Blisko rok temu, rzecznik M\u015aP Adam Abramowicz apelowa\u0142 do rz\u0105du o wprowadzenie dobrowolnego ZUS-u.\u00a0Jego pro\u015bb\u0119 popiera\u0142a ponad po\u0142owa przedsi\u0119biorc\u00f3w. Jednak przez d\u0142u\u017cszy czas nic nie zapowiada\u0142o, \u017ce nast\u0105pi w tym kontek\u015bcie zmiana. Prze\u0142omem jednak okaza\u0142a si\u0119 konwencja Prawa i Sprawiedliwo\u015bci w Lublinie. Co prawda nie zosta\u0142a wprowadzona dobrowolna sk\u0142adka na ZUS, ale\u00a0jak zosta\u0142o \u00f3wcze\u015bnie powiedziane cz\u0119\u015b\u0107 firm b\u0119dzie mog\u0142o skorzysta\u0107 ze sk\u0142adek liczonych od dochodu,\u00a0a nie tak jak jest teraz, czyli p\u0142acone rycza\u0142towo&#8230;<\/p>\n<a href=\"https:\/\/mambiznes.pl\/poradniki\/jakich-zasadach-bedzie-mogl-skorzystac-zus-u-liczonego-dochodu-95635\" target=\"_blank\" class=\"shortc-button medium red \">Wi\u0119cej dowiesz si\u0119 u \u017ar\u00f3d\u0142a &gt;<\/a>\n<h2><strong>ZUS wysy\u0142a pisma do matek prowadz\u0105cych firmy. O co pyta?<\/strong><\/h2>\n<h4>M\u0142ode mamy prowadz\u0105ce dzia\u0142alno\u015b\u0107 gospodarcz\u0105 musz\u0105 udowodni\u0107 przed ZUS, \u017ce faktycznie zajmuj\u0105 si\u0119 prowadzeniem biznesu. Zak\u0142ad wysy\u0142a do wybranych pa\u0144 pisma z informacj\u0105 o wszcz\u0119ciu post\u0119powania. Panie maj\u0105 7 dni na odpowied\u017a, kt\u00f3ra uzasadni ich stanowisko i przekona ZUS albo strac\u0105 \u015bwiadczenie.<\/h4>\n<p>O tym problemie m\u00f3wi si\u0119 od dawna. Chodzi o przedsi\u0119biorcze panie, kt\u00f3re prowadzenie w\u0142asnej firmy \u0142\u0105czy\u0142y z ci\u0105\u017c\u0105 i urodzeniem dziecka. Zak\u0142ad Ubezpiecze\u0144 Spo\u0142ecznych nie wszystkim kobietom daje wiar\u0119. Aby zweryfikowa\u0107 zadeklarowan\u0105 podstaw\u0119 wymiaru sk\u0142adek oraz fakt, czy rzeczywi\u015bcie w tym okresie by\u0142a prowadzona dzia\u0142alno\u015b\u0107 gospodarcza, wysy\u0142a pisma z pro\u015bb\u0105 o dostarczenie dokument\u00f3w uwiarygadniaj\u0105cych&#8230;<\/p>\n<a href=\"https:\/\/mambiznes.pl\/wlasny-biznes\/zus-wysyla-pisma-matek-prowadzacych-firmy-o-pyta-95737\" target=\"_blank\" class=\"shortc-button medium red \">Wi\u0119cej dowiesz si\u0119 u \u017ar\u00f3d\u0142a &gt;<\/a>\n<h2><strong>M\u0142ode matki prowadz\u0105ce firmy kontra ZUS. \u201eZabrano mi \u015bwiadczenie, bo u\u017cywa\u0142am telefonu\u201d<\/strong><\/h2>\n<h4>M\u0142ode mamy prowadz\u0105ce w\u0142asne firmy, kt\u00f3rym ZUS odebra\u0142 \u015bwiadczenie skrzykn\u0119\u0142y si\u0119 na Facebooku i walcz\u0105 o swoje prawa. Przedstawiciele instytucji odpowiadaj\u0105, \u017ce musz\u0105 dba\u0107 o interes wszystkich klient\u00f3w ZUS, a prze\u015bwietlanie zasadno\u015bci wyp\u0142aty \u015bwiadcze\u0144 to ich ustawowy obowi\u0105zek.<\/h4>\n<p>ZUS jest jak czarodziej \u2014 z pracy na etacie zrobi osob\u0119 wsp\u00f3\u0142pracuj\u0105c\u0105, z osoby prowadz\u0105cej dzia\u0142alno\u015b\u0107 gospodarcz\u0105 zrobi etatowca \u2026 takie czary mary jak im tam pasuje, a wszystko po to, aby pozbawi\u0107 prawa do \u015bwiadczenia \u2014 brzmi jedna z tre\u015bci zamieszczonych na profilu \u201eRuch Spo\u0142eczny Kobiety na DG kontra ZUS\u201d. To w\u0142a\u015bnie na nim przedsi\u0119biorcze panie prze\u015bwietlane przez ZUS zamieszczaj\u0105 najr\u00f3\u017cniejsze relacje z kontroli, kt\u00f3re przechodz\u0105 ich firmy. Spo\u0142eczno\u015b\u0107 liczy w tej chwili 2433 osoby, a sytuacji z \u017cycia wzi\u0119tych przybywa z dnia na dzie\u0144&#8230;<\/p>\n<a href=\"https:\/\/mambiznes.pl\/wlasny-biznes\/mlode-matki-prowadzace-firmy-kontra-zus-zabrano-mi-swiadczenie-uzywalam-telefonu-95493\" target=\"_blank\" class=\"shortc-button medium red \">Wi\u0119cej dowiesz si\u0119 u \u017ar\u00f3d\u0142a &gt;<\/a>\n<h2><strong>Nowe koszty uzyskania przychod\u00f3w i ni\u017cszy PIT<\/strong><\/h2>\n<h4>Od 1 pa\u017adziernika obni\u017cona zosta\u0142a stawka podatku PIT, a koszty uzyskania przychod\u00f3w s\u0105 dwukrotnie wy\u017csze. Celem tych zmian jest zminimalizowanie obci\u0105\u017ce\u0144 podatkowych dla os\u00f3b osi\u0105gaj\u0105cych niewysokie pensje, a w szerszej perspektywie ni\u017cszy PIT ma poprawi\u0107 aktywno\u015b\u0107 zawodow\u0105 w Polsce.<\/h4>\n<h4><strong>Dwukrotne podniesienie koszt\u00f3w uzyskania przychod\u00f3w<\/strong><\/h4>\n<p>Dotychczas podstawowe pracownicze koszty uzyskania przychod\u00f3w (KUP) wynosi\u0142y miesi\u0119cznie 111,25 z\u0142, a rocznie nie wi\u0119cej ni\u017c 1335 z\u0142. Dla os\u00f3b doje\u017cd\u017caj\u0105cych KUP by\u0142y nieco wy\u017csze i ich warto\u015b\u0107 by\u0142a r\u00f3wna 139,06 z\u0142 miesi\u0119cznie i 1668,72 z\u0142 rocznie. Dla wieloetatowc\u00f3w roczne KUP nie mog\u0142y przekroczy\u0107 2002,05 z\u0142, a dla doje\u017cd\u017caj\u0105cych roczne koszty nie mia\u0142y by\u0107 wy\u017csze ni\u017c 2502,56 z\u0142. Warto wspomnie\u0107, \u017ce ich wysoko\u015b\u0107 by\u0142a sta\u0142a od 2008 r. Koszty uzyskania przychod\u00f3w po zmianach b\u0119d\u0105 wygl\u0105da\u0107 nast\u0119puj\u0105co&#8230;<\/p>\n<a href=\"http:\/\/di.com.pl\/nowe-koszty-uzyskania-przychodow-i-nizszy-pit-64036?utm_source=feedburner&amp;utm_medium=feed&amp;utm_campaign=Feed%3A+glowny-di+%280+-+DI+kanal+glowny+\" target=\"_blank\" class=\"shortc-button medium red \">Wi\u0119cej dowiesz si\u0119 u \u017ar\u00f3d\u0142a &gt;<\/a>\n<h2><strong>Pe\u0142ny ZUS na umowie zlecenia od 2020 roku?<\/strong><\/h2>\n<h4>Nadci\u0105gaj\u0105 du\u017ce, cz\u0119sto kosztowne zmiany dla przedsi\u0119biorc\u00f3w. Ju\u017c od nowego roku mia\u0142oby obowi\u0105zywa\u0107 pe\u0142ne osk\u0142adkowanie um\u00f3w zlecenia. Projekt zmian jest obecnie w przygotowaniu \u2013 poinformowa\u0142 \u201eDziennik Gazety Prawnej\u201d powo\u0142uj\u0105c si\u0119 na cz\u0142onka rz\u0105du.<\/h4>\n<p>Od nowego roku\u00a0<a href=\"https:\/\/mambiznes.pl\/poradniki\/o-wzrosna-skladki-zus-dla-mlodych-przedsiebiorcow-2020-roku-92548\" target=\"_blank\" rel=\"noopener noreferrer\">wzrosn\u0105 nie tylko sk\u0142adki ZUS dla przedsi\u0119biorc\u00f3w<\/a>, ale tak\u017ce prawdopodobnie pojawi si\u0119 pe\u0142ne osk\u0142adkowanie um\u00f3w zlecenia. Obecnie osoba, kt\u00f3ra jest zatrudniona poprzez tak\u0105 umow\u0119 p\u0142aci ZUS liczony do wysoko\u015bci minimalnego wynagrodzenia. W przypadku wy\u017cszego wynagrodzenia wysoko\u015b\u0107 odprowadzanych sk\u0142adek pozostaje na tym samym poziomie. Jednak ju\u017c wkr\u00f3tce ma si\u0119 to zmieni\u0107. Jak informuje Dziennik Gazeta Prawna, powo\u0142uj\u0105c si\u0119 na cz\u0142onka rz\u0105du, trwaj\u0105 prac\u0119 nad zmian\u0105 ustawy&#8230;<\/p>\n<a href=\"https:\/\/mambiznes.pl\/wlasny-biznes\/pelny-zus-umowie-zlecenia-2020-roku-95920\" target=\"_blank\" class=\"shortc-button medium red \">Wi\u0119cej dowiesz si\u0119 u \u017ar\u00f3d\u0142a &gt;<\/a>\n<h2><strong>Expose premiera Morawieckiego. Co rz\u0105d PiS szykuje dla przedsi\u0119biorc\u00f3w?<\/strong><\/h2>\n<h4>\u015arednio 500 z\u0142 ni\u017cszej sk\u0142adki na ZUS, nowe ulgi inwestycyjne dla najmniejszych firm, dalsza repolonizacja czy \u201eesto\u0144ski CIT\u201d to tylko niekt\u00f3re zapowiedzi, kt\u00f3re pad\u0142y dla przedsi\u0119biorc\u00f3w z m\u00f3wnicy Sejmowej podczas expose Mateusza Morawieckiego.\u00a0 Oto co premier obieca\u0142 w\u0142a\u015bcicielom firm w czasie swojego przem\u00f3wienia oraz czego w nim zabrak\u0142o.<\/h4>\n<p>Kilka minut w expose premiera Mateusza Morawieckiego zaj\u0119\u0142a sfera przedsi\u0119biorc\u00f3w. Obok zapowiedzi znanych ju\u017c z okresu kampanii wyborczej pad\u0142o kilka nowych obietnic&#8230;<\/p>\n<a href=\"https:\/\/mambiznes.pl\/wlasny-biznes\/expose-premiera-morawieckiego-rzad-pis-szykuje-dla-przedsiebiorcow-96049\" target=\"_blank\" class=\"shortc-button medium red \">Wi\u0119cej dowiesz si\u0119 u \u017ar\u00f3d\u0142a &gt;<\/a>\n","protected":false},"excerpt":{"rendered":"<p>Jest projekt ustawy podniesienia kwoty wolnej od podatku do 30 tys. z\u0142 Pos\u0142owie Konfederacji zaproponowali pierwszy projekt ustawy w nowej kadencji Sejmu. Dotyczy ona podniesienia kwoty wolnej od podatku do ponad 12-krotno\u015bci miesi\u0119cznej p\u0142acy minimalnej. Zatem po zmianie mia\u0142aby ona wynosi\u0107 blisko 30 tys. z\u0142. Kwota wolna od podatku zmienia si\u0119 bardzo rzadko. Obecnie w &hellip;<\/p>\n","protected":false},"author":1,"featured_media":1222521,"comment_status":"open","ping_status":"closed","sticky":false,"template":"","format":"standard","meta":{"footnotes":""},"categories":[1294],"tags":[6241,2529,5279,6240,3852,1438,2478],"class_list":["post-1222520","post","type-post","status-publish","format-standard","has-post-thumbnail","","category-prawo","tag-koszty-uzyskania-przychodow","tag-kwota-wolna-od-podatku","tag-maly-zus","tag-pensja-minimalna","tag-pit","tag-przedsiebiorca","tag-zus"],"yoast_head":"<!-- This site is optimized with the Yoast SEO plugin v27.5 - https:\/\/yoast.com\/product\/yoast-seo-wordpress\/ -->\n<title>Podniesienia kwoty wolnej od podatku do 30 tys. z\u0142! Wy\u017csza pensja minimalna. Rz\u0105d przyj\u0105\u0142 projekt Ma\u0142y ZUS Plus. ZUS i matki prowadz\u0105ce firmy &#187; Legiobiznes.pl<\/title>\n<meta name=\"description\" content=\"Podniesienia kwoty wolnej od podatku do 30 tys. z\u0142! Wy\u017csza pensja minimalna. Rz\u0105d przyj\u0105\u0142 projekt Ma\u0142y ZUS Plus. ZUS i matki prowadz\u0105ce firmy\" \/>\n<meta name=\"robots\" content=\"index, follow, max-snippet:-1, max-image-preview:large, max-video-preview:-1\" \/>\n<link rel=\"canonical\" href=\"https:\/\/legiobiznes.pl\/I\/podniesienia-kwoty-wolnej-od-podatku-do-30-tys-zl-wyzsza-pensja-minimalna-rzad-przyjal-projekt-maly-zus-plus-zus-i-matki-prowadzace-firmy\/\" \/>\n<meta property=\"og:locale\" content=\"pl_PL\" \/>\n<meta property=\"og:type\" content=\"article\" \/>\n<meta property=\"og:title\" content=\"Podniesienia kwoty wolnej od podatku do 30 tys. z\u0142! Wy\u017csza pensja minimalna. Rz\u0105d przyj\u0105\u0142 projekt Ma\u0142y ZUS Plus. ZUS i matki prowadz\u0105ce firmy &#187; Legiobiznes.pl\" \/>\n<meta property=\"og:description\" content=\"Podniesienia kwoty wolnej od podatku do 30 tys. z\u0142! Wy\u017csza pensja minimalna. Rz\u0105d przyj\u0105\u0142 projekt Ma\u0142y ZUS Plus. ZUS i matki prowadz\u0105ce firmy\" \/>\n<meta property=\"og:url\" content=\"https:\/\/legiobiznes.pl\/I\/podniesienia-kwoty-wolnej-od-podatku-do-30-tys-zl-wyzsza-pensja-minimalna-rzad-przyjal-projekt-maly-zus-plus-zus-i-matki-prowadzace-firmy\/\" \/>\n<meta property=\"og:site_name\" content=\"Legiobiznes.pl\" \/>\n<meta property=\"article:publisher\" content=\"https:\/\/www.facebook.com\/LegioBiznes\/\" \/>\n<meta property=\"article:published_time\" content=\"2019-11-23T07:15:10+00:00\" \/>\n<meta property=\"article:modified_time\" content=\"2024-10-08T05:17:26+00:00\" \/>\n<meta property=\"og:image\" content=\"https:\/\/legiobiznes.pl\/I\/wp-content\/uploads\/2019\/11\/Podniesienia-kwoty-wolnej-od-podatku-do-30-tys.-z\u0142-Wy\u017csza-pensja-minimalna.-Rz\u0105d-przyj\u0105\u0142-projekt-Ma\u0142y-ZUS-Plus.-ZUS-i-matki-prowadz\u0105ce-firmy.jpg\" \/>\n\t<meta property=\"og:image:width\" content=\"1280\" \/>\n\t<meta property=\"og:image:height\" content=\"853\" \/>\n\t<meta property=\"og:image:type\" content=\"image\/jpeg\" \/>\n<meta name=\"author\" content=\"Legiobiznes.pl\" \/>\n<meta name=\"twitter:card\" content=\"summary_large_image\" \/>\n<meta name=\"twitter:creator\" content=\"@LegioBiznesPL\" \/>\n<meta name=\"twitter:site\" content=\"@LegioBiznesPL\" \/>\n<meta name=\"twitter:label1\" content=\"Napisane przez\" \/>\n\t<meta name=\"twitter:data1\" content=\"Legiobiznes.pl\" \/>\n\t<meta name=\"twitter:label2\" content=\"Szacowany czas czytania\" \/>\n\t<meta name=\"twitter:data2\" content=\"10 minut\" \/>\n<script type=\"application\/ld+json\" class=\"yoast-schema-graph\">{\"@context\":\"https:\\\/\\\/schema.org\",\"@graph\":[{\"@type\":\"Article\",\"@id\":\"https:\\\/\\\/legiobiznes.pl\\\/I\\\/podniesienia-kwoty-wolnej-od-podatku-do-30-tys-zl-wyzsza-pensja-minimalna-rzad-przyjal-projekt-maly-zus-plus-zus-i-matki-prowadzace-firmy\\\/#article\",\"isPartOf\":{\"@id\":\"https:\\\/\\\/legiobiznes.pl\\\/I\\\/podniesienia-kwoty-wolnej-od-podatku-do-30-tys-zl-wyzsza-pensja-minimalna-rzad-przyjal-projekt-maly-zus-plus-zus-i-matki-prowadzace-firmy\\\/\"},\"author\":{\"name\":\"Legiobiznes.pl\",\"@id\":\"https:\\\/\\\/legiobiznes.pl\\\/I\\\/#\\\/schema\\\/person\\\/33c4505a5d28a7c944baf038996052d4\"},\"headline\":\"Podniesienia kwoty wolnej od podatku do 30 tys. z\u0142! Wy\u017csza pensja minimalna. Rz\u0105d przyj\u0105\u0142 projekt Ma\u0142y ZUS Plus. ZUS i matki prowadz\u0105ce firmy\",\"datePublished\":\"2019-11-23T07:15:10+00:00\",\"dateModified\":\"2024-10-08T05:17:26+00:00\",\"mainEntityOfPage\":{\"@id\":\"https:\\\/\\\/legiobiznes.pl\\\/I\\\/podniesienia-kwoty-wolnej-od-podatku-do-30-tys-zl-wyzsza-pensja-minimalna-rzad-przyjal-projekt-maly-zus-plus-zus-i-matki-prowadzace-firmy\\\/\"},\"wordCount\":1955,\"commentCount\":0,\"publisher\":{\"@id\":\"https:\\\/\\\/legiobiznes.pl\\\/I\\\/#organization\"},\"image\":{\"@id\":\"https:\\\/\\\/legiobiznes.pl\\\/I\\\/podniesienia-kwoty-wolnej-od-podatku-do-30-tys-zl-wyzsza-pensja-minimalna-rzad-przyjal-projekt-maly-zus-plus-zus-i-matki-prowadzace-firmy\\\/#primaryimage\"},\"thumbnailUrl\":\"https:\\\/\\\/legiobiznes.pl\\\/I\\\/wp-content\\\/uploads\\\/2019\\\/11\\\/Podniesienia-kwoty-wolnej-od-podatku-do-30-tys.-z\u0142-Wy\u017csza-pensja-minimalna.-Rz\u0105d-przyj\u0105\u0142-projekt-Ma\u0142y-ZUS-Plus.-ZUS-i-matki-prowadz\u0105ce-firmy.jpg\",\"keywords\":[\"koszty uzyskania przychod\u00f3w\",\"Kwota wolna od podatku\",\"ma\u0142y ZUS\",\"pensja minimalna\",\"PIT\",\"przedsi\u0119biorca\",\"ZUS\"],\"articleSection\":[\"Prawo\"],\"inLanguage\":\"pl-PL\",\"potentialAction\":[{\"@type\":\"CommentAction\",\"name\":\"Comment\",\"target\":[\"https:\\\/\\\/legiobiznes.pl\\\/I\\\/podniesienia-kwoty-wolnej-od-podatku-do-30-tys-zl-wyzsza-pensja-minimalna-rzad-przyjal-projekt-maly-zus-plus-zus-i-matki-prowadzace-firmy\\\/#respond\"]}]},{\"@type\":\"WebPage\",\"@id\":\"https:\\\/\\\/legiobiznes.pl\\\/I\\\/podniesienia-kwoty-wolnej-od-podatku-do-30-tys-zl-wyzsza-pensja-minimalna-rzad-przyjal-projekt-maly-zus-plus-zus-i-matki-prowadzace-firmy\\\/\",\"url\":\"https:\\\/\\\/legiobiznes.pl\\\/I\\\/podniesienia-kwoty-wolnej-od-podatku-do-30-tys-zl-wyzsza-pensja-minimalna-rzad-przyjal-projekt-maly-zus-plus-zus-i-matki-prowadzace-firmy\\\/\",\"name\":\"Podniesienia kwoty wolnej od podatku do 30 tys. z\u0142! Wy\u017csza pensja minimalna. Rz\u0105d przyj\u0105\u0142 projekt Ma\u0142y ZUS Plus. ZUS i matki prowadz\u0105ce firmy &#187; Legiobiznes.pl\",\"isPartOf\":{\"@id\":\"https:\\\/\\\/legiobiznes.pl\\\/I\\\/#website\"},\"primaryImageOfPage\":{\"@id\":\"https:\\\/\\\/legiobiznes.pl\\\/I\\\/podniesienia-kwoty-wolnej-od-podatku-do-30-tys-zl-wyzsza-pensja-minimalna-rzad-przyjal-projekt-maly-zus-plus-zus-i-matki-prowadzace-firmy\\\/#primaryimage\"},\"image\":{\"@id\":\"https:\\\/\\\/legiobiznes.pl\\\/I\\\/podniesienia-kwoty-wolnej-od-podatku-do-30-tys-zl-wyzsza-pensja-minimalna-rzad-przyjal-projekt-maly-zus-plus-zus-i-matki-prowadzace-firmy\\\/#primaryimage\"},\"thumbnailUrl\":\"https:\\\/\\\/legiobiznes.pl\\\/I\\\/wp-content\\\/uploads\\\/2019\\\/11\\\/Podniesienia-kwoty-wolnej-od-podatku-do-30-tys.-z\u0142-Wy\u017csza-pensja-minimalna.-Rz\u0105d-przyj\u0105\u0142-projekt-Ma\u0142y-ZUS-Plus.-ZUS-i-matki-prowadz\u0105ce-firmy.jpg\",\"datePublished\":\"2019-11-23T07:15:10+00:00\",\"dateModified\":\"2024-10-08T05:17:26+00:00\",\"description\":\"Podniesienia kwoty wolnej od podatku do 30 tys. z\u0142! Wy\u017csza pensja minimalna. Rz\u0105d przyj\u0105\u0142 projekt Ma\u0142y ZUS Plus. ZUS i matki prowadz\u0105ce firmy\",\"breadcrumb\":{\"@id\":\"https:\\\/\\\/legiobiznes.pl\\\/I\\\/podniesienia-kwoty-wolnej-od-podatku-do-30-tys-zl-wyzsza-pensja-minimalna-rzad-przyjal-projekt-maly-zus-plus-zus-i-matki-prowadzace-firmy\\\/#breadcrumb\"},\"inLanguage\":\"pl-PL\",\"potentialAction\":[{\"@type\":\"ReadAction\",\"target\":[\"https:\\\/\\\/legiobiznes.pl\\\/I\\\/podniesienia-kwoty-wolnej-od-podatku-do-30-tys-zl-wyzsza-pensja-minimalna-rzad-przyjal-projekt-maly-zus-plus-zus-i-matki-prowadzace-firmy\\\/\"]}]},{\"@type\":\"ImageObject\",\"inLanguage\":\"pl-PL\",\"@id\":\"https:\\\/\\\/legiobiznes.pl\\\/I\\\/podniesienia-kwoty-wolnej-od-podatku-do-30-tys-zl-wyzsza-pensja-minimalna-rzad-przyjal-projekt-maly-zus-plus-zus-i-matki-prowadzace-firmy\\\/#primaryimage\",\"url\":\"https:\\\/\\\/legiobiznes.pl\\\/I\\\/wp-content\\\/uploads\\\/2019\\\/11\\\/Podniesienia-kwoty-wolnej-od-podatku-do-30-tys.-z\u0142-Wy\u017csza-pensja-minimalna.-Rz\u0105d-przyj\u0105\u0142-projekt-Ma\u0142y-ZUS-Plus.-ZUS-i-matki-prowadz\u0105ce-firmy.jpg\",\"contentUrl\":\"https:\\\/\\\/legiobiznes.pl\\\/I\\\/wp-content\\\/uploads\\\/2019\\\/11\\\/Podniesienia-kwoty-wolnej-od-podatku-do-30-tys.-z\u0142-Wy\u017csza-pensja-minimalna.-Rz\u0105d-przyj\u0105\u0142-projekt-Ma\u0142y-ZUS-Plus.-ZUS-i-matki-prowadz\u0105ce-firmy.jpg\",\"width\":1280,\"height\":853,\"caption\":\"Podniesienia kwoty wolnej od podatku do 30 tys. z\u0142! Wy\u017csza pensja minimalna. Rz\u0105d przyj\u0105\u0142 projekt Ma\u0142y ZUS Plus. ZUS i matki prowadz\u0105ce firmy\"},{\"@type\":\"BreadcrumbList\",\"@id\":\"https:\\\/\\\/legiobiznes.pl\\\/I\\\/podniesienia-kwoty-wolnej-od-podatku-do-30-tys-zl-wyzsza-pensja-minimalna-rzad-przyjal-projekt-maly-zus-plus-zus-i-matki-prowadzace-firmy\\\/#breadcrumb\",\"itemListElement\":[{\"@type\":\"ListItem\",\"position\":1,\"name\":\"Strona g\u0142\u00f3wna\",\"item\":\"https:\\\/\\\/legiobiznes.pl\\\/I\\\/\"},{\"@type\":\"ListItem\",\"position\":2,\"name\":\"Podniesienia kwoty wolnej od podatku do 30 tys. z\u0142! Wy\u017csza pensja minimalna. Rz\u0105d przyj\u0105\u0142 projekt Ma\u0142y ZUS Plus. ZUS i matki prowadz\u0105ce firmy\"}]},{\"@type\":\"WebSite\",\"@id\":\"https:\\\/\\\/legiobiznes.pl\\\/I\\\/#website\",\"url\":\"https:\\\/\\\/legiobiznes.pl\\\/I\\\/\",\"name\":\"Legiobiznes.pl\",\"description\":\"Kryptowaluty, Bezpiecze\u0144stwo IT, E-biznes | LegioBiznes.PL\",\"publisher\":{\"@id\":\"https:\\\/\\\/legiobiznes.pl\\\/I\\\/#organization\"},\"potentialAction\":[{\"@type\":\"SearchAction\",\"target\":{\"@type\":\"EntryPoint\",\"urlTemplate\":\"https:\\\/\\\/legiobiznes.pl\\\/I\\\/?s={search_term_string}\"},\"query-input\":{\"@type\":\"PropertyValueSpecification\",\"valueRequired\":true,\"valueName\":\"search_term_string\"}}],\"inLanguage\":\"pl-PL\"},{\"@type\":\"Organization\",\"@id\":\"https:\\\/\\\/legiobiznes.pl\\\/I\\\/#organization\",\"name\":\"LegioBiznes.PL\",\"url\":\"https:\\\/\\\/legiobiznes.pl\\\/I\\\/\",\"logo\":{\"@type\":\"ImageObject\",\"inLanguage\":\"pl-PL\",\"@id\":\"https:\\\/\\\/legiobiznes.pl\\\/I\\\/#\\\/schema\\\/logo\\\/image\\\/\",\"url\":\"https:\\\/\\\/legiobiznes.pl\\\/I\\\/wp-content\\\/uploads\\\/2017\\\/08\\\/legiobiznespl-logo2-e1503834302371.png\",\"contentUrl\":\"https:\\\/\\\/legiobiznes.pl\\\/I\\\/wp-content\\\/uploads\\\/2017\\\/08\\\/legiobiznespl-logo2-e1503834302371.png\",\"width\":180,\"height\":76,\"caption\":\"LegioBiznes.PL\"},\"image\":{\"@id\":\"https:\\\/\\\/legiobiznes.pl\\\/I\\\/#\\\/schema\\\/logo\\\/image\\\/\"},\"sameAs\":[\"https:\\\/\\\/www.facebook.com\\\/LegioBiznes\\\/\",\"https:\\\/\\\/x.com\\\/LegioBiznesPL\",\"https:\\\/\\\/www.youtube.com\\\/channel\\\/UCEhszB39vxk96yIXD-jOORw\"]},{\"@type\":\"Person\",\"@id\":\"https:\\\/\\\/legiobiznes.pl\\\/I\\\/#\\\/schema\\\/person\\\/33c4505a5d28a7c944baf038996052d4\",\"name\":\"Legiobiznes.pl\",\"image\":{\"@type\":\"ImageObject\",\"inLanguage\":\"pl-PL\",\"@id\":\"https:\\\/\\\/legiobiznes.pl\\\/I\\\/wp-content\\\/uploads\\\/2019\\\/07\\\/favicon-Legiobiznes-150x150.png\",\"url\":\"https:\\\/\\\/legiobiznes.pl\\\/I\\\/wp-content\\\/uploads\\\/2019\\\/07\\\/favicon-Legiobiznes-150x150.png\",\"contentUrl\":\"https:\\\/\\\/legiobiznes.pl\\\/I\\\/wp-content\\\/uploads\\\/2019\\\/07\\\/favicon-Legiobiznes-150x150.png\",\"caption\":\"Legiobiznes.pl\"},\"description\":\"Budowa i tworzenie profesjonalnych, responsywnych (RWD) stron www. Pozycjonowanie SEO, sklepy internetowe eSklep...\",\"url\":\"https:\\\/\\\/legiobiznes.pl\\\/I\\\/author\\\/boss\\\/\"}]}<\/script>\n<!-- \/ Yoast SEO plugin. -->","yoast_head_json":{"title":"Podniesienia kwoty wolnej od podatku do 30 tys. z\u0142! Wy\u017csza pensja minimalna. Rz\u0105d przyj\u0105\u0142 projekt Ma\u0142y ZUS Plus. ZUS i matki prowadz\u0105ce firmy &#187; Legiobiznes.pl","description":"Podniesienia kwoty wolnej od podatku do 30 tys. z\u0142! Wy\u017csza pensja minimalna. Rz\u0105d przyj\u0105\u0142 projekt Ma\u0142y ZUS Plus. ZUS i matki prowadz\u0105ce firmy","robots":{"index":"index","follow":"follow","max-snippet":"max-snippet:-1","max-image-preview":"max-image-preview:large","max-video-preview":"max-video-preview:-1"},"canonical":"https:\/\/legiobiznes.pl\/I\/podniesienia-kwoty-wolnej-od-podatku-do-30-tys-zl-wyzsza-pensja-minimalna-rzad-przyjal-projekt-maly-zus-plus-zus-i-matki-prowadzace-firmy\/","og_locale":"pl_PL","og_type":"article","og_title":"Podniesienia kwoty wolnej od podatku do 30 tys. z\u0142! Wy\u017csza pensja minimalna. Rz\u0105d przyj\u0105\u0142 projekt Ma\u0142y ZUS Plus. ZUS i matki prowadz\u0105ce firmy &#187; Legiobiznes.pl","og_description":"Podniesienia kwoty wolnej od podatku do 30 tys. z\u0142! Wy\u017csza pensja minimalna. Rz\u0105d przyj\u0105\u0142 projekt Ma\u0142y ZUS Plus. ZUS i matki prowadz\u0105ce firmy","og_url":"https:\/\/legiobiznes.pl\/I\/podniesienia-kwoty-wolnej-od-podatku-do-30-tys-zl-wyzsza-pensja-minimalna-rzad-przyjal-projekt-maly-zus-plus-zus-i-matki-prowadzace-firmy\/","og_site_name":"Legiobiznes.pl","article_publisher":"https:\/\/www.facebook.com\/LegioBiznes\/","article_published_time":"2019-11-23T07:15:10+00:00","article_modified_time":"2024-10-08T05:17:26+00:00","og_image":[{"width":1280,"height":853,"url":"https:\/\/legiobiznes.pl\/I\/wp-content\/uploads\/2019\/11\/Podniesienia-kwoty-wolnej-od-podatku-do-30-tys.-z\u0142-Wy\u017csza-pensja-minimalna.-Rz\u0105d-przyj\u0105\u0142-projekt-Ma\u0142y-ZUS-Plus.-ZUS-i-matki-prowadz\u0105ce-firmy.jpg","type":"image\/jpeg"}],"author":"Legiobiznes.pl","twitter_card":"summary_large_image","twitter_creator":"@LegioBiznesPL","twitter_site":"@LegioBiznesPL","twitter_misc":{"Napisane przez":"Legiobiznes.pl","Szacowany czas czytania":"10 minut"},"schema":{"@context":"https:\/\/schema.org","@graph":[{"@type":"Article","@id":"https:\/\/legiobiznes.pl\/I\/podniesienia-kwoty-wolnej-od-podatku-do-30-tys-zl-wyzsza-pensja-minimalna-rzad-przyjal-projekt-maly-zus-plus-zus-i-matki-prowadzace-firmy\/#article","isPartOf":{"@id":"https:\/\/legiobiznes.pl\/I\/podniesienia-kwoty-wolnej-od-podatku-do-30-tys-zl-wyzsza-pensja-minimalna-rzad-przyjal-projekt-maly-zus-plus-zus-i-matki-prowadzace-firmy\/"},"author":{"name":"Legiobiznes.pl","@id":"https:\/\/legiobiznes.pl\/I\/#\/schema\/person\/33c4505a5d28a7c944baf038996052d4"},"headline":"Podniesienia kwoty wolnej od podatku do 30 tys. z\u0142! Wy\u017csza pensja minimalna. Rz\u0105d przyj\u0105\u0142 projekt Ma\u0142y ZUS Plus. ZUS i matki prowadz\u0105ce firmy","datePublished":"2019-11-23T07:15:10+00:00","dateModified":"2024-10-08T05:17:26+00:00","mainEntityOfPage":{"@id":"https:\/\/legiobiznes.pl\/I\/podniesienia-kwoty-wolnej-od-podatku-do-30-tys-zl-wyzsza-pensja-minimalna-rzad-przyjal-projekt-maly-zus-plus-zus-i-matki-prowadzace-firmy\/"},"wordCount":1955,"commentCount":0,"publisher":{"@id":"https:\/\/legiobiznes.pl\/I\/#organization"},"image":{"@id":"https:\/\/legiobiznes.pl\/I\/podniesienia-kwoty-wolnej-od-podatku-do-30-tys-zl-wyzsza-pensja-minimalna-rzad-przyjal-projekt-maly-zus-plus-zus-i-matki-prowadzace-firmy\/#primaryimage"},"thumbnailUrl":"https:\/\/legiobiznes.pl\/I\/wp-content\/uploads\/2019\/11\/Podniesienia-kwoty-wolnej-od-podatku-do-30-tys.-z\u0142-Wy\u017csza-pensja-minimalna.-Rz\u0105d-przyj\u0105\u0142-projekt-Ma\u0142y-ZUS-Plus.-ZUS-i-matki-prowadz\u0105ce-firmy.jpg","keywords":["koszty uzyskania przychod\u00f3w","Kwota wolna od podatku","ma\u0142y ZUS","pensja minimalna","PIT","przedsi\u0119biorca","ZUS"],"articleSection":["Prawo"],"inLanguage":"pl-PL","potentialAction":[{"@type":"CommentAction","name":"Comment","target":["https:\/\/legiobiznes.pl\/I\/podniesienia-kwoty-wolnej-od-podatku-do-30-tys-zl-wyzsza-pensja-minimalna-rzad-przyjal-projekt-maly-zus-plus-zus-i-matki-prowadzace-firmy\/#respond"]}]},{"@type":"WebPage","@id":"https:\/\/legiobiznes.pl\/I\/podniesienia-kwoty-wolnej-od-podatku-do-30-tys-zl-wyzsza-pensja-minimalna-rzad-przyjal-projekt-maly-zus-plus-zus-i-matki-prowadzace-firmy\/","url":"https:\/\/legiobiznes.pl\/I\/podniesienia-kwoty-wolnej-od-podatku-do-30-tys-zl-wyzsza-pensja-minimalna-rzad-przyjal-projekt-maly-zus-plus-zus-i-matki-prowadzace-firmy\/","name":"Podniesienia kwoty wolnej od podatku do 30 tys. z\u0142! Wy\u017csza pensja minimalna. Rz\u0105d przyj\u0105\u0142 projekt Ma\u0142y ZUS Plus. ZUS i matki prowadz\u0105ce firmy &#187; Legiobiznes.pl","isPartOf":{"@id":"https:\/\/legiobiznes.pl\/I\/#website"},"primaryImageOfPage":{"@id":"https:\/\/legiobiznes.pl\/I\/podniesienia-kwoty-wolnej-od-podatku-do-30-tys-zl-wyzsza-pensja-minimalna-rzad-przyjal-projekt-maly-zus-plus-zus-i-matki-prowadzace-firmy\/#primaryimage"},"image":{"@id":"https:\/\/legiobiznes.pl\/I\/podniesienia-kwoty-wolnej-od-podatku-do-30-tys-zl-wyzsza-pensja-minimalna-rzad-przyjal-projekt-maly-zus-plus-zus-i-matki-prowadzace-firmy\/#primaryimage"},"thumbnailUrl":"https:\/\/legiobiznes.pl\/I\/wp-content\/uploads\/2019\/11\/Podniesienia-kwoty-wolnej-od-podatku-do-30-tys.-z\u0142-Wy\u017csza-pensja-minimalna.-Rz\u0105d-przyj\u0105\u0142-projekt-Ma\u0142y-ZUS-Plus.-ZUS-i-matki-prowadz\u0105ce-firmy.jpg","datePublished":"2019-11-23T07:15:10+00:00","dateModified":"2024-10-08T05:17:26+00:00","description":"Podniesienia kwoty wolnej od podatku do 30 tys. z\u0142! Wy\u017csza pensja minimalna. Rz\u0105d przyj\u0105\u0142 projekt Ma\u0142y ZUS Plus. ZUS i matki prowadz\u0105ce firmy","breadcrumb":{"@id":"https:\/\/legiobiznes.pl\/I\/podniesienia-kwoty-wolnej-od-podatku-do-30-tys-zl-wyzsza-pensja-minimalna-rzad-przyjal-projekt-maly-zus-plus-zus-i-matki-prowadzace-firmy\/#breadcrumb"},"inLanguage":"pl-PL","potentialAction":[{"@type":"ReadAction","target":["https:\/\/legiobiznes.pl\/I\/podniesienia-kwoty-wolnej-od-podatku-do-30-tys-zl-wyzsza-pensja-minimalna-rzad-przyjal-projekt-maly-zus-plus-zus-i-matki-prowadzace-firmy\/"]}]},{"@type":"ImageObject","inLanguage":"pl-PL","@id":"https:\/\/legiobiznes.pl\/I\/podniesienia-kwoty-wolnej-od-podatku-do-30-tys-zl-wyzsza-pensja-minimalna-rzad-przyjal-projekt-maly-zus-plus-zus-i-matki-prowadzace-firmy\/#primaryimage","url":"https:\/\/legiobiznes.pl\/I\/wp-content\/uploads\/2019\/11\/Podniesienia-kwoty-wolnej-od-podatku-do-30-tys.-z\u0142-Wy\u017csza-pensja-minimalna.-Rz\u0105d-przyj\u0105\u0142-projekt-Ma\u0142y-ZUS-Plus.-ZUS-i-matki-prowadz\u0105ce-firmy.jpg","contentUrl":"https:\/\/legiobiznes.pl\/I\/wp-content\/uploads\/2019\/11\/Podniesienia-kwoty-wolnej-od-podatku-do-30-tys.-z\u0142-Wy\u017csza-pensja-minimalna.-Rz\u0105d-przyj\u0105\u0142-projekt-Ma\u0142y-ZUS-Plus.-ZUS-i-matki-prowadz\u0105ce-firmy.jpg","width":1280,"height":853,"caption":"Podniesienia kwoty wolnej od podatku do 30 tys. z\u0142! Wy\u017csza pensja minimalna. Rz\u0105d przyj\u0105\u0142 projekt Ma\u0142y ZUS Plus. ZUS i matki prowadz\u0105ce firmy"},{"@type":"BreadcrumbList","@id":"https:\/\/legiobiznes.pl\/I\/podniesienia-kwoty-wolnej-od-podatku-do-30-tys-zl-wyzsza-pensja-minimalna-rzad-przyjal-projekt-maly-zus-plus-zus-i-matki-prowadzace-firmy\/#breadcrumb","itemListElement":[{"@type":"ListItem","position":1,"name":"Strona g\u0142\u00f3wna","item":"https:\/\/legiobiznes.pl\/I\/"},{"@type":"ListItem","position":2,"name":"Podniesienia kwoty wolnej od podatku do 30 tys. z\u0142! Wy\u017csza pensja minimalna. Rz\u0105d przyj\u0105\u0142 projekt Ma\u0142y ZUS Plus. ZUS i matki prowadz\u0105ce firmy"}]},{"@type":"WebSite","@id":"https:\/\/legiobiznes.pl\/I\/#website","url":"https:\/\/legiobiznes.pl\/I\/","name":"Legiobiznes.pl","description":"Kryptowaluty, Bezpiecze\u0144stwo IT, E-biznes | LegioBiznes.PL","publisher":{"@id":"https:\/\/legiobiznes.pl\/I\/#organization"},"potentialAction":[{"@type":"SearchAction","target":{"@type":"EntryPoint","urlTemplate":"https:\/\/legiobiznes.pl\/I\/?s={search_term_string}"},"query-input":{"@type":"PropertyValueSpecification","valueRequired":true,"valueName":"search_term_string"}}],"inLanguage":"pl-PL"},{"@type":"Organization","@id":"https:\/\/legiobiznes.pl\/I\/#organization","name":"LegioBiznes.PL","url":"https:\/\/legiobiznes.pl\/I\/","logo":{"@type":"ImageObject","inLanguage":"pl-PL","@id":"https:\/\/legiobiznes.pl\/I\/#\/schema\/logo\/image\/","url":"https:\/\/legiobiznes.pl\/I\/wp-content\/uploads\/2017\/08\/legiobiznespl-logo2-e1503834302371.png","contentUrl":"https:\/\/legiobiznes.pl\/I\/wp-content\/uploads\/2017\/08\/legiobiznespl-logo2-e1503834302371.png","width":180,"height":76,"caption":"LegioBiznes.PL"},"image":{"@id":"https:\/\/legiobiznes.pl\/I\/#\/schema\/logo\/image\/"},"sameAs":["https:\/\/www.facebook.com\/LegioBiznes\/","https:\/\/x.com\/LegioBiznesPL","https:\/\/www.youtube.com\/channel\/UCEhszB39vxk96yIXD-jOORw"]},{"@type":"Person","@id":"https:\/\/legiobiznes.pl\/I\/#\/schema\/person\/33c4505a5d28a7c944baf038996052d4","name":"Legiobiznes.pl","image":{"@type":"ImageObject","inLanguage":"pl-PL","@id":"https:\/\/legiobiznes.pl\/I\/wp-content\/uploads\/2019\/07\/favicon-Legiobiznes-150x150.png","url":"https:\/\/legiobiznes.pl\/I\/wp-content\/uploads\/2019\/07\/favicon-Legiobiznes-150x150.png","contentUrl":"https:\/\/legiobiznes.pl\/I\/wp-content\/uploads\/2019\/07\/favicon-Legiobiznes-150x150.png","caption":"Legiobiznes.pl"},"description":"Budowa i tworzenie profesjonalnych, responsywnych (RWD) stron www. Pozycjonowanie SEO, sklepy internetowe eSklep...","url":"https:\/\/legiobiznes.pl\/I\/author\/boss\/"}]}},"_links":{"self":[{"href":"https:\/\/legiobiznes.pl\/I\/wp-json\/wp\/v2\/posts\/1222520","targetHints":{"allow":["GET"]}}],"collection":[{"href":"https:\/\/legiobiznes.pl\/I\/wp-json\/wp\/v2\/posts"}],"about":[{"href":"https:\/\/legiobiznes.pl\/I\/wp-json\/wp\/v2\/types\/post"}],"author":[{"embeddable":true,"href":"https:\/\/legiobiznes.pl\/I\/wp-json\/wp\/v2\/users\/1"}],"replies":[{"embeddable":true,"href":"https:\/\/legiobiznes.pl\/I\/wp-json\/wp\/v2\/comments?post=1222520"}],"version-history":[{"count":6,"href":"https:\/\/legiobiznes.pl\/I\/wp-json\/wp\/v2\/posts\/1222520\/revisions"}],"predecessor-version":[{"id":1653157,"href":"https:\/\/legiobiznes.pl\/I\/wp-json\/wp\/v2\/posts\/1222520\/revisions\/1653157"}],"wp:featuredmedia":[{"embeddable":true,"href":"https:\/\/legiobiznes.pl\/I\/wp-json\/wp\/v2\/media\/1222521"}],"wp:attachment":[{"href":"https:\/\/legiobiznes.pl\/I\/wp-json\/wp\/v2\/media?parent=1222520"}],"wp:term":[{"taxonomy":"category","embeddable":true,"href":"https:\/\/legiobiznes.pl\/I\/wp-json\/wp\/v2\/categories?post=1222520"},{"taxonomy":"post_tag","embeddable":true,"href":"https:\/\/legiobiznes.pl\/I\/wp-json\/wp\/v2\/tags?post=1222520"}],"curies":[{"name":"wp","href":"https:\/\/api.w.org\/{rel}","templated":true}]}}