{"id":1240080,"date":"2020-01-30T19:18:38","date_gmt":"2020-01-30T17:18:38","guid":{"rendered":"https:\/\/legiobiznes.pl\/I\/?p=1240080"},"modified":"2025-09-09T16:11:40","modified_gmt":"2025-09-09T14:11:40","slug":"czy-facebook-wplywa-na-gospodarke-facebook-a-nasza-prywatnosc-nie-zobaczymy-juz-statystyk-odbiorcow-na-twitterze-twitter-dodaje-reakcje-emoji","status":"publish","type":"post","link":"https:\/\/legiobiznes.pl\/I\/czy-facebook-wplywa-na-gospodarke-facebook-a-nasza-prywatnosc-nie-zobaczymy-juz-statystyk-odbiorcow-na-twitterze-twitter-dodaje-reakcje-emoji\/","title":{"rendered":"Czy Facebook wp\u0142ywa na gospodark\u0119? Facebook a nasza prywatno\u015b\u0107. Nie zobaczymy ju\u017c statystyk odbiorc\u00f3w na Twitterze. Twitter dodaje reakcj\u0119 emoji&#8230;"},"content":{"rendered":"<h2 class=\"post-title\"><strong>Czy Facebook wp\u0142ywa na gospodark\u0119 w Europie?<\/strong><\/h2>\n<h4>W jaki spos\u00f3b \u015bwiatowy gigant wp\u0142ywa na rozw\u00f3j europejskich firm?<\/h4>\n<p><script type=\"text\/javascript\">\n    document.write(unescape('%3Cscript type=\"text\/javascript\" src=\"' + document.location.protocol + \n    '\/\/ec.bankier.pl\/show2\/MzIxMjEsMjUzMjIsNDE4NzY\/' + Math.random() + '\/'+ '\"%3E%3C\/script%3E'));\n<\/script><\/p>\n<p>Wp\u0142yw Facebooka na gospodark\u0119 jest widoczny chocia\u017cby po ilo\u015bci reklam, kt\u00f3re od razu przekierowuj\u0105 do produktu. A jak wiadomo, reklama d\u017awigni\u0105 handlu, a ten z kolei buduje gospodark\u0119. Jednak czy ten wp\u0142yw jest rzeczywi\u015bcie znacz\u0105cy?&#8230;<\/p>\n<a href=\"https:\/\/socialpress.pl\/2020\/01\/w-jaki-sposob-facebook-wplywa-na-gospodarke-w-europie\" class=\"shortc-button medium orange \">Wi\u0119cej dowiesz si\u0119 u \u017ar\u00f3d\u0142a &gt;<\/a>\n<h2><strong>Facebook bardzo stara si\u0119 pokaza\u0107 wszystkim, \u017ce nie ma naszej prywatno\u015bci w g\u0142\u0119bokim powa\u017caniu<\/strong><\/h2>\n<h4>Facebook po raz kolejny wychodzi na przeciw u\u017cytkownikom, chc\u0105c im pokaza\u0107, \u017ce dba o ich prywatno\u015b\u0107.<\/h4>\n<p>Facebook stara si\u0119 jak mo\u017ce, aby udowodni\u0107 wszystkim wok\u00f3\u0142, \u017ce jakkolwiek obchodzi go prywatno\u015b\u0107 jego u\u017cytkownik\u00f3w. Wzi\u0119li si\u0119 ostro do roboty, aby odzyska\u0107 zaufanie spo\u0142eczne. Tym razem chc\u0105 jeszcze bardziej odda\u0107 kontrol\u0119 w r\u0119ce u\u017cytkownik\u00f3w. Budowanie mocniejszych zabezpiecze\u0144 na Facebooku trwa w najlepsze. Oczywi\u015bcie Mark Zuckerberg przedstawia te dzia\u0142ania jako absolutny priorytet dla firmy&#8230;<\/p>\n<a href=\"https:\/\/antyweb.pl\/facebook-prywatnosc-bezpieczenstwo\/\" class=\"shortc-button medium orange \">Wi\u0119cej dowiesz si\u0119 u \u017ar\u00f3d\u0142a &gt;<\/a>\n<h2 class=\"post-title\"><strong>Jakie konsekwencje mo\u017ce mie\u0107 ujawnienie autor\u00f3w post\u00f3w na Facebooku?<\/strong><\/h2>\n<h4>Z czym wi\u0105\u017ce si\u0119 ostatni b\u0142\u0105d Facebooka, w skutek kt\u00f3rego mogli\u015bmy sprawdzi\u0107, kto prowadzi fanpage?<\/h4>\n<p>Od pi\u0105tkowego popo\u0142udnia Facebook jest na ustach wielu z powodu kolejnej wpadki. Z pewno\u015bci\u0105 nie raz widz\u0105c atrakcyjne lub kontrowersyjne posty w sieci zastanawiali\u015bcie, kto wpad\u0142 na taki pomys\u0142. Facebook u\u0142atwi\u0142 odpowied\u017a na to pytanie&#8230;<\/p>\n<a href=\"https:\/\/socialpress.pl\/2020\/01\/jakie-konsekwencje-moze-miec-ujawnienie-autorow-postow-na-facebooku\" class=\"shortc-button medium orange \">Wi\u0119cej dowiesz si\u0119 u \u017ar\u00f3d\u0142a &gt;<\/a>\n<h2 class=\"post-title\"><strong>Nie zobaczymy ju\u017c statystyk dotycz\u0105cych odbiorc\u00f3w na Twitterze<\/strong><\/h2>\n<h4>Twitter wprowadza do\u015b\u0107 niespodziewan\u0105 zmian\u0119. Jeszcze tylko przez kilkana\u015bcie dni mo\u017cemy sprawdza\u0107 statystyki dotycz\u0105ce naszych odbiorc\u00f3w w serwisie. Wkr\u00f3tce opcja ta zniknie.<\/h4>\n<p>Ostatnio do\u015b\u0107 du\u017co pisali\u015bmy na temat nowych funkcji i rozwoju Twittera. Informowali\u015bmy bowiem\u00a0o segregacji tre\u015bci czy usuwaniu nieaktywnych kont&#8230;<\/p>\n<a href=\"https:\/\/socialpress.pl\/2020\/01\/nie-zobaczymy-juz-statystyk-dotyczacych-odbiorcow-na-twitterze\" class=\"shortc-button medium orange \">Wi\u0119cej dowiesz si\u0119 u \u017ar\u00f3d\u0142a &gt;<\/a>\n<h2 class=\"post-title\"><strong>Twitter dodaje reakcj\u0119 emoji do wiadomo\u015bci bezpo\u015brednich<\/strong><\/h2>\n<h4>Czy reakcje emoji na DM przypadn\u0105 do gustu u\u017cytkownikom Twittera?<\/h4>\n<p>\u201eKopiuj-wklej\u201d ci\u0105g dalszy. Tym razem, Twitter zainspirowa\u0142 si\u0119 Facebookiem, kt\u00f3ry ju\u017c od jakiego\u015b czasu pozwala u\u017cytkownikom reagowa\u0107 na wiadomo\u015b\u0107 za pomoc\u0105 emoji. Przejd\u017amy jednak do konkret\u00f3w. Jak to b\u0119dzie wygl\u0105da\u0142o na Twitterze?&#8230;<\/p>\n<a href=\"https:\/\/socialpress.pl\/2020\/01\/twitter-dodaje-reakcje-emoji-do-wiadomosci-bezposrednich\" class=\"shortc-button medium orange \">Wi\u0119cej dowiesz si\u0119 u \u017ar\u00f3d\u0142a &gt;<\/a>\n<p><center><!-- Pula: Marketing \/\/--><br \/>\n<script type=\"text\/javascript\">\n    document.write(unescape('%3Cscript type=\"text\/javascript\" src=\"' + document.location.protocol + \n    '\/\/ec.bankier.pl\/show2\/MzIxMjAsMjUzMjIsNDE4NzY\/' + Math.random() + '\/'+ '\"%3E%3C\/script%3E'));\n<\/script><\/center><\/p>\n<h2 class=\"elementor-heading-title elementor-size-default\"><strong>Czego dowiesz si\u0119 z\u00a0Facebook Analytics?<\/strong><\/h2>\n<h4>Za\u00a0co ka\u017cdy marketer najbardziej lubi dzia\u0142ania online? Odpowied\u017a jest prosta \u2013 za\u00a0to, \u017ce\u00a0ka\u017cde z\u00a0nich mo\u017cna bardzo dok\u0142adnie\u00a0zmierzy\u0107. B\u0142yskawicznie mo\u017cemy zyska\u0107 odpowied\u017a, czy\u00a0nasze reklamy s\u0105\u00a0skuteczne, czy\u00a0mamy dodatni wska\u017anik\u00a0ROI\u00a0oraz\u00a0sprawdzi\u0107, jak zachowuj\u0105 si\u0119 nasi u\u017cytkownicy w\u00a0serwisie.<\/h4>\n<p>Google wie o\u00a0tym ju\u017c od\u00a0wielu lat, a\u00a0popularno\u015b\u0107 Google Analytics tylko\u00a0potwierdza t\u0119 tez\u0119. Facebook nie\u00a0chce by\u0107 d\u0142u\u017cny, od\u00a0jakiego\u015b czasu mo\u017cemy sprawdza\u0107 jako\u015b\u0107 i\u00a0efekty naszych dzia\u0142a\u0144 nie\u00a0tylko\u00a0za\u00a0pomoc\u0105\u00a0<strong>Facebook Insights<\/strong>\u00a0czy\u00a0<strong>Audience Insights<\/strong>\u00a0\u2013 z\u00a0pomoc\u0105 przychodzi nam tak\u017ce\u00a0<strong>Facebook Analytics<\/strong>&#8230;<\/p>\n<a href=\"https:\/\/www.senuto.com\/pl\/blog\/poznaj-facebook-analytics\/\" class=\"shortc-button medium orange \">Wi\u0119cej dowiesz si\u0119 u \u017ar\u00f3d\u0142a &gt;<\/a>\n<h2 class=\"entry-title\"><strong>Nowy trend na Instagramie \u2013 efekty AR z testami. 15 najciekawszych i jak je znale\u017a\u0107<\/strong><\/h2>\n<h4>Na prze\u0142omie 2019 i 2020 roku Instagram Stories wprowadzi\u0142 efekty testowe. U\u017cytkownicy masowo publikuj\u0105 swoje Stories z wykorzystaniem r\u00f3\u017cnych filtr\u00f3w. Te np. losowo wskazuj\u0105 u\u017cytkownikowi kim jest w\u015br\u00f3d bohater\u00f3w Disneya albo jaki b\u0119dzie dla niego rok 2020.<\/h4>\n<h4><strong>Jak znale\u017a\u0107 odpowiednie efekty na Instagramie?<\/strong><\/h4>\n<p>Efekty testowe AR s\u0105 tworzone przez samych u\u017cytkownik\u00f3w platformy, natomiast znalezienie stworzonych przez nich filtr\u00f3w nie jest takie proste. Instagram nie udost\u0119pnia specjalnej listy takich efekt\u00f3w. Aby zastosowa\u0107 filtr dla swojego Stories, nale\u017cy najpierw zapisa\u0107 go na swoim koncie z konta innego u\u017cytkownika&#8230;<\/p>\n<a href=\"https:\/\/blog.csgroup.pl\/social-media\/nowy-trend-na-instagramie-efekty-ar-z-testami-15-najciekawszych-jak-je-znalezc\/\" class=\"shortc-button medium orange \">Wi\u0119cej dowiesz si\u0119 u \u017ar\u00f3d\u0142a &gt;<\/a>\n<h2 class=\"alt-font text-extra-dark-gray font-weight-600 no-margin-bottom text-uppercase\"><strong>#HASHTAGCHALLENGE, CZYLI NOWY FORMAT DLA POLSKICH REKLAMODAWC\u00d3W NA TIKTOKU<\/strong><\/h2>\n<h4>Hasztag jest obecnie jednym z kluczowych narz\u0119dzi stosowanych w mediach spo\u0142eczno\u015bciowych. Dzi\u0119ki niemu\u00a0#HashtagChallenge sta\u0142 si\u0119 jednym z najatrakcyjniejszych format\u00f3w na TikToku, zar\u00f3wno z punktu widzenia marek, jak i u\u017cytkownik\u00f3w. W odpowiedzi na upodobania firm i internaut\u00f3w, od tego roku tego typu format jest dost\u0119pny w tym serwisie r\u00f3wnie\u017c dla polskich reklamodawc\u00f3w.<\/h4>\n<p>Liczba tiktoker\u00f3w w Polsce ju\u017c dawno przekroczy\u0142a dwa i p\u00f3\u0142 miliona. Do zalet tego serwisu na pewno mo\u017cna zaliczy\u0107 content, czyli kr\u00f3tkie filmiki, kt\u00f3re tworz\u0105 u\u017cytkownicy. Cz\u0119sto nie s\u0105 one doskona\u0142e, ale dzi\u0119ki temu bardziej autentyczne. Maj\u0105 r\u00f3wnie\u017c du\u017c\u0105 szans\u0119 szybko sta\u0107 si\u0119 viralami. Dodatkowo aplikacja dostarcza tre\u015bci zaraz po zarejestrowaniu i nie wymaga \u201e\u015bledzenia\u201d kogokolwiek&#8230;<\/p>\n<a href=\"https:\/\/interaktywnie.com\/biznes\/artykuly\/biznes\/hashtagchallenge-czyli-nowy-format-dla-polskich-reklamodawcow-na-tiktoku-259660?utm_source=feedburner&amp;utm_medium=feed&amp;utm_campaign=Feed%3A+Interaktywnie+%28Interaktywnie.com%29\" class=\"shortc-button medium orange \">Wi\u0119cej dowiesz si\u0119 u \u017ar\u00f3d\u0142a &gt;<\/a>\n<h2 class=\"entry-title\"><strong>Trendy w social mediach \u2013 dlaczego warto promowa\u0107 si\u0119 na FB?<\/strong><\/h2>\n<h4 align=\"justify\">Wsp\u00f3\u0142czesny marketing w du\u017cej mierze opiera si\u0119 na dzia\u0142aniach prowadzonych w sieci. Daje to mo\u017cliwo\u015b\u0107 bardzo precyzyjnego okre\u015blenia, do jakiej grupy chcemy trafia\u0107 z naszymi tre\u015bciami. W tym zakresie jednym z najwa\u017cniejszych \u015brodk\u00f3w przekazu s\u0105 social media, a w\u015br\u00f3d nich zdecydowanie przoduje Facebook.<\/h4>\n<h4><strong>To 3. najcz\u0119\u015bciej odwiedzana strona w sieci \u2013 z czego wynika popularno\u015b\u0107 tego portalu?<\/strong><\/h4>\n<p style=\"text-align: left;\" align=\"justify\">Z jego wsp\u00f3lnotowego charakteru oraz zr\u00f3\u017cnicowanej zawarto\u015bci \u2013 skupia on tre\u015bci z r\u00f3\u017cnych \u017ar\u00f3de\u0142 i cz\u0119sto jest miejscem odsy\u0142aj\u0105cym u\u017cytkownika do innych stron. Spos\u00f3b dzia\u0142ania i znaczenie Facebooka w sieci stwarzaj\u0105 du\u017ce mo\u017cliwo\u015bci marketingowe. Jego z\u0142o\u017cony charakter i dostosowanie tre\u015bci do indywidualnych preferencji sprawia, \u017ce internauci ch\u0119tnie korzystaj\u0105 z funkcji serwisu na co dzie\u0144. Statystyczny u\u017cytkownik klika w 11 reklam na Facebooku i pisze 4 komentarze miesi\u0119cznie. Du\u017ca aktywno\u015b\u0107 na portalu oznacza zwi\u0119kszenie skuteczno\u015bci kampanii reklamowych na Facebooku oraz szansy, \u017ce odnios\u0105 sukces&#8230;<\/p>\n<p style=\"text-align: left;\" align=\"justify\"><a href=\"https:\/\/pikseo.pl\/blog\/trendy-w-social-mediach-dlaczego-warto-promowac-sie-na-fb\/\" class=\"shortc-button medium orange \">Wi\u0119cej dowiesz si\u0119 u \u017ar\u00f3d\u0142a &gt;<\/a>\n<h2 align=\"justify\"><strong>7 zasad, jak stworzy\u0107 reklam\u0119 dynamiczn\u0105 na Facebooku<\/strong><\/h2>\n<h4>Gdy Twoja konkurencja kolejny raz puszcza post z celem na aktywno\u015b\u0107 do szerokiej grupy odbior\u00f3w z mizernym copy i uniwersaln\u0105 grafik\u0105, licz\u0105c na konwersj\u0119, Ty we\u017a sprawy w swoje r\u0119ce i poka\u017c klientowi to, czego tak naprawd\u0119 potrzebuje!<\/h4>\n<p>Reklama dynamiczna na Facebooku to od dawna gor\u0105cy temat, kt\u00f3ry ca\u0142y czas zyskuje na popularno\u015bci. Mimo \u017ce jego implementacja i odpowiednie wdro\u017cenie s\u0105 do\u015b\u0107 pracoch\u0142onne, po lekturze tego artyku\u0142u przekonasz si\u0119, \u017ce warto&#8230;<\/p>\n<a href=\"https:\/\/sprawnymarketing.pl\/7-zasad-jak-stworzyc-reklame-dynamiczna-na-facebooku\/\" class=\"shortc-button medium orange \">Wi\u0119cej dowiesz si\u0119 u \u017ar\u00f3d\u0142a &gt;<\/a>\n<h2><strong>Czy warto zaprzyja\u017ani\u0107 si\u0119 z Facebook Attribution?<\/strong><\/h2>\n<h4>Facebook przez d\u0142ugi czas nadrabia\u0142 op\u00f3\u017anienia technologiczne wzgl\u0119dem Google w zakresie reklamy online. Chocia\u017c pozycja Google Analytics nadal wydaje si\u0119 niezagro\u017cona, w niekt\u00f3rych aspektach Facebook zaoferowa\u0142 rozwi\u0105zania potrafi\u0105ce wi\u0119cej ni\u017c jego starszy konkurent.<\/h4>\n<p>Artyku\u0142 Witolda Wrodarczyka\u00a0<em>Czy warto zaprzyja\u017ani\u0107 si\u0119 z Facebook Attribution?<\/em>\u00a0opublikowany zosta\u0142 w ostatnim numerze\u00a0<a href=\"https:\/\/o-m.pl\/\" target=\"_blank\" rel=\"noopener noreferrer\">Online Marketing Magazyn<\/a> (Nr 6(49)\/2019, Grudzie\u0144 2019 \u2013 Stycze\u0144 2020). Dowiecie si\u0119 z niego czym jest Atrybucja Facebooka i jak skonfigurowa\u0107 narz\u0119dzie. Poznacie jego najwi\u0119ksze przewagi, ale i ograniczenia. Co wyr\u00f3\u017cnia algorytm atrybucji opartej o dane Facebooka i dlaczego warto zacz\u0105\u0107 korzysta\u0107 z Facebook Attribution? O tym tak\u017ce w artykule&#8230;<\/p>\n<a href=\"https:\/\/adequate.digital\/interact\/czy-warto-zaprzyjaznic-sie-z-facebook-attribution\" class=\"shortc-button medium orange \">Wi\u0119cej dowiesz si\u0119 u \u017ar\u00f3d\u0142a &gt;<\/a>\n","protected":false},"excerpt":{"rendered":"<p>Czy Facebook wp\u0142ywa na gospodark\u0119 w Europie? W jaki spos\u00f3b \u015bwiatowy gigant wp\u0142ywa na rozw\u00f3j europejskich firm? Wp\u0142yw Facebooka na gospodark\u0119 jest widoczny chocia\u017cby po ilo\u015bci reklam, kt\u00f3re od razu przekierowuj\u0105 do produktu. A jak wiadomo, reklama d\u017awigni\u0105 handlu, a ten z kolei buduje gospodark\u0119. Jednak czy ten wp\u0142yw jest rzeczywi\u015bcie znacz\u0105cy?&#8230; Facebook bardzo stara &hellip;<\/p>\n","protected":false},"author":1,"featured_media":1240081,"comment_status":"open","ping_status":"closed","sticky":false,"template":"","format":"standard","meta":{"footnotes":""},"categories":[1312],"tags":[6300,1361,6299,2882,1515,6023,1549],"class_list":["post-1240080","post","type-post","status-publish","format-standard","has-post-thumbnail","","category-social-media","tag-emoji","tag-facebook","tag-facebook-attribution","tag-hashtagi","tag-instagram","tag-tiktok","tag-twitter"],"yoast_head":"<!-- This site is optimized with the Yoast SEO plugin v27.5 - https:\/\/yoast.com\/product\/yoast-seo-wordpress\/ -->\n<title>Czy Facebook wp\u0142ywa na gospodark\u0119? Facebook a nasza prywatno\u015b\u0107. Nie zobaczymy ju\u017c statystyk odbiorc\u00f3w na Twitterze. Twitter dodaje reakcj\u0119 emoji... &#187; Legiobiznes.pl<\/title>\n<meta name=\"description\" content=\"Czy Facebook wp\u0142ywa na gospodark\u0119? Facebook a nasza prywatno\u015b\u0107. Nie zobaczymy ju\u017c statystyk odbiorc\u00f3w na Twitterze. Twitter dodaje reakcj\u0119 emoji...\" \/>\n<meta name=\"robots\" content=\"index, follow, max-snippet:-1, max-image-preview:large, max-video-preview:-1\" \/>\n<link rel=\"canonical\" href=\"https:\/\/legiobiznes.pl\/I\/czy-facebook-wplywa-na-gospodarke-facebook-a-nasza-prywatnosc-nie-zobaczymy-juz-statystyk-odbiorcow-na-twitterze-twitter-dodaje-reakcje-emoji\/\" \/>\n<meta property=\"og:locale\" content=\"pl_PL\" \/>\n<meta property=\"og:type\" content=\"article\" \/>\n<meta property=\"og:title\" content=\"Czy Facebook wp\u0142ywa na gospodark\u0119? Facebook a nasza prywatno\u015b\u0107. Nie zobaczymy ju\u017c statystyk odbiorc\u00f3w na Twitterze. Twitter dodaje reakcj\u0119 emoji... &#187; Legiobiznes.pl\" \/>\n<meta property=\"og:description\" content=\"Czy Facebook wp\u0142ywa na gospodark\u0119? Facebook a nasza prywatno\u015b\u0107. Nie zobaczymy ju\u017c statystyk odbiorc\u00f3w na Twitterze. Twitter dodaje reakcj\u0119 emoji...\" \/>\n<meta property=\"og:url\" content=\"https:\/\/legiobiznes.pl\/I\/czy-facebook-wplywa-na-gospodarke-facebook-a-nasza-prywatnosc-nie-zobaczymy-juz-statystyk-odbiorcow-na-twitterze-twitter-dodaje-reakcje-emoji\/\" \/>\n<meta property=\"og:site_name\" content=\"Legiobiznes.pl\" \/>\n<meta property=\"article:publisher\" content=\"https:\/\/www.facebook.com\/LegioBiznes\/\" \/>\n<meta property=\"article:published_time\" content=\"2020-01-30T17:18:38+00:00\" \/>\n<meta property=\"article:modified_time\" content=\"2025-09-09T14:11:40+00:00\" \/>\n<meta property=\"og:image\" content=\"https:\/\/legiobiznes.pl\/I\/wp-content\/uploads\/2020\/01\/Czy-Facebook-wp\u0142ywa-na-gospodark\u0119-Facebook-a-nasza-prywatno\u015b\u0107.-Nie-zobaczymy-ju\u017c-statystyk-odbiorc\u00f3w-na-Twitterze.-Twitter-dodaje-reakcj\u0119-emoji....jpg\" \/>\n\t<meta property=\"og:image:width\" content=\"960\" \/>\n\t<meta property=\"og:image:height\" content=\"604\" \/>\n\t<meta property=\"og:image:type\" content=\"image\/jpeg\" \/>\n<meta name=\"author\" content=\"Legiobiznes.pl\" \/>\n<meta name=\"twitter:card\" content=\"summary_large_image\" \/>\n<meta name=\"twitter:creator\" content=\"@LegioBiznesPL\" \/>\n<meta name=\"twitter:site\" content=\"@LegioBiznesPL\" \/>\n<meta name=\"twitter:label1\" content=\"Napisane przez\" \/>\n\t<meta name=\"twitter:data1\" content=\"Legiobiznes.pl\" \/>\n\t<meta name=\"twitter:label2\" content=\"Szacowany czas czytania\" \/>\n\t<meta name=\"twitter:data2\" content=\"7 minut\" \/>\n<script type=\"application\/ld+json\" class=\"yoast-schema-graph\">{\"@context\":\"https:\\\/\\\/schema.org\",\"@graph\":[{\"@type\":\"Article\",\"@id\":\"https:\\\/\\\/legiobiznes.pl\\\/I\\\/czy-facebook-wplywa-na-gospodarke-facebook-a-nasza-prywatnosc-nie-zobaczymy-juz-statystyk-odbiorcow-na-twitterze-twitter-dodaje-reakcje-emoji\\\/#article\",\"isPartOf\":{\"@id\":\"https:\\\/\\\/legiobiznes.pl\\\/I\\\/czy-facebook-wplywa-na-gospodarke-facebook-a-nasza-prywatnosc-nie-zobaczymy-juz-statystyk-odbiorcow-na-twitterze-twitter-dodaje-reakcje-emoji\\\/\"},\"author\":{\"name\":\"Legiobiznes.pl\",\"@id\":\"https:\\\/\\\/legiobiznes.pl\\\/I\\\/#\\\/schema\\\/person\\\/33c4505a5d28a7c944baf038996052d4\"},\"headline\":\"Czy Facebook wp\u0142ywa na gospodark\u0119? Facebook a nasza prywatno\u015b\u0107. Nie zobaczymy ju\u017c statystyk odbiorc\u00f3w na Twitterze. Twitter dodaje reakcj\u0119 emoji&#8230;\",\"datePublished\":\"2020-01-30T17:18:38+00:00\",\"dateModified\":\"2025-09-09T14:11:40+00:00\",\"mainEntityOfPage\":{\"@id\":\"https:\\\/\\\/legiobiznes.pl\\\/I\\\/czy-facebook-wplywa-na-gospodarke-facebook-a-nasza-prywatnosc-nie-zobaczymy-juz-statystyk-odbiorcow-na-twitterze-twitter-dodaje-reakcje-emoji\\\/\"},\"wordCount\":1404,\"commentCount\":0,\"publisher\":{\"@id\":\"https:\\\/\\\/legiobiznes.pl\\\/I\\\/#organization\"},\"image\":{\"@id\":\"https:\\\/\\\/legiobiznes.pl\\\/I\\\/czy-facebook-wplywa-na-gospodarke-facebook-a-nasza-prywatnosc-nie-zobaczymy-juz-statystyk-odbiorcow-na-twitterze-twitter-dodaje-reakcje-emoji\\\/#primaryimage\"},\"thumbnailUrl\":\"https:\\\/\\\/legiobiznes.pl\\\/I\\\/wp-content\\\/uploads\\\/2020\\\/01\\\/Czy-Facebook-wp\u0142ywa-na-gospodark\u0119-Facebook-a-nasza-prywatno\u015b\u0107.-Nie-zobaczymy-ju\u017c-statystyk-odbiorc\u00f3w-na-Twitterze.-Twitter-dodaje-reakcj\u0119-emoji....jpg\",\"keywords\":[\"emoji\",\"Facebook\",\"Facebook Attribution\",\"hashtagi\",\"Instagram\",\"TikTok\",\"Twitter\"],\"articleSection\":[\"Social Media\"],\"inLanguage\":\"pl-PL\",\"potentialAction\":[{\"@type\":\"CommentAction\",\"name\":\"Comment\",\"target\":[\"https:\\\/\\\/legiobiznes.pl\\\/I\\\/czy-facebook-wplywa-na-gospodarke-facebook-a-nasza-prywatnosc-nie-zobaczymy-juz-statystyk-odbiorcow-na-twitterze-twitter-dodaje-reakcje-emoji\\\/#respond\"]}]},{\"@type\":\"WebPage\",\"@id\":\"https:\\\/\\\/legiobiznes.pl\\\/I\\\/czy-facebook-wplywa-na-gospodarke-facebook-a-nasza-prywatnosc-nie-zobaczymy-juz-statystyk-odbiorcow-na-twitterze-twitter-dodaje-reakcje-emoji\\\/\",\"url\":\"https:\\\/\\\/legiobiznes.pl\\\/I\\\/czy-facebook-wplywa-na-gospodarke-facebook-a-nasza-prywatnosc-nie-zobaczymy-juz-statystyk-odbiorcow-na-twitterze-twitter-dodaje-reakcje-emoji\\\/\",\"name\":\"Czy Facebook wp\u0142ywa na gospodark\u0119? Facebook a nasza prywatno\u015b\u0107. Nie zobaczymy ju\u017c statystyk odbiorc\u00f3w na Twitterze. Twitter dodaje reakcj\u0119 emoji... &#187; Legiobiznes.pl\",\"isPartOf\":{\"@id\":\"https:\\\/\\\/legiobiznes.pl\\\/I\\\/#website\"},\"primaryImageOfPage\":{\"@id\":\"https:\\\/\\\/legiobiznes.pl\\\/I\\\/czy-facebook-wplywa-na-gospodarke-facebook-a-nasza-prywatnosc-nie-zobaczymy-juz-statystyk-odbiorcow-na-twitterze-twitter-dodaje-reakcje-emoji\\\/#primaryimage\"},\"image\":{\"@id\":\"https:\\\/\\\/legiobiznes.pl\\\/I\\\/czy-facebook-wplywa-na-gospodarke-facebook-a-nasza-prywatnosc-nie-zobaczymy-juz-statystyk-odbiorcow-na-twitterze-twitter-dodaje-reakcje-emoji\\\/#primaryimage\"},\"thumbnailUrl\":\"https:\\\/\\\/legiobiznes.pl\\\/I\\\/wp-content\\\/uploads\\\/2020\\\/01\\\/Czy-Facebook-wp\u0142ywa-na-gospodark\u0119-Facebook-a-nasza-prywatno\u015b\u0107.-Nie-zobaczymy-ju\u017c-statystyk-odbiorc\u00f3w-na-Twitterze.-Twitter-dodaje-reakcj\u0119-emoji....jpg\",\"datePublished\":\"2020-01-30T17:18:38+00:00\",\"dateModified\":\"2025-09-09T14:11:40+00:00\",\"description\":\"Czy Facebook wp\u0142ywa na gospodark\u0119? Facebook a nasza prywatno\u015b\u0107. Nie zobaczymy ju\u017c statystyk odbiorc\u00f3w na Twitterze. Twitter dodaje reakcj\u0119 emoji...\",\"breadcrumb\":{\"@id\":\"https:\\\/\\\/legiobiznes.pl\\\/I\\\/czy-facebook-wplywa-na-gospodarke-facebook-a-nasza-prywatnosc-nie-zobaczymy-juz-statystyk-odbiorcow-na-twitterze-twitter-dodaje-reakcje-emoji\\\/#breadcrumb\"},\"inLanguage\":\"pl-PL\",\"potentialAction\":[{\"@type\":\"ReadAction\",\"target\":[\"https:\\\/\\\/legiobiznes.pl\\\/I\\\/czy-facebook-wplywa-na-gospodarke-facebook-a-nasza-prywatnosc-nie-zobaczymy-juz-statystyk-odbiorcow-na-twitterze-twitter-dodaje-reakcje-emoji\\\/\"]}]},{\"@type\":\"ImageObject\",\"inLanguage\":\"pl-PL\",\"@id\":\"https:\\\/\\\/legiobiznes.pl\\\/I\\\/czy-facebook-wplywa-na-gospodarke-facebook-a-nasza-prywatnosc-nie-zobaczymy-juz-statystyk-odbiorcow-na-twitterze-twitter-dodaje-reakcje-emoji\\\/#primaryimage\",\"url\":\"https:\\\/\\\/legiobiznes.pl\\\/I\\\/wp-content\\\/uploads\\\/2020\\\/01\\\/Czy-Facebook-wp\u0142ywa-na-gospodark\u0119-Facebook-a-nasza-prywatno\u015b\u0107.-Nie-zobaczymy-ju\u017c-statystyk-odbiorc\u00f3w-na-Twitterze.-Twitter-dodaje-reakcj\u0119-emoji....jpg\",\"contentUrl\":\"https:\\\/\\\/legiobiznes.pl\\\/I\\\/wp-content\\\/uploads\\\/2020\\\/01\\\/Czy-Facebook-wp\u0142ywa-na-gospodark\u0119-Facebook-a-nasza-prywatno\u015b\u0107.-Nie-zobaczymy-ju\u017c-statystyk-odbiorc\u00f3w-na-Twitterze.-Twitter-dodaje-reakcj\u0119-emoji....jpg\",\"width\":960,\"height\":604,\"caption\":\"Czy Facebook wp\u0142ywa na gospodark\u0119 Facebook a nasza prywatno\u015b\u0107. Nie zobaczymy ju\u017c statystyk odbiorc\u00f3w na Twitterze. Twitter dodaje reakcj\u0119 emoji...\"},{\"@type\":\"BreadcrumbList\",\"@id\":\"https:\\\/\\\/legiobiznes.pl\\\/I\\\/czy-facebook-wplywa-na-gospodarke-facebook-a-nasza-prywatnosc-nie-zobaczymy-juz-statystyk-odbiorcow-na-twitterze-twitter-dodaje-reakcje-emoji\\\/#breadcrumb\",\"itemListElement\":[{\"@type\":\"ListItem\",\"position\":1,\"name\":\"Strona g\u0142\u00f3wna\",\"item\":\"https:\\\/\\\/legiobiznes.pl\\\/I\\\/\"},{\"@type\":\"ListItem\",\"position\":2,\"name\":\"Czy Facebook wp\u0142ywa na gospodark\u0119? Facebook a nasza prywatno\u015b\u0107. Nie zobaczymy ju\u017c statystyk odbiorc\u00f3w na Twitterze. Twitter dodaje reakcj\u0119 emoji&#8230;\"}]},{\"@type\":\"WebSite\",\"@id\":\"https:\\\/\\\/legiobiznes.pl\\\/I\\\/#website\",\"url\":\"https:\\\/\\\/legiobiznes.pl\\\/I\\\/\",\"name\":\"Legiobiznes.pl\",\"description\":\"Kryptowaluty, Bezpiecze\u0144stwo IT, E-biznes | LegioBiznes.PL\",\"publisher\":{\"@id\":\"https:\\\/\\\/legiobiznes.pl\\\/I\\\/#organization\"},\"potentialAction\":[{\"@type\":\"SearchAction\",\"target\":{\"@type\":\"EntryPoint\",\"urlTemplate\":\"https:\\\/\\\/legiobiznes.pl\\\/I\\\/?s={search_term_string}\"},\"query-input\":{\"@type\":\"PropertyValueSpecification\",\"valueRequired\":true,\"valueName\":\"search_term_string\"}}],\"inLanguage\":\"pl-PL\"},{\"@type\":\"Organization\",\"@id\":\"https:\\\/\\\/legiobiznes.pl\\\/I\\\/#organization\",\"name\":\"LegioBiznes.PL\",\"url\":\"https:\\\/\\\/legiobiznes.pl\\\/I\\\/\",\"logo\":{\"@type\":\"ImageObject\",\"inLanguage\":\"pl-PL\",\"@id\":\"https:\\\/\\\/legiobiznes.pl\\\/I\\\/#\\\/schema\\\/logo\\\/image\\\/\",\"url\":\"https:\\\/\\\/legiobiznes.pl\\\/I\\\/wp-content\\\/uploads\\\/2017\\\/08\\\/legiobiznespl-logo2-e1503834302371.png\",\"contentUrl\":\"https:\\\/\\\/legiobiznes.pl\\\/I\\\/wp-content\\\/uploads\\\/2017\\\/08\\\/legiobiznespl-logo2-e1503834302371.png\",\"width\":180,\"height\":76,\"caption\":\"LegioBiznes.PL\"},\"image\":{\"@id\":\"https:\\\/\\\/legiobiznes.pl\\\/I\\\/#\\\/schema\\\/logo\\\/image\\\/\"},\"sameAs\":[\"https:\\\/\\\/www.facebook.com\\\/LegioBiznes\\\/\",\"https:\\\/\\\/x.com\\\/LegioBiznesPL\",\"https:\\\/\\\/www.youtube.com\\\/channel\\\/UCEhszB39vxk96yIXD-jOORw\"]},{\"@type\":\"Person\",\"@id\":\"https:\\\/\\\/legiobiznes.pl\\\/I\\\/#\\\/schema\\\/person\\\/33c4505a5d28a7c944baf038996052d4\",\"name\":\"Legiobiznes.pl\",\"image\":{\"@type\":\"ImageObject\",\"inLanguage\":\"pl-PL\",\"@id\":\"https:\\\/\\\/legiobiznes.pl\\\/I\\\/wp-content\\\/uploads\\\/2019\\\/07\\\/favicon-Legiobiznes-150x150.png\",\"url\":\"https:\\\/\\\/legiobiznes.pl\\\/I\\\/wp-content\\\/uploads\\\/2019\\\/07\\\/favicon-Legiobiznes-150x150.png\",\"contentUrl\":\"https:\\\/\\\/legiobiznes.pl\\\/I\\\/wp-content\\\/uploads\\\/2019\\\/07\\\/favicon-Legiobiznes-150x150.png\",\"caption\":\"Legiobiznes.pl\"},\"description\":\"Budowa i tworzenie profesjonalnych, responsywnych (RWD) stron www. Pozycjonowanie SEO, sklepy internetowe eSklep...\",\"url\":\"https:\\\/\\\/legiobiznes.pl\\\/I\\\/author\\\/boss\\\/\"}]}<\/script>\n<!-- \/ Yoast SEO plugin. -->","yoast_head_json":{"title":"Czy Facebook wp\u0142ywa na gospodark\u0119? Facebook a nasza prywatno\u015b\u0107. Nie zobaczymy ju\u017c statystyk odbiorc\u00f3w na Twitterze. Twitter dodaje reakcj\u0119 emoji... &#187; Legiobiznes.pl","description":"Czy Facebook wp\u0142ywa na gospodark\u0119? Facebook a nasza prywatno\u015b\u0107. Nie zobaczymy ju\u017c statystyk odbiorc\u00f3w na Twitterze. Twitter dodaje reakcj\u0119 emoji...","robots":{"index":"index","follow":"follow","max-snippet":"max-snippet:-1","max-image-preview":"max-image-preview:large","max-video-preview":"max-video-preview:-1"},"canonical":"https:\/\/legiobiznes.pl\/I\/czy-facebook-wplywa-na-gospodarke-facebook-a-nasza-prywatnosc-nie-zobaczymy-juz-statystyk-odbiorcow-na-twitterze-twitter-dodaje-reakcje-emoji\/","og_locale":"pl_PL","og_type":"article","og_title":"Czy Facebook wp\u0142ywa na gospodark\u0119? Facebook a nasza prywatno\u015b\u0107. Nie zobaczymy ju\u017c statystyk odbiorc\u00f3w na Twitterze. Twitter dodaje reakcj\u0119 emoji... &#187; Legiobiznes.pl","og_description":"Czy Facebook wp\u0142ywa na gospodark\u0119? Facebook a nasza prywatno\u015b\u0107. Nie zobaczymy ju\u017c statystyk odbiorc\u00f3w na Twitterze. Twitter dodaje reakcj\u0119 emoji...","og_url":"https:\/\/legiobiznes.pl\/I\/czy-facebook-wplywa-na-gospodarke-facebook-a-nasza-prywatnosc-nie-zobaczymy-juz-statystyk-odbiorcow-na-twitterze-twitter-dodaje-reakcje-emoji\/","og_site_name":"Legiobiznes.pl","article_publisher":"https:\/\/www.facebook.com\/LegioBiznes\/","article_published_time":"2020-01-30T17:18:38+00:00","article_modified_time":"2025-09-09T14:11:40+00:00","og_image":[{"width":960,"height":604,"url":"https:\/\/legiobiznes.pl\/I\/wp-content\/uploads\/2020\/01\/Czy-Facebook-wp\u0142ywa-na-gospodark\u0119-Facebook-a-nasza-prywatno\u015b\u0107.-Nie-zobaczymy-ju\u017c-statystyk-odbiorc\u00f3w-na-Twitterze.-Twitter-dodaje-reakcj\u0119-emoji....jpg","type":"image\/jpeg"}],"author":"Legiobiznes.pl","twitter_card":"summary_large_image","twitter_creator":"@LegioBiznesPL","twitter_site":"@LegioBiznesPL","twitter_misc":{"Napisane przez":"Legiobiznes.pl","Szacowany czas czytania":"7 minut"},"schema":{"@context":"https:\/\/schema.org","@graph":[{"@type":"Article","@id":"https:\/\/legiobiznes.pl\/I\/czy-facebook-wplywa-na-gospodarke-facebook-a-nasza-prywatnosc-nie-zobaczymy-juz-statystyk-odbiorcow-na-twitterze-twitter-dodaje-reakcje-emoji\/#article","isPartOf":{"@id":"https:\/\/legiobiznes.pl\/I\/czy-facebook-wplywa-na-gospodarke-facebook-a-nasza-prywatnosc-nie-zobaczymy-juz-statystyk-odbiorcow-na-twitterze-twitter-dodaje-reakcje-emoji\/"},"author":{"name":"Legiobiznes.pl","@id":"https:\/\/legiobiznes.pl\/I\/#\/schema\/person\/33c4505a5d28a7c944baf038996052d4"},"headline":"Czy Facebook wp\u0142ywa na gospodark\u0119? Facebook a nasza prywatno\u015b\u0107. Nie zobaczymy ju\u017c statystyk odbiorc\u00f3w na Twitterze. Twitter dodaje reakcj\u0119 emoji&#8230;","datePublished":"2020-01-30T17:18:38+00:00","dateModified":"2025-09-09T14:11:40+00:00","mainEntityOfPage":{"@id":"https:\/\/legiobiznes.pl\/I\/czy-facebook-wplywa-na-gospodarke-facebook-a-nasza-prywatnosc-nie-zobaczymy-juz-statystyk-odbiorcow-na-twitterze-twitter-dodaje-reakcje-emoji\/"},"wordCount":1404,"commentCount":0,"publisher":{"@id":"https:\/\/legiobiznes.pl\/I\/#organization"},"image":{"@id":"https:\/\/legiobiznes.pl\/I\/czy-facebook-wplywa-na-gospodarke-facebook-a-nasza-prywatnosc-nie-zobaczymy-juz-statystyk-odbiorcow-na-twitterze-twitter-dodaje-reakcje-emoji\/#primaryimage"},"thumbnailUrl":"https:\/\/legiobiznes.pl\/I\/wp-content\/uploads\/2020\/01\/Czy-Facebook-wp\u0142ywa-na-gospodark\u0119-Facebook-a-nasza-prywatno\u015b\u0107.-Nie-zobaczymy-ju\u017c-statystyk-odbiorc\u00f3w-na-Twitterze.-Twitter-dodaje-reakcj\u0119-emoji....jpg","keywords":["emoji","Facebook","Facebook Attribution","hashtagi","Instagram","TikTok","Twitter"],"articleSection":["Social Media"],"inLanguage":"pl-PL","potentialAction":[{"@type":"CommentAction","name":"Comment","target":["https:\/\/legiobiznes.pl\/I\/czy-facebook-wplywa-na-gospodarke-facebook-a-nasza-prywatnosc-nie-zobaczymy-juz-statystyk-odbiorcow-na-twitterze-twitter-dodaje-reakcje-emoji\/#respond"]}]},{"@type":"WebPage","@id":"https:\/\/legiobiznes.pl\/I\/czy-facebook-wplywa-na-gospodarke-facebook-a-nasza-prywatnosc-nie-zobaczymy-juz-statystyk-odbiorcow-na-twitterze-twitter-dodaje-reakcje-emoji\/","url":"https:\/\/legiobiznes.pl\/I\/czy-facebook-wplywa-na-gospodarke-facebook-a-nasza-prywatnosc-nie-zobaczymy-juz-statystyk-odbiorcow-na-twitterze-twitter-dodaje-reakcje-emoji\/","name":"Czy Facebook wp\u0142ywa na gospodark\u0119? Facebook a nasza prywatno\u015b\u0107. Nie zobaczymy ju\u017c statystyk odbiorc\u00f3w na Twitterze. Twitter dodaje reakcj\u0119 emoji... &#187; Legiobiznes.pl","isPartOf":{"@id":"https:\/\/legiobiznes.pl\/I\/#website"},"primaryImageOfPage":{"@id":"https:\/\/legiobiznes.pl\/I\/czy-facebook-wplywa-na-gospodarke-facebook-a-nasza-prywatnosc-nie-zobaczymy-juz-statystyk-odbiorcow-na-twitterze-twitter-dodaje-reakcje-emoji\/#primaryimage"},"image":{"@id":"https:\/\/legiobiznes.pl\/I\/czy-facebook-wplywa-na-gospodarke-facebook-a-nasza-prywatnosc-nie-zobaczymy-juz-statystyk-odbiorcow-na-twitterze-twitter-dodaje-reakcje-emoji\/#primaryimage"},"thumbnailUrl":"https:\/\/legiobiznes.pl\/I\/wp-content\/uploads\/2020\/01\/Czy-Facebook-wp\u0142ywa-na-gospodark\u0119-Facebook-a-nasza-prywatno\u015b\u0107.-Nie-zobaczymy-ju\u017c-statystyk-odbiorc\u00f3w-na-Twitterze.-Twitter-dodaje-reakcj\u0119-emoji....jpg","datePublished":"2020-01-30T17:18:38+00:00","dateModified":"2025-09-09T14:11:40+00:00","description":"Czy Facebook wp\u0142ywa na gospodark\u0119? Facebook a nasza prywatno\u015b\u0107. Nie zobaczymy ju\u017c statystyk odbiorc\u00f3w na Twitterze. Twitter dodaje reakcj\u0119 emoji...","breadcrumb":{"@id":"https:\/\/legiobiznes.pl\/I\/czy-facebook-wplywa-na-gospodarke-facebook-a-nasza-prywatnosc-nie-zobaczymy-juz-statystyk-odbiorcow-na-twitterze-twitter-dodaje-reakcje-emoji\/#breadcrumb"},"inLanguage":"pl-PL","potentialAction":[{"@type":"ReadAction","target":["https:\/\/legiobiznes.pl\/I\/czy-facebook-wplywa-na-gospodarke-facebook-a-nasza-prywatnosc-nie-zobaczymy-juz-statystyk-odbiorcow-na-twitterze-twitter-dodaje-reakcje-emoji\/"]}]},{"@type":"ImageObject","inLanguage":"pl-PL","@id":"https:\/\/legiobiznes.pl\/I\/czy-facebook-wplywa-na-gospodarke-facebook-a-nasza-prywatnosc-nie-zobaczymy-juz-statystyk-odbiorcow-na-twitterze-twitter-dodaje-reakcje-emoji\/#primaryimage","url":"https:\/\/legiobiznes.pl\/I\/wp-content\/uploads\/2020\/01\/Czy-Facebook-wp\u0142ywa-na-gospodark\u0119-Facebook-a-nasza-prywatno\u015b\u0107.-Nie-zobaczymy-ju\u017c-statystyk-odbiorc\u00f3w-na-Twitterze.-Twitter-dodaje-reakcj\u0119-emoji....jpg","contentUrl":"https:\/\/legiobiznes.pl\/I\/wp-content\/uploads\/2020\/01\/Czy-Facebook-wp\u0142ywa-na-gospodark\u0119-Facebook-a-nasza-prywatno\u015b\u0107.-Nie-zobaczymy-ju\u017c-statystyk-odbiorc\u00f3w-na-Twitterze.-Twitter-dodaje-reakcj\u0119-emoji....jpg","width":960,"height":604,"caption":"Czy Facebook wp\u0142ywa na gospodark\u0119 Facebook a nasza prywatno\u015b\u0107. Nie zobaczymy ju\u017c statystyk odbiorc\u00f3w na Twitterze. Twitter dodaje reakcj\u0119 emoji..."},{"@type":"BreadcrumbList","@id":"https:\/\/legiobiznes.pl\/I\/czy-facebook-wplywa-na-gospodarke-facebook-a-nasza-prywatnosc-nie-zobaczymy-juz-statystyk-odbiorcow-na-twitterze-twitter-dodaje-reakcje-emoji\/#breadcrumb","itemListElement":[{"@type":"ListItem","position":1,"name":"Strona g\u0142\u00f3wna","item":"https:\/\/legiobiznes.pl\/I\/"},{"@type":"ListItem","position":2,"name":"Czy Facebook wp\u0142ywa na gospodark\u0119? Facebook a nasza prywatno\u015b\u0107. Nie zobaczymy ju\u017c statystyk odbiorc\u00f3w na Twitterze. Twitter dodaje reakcj\u0119 emoji&#8230;"}]},{"@type":"WebSite","@id":"https:\/\/legiobiznes.pl\/I\/#website","url":"https:\/\/legiobiznes.pl\/I\/","name":"Legiobiznes.pl","description":"Kryptowaluty, Bezpiecze\u0144stwo IT, E-biznes | LegioBiznes.PL","publisher":{"@id":"https:\/\/legiobiznes.pl\/I\/#organization"},"potentialAction":[{"@type":"SearchAction","target":{"@type":"EntryPoint","urlTemplate":"https:\/\/legiobiznes.pl\/I\/?s={search_term_string}"},"query-input":{"@type":"PropertyValueSpecification","valueRequired":true,"valueName":"search_term_string"}}],"inLanguage":"pl-PL"},{"@type":"Organization","@id":"https:\/\/legiobiznes.pl\/I\/#organization","name":"LegioBiznes.PL","url":"https:\/\/legiobiznes.pl\/I\/","logo":{"@type":"ImageObject","inLanguage":"pl-PL","@id":"https:\/\/legiobiznes.pl\/I\/#\/schema\/logo\/image\/","url":"https:\/\/legiobiznes.pl\/I\/wp-content\/uploads\/2017\/08\/legiobiznespl-logo2-e1503834302371.png","contentUrl":"https:\/\/legiobiznes.pl\/I\/wp-content\/uploads\/2017\/08\/legiobiznespl-logo2-e1503834302371.png","width":180,"height":76,"caption":"LegioBiznes.PL"},"image":{"@id":"https:\/\/legiobiznes.pl\/I\/#\/schema\/logo\/image\/"},"sameAs":["https:\/\/www.facebook.com\/LegioBiznes\/","https:\/\/x.com\/LegioBiznesPL","https:\/\/www.youtube.com\/channel\/UCEhszB39vxk96yIXD-jOORw"]},{"@type":"Person","@id":"https:\/\/legiobiznes.pl\/I\/#\/schema\/person\/33c4505a5d28a7c944baf038996052d4","name":"Legiobiznes.pl","image":{"@type":"ImageObject","inLanguage":"pl-PL","@id":"https:\/\/legiobiznes.pl\/I\/wp-content\/uploads\/2019\/07\/favicon-Legiobiznes-150x150.png","url":"https:\/\/legiobiznes.pl\/I\/wp-content\/uploads\/2019\/07\/favicon-Legiobiznes-150x150.png","contentUrl":"https:\/\/legiobiznes.pl\/I\/wp-content\/uploads\/2019\/07\/favicon-Legiobiznes-150x150.png","caption":"Legiobiznes.pl"},"description":"Budowa i tworzenie profesjonalnych, responsywnych (RWD) stron www. Pozycjonowanie SEO, sklepy internetowe eSklep...","url":"https:\/\/legiobiznes.pl\/I\/author\/boss\/"}]}},"_links":{"self":[{"href":"https:\/\/legiobiznes.pl\/I\/wp-json\/wp\/v2\/posts\/1240080","targetHints":{"allow":["GET"]}}],"collection":[{"href":"https:\/\/legiobiznes.pl\/I\/wp-json\/wp\/v2\/posts"}],"about":[{"href":"https:\/\/legiobiznes.pl\/I\/wp-json\/wp\/v2\/types\/post"}],"author":[{"embeddable":true,"href":"https:\/\/legiobiznes.pl\/I\/wp-json\/wp\/v2\/users\/1"}],"replies":[{"embeddable":true,"href":"https:\/\/legiobiznes.pl\/I\/wp-json\/wp\/v2\/comments?post=1240080"}],"version-history":[{"count":1,"href":"https:\/\/legiobiznes.pl\/I\/wp-json\/wp\/v2\/posts\/1240080\/revisions"}],"predecessor-version":[{"id":1707058,"href":"https:\/\/legiobiznes.pl\/I\/wp-json\/wp\/v2\/posts\/1240080\/revisions\/1707058"}],"wp:featuredmedia":[{"embeddable":true,"href":"https:\/\/legiobiznes.pl\/I\/wp-json\/wp\/v2\/media\/1240081"}],"wp:attachment":[{"href":"https:\/\/legiobiznes.pl\/I\/wp-json\/wp\/v2\/media?parent=1240080"}],"wp:term":[{"taxonomy":"category","embeddable":true,"href":"https:\/\/legiobiznes.pl\/I\/wp-json\/wp\/v2\/categories?post=1240080"},{"taxonomy":"post_tag","embeddable":true,"href":"https:\/\/legiobiznes.pl\/I\/wp-json\/wp\/v2\/tags?post=1240080"}],"curies":[{"name":"wp","href":"https:\/\/api.w.org\/{rel}","templated":true}]}}