{"id":1243001,"date":"2020-02-14T11:45:32","date_gmt":"2020-02-14T09:45:32","guid":{"rendered":"https:\/\/legiobiznes.pl\/I\/?p=1243001"},"modified":"2024-10-25T10:46:35","modified_gmt":"2024-10-25T08:46:35","slug":"brazylijski-nastolatek-popelnil-samobojstwo-na-tiktoku-550-milionow-dolarow-kary-dla-facebooka-whatsapp-zacznie-zarabiac","status":"publish","type":"post","link":"https:\/\/legiobiznes.pl\/I\/brazylijski-nastolatek-popelnil-samobojstwo-na-tiktoku-550-milionow-dolarow-kary-dla-facebooka-whatsapp-zacznie-zarabiac\/","title":{"rendered":"Brazylijski nastolatek pope\u0142ni\u0142 samob\u00f3jstwo na TikToku! 550 milion\u00f3w dolar\u00f3w kary dla Facebooka! WhatsApp zacznie zarabia\u0107"},"content":{"rendered":"<h2 class=\"contentHeader\"><strong>Brazylijski nastolatek pope\u0142ni\u0142 samob\u00f3jstwo na TikToku \u2013 firma najpierw opracowa\u0142a strategi\u0119 kryzysow\u0105, zanim powiadomi\u0142a policj\u0119<\/strong><\/h2>\n<h4>W ubieg\u0142ym roku brazylijski nastolatek pope\u0142ni\u0142 samob\u00f3jstwo, transmituj\u0105c je na TikToku. O zdarzeniu dowiedzia\u0142o si\u0119 kierownictwo tamtejszego oddzia\u0142u portalu spo\u0142eczno\u015bciowego, lecz zanim powiadomi\u0142o policj\u0119, postanowi\u0142o przygotowa\u0107 strategi\u0119 kryzysow\u0105.<\/h4>\n<p><script type=\"text\/javascript\">\n    document.write(unescape('%3Cscript type=\"text\/javascript\" src=\"' + document.location.protocol + \n    '\/\/ec.bankier.pl\/show2\/MzIxMjEsMjUzMjIsNDE4NzY\/' + Math.random() + '\/'+ '\"%3E%3C\/script%3E'));\n<\/script><\/p>\n<p>Spraw\u0119 postanowi\u0142 nag\u0142o\u015bni\u0107 portal The Intercept, kt\u00f3ry dowiedzia\u0142 si\u0119 o szokuj\u0105cych dzia\u0142aniach TikToka dzi\u0119ki by\u0142emu pracownikowi firmy ByteDance. W dokumentach, kt\u00f3re Brazylijczyk dostarczy\u0142 redakcji, rozpisana zosta\u0142a strategia kryzysowa zwi\u0105zana z ubieg\u0142orocznym samob\u00f3jstwem nastolatka&#8230;<\/p>\n<a href=\"https:\/\/nowymarketing.pl\/a\/24999,brazylijski-nastolatek-popelnil-samobojstwo-na-tiktoku-firma-najpierw-opracowala-strategie-kryzysowa-zanim-powiadomila-policje?utm_source=feedburner&amp;utm_medium=feed&amp;utm_campaign=Feed%3A+nowymarketing%2Ffeed+%28NowyMarketing.pl%29\" class=\"shortc-button medium orange \">Wi\u0119cej dowiesz si\u0119 u \u017ar\u00f3d\u0142a &gt;<\/a>\n<h2 class=\"title\"><strong>TikTok, zamiast powiadomi\u0107 policj\u0119 o samob\u00f3jstwie, uruchomi\u0142 dzia\u0142 PR<\/strong><\/h2>\n<h4>The Intercept, serwis zajmuj\u0105cy si\u0119 dziennikarstwem \u015bledczym opublikowa\u0142 artyku\u0142, z kt\u00f3rego wynika, \u017ce jeden z u\u017cytkownik\u00f3w pope\u0142ni\u0142 samob\u00f3jstwo na wizji, streamuj\u0105c nagranie za pomoc\u0105 aplikacji. Obs\u0142uga zamiast od razu powiadomi\u0107 policj\u0119, poinformowa\u0142a najpierw dzia\u0142 PR. A ten przez trzy godziny pracowa\u0142 nad strategi\u0105.<\/h4>\n<p>TikTok to aplikacja mobilna umo\u017cliwiaj\u0105ca tworzenie i udost\u0119pnianie bardzo kr\u00f3tkich materia\u0142\u00f3w wideo. Szczeg\u00f3ln\u0105 popularno\u015bci\u0105 cieszy si\u0119 w\u015br\u00f3d bardzo m\u0142odych internaut\u00f3w (cho\u0107 nie tylko). \u201eThe Intercept\u201d dotar\u0142 do informacji, kt\u00f3re w wyj\u0105tkowo niekorzystnym \u015bwietle stawiaj\u0105 obs\u0142ug\u0119 serwisu. Przynajmniej jego brazylijskiego oddzia\u0142u&#8230;<\/p>\n<a href=\"https:\/\/www.chip.pl\/2020\/02\/tiktok-zamiast-powiadomic-policje-o-samobojstwie-uruchomil-dzial-pr\/\" class=\"shortc-button medium orange \">Wi\u0119cej dowiesz si\u0119 u \u017ar\u00f3d\u0142a &gt;<\/a>\n<h2 class=\"post-title\"><strong>TikTok dba o bezpiecze\u0144stwo i dobre samopoczucie u\u017cytkownik\u00f3w<\/strong><\/h2>\n<h4>Czy inne serwisy do\u0142\u0105cz\u0105 do walki o bezpiecze\u0144stwo u\u017cytkownik\u00f3w?<\/h4>\n<p>Do Pinteresta w walce o zdrowie psychiczne u\u017cytkownik\u00f3w do\u0142\u0105cza teraz TikTok. Z tym, \u017ce ten pierwszy nawi\u0105za\u0142 wsp\u00f3\u0142prac\u0119 z instytucjami zdrowia, takimi jak WHO. Natomiast TikTok, stworzy\u0142 now\u0105 kart\u0119, gdzie daje rady w sprawie zachowania prawid\u0142owej r\u00f3wnowagi psychicznej&#8230;<\/p>\n<a href=\"https:\/\/socialpress.pl\/2020\/02\/tiktok-dba-o-bezpieczenstwo-i-dobre-samopoczucie-uzytkownikow\" class=\"shortc-button medium orange \">Wi\u0119cej dowiesz si\u0119 u \u017ar\u00f3d\u0142a &gt;<\/a>\n<h2><strong>550 milion\u00f3w dolar\u00f3w kary dla Facebooka<\/strong><\/h2>\n<h4>W 2010 roku Facebook wprowadzi\u0142 mechanizm oznaczania ludzi na zdj\u0119ciach u\u017cytkownik\u00f3w. W 2020 roku zap\u0142aci za to 550 milion\u00f3w dolar\u00f3w kary.<\/h4>\n<p><strong>Facebook<\/strong> wprowadzi\u0142 mechanizm rozpoznawania twarzy w 2010 roku &#8211; bez pytania o zgod\u0119 oznaczane by\u0142y automatycznie osoby widoczne na zdj\u0119ciach u\u017cytkownik\u00f3w. Mo\u017cna by\u0142o wy\u0142\u0105czy\u0107 ten mechanizm, o czym ikogo jednak nie poinformowano, nie by\u0142o te\u017c \u017cadnych wyja\u015bnie\u0144, jak przeprowadzi\u0107 ten proces. U\u017cytkownicy szybko zacz\u0119li protestowa\u0107, a pierwsze sprawy trafi\u0142y do s\u0105du w 2015 roku. Pow\u00f3d? Naruszenie prywatno\u015bci. Najg\u0142o\u015bniejszy proces mia\u0142 miejsce w Illinois, gdzie grupa os\u00f3b z\u0142o\u017cy\u0142a pozew zbiorowy &#8211; automatyczne rozpoznawanie twarzy jest naruszeniem obowi\u0105zuj\u0105cych w tym stanie przepis\u00f3w dotycz\u0105cych prywatno\u015bci&#8230;<\/p>\n<a href=\"https:\/\/www.pcworld.pl\/news\/550-milionow-dolarow-kary-dla-Facebooka,418512.html\" class=\"shortc-button medium orange \">Wi\u0119cej dowiesz si\u0119 u \u017ar\u00f3d\u0142a &gt;<\/a>\n<h2><strong>WhatsApp zacznie zarabia\u0107 &#8211; Facebook ma nowy pomys\u0142<\/strong><\/h2>\n<h4>WhatsApp stanie si\u0119 platform\u0105 p\u0142atnicz\u0105. Za pomoc\u0105 WhatsApp Pay komunikator ma sta\u0107 si\u0119 rentowny i zarabia\u0107 na sw\u00f3j rozw\u00f3j.<\/h4>\n<p>Na rynku istniej\u0105 setki tysi\u0119cy r\u00f3\u017cnego rodzaju aplikacji. Wi\u0119kszo\u015b\u0107 z nich zarabia na siebie, ale istniej\u0105 tak\u017ce takie programy, kt\u00f3re pomimo milion\u00f3w pobra\u0144 nie przynosz\u0105 dochod\u00f3w. Jednym ze sztandarowych przyk\u0142ad\u00f3w jest komunikator tekstowy\u00a0<strong>WhatsApp<\/strong>&#8230;<\/p>\n<a href=\"https:\/\/www.pcworld.pl\/news\/WhatsApp-zacznie-zarabiac-Facebook-ma-nowy-pomysl,418511.html\" class=\"shortc-button medium orange \">Wi\u0119cej dowiesz si\u0119 u \u017ar\u00f3d\u0142a &gt;<\/a>\n<p><center><!-- Pula: Marketing \/\/--><br \/>\n<script type=\"text\/javascript\">\n    document.write(unescape('%3Cscript type=\"text\/javascript\" src=\"' + document.location.protocol + \n    '\/\/ec.bankier.pl\/show2\/MzIxMjAsMjUzMjIsNDE4NzY\/' + Math.random() + '\/'+ '\"%3E%3C\/script%3E'));\n<\/script><\/center><\/p>\n<h2 class=\"contentHeader\"><strong>Facebook wprowadza funkcj\u0119 Off-Facebook Activity \u2013 pozwala ona na ograniczenie danych udost\u0119pnianych reklamodawcom<\/strong><\/h2>\n<h4>28 stycznia br. przedstawiciele Facebooka poinformowali o wprowadzeniu funkcji Off-Facebook Activity \u2013 dzi\u0119ki niej u\u017cytkownicy b\u0119d\u0105 mogli zarz\u0105dza\u0107 swoimi danymi, kt\u00f3re s\u0105 udost\u0119pniane reklamodawcom.<\/h4>\n<p>Nieprzypadkowo Facebook postanowi\u0142 wprowadzi\u0142 now\u0105 funkcj\u0119 prywatno\u015bci w\u0142a\u015bnie 28 stycznia \u2013 by\u0142 to bowiem Europejski Dzie\u0144 Ochrony Danych Osobowych. Po s\u0142ynnej aferze\u00a0<a href=\"https:\/\/nowymarketing.pl\/a\/22618,poklosie-afery-cambridge-analytica-facebook-musi-zaplacic-5-mld-dolarow-kary\" target=\"_blank\" rel=\"nofollow noopener noreferrer\">aferze zwi\u0105zanej z firm\u0105 Cambridge Analytica<\/a>, przedstawiciele portalu spo\u0142eczno\u015bciowego wielokrotnie zapewniali, \u017ce postawili sobie za cel, by zwi\u0119kszy\u0107 bezpiecze\u0144stwo u\u017cytkownik\u00f3w w internecie&#8230;<\/p>\n<a href=\"https:\/\/nowymarketing.pl\/a\/24833,facebook-wprowadza-funkcje-off-facebook-activity-pozwala-ona-na-ograniczenie-danych-udostepnianych-reklamodawcom?utm_source=feedburner&amp;utm_medium=feed&amp;utm_campaign=Feed%3A+nowymarketing%2Ffeed+%28NowyMarketing.pl%29\" class=\"shortc-button medium orange \">Wi\u0119cej dowiesz si\u0119 u \u017ar\u00f3d\u0142a &gt;<\/a>\n<h2 class=\"title\"><strong>Facebook i Twitter walcz\u0105 z fa\u0142szywymi doniesieniami o koronawirusie<\/strong><\/h2>\n<h4>W Sieci pojawiaj\u0105 si\u0119 doniesienia o kolejnych zachorowaniach na wirusa z Wuhan. Wiele z nich jest fa\u0142szywych. Chi\u0144skim internautom uda\u0142o si\u0119 nawet omin\u0105\u0107 Wielk\u0105 chi\u0144sk\u0105 zapor\u0119, s\u0142u\u017c\u0105c\u0105 cenzurze internetu w Pa\u0144stwie \u015arodka. Ich posty ch\u0119tnie cytowane s\u0105 w zachodnich mediach spo\u0142eczno\u015bciowych. Bez \u017cadnej weryfikacji.<\/h4>\n<p>Koronawirus z Wuhan pojawia si\u0119 w kolejnych krajach. Ro\u015bnie liczba zara\u017conych oraz os\u00f3b zmar\u0142ych. \u0141\u0105cznie zachorowa\u0142o ju\u017c ponad 11 tys. os\u00f3b na ca\u0142ym \u015bwiecie. Z czego zmar\u0142o 259 os\u00f3b. Ale 252 osoby uda\u0142o si\u0119 wyleczy\u0107. Do najwi\u0119kszej liczby zaka\u017ce\u0144 dosz\u0142o w Chinach. Wirus pojawi\u0142 si\u0119 w ju\u017c w 27 krajach. WHO og\u0142osi\u0142o, \u017ce koronawirus z Wuhan stanowi globalne zagro\u017cenie&#8230;<\/p>\n<a href=\"https:\/\/www.chip.pl\/2020\/02\/facebook-i-twitter-walcza-z-falszywymi-doniesieniami-o-koronawirusie\/\" class=\"shortc-button medium orange \">Wi\u0119cej dowiesz si\u0119 u \u017ar\u00f3d\u0142a &gt;<\/a>\n<h2 class=\"post-title\"><strong>Skuteczny remarketing na Facebooku<\/strong><\/h2>\n<h4>Remarketing to spos\u00f3b na dotarcie z komunikatem reklamowym do os\u00f3b, kt\u00f3re wesz\u0142y w interakcje z Twoj\u0105 firm\u0105. W przypadku remarketingu na Facebooku mamy kilka ciekawych opcji segregowania u\u017cytkownik\u00f3w. Do utworzenia remarketingu potrzebujemy specjalnych grup odbiorc\u00f3w, o kt\u00f3rych dowiesz si\u0119 w tym wpisie.<\/h4>\n<p>Pami\u0119taj, zanim stworzysz swoj\u0105 pierwsz\u0105 reklam\u0119 remarketingow\u0105, musisz poprawnie doda\u0107 kod\u00a0<a href=\"https:\/\/rzeczkowski.pl\/facebook-pixel\/\" target=\"_blank\" rel=\"noopener noreferrer\">Facebook Pixel<\/a>\u00a0na stronie internetowej. Na blogu znajdziesz osobny wpis, w kt\u00f3rym wyja\u015bni\u0142em\u00a0czym jest Pixel i jak doda\u0107 go na stronie internetowej&#8230;<\/p>\n<a href=\"https:\/\/rzeczkowski.pl\/remarketing-na-facebooku\/\" class=\"shortc-button medium orange \">Wi\u0119cej dowiesz si\u0119 u \u017ar\u00f3d\u0142a &gt;<\/a>\n<h2 class=\"singlePost__title\"><strong>7 porad jak tworzy\u0107 anga\u017cuj\u0105ce posty na Facebooku<\/strong><\/h2>\n<h4>Facebook \u2013 by\u0107 czy nie by\u0107? Oto jest pytanie. Wed\u0142ug informacji od samego portalu, miesi\u0119cznie z Facebooka korzystaj\u0105\u00a02 miliardy os\u00f3b!\u00a0Ta imponuj\u0105ca liczba od razu uruchamia w g\u0142owie g\u0142os, kt\u00f3ry m\u00f3wi \u201ezdecydowanie by\u0107!\u201d.<\/h4>\n<p>Trudno si\u0119 z nim nie zgodzi\u0107, warto jednak pami\u0119ta\u0107, \u017ce na fanpage trzeba mie\u0107 pomys\u0142, jest to w ko\u0144cu swego rodzaju wizyt\u00f3wka firmy. Nie wiesz, jak rozpocz\u0105\u0107 budowanie swojego profilu, a mo\u017ce ju\u017c go tworzysz, ale poszukujesz dodatkowych inspiracji? Wychodzimy naprzeciw Twoim oczekiwaniom i przedstawiamy 7 porad na anga\u017cuj\u0105cy content!&#8230;<\/p>\n<a href=\"https:\/\/www.grupa-tense.pl\/blog\/7-porad-jak-tworzyc-angazujace-posty-na-facebooku\/\" class=\"shortc-button medium orange \">Wi\u0119cej dowiesz si\u0119 u \u017ar\u00f3d\u0142a &gt;<\/a>\n<h2 class=\"post-title\"><strong>7 porad, jak pisa\u0107 dobre posty na Facebooku<\/strong><\/h2>\n<h4>Zdobycie uwagi i zach\u0119cenie fan\u00f3w do zaanga\u017cowania si\u0119 pod postem, mo\u017ce wymaga\u0107 od Ciebie o wiele wi\u0119cej, ni\u017c Ci si\u0119 wydaje. Poka\u017ce Ci jednak kilka dobrych porad, kt\u00f3re spowoduj\u0105, \u017ce fani Twojego fanpage\u2019a b\u0119d\u0105 ch\u0119tniej wykonywali dzia\u0142ania, na kt\u00f3rych Ci zale\u017cy.<\/h4>\n<p>W momencie, kiedy czytasz ten wpis tysi\u0105ce firm udost\u0119pnia r\u00f3\u017cnego rodzaju posty, niestety wi\u0119kszo\u015b\u0107 z nich nie wie po co i jak to robi\u0107. Licz\u0119 na to, \u017ce po tym artykule wcielisz w \u017cycie swojego fanpage\u2019a nowe praktyki, kt\u00f3re pomog\u0105 Ci lepiej anga\u017cowa\u0107 Twoich fan\u00f3w&#8230;<\/p>\n<a href=\"https:\/\/rzeczkowski.pl\/7-porad-jak-pisac-dobre-posty-na-facebooku\/\" class=\"shortc-button medium orange \">Wi\u0119cej dowiesz si\u0119 u \u017ar\u00f3d\u0142a &gt;<\/a>\n<h2 class=\"post-title\"><strong>Jak zdoby\u0107 fan\u00f3w na Facebooku?<\/strong><\/h2>\n<h4>To pytanie zadaje sobie pewnie wielu w\u0142a\u015bcicieli stron, a wi\u0119c nie przed\u0142u\u017cajmy! Je\u017celi rozwijasz sw\u00f3j fanpage i chcesz, aby tre\u015bci, kt\u00f3re na nim udost\u0119pniasz by\u0142y widoczne dla jak najwi\u0119kszej liczby u\u017cytkownik\u00f3w, nie mo\u017cesz zapomnie\u0107 o tym magicznym liczniku, kt\u00f3ry opr\u00f3cz zasi\u0119g\u00f3w buduje zaufanie.<\/h4>\n<p>Liczba polubie\u0144 na Facebook\u2019u dzia\u0142a jak opakowanie produktu w sklepie \u2013 fanpage, kt\u00f3ry posiada 1000 polubie\u0144 b\u0119dzie jak Huawei, a fanpage na kt\u00f3rym zebrali\u015bmy 10 000 polubie\u0144 b\u0119dzie jak nowy model iPhone firmy Apple. Liczba lajk\u00f3w na profilu nie musi wcale odzwierciedla\u0107 jako\u015bci produktu, tak jak Huawei nie zawsze b\u0119dzie gorszy od iPhone\u2019a. Nie mniej jednak liczba fan\u00f3w jest w pewnym sensie istotna i daje nam pewn\u0105 przewag\u0119&#8230;<\/p>\n<a href=\"https:\/\/rzeczkowski.pl\/jak-zdobyc-fanow-na-facebooku\/\" class=\"shortc-button medium orange \">Wi\u0119cej dowiesz si\u0119 u \u017ar\u00f3d\u0142a &gt;<\/a>\n<h2 class=\"alt-font text-extra-dark-gray font-weight-600 no-margin-bottom text-uppercase\"><strong>PIKSEL KONWERSJI FACEBOOKA. CZYM JEST, JAK GO POPRAWNIE SKONFIGUROWA\u0106 I JAK WYKORZYSTYWA\u0106 W MARKETINGU?<\/strong><\/h2>\n<h4>Piksel Facebooka to niewielki fragment kody, kt\u00f3ry &#8211; umieszczony w sekcji &lt;head&gt; na stronie internetowej gromadzi informacje o zachowaniach u\u017cytkownik\u00f3w Facebooka, kt\u00f3rzy j\u0105 odwiedzaj\u0105. Dzi\u0119ki temu mo\u017cemy precyzyjniej kierowa\u0107 do nich reklamy.<\/h4>\n<p>Dzia\u0142a podobnie jak kod Google Analytics, ale w odr\u00f3\u017cnieniu od niego nie przypisuje dane do profilu konkretnego u\u017cytkownika, a nie do ciasteczka w przegl\u0105darce&#8230;<\/p>\n<a href=\"https:\/\/interaktywnie.com\/biznes\/newsy\/social-media\/piksel-konwersji-facebooka-czym-jest-jak-go-poprawnie-skonfigurowac-i-jak-wykorzystywac-w-marketingu-259745?utm_source=feedburner&amp;utm_medium=feed&amp;utm_campaign=Feed%3A+Interaktywnie+%28Interaktywnie.com%29\" class=\"shortc-button medium orange \">Wi\u0119cej dowiesz si\u0119 u \u017ar\u00f3d\u0142a &gt;<\/a>\n<h2 class=\"post-title\"><strong>Nowe opcje dla bezpiecze\u0144stwa profili na Instagramie<\/strong><\/h2>\n<h4>Oto kilka nowo\u015bci od Instagrama, kt\u00f3re pozwol\u0105 na zapewnienie jeszcze wi\u0119kszego bezpiecze\u0144stwa w aplikacji.<\/h4>\n<p>Przy okazji wczoraj obchodzonego Dnia Bezpiecznego Internetu, Instagram zaprezentowa\u0142 wiele nowo\u015bci w aplikacji. Tw\u00f3rcy aplikacji nieustanne pracuj\u0105 nad popraw\u0105 do\u015bwiadcze\u0144 u\u017cytkownik\u00f3w. Oto\u00a0<strong>kilka rozwi\u0105za\u0144,<\/strong> kt\u00f3re ju\u017c teraz lub w niedalekiej przysz\u0142o\u015bci pojawi\u0105 si\u0119 w aplikacji&#8230;<\/p>\n<a href=\"https:\/\/socialpress.pl\/2020\/02\/nowe-opcje-dla-bezpieczenstwa-profili-na-instagramie\" class=\"shortc-button medium orange \">Wi\u0119cej dowiesz si\u0119 u \u017ar\u00f3d\u0142a &gt;<\/a>\n<h2 class=\"content-title text-green\"><strong>Jak przetrwa\u0107 kryzys w social mediach?<\/strong><\/h2>\n<h4>Wraz z pojawieniem si\u0119 internetu ludzie zyskali nowe miejsce do komunikacji i przekazywania informacji. Jednocze\u015bnie sie\u0107 sta\u0142a si\u0119 przestrzeni\u0105 do nieko\u0144cz\u0105cych si\u0119 dyskusji na ka\u017cdy temat. Tak samo, jak w prawdziwym \u017cyciu, nie ka\u017cda rozmowa czy wymiana argument\u00f3w ma sens, zachowuje kultur\u0119 wypowiedzi oraz poziom merytoryczny.<\/h4>\n<p>Sk\u0105d bierze si\u0119 wszechobecna nienawi\u015b\u0107 podczas wymiany zda\u0144 w internecie? Dlaczego tak \u0142atwo wyprowadzi\u0107 nas z r\u00f3wnowagi? Czemu kryzysy w socialach pojawiaj\u0105 si\u0119 zdecydowanie cz\u0119\u015bciej ni\u017c w innych mediach? Odpowied\u017a znajdziesz w poni\u017cszym artykule&#8230;<\/p>\n<a href=\"https:\/\/www.artefakt.pl\/blog\/epr\/jak-przetrwac-kryzys-w-social-mediach\" class=\"shortc-button medium orange \">Wi\u0119cej dowiesz si\u0119 u \u017ar\u00f3d\u0142a &gt;<\/a>\n","protected":false},"excerpt":{"rendered":"<p>Brazylijski nastolatek pope\u0142ni\u0142 samob\u00f3jstwo na TikToku \u2013 firma najpierw opracowa\u0142a strategi\u0119 kryzysow\u0105, zanim powiadomi\u0142a policj\u0119 W ubieg\u0142ym roku brazylijski nastolatek pope\u0142ni\u0142 samob\u00f3jstwo, transmituj\u0105c je na TikToku. O zdarzeniu dowiedzia\u0142o si\u0119 kierownictwo tamtejszego oddzia\u0142u portalu spo\u0142eczno\u015bciowego, lecz zanim powiadomi\u0142o policj\u0119, postanowi\u0142o przygotowa\u0107 strategi\u0119 kryzysow\u0105. Spraw\u0119 postanowi\u0142 nag\u0142o\u015bni\u0107 portal The Intercept, kt\u00f3ry dowiedzia\u0142 si\u0119 o szokuj\u0105cych dzia\u0142aniach &hellip;<\/p>\n","protected":false},"author":1,"featured_media":1243002,"comment_status":"open","ping_status":"closed","sticky":false,"template":"","format":"standard","meta":{"footnotes":""},"categories":[1312],"tags":[1361,1515,6317,1617,6023,1549,1383],"class_list":["post-1243001","post","type-post","status-publish","format-standard","has-post-thumbnail","","category-social-media","tag-facebook","tag-instagram","tag-koronawirus","tag-remarketing","tag-tiktok","tag-twitter","tag-whatsapp"],"yoast_head":"<!-- This site is optimized with the Yoast SEO plugin v27.5 - https:\/\/yoast.com\/product\/yoast-seo-wordpress\/ -->\n<title>Brazylijski nastolatek pope\u0142ni\u0142 samob\u00f3jstwo na TikToku! 550 milion\u00f3w dolar\u00f3w kary dla Facebooka! WhatsApp zacznie zarabia\u0107 &#187; Legiobiznes.pl<\/title>\n<meta name=\"description\" content=\"Brazylijski nastolatek pope\u0142ni\u0142 samob\u00f3jstwo na TikToku! 550 milion\u00f3w dolar\u00f3w kary dla Facebooka! WhatsApp zacznie zarabia\u0107\" \/>\n<meta name=\"robots\" content=\"index, follow, max-snippet:-1, max-image-preview:large, max-video-preview:-1\" \/>\n<link rel=\"canonical\" href=\"https:\/\/legiobiznes.pl\/I\/brazylijski-nastolatek-popelnil-samobojstwo-na-tiktoku-550-milionow-dolarow-kary-dla-facebooka-whatsapp-zacznie-zarabiac\/\" \/>\n<meta property=\"og:locale\" content=\"pl_PL\" \/>\n<meta property=\"og:type\" content=\"article\" \/>\n<meta property=\"og:title\" content=\"Brazylijski nastolatek pope\u0142ni\u0142 samob\u00f3jstwo na TikToku! 550 milion\u00f3w dolar\u00f3w kary dla Facebooka! WhatsApp zacznie zarabia\u0107 &#187; Legiobiznes.pl\" \/>\n<meta property=\"og:description\" content=\"Brazylijski nastolatek pope\u0142ni\u0142 samob\u00f3jstwo na TikToku! 550 milion\u00f3w dolar\u00f3w kary dla Facebooka! WhatsApp zacznie zarabia\u0107\" \/>\n<meta property=\"og:url\" content=\"https:\/\/legiobiznes.pl\/I\/brazylijski-nastolatek-popelnil-samobojstwo-na-tiktoku-550-milionow-dolarow-kary-dla-facebooka-whatsapp-zacznie-zarabiac\/\" \/>\n<meta property=\"og:site_name\" content=\"Legiobiznes.pl\" \/>\n<meta property=\"article:publisher\" content=\"https:\/\/www.facebook.com\/LegioBiznes\/\" \/>\n<meta property=\"article:published_time\" content=\"2020-02-14T09:45:32+00:00\" \/>\n<meta property=\"article:modified_time\" content=\"2024-10-25T08:46:35+00:00\" \/>\n<meta property=\"og:image\" content=\"https:\/\/legiobiznes.pl\/I\/wp-content\/uploads\/2020\/02\/Brazylijski-nastolatek-pope\u0142ni\u0142-samob\u00f3jstwo-na-TikToku-550-milion\u00f3w-dolar\u00f3w-kary-dla-Facebooka-WhatsApp-zacznie-zarabia\u0107.jpg\" \/>\n\t<meta property=\"og:image:width\" content=\"1280\" \/>\n\t<meta property=\"og:image:height\" content=\"724\" \/>\n\t<meta property=\"og:image:type\" content=\"image\/jpeg\" \/>\n<meta name=\"author\" content=\"Legiobiznes.pl\" \/>\n<meta name=\"twitter:card\" content=\"summary_large_image\" \/>\n<meta name=\"twitter:creator\" content=\"@LegioBiznesPL\" \/>\n<meta name=\"twitter:site\" content=\"@LegioBiznesPL\" \/>\n<meta name=\"twitter:label1\" content=\"Napisane przez\" \/>\n\t<meta name=\"twitter:data1\" content=\"Legiobiznes.pl\" \/>\n\t<meta name=\"twitter:label2\" content=\"Szacowany czas czytania\" \/>\n\t<meta name=\"twitter:data2\" content=\"9 minut\" \/>\n<script type=\"application\/ld+json\" class=\"yoast-schema-graph\">{\"@context\":\"https:\\\/\\\/schema.org\",\"@graph\":[{\"@type\":\"Article\",\"@id\":\"https:\\\/\\\/legiobiznes.pl\\\/I\\\/brazylijski-nastolatek-popelnil-samobojstwo-na-tiktoku-550-milionow-dolarow-kary-dla-facebooka-whatsapp-zacznie-zarabiac\\\/#article\",\"isPartOf\":{\"@id\":\"https:\\\/\\\/legiobiznes.pl\\\/I\\\/brazylijski-nastolatek-popelnil-samobojstwo-na-tiktoku-550-milionow-dolarow-kary-dla-facebooka-whatsapp-zacznie-zarabiac\\\/\"},\"author\":{\"name\":\"Legiobiznes.pl\",\"@id\":\"https:\\\/\\\/legiobiznes.pl\\\/I\\\/#\\\/schema\\\/person\\\/33c4505a5d28a7c944baf038996052d4\"},\"headline\":\"Brazylijski nastolatek pope\u0142ni\u0142 samob\u00f3jstwo na TikToku! 550 milion\u00f3w dolar\u00f3w kary dla Facebooka! WhatsApp zacznie zarabia\u0107\",\"datePublished\":\"2020-02-14T09:45:32+00:00\",\"dateModified\":\"2024-10-25T08:46:35+00:00\",\"mainEntityOfPage\":{\"@id\":\"https:\\\/\\\/legiobiznes.pl\\\/I\\\/brazylijski-nastolatek-popelnil-samobojstwo-na-tiktoku-550-milionow-dolarow-kary-dla-facebooka-whatsapp-zacznie-zarabiac\\\/\"},\"wordCount\":1834,\"commentCount\":0,\"publisher\":{\"@id\":\"https:\\\/\\\/legiobiznes.pl\\\/I\\\/#organization\"},\"image\":{\"@id\":\"https:\\\/\\\/legiobiznes.pl\\\/I\\\/brazylijski-nastolatek-popelnil-samobojstwo-na-tiktoku-550-milionow-dolarow-kary-dla-facebooka-whatsapp-zacznie-zarabiac\\\/#primaryimage\"},\"thumbnailUrl\":\"https:\\\/\\\/legiobiznes.pl\\\/I\\\/wp-content\\\/uploads\\\/2020\\\/02\\\/Brazylijski-nastolatek-pope\u0142ni\u0142-samob\u00f3jstwo-na-TikToku-550-milion\u00f3w-dolar\u00f3w-kary-dla-Facebooka-WhatsApp-zacznie-zarabia\u0107.jpg\",\"keywords\":[\"Facebook\",\"Instagram\",\"koronawirus\",\"Remarketing\",\"TikTok\",\"Twitter\",\"WhatsApp\"],\"articleSection\":[\"Social Media\"],\"inLanguage\":\"pl-PL\",\"potentialAction\":[{\"@type\":\"CommentAction\",\"name\":\"Comment\",\"target\":[\"https:\\\/\\\/legiobiznes.pl\\\/I\\\/brazylijski-nastolatek-popelnil-samobojstwo-na-tiktoku-550-milionow-dolarow-kary-dla-facebooka-whatsapp-zacznie-zarabiac\\\/#respond\"]}]},{\"@type\":\"WebPage\",\"@id\":\"https:\\\/\\\/legiobiznes.pl\\\/I\\\/brazylijski-nastolatek-popelnil-samobojstwo-na-tiktoku-550-milionow-dolarow-kary-dla-facebooka-whatsapp-zacznie-zarabiac\\\/\",\"url\":\"https:\\\/\\\/legiobiznes.pl\\\/I\\\/brazylijski-nastolatek-popelnil-samobojstwo-na-tiktoku-550-milionow-dolarow-kary-dla-facebooka-whatsapp-zacznie-zarabiac\\\/\",\"name\":\"Brazylijski nastolatek pope\u0142ni\u0142 samob\u00f3jstwo na TikToku! 550 milion\u00f3w dolar\u00f3w kary dla Facebooka! WhatsApp zacznie zarabia\u0107 &#187; Legiobiznes.pl\",\"isPartOf\":{\"@id\":\"https:\\\/\\\/legiobiznes.pl\\\/I\\\/#website\"},\"primaryImageOfPage\":{\"@id\":\"https:\\\/\\\/legiobiznes.pl\\\/I\\\/brazylijski-nastolatek-popelnil-samobojstwo-na-tiktoku-550-milionow-dolarow-kary-dla-facebooka-whatsapp-zacznie-zarabiac\\\/#primaryimage\"},\"image\":{\"@id\":\"https:\\\/\\\/legiobiznes.pl\\\/I\\\/brazylijski-nastolatek-popelnil-samobojstwo-na-tiktoku-550-milionow-dolarow-kary-dla-facebooka-whatsapp-zacznie-zarabiac\\\/#primaryimage\"},\"thumbnailUrl\":\"https:\\\/\\\/legiobiznes.pl\\\/I\\\/wp-content\\\/uploads\\\/2020\\\/02\\\/Brazylijski-nastolatek-pope\u0142ni\u0142-samob\u00f3jstwo-na-TikToku-550-milion\u00f3w-dolar\u00f3w-kary-dla-Facebooka-WhatsApp-zacznie-zarabia\u0107.jpg\",\"datePublished\":\"2020-02-14T09:45:32+00:00\",\"dateModified\":\"2024-10-25T08:46:35+00:00\",\"description\":\"Brazylijski nastolatek pope\u0142ni\u0142 samob\u00f3jstwo na TikToku! 550 milion\u00f3w dolar\u00f3w kary dla Facebooka! WhatsApp zacznie zarabia\u0107\",\"breadcrumb\":{\"@id\":\"https:\\\/\\\/legiobiznes.pl\\\/I\\\/brazylijski-nastolatek-popelnil-samobojstwo-na-tiktoku-550-milionow-dolarow-kary-dla-facebooka-whatsapp-zacznie-zarabiac\\\/#breadcrumb\"},\"inLanguage\":\"pl-PL\",\"potentialAction\":[{\"@type\":\"ReadAction\",\"target\":[\"https:\\\/\\\/legiobiznes.pl\\\/I\\\/brazylijski-nastolatek-popelnil-samobojstwo-na-tiktoku-550-milionow-dolarow-kary-dla-facebooka-whatsapp-zacznie-zarabiac\\\/\"]}]},{\"@type\":\"ImageObject\",\"inLanguage\":\"pl-PL\",\"@id\":\"https:\\\/\\\/legiobiznes.pl\\\/I\\\/brazylijski-nastolatek-popelnil-samobojstwo-na-tiktoku-550-milionow-dolarow-kary-dla-facebooka-whatsapp-zacznie-zarabiac\\\/#primaryimage\",\"url\":\"https:\\\/\\\/legiobiznes.pl\\\/I\\\/wp-content\\\/uploads\\\/2020\\\/02\\\/Brazylijski-nastolatek-pope\u0142ni\u0142-samob\u00f3jstwo-na-TikToku-550-milion\u00f3w-dolar\u00f3w-kary-dla-Facebooka-WhatsApp-zacznie-zarabia\u0107.jpg\",\"contentUrl\":\"https:\\\/\\\/legiobiznes.pl\\\/I\\\/wp-content\\\/uploads\\\/2020\\\/02\\\/Brazylijski-nastolatek-pope\u0142ni\u0142-samob\u00f3jstwo-na-TikToku-550-milion\u00f3w-dolar\u00f3w-kary-dla-Facebooka-WhatsApp-zacznie-zarabia\u0107.jpg\",\"width\":1280,\"height\":724,\"caption\":\"Brazylijski nastolatek pope\u0142ni\u0142 samob\u00f3jstwo na TikToku! 550 milion\u00f3w dolar\u00f3w kary dla Facebooka! WhatsApp zacznie zarabia\u0107\"},{\"@type\":\"BreadcrumbList\",\"@id\":\"https:\\\/\\\/legiobiznes.pl\\\/I\\\/brazylijski-nastolatek-popelnil-samobojstwo-na-tiktoku-550-milionow-dolarow-kary-dla-facebooka-whatsapp-zacznie-zarabiac\\\/#breadcrumb\",\"itemListElement\":[{\"@type\":\"ListItem\",\"position\":1,\"name\":\"Strona g\u0142\u00f3wna\",\"item\":\"https:\\\/\\\/legiobiznes.pl\\\/I\\\/\"},{\"@type\":\"ListItem\",\"position\":2,\"name\":\"Brazylijski nastolatek pope\u0142ni\u0142 samob\u00f3jstwo na TikToku! 550 milion\u00f3w dolar\u00f3w kary dla Facebooka! WhatsApp zacznie zarabia\u0107\"}]},{\"@type\":\"WebSite\",\"@id\":\"https:\\\/\\\/legiobiznes.pl\\\/I\\\/#website\",\"url\":\"https:\\\/\\\/legiobiznes.pl\\\/I\\\/\",\"name\":\"Legiobiznes.pl\",\"description\":\"Kryptowaluty, Bezpiecze\u0144stwo IT, E-biznes | LegioBiznes.PL\",\"publisher\":{\"@id\":\"https:\\\/\\\/legiobiznes.pl\\\/I\\\/#organization\"},\"potentialAction\":[{\"@type\":\"SearchAction\",\"target\":{\"@type\":\"EntryPoint\",\"urlTemplate\":\"https:\\\/\\\/legiobiznes.pl\\\/I\\\/?s={search_term_string}\"},\"query-input\":{\"@type\":\"PropertyValueSpecification\",\"valueRequired\":true,\"valueName\":\"search_term_string\"}}],\"inLanguage\":\"pl-PL\"},{\"@type\":\"Organization\",\"@id\":\"https:\\\/\\\/legiobiznes.pl\\\/I\\\/#organization\",\"name\":\"LegioBiznes.PL\",\"url\":\"https:\\\/\\\/legiobiznes.pl\\\/I\\\/\",\"logo\":{\"@type\":\"ImageObject\",\"inLanguage\":\"pl-PL\",\"@id\":\"https:\\\/\\\/legiobiznes.pl\\\/I\\\/#\\\/schema\\\/logo\\\/image\\\/\",\"url\":\"https:\\\/\\\/legiobiznes.pl\\\/I\\\/wp-content\\\/uploads\\\/2017\\\/08\\\/legiobiznespl-logo2-e1503834302371.png\",\"contentUrl\":\"https:\\\/\\\/legiobiznes.pl\\\/I\\\/wp-content\\\/uploads\\\/2017\\\/08\\\/legiobiznespl-logo2-e1503834302371.png\",\"width\":180,\"height\":76,\"caption\":\"LegioBiznes.PL\"},\"image\":{\"@id\":\"https:\\\/\\\/legiobiznes.pl\\\/I\\\/#\\\/schema\\\/logo\\\/image\\\/\"},\"sameAs\":[\"https:\\\/\\\/www.facebook.com\\\/LegioBiznes\\\/\",\"https:\\\/\\\/x.com\\\/LegioBiznesPL\",\"https:\\\/\\\/www.youtube.com\\\/channel\\\/UCEhszB39vxk96yIXD-jOORw\"]},{\"@type\":\"Person\",\"@id\":\"https:\\\/\\\/legiobiznes.pl\\\/I\\\/#\\\/schema\\\/person\\\/33c4505a5d28a7c944baf038996052d4\",\"name\":\"Legiobiznes.pl\",\"image\":{\"@type\":\"ImageObject\",\"inLanguage\":\"pl-PL\",\"@id\":\"https:\\\/\\\/legiobiznes.pl\\\/I\\\/wp-content\\\/uploads\\\/2019\\\/07\\\/favicon-Legiobiznes-150x150.png\",\"url\":\"https:\\\/\\\/legiobiznes.pl\\\/I\\\/wp-content\\\/uploads\\\/2019\\\/07\\\/favicon-Legiobiznes-150x150.png\",\"contentUrl\":\"https:\\\/\\\/legiobiznes.pl\\\/I\\\/wp-content\\\/uploads\\\/2019\\\/07\\\/favicon-Legiobiznes-150x150.png\",\"caption\":\"Legiobiznes.pl\"},\"description\":\"Budowa i tworzenie profesjonalnych, responsywnych (RWD) stron www. Pozycjonowanie SEO, sklepy internetowe eSklep...\",\"url\":\"https:\\\/\\\/legiobiznes.pl\\\/I\\\/author\\\/boss\\\/\"}]}<\/script>\n<!-- \/ Yoast SEO plugin. -->","yoast_head_json":{"title":"Brazylijski nastolatek pope\u0142ni\u0142 samob\u00f3jstwo na TikToku! 550 milion\u00f3w dolar\u00f3w kary dla Facebooka! WhatsApp zacznie zarabia\u0107 &#187; Legiobiznes.pl","description":"Brazylijski nastolatek pope\u0142ni\u0142 samob\u00f3jstwo na TikToku! 550 milion\u00f3w dolar\u00f3w kary dla Facebooka! WhatsApp zacznie zarabia\u0107","robots":{"index":"index","follow":"follow","max-snippet":"max-snippet:-1","max-image-preview":"max-image-preview:large","max-video-preview":"max-video-preview:-1"},"canonical":"https:\/\/legiobiznes.pl\/I\/brazylijski-nastolatek-popelnil-samobojstwo-na-tiktoku-550-milionow-dolarow-kary-dla-facebooka-whatsapp-zacznie-zarabiac\/","og_locale":"pl_PL","og_type":"article","og_title":"Brazylijski nastolatek pope\u0142ni\u0142 samob\u00f3jstwo na TikToku! 550 milion\u00f3w dolar\u00f3w kary dla Facebooka! WhatsApp zacznie zarabia\u0107 &#187; Legiobiznes.pl","og_description":"Brazylijski nastolatek pope\u0142ni\u0142 samob\u00f3jstwo na TikToku! 550 milion\u00f3w dolar\u00f3w kary dla Facebooka! WhatsApp zacznie zarabia\u0107","og_url":"https:\/\/legiobiznes.pl\/I\/brazylijski-nastolatek-popelnil-samobojstwo-na-tiktoku-550-milionow-dolarow-kary-dla-facebooka-whatsapp-zacznie-zarabiac\/","og_site_name":"Legiobiznes.pl","article_publisher":"https:\/\/www.facebook.com\/LegioBiznes\/","article_published_time":"2020-02-14T09:45:32+00:00","article_modified_time":"2024-10-25T08:46:35+00:00","og_image":[{"width":1280,"height":724,"url":"https:\/\/legiobiznes.pl\/I\/wp-content\/uploads\/2020\/02\/Brazylijski-nastolatek-pope\u0142ni\u0142-samob\u00f3jstwo-na-TikToku-550-milion\u00f3w-dolar\u00f3w-kary-dla-Facebooka-WhatsApp-zacznie-zarabia\u0107.jpg","type":"image\/jpeg"}],"author":"Legiobiznes.pl","twitter_card":"summary_large_image","twitter_creator":"@LegioBiznesPL","twitter_site":"@LegioBiznesPL","twitter_misc":{"Napisane przez":"Legiobiznes.pl","Szacowany czas czytania":"9 minut"},"schema":{"@context":"https:\/\/schema.org","@graph":[{"@type":"Article","@id":"https:\/\/legiobiznes.pl\/I\/brazylijski-nastolatek-popelnil-samobojstwo-na-tiktoku-550-milionow-dolarow-kary-dla-facebooka-whatsapp-zacznie-zarabiac\/#article","isPartOf":{"@id":"https:\/\/legiobiznes.pl\/I\/brazylijski-nastolatek-popelnil-samobojstwo-na-tiktoku-550-milionow-dolarow-kary-dla-facebooka-whatsapp-zacznie-zarabiac\/"},"author":{"name":"Legiobiznes.pl","@id":"https:\/\/legiobiznes.pl\/I\/#\/schema\/person\/33c4505a5d28a7c944baf038996052d4"},"headline":"Brazylijski nastolatek pope\u0142ni\u0142 samob\u00f3jstwo na TikToku! 550 milion\u00f3w dolar\u00f3w kary dla Facebooka! WhatsApp zacznie zarabia\u0107","datePublished":"2020-02-14T09:45:32+00:00","dateModified":"2024-10-25T08:46:35+00:00","mainEntityOfPage":{"@id":"https:\/\/legiobiznes.pl\/I\/brazylijski-nastolatek-popelnil-samobojstwo-na-tiktoku-550-milionow-dolarow-kary-dla-facebooka-whatsapp-zacznie-zarabiac\/"},"wordCount":1834,"commentCount":0,"publisher":{"@id":"https:\/\/legiobiznes.pl\/I\/#organization"},"image":{"@id":"https:\/\/legiobiznes.pl\/I\/brazylijski-nastolatek-popelnil-samobojstwo-na-tiktoku-550-milionow-dolarow-kary-dla-facebooka-whatsapp-zacznie-zarabiac\/#primaryimage"},"thumbnailUrl":"https:\/\/legiobiznes.pl\/I\/wp-content\/uploads\/2020\/02\/Brazylijski-nastolatek-pope\u0142ni\u0142-samob\u00f3jstwo-na-TikToku-550-milion\u00f3w-dolar\u00f3w-kary-dla-Facebooka-WhatsApp-zacznie-zarabia\u0107.jpg","keywords":["Facebook","Instagram","koronawirus","Remarketing","TikTok","Twitter","WhatsApp"],"articleSection":["Social Media"],"inLanguage":"pl-PL","potentialAction":[{"@type":"CommentAction","name":"Comment","target":["https:\/\/legiobiznes.pl\/I\/brazylijski-nastolatek-popelnil-samobojstwo-na-tiktoku-550-milionow-dolarow-kary-dla-facebooka-whatsapp-zacznie-zarabiac\/#respond"]}]},{"@type":"WebPage","@id":"https:\/\/legiobiznes.pl\/I\/brazylijski-nastolatek-popelnil-samobojstwo-na-tiktoku-550-milionow-dolarow-kary-dla-facebooka-whatsapp-zacznie-zarabiac\/","url":"https:\/\/legiobiznes.pl\/I\/brazylijski-nastolatek-popelnil-samobojstwo-na-tiktoku-550-milionow-dolarow-kary-dla-facebooka-whatsapp-zacznie-zarabiac\/","name":"Brazylijski nastolatek pope\u0142ni\u0142 samob\u00f3jstwo na TikToku! 550 milion\u00f3w dolar\u00f3w kary dla Facebooka! WhatsApp zacznie zarabia\u0107 &#187; Legiobiznes.pl","isPartOf":{"@id":"https:\/\/legiobiznes.pl\/I\/#website"},"primaryImageOfPage":{"@id":"https:\/\/legiobiznes.pl\/I\/brazylijski-nastolatek-popelnil-samobojstwo-na-tiktoku-550-milionow-dolarow-kary-dla-facebooka-whatsapp-zacznie-zarabiac\/#primaryimage"},"image":{"@id":"https:\/\/legiobiznes.pl\/I\/brazylijski-nastolatek-popelnil-samobojstwo-na-tiktoku-550-milionow-dolarow-kary-dla-facebooka-whatsapp-zacznie-zarabiac\/#primaryimage"},"thumbnailUrl":"https:\/\/legiobiznes.pl\/I\/wp-content\/uploads\/2020\/02\/Brazylijski-nastolatek-pope\u0142ni\u0142-samob\u00f3jstwo-na-TikToku-550-milion\u00f3w-dolar\u00f3w-kary-dla-Facebooka-WhatsApp-zacznie-zarabia\u0107.jpg","datePublished":"2020-02-14T09:45:32+00:00","dateModified":"2024-10-25T08:46:35+00:00","description":"Brazylijski nastolatek pope\u0142ni\u0142 samob\u00f3jstwo na TikToku! 550 milion\u00f3w dolar\u00f3w kary dla Facebooka! WhatsApp zacznie zarabia\u0107","breadcrumb":{"@id":"https:\/\/legiobiznes.pl\/I\/brazylijski-nastolatek-popelnil-samobojstwo-na-tiktoku-550-milionow-dolarow-kary-dla-facebooka-whatsapp-zacznie-zarabiac\/#breadcrumb"},"inLanguage":"pl-PL","potentialAction":[{"@type":"ReadAction","target":["https:\/\/legiobiznes.pl\/I\/brazylijski-nastolatek-popelnil-samobojstwo-na-tiktoku-550-milionow-dolarow-kary-dla-facebooka-whatsapp-zacznie-zarabiac\/"]}]},{"@type":"ImageObject","inLanguage":"pl-PL","@id":"https:\/\/legiobiznes.pl\/I\/brazylijski-nastolatek-popelnil-samobojstwo-na-tiktoku-550-milionow-dolarow-kary-dla-facebooka-whatsapp-zacznie-zarabiac\/#primaryimage","url":"https:\/\/legiobiznes.pl\/I\/wp-content\/uploads\/2020\/02\/Brazylijski-nastolatek-pope\u0142ni\u0142-samob\u00f3jstwo-na-TikToku-550-milion\u00f3w-dolar\u00f3w-kary-dla-Facebooka-WhatsApp-zacznie-zarabia\u0107.jpg","contentUrl":"https:\/\/legiobiznes.pl\/I\/wp-content\/uploads\/2020\/02\/Brazylijski-nastolatek-pope\u0142ni\u0142-samob\u00f3jstwo-na-TikToku-550-milion\u00f3w-dolar\u00f3w-kary-dla-Facebooka-WhatsApp-zacznie-zarabia\u0107.jpg","width":1280,"height":724,"caption":"Brazylijski nastolatek pope\u0142ni\u0142 samob\u00f3jstwo na TikToku! 550 milion\u00f3w dolar\u00f3w kary dla Facebooka! WhatsApp zacznie zarabia\u0107"},{"@type":"BreadcrumbList","@id":"https:\/\/legiobiznes.pl\/I\/brazylijski-nastolatek-popelnil-samobojstwo-na-tiktoku-550-milionow-dolarow-kary-dla-facebooka-whatsapp-zacznie-zarabiac\/#breadcrumb","itemListElement":[{"@type":"ListItem","position":1,"name":"Strona g\u0142\u00f3wna","item":"https:\/\/legiobiznes.pl\/I\/"},{"@type":"ListItem","position":2,"name":"Brazylijski nastolatek pope\u0142ni\u0142 samob\u00f3jstwo na TikToku! 550 milion\u00f3w dolar\u00f3w kary dla Facebooka! WhatsApp zacznie zarabia\u0107"}]},{"@type":"WebSite","@id":"https:\/\/legiobiznes.pl\/I\/#website","url":"https:\/\/legiobiznes.pl\/I\/","name":"Legiobiznes.pl","description":"Kryptowaluty, Bezpiecze\u0144stwo IT, E-biznes | LegioBiznes.PL","publisher":{"@id":"https:\/\/legiobiznes.pl\/I\/#organization"},"potentialAction":[{"@type":"SearchAction","target":{"@type":"EntryPoint","urlTemplate":"https:\/\/legiobiznes.pl\/I\/?s={search_term_string}"},"query-input":{"@type":"PropertyValueSpecification","valueRequired":true,"valueName":"search_term_string"}}],"inLanguage":"pl-PL"},{"@type":"Organization","@id":"https:\/\/legiobiznes.pl\/I\/#organization","name":"LegioBiznes.PL","url":"https:\/\/legiobiznes.pl\/I\/","logo":{"@type":"ImageObject","inLanguage":"pl-PL","@id":"https:\/\/legiobiznes.pl\/I\/#\/schema\/logo\/image\/","url":"https:\/\/legiobiznes.pl\/I\/wp-content\/uploads\/2017\/08\/legiobiznespl-logo2-e1503834302371.png","contentUrl":"https:\/\/legiobiznes.pl\/I\/wp-content\/uploads\/2017\/08\/legiobiznespl-logo2-e1503834302371.png","width":180,"height":76,"caption":"LegioBiznes.PL"},"image":{"@id":"https:\/\/legiobiznes.pl\/I\/#\/schema\/logo\/image\/"},"sameAs":["https:\/\/www.facebook.com\/LegioBiznes\/","https:\/\/x.com\/LegioBiznesPL","https:\/\/www.youtube.com\/channel\/UCEhszB39vxk96yIXD-jOORw"]},{"@type":"Person","@id":"https:\/\/legiobiznes.pl\/I\/#\/schema\/person\/33c4505a5d28a7c944baf038996052d4","name":"Legiobiznes.pl","image":{"@type":"ImageObject","inLanguage":"pl-PL","@id":"https:\/\/legiobiznes.pl\/I\/wp-content\/uploads\/2019\/07\/favicon-Legiobiznes-150x150.png","url":"https:\/\/legiobiznes.pl\/I\/wp-content\/uploads\/2019\/07\/favicon-Legiobiznes-150x150.png","contentUrl":"https:\/\/legiobiznes.pl\/I\/wp-content\/uploads\/2019\/07\/favicon-Legiobiznes-150x150.png","caption":"Legiobiznes.pl"},"description":"Budowa i tworzenie profesjonalnych, responsywnych (RWD) stron www. Pozycjonowanie SEO, sklepy internetowe eSklep...","url":"https:\/\/legiobiznes.pl\/I\/author\/boss\/"}]}},"_links":{"self":[{"href":"https:\/\/legiobiznes.pl\/I\/wp-json\/wp\/v2\/posts\/1243001","targetHints":{"allow":["GET"]}}],"collection":[{"href":"https:\/\/legiobiznes.pl\/I\/wp-json\/wp\/v2\/posts"}],"about":[{"href":"https:\/\/legiobiznes.pl\/I\/wp-json\/wp\/v2\/types\/post"}],"author":[{"embeddable":true,"href":"https:\/\/legiobiznes.pl\/I\/wp-json\/wp\/v2\/users\/1"}],"replies":[{"embeddable":true,"href":"https:\/\/legiobiznes.pl\/I\/wp-json\/wp\/v2\/comments?post=1243001"}],"version-history":[{"count":1,"href":"https:\/\/legiobiznes.pl\/I\/wp-json\/wp\/v2\/posts\/1243001\/revisions"}],"predecessor-version":[{"id":1656699,"href":"https:\/\/legiobiznes.pl\/I\/wp-json\/wp\/v2\/posts\/1243001\/revisions\/1656699"}],"wp:featuredmedia":[{"embeddable":true,"href":"https:\/\/legiobiznes.pl\/I\/wp-json\/wp\/v2\/media\/1243002"}],"wp:attachment":[{"href":"https:\/\/legiobiznes.pl\/I\/wp-json\/wp\/v2\/media?parent=1243001"}],"wp:term":[{"taxonomy":"category","embeddable":true,"href":"https:\/\/legiobiznes.pl\/I\/wp-json\/wp\/v2\/categories?post=1243001"},{"taxonomy":"post_tag","embeddable":true,"href":"https:\/\/legiobiznes.pl\/I\/wp-json\/wp\/v2\/tags?post=1243001"}],"curies":[{"name":"wp","href":"https:\/\/api.w.org\/{rel}","templated":true}]}}