{"id":1257260,"date":"2020-04-06T16:08:38","date_gmt":"2020-04-06T14:08:38","guid":{"rendered":"https:\/\/legiobiznes.pl\/I\/?p=1257260"},"modified":"2020-04-06T16:08:38","modified_gmt":"2020-04-06T14:08:38","slug":"tarcza-antykryzysowa-jakie-wsparcie-od-zus-tarcza-antykryzysowa-weszla-w-zycie-jak-zawiesic-dzialalnosc-firmy-z-powodu-koronawirusa","status":"publish","type":"post","link":"https:\/\/legiobiznes.pl\/I\/tarcza-antykryzysowa-jakie-wsparcie-od-zus-tarcza-antykryzysowa-weszla-w-zycie-jak-zawiesic-dzialalnosc-firmy-z-powodu-koronawirusa\/","title":{"rendered":"Tarcza Antykryzysowa, jakie wsparcie od ZUS? Tarcza antykryzysowa wesz\u0142a w \u017cycie! Jak zawiesi\u0107 dzia\u0142alno\u015b\u0107 firmy z powodu koronawirusa?"},"content":{"rendered":"<h2 class=\"jeg_post_title\"><strong>Tarcza Antykryzysowa: jakie wsparcie od ZUS mo\u017cesz otrzyma\u0107?<\/strong><\/h2>\n<h4>W dniu 1 kwietnia 2020 roku wesz\u0142y w \u017cycie regulacje zwi\u0105zane z ochron\u0105 zatrudnienia oraz zmniejszeniem obci\u0105\u017ce\u0144 i zachowaniu p\u0142ynno\u015bci finansowej w firmach. Regulacje te s\u0105 cz\u0119\u015bci\u0105 sk\u0142adow\u0105 Tarczy Antykryzysowej. Wsparcie jakie mo\u017cna otrzyma\u0107 z ZUS to mi\u0119dzy innymi:<\/h4>\n<p><!-- Pula: Marketing \/\/--><br \/>\n<script type=\"text\/javascript\">\n    document.write(unescape('%3Cscript type=\"text\/javascript\" src=\"' + document.location.protocol + \n    '\/\/ec.bankier.pl\/show2\/MzIxMjAsMjUzMjIsNDE4NzY\/' + Math.random() + '\/'+ '\"%3E%3C\/script%3E'));\n<\/script><\/p>\n<h4><strong><span id=\"ZwolnienieUmorzenie_z_oplacania_skladek_za_marzec_kwiecien_i_maj_2020\">Zwolnienie\/Umorzenie z op\u0142acania sk\u0142adek za marzec, kwiecie\u0144 i maj 2020:<\/span><\/strong><\/h4>\n<ul>\n<li>Zwolnienie dotyczy sk\u0142adek na : spo\u0142eczne, zdrowotne, Fundusz Pracy, Fundusz Solidarno\u015bciowy, FG\u015aP, FEP<\/li>\n<li>dotyczy ma\u0142ych firm zatrudniaj\u0105cych do 9 os\u00f3b,<\/li>\n<li>zwolnienie dotyczy przedsi\u0119biorcy i os\u00f3b dla niego pracuj\u0105cych,<\/li>\n<li>ze zwolnienia mo\u017ce tak\u017ce skorzysta\u0107 samozatrudniony z przychodem do 15.681 z\u0142 (300% wynagrodzenia przeci\u0119tnego),<\/li>\n<li>Wniosek RDZ,<\/li>\n<li>Ze zwolnienia ze sk\u0142adek nie skorzystaj\u0105 firmy, kt\u00f3re znajdowa\u0142y si\u0119 w trudnej sytuacji w grudniu 2019 r. i nie regulowa\u0142y nale\u017cno\u015bci, w tym sk\u0142adek pobieranych przez ZUS. Wynika to z regulacji UE,<\/li>\n<li>Podstawa prawna: 31 z o ust. 1 i ust 2&#8230;<\/li>\n<\/ul>\n<a href=\"https:\/\/bitcoin.pl\/tarcza-antykryzysowa-jakie-wsparcie-od-zus-mozesz-otrzymasz\/\" target=\"_blank\" class=\"shortc-button medium red \">Wi\u0119cej dowiesz si\u0119 u \u017ar\u00f3d\u0142a &gt;<\/a>\n<h2><strong>Premier Morawiecki: Zwolnienie ze sk\u0142adek ZUS ju\u017c od 1 kwietnia<\/strong><\/h2>\n<h4>Zwolnienie sk\u0142adek ZUS oraz inne rozwi\u0105zania pakietu antykryzysowego zaczn\u0105 obowi\u0105zywa\u0107 od 1 kwietnia. Tak\u0105 deklaracj\u0119 z\u0142o\u017cy\u0142 premier Mateusz Morawiecki na wtorkowej konferencji.<\/h4>\n<p>Premier na wsp\u00f3lnej konferencji z ministrem zdrowia og\u0142osili nowe obostrzenia wprowadzone na terenie kraju. Opr\u00f3cz nowych zasad funkcjonowania spo\u0142ecze\u0144stwa Mateusz Morawiecki wskaza\u0142 tak\u017ce termin, od kt\u00f3rego osoby prowadz\u0105ce w\u0142asny biznes b\u0119d\u0105 mog\u0142y korzysta\u0107 z rozwi\u0105za\u0144 pakietu antykryzysowego. Wed\u0142ug zapewnie\u0144 premiera wszystkie zapowiedziane programy pomocowe zaczn\u0105 obowi\u0105zywa\u0107 od 1 kwietnia&#8230;<\/p>\n<a href=\"https:\/\/mambiznes.pl\/wlasny-biznes\/premier-morawiecki-zwolnienie-ze-skladek-zus-juz-1-kwietnia-98841\" target=\"_blank\" class=\"shortc-button medium red \">Wi\u0119cej dowiesz si\u0119 u \u017ar\u00f3d\u0142a &gt;<\/a>\n<h2><strong>Tarcza antykryzysowa wesz\u0142a w \u017cycie<\/strong><\/h2>\n<h4>Od dzi\u015b obowi\u0105zuje pakiet ustaw sk\u0142adaj\u0105cych si\u0119 na tarcz\u0119 antykryzysow\u0105, kt\u00f3r\u0105 we wtorek podpisa\u0142 prezydent Andrzej Duda. W ramach nich mo\u017cna znale\u017a\u0107 takie rozwi\u0105zania jak dop\u0142ata do wynagrodzenia pracownik\u00f3w, czy te\u017c zwolnienie z ZUS.<\/h4>\n<p>W Dzienniku Ustaw nowelizacja ustaw w zakresie systemu ochrony zdrowia, zwi\u0105zanych z zapobieganiem, przeciwdzia\u0142aniem i zwalczaniem COVID-19. Ta regulacja wchodzi w sk\u0142ad tzw. tarczy antykryzysowej&#8230;<\/p>\n<a href=\"https:\/\/mambiznes.pl\/wlasny-biznes\/tarcza-antykryzysowa-weszla-zycie-99018\" target=\"_blank\" class=\"shortc-button medium red \">Wi\u0119cej dowiesz si\u0119 u \u017ar\u00f3d\u0142a &gt;<\/a>\n<h2><strong>Jak zawiesi\u0107 dzia\u0142alno\u015b\u0107 firmy z powodu koronawirusa?<\/strong><\/h2>\n<h4>Zawieszenie dzia\u0142alno\u015bci cz\u0119sto podyktowane jest trudn\u0105 sytuacj\u0105 firmy. Z regu\u0142y nie jest to prosta decyzja, jednak niejednokrotnie mo\u017ce j\u0105 uchroni\u0107 przed ca\u0142kowitym upadkiem. Jest to mo\u017cliwe, \u017ce dzi\u0119ki temu nie b\u0119d\u0105 ponoszone koszty. Warto podkre\u015bli\u0107, \u017ce nie w ka\u017cdym przypadku taka decyzja b\u0119dzie w\u0142a\u015bciwa.<\/h4>\n<p>Skorzystanie z opcji zawieszania dzia\u0142alno\u015bci gospodarczej mo\u017ce skutkowa\u0107 tym, i\u017c nie b\u0119dzie mo\u017cna wykorzysta\u0107 wszelkich form pomocowych. Co wi\u0119cej, w tym czasie firma nie osi\u0105ga \u017cadnych przychod\u00f3w, co wi\u0119cej takie dzia\u0142anie mo\u017ce zosta\u0107 negatywnie odebrane przez kontrahent\u00f3w&#8230;<\/p>\n<a href=\"https:\/\/mambiznes.pl\/poradniki\/zawiesic-dzialalnosc-firmy-powodu-koronawirusa-98909\" target=\"_blank\" class=\"shortc-button medium red \">Wi\u0119cej dowiesz si\u0119 u \u017ar\u00f3d\u0142a &gt;<\/a>\n<h2><strong>Kt\u00f3re sk\u0142adki na ZUS mog\u0105 by\u0107 zawieszone, w zwi\u0105zku z koronawirusem?<\/strong><\/h2>\n<h4>Koronawirus w Polsce pogorszy\u0142 kondycj\u0119 wielu polskich przedsi\u0119biorc\u00f3w. Jednak rozwi\u0105zania wprowadzone przez tzw. tarcz\u0119 antykryzysow\u0105, maj\u0105 temu przeciwdzia\u0142a\u0107. Jednym z rozwi\u0105za\u0144 jest odroczenie, a nawet zwolnienie z p\u0142atno\u015bci sk\u0142adek ZUS.<\/h4>\n<p>Na nasz\u0105 skrzynk\u0119\u00a0<a href=\"mailto:kontakt@mambiznes.pl\">kontakt@mambiznes.pl<\/a> trafia wiele pyta\u0144 dotycz\u0105cych tzw. tarczy antykryzysowej. Jednym z najcz\u0119\u015bciej pojawiaj\u0105cych si\u0119 pyta\u0144, jest kt\u00f3re ze sk\u0142adek na ZUS mog\u0105 by\u0107 zawieszone. Zgodnie z projektem ustawy o zmianie ustawy o szczeg\u00f3lnych rozwi\u0105zaniach zwi\u0105zanych z zapobieganiem, przeciwdzia\u0142aniem i zwalczaniem COVID-19, innych chor\u00f3b zaka\u017anych oraz wywo\u0142anych nimi sytuacji kryzysowych oraz niekt\u00f3rych innych ustaw je\u015bli przedsi\u0119biorca zatrudnia do 9 pracownik\u00f3w mo\u017ce zawiesi\u0107 sk\u0142adki ZUS zar\u00f3wno za siebie, jak i pracownik\u00f3w&#8230;<\/p>\n<a href=\"https:\/\/mambiznes.pl\/poradniki\/ktore-skladki-zus-moga-byc-zawieszone-zwiazku-koronawirusem-98987\" target=\"_blank\" class=\"shortc-button medium red \">Wi\u0119cej dowiesz si\u0119 u \u017ar\u00f3d\u0142a &gt;<\/a>\n<p><center><!-- Pula: Marketing2 \/\/--><br \/>\n<script type=\"text\/javascript\">\n    document.write(unescape('%3Cscript type=\"text\/javascript\" src=\"' + document.location.protocol + \n    '\/\/ec.bankier.pl\/show2\/MzIxMjEsMjUzMjIsNDE4NzY\/' + Math.random() + '\/'+ '\"%3E%3C\/script%3E'));\n<\/script><\/center><\/p>\n<h2><strong>Jak uzyska\u0107 zwolnienie z ZUS z powodu koronawirusa?<\/strong><\/h2>\n<h4>Zwolnienie z p\u0142atno\u015bci sk\u0142adek ZUS to jedno z rozwi\u0105za\u0144 w tzw. tarczy antykryzysowej. Po spe\u0142nieniu odpowiedziach warunk\u00f3w przedsi\u0119biorca nie b\u0119dzie musia\u0142 p\u0142aci\u0142 sk\u0142adek przez 3 miesi\u0105ce. Wyja\u015bniamy, jaki wniosek nale\u017cy z\u0142o\u017cy\u0107 do ZUS.<\/h4>\n<p>Epidemia korononawirusa w Polsce, spowodowa\u0142a znacz\u0105cy spadek przychod\u00f3w wielu firm. W du\u017cej mierze spowodowane jest to nie tylko znacz\u0105cym spadkiem popytu, ale r\u00f3wnie\u017c wymogiem zamkni\u0119cia wielu punkt\u00f3w us\u0142ugowy, w celu ochrony ludzi przed kolejnymi zara\u017ceniami. Dlatego te\u017c powsta\u0142a tarczy antykryzysowa, czyli szereg ulg i zwolnie\u0144 podatkowych, kt\u00f3re maj\u0105 niwelowa\u0107 negatywne skutki pandemii koronawirusa. Jednym z rozwi\u0105za\u0144, jest odroczenie b\u0105d\u017a zwolnienie z p\u0142atno\u015bci sk\u0142adek ZUS&#8230;<\/p>\n<a href=\"https:\/\/mambiznes.pl\/poradniki\/uzyskac-zwolnienie-zus-powodu-koronawirusa-99028\" target=\"_blank\" class=\"shortc-button medium red \">Wi\u0119cej dowiesz si\u0119 u \u017ar\u00f3d\u0142a &gt;<\/a>\n<h2><strong>Uproszczony wniosek o odroczenie sk\u0142adek ZUS. Jak to wygl\u0105da?<\/strong><\/h2>\n<h4>Ju\u017c jest dost\u0119pny uproszczony wniosek o odroczenie sk\u0142adek ZUS na trzy miesi\u0105ce. Po fali krytyki ze strony przedsi\u0119biorc\u00f3w powsta\u0142a nowa, kr\u00f3tsza jego wersja. Wyja\u015bniamy jak odroczy\u0107 sk\u0142adki ZUS.<\/h4>\n<p>Przedsi\u0119biorcy nie byli zachwyceni ostatnimi wnioskami o odroczenie na 3 miesi\u0105ce sk\u0142adek ZUS. Wskazywali, i\u017c s\u0105 one bardzo d\u0142ugi i skomplikowane, przez co by\u0142o du\u017ce prawdopodobie\u0144stwo negatywnego rozpatrzenia sk\u0142adanego wniosku. Dlatego ZUS zdecydowa\u0142 przygotowa\u0107 nowy uproszczony wniosek o odroczenie sk\u0142adek ZUS. Tym bardziej, i\u017c UOKIK wyda\u0142 opini\u0119, \u017ce taka forma wsparcia nie jest pomoc\u0105 publiczn\u0105&#8230;<\/p>\n<a href=\"https:\/\/mambiznes.pl\/poradniki\/uproszczony-wniosek-o-odroczenie-skladek-zus-wyglada-98826\" target=\"_blank\" class=\"shortc-button medium red \">Wi\u0119cej dowiesz si\u0119 u \u017ar\u00f3d\u0142a &gt;<\/a>\n<h2><strong>Wa\u017cna zmiana dla ma\u0142ych i \u015brednich firm. PPK przesuni\u0119te<\/strong><\/h2>\n<h4>W tym roku ma\u0142e i\u00a0\u015brednie firmy musz\u0105 w\u0142\u0105czy\u0107 zatrudnionych do pracowniczych plan\u00f3w kapita\u0142owych. W zwi\u0105zku z\u00a0og\u0142oszon\u0105 pandemi\u0105 koronawirusa i\u00a0trudn\u0105 sytuacj\u0105 przedsi\u0119biorstw, na wniosek Polskiego Funduszu Rozwoju, terminy wdro\u017cenia programu mog\u0105 zosta\u0107 przesuni\u0119te o\u00a0p\u00f3\u0142 roku. Termin zawarcia umowy o\u00a0zarz\u0105dzanie PPK zosta\u0142by w\u00f3wczas wyd\u0142u\u017cony do 27 pa\u017adziernika, a zawarcia umowy o\u00a0prowadzenie\u00a0\u2013\u00a0do 10 listopada 2020 roku. Tym samym drugi i\u00a0trzeci etap PPK, kt\u00f3ry obejmie firmy zatrudniaj\u0105ce mi\u0119dzy 20 a 49 os\u00f3b, by\u0142yby prowadzone r\u00f3wnolegle.<\/h4>\n<p>Od pocz\u0105tku tego roku obowi\u0105zkiem wprowadzenia pracowniczych plan\u00f3w kapita\u0142owych obj\u0119te zosta\u0142y ma\u0142e i \u015brednie przedsi\u0119biorstwa, kt\u00f3re zatrudniaj\u0105 mi\u0119dzy 50 a 249 pracownik\u00f3w. Szacuje si\u0119, \u017ce takich firm jest w Polsce ok. 15 tys. Do 24 marca br. ta grupa pracodawc\u00f3w mia\u0142a podj\u0105\u0107 decyzj\u0119 o wyborze instytucji finansowej, kt\u00f3ra b\u0119dzie zarz\u0105dza\u0107 oszcz\u0119dno\u015bciami pracownik\u00f3w. W ostatnim czasie sytuacja na rynku zmienia si\u0119 dynamicznie pod wp\u0142ywem rozprzestrzeniaj\u0105cego si\u0119 wirusa SARS-CoV-2. PPK narzucaj\u0105 na firmy obowi\u0105zki, kt\u00f3re oznaczaj\u0105 dla nich r\u00f3wnie\u017c dodatkowe koszty&#8230;<\/p>\n<a href=\"https:\/\/mambiznes.pl\/wlasny-biznes\/wazna-zmiana-dla-malych-srednich-firm-ppk-przesuniete-98881\" target=\"_blank\" class=\"shortc-button medium red \">Wi\u0119cej dowiesz si\u0119 u \u017ar\u00f3d\u0142a &gt;<\/a>\n<h2><strong>W najbli\u017cszych dniach przedsi\u0119biorcy b\u0119d\u0105 decydowa\u0107 o utrzymaniu lub ci\u0119ciu etat\u00f3w<\/strong><\/h2>\n<h4>W kolejnych dniach przedsi\u0119biorcy musz\u0105 zdecydowa\u0107, czy sta\u0107 ich na przed\u0142u\u017canie um\u00f3w z\u00a0pracownikami. W skali najbli\u017cszego miesi\u0105ca zagro\u017cone s\u0105 setki tysi\u0119cy miejsc pracy \u2013 zauwa\u017ca Zwi\u0105zek Przedsi\u0119biorc\u00f3w i\u00a0Pracodawc\u00f3w. Ci\u0119\u0107 etat\u00f3w mo\u017cna spodziewa\u0107 si\u0119 zw\u0142aszcza w\u00a0bran\u017cach najbardziej zagro\u017conych bankructwem, czyli m.in. w\u00a0handlu, gastronomii czy turystyce. Wiele firm ju\u017c w\u00a0tej chwili ma ogromne problemy z\u00a0p\u0142ynno\u015bci\u0105, ale najwi\u0119kszej fali upad\u0142o\u015bci mo\u017cna spodziewa\u0107 si\u0119 na prze\u0142omie lata i\u00a0jesieni \u2013 prognozuj\u0105 eksperci kancelarii\u00a0Zimmerman i Wsp\u00f3lnicy&#8230;<\/h4>\n<a href=\"https:\/\/mambiznes.pl\/wlasny-biznes\/najblizszych-dniach-przedsiebiorcy-beda-decydowac-o-utrzymaniu-lub-cieciu-etatow-98919\" target=\"_blank\" class=\"shortc-button medium red \">Wi\u0119cej dowiesz si\u0119 u \u017ar\u00f3d\u0142a &gt;<\/a>\n<h2><strong>Czego potrzebuj\u0105 przedsi\u0119biorcy podczas kryzysu?<\/strong><\/h2>\n<h4>Do bran\u017c turystycznej i gastronomicznej, kt\u00f3re dotychczas najbardziej ucierpia\u0142y z powodu epidemii koronawirusa, szybko dochodz\u0105 kolejne. To przede wszystkim bran\u017ce us\u0142ugowe, kt\u00f3rych dzia\u0142alno\u015b\u0107 odbywa si\u0119 g\u0142\u00f3wnie w przestrzeni obcowania z klientem. To tak\u017ce firmy sprzedaj\u0105ce towary luksusowe, na kt\u00f3re drastycznie spada popyt w sytuacji kryzysu. Eksperci przewiduj\u0105, \u017ce bran\u017ca \u017cywieniowa poradzi sobie z trudn\u0105 sytuacj\u0105, ale mo\u017ce cierpie\u0107 na niedob\u00f3r pracownik\u00f3w. Jednak aby przest\u00f3j gospodarki nie spowodowa\u0142 upadku wi\u0119kszo\u015bci firm, pa\u0144stwo musi szybko przygotowa\u0107 odpowiedni pakiet pomocowy.<\/h4>\n<p>Rz\u0105d musi przygotowa\u0107 konkretne rozwi\u0105zania i propozycje, zmierzaj\u0105ce do ochrony miejsc pracy i przedsi\u0119biorc\u00f3w, zw\u0142aszcza tych ma\u0142ych i \u015brednich \u2013 powiedzia\u0142 serwisowi eNewsroom Marek Kowalski, przewodnicz\u0105cy Federacji Przedsi\u0119biorc\u00f3w Polskich. \u2013 Najwi\u0119ksz\u0105 trudno\u015bci\u0105 jest p\u0142ynno\u015b\u0107 finansowa. Op\u00f3\u017anienie p\u0142atno\u015bci za wykonywane zlecenia i umowy b\u0119dzie du\u017cym problemem dla wszystkich firm. Wiemy ju\u017c jednak, \u017ce rz\u0105d zaanga\u017cowa\u0142 sektor bankowy \u2013 kt\u00f3ry ma przygotowa\u0107 konkretne rozwi\u0105zania, by poprawi\u0107 sytuacj\u0119 przedsi\u0119biorc\u00f3w&#8230;<\/p>\n<a href=\"https:\/\/mambiznes.pl\/wlasny-biznes\/czego-potrzebuja-przedsiebiorcy-kryzysu-98980\" target=\"_blank\" class=\"shortc-button medium red \">Wi\u0119cej dowiesz si\u0119 u \u017ar\u00f3d\u0142a &gt;<\/a>\n<h2><strong>Jak uzyska\u0107 wsparcie finansowe od pa\u0144stwa na ratowanie firmy?<\/strong><\/h2>\n<h4>Koronawirus ma nie tylko aspekt zdrowotny, ale r\u00f3wnie\u017c gospodarczy. Przest\u00f3j powoduje pogorszenie p\u0142ynno\u015bci finansowej wielu firm, przez co staj\u0105 one niejednokrotnie na skraju bankructwa. Dlatego rz\u0105d w tzw. tarczy antykryzysowej przygotowa\u0142 nisko oprocentowane po\u017cyczki na ratowanie firm. Wyja\u015bniamy, jak uzyska\u0107 wsparcie finansowe do 5 tys. z\u0142 oraz kiedy nie trzeba go zwraca\u0107.<\/h4>\n<p>Nie tak dawno prezydent USA Donald Trump \u00a0w swoim wyst\u0105pieniu powiedzia\u0142, \u017ce kwarantanna zabije wi\u0119cej ludzi ni\u017c koronawirus. Je\u015bli mamy na my\u015bli liczb\u0119 m.in. upadk\u00f3w firm, to jak najbardziej jest to w\u0142a\u015bciwe okre\u015blenie. O problemach powodowanych przez \u201ezamkni\u0119cie kraju\u201d, polski biznes m\u00f3wi ju\u017c od kilkunastu dni. Wiele firm, by przetrwa\u0107, mo\u017ce zosta\u0107 zmuszona do podj\u0119cia do\u015b\u0107 drastycznego kroku jakim s\u0105 zwolnienia. To w\u0142a\u015bnie m.in. dla takich firm powsta\u0142a tzw.\u00a0tarcza antykryzysowa&#8230;<\/p>\n<a href=\"https:\/\/mambiznes.pl\/finansowanie\/uzyskac-wsparcie-finansowe-panstwa-ratowanie-firmy-98950\" target=\"_blank\" class=\"shortc-button medium red \">Wi\u0119cej dowiesz si\u0119 u \u017ar\u00f3d\u0142a &gt;<\/a>\n","protected":false},"excerpt":{"rendered":"<p>Tarcza Antykryzysowa: jakie wsparcie od ZUS mo\u017cesz otrzyma\u0107? W dniu 1 kwietnia 2020 roku wesz\u0142y w \u017cycie regulacje zwi\u0105zane z ochron\u0105 zatrudnienia oraz zmniejszeniem obci\u0105\u017ce\u0144 i zachowaniu p\u0142ynno\u015bci finansowej w firmach. Regulacje te s\u0105 cz\u0119\u015bci\u0105 sk\u0142adow\u0105 Tarczy Antykryzysowej. Wsparcie jakie mo\u017cna otrzyma\u0107 z ZUS to mi\u0119dzy innymi: Zwolnienie\/Umorzenie z op\u0142acania sk\u0142adek za marzec, kwiecie\u0144 i &hellip;<\/p>\n","protected":false},"author":1,"featured_media":1257261,"comment_status":"open","ping_status":"closed","sticky":false,"template":"","format":"standard","meta":{"footnotes":""},"categories":[1294],"tags":[6317,6383,6402,6403,6401,2478],"class_list":["post-1257260","post","type-post","status-publish","format-standard","has-post-thumbnail","","category-prawo","tag-koronawirus","tag-kryzys","tag-odroczenie-skladek-zus","tag-ppk","tag-tarcza-antykryzysowa","tag-zus"],"yoast_head":"<!-- This site is optimized with the Yoast SEO plugin v27.5 - https:\/\/yoast.com\/product\/yoast-seo-wordpress\/ -->\n<title>Tarcza Antykryzysowa, jakie wsparcie od ZUS? Tarcza antykryzysowa wesz\u0142a w \u017cycie! Jak zawiesi\u0107 dzia\u0142alno\u015b\u0107 firmy z powodu koronawirusa? &#187; Legiobiznes.pl<\/title>\n<meta name=\"description\" content=\"Tarcza Antykryzysowa, jakie wsparcie od ZUS? Tarcza antykryzysowa wesz\u0142a w \u017cycie! Jak zawiesi\u0107 dzia\u0142alno\u015b\u0107 firmy z powodu koronawirusa?\" \/>\n<meta name=\"robots\" content=\"index, follow, max-snippet:-1, max-image-preview:large, max-video-preview:-1\" \/>\n<link rel=\"canonical\" href=\"https:\/\/legiobiznes.pl\/I\/tarcza-antykryzysowa-jakie-wsparcie-od-zus-tarcza-antykryzysowa-weszla-w-zycie-jak-zawiesic-dzialalnosc-firmy-z-powodu-koronawirusa\/\" \/>\n<meta property=\"og:locale\" content=\"pl_PL\" \/>\n<meta property=\"og:type\" content=\"article\" \/>\n<meta property=\"og:title\" content=\"Tarcza Antykryzysowa, jakie wsparcie od ZUS? Tarcza antykryzysowa wesz\u0142a w \u017cycie! Jak zawiesi\u0107 dzia\u0142alno\u015b\u0107 firmy z powodu koronawirusa? &#187; Legiobiznes.pl\" \/>\n<meta property=\"og:description\" content=\"Tarcza Antykryzysowa, jakie wsparcie od ZUS? Tarcza antykryzysowa wesz\u0142a w \u017cycie! Jak zawiesi\u0107 dzia\u0142alno\u015b\u0107 firmy z powodu koronawirusa?\" \/>\n<meta property=\"og:url\" content=\"https:\/\/legiobiznes.pl\/I\/tarcza-antykryzysowa-jakie-wsparcie-od-zus-tarcza-antykryzysowa-weszla-w-zycie-jak-zawiesic-dzialalnosc-firmy-z-powodu-koronawirusa\/\" \/>\n<meta property=\"og:site_name\" content=\"Legiobiznes.pl\" \/>\n<meta property=\"article:publisher\" content=\"https:\/\/www.facebook.com\/LegioBiznes\/\" \/>\n<meta property=\"article:published_time\" content=\"2020-04-06T14:08:38+00:00\" \/>\n<meta property=\"og:image\" content=\"https:\/\/legiobiznes.pl\/I\/wp-content\/uploads\/2020\/04\/Tarcza-Antykryzysowa-jakie-wsparcie-od-ZUS-Tarcza-antykryzysowa-wesz\u0142a-w-\u017cycie-Jak-zawiesi\u0107-dzia\u0142alno\u015b\u0107-firmy-z-powodu-koronawirusa.jpg\" \/>\n\t<meta property=\"og:image:width\" content=\"1280\" \/>\n\t<meta property=\"og:image:height\" content=\"853\" \/>\n\t<meta property=\"og:image:type\" content=\"image\/jpeg\" \/>\n<meta name=\"author\" content=\"Legiobiznes.pl\" \/>\n<meta name=\"twitter:card\" content=\"summary_large_image\" \/>\n<meta name=\"twitter:creator\" content=\"@LegioBiznesPL\" \/>\n<meta name=\"twitter:site\" content=\"@LegioBiznesPL\" \/>\n<meta name=\"twitter:label1\" content=\"Napisane przez\" \/>\n\t<meta name=\"twitter:data1\" content=\"Legiobiznes.pl\" \/>\n\t<meta name=\"twitter:label2\" content=\"Szacowany czas czytania\" \/>\n\t<meta name=\"twitter:data2\" content=\"9 minut\" \/>\n<script type=\"application\/ld+json\" class=\"yoast-schema-graph\">{\"@context\":\"https:\\\/\\\/schema.org\",\"@graph\":[{\"@type\":\"Article\",\"@id\":\"https:\\\/\\\/legiobiznes.pl\\\/I\\\/tarcza-antykryzysowa-jakie-wsparcie-od-zus-tarcza-antykryzysowa-weszla-w-zycie-jak-zawiesic-dzialalnosc-firmy-z-powodu-koronawirusa\\\/#article\",\"isPartOf\":{\"@id\":\"https:\\\/\\\/legiobiznes.pl\\\/I\\\/tarcza-antykryzysowa-jakie-wsparcie-od-zus-tarcza-antykryzysowa-weszla-w-zycie-jak-zawiesic-dzialalnosc-firmy-z-powodu-koronawirusa\\\/\"},\"author\":{\"name\":\"Legiobiznes.pl\",\"@id\":\"https:\\\/\\\/legiobiznes.pl\\\/I\\\/#\\\/schema\\\/person\\\/33c4505a5d28a7c944baf038996052d4\"},\"headline\":\"Tarcza Antykryzysowa, jakie wsparcie od ZUS? Tarcza antykryzysowa wesz\u0142a w \u017cycie! Jak zawiesi\u0107 dzia\u0142alno\u015b\u0107 firmy z powodu koronawirusa?\",\"datePublished\":\"2020-04-06T14:08:38+00:00\",\"mainEntityOfPage\":{\"@id\":\"https:\\\/\\\/legiobiznes.pl\\\/I\\\/tarcza-antykryzysowa-jakie-wsparcie-od-zus-tarcza-antykryzysowa-weszla-w-zycie-jak-zawiesic-dzialalnosc-firmy-z-powodu-koronawirusa\\\/\"},\"wordCount\":1798,\"commentCount\":0,\"publisher\":{\"@id\":\"https:\\\/\\\/legiobiznes.pl\\\/I\\\/#organization\"},\"image\":{\"@id\":\"https:\\\/\\\/legiobiznes.pl\\\/I\\\/tarcza-antykryzysowa-jakie-wsparcie-od-zus-tarcza-antykryzysowa-weszla-w-zycie-jak-zawiesic-dzialalnosc-firmy-z-powodu-koronawirusa\\\/#primaryimage\"},\"thumbnailUrl\":\"https:\\\/\\\/legiobiznes.pl\\\/I\\\/wp-content\\\/uploads\\\/2020\\\/04\\\/Tarcza-Antykryzysowa-jakie-wsparcie-od-ZUS-Tarcza-antykryzysowa-wesz\u0142a-w-\u017cycie-Jak-zawiesi\u0107-dzia\u0142alno\u015b\u0107-firmy-z-powodu-koronawirusa.jpg\",\"keywords\":[\"koronawirus\",\"kryzys\",\"odroczenie sk\u0142adek ZUS\",\"PPK\",\"Tarcza Antykryzysowa\",\"ZUS\"],\"articleSection\":[\"Prawo\"],\"inLanguage\":\"pl-PL\",\"potentialAction\":[{\"@type\":\"CommentAction\",\"name\":\"Comment\",\"target\":[\"https:\\\/\\\/legiobiznes.pl\\\/I\\\/tarcza-antykryzysowa-jakie-wsparcie-od-zus-tarcza-antykryzysowa-weszla-w-zycie-jak-zawiesic-dzialalnosc-firmy-z-powodu-koronawirusa\\\/#respond\"]}]},{\"@type\":\"WebPage\",\"@id\":\"https:\\\/\\\/legiobiznes.pl\\\/I\\\/tarcza-antykryzysowa-jakie-wsparcie-od-zus-tarcza-antykryzysowa-weszla-w-zycie-jak-zawiesic-dzialalnosc-firmy-z-powodu-koronawirusa\\\/\",\"url\":\"https:\\\/\\\/legiobiznes.pl\\\/I\\\/tarcza-antykryzysowa-jakie-wsparcie-od-zus-tarcza-antykryzysowa-weszla-w-zycie-jak-zawiesic-dzialalnosc-firmy-z-powodu-koronawirusa\\\/\",\"name\":\"Tarcza Antykryzysowa, jakie wsparcie od ZUS? Tarcza antykryzysowa wesz\u0142a w \u017cycie! Jak zawiesi\u0107 dzia\u0142alno\u015b\u0107 firmy z powodu koronawirusa? &#187; Legiobiznes.pl\",\"isPartOf\":{\"@id\":\"https:\\\/\\\/legiobiznes.pl\\\/I\\\/#website\"},\"primaryImageOfPage\":{\"@id\":\"https:\\\/\\\/legiobiznes.pl\\\/I\\\/tarcza-antykryzysowa-jakie-wsparcie-od-zus-tarcza-antykryzysowa-weszla-w-zycie-jak-zawiesic-dzialalnosc-firmy-z-powodu-koronawirusa\\\/#primaryimage\"},\"image\":{\"@id\":\"https:\\\/\\\/legiobiznes.pl\\\/I\\\/tarcza-antykryzysowa-jakie-wsparcie-od-zus-tarcza-antykryzysowa-weszla-w-zycie-jak-zawiesic-dzialalnosc-firmy-z-powodu-koronawirusa\\\/#primaryimage\"},\"thumbnailUrl\":\"https:\\\/\\\/legiobiznes.pl\\\/I\\\/wp-content\\\/uploads\\\/2020\\\/04\\\/Tarcza-Antykryzysowa-jakie-wsparcie-od-ZUS-Tarcza-antykryzysowa-wesz\u0142a-w-\u017cycie-Jak-zawiesi\u0107-dzia\u0142alno\u015b\u0107-firmy-z-powodu-koronawirusa.jpg\",\"datePublished\":\"2020-04-06T14:08:38+00:00\",\"description\":\"Tarcza Antykryzysowa, jakie wsparcie od ZUS? Tarcza antykryzysowa wesz\u0142a w \u017cycie! Jak zawiesi\u0107 dzia\u0142alno\u015b\u0107 firmy z powodu koronawirusa?\",\"breadcrumb\":{\"@id\":\"https:\\\/\\\/legiobiznes.pl\\\/I\\\/tarcza-antykryzysowa-jakie-wsparcie-od-zus-tarcza-antykryzysowa-weszla-w-zycie-jak-zawiesic-dzialalnosc-firmy-z-powodu-koronawirusa\\\/#breadcrumb\"},\"inLanguage\":\"pl-PL\",\"potentialAction\":[{\"@type\":\"ReadAction\",\"target\":[\"https:\\\/\\\/legiobiznes.pl\\\/I\\\/tarcza-antykryzysowa-jakie-wsparcie-od-zus-tarcza-antykryzysowa-weszla-w-zycie-jak-zawiesic-dzialalnosc-firmy-z-powodu-koronawirusa\\\/\"]}]},{\"@type\":\"ImageObject\",\"inLanguage\":\"pl-PL\",\"@id\":\"https:\\\/\\\/legiobiznes.pl\\\/I\\\/tarcza-antykryzysowa-jakie-wsparcie-od-zus-tarcza-antykryzysowa-weszla-w-zycie-jak-zawiesic-dzialalnosc-firmy-z-powodu-koronawirusa\\\/#primaryimage\",\"url\":\"https:\\\/\\\/legiobiznes.pl\\\/I\\\/wp-content\\\/uploads\\\/2020\\\/04\\\/Tarcza-Antykryzysowa-jakie-wsparcie-od-ZUS-Tarcza-antykryzysowa-wesz\u0142a-w-\u017cycie-Jak-zawiesi\u0107-dzia\u0142alno\u015b\u0107-firmy-z-powodu-koronawirusa.jpg\",\"contentUrl\":\"https:\\\/\\\/legiobiznes.pl\\\/I\\\/wp-content\\\/uploads\\\/2020\\\/04\\\/Tarcza-Antykryzysowa-jakie-wsparcie-od-ZUS-Tarcza-antykryzysowa-wesz\u0142a-w-\u017cycie-Jak-zawiesi\u0107-dzia\u0142alno\u015b\u0107-firmy-z-powodu-koronawirusa.jpg\",\"width\":1280,\"height\":853,\"caption\":\"Tarcza Antykryzysowa, jakie wsparcie od ZUS Tarcza antykryzysowa wesz\u0142a w \u017cycie! Jak zawiesi\u0107 dzia\u0142alno\u015b\u0107 firmy z powodu koronawirusa\"},{\"@type\":\"BreadcrumbList\",\"@id\":\"https:\\\/\\\/legiobiznes.pl\\\/I\\\/tarcza-antykryzysowa-jakie-wsparcie-od-zus-tarcza-antykryzysowa-weszla-w-zycie-jak-zawiesic-dzialalnosc-firmy-z-powodu-koronawirusa\\\/#breadcrumb\",\"itemListElement\":[{\"@type\":\"ListItem\",\"position\":1,\"name\":\"Strona g\u0142\u00f3wna\",\"item\":\"https:\\\/\\\/legiobiznes.pl\\\/I\\\/\"},{\"@type\":\"ListItem\",\"position\":2,\"name\":\"Tarcza Antykryzysowa, jakie wsparcie od ZUS? Tarcza antykryzysowa wesz\u0142a w \u017cycie! Jak zawiesi\u0107 dzia\u0142alno\u015b\u0107 firmy z powodu koronawirusa?\"}]},{\"@type\":\"WebSite\",\"@id\":\"https:\\\/\\\/legiobiznes.pl\\\/I\\\/#website\",\"url\":\"https:\\\/\\\/legiobiznes.pl\\\/I\\\/\",\"name\":\"Legiobiznes.pl\",\"description\":\"Kryptowaluty, Bezpiecze\u0144stwo IT, E-biznes | LegioBiznes.PL\",\"publisher\":{\"@id\":\"https:\\\/\\\/legiobiznes.pl\\\/I\\\/#organization\"},\"potentialAction\":[{\"@type\":\"SearchAction\",\"target\":{\"@type\":\"EntryPoint\",\"urlTemplate\":\"https:\\\/\\\/legiobiznes.pl\\\/I\\\/?s={search_term_string}\"},\"query-input\":{\"@type\":\"PropertyValueSpecification\",\"valueRequired\":true,\"valueName\":\"search_term_string\"}}],\"inLanguage\":\"pl-PL\"},{\"@type\":\"Organization\",\"@id\":\"https:\\\/\\\/legiobiznes.pl\\\/I\\\/#organization\",\"name\":\"LegioBiznes.PL\",\"url\":\"https:\\\/\\\/legiobiznes.pl\\\/I\\\/\",\"logo\":{\"@type\":\"ImageObject\",\"inLanguage\":\"pl-PL\",\"@id\":\"https:\\\/\\\/legiobiznes.pl\\\/I\\\/#\\\/schema\\\/logo\\\/image\\\/\",\"url\":\"https:\\\/\\\/legiobiznes.pl\\\/I\\\/wp-content\\\/uploads\\\/2017\\\/08\\\/legiobiznespl-logo2-e1503834302371.png\",\"contentUrl\":\"https:\\\/\\\/legiobiznes.pl\\\/I\\\/wp-content\\\/uploads\\\/2017\\\/08\\\/legiobiznespl-logo2-e1503834302371.png\",\"width\":180,\"height\":76,\"caption\":\"LegioBiznes.PL\"},\"image\":{\"@id\":\"https:\\\/\\\/legiobiznes.pl\\\/I\\\/#\\\/schema\\\/logo\\\/image\\\/\"},\"sameAs\":[\"https:\\\/\\\/www.facebook.com\\\/LegioBiznes\\\/\",\"https:\\\/\\\/x.com\\\/LegioBiznesPL\",\"https:\\\/\\\/www.youtube.com\\\/channel\\\/UCEhszB39vxk96yIXD-jOORw\"]},{\"@type\":\"Person\",\"@id\":\"https:\\\/\\\/legiobiznes.pl\\\/I\\\/#\\\/schema\\\/person\\\/33c4505a5d28a7c944baf038996052d4\",\"name\":\"Legiobiznes.pl\",\"image\":{\"@type\":\"ImageObject\",\"inLanguage\":\"pl-PL\",\"@id\":\"https:\\\/\\\/legiobiznes.pl\\\/I\\\/wp-content\\\/uploads\\\/2019\\\/07\\\/favicon-Legiobiznes-150x150.png\",\"url\":\"https:\\\/\\\/legiobiznes.pl\\\/I\\\/wp-content\\\/uploads\\\/2019\\\/07\\\/favicon-Legiobiznes-150x150.png\",\"contentUrl\":\"https:\\\/\\\/legiobiznes.pl\\\/I\\\/wp-content\\\/uploads\\\/2019\\\/07\\\/favicon-Legiobiznes-150x150.png\",\"caption\":\"Legiobiznes.pl\"},\"description\":\"Budowa i tworzenie profesjonalnych, responsywnych (RWD) stron www. Pozycjonowanie SEO, sklepy internetowe eSklep...\",\"url\":\"https:\\\/\\\/legiobiznes.pl\\\/I\\\/author\\\/boss\\\/\"}]}<\/script>\n<!-- \/ Yoast SEO plugin. -->","yoast_head_json":{"title":"Tarcza Antykryzysowa, jakie wsparcie od ZUS? Tarcza antykryzysowa wesz\u0142a w \u017cycie! Jak zawiesi\u0107 dzia\u0142alno\u015b\u0107 firmy z powodu koronawirusa? &#187; Legiobiznes.pl","description":"Tarcza Antykryzysowa, jakie wsparcie od ZUS? Tarcza antykryzysowa wesz\u0142a w \u017cycie! Jak zawiesi\u0107 dzia\u0142alno\u015b\u0107 firmy z powodu koronawirusa?","robots":{"index":"index","follow":"follow","max-snippet":"max-snippet:-1","max-image-preview":"max-image-preview:large","max-video-preview":"max-video-preview:-1"},"canonical":"https:\/\/legiobiznes.pl\/I\/tarcza-antykryzysowa-jakie-wsparcie-od-zus-tarcza-antykryzysowa-weszla-w-zycie-jak-zawiesic-dzialalnosc-firmy-z-powodu-koronawirusa\/","og_locale":"pl_PL","og_type":"article","og_title":"Tarcza Antykryzysowa, jakie wsparcie od ZUS? Tarcza antykryzysowa wesz\u0142a w \u017cycie! Jak zawiesi\u0107 dzia\u0142alno\u015b\u0107 firmy z powodu koronawirusa? &#187; Legiobiznes.pl","og_description":"Tarcza Antykryzysowa, jakie wsparcie od ZUS? Tarcza antykryzysowa wesz\u0142a w \u017cycie! Jak zawiesi\u0107 dzia\u0142alno\u015b\u0107 firmy z powodu koronawirusa?","og_url":"https:\/\/legiobiznes.pl\/I\/tarcza-antykryzysowa-jakie-wsparcie-od-zus-tarcza-antykryzysowa-weszla-w-zycie-jak-zawiesic-dzialalnosc-firmy-z-powodu-koronawirusa\/","og_site_name":"Legiobiznes.pl","article_publisher":"https:\/\/www.facebook.com\/LegioBiznes\/","article_published_time":"2020-04-06T14:08:38+00:00","og_image":[{"width":1280,"height":853,"url":"https:\/\/legiobiznes.pl\/I\/wp-content\/uploads\/2020\/04\/Tarcza-Antykryzysowa-jakie-wsparcie-od-ZUS-Tarcza-antykryzysowa-wesz\u0142a-w-\u017cycie-Jak-zawiesi\u0107-dzia\u0142alno\u015b\u0107-firmy-z-powodu-koronawirusa.jpg","type":"image\/jpeg"}],"author":"Legiobiznes.pl","twitter_card":"summary_large_image","twitter_creator":"@LegioBiznesPL","twitter_site":"@LegioBiznesPL","twitter_misc":{"Napisane przez":"Legiobiznes.pl","Szacowany czas czytania":"9 minut"},"schema":{"@context":"https:\/\/schema.org","@graph":[{"@type":"Article","@id":"https:\/\/legiobiznes.pl\/I\/tarcza-antykryzysowa-jakie-wsparcie-od-zus-tarcza-antykryzysowa-weszla-w-zycie-jak-zawiesic-dzialalnosc-firmy-z-powodu-koronawirusa\/#article","isPartOf":{"@id":"https:\/\/legiobiznes.pl\/I\/tarcza-antykryzysowa-jakie-wsparcie-od-zus-tarcza-antykryzysowa-weszla-w-zycie-jak-zawiesic-dzialalnosc-firmy-z-powodu-koronawirusa\/"},"author":{"name":"Legiobiznes.pl","@id":"https:\/\/legiobiznes.pl\/I\/#\/schema\/person\/33c4505a5d28a7c944baf038996052d4"},"headline":"Tarcza Antykryzysowa, jakie wsparcie od ZUS? Tarcza antykryzysowa wesz\u0142a w \u017cycie! Jak zawiesi\u0107 dzia\u0142alno\u015b\u0107 firmy z powodu koronawirusa?","datePublished":"2020-04-06T14:08:38+00:00","mainEntityOfPage":{"@id":"https:\/\/legiobiznes.pl\/I\/tarcza-antykryzysowa-jakie-wsparcie-od-zus-tarcza-antykryzysowa-weszla-w-zycie-jak-zawiesic-dzialalnosc-firmy-z-powodu-koronawirusa\/"},"wordCount":1798,"commentCount":0,"publisher":{"@id":"https:\/\/legiobiznes.pl\/I\/#organization"},"image":{"@id":"https:\/\/legiobiznes.pl\/I\/tarcza-antykryzysowa-jakie-wsparcie-od-zus-tarcza-antykryzysowa-weszla-w-zycie-jak-zawiesic-dzialalnosc-firmy-z-powodu-koronawirusa\/#primaryimage"},"thumbnailUrl":"https:\/\/legiobiznes.pl\/I\/wp-content\/uploads\/2020\/04\/Tarcza-Antykryzysowa-jakie-wsparcie-od-ZUS-Tarcza-antykryzysowa-wesz\u0142a-w-\u017cycie-Jak-zawiesi\u0107-dzia\u0142alno\u015b\u0107-firmy-z-powodu-koronawirusa.jpg","keywords":["koronawirus","kryzys","odroczenie sk\u0142adek ZUS","PPK","Tarcza Antykryzysowa","ZUS"],"articleSection":["Prawo"],"inLanguage":"pl-PL","potentialAction":[{"@type":"CommentAction","name":"Comment","target":["https:\/\/legiobiznes.pl\/I\/tarcza-antykryzysowa-jakie-wsparcie-od-zus-tarcza-antykryzysowa-weszla-w-zycie-jak-zawiesic-dzialalnosc-firmy-z-powodu-koronawirusa\/#respond"]}]},{"@type":"WebPage","@id":"https:\/\/legiobiznes.pl\/I\/tarcza-antykryzysowa-jakie-wsparcie-od-zus-tarcza-antykryzysowa-weszla-w-zycie-jak-zawiesic-dzialalnosc-firmy-z-powodu-koronawirusa\/","url":"https:\/\/legiobiznes.pl\/I\/tarcza-antykryzysowa-jakie-wsparcie-od-zus-tarcza-antykryzysowa-weszla-w-zycie-jak-zawiesic-dzialalnosc-firmy-z-powodu-koronawirusa\/","name":"Tarcza Antykryzysowa, jakie wsparcie od ZUS? Tarcza antykryzysowa wesz\u0142a w \u017cycie! Jak zawiesi\u0107 dzia\u0142alno\u015b\u0107 firmy z powodu koronawirusa? &#187; Legiobiznes.pl","isPartOf":{"@id":"https:\/\/legiobiznes.pl\/I\/#website"},"primaryImageOfPage":{"@id":"https:\/\/legiobiznes.pl\/I\/tarcza-antykryzysowa-jakie-wsparcie-od-zus-tarcza-antykryzysowa-weszla-w-zycie-jak-zawiesic-dzialalnosc-firmy-z-powodu-koronawirusa\/#primaryimage"},"image":{"@id":"https:\/\/legiobiznes.pl\/I\/tarcza-antykryzysowa-jakie-wsparcie-od-zus-tarcza-antykryzysowa-weszla-w-zycie-jak-zawiesic-dzialalnosc-firmy-z-powodu-koronawirusa\/#primaryimage"},"thumbnailUrl":"https:\/\/legiobiznes.pl\/I\/wp-content\/uploads\/2020\/04\/Tarcza-Antykryzysowa-jakie-wsparcie-od-ZUS-Tarcza-antykryzysowa-wesz\u0142a-w-\u017cycie-Jak-zawiesi\u0107-dzia\u0142alno\u015b\u0107-firmy-z-powodu-koronawirusa.jpg","datePublished":"2020-04-06T14:08:38+00:00","description":"Tarcza Antykryzysowa, jakie wsparcie od ZUS? Tarcza antykryzysowa wesz\u0142a w \u017cycie! Jak zawiesi\u0107 dzia\u0142alno\u015b\u0107 firmy z powodu koronawirusa?","breadcrumb":{"@id":"https:\/\/legiobiznes.pl\/I\/tarcza-antykryzysowa-jakie-wsparcie-od-zus-tarcza-antykryzysowa-weszla-w-zycie-jak-zawiesic-dzialalnosc-firmy-z-powodu-koronawirusa\/#breadcrumb"},"inLanguage":"pl-PL","potentialAction":[{"@type":"ReadAction","target":["https:\/\/legiobiznes.pl\/I\/tarcza-antykryzysowa-jakie-wsparcie-od-zus-tarcza-antykryzysowa-weszla-w-zycie-jak-zawiesic-dzialalnosc-firmy-z-powodu-koronawirusa\/"]}]},{"@type":"ImageObject","inLanguage":"pl-PL","@id":"https:\/\/legiobiznes.pl\/I\/tarcza-antykryzysowa-jakie-wsparcie-od-zus-tarcza-antykryzysowa-weszla-w-zycie-jak-zawiesic-dzialalnosc-firmy-z-powodu-koronawirusa\/#primaryimage","url":"https:\/\/legiobiznes.pl\/I\/wp-content\/uploads\/2020\/04\/Tarcza-Antykryzysowa-jakie-wsparcie-od-ZUS-Tarcza-antykryzysowa-wesz\u0142a-w-\u017cycie-Jak-zawiesi\u0107-dzia\u0142alno\u015b\u0107-firmy-z-powodu-koronawirusa.jpg","contentUrl":"https:\/\/legiobiznes.pl\/I\/wp-content\/uploads\/2020\/04\/Tarcza-Antykryzysowa-jakie-wsparcie-od-ZUS-Tarcza-antykryzysowa-wesz\u0142a-w-\u017cycie-Jak-zawiesi\u0107-dzia\u0142alno\u015b\u0107-firmy-z-powodu-koronawirusa.jpg","width":1280,"height":853,"caption":"Tarcza Antykryzysowa, jakie wsparcie od ZUS Tarcza antykryzysowa wesz\u0142a w \u017cycie! Jak zawiesi\u0107 dzia\u0142alno\u015b\u0107 firmy z powodu koronawirusa"},{"@type":"BreadcrumbList","@id":"https:\/\/legiobiznes.pl\/I\/tarcza-antykryzysowa-jakie-wsparcie-od-zus-tarcza-antykryzysowa-weszla-w-zycie-jak-zawiesic-dzialalnosc-firmy-z-powodu-koronawirusa\/#breadcrumb","itemListElement":[{"@type":"ListItem","position":1,"name":"Strona g\u0142\u00f3wna","item":"https:\/\/legiobiznes.pl\/I\/"},{"@type":"ListItem","position":2,"name":"Tarcza Antykryzysowa, jakie wsparcie od ZUS? Tarcza antykryzysowa wesz\u0142a w \u017cycie! Jak zawiesi\u0107 dzia\u0142alno\u015b\u0107 firmy z powodu koronawirusa?"}]},{"@type":"WebSite","@id":"https:\/\/legiobiznes.pl\/I\/#website","url":"https:\/\/legiobiznes.pl\/I\/","name":"Legiobiznes.pl","description":"Kryptowaluty, Bezpiecze\u0144stwo IT, E-biznes | LegioBiznes.PL","publisher":{"@id":"https:\/\/legiobiznes.pl\/I\/#organization"},"potentialAction":[{"@type":"SearchAction","target":{"@type":"EntryPoint","urlTemplate":"https:\/\/legiobiznes.pl\/I\/?s={search_term_string}"},"query-input":{"@type":"PropertyValueSpecification","valueRequired":true,"valueName":"search_term_string"}}],"inLanguage":"pl-PL"},{"@type":"Organization","@id":"https:\/\/legiobiznes.pl\/I\/#organization","name":"LegioBiznes.PL","url":"https:\/\/legiobiznes.pl\/I\/","logo":{"@type":"ImageObject","inLanguage":"pl-PL","@id":"https:\/\/legiobiznes.pl\/I\/#\/schema\/logo\/image\/","url":"https:\/\/legiobiznes.pl\/I\/wp-content\/uploads\/2017\/08\/legiobiznespl-logo2-e1503834302371.png","contentUrl":"https:\/\/legiobiznes.pl\/I\/wp-content\/uploads\/2017\/08\/legiobiznespl-logo2-e1503834302371.png","width":180,"height":76,"caption":"LegioBiznes.PL"},"image":{"@id":"https:\/\/legiobiznes.pl\/I\/#\/schema\/logo\/image\/"},"sameAs":["https:\/\/www.facebook.com\/LegioBiznes\/","https:\/\/x.com\/LegioBiznesPL","https:\/\/www.youtube.com\/channel\/UCEhszB39vxk96yIXD-jOORw"]},{"@type":"Person","@id":"https:\/\/legiobiznes.pl\/I\/#\/schema\/person\/33c4505a5d28a7c944baf038996052d4","name":"Legiobiznes.pl","image":{"@type":"ImageObject","inLanguage":"pl-PL","@id":"https:\/\/legiobiznes.pl\/I\/wp-content\/uploads\/2019\/07\/favicon-Legiobiznes-150x150.png","url":"https:\/\/legiobiznes.pl\/I\/wp-content\/uploads\/2019\/07\/favicon-Legiobiznes-150x150.png","contentUrl":"https:\/\/legiobiznes.pl\/I\/wp-content\/uploads\/2019\/07\/favicon-Legiobiznes-150x150.png","caption":"Legiobiznes.pl"},"description":"Budowa i tworzenie profesjonalnych, responsywnych (RWD) stron www. Pozycjonowanie SEO, sklepy internetowe eSklep...","url":"https:\/\/legiobiznes.pl\/I\/author\/boss\/"}]}},"_links":{"self":[{"href":"https:\/\/legiobiznes.pl\/I\/wp-json\/wp\/v2\/posts\/1257260","targetHints":{"allow":["GET"]}}],"collection":[{"href":"https:\/\/legiobiznes.pl\/I\/wp-json\/wp\/v2\/posts"}],"about":[{"href":"https:\/\/legiobiznes.pl\/I\/wp-json\/wp\/v2\/types\/post"}],"author":[{"embeddable":true,"href":"https:\/\/legiobiznes.pl\/I\/wp-json\/wp\/v2\/users\/1"}],"replies":[{"embeddable":true,"href":"https:\/\/legiobiznes.pl\/I\/wp-json\/wp\/v2\/comments?post=1257260"}],"version-history":[{"count":0,"href":"https:\/\/legiobiznes.pl\/I\/wp-json\/wp\/v2\/posts\/1257260\/revisions"}],"wp:featuredmedia":[{"embeddable":true,"href":"https:\/\/legiobiznes.pl\/I\/wp-json\/wp\/v2\/media\/1257261"}],"wp:attachment":[{"href":"https:\/\/legiobiznes.pl\/I\/wp-json\/wp\/v2\/media?parent=1257260"}],"wp:term":[{"taxonomy":"category","embeddable":true,"href":"https:\/\/legiobiznes.pl\/I\/wp-json\/wp\/v2\/categories?post=1257260"},{"taxonomy":"post_tag","embeddable":true,"href":"https:\/\/legiobiznes.pl\/I\/wp-json\/wp\/v2\/tags?post=1257260"}],"curies":[{"name":"wp","href":"https:\/\/api.w.org\/{rel}","templated":true}]}}