{"id":1331869,"date":"2020-12-21T16:22:05","date_gmt":"2020-12-21T14:22:05","guid":{"rendered":"https:\/\/legiobiznes.pl\/I\/?p=1331869"},"modified":"2025-11-28T11:47:33","modified_gmt":"2025-11-28T09:47:33","slug":"facebook-wylaczyl-niektore-funkcje-na-messengerze-i-instagramie-jak-za-pomoca-facebooka-wspierac-organizacje-facebook-polaczenie-konta-z-instagramem","status":"publish","type":"post","link":"https:\/\/legiobiznes.pl\/I\/facebook-wylaczyl-niektore-funkcje-na-messengerze-i-instagramie-jak-za-pomoca-facebooka-wspierac-organizacje-facebook-polaczenie-konta-z-instagramem\/","title":{"rendered":"Facebook wy\u0142\u0105czy\u0142 niekt\u00f3re funkcje na Messengerze i Instagramie. Jak za pomoc\u0105 Facebooka wspiera\u0107 organizacje. Facebook po\u0142\u0105czenie konta z Instagramem"},"content":{"rendered":"<h2 class=\"contentHeader\"><strong>Facebook wy\u0142\u0105czy\u0142 niekt\u00f3re funkcje na Messengerze i Instagramie w zwi\u0105zku z now\u0105, unijn\u0105 dyrektyw\u0105<\/strong><\/h2>\n<h4>Od kilku dni na Instagramie oraz Messengerze wy\u015bwietla si\u0119 komunikat, m\u00f3wi\u0105cy o tym, \u017ce niekt\u00f3re funkcjonalno\u015bci na tych platformach zosta\u0142y wy\u0142\u0105czone. Jest to zwi\u0105zane z now\u0105, unijn\u0105 dyrektyw\u0105 dotycz\u0105c\u0105 prywatno\u015bci u\u017cytkownik\u00f3w.<\/h4>\n<p>Osoby korzystaj\u0105ce z Messengera oraz Instagrama z pewno\u015bci\u0105 kilka dni temu (a dok\u0142adnie 16 grudnia br.) natkn\u0119\u0142y si\u0119 na tajemniczy komunikat, m\u00f3wi\u0105cy o tym, \u017ce niekt\u00f3re funkcje zosta\u0142y wy\u0142\u0105czone \u2013 chodzi m.in. o sondy w czatach grupowych czy te\u017c ustawianie pseudonim\u00f3w innym u\u017cytkownikom w s\u0142ynnym komunikatorze. Na Instagramie natomiast zablokowane zosta\u0142y niekt\u00f3re opcje w Stories&#8230;<\/p>\n<a href=\"https:\/\/nowymarketing.pl\/a\/30295,facebook-wylaczyl-niektore-funkcje-na-messengerze-i-instagramie-w-zwiazku-z-nowa-unijna-dyrektywa?utm_source=feedburner&amp;utm_medium=feed&amp;utm_campaign=Feed%3A+nowymarketing%2Ffeed+%28NowyMarketing.pl%29\" target=\"_blank\" class=\"shortc-button medium red \">Wi\u0119cej dowiesz si\u0119 u \u017ar\u00f3d\u0142a &gt;<\/a>\n<h2 class=\"alt-font text-extra-dark-gray font-weight-600 no-margin-bottom text-uppercase\"><strong>FACEBOOK POZWANY. AMERYKA\u0143SKIE W\u0141ADZE OSKAR\u017bAJ\u0104 GO O NIELEGALNE ZWALCZANIE KONKURENT\u00d3W<\/strong><\/h2>\n<h4>Federalna Komisja Handlu (FTC) i ponad 45 prokurator\u00f3w stanowych pozwa\u0142y Facebooka, oskar\u017caj\u0105c go nielegalne dzia\u0142ania w celu zwalczania konkurencji. Nad firm\u0105, mimo \u017ce do rozstrzygni\u0119cia sporu daleka droga, zawis\u0142a gro\u017aba podzia\u0142u.\u00a0Czy Facebook, kt\u00f3ry jest w\u0142a\u015bcicielem tak\u017ce Instagrama oraz WhatsAppa, b\u0119dzie musia\u0142 sprzeda\u0107 cz\u0119\u015b\u0107 aktyw\u00f3w i podzieli\u0107 si\u0119 na kilka mniejszych podmiot\u00f3w?<\/h4>\n<p>Facebookowi zarzucane s\u0105 r\u00f3wnie\u017c blokowanie dost\u0119pu do witryn, kt\u00f3re serwis uwa\u017ca za zagro\u017cenie dla swojej dominuj\u0105cej pozycji, oraz &#8211; oczywi\u015bcie &#8211; naruszanie prywatno\u015bci u\u017cytkownik\u00f3w. To ostatnie zreszt\u0105 nie pierwszy raz, bo ju\u017c rok temu Federalna Komisja Handlu na\u0142o\u017cy\u0142a na Facebook kar\u0119 w wysoko\u015bci 5 mld dolar\u00f3w&#8230;<\/p>\n<a href=\"https:\/\/interaktywnie.com\/biznes\/newsy\/biznes\/facebook-pozwany-amerykanskie-wladze-oskarzaja-go-o-nielegalne-zwalczanie-konkurentow-260742?utm_source=feedburner&amp;utm_medium=feed&amp;utm_campaign=Feed%3A+Interaktywnie+%28Interaktywnie.com%29\" target=\"_blank\" class=\"shortc-button medium red \">Wi\u0119cej dowiesz si\u0119 u \u017ar\u00f3d\u0142a &gt;<\/a>\n<h2><strong>Jak za pomoc\u0105 Facebooka wspiera\u0107 organizacje i zbi\u00f3rki charytatywne<\/strong><\/h2>\n<h4>Wspieranie potrzebuj\u0105cych ludzi oraz instytucji jest niezwykle proste i mo\u017cna tego dokona\u0107 nawet za pomoc takich portali spo\u0142eczno\u015bciowych, jak Facebook. Jak to zrobi\u0107? To proste.<\/h4>\n<p><strong>Pomaganie innym jest prostsze, ni\u017c mog\u0142oby si\u0119 wydawa\u0107<\/strong>\u00a0na pierwszy rzut oka. W obecnych, skomputeryzowanych czasach, gdy du\u017ca cz\u0119\u015b\u0107 naszego \u017cycia i spraw codziennych przenios\u0142a si\u0119 ju\u017c do sieci,\u00a0<strong>przy pomocy internetu mo\u017cemy nawet zmienia\u0107 ludzkie losy<\/strong>. Jak tego dokona\u0107? Cho\u0107by z pomoc\u0105 popularnych serwis\u00f3w spo\u0142eczno\u015bciowy, jak m.in. Facebook. Poniewa\u017c c\u00f3\u017c innego zagwarantuje tak\u00a0<strong>szerokie i szybkie rozprzestrzenianie informacji spo\u0142ecznych<\/strong>, jak platforma s\u0142u\u017c\u0105ca stricte do ich wymiany&#8230;<\/p>\n<a href=\"https:\/\/www.pcworld.pl\/news\/Jak-za-pomoca-Facebooka-wspierac-organizacje-i-zbiorki-charytatywne,424349.html\" target=\"_blank\" class=\"shortc-button medium red \">Wi\u0119cej dowiesz si\u0119 u \u017ar\u00f3d\u0142a &gt;<\/a>\n<h2><strong>Facebook &#8211; jak po\u0142\u0105czy\u0107 konto z Instagramem [Poradnik]<\/strong><\/h2>\n<h4>Dzi\u0119ki znajduj\u0105cej si\u0119 na platformie Facebook opcji, mo\u017cemy po\u0142\u0105czy\u0107 swoj\u0105 stron\u0119 z kontem na serwisie Instagram. Jak to zrobi\u0107? Podpowiadamy.<\/h4>\n<p>Media spo\u0142eczno\u015bciowe to istny labirynt, w kt\u00f3rym czasami ci\u0119\u017cko si\u0119 porusza\u0107 nawet osobom z nim zaznajomionym. W przypadku, gdy\u00a0<strong>chcemy zmaksymalizowa\u0107 swoje zasi\u0119gi<\/strong>, konieczne jest posiadanie strony\u00a0<strong>na wi\u0119cej ni\u017c jednym portalu spo\u0142eczno\u015bciowym<\/strong>\u00a0(wi\u0119cej na temat zak\u0142adania stron na FB znajdziecie\u00a0tutaj)&#8230;<\/p>\n<a href=\"https:\/\/www.pcworld.pl\/news\/Facebook-jak-polaczyc-konto-z-Instagramem-Poradnik,424461.html\" target=\"_blank\" class=\"shortc-button medium red \">Wi\u0119cej dowiesz si\u0119 u \u017ar\u00f3d\u0142a &gt;<\/a>\n<h2><strong>Facebook \u2013 jak po\u0142\u0105czy\u0107 dwie strony [poradnik]<\/strong><\/h2>\n<h4>Je\u015bli posiadacie na portalu Facebook dwie strony i chcecie skoncentrowa\u0107 si\u0119 na jednej z nich, to nie musicie automatycznie kasowa\u0107 drugiej. Zamiast tego, mo\u017cecie scali\u0107 strony i dzi\u0119ki temu zachowa\u0107 polubienia oraz zameldowania obydwu. Radzimy, jak tego dokona\u0107.<\/h4>\n<p>Serwis Facebook oferuje wiele r\u00f3\u017cnorodnych funkcji, a z niekt\u00f3rych z nich nie zdajemy sobie cz\u0119sto nawet sprawy. Jedn\u0105 z nich jest m.in.\u00a0<strong>po\u0142\u0105czenie dw\u00f3ch stron na portalu<\/strong>. Jak ju\u017c bowiem wiadomo,\u00a0<strong>profil na FB mo\u017cemy posiada\u0107 jeden<\/strong>, jednak to ograniczenie\u00a0<strong>nie dotyczy ilo\u015bci za\u0142o\u017conych przez nas stron<\/strong>\u00a0(wi\u0119cej na ten temat oraz o zak\u0142adaniu strony dowiecie si\u0119\u00a0tutaj)&#8230;<\/p>\n<a href=\"https:\/\/www.pcworld.pl\/news\/Facebook-jak-polaczyc-dwie-strony-poradnik,424394.html\" target=\"_blank\" class=\"shortc-button medium red \">Wi\u0119cej dowiesz si\u0119 u \u017ar\u00f3d\u0142a &gt;<\/a>\n<h2><strong>Tik Tok pojawia si\u0119 na telewizorach Samsunga &#8211; jak skorzysta\u0107?<\/strong><\/h2>\n<h4>Samsung zaktualizowa\u0142 swoje telewizory. W\u015br\u00f3d nowo\u015bci aplikacja Tik Tok&#8217;a, kt\u00f3ra wcze\u015bniej dost\u0119pna by\u0142a tylko na smartfony.<\/h4>\n<p><strong>Tik Tok<\/strong>\u00a0to kolejna chi\u0144ska aplikacja, kt\u00f3ra bije rekordy popularno\u015bci. Pomimo napi\u0119tych stosunk\u00f3w z w\u0142adzami Stan\u00f3w Zjednoczonych, firma\u00a0<strong>ByteDance<\/strong> w dalszym ci\u0105gu rozwija swoje medium spo\u0142eczno\u015bciowe, kt\u00f3re przynosi ogromne zyski&#8230;<\/p>\n<a href=\"https:\/\/www.pcworld.pl\/news\/Tik-Tok-pojawia-sie-na-telewizorach-Samsunga-jak-skorzystac,424381.html\" target=\"_blank\" class=\"shortc-button medium red \">Wi\u0119cej dowiesz si\u0119 u \u017ar\u00f3d\u0142a &gt;<\/a>\n<h2 class=\"title entry-title\"><strong>TikTok TV debiutuje na Samsung Smart TV<\/strong><\/h2>\n<h4>Po spektakularnym sukcesie na rynku mobile, tym razem tw\u00f3rcom aplikacji zamarzy\u0142 si\u0119 podb\u00f3j nieco wi\u0119kszych ekran\u00f3w.<\/h4>\n<p>Podczas gdy przysz\u0142o\u015b\u0107 TikToka w Stanach Zjednoczonych\u00a0wci\u0105\u017c staje pod znakiem zapytania, po drugiej stronie oceanu aplikacja wydaje si\u0119 mie\u0107 \u015bwietnie. Do tego stopnia, \u017ce jej tw\u00f3rcy planuj\u0105 ekspansj\u0119 na kolejne no\u015bniki cyfrowe. Jak donosi The Verge, firma podpisa\u0142a w\u0142a\u015bnie umow\u0119 partnersk\u0105 z Samsungiem na stworzenie w\u0142asnego serwisu Smart TV&#8230;<\/p>\n<a href=\"https:\/\/dailyweb.pl\/tiktok-tv-debiutuje-na-samsung-smart-tv\/\" target=\"_blank\" class=\"shortc-button medium red \">Wi\u0119cej dowiesz si\u0119 u \u017ar\u00f3d\u0142a &gt;<\/a>\n<h2 class=\"alt-font text-extra-dark-gray font-weight-600 no-margin-bottom text-uppercase\"><strong>TIKTOK WALCZY Z FAKE NEWSAMI. SPRAWDZAMY, JAKIE DZIA\u0141ANIA PODJ\u0104\u0141<\/strong><\/h2>\n<h4>TikTok powa\u017cnie traktuje spraw\u0119 dostarczania swojej spo\u0142eczno\u015bci rzetelnych informacji. Jest to tym bardziej istotne w trudnym pandemicznym roku, a tak\u017ce w najbli\u017cszych miesi\u0105cach wype\u0142nionych dyskusjami o szczepionce COVID-19. Firma podejmuje dalsze dzia\u0142ania maj\u0105ce na celu zapewnianie spo\u0142eczno\u015bci TikTok dost\u0119pu do zaufanych \u017ar\u00f3de\u0142 i wiarygodnych ekspert\u00f3w, m.in. poprzez wprowadzanie nowych funkcji do aplikacji czy budowanie strategicznych partnerstw.<\/h4>\n<p>Od pocz\u0105tku pandemii, zespo\u0142y ds. bezpiecze\u0144stwa pracuj\u0105 niezwykle ci\u0119\u017cko nad tym, aby TikTok tak\u017ce w tym trudnym czasie pozostawa\u0142 bezpiecznym miejscem dla tw\u00f3rczej ekspresji \u2013 zgodnie z misj\u0105 firmy, kt\u00f3r\u0105 jest inspirowanie kreatywno\u015bci u\u017cytkownik\u00f3w i przynoszenie im rado\u015bci. Jednocze\u015bnie nale\u017cy podkre\u015bli\u0107, \u017ce TikTok szybko odnalaz\u0142 si\u0119 w nowej pandemicznej rzeczywisto\u015bci dostarczaj\u0105c r\u00f3wnie\u017c rzetelnych informacji. Firma pracowa\u0142a nad tym, aby jej polityka i podej\u015bcie do moderowania tre\u015bci by\u0142y skuteczne w tym bezprecedensowym dla wszystkich czasie&#8230;<\/p>\n<a href=\"https:\/\/interaktywnie.com\/biznes\/newsy\/social-media\/tiktok-walczy-z-fake-newsami-sprawdzamy-jakie-dzialania-podjal-260743?utm_source=feedburner&amp;utm_medium=feed&amp;utm_campaign=Feed%3A+Interaktywnie+%28Interaktywnie.com%29\" target=\"_blank\" class=\"shortc-button medium red \">Wi\u0119cej dowiesz si\u0119 u \u017ar\u00f3d\u0142a &gt;<\/a>\n<h2 class=\"contentHeader\"><strong>Social media na prze\u0142omie 2020\/2021 (cz. 3)<\/strong><\/h2>\n<h4>Kt\u00f3re kampanie w social mediach okaza\u0142y si\u0119 najciekawsze w 2020 roku? Jakie s\u0105 najwa\u017cniejsze wyzwania stoj\u0105ce przed mediami spo\u0142eczno\u015bciowymi w 2021 roku?<\/h4>\n<p>Social media na prze\u0142omie 2020\/2021 podsumowuj\u0105:\u00a0<strong>Ewa Michalak<\/strong>, Resolution,\u00a0<strong>Karolina Kornacka<\/strong>, Kamikaze,\u00a0<strong>Natalia Kozak<\/strong>, Schulz brand friendly,\u00a0<strong>Alicja Kisiel<\/strong>, Up&amp;More,\u00a0<strong>Marta Janiszewska<\/strong>, The Digitals (Grupa S\/F)&#8230;<\/p>\n<a href=\"https:\/\/nowymarketing.pl\/a\/30194,social-media-na-przelomie-2020-2021-cz-3?utm_source=feedburner&amp;utm_medium=feed&amp;utm_campaign=Feed%3A+nowymarketing%2Ffeed+%28NowyMarketing.pl%29\" target=\"_blank\" class=\"shortc-button medium red \">Wi\u0119cej dowiesz si\u0119 u \u017ar\u00f3d\u0142a &gt;<\/a>\n","protected":false},"excerpt":{"rendered":"<p>Facebook wy\u0142\u0105czy\u0142 niekt\u00f3re funkcje na Messengerze i Instagramie w zwi\u0105zku z now\u0105, unijn\u0105 dyrektyw\u0105 Od kilku dni na Instagramie oraz Messengerze wy\u015bwietla si\u0119 komunikat, m\u00f3wi\u0105cy o tym, \u017ce niekt\u00f3re funkcjonalno\u015bci na tych platformach zosta\u0142y wy\u0142\u0105czone. Jest to zwi\u0105zane z now\u0105, unijn\u0105 dyrektyw\u0105 dotycz\u0105c\u0105 prywatno\u015bci u\u017cytkownik\u00f3w. Osoby korzystaj\u0105ce z Messengera oraz Instagrama z pewno\u015bci\u0105 kilka dni &hellip;<\/p>\n","protected":false},"author":1,"featured_media":1331870,"comment_status":"open","ping_status":"closed","sticky":false,"template":"","format":"standard","meta":{"footnotes":""},"categories":[1312],"tags":[1361,1386,1515,1707,1623,6159,6771,6770],"class_list":["post-1331869","post","type-post","status-publish","format-standard","has-post-thumbnail","","category-social-media","tag-facebook","tag-fanpage","tag-instagram","tag-messenger","tag-samsung","tag-tik-tok","tag-tiktok-tv","tag-zbiorki-charytatywne"],"yoast_head":"<!-- This site is optimized with the Yoast SEO plugin v27.5 - https:\/\/yoast.com\/product\/yoast-seo-wordpress\/ -->\n<title>Facebook wy\u0142\u0105czy\u0142 niekt\u00f3re funkcje na Messengerze i Instagramie. Jak za pomoc\u0105 Facebooka wspiera\u0107 organizacje. Facebook po\u0142\u0105czenie konta z Instagramem &#187; Legiobiznes.pl<\/title>\n<meta name=\"description\" content=\"Facebook wy\u0142\u0105czy\u0142 niekt\u00f3re funkcje na Messengerze i Instagramie. Jak za pomoc\u0105 Facebooka wspiera\u0107... Facebook po\u0142\u0105czenie konta z Instagramem\" \/>\n<meta name=\"robots\" content=\"index, follow, max-snippet:-1, max-image-preview:large, max-video-preview:-1\" \/>\n<link rel=\"canonical\" href=\"https:\/\/legiobiznes.pl\/I\/facebook-wylaczyl-niektore-funkcje-na-messengerze-i-instagramie-jak-za-pomoca-facebooka-wspierac-organizacje-facebook-polaczenie-konta-z-instagramem\/\" \/>\n<meta property=\"og:locale\" content=\"pl_PL\" \/>\n<meta property=\"og:type\" content=\"article\" \/>\n<meta property=\"og:title\" content=\"Facebook wy\u0142\u0105czy\u0142 niekt\u00f3re funkcje na Messengerze i Instagramie. Jak za pomoc\u0105 Facebooka wspiera\u0107 organizacje. Facebook po\u0142\u0105czenie konta z Instagramem &#187; Legiobiznes.pl\" \/>\n<meta property=\"og:description\" content=\"Facebook wy\u0142\u0105czy\u0142 niekt\u00f3re funkcje na Messengerze i Instagramie. Jak za pomoc\u0105 Facebooka wspiera\u0107... Facebook po\u0142\u0105czenie konta z Instagramem\" \/>\n<meta property=\"og:url\" content=\"https:\/\/legiobiznes.pl\/I\/facebook-wylaczyl-niektore-funkcje-na-messengerze-i-instagramie-jak-za-pomoca-facebooka-wspierac-organizacje-facebook-polaczenie-konta-z-instagramem\/\" \/>\n<meta property=\"og:site_name\" content=\"Legiobiznes.pl\" \/>\n<meta property=\"article:publisher\" content=\"https:\/\/www.facebook.com\/LegioBiznes\/\" \/>\n<meta property=\"article:published_time\" content=\"2020-12-21T14:22:05+00:00\" \/>\n<meta property=\"article:modified_time\" content=\"2025-11-28T09:47:33+00:00\" \/>\n<meta property=\"og:image\" content=\"https:\/\/legiobiznes.pl\/I\/wp-content\/uploads\/2020\/12\/Facebook-wylaczyl-niektore-funkcje-na-Messengerze-i-Instagramie.-Jak-za-pomoca-Facebooka-wspierac-organizacje.-Facebook-polaczenie-konta-z-Instagramem.jpg\" \/>\n\t<meta property=\"og:image:width\" content=\"1280\" \/>\n\t<meta property=\"og:image:height\" content=\"853\" \/>\n\t<meta property=\"og:image:type\" content=\"image\/jpeg\" \/>\n<meta name=\"author\" content=\"Legiobiznes.pl\" \/>\n<meta name=\"twitter:card\" content=\"summary_large_image\" \/>\n<meta name=\"twitter:creator\" content=\"@LegioBiznesPL\" \/>\n<meta name=\"twitter:site\" content=\"@LegioBiznesPL\" \/>\n<meta name=\"twitter:label1\" content=\"Napisane przez\" \/>\n\t<meta name=\"twitter:data1\" content=\"Legiobiznes.pl\" \/>\n\t<meta name=\"twitter:label2\" content=\"Szacowany czas czytania\" \/>\n\t<meta name=\"twitter:data2\" content=\"6 minut\" \/>\n<script type=\"application\/ld+json\" class=\"yoast-schema-graph\">{\"@context\":\"https:\\\/\\\/schema.org\",\"@graph\":[{\"@type\":\"Article\",\"@id\":\"https:\\\/\\\/legiobiznes.pl\\\/I\\\/facebook-wylaczyl-niektore-funkcje-na-messengerze-i-instagramie-jak-za-pomoca-facebooka-wspierac-organizacje-facebook-polaczenie-konta-z-instagramem\\\/#article\",\"isPartOf\":{\"@id\":\"https:\\\/\\\/legiobiznes.pl\\\/I\\\/facebook-wylaczyl-niektore-funkcje-na-messengerze-i-instagramie-jak-za-pomoca-facebooka-wspierac-organizacje-facebook-polaczenie-konta-z-instagramem\\\/\"},\"author\":{\"name\":\"Legiobiznes.pl\",\"@id\":\"https:\\\/\\\/legiobiznes.pl\\\/I\\\/#\\\/schema\\\/person\\\/33c4505a5d28a7c944baf038996052d4\"},\"headline\":\"Facebook wy\u0142\u0105czy\u0142 niekt\u00f3re funkcje na Messengerze i Instagramie. Jak za pomoc\u0105 Facebooka wspiera\u0107 organizacje. Facebook po\u0142\u0105czenie konta z Instagramem\",\"datePublished\":\"2020-12-21T14:22:05+00:00\",\"dateModified\":\"2025-11-28T09:47:33+00:00\",\"mainEntityOfPage\":{\"@id\":\"https:\\\/\\\/legiobiznes.pl\\\/I\\\/facebook-wylaczyl-niektore-funkcje-na-messengerze-i-instagramie-jak-za-pomoca-facebooka-wspierac-organizacje-facebook-polaczenie-konta-z-instagramem\\\/\"},\"wordCount\":1297,\"commentCount\":0,\"publisher\":{\"@id\":\"https:\\\/\\\/legiobiznes.pl\\\/I\\\/#organization\"},\"image\":{\"@id\":\"https:\\\/\\\/legiobiznes.pl\\\/I\\\/facebook-wylaczyl-niektore-funkcje-na-messengerze-i-instagramie-jak-za-pomoca-facebooka-wspierac-organizacje-facebook-polaczenie-konta-z-instagramem\\\/#primaryimage\"},\"thumbnailUrl\":\"https:\\\/\\\/legiobiznes.pl\\\/I\\\/wp-content\\\/uploads\\\/2020\\\/12\\\/Facebook-wylaczyl-niektore-funkcje-na-Messengerze-i-Instagramie.-Jak-za-pomoca-Facebooka-wspierac-organizacje.-Facebook-polaczenie-konta-z-Instagramem.jpg\",\"keywords\":[\"Facebook\",\"Fanpage\",\"Instagram\",\"Messenger\",\"samsung\",\"Tik Tok\",\"TikTok TV\",\"zbi\u00f3rki charytatywne\"],\"articleSection\":[\"Social Media\"],\"inLanguage\":\"pl-PL\",\"potentialAction\":[{\"@type\":\"CommentAction\",\"name\":\"Comment\",\"target\":[\"https:\\\/\\\/legiobiznes.pl\\\/I\\\/facebook-wylaczyl-niektore-funkcje-na-messengerze-i-instagramie-jak-za-pomoca-facebooka-wspierac-organizacje-facebook-polaczenie-konta-z-instagramem\\\/#respond\"]}]},{\"@type\":\"WebPage\",\"@id\":\"https:\\\/\\\/legiobiznes.pl\\\/I\\\/facebook-wylaczyl-niektore-funkcje-na-messengerze-i-instagramie-jak-za-pomoca-facebooka-wspierac-organizacje-facebook-polaczenie-konta-z-instagramem\\\/\",\"url\":\"https:\\\/\\\/legiobiznes.pl\\\/I\\\/facebook-wylaczyl-niektore-funkcje-na-messengerze-i-instagramie-jak-za-pomoca-facebooka-wspierac-organizacje-facebook-polaczenie-konta-z-instagramem\\\/\",\"name\":\"Facebook wy\u0142\u0105czy\u0142 niekt\u00f3re funkcje na Messengerze i Instagramie. Jak za pomoc\u0105 Facebooka wspiera\u0107 organizacje. Facebook po\u0142\u0105czenie konta z Instagramem &#187; Legiobiznes.pl\",\"isPartOf\":{\"@id\":\"https:\\\/\\\/legiobiznes.pl\\\/I\\\/#website\"},\"primaryImageOfPage\":{\"@id\":\"https:\\\/\\\/legiobiznes.pl\\\/I\\\/facebook-wylaczyl-niektore-funkcje-na-messengerze-i-instagramie-jak-za-pomoca-facebooka-wspierac-organizacje-facebook-polaczenie-konta-z-instagramem\\\/#primaryimage\"},\"image\":{\"@id\":\"https:\\\/\\\/legiobiznes.pl\\\/I\\\/facebook-wylaczyl-niektore-funkcje-na-messengerze-i-instagramie-jak-za-pomoca-facebooka-wspierac-organizacje-facebook-polaczenie-konta-z-instagramem\\\/#primaryimage\"},\"thumbnailUrl\":\"https:\\\/\\\/legiobiznes.pl\\\/I\\\/wp-content\\\/uploads\\\/2020\\\/12\\\/Facebook-wylaczyl-niektore-funkcje-na-Messengerze-i-Instagramie.-Jak-za-pomoca-Facebooka-wspierac-organizacje.-Facebook-polaczenie-konta-z-Instagramem.jpg\",\"datePublished\":\"2020-12-21T14:22:05+00:00\",\"dateModified\":\"2025-11-28T09:47:33+00:00\",\"description\":\"Facebook wy\u0142\u0105czy\u0142 niekt\u00f3re funkcje na Messengerze i Instagramie. Jak za pomoc\u0105 Facebooka wspiera\u0107... Facebook po\u0142\u0105czenie konta z Instagramem\",\"breadcrumb\":{\"@id\":\"https:\\\/\\\/legiobiznes.pl\\\/I\\\/facebook-wylaczyl-niektore-funkcje-na-messengerze-i-instagramie-jak-za-pomoca-facebooka-wspierac-organizacje-facebook-polaczenie-konta-z-instagramem\\\/#breadcrumb\"},\"inLanguage\":\"pl-PL\",\"potentialAction\":[{\"@type\":\"ReadAction\",\"target\":[\"https:\\\/\\\/legiobiznes.pl\\\/I\\\/facebook-wylaczyl-niektore-funkcje-na-messengerze-i-instagramie-jak-za-pomoca-facebooka-wspierac-organizacje-facebook-polaczenie-konta-z-instagramem\\\/\"]}]},{\"@type\":\"ImageObject\",\"inLanguage\":\"pl-PL\",\"@id\":\"https:\\\/\\\/legiobiznes.pl\\\/I\\\/facebook-wylaczyl-niektore-funkcje-na-messengerze-i-instagramie-jak-za-pomoca-facebooka-wspierac-organizacje-facebook-polaczenie-konta-z-instagramem\\\/#primaryimage\",\"url\":\"https:\\\/\\\/legiobiznes.pl\\\/I\\\/wp-content\\\/uploads\\\/2020\\\/12\\\/Facebook-wylaczyl-niektore-funkcje-na-Messengerze-i-Instagramie.-Jak-za-pomoca-Facebooka-wspierac-organizacje.-Facebook-polaczenie-konta-z-Instagramem.jpg\",\"contentUrl\":\"https:\\\/\\\/legiobiznes.pl\\\/I\\\/wp-content\\\/uploads\\\/2020\\\/12\\\/Facebook-wylaczyl-niektore-funkcje-na-Messengerze-i-Instagramie.-Jak-za-pomoca-Facebooka-wspierac-organizacje.-Facebook-polaczenie-konta-z-Instagramem.jpg\",\"width\":1280,\"height\":853,\"caption\":\"Facebook wy\u0142\u0105czy\u0142 niekt\u00f3re funkcje na Messengerze i Instagramie. Jak za pomoc\u0105 Facebooka wspiera\u0107 organizacje. Facebook po\u0142\u0105czenie konta z Instagramem\"},{\"@type\":\"BreadcrumbList\",\"@id\":\"https:\\\/\\\/legiobiznes.pl\\\/I\\\/facebook-wylaczyl-niektore-funkcje-na-messengerze-i-instagramie-jak-za-pomoca-facebooka-wspierac-organizacje-facebook-polaczenie-konta-z-instagramem\\\/#breadcrumb\",\"itemListElement\":[{\"@type\":\"ListItem\",\"position\":1,\"name\":\"Strona g\u0142\u00f3wna\",\"item\":\"https:\\\/\\\/legiobiznes.pl\\\/I\\\/\"},{\"@type\":\"ListItem\",\"position\":2,\"name\":\"Facebook wy\u0142\u0105czy\u0142 niekt\u00f3re funkcje na Messengerze i Instagramie. Jak za pomoc\u0105 Facebooka wspiera\u0107 organizacje. Facebook po\u0142\u0105czenie konta z Instagramem\"}]},{\"@type\":\"WebSite\",\"@id\":\"https:\\\/\\\/legiobiznes.pl\\\/I\\\/#website\",\"url\":\"https:\\\/\\\/legiobiznes.pl\\\/I\\\/\",\"name\":\"Legiobiznes.pl\",\"description\":\"Kryptowaluty, Bezpiecze\u0144stwo IT, E-biznes | LegioBiznes.PL\",\"publisher\":{\"@id\":\"https:\\\/\\\/legiobiznes.pl\\\/I\\\/#organization\"},\"potentialAction\":[{\"@type\":\"SearchAction\",\"target\":{\"@type\":\"EntryPoint\",\"urlTemplate\":\"https:\\\/\\\/legiobiznes.pl\\\/I\\\/?s={search_term_string}\"},\"query-input\":{\"@type\":\"PropertyValueSpecification\",\"valueRequired\":true,\"valueName\":\"search_term_string\"}}],\"inLanguage\":\"pl-PL\"},{\"@type\":\"Organization\",\"@id\":\"https:\\\/\\\/legiobiznes.pl\\\/I\\\/#organization\",\"name\":\"LegioBiznes.PL\",\"url\":\"https:\\\/\\\/legiobiznes.pl\\\/I\\\/\",\"logo\":{\"@type\":\"ImageObject\",\"inLanguage\":\"pl-PL\",\"@id\":\"https:\\\/\\\/legiobiznes.pl\\\/I\\\/#\\\/schema\\\/logo\\\/image\\\/\",\"url\":\"https:\\\/\\\/legiobiznes.pl\\\/I\\\/wp-content\\\/uploads\\\/2017\\\/08\\\/legiobiznespl-logo2-e1503834302371.png\",\"contentUrl\":\"https:\\\/\\\/legiobiznes.pl\\\/I\\\/wp-content\\\/uploads\\\/2017\\\/08\\\/legiobiznespl-logo2-e1503834302371.png\",\"width\":180,\"height\":76,\"caption\":\"LegioBiznes.PL\"},\"image\":{\"@id\":\"https:\\\/\\\/legiobiznes.pl\\\/I\\\/#\\\/schema\\\/logo\\\/image\\\/\"},\"sameAs\":[\"https:\\\/\\\/www.facebook.com\\\/LegioBiznes\\\/\",\"https:\\\/\\\/x.com\\\/LegioBiznesPL\",\"https:\\\/\\\/www.youtube.com\\\/channel\\\/UCEhszB39vxk96yIXD-jOORw\"]},{\"@type\":\"Person\",\"@id\":\"https:\\\/\\\/legiobiznes.pl\\\/I\\\/#\\\/schema\\\/person\\\/33c4505a5d28a7c944baf038996052d4\",\"name\":\"Legiobiznes.pl\",\"image\":{\"@type\":\"ImageObject\",\"inLanguage\":\"pl-PL\",\"@id\":\"https:\\\/\\\/legiobiznes.pl\\\/I\\\/wp-content\\\/uploads\\\/2019\\\/07\\\/favicon-Legiobiznes-150x150.png\",\"url\":\"https:\\\/\\\/legiobiznes.pl\\\/I\\\/wp-content\\\/uploads\\\/2019\\\/07\\\/favicon-Legiobiznes-150x150.png\",\"contentUrl\":\"https:\\\/\\\/legiobiznes.pl\\\/I\\\/wp-content\\\/uploads\\\/2019\\\/07\\\/favicon-Legiobiznes-150x150.png\",\"caption\":\"Legiobiznes.pl\"},\"description\":\"Budowa i tworzenie profesjonalnych, responsywnych (RWD) stron www. Pozycjonowanie SEO, sklepy internetowe eSklep...\",\"url\":\"https:\\\/\\\/legiobiznes.pl\\\/I\\\/author\\\/boss\\\/\"}]}<\/script>\n<!-- \/ Yoast SEO plugin. -->","yoast_head_json":{"title":"Facebook wy\u0142\u0105czy\u0142 niekt\u00f3re funkcje na Messengerze i Instagramie. Jak za pomoc\u0105 Facebooka wspiera\u0107 organizacje. Facebook po\u0142\u0105czenie konta z Instagramem &#187; Legiobiznes.pl","description":"Facebook wy\u0142\u0105czy\u0142 niekt\u00f3re funkcje na Messengerze i Instagramie. Jak za pomoc\u0105 Facebooka wspiera\u0107... Facebook po\u0142\u0105czenie konta z Instagramem","robots":{"index":"index","follow":"follow","max-snippet":"max-snippet:-1","max-image-preview":"max-image-preview:large","max-video-preview":"max-video-preview:-1"},"canonical":"https:\/\/legiobiznes.pl\/I\/facebook-wylaczyl-niektore-funkcje-na-messengerze-i-instagramie-jak-za-pomoca-facebooka-wspierac-organizacje-facebook-polaczenie-konta-z-instagramem\/","og_locale":"pl_PL","og_type":"article","og_title":"Facebook wy\u0142\u0105czy\u0142 niekt\u00f3re funkcje na Messengerze i Instagramie. Jak za pomoc\u0105 Facebooka wspiera\u0107 organizacje. Facebook po\u0142\u0105czenie konta z Instagramem &#187; Legiobiznes.pl","og_description":"Facebook wy\u0142\u0105czy\u0142 niekt\u00f3re funkcje na Messengerze i Instagramie. Jak za pomoc\u0105 Facebooka wspiera\u0107... Facebook po\u0142\u0105czenie konta z Instagramem","og_url":"https:\/\/legiobiznes.pl\/I\/facebook-wylaczyl-niektore-funkcje-na-messengerze-i-instagramie-jak-za-pomoca-facebooka-wspierac-organizacje-facebook-polaczenie-konta-z-instagramem\/","og_site_name":"Legiobiznes.pl","article_publisher":"https:\/\/www.facebook.com\/LegioBiznes\/","article_published_time":"2020-12-21T14:22:05+00:00","article_modified_time":"2025-11-28T09:47:33+00:00","og_image":[{"width":1280,"height":853,"url":"https:\/\/legiobiznes.pl\/I\/wp-content\/uploads\/2020\/12\/Facebook-wylaczyl-niektore-funkcje-na-Messengerze-i-Instagramie.-Jak-za-pomoca-Facebooka-wspierac-organizacje.-Facebook-polaczenie-konta-z-Instagramem.jpg","type":"image\/jpeg"}],"author":"Legiobiznes.pl","twitter_card":"summary_large_image","twitter_creator":"@LegioBiznesPL","twitter_site":"@LegioBiznesPL","twitter_misc":{"Napisane przez":"Legiobiznes.pl","Szacowany czas czytania":"6 minut"},"schema":{"@context":"https:\/\/schema.org","@graph":[{"@type":"Article","@id":"https:\/\/legiobiznes.pl\/I\/facebook-wylaczyl-niektore-funkcje-na-messengerze-i-instagramie-jak-za-pomoca-facebooka-wspierac-organizacje-facebook-polaczenie-konta-z-instagramem\/#article","isPartOf":{"@id":"https:\/\/legiobiznes.pl\/I\/facebook-wylaczyl-niektore-funkcje-na-messengerze-i-instagramie-jak-za-pomoca-facebooka-wspierac-organizacje-facebook-polaczenie-konta-z-instagramem\/"},"author":{"name":"Legiobiznes.pl","@id":"https:\/\/legiobiznes.pl\/I\/#\/schema\/person\/33c4505a5d28a7c944baf038996052d4"},"headline":"Facebook wy\u0142\u0105czy\u0142 niekt\u00f3re funkcje na Messengerze i Instagramie. Jak za pomoc\u0105 Facebooka wspiera\u0107 organizacje. Facebook po\u0142\u0105czenie konta z Instagramem","datePublished":"2020-12-21T14:22:05+00:00","dateModified":"2025-11-28T09:47:33+00:00","mainEntityOfPage":{"@id":"https:\/\/legiobiznes.pl\/I\/facebook-wylaczyl-niektore-funkcje-na-messengerze-i-instagramie-jak-za-pomoca-facebooka-wspierac-organizacje-facebook-polaczenie-konta-z-instagramem\/"},"wordCount":1297,"commentCount":0,"publisher":{"@id":"https:\/\/legiobiznes.pl\/I\/#organization"},"image":{"@id":"https:\/\/legiobiznes.pl\/I\/facebook-wylaczyl-niektore-funkcje-na-messengerze-i-instagramie-jak-za-pomoca-facebooka-wspierac-organizacje-facebook-polaczenie-konta-z-instagramem\/#primaryimage"},"thumbnailUrl":"https:\/\/legiobiznes.pl\/I\/wp-content\/uploads\/2020\/12\/Facebook-wylaczyl-niektore-funkcje-na-Messengerze-i-Instagramie.-Jak-za-pomoca-Facebooka-wspierac-organizacje.-Facebook-polaczenie-konta-z-Instagramem.jpg","keywords":["Facebook","Fanpage","Instagram","Messenger","samsung","Tik Tok","TikTok TV","zbi\u00f3rki charytatywne"],"articleSection":["Social Media"],"inLanguage":"pl-PL","potentialAction":[{"@type":"CommentAction","name":"Comment","target":["https:\/\/legiobiznes.pl\/I\/facebook-wylaczyl-niektore-funkcje-na-messengerze-i-instagramie-jak-za-pomoca-facebooka-wspierac-organizacje-facebook-polaczenie-konta-z-instagramem\/#respond"]}]},{"@type":"WebPage","@id":"https:\/\/legiobiznes.pl\/I\/facebook-wylaczyl-niektore-funkcje-na-messengerze-i-instagramie-jak-za-pomoca-facebooka-wspierac-organizacje-facebook-polaczenie-konta-z-instagramem\/","url":"https:\/\/legiobiznes.pl\/I\/facebook-wylaczyl-niektore-funkcje-na-messengerze-i-instagramie-jak-za-pomoca-facebooka-wspierac-organizacje-facebook-polaczenie-konta-z-instagramem\/","name":"Facebook wy\u0142\u0105czy\u0142 niekt\u00f3re funkcje na Messengerze i Instagramie. Jak za pomoc\u0105 Facebooka wspiera\u0107 organizacje. Facebook po\u0142\u0105czenie konta z Instagramem &#187; Legiobiznes.pl","isPartOf":{"@id":"https:\/\/legiobiznes.pl\/I\/#website"},"primaryImageOfPage":{"@id":"https:\/\/legiobiznes.pl\/I\/facebook-wylaczyl-niektore-funkcje-na-messengerze-i-instagramie-jak-za-pomoca-facebooka-wspierac-organizacje-facebook-polaczenie-konta-z-instagramem\/#primaryimage"},"image":{"@id":"https:\/\/legiobiznes.pl\/I\/facebook-wylaczyl-niektore-funkcje-na-messengerze-i-instagramie-jak-za-pomoca-facebooka-wspierac-organizacje-facebook-polaczenie-konta-z-instagramem\/#primaryimage"},"thumbnailUrl":"https:\/\/legiobiznes.pl\/I\/wp-content\/uploads\/2020\/12\/Facebook-wylaczyl-niektore-funkcje-na-Messengerze-i-Instagramie.-Jak-za-pomoca-Facebooka-wspierac-organizacje.-Facebook-polaczenie-konta-z-Instagramem.jpg","datePublished":"2020-12-21T14:22:05+00:00","dateModified":"2025-11-28T09:47:33+00:00","description":"Facebook wy\u0142\u0105czy\u0142 niekt\u00f3re funkcje na Messengerze i Instagramie. Jak za pomoc\u0105 Facebooka wspiera\u0107... Facebook po\u0142\u0105czenie konta z Instagramem","breadcrumb":{"@id":"https:\/\/legiobiznes.pl\/I\/facebook-wylaczyl-niektore-funkcje-na-messengerze-i-instagramie-jak-za-pomoca-facebooka-wspierac-organizacje-facebook-polaczenie-konta-z-instagramem\/#breadcrumb"},"inLanguage":"pl-PL","potentialAction":[{"@type":"ReadAction","target":["https:\/\/legiobiznes.pl\/I\/facebook-wylaczyl-niektore-funkcje-na-messengerze-i-instagramie-jak-za-pomoca-facebooka-wspierac-organizacje-facebook-polaczenie-konta-z-instagramem\/"]}]},{"@type":"ImageObject","inLanguage":"pl-PL","@id":"https:\/\/legiobiznes.pl\/I\/facebook-wylaczyl-niektore-funkcje-na-messengerze-i-instagramie-jak-za-pomoca-facebooka-wspierac-organizacje-facebook-polaczenie-konta-z-instagramem\/#primaryimage","url":"https:\/\/legiobiznes.pl\/I\/wp-content\/uploads\/2020\/12\/Facebook-wylaczyl-niektore-funkcje-na-Messengerze-i-Instagramie.-Jak-za-pomoca-Facebooka-wspierac-organizacje.-Facebook-polaczenie-konta-z-Instagramem.jpg","contentUrl":"https:\/\/legiobiznes.pl\/I\/wp-content\/uploads\/2020\/12\/Facebook-wylaczyl-niektore-funkcje-na-Messengerze-i-Instagramie.-Jak-za-pomoca-Facebooka-wspierac-organizacje.-Facebook-polaczenie-konta-z-Instagramem.jpg","width":1280,"height":853,"caption":"Facebook wy\u0142\u0105czy\u0142 niekt\u00f3re funkcje na Messengerze i Instagramie. Jak za pomoc\u0105 Facebooka wspiera\u0107 organizacje. Facebook po\u0142\u0105czenie konta z Instagramem"},{"@type":"BreadcrumbList","@id":"https:\/\/legiobiznes.pl\/I\/facebook-wylaczyl-niektore-funkcje-na-messengerze-i-instagramie-jak-za-pomoca-facebooka-wspierac-organizacje-facebook-polaczenie-konta-z-instagramem\/#breadcrumb","itemListElement":[{"@type":"ListItem","position":1,"name":"Strona g\u0142\u00f3wna","item":"https:\/\/legiobiznes.pl\/I\/"},{"@type":"ListItem","position":2,"name":"Facebook wy\u0142\u0105czy\u0142 niekt\u00f3re funkcje na Messengerze i Instagramie. Jak za pomoc\u0105 Facebooka wspiera\u0107 organizacje. Facebook po\u0142\u0105czenie konta z Instagramem"}]},{"@type":"WebSite","@id":"https:\/\/legiobiznes.pl\/I\/#website","url":"https:\/\/legiobiznes.pl\/I\/","name":"Legiobiznes.pl","description":"Kryptowaluty, Bezpiecze\u0144stwo IT, E-biznes | LegioBiznes.PL","publisher":{"@id":"https:\/\/legiobiznes.pl\/I\/#organization"},"potentialAction":[{"@type":"SearchAction","target":{"@type":"EntryPoint","urlTemplate":"https:\/\/legiobiznes.pl\/I\/?s={search_term_string}"},"query-input":{"@type":"PropertyValueSpecification","valueRequired":true,"valueName":"search_term_string"}}],"inLanguage":"pl-PL"},{"@type":"Organization","@id":"https:\/\/legiobiznes.pl\/I\/#organization","name":"LegioBiznes.PL","url":"https:\/\/legiobiznes.pl\/I\/","logo":{"@type":"ImageObject","inLanguage":"pl-PL","@id":"https:\/\/legiobiznes.pl\/I\/#\/schema\/logo\/image\/","url":"https:\/\/legiobiznes.pl\/I\/wp-content\/uploads\/2017\/08\/legiobiznespl-logo2-e1503834302371.png","contentUrl":"https:\/\/legiobiznes.pl\/I\/wp-content\/uploads\/2017\/08\/legiobiznespl-logo2-e1503834302371.png","width":180,"height":76,"caption":"LegioBiznes.PL"},"image":{"@id":"https:\/\/legiobiznes.pl\/I\/#\/schema\/logo\/image\/"},"sameAs":["https:\/\/www.facebook.com\/LegioBiznes\/","https:\/\/x.com\/LegioBiznesPL","https:\/\/www.youtube.com\/channel\/UCEhszB39vxk96yIXD-jOORw"]},{"@type":"Person","@id":"https:\/\/legiobiznes.pl\/I\/#\/schema\/person\/33c4505a5d28a7c944baf038996052d4","name":"Legiobiznes.pl","image":{"@type":"ImageObject","inLanguage":"pl-PL","@id":"https:\/\/legiobiznes.pl\/I\/wp-content\/uploads\/2019\/07\/favicon-Legiobiznes-150x150.png","url":"https:\/\/legiobiznes.pl\/I\/wp-content\/uploads\/2019\/07\/favicon-Legiobiznes-150x150.png","contentUrl":"https:\/\/legiobiznes.pl\/I\/wp-content\/uploads\/2019\/07\/favicon-Legiobiznes-150x150.png","caption":"Legiobiznes.pl"},"description":"Budowa i tworzenie profesjonalnych, responsywnych (RWD) stron www. Pozycjonowanie SEO, sklepy internetowe eSklep...","url":"https:\/\/legiobiznes.pl\/I\/author\/boss\/"}]}},"_links":{"self":[{"href":"https:\/\/legiobiznes.pl\/I\/wp-json\/wp\/v2\/posts\/1331869","targetHints":{"allow":["GET"]}}],"collection":[{"href":"https:\/\/legiobiznes.pl\/I\/wp-json\/wp\/v2\/posts"}],"about":[{"href":"https:\/\/legiobiznes.pl\/I\/wp-json\/wp\/v2\/types\/post"}],"author":[{"embeddable":true,"href":"https:\/\/legiobiznes.pl\/I\/wp-json\/wp\/v2\/users\/1"}],"replies":[{"embeddable":true,"href":"https:\/\/legiobiznes.pl\/I\/wp-json\/wp\/v2\/comments?post=1331869"}],"version-history":[{"count":2,"href":"https:\/\/legiobiznes.pl\/I\/wp-json\/wp\/v2\/posts\/1331869\/revisions"}],"predecessor-version":[{"id":1722967,"href":"https:\/\/legiobiznes.pl\/I\/wp-json\/wp\/v2\/posts\/1331869\/revisions\/1722967"}],"wp:featuredmedia":[{"embeddable":true,"href":"https:\/\/legiobiznes.pl\/I\/wp-json\/wp\/v2\/media\/1331870"}],"wp:attachment":[{"href":"https:\/\/legiobiznes.pl\/I\/wp-json\/wp\/v2\/media?parent=1331869"}],"wp:term":[{"taxonomy":"category","embeddable":true,"href":"https:\/\/legiobiznes.pl\/I\/wp-json\/wp\/v2\/categories?post=1331869"},{"taxonomy":"post_tag","embeddable":true,"href":"https:\/\/legiobiznes.pl\/I\/wp-json\/wp\/v2\/tags?post=1331869"}],"curies":[{"name":"wp","href":"https:\/\/api.w.org\/{rel}","templated":true}]}}