{"id":1418454,"date":"2021-10-25T15:56:07","date_gmt":"2021-10-25T13:56:07","guid":{"rendered":"https:\/\/legiobiznes.pl\/I\/?p=1418454"},"modified":"2023-03-07T16:34:23","modified_gmt":"2023-03-07T14:34:23","slug":"facebook-oskarza-obywatela-ukrainy-o-kradziez-danych-facebook-zmieni-nazwe-byla-pracownica-facebooka-ujawnila-niepokojace-fakty","status":"publish","type":"post","link":"https:\/\/legiobiznes.pl\/I\/facebook-oskarza-obywatela-ukrainy-o-kradziez-danych-facebook-zmieni-nazwe-byla-pracownica-facebooka-ujawnila-niepokojace-fakty\/","title":{"rendered":"Facebook oskar\u017ca obywatela Ukrainy o kradzie\u017c danych. Facebook zmieni nazw\u0119. By\u0142a pracownica Facebooka ujawni\u0142a niepokoj\u0105ce fakty"},"content":{"rendered":"<h2><strong>Facebook oskar\u017ca obywatela Ukrainy o kradzie\u017c danych 178 mln os\u00f3b<\/strong><\/h2>\n<h4>Akt oskar\u017cenia wp\u0142yn\u0105\u0142 ju\u017c do s\u0105du w Kalifornii.<\/h4>\n<p><strong>Facebook<\/strong>\u00a0oskar\u017ca niejakiego Aleksandra Aleksandrowicza Solonczenk\u0119 o to, \u017ce wykorzysta\u0142 podatno\u015b\u0107 w komunikatorze Messenger, aby od stycznia 2018 do wrze\u015bnia 2019 roku\u00a0<strong>zdoby\u0107 dane osobowe ok. 178 milion\u00f3w u\u017cytkownik\u00f3w sieci spo\u0142eczno\u015bciowej<\/strong>. Pozyskiwane w ten spos\u00f3b informacje sprzedawa\u0142 na czarnym rynku, czyli w dark webie. Z aktu oskar\u017cenia mo\u017cemy dowiedzie\u0107 si\u0119, \u017ce Solonczenko wykorzysta\u0142 mechanizm\u00a0<strong>Messenger Contact Importer<\/strong> &#8211; odpowiada on m.in. za synchronizacj\u0119 kontakt\u00f3w u\u017cytkownika majacego konta na FB, WhatsAppie i Instagramie. MCI umo\u017cliwia tak\u017ce importowanie danych z ksi\u0105\u017cki telefonicznej na urz\u0105dzeniu mobilnym&#8230;<\/p>\n<a href=\"https:\/\/www.pcworld.pl\/news\/Facebook-oskarza-obywatela-Ukrainy-o-kradziez-danych-178-mln-osob,433070.html\" target=\"_blank\" class=\"shortc-button medium red \">Wi\u0119cej dowiesz si\u0119 u \u017ar\u00f3d\u0142a &gt;<\/a>\n<h2><strong>Facebook zmieni nazw\u0119<\/strong><\/h2>\n<h4>Zmiana nazwy mo\u017ce nast\u0105pi\u0107 ju\u017c w przysz\u0142ym tygodniu i odzwierciedli skupienie firmy na nowym produkcie.<\/h4>\n<p><strong>Facebook prawdopodobnie zmieni nazw\u0119<\/strong>, poniewa\u017c chce udowodni\u0107, \u017ce\u00a0<strong>wykracza poza media spo\u0142eczno\u015bciowe<\/strong>\u00a0i jest skupiony na tworzeniu przysz\u0142ych produkt\u00f3w, takich jak\u00a0<strong>metaverse<\/strong>&#8230;<\/p>\n<a href=\"https:\/\/www.pcworld.pl\/news\/Facebook-zmieni-nazwe,432901.html\" target=\"_blank\" class=\"shortc-button medium red \">Wi\u0119cej dowiesz si\u0119 u \u017ar\u00f3d\u0142a &gt;<\/a>\n<h2><strong>Facebook chce unikn\u0105\u0107 kolejnej wpadki i dmucha na zimne<\/strong><\/h2>\n<h4>Dobrze poinformowane \u017ar\u00f3d\u0142a podaj\u0105, \u017ce Facebook wstrzymuje si\u0119 z wprowadzaniem do oferty szeregu nowych rozwi\u0105za\u0144, gdy\u017c chce wcze\u015bniej sprawdzi\u0107 czy nie zaszkodz\u0105 one jego wizerunkowi. Pragmie w ten spos\u00f3b zapobiec publicznej krytyce swoich posuni\u0119\u0107.<\/h4>\n<p>Chodzi tu g\u0142\u00f3wnie o sprawdzenie, jak nowe produkty zostan\u0105 przyj\u0119te przez m\u0142odsze pokolenie. Niekt\u00f3re serwisy informuj\u0105, \u017ce firma powo\u0142a\u0142a nawet do \u017cycia grup\u0119 ekspert\u00f3w analizuj\u0105c\u0105 internetowe trendy i sprawdzaj\u0105c\u0105, czy oczekuj\u0105ce na premier\u0119 produkty mo\u017cna ju\u017c wprowadzi\u0107 czy do oferty, czy te\u017c op\u00f3\u017ani\u0107 ten moment, wzgl\u0119dnie od\u0142o\u017cy\u0107 je w og\u00f3le na p\u00f3\u0142k\u0119, gdy\u017c przynios\u0105 wi\u0119cej szk\u00f3d ni\u017c zysk\u00f3w&#8230;<\/p>\n<a href=\"https:\/\/www.computerworld.pl\/news\/Facebook-chce-uniknac-kolejnej-wpadki-i-dmucha-na-zimne,432483.html\" target=\"_blank\" class=\"shortc-button medium red \">Wi\u0119cej dowiesz si\u0119 u \u017ar\u00f3d\u0142a &gt;<\/a>\n<h2>Facebook i Twitter maj\u0105 powody do zmartwienia<\/h2>\n<h4>Okazuje si\u0119, \u017ce Twitter i Facebook znalaz\u0142y si\u0119 w grupie najmniej lubianych platform medi\u00f3w spo\u0142eczno\u015bciowych, jakie zosta\u0142y wskazane w jednym z bada\u0144 przez u\u017cytkownik\u00f3w nale\u017c\u0105cych do okre\u015blonej grupy wiekowej. I tu zaskoczenie, gdy\u017c nie chodzi o starsze pokolenie, ale o nastolatk\u00f3w (\u015brednia wieku badanych os\u00f3b to 15,8 lat).<\/h4>\n<p>S\u0105 to co prawda ameryka\u0144skie nastolatki i trudno powiedzie\u0107, czy tak samo jest w krajach europejskich albo w Polsce, ale by\u0107 mo\u017ce jest podobnie. Chodzi o badanie \u201eTaking Stock With Teens\u201d, w kt\u00f3rym szereg pyta\u0144 dotycz\u0105cych medi\u00f3w spo\u0142eczno\u015bciwych zadano 10 tys. nastolatk\u00f3w zamieszkuj\u0105cych wszystkie stany USA&#8230;<\/p>\n<a href=\"https:\/\/www.computerworld.pl\/news\/Facebook-i-Twitter-maja-powody-do-zmartwienia,432530.html\" target=\"_blank\" class=\"shortc-button medium red \">Wi\u0119cej dowiesz si\u0119 u \u017ar\u00f3d\u0142a &gt;<\/a>\n<p>&nbsp;<\/p>\n<p><img loading=\"lazy\" decoding=\"async\" class=\"wp-image-1410791 aligncenter\" src=\"https:\/\/legiobiznes.pl\/I\/wp-content\/uploads\/2021\/09\/sklep-z-kosmetykami.png\" alt=\"sklep z kosmetykami\" width=\"1049\" height=\"328\" srcset=\"https:\/\/legiobiznes.pl\/I\/wp-content\/uploads\/2021\/09\/sklep-z-kosmetykami.png 1920w, https:\/\/legiobiznes.pl\/I\/wp-content\/uploads\/2021\/09\/sklep-z-kosmetykami-300x94.png 300w, https:\/\/legiobiznes.pl\/I\/wp-content\/uploads\/2021\/09\/sklep-z-kosmetykami-1024x320.png 1024w, https:\/\/legiobiznes.pl\/I\/wp-content\/uploads\/2021\/09\/sklep-z-kosmetykami-768x240.png 768w, https:\/\/legiobiznes.pl\/I\/wp-content\/uploads\/2021\/09\/sklep-z-kosmetykami-1536x480.png 1536w\" sizes=\"auto, (max-width: 1049px) 100vw, 1049px\" \/><\/p>\n<h2 class=\"contentHeader\"><strong>By\u0142a pracownica Facebooka ujawni\u0142a niepokoj\u0105ce fakty na temat dzia\u0142ania serwisu<\/strong><\/h2>\n<h4>Ameryka\u0144ska prasa otrzymywa\u0142a dokumenty Facebooka, kt\u00f3re wskazywa\u0142y na szkodliwy wp\u0142yw serwisu na zdrowie psychiczne dzieci i problemy spo\u0142eczne. Anonimowym nadawc\u0105 materia\u0142\u00f3w okaza\u0142a si\u0119 Frances Haugen. Kobieta ujawni\u0142a swoj\u0105 to\u017csamo\u015b\u0107 w wywiadzie telewizyjnym.<\/h4>\n<p>\u201eWyb\u00f3r zysku nad bezpiecze\u0144stwem\u201d \u2013 z takim zarzutem spotka\u0142 si\u0119 Facebook ze strony Frances Haugen. Kobieta anonimowo przekazywa\u0142a wewn\u0119trzne dokumenty Facebooka do \u201eThe Wall Street Journal\u201d. W materia\u0142ach znajdowa\u0142y si\u0119 dowody na to, \u017ce Facebook mia\u0142 \u015bwiadomo\u015b\u0107, jak szkodliwe s\u0105 jego produkty dla m\u0142odych os\u00f3b&#8230;<\/p>\n<a href=\"https:\/\/nowymarketing.pl\/a\/34535,byla-pracownica-facebooka-ujawnila-niepokojace-fakty-na-temat-dzialania-serwisu?utm_source=feedburner&amp;utm_medium=feed&amp;utm_campaign=Feed%3A+nowymarketing%2Ffeed+%28NowyMarketing.pl%29\" target=\"_blank\" class=\"shortc-button medium red \">Wi\u0119cej dowiesz si\u0119 u \u017ar\u00f3d\u0142a &gt;<\/a>\n<h2 class=\"text-2xl md:text-5xl tacking-tighter font-semibold leading-snug mb-6 text-white\"><strong>Co by si\u0119 sta\u0142o, gdyby awaria Facebooka trwa\u0142a nie 6h a dwa tygodnie?<\/strong><\/h2>\n<h4>Facebook opu\u015bci\u0142 nas na p\u00f3\u0142 dnia i przez ten czas sta\u0142o si\u0119&#8230; praktycznie nic. Jednak gdyby znik\u0142 na 2 tygodnie, wszyscy by\u015bmy to odczuli.<\/h4>\n<p>O tym, co sta\u0142o si\u0119 wczoraj p\u00f3\u017anym popo\u0142udniem rozpisali si\u0119 dzi\u015b wszyscy (\u0142\u0105cznie z nami &#8211;\u00a0powody awarii Facebooka znajdziecie tutaj).\u00a0Ka\u017cdy z nas prze\u017cywa\u0142 te godziny nieco inaczej. Jedni tego nie zauwa\u017cyli, innym uci\u0119\u0142o mo\u017cliwo\u015b\u0107 rozmowy ze znajomymi w samym \u015brodku istotnej konwersacji, a jeszcze inni musieli z tego powodu zmieni\u0107 plany na wiecz\u00f3r, poniewa\u017c nie mogli dokona\u0107 ustale\u0144 z lud\u017ami, z kt\u00f3rymi kontakt mieli tylko przez te platformy. Dzi\u015b rano wszystko wr\u00f3ci\u0142o do normy i tym, kt\u00f3rym awaria faktycznie przeszkadza\u0142a po problemie zosta\u0142o ju\u017c tylko nieprzyjemne wspomnienie&#8230;<\/p>\n<a href=\"https:\/\/antyweb.pl\/co-by-sie-stalo-gdyby-awaria-facebooka-trwala-nie-6h-a-dwa-tygodnie\" target=\"_blank\" class=\"shortc-button medium red \">Wi\u0119cej dowiesz si\u0119 u \u017ar\u00f3d\u0142a &gt;<\/a>\n<h2 class=\"post-title\"><strong>YouTube wprowadzi sprzeda\u017c podczas transmisji na \u017cywo jeszcze przed Bo\u017cym Narodzeniem<\/strong><\/h2>\n<h4>YouTube chce otworzy\u0107 si\u0119 na sprzedawc\u00f3w i reklamodawc\u00f3w. Dlatego postanowi\u0142 uruchomi\u0107 transmisj\u0119 live po\u0142\u0105czon\u0105 ze sprzeda\u017c\u0105.<\/h4>\n<p>Bo\u017ce Narodzenie zbli\u017ca si\u0119 wielkimi krokami. Pozosta\u0142o do niego ju\u017c tylko 64 dni. Dlatego te\u017c social media i r\u00f3\u017cne platformy, chc\u0105 do tych dni przegotowa\u0107 si\u0119 w nale\u017cyty spos\u00f3b. Dlatego te\u017c dodaj\u0105 nowe opcje reklamowe i zakupowe. Nie inaczej jest w przypadku serwisu YouTube, kt\u00f3ry wprowadzi\u0142 sprzeda\u017c podczas transmisji na \u017cywo&#8230;<\/p>\n<a href=\"https:\/\/socialpress.pl\/2021\/10\/youtube-wprowadzi-sprzedaz-podczas-transmisji-na-zywo-jeszcze-przed-bozym-narodzeniem\" target=\"_blank\" class=\"shortc-button medium red \">Wi\u0119cej dowiesz si\u0119 u \u017ar\u00f3d\u0142a &gt;<\/a>\n","protected":false},"excerpt":{"rendered":"<p>Facebook oskar\u017ca obywatela Ukrainy o kradzie\u017c danych 178 mln os\u00f3b Akt oskar\u017cenia wp\u0142yn\u0105\u0142 ju\u017c do s\u0105du w Kalifornii. Facebook\u00a0oskar\u017ca niejakiego Aleksandra Aleksandrowicza Solonczenk\u0119 o to, \u017ce wykorzysta\u0142 podatno\u015b\u0107 w komunikatorze Messenger, aby od stycznia 2018 do wrze\u015bnia 2019 roku\u00a0zdoby\u0107 dane osobowe ok. 178 milion\u00f3w u\u017cytkownik\u00f3w sieci spo\u0142eczno\u015bciowej. Pozyskiwane w ten spos\u00f3b informacje sprzedawa\u0142 na czarnym &hellip;<\/p>\n","protected":false},"author":1,"featured_media":1418455,"comment_status":"open","ping_status":"closed","sticky":false,"template":"","format":"standard","meta":{"footnotes":""},"categories":[1312],"tags":[1361,1549,1331],"class_list":["post-1418454","post","type-post","status-publish","format-standard","has-post-thumbnail","","category-social-media","tag-facebook","tag-twitter","tag-youtube"],"yoast_head":"<!-- This site is optimized with the Yoast SEO plugin v27.5 - https:\/\/yoast.com\/product\/yoast-seo-wordpress\/ -->\n<title>Facebook oskar\u017ca obywatela Ukrainy o kradzie\u017c danych. Facebook zmieni nazw\u0119. By\u0142a pracownica Facebooka ujawni\u0142a niepokoj\u0105ce fakty &#187; Legiobiznes.pl<\/title>\n<meta name=\"description\" content=\"Facebook oskar\u017ca obywatela Ukrainy o kradzie\u017c danych. Facebook zmieni nazw\u0119. By\u0142a pracownica Facebooka ujawni\u0142a niepokoj\u0105ce fakty\" \/>\n<meta name=\"robots\" content=\"index, follow, max-snippet:-1, max-image-preview:large, max-video-preview:-1\" \/>\n<link rel=\"canonical\" href=\"https:\/\/legiobiznes.pl\/I\/facebook-oskarza-obywatela-ukrainy-o-kradziez-danych-facebook-zmieni-nazwe-byla-pracownica-facebooka-ujawnila-niepokojace-fakty\/\" \/>\n<meta property=\"og:locale\" content=\"pl_PL\" \/>\n<meta property=\"og:type\" content=\"article\" \/>\n<meta property=\"og:title\" content=\"Facebook oskar\u017ca obywatela Ukrainy o kradzie\u017c danych. Facebook zmieni nazw\u0119. By\u0142a pracownica Facebooka ujawni\u0142a niepokoj\u0105ce fakty &#187; Legiobiznes.pl\" \/>\n<meta property=\"og:description\" content=\"Facebook oskar\u017ca obywatela Ukrainy o kradzie\u017c danych. Facebook zmieni nazw\u0119. By\u0142a pracownica Facebooka ujawni\u0142a niepokoj\u0105ce fakty\" \/>\n<meta property=\"og:url\" content=\"https:\/\/legiobiznes.pl\/I\/facebook-oskarza-obywatela-ukrainy-o-kradziez-danych-facebook-zmieni-nazwe-byla-pracownica-facebooka-ujawnila-niepokojace-fakty\/\" \/>\n<meta property=\"og:site_name\" content=\"Legiobiznes.pl\" \/>\n<meta property=\"article:publisher\" content=\"https:\/\/www.facebook.com\/LegioBiznes\/\" \/>\n<meta property=\"article:published_time\" content=\"2021-10-25T13:56:07+00:00\" \/>\n<meta property=\"article:modified_time\" content=\"2023-03-07T14:34:23+00:00\" \/>\n<meta property=\"og:image\" content=\"https:\/\/legiobiznes.pl\/I\/wp-content\/uploads\/2021\/10\/Facebook-oskarza-obywatela-Ukrainy-o-kradziez-danych.-Facebook-zmieni-nazwe.-Byla-pracownica-Facebooka-ujawnila-niepokojace-fakty.jpg\" \/>\n\t<meta property=\"og:image:width\" content=\"1280\" \/>\n\t<meta property=\"og:image:height\" content=\"840\" \/>\n\t<meta property=\"og:image:type\" content=\"image\/jpeg\" \/>\n<meta name=\"author\" content=\"Legiobiznes.pl\" \/>\n<meta name=\"twitter:card\" content=\"summary_large_image\" \/>\n<meta name=\"twitter:creator\" content=\"@LegioBiznesPL\" \/>\n<meta name=\"twitter:site\" content=\"@LegioBiznesPL\" \/>\n<meta name=\"twitter:label1\" content=\"Napisane przez\" \/>\n\t<meta name=\"twitter:data1\" content=\"Legiobiznes.pl\" \/>\n\t<meta name=\"twitter:label2\" content=\"Szacowany czas czytania\" \/>\n\t<meta name=\"twitter:data2\" content=\"5 minut\" \/>\n<script type=\"application\/ld+json\" class=\"yoast-schema-graph\">{\"@context\":\"https:\\\/\\\/schema.org\",\"@graph\":[{\"@type\":\"Article\",\"@id\":\"https:\\\/\\\/legiobiznes.pl\\\/I\\\/facebook-oskarza-obywatela-ukrainy-o-kradziez-danych-facebook-zmieni-nazwe-byla-pracownica-facebooka-ujawnila-niepokojace-fakty\\\/#article\",\"isPartOf\":{\"@id\":\"https:\\\/\\\/legiobiznes.pl\\\/I\\\/facebook-oskarza-obywatela-ukrainy-o-kradziez-danych-facebook-zmieni-nazwe-byla-pracownica-facebooka-ujawnila-niepokojace-fakty\\\/\"},\"author\":{\"name\":\"Legiobiznes.pl\",\"@id\":\"https:\\\/\\\/legiobiznes.pl\\\/I\\\/#\\\/schema\\\/person\\\/33c4505a5d28a7c944baf038996052d4\"},\"headline\":\"Facebook oskar\u017ca obywatela Ukrainy o kradzie\u017c danych. Facebook zmieni nazw\u0119. By\u0142a pracownica Facebooka ujawni\u0142a niepokoj\u0105ce fakty\",\"datePublished\":\"2021-10-25T13:56:07+00:00\",\"dateModified\":\"2023-03-07T14:34:23+00:00\",\"mainEntityOfPage\":{\"@id\":\"https:\\\/\\\/legiobiznes.pl\\\/I\\\/facebook-oskarza-obywatela-ukrainy-o-kradziez-danych-facebook-zmieni-nazwe-byla-pracownica-facebooka-ujawnila-niepokojace-fakty\\\/\"},\"wordCount\":966,\"commentCount\":0,\"publisher\":{\"@id\":\"https:\\\/\\\/legiobiznes.pl\\\/I\\\/#organization\"},\"image\":{\"@id\":\"https:\\\/\\\/legiobiznes.pl\\\/I\\\/facebook-oskarza-obywatela-ukrainy-o-kradziez-danych-facebook-zmieni-nazwe-byla-pracownica-facebooka-ujawnila-niepokojace-fakty\\\/#primaryimage\"},\"thumbnailUrl\":\"https:\\\/\\\/legiobiznes.pl\\\/I\\\/wp-content\\\/uploads\\\/2021\\\/10\\\/Facebook-oskarza-obywatela-Ukrainy-o-kradziez-danych.-Facebook-zmieni-nazwe.-Byla-pracownica-Facebooka-ujawnila-niepokojace-fakty.jpg\",\"keywords\":[\"Facebook\",\"Twitter\",\"YouTube\"],\"articleSection\":[\"Social Media\"],\"inLanguage\":\"pl-PL\",\"potentialAction\":[{\"@type\":\"CommentAction\",\"name\":\"Comment\",\"target\":[\"https:\\\/\\\/legiobiznes.pl\\\/I\\\/facebook-oskarza-obywatela-ukrainy-o-kradziez-danych-facebook-zmieni-nazwe-byla-pracownica-facebooka-ujawnila-niepokojace-fakty\\\/#respond\"]}]},{\"@type\":\"WebPage\",\"@id\":\"https:\\\/\\\/legiobiznes.pl\\\/I\\\/facebook-oskarza-obywatela-ukrainy-o-kradziez-danych-facebook-zmieni-nazwe-byla-pracownica-facebooka-ujawnila-niepokojace-fakty\\\/\",\"url\":\"https:\\\/\\\/legiobiznes.pl\\\/I\\\/facebook-oskarza-obywatela-ukrainy-o-kradziez-danych-facebook-zmieni-nazwe-byla-pracownica-facebooka-ujawnila-niepokojace-fakty\\\/\",\"name\":\"Facebook oskar\u017ca obywatela Ukrainy o kradzie\u017c danych. Facebook zmieni nazw\u0119. By\u0142a pracownica Facebooka ujawni\u0142a niepokoj\u0105ce fakty &#187; Legiobiznes.pl\",\"isPartOf\":{\"@id\":\"https:\\\/\\\/legiobiznes.pl\\\/I\\\/#website\"},\"primaryImageOfPage\":{\"@id\":\"https:\\\/\\\/legiobiznes.pl\\\/I\\\/facebook-oskarza-obywatela-ukrainy-o-kradziez-danych-facebook-zmieni-nazwe-byla-pracownica-facebooka-ujawnila-niepokojace-fakty\\\/#primaryimage\"},\"image\":{\"@id\":\"https:\\\/\\\/legiobiznes.pl\\\/I\\\/facebook-oskarza-obywatela-ukrainy-o-kradziez-danych-facebook-zmieni-nazwe-byla-pracownica-facebooka-ujawnila-niepokojace-fakty\\\/#primaryimage\"},\"thumbnailUrl\":\"https:\\\/\\\/legiobiznes.pl\\\/I\\\/wp-content\\\/uploads\\\/2021\\\/10\\\/Facebook-oskarza-obywatela-Ukrainy-o-kradziez-danych.-Facebook-zmieni-nazwe.-Byla-pracownica-Facebooka-ujawnila-niepokojace-fakty.jpg\",\"datePublished\":\"2021-10-25T13:56:07+00:00\",\"dateModified\":\"2023-03-07T14:34:23+00:00\",\"description\":\"Facebook oskar\u017ca obywatela Ukrainy o kradzie\u017c danych. Facebook zmieni nazw\u0119. By\u0142a pracownica Facebooka ujawni\u0142a niepokoj\u0105ce fakty\",\"breadcrumb\":{\"@id\":\"https:\\\/\\\/legiobiznes.pl\\\/I\\\/facebook-oskarza-obywatela-ukrainy-o-kradziez-danych-facebook-zmieni-nazwe-byla-pracownica-facebooka-ujawnila-niepokojace-fakty\\\/#breadcrumb\"},\"inLanguage\":\"pl-PL\",\"potentialAction\":[{\"@type\":\"ReadAction\",\"target\":[\"https:\\\/\\\/legiobiznes.pl\\\/I\\\/facebook-oskarza-obywatela-ukrainy-o-kradziez-danych-facebook-zmieni-nazwe-byla-pracownica-facebooka-ujawnila-niepokojace-fakty\\\/\"]}]},{\"@type\":\"ImageObject\",\"inLanguage\":\"pl-PL\",\"@id\":\"https:\\\/\\\/legiobiznes.pl\\\/I\\\/facebook-oskarza-obywatela-ukrainy-o-kradziez-danych-facebook-zmieni-nazwe-byla-pracownica-facebooka-ujawnila-niepokojace-fakty\\\/#primaryimage\",\"url\":\"https:\\\/\\\/legiobiznes.pl\\\/I\\\/wp-content\\\/uploads\\\/2021\\\/10\\\/Facebook-oskarza-obywatela-Ukrainy-o-kradziez-danych.-Facebook-zmieni-nazwe.-Byla-pracownica-Facebooka-ujawnila-niepokojace-fakty.jpg\",\"contentUrl\":\"https:\\\/\\\/legiobiznes.pl\\\/I\\\/wp-content\\\/uploads\\\/2021\\\/10\\\/Facebook-oskarza-obywatela-Ukrainy-o-kradziez-danych.-Facebook-zmieni-nazwe.-Byla-pracownica-Facebooka-ujawnila-niepokojace-fakty.jpg\",\"width\":1280,\"height\":840,\"caption\":\"Facebook oskar\u017ca obywatela Ukrainy o kradzie\u017c danych. Facebook zmieni nazw\u0119. By\u0142a pracownica Facebooka ujawni\u0142a niepokoj\u0105ce fakty\"},{\"@type\":\"BreadcrumbList\",\"@id\":\"https:\\\/\\\/legiobiznes.pl\\\/I\\\/facebook-oskarza-obywatela-ukrainy-o-kradziez-danych-facebook-zmieni-nazwe-byla-pracownica-facebooka-ujawnila-niepokojace-fakty\\\/#breadcrumb\",\"itemListElement\":[{\"@type\":\"ListItem\",\"position\":1,\"name\":\"Strona g\u0142\u00f3wna\",\"item\":\"https:\\\/\\\/legiobiznes.pl\\\/I\\\/\"},{\"@type\":\"ListItem\",\"position\":2,\"name\":\"Facebook oskar\u017ca obywatela Ukrainy o kradzie\u017c danych. Facebook zmieni nazw\u0119. By\u0142a pracownica Facebooka ujawni\u0142a niepokoj\u0105ce fakty\"}]},{\"@type\":\"WebSite\",\"@id\":\"https:\\\/\\\/legiobiznes.pl\\\/I\\\/#website\",\"url\":\"https:\\\/\\\/legiobiznes.pl\\\/I\\\/\",\"name\":\"Legiobiznes.pl\",\"description\":\"Kryptowaluty, Bezpiecze\u0144stwo IT, E-biznes | LegioBiznes.PL\",\"publisher\":{\"@id\":\"https:\\\/\\\/legiobiznes.pl\\\/I\\\/#organization\"},\"potentialAction\":[{\"@type\":\"SearchAction\",\"target\":{\"@type\":\"EntryPoint\",\"urlTemplate\":\"https:\\\/\\\/legiobiznes.pl\\\/I\\\/?s={search_term_string}\"},\"query-input\":{\"@type\":\"PropertyValueSpecification\",\"valueRequired\":true,\"valueName\":\"search_term_string\"}}],\"inLanguage\":\"pl-PL\"},{\"@type\":\"Organization\",\"@id\":\"https:\\\/\\\/legiobiznes.pl\\\/I\\\/#organization\",\"name\":\"LegioBiznes.PL\",\"url\":\"https:\\\/\\\/legiobiznes.pl\\\/I\\\/\",\"logo\":{\"@type\":\"ImageObject\",\"inLanguage\":\"pl-PL\",\"@id\":\"https:\\\/\\\/legiobiznes.pl\\\/I\\\/#\\\/schema\\\/logo\\\/image\\\/\",\"url\":\"https:\\\/\\\/legiobiznes.pl\\\/I\\\/wp-content\\\/uploads\\\/2017\\\/08\\\/legiobiznespl-logo2-e1503834302371.png\",\"contentUrl\":\"https:\\\/\\\/legiobiznes.pl\\\/I\\\/wp-content\\\/uploads\\\/2017\\\/08\\\/legiobiznespl-logo2-e1503834302371.png\",\"width\":180,\"height\":76,\"caption\":\"LegioBiznes.PL\"},\"image\":{\"@id\":\"https:\\\/\\\/legiobiznes.pl\\\/I\\\/#\\\/schema\\\/logo\\\/image\\\/\"},\"sameAs\":[\"https:\\\/\\\/www.facebook.com\\\/LegioBiznes\\\/\",\"https:\\\/\\\/x.com\\\/LegioBiznesPL\",\"https:\\\/\\\/www.youtube.com\\\/channel\\\/UCEhszB39vxk96yIXD-jOORw\"]},{\"@type\":\"Person\",\"@id\":\"https:\\\/\\\/legiobiznes.pl\\\/I\\\/#\\\/schema\\\/person\\\/33c4505a5d28a7c944baf038996052d4\",\"name\":\"Legiobiznes.pl\",\"image\":{\"@type\":\"ImageObject\",\"inLanguage\":\"pl-PL\",\"@id\":\"https:\\\/\\\/legiobiznes.pl\\\/I\\\/wp-content\\\/uploads\\\/2019\\\/07\\\/favicon-Legiobiznes-150x150.png\",\"url\":\"https:\\\/\\\/legiobiznes.pl\\\/I\\\/wp-content\\\/uploads\\\/2019\\\/07\\\/favicon-Legiobiznes-150x150.png\",\"contentUrl\":\"https:\\\/\\\/legiobiznes.pl\\\/I\\\/wp-content\\\/uploads\\\/2019\\\/07\\\/favicon-Legiobiznes-150x150.png\",\"caption\":\"Legiobiznes.pl\"},\"description\":\"Budowa i tworzenie profesjonalnych, responsywnych (RWD) stron www. Pozycjonowanie SEO, sklepy internetowe eSklep...\",\"url\":\"https:\\\/\\\/legiobiznes.pl\\\/I\\\/author\\\/boss\\\/\"}]}<\/script>\n<!-- \/ Yoast SEO plugin. -->","yoast_head_json":{"title":"Facebook oskar\u017ca obywatela Ukrainy o kradzie\u017c danych. Facebook zmieni nazw\u0119. By\u0142a pracownica Facebooka ujawni\u0142a niepokoj\u0105ce fakty &#187; Legiobiznes.pl","description":"Facebook oskar\u017ca obywatela Ukrainy o kradzie\u017c danych. Facebook zmieni nazw\u0119. By\u0142a pracownica Facebooka ujawni\u0142a niepokoj\u0105ce fakty","robots":{"index":"index","follow":"follow","max-snippet":"max-snippet:-1","max-image-preview":"max-image-preview:large","max-video-preview":"max-video-preview:-1"},"canonical":"https:\/\/legiobiznes.pl\/I\/facebook-oskarza-obywatela-ukrainy-o-kradziez-danych-facebook-zmieni-nazwe-byla-pracownica-facebooka-ujawnila-niepokojace-fakty\/","og_locale":"pl_PL","og_type":"article","og_title":"Facebook oskar\u017ca obywatela Ukrainy o kradzie\u017c danych. Facebook zmieni nazw\u0119. By\u0142a pracownica Facebooka ujawni\u0142a niepokoj\u0105ce fakty &#187; Legiobiznes.pl","og_description":"Facebook oskar\u017ca obywatela Ukrainy o kradzie\u017c danych. Facebook zmieni nazw\u0119. By\u0142a pracownica Facebooka ujawni\u0142a niepokoj\u0105ce fakty","og_url":"https:\/\/legiobiznes.pl\/I\/facebook-oskarza-obywatela-ukrainy-o-kradziez-danych-facebook-zmieni-nazwe-byla-pracownica-facebooka-ujawnila-niepokojace-fakty\/","og_site_name":"Legiobiznes.pl","article_publisher":"https:\/\/www.facebook.com\/LegioBiznes\/","article_published_time":"2021-10-25T13:56:07+00:00","article_modified_time":"2023-03-07T14:34:23+00:00","og_image":[{"width":1280,"height":840,"url":"https:\/\/legiobiznes.pl\/I\/wp-content\/uploads\/2021\/10\/Facebook-oskarza-obywatela-Ukrainy-o-kradziez-danych.-Facebook-zmieni-nazwe.-Byla-pracownica-Facebooka-ujawnila-niepokojace-fakty.jpg","type":"image\/jpeg"}],"author":"Legiobiznes.pl","twitter_card":"summary_large_image","twitter_creator":"@LegioBiznesPL","twitter_site":"@LegioBiznesPL","twitter_misc":{"Napisane przez":"Legiobiznes.pl","Szacowany czas czytania":"5 minut"},"schema":{"@context":"https:\/\/schema.org","@graph":[{"@type":"Article","@id":"https:\/\/legiobiznes.pl\/I\/facebook-oskarza-obywatela-ukrainy-o-kradziez-danych-facebook-zmieni-nazwe-byla-pracownica-facebooka-ujawnila-niepokojace-fakty\/#article","isPartOf":{"@id":"https:\/\/legiobiznes.pl\/I\/facebook-oskarza-obywatela-ukrainy-o-kradziez-danych-facebook-zmieni-nazwe-byla-pracownica-facebooka-ujawnila-niepokojace-fakty\/"},"author":{"name":"Legiobiznes.pl","@id":"https:\/\/legiobiznes.pl\/I\/#\/schema\/person\/33c4505a5d28a7c944baf038996052d4"},"headline":"Facebook oskar\u017ca obywatela Ukrainy o kradzie\u017c danych. Facebook zmieni nazw\u0119. By\u0142a pracownica Facebooka ujawni\u0142a niepokoj\u0105ce fakty","datePublished":"2021-10-25T13:56:07+00:00","dateModified":"2023-03-07T14:34:23+00:00","mainEntityOfPage":{"@id":"https:\/\/legiobiznes.pl\/I\/facebook-oskarza-obywatela-ukrainy-o-kradziez-danych-facebook-zmieni-nazwe-byla-pracownica-facebooka-ujawnila-niepokojace-fakty\/"},"wordCount":966,"commentCount":0,"publisher":{"@id":"https:\/\/legiobiznes.pl\/I\/#organization"},"image":{"@id":"https:\/\/legiobiznes.pl\/I\/facebook-oskarza-obywatela-ukrainy-o-kradziez-danych-facebook-zmieni-nazwe-byla-pracownica-facebooka-ujawnila-niepokojace-fakty\/#primaryimage"},"thumbnailUrl":"https:\/\/legiobiznes.pl\/I\/wp-content\/uploads\/2021\/10\/Facebook-oskarza-obywatela-Ukrainy-o-kradziez-danych.-Facebook-zmieni-nazwe.-Byla-pracownica-Facebooka-ujawnila-niepokojace-fakty.jpg","keywords":["Facebook","Twitter","YouTube"],"articleSection":["Social Media"],"inLanguage":"pl-PL","potentialAction":[{"@type":"CommentAction","name":"Comment","target":["https:\/\/legiobiznes.pl\/I\/facebook-oskarza-obywatela-ukrainy-o-kradziez-danych-facebook-zmieni-nazwe-byla-pracownica-facebooka-ujawnila-niepokojace-fakty\/#respond"]}]},{"@type":"WebPage","@id":"https:\/\/legiobiznes.pl\/I\/facebook-oskarza-obywatela-ukrainy-o-kradziez-danych-facebook-zmieni-nazwe-byla-pracownica-facebooka-ujawnila-niepokojace-fakty\/","url":"https:\/\/legiobiznes.pl\/I\/facebook-oskarza-obywatela-ukrainy-o-kradziez-danych-facebook-zmieni-nazwe-byla-pracownica-facebooka-ujawnila-niepokojace-fakty\/","name":"Facebook oskar\u017ca obywatela Ukrainy o kradzie\u017c danych. Facebook zmieni nazw\u0119. By\u0142a pracownica Facebooka ujawni\u0142a niepokoj\u0105ce fakty &#187; Legiobiznes.pl","isPartOf":{"@id":"https:\/\/legiobiznes.pl\/I\/#website"},"primaryImageOfPage":{"@id":"https:\/\/legiobiznes.pl\/I\/facebook-oskarza-obywatela-ukrainy-o-kradziez-danych-facebook-zmieni-nazwe-byla-pracownica-facebooka-ujawnila-niepokojace-fakty\/#primaryimage"},"image":{"@id":"https:\/\/legiobiznes.pl\/I\/facebook-oskarza-obywatela-ukrainy-o-kradziez-danych-facebook-zmieni-nazwe-byla-pracownica-facebooka-ujawnila-niepokojace-fakty\/#primaryimage"},"thumbnailUrl":"https:\/\/legiobiznes.pl\/I\/wp-content\/uploads\/2021\/10\/Facebook-oskarza-obywatela-Ukrainy-o-kradziez-danych.-Facebook-zmieni-nazwe.-Byla-pracownica-Facebooka-ujawnila-niepokojace-fakty.jpg","datePublished":"2021-10-25T13:56:07+00:00","dateModified":"2023-03-07T14:34:23+00:00","description":"Facebook oskar\u017ca obywatela Ukrainy o kradzie\u017c danych. Facebook zmieni nazw\u0119. By\u0142a pracownica Facebooka ujawni\u0142a niepokoj\u0105ce fakty","breadcrumb":{"@id":"https:\/\/legiobiznes.pl\/I\/facebook-oskarza-obywatela-ukrainy-o-kradziez-danych-facebook-zmieni-nazwe-byla-pracownica-facebooka-ujawnila-niepokojace-fakty\/#breadcrumb"},"inLanguage":"pl-PL","potentialAction":[{"@type":"ReadAction","target":["https:\/\/legiobiznes.pl\/I\/facebook-oskarza-obywatela-ukrainy-o-kradziez-danych-facebook-zmieni-nazwe-byla-pracownica-facebooka-ujawnila-niepokojace-fakty\/"]}]},{"@type":"ImageObject","inLanguage":"pl-PL","@id":"https:\/\/legiobiznes.pl\/I\/facebook-oskarza-obywatela-ukrainy-o-kradziez-danych-facebook-zmieni-nazwe-byla-pracownica-facebooka-ujawnila-niepokojace-fakty\/#primaryimage","url":"https:\/\/legiobiznes.pl\/I\/wp-content\/uploads\/2021\/10\/Facebook-oskarza-obywatela-Ukrainy-o-kradziez-danych.-Facebook-zmieni-nazwe.-Byla-pracownica-Facebooka-ujawnila-niepokojace-fakty.jpg","contentUrl":"https:\/\/legiobiznes.pl\/I\/wp-content\/uploads\/2021\/10\/Facebook-oskarza-obywatela-Ukrainy-o-kradziez-danych.-Facebook-zmieni-nazwe.-Byla-pracownica-Facebooka-ujawnila-niepokojace-fakty.jpg","width":1280,"height":840,"caption":"Facebook oskar\u017ca obywatela Ukrainy o kradzie\u017c danych. Facebook zmieni nazw\u0119. By\u0142a pracownica Facebooka ujawni\u0142a niepokoj\u0105ce fakty"},{"@type":"BreadcrumbList","@id":"https:\/\/legiobiznes.pl\/I\/facebook-oskarza-obywatela-ukrainy-o-kradziez-danych-facebook-zmieni-nazwe-byla-pracownica-facebooka-ujawnila-niepokojace-fakty\/#breadcrumb","itemListElement":[{"@type":"ListItem","position":1,"name":"Strona g\u0142\u00f3wna","item":"https:\/\/legiobiznes.pl\/I\/"},{"@type":"ListItem","position":2,"name":"Facebook oskar\u017ca obywatela Ukrainy o kradzie\u017c danych. Facebook zmieni nazw\u0119. By\u0142a pracownica Facebooka ujawni\u0142a niepokoj\u0105ce fakty"}]},{"@type":"WebSite","@id":"https:\/\/legiobiznes.pl\/I\/#website","url":"https:\/\/legiobiznes.pl\/I\/","name":"Legiobiznes.pl","description":"Kryptowaluty, Bezpiecze\u0144stwo IT, E-biznes | LegioBiznes.PL","publisher":{"@id":"https:\/\/legiobiznes.pl\/I\/#organization"},"potentialAction":[{"@type":"SearchAction","target":{"@type":"EntryPoint","urlTemplate":"https:\/\/legiobiznes.pl\/I\/?s={search_term_string}"},"query-input":{"@type":"PropertyValueSpecification","valueRequired":true,"valueName":"search_term_string"}}],"inLanguage":"pl-PL"},{"@type":"Organization","@id":"https:\/\/legiobiznes.pl\/I\/#organization","name":"LegioBiznes.PL","url":"https:\/\/legiobiznes.pl\/I\/","logo":{"@type":"ImageObject","inLanguage":"pl-PL","@id":"https:\/\/legiobiznes.pl\/I\/#\/schema\/logo\/image\/","url":"https:\/\/legiobiznes.pl\/I\/wp-content\/uploads\/2017\/08\/legiobiznespl-logo2-e1503834302371.png","contentUrl":"https:\/\/legiobiznes.pl\/I\/wp-content\/uploads\/2017\/08\/legiobiznespl-logo2-e1503834302371.png","width":180,"height":76,"caption":"LegioBiznes.PL"},"image":{"@id":"https:\/\/legiobiznes.pl\/I\/#\/schema\/logo\/image\/"},"sameAs":["https:\/\/www.facebook.com\/LegioBiznes\/","https:\/\/x.com\/LegioBiznesPL","https:\/\/www.youtube.com\/channel\/UCEhszB39vxk96yIXD-jOORw"]},{"@type":"Person","@id":"https:\/\/legiobiznes.pl\/I\/#\/schema\/person\/33c4505a5d28a7c944baf038996052d4","name":"Legiobiznes.pl","image":{"@type":"ImageObject","inLanguage":"pl-PL","@id":"https:\/\/legiobiznes.pl\/I\/wp-content\/uploads\/2019\/07\/favicon-Legiobiznes-150x150.png","url":"https:\/\/legiobiznes.pl\/I\/wp-content\/uploads\/2019\/07\/favicon-Legiobiznes-150x150.png","contentUrl":"https:\/\/legiobiznes.pl\/I\/wp-content\/uploads\/2019\/07\/favicon-Legiobiznes-150x150.png","caption":"Legiobiznes.pl"},"description":"Budowa i tworzenie profesjonalnych, responsywnych (RWD) stron www. Pozycjonowanie SEO, sklepy internetowe eSklep...","url":"https:\/\/legiobiznes.pl\/I\/author\/boss\/"}]}},"_links":{"self":[{"href":"https:\/\/legiobiznes.pl\/I\/wp-json\/wp\/v2\/posts\/1418454","targetHints":{"allow":["GET"]}}],"collection":[{"href":"https:\/\/legiobiznes.pl\/I\/wp-json\/wp\/v2\/posts"}],"about":[{"href":"https:\/\/legiobiznes.pl\/I\/wp-json\/wp\/v2\/types\/post"}],"author":[{"embeddable":true,"href":"https:\/\/legiobiznes.pl\/I\/wp-json\/wp\/v2\/users\/1"}],"replies":[{"embeddable":true,"href":"https:\/\/legiobiznes.pl\/I\/wp-json\/wp\/v2\/comments?post=1418454"}],"version-history":[{"count":0,"href":"https:\/\/legiobiznes.pl\/I\/wp-json\/wp\/v2\/posts\/1418454\/revisions"}],"wp:featuredmedia":[{"embeddable":true,"href":"https:\/\/legiobiznes.pl\/I\/wp-json\/wp\/v2\/media\/1418455"}],"wp:attachment":[{"href":"https:\/\/legiobiznes.pl\/I\/wp-json\/wp\/v2\/media?parent=1418454"}],"wp:term":[{"taxonomy":"category","embeddable":true,"href":"https:\/\/legiobiznes.pl\/I\/wp-json\/wp\/v2\/categories?post=1418454"},{"taxonomy":"post_tag","embeddable":true,"href":"https:\/\/legiobiznes.pl\/I\/wp-json\/wp\/v2\/tags?post=1418454"}],"curies":[{"name":"wp","href":"https:\/\/api.w.org\/{rel}","templated":true}]}}