{"id":1446932,"date":"2022-02-11T13:45:12","date_gmt":"2022-02-11T11:45:12","guid":{"rendered":"https:\/\/legiobiznes.pl\/I\/?p=1446932"},"modified":"2023-03-07T16:34:24","modified_gmt":"2023-03-07T14:34:24","slug":"facebook-zniknie-z-europy-meta-ma-problem-z-prywatnoscia-danych-w-ue-koniec-facebooka-to-nie-koniec-swiata-polski-rzad-bierze-sie-za-youtube","status":"publish","type":"post","link":"https:\/\/legiobiznes.pl\/I\/facebook-zniknie-z-europy-meta-ma-problem-z-prywatnoscia-danych-w-ue-koniec-facebooka-to-nie-koniec-swiata-polski-rzad-bierze-sie-za-youtube\/","title":{"rendered":"Facebook zniknie z Europy? Meta ma problem z prywatno\u015bci\u0105 danych w UE. Koniec Facebooka to nie koniec \u015bwiata. Polski rz\u0105d bierze si\u0119 za YouTube."},"content":{"rendered":"<h2 class=\"contentHeader\"><strong>Facebook zniknie z Europy? Meta ma problem z prywatno\u015bci\u0105 danych w UE<\/strong><\/h2>\n<h4>Meta informuje o mo\u017cliwo\u015bci zamkni\u0119cia Facebooka i Instagrama na europejskim rynku z powodu narzuconych przez Uni\u0119 Europejsk\u0105 zasad dotycz\u0105cych udost\u0119pniania danych.<\/h4>\n<p>Meta przedstawi\u0142a roczny raport, wed\u0142ug kt\u00f3rego dalsza dzia\u0142alno\u015b\u0107 Facebooka i Instagrama w Europie stoi pod znakiem zapytania. Pow\u00f3d? Ograniczenia w przetwarzaniu informacji o u\u017cytkownikach. Mark Zuckerberg podkre\u015bla, \u017ce europejskie przepisy dotycz\u0105ce danych osobowych zmniejszaj\u0105 mo\u017cliwo\u015b\u0107 przesy\u0142ania, przechowywania i przetwarzania informacji na temat u\u017cytkownik\u00f3w z Europy na serwerach w USA&#8230;<\/p>\n<a href=\"https:\/\/nowymarketing.pl\/a\/36410,aktualizacja-facebook-zniknie-z-europy-meta-ma-problem-z-prywatnoscia-danych-w-ue\" target=\"_blank\" class=\"shortc-button medium red \">Wi\u0119cej dowiesz si\u0119 u \u017ar\u00f3d\u0142a &gt;<\/a>\n<h2 class=\"text-2xl md:text-5xl tacking-tighter font-semibold leading-snug mb-6 text-white\"><strong>Koniec Facebooka to nie koniec \u015bwiata. To pocz\u0105tek lepszego<\/strong><\/h2>\n<h4>Meta odgra\u017ca si\u0119, \u017ce je\u017celi firma nie b\u0119dzie mog\u0142a przenosi\u0107 na ameryka\u0144skie serwery danych u\u017cytkownik\u00f3w z Europy (a tak\u017ce ich tam przetwarza\u0107), to wy\u0142\u0105cz\u0105 Facebooka i Instagrama. Minister finans\u00f3w Francji, Bruno Le Maire oraz Robert Habeck z nowoutworzonego rz\u0105du Niemiec uznali, \u017ce by\u0142oby to wprost wspania\u0142e. Wiecie, co? To pewnie by\u0142by jaki\u015b koniec \u015bwiata. Ale czy ten \u015bwiat jest w og\u00f3le &#8222;fajny&#8221;?<\/h4>\n<p>Biznes, w kt\u00f3rym ludzie i ich zaanga\u017cowanie stali si\u0119 surowcem: do uprawiania, wspierania oraz oczywi\u015bcie eksploatowania. Kolejne narz\u0119dzia Facebooka, funkcje, uk\u0142ad tre\u015bci mia\u0142 spowodowa\u0107, \u017ce ludzie b\u0119d\u0105 przesiadywa\u0107 &#8222;na fejsie&#8221;. A kto\u015b tam w tle b\u0119dzie liczy\u0142 pieni\u0105dze. Ludzie i tak sobie w ogromnym procencie nie zdaj\u0105 sprawy z tego, \u017ce przecie\u017c kto\u015b na tym, \u017ce oni tam w og\u00f3le istniej\u0105 &#8211; co\u015b zarabia&#8230;<\/p>\n<a href=\"https:\/\/antyweb.pl\/facebook-koniec-swiata\" target=\"_blank\" class=\"shortc-button medium red \">Wi\u0119cej dowiesz si\u0119 u \u017ar\u00f3d\u0142a &gt;<\/a>\n<h2><strong>Polski rz\u0105d bierze si\u0119 za YouTube. Nowy podatek dla tw\u00f3rc\u00f3w ju\u017c za kilka dni<\/strong><\/h2>\n<h4>Tw\u00f3rcy materia\u0142\u00f3w w\u00a0serwisie YouTube musz\u0105 przygotowa\u0107 si\u0119 na oddanie cz\u0119\u015bci swoich zarobk\u00f3w rz\u0105dowi. Podatek ma zosta\u0107 przeznaczony na rozw\u00f3j Polskiego Instytutu Sztuki Filmowej, a\u00a0termin zg\u0142osze\u0144 kana\u0142\u00f3w do KRRiT up\u0142ywa ju\u017c 1 lutego.<\/h4>\n<h4><strong>Tw\u00f3rcy na YouTube zarobi\u0105 mniej. Termin zg\u0142osze\u0144 dla tw\u00f3rc\u00f3w\u00a0mija ju\u017c 1 lutego<\/strong><\/h4>\n<p data-wtg-lazy=\"2\">Ustawa dotycz\u0105ca zg\u0142aszania nadawania do Krajowej Rady Radiofonii i\u00a0Telewizji (KRRiT) nie jest nowa &#8211;\u00a0<strong>zosta\u0142a przedstawiona ju\u017c w\u00a0sierpniu 2021 roku<\/strong>. I\u00a0cho\u0107 wej\u015bcie w\u00a0\u017cycie jej nowelizacji mia\u0142o miejsce 1 listopada 2021 roku, to\u00a0<strong>ju\u017c za kilka dni up\u0142ywa termin zg\u0142oszenia swoich kana\u0142\u00f3w\u00a0do KRRiT<\/strong>&#8230;<\/p>\n<p data-wtg-lazy=\"2\"><a href=\"https:\/\/www.benchmark.pl\/aktualnosci\/nowy-podatek-youtube-rzad-i-krrit-bierze-sie-za-youtuberow.html\" target=\"_blank\" class=\"shortc-button medium red \">Wi\u0119cej dowiesz si\u0119 u \u017ar\u00f3d\u0142a &gt;<\/a>\n<h2 class=\"post-title\"><strong>Kto ogl\u0105da\u0142 Tw\u00f3j profil na TikToku? Nied\u0142ugo si\u0119 tego dowiesz, dzi\u0119ki opcji, kt\u00f3ra powraca<\/strong><\/h2>\n<h4>TikTok zdecydowa\u0142 si\u0119 raz jeszcze przetestowa\u0107 opcj\u0119, z kt\u00f3rej zrezygnowa\u0142 jaki\u015b czas temu. Powodem ma by\u0107 wi\u0119ksza mo\u017cliwo\u015b\u0107 odkrywania interesuj\u0105cych profili przez u\u017cytkownik\u00f3w.<\/h4>\n<p>Ta opcja ju\u017c by\u0142a, ale wszystko wskazuje na to, \u017ce ju\u017c niebawem powinna pojawi\u0107 si\u0119 ponownie. TikTok pracuje najprawdopodobniej nad tym, aby\u015bmy mogli z powrotem ogl\u0105da\u0107 te profile, kt\u00f3re odwiedza\u0142y nasze konto. Jednak teraz, b\u0119dzie to na nieco innych warunkach&#8230;<\/p>\n<a href=\"https:\/\/socialpress.pl\/2022\/01\/kto-ogladal-twoj-profil-na-tiktoku-niedlugo-sie-tego-dowiesz-dzieki-opcji-ktora-powraca\" target=\"_blank\" class=\"shortc-button medium red \">Wi\u0119cej dowiesz si\u0119 u \u017ar\u00f3d\u0142a &gt;<\/a>\n<p>&nbsp;<\/p>\n<p><img loading=\"lazy\" decoding=\"async\" class=\"wp-image-1410791 aligncenter\" src=\"https:\/\/legiobiznes.pl\/I\/wp-content\/uploads\/2021\/09\/sklep-z-kosmetykami.png\" alt=\"sklep z kosmetykami\" width=\"1049\" height=\"328\" srcset=\"https:\/\/legiobiznes.pl\/I\/wp-content\/uploads\/2021\/09\/sklep-z-kosmetykami.png 1920w, https:\/\/legiobiznes.pl\/I\/wp-content\/uploads\/2021\/09\/sklep-z-kosmetykami-300x94.png 300w, https:\/\/legiobiznes.pl\/I\/wp-content\/uploads\/2021\/09\/sklep-z-kosmetykami-1024x320.png 1024w, https:\/\/legiobiznes.pl\/I\/wp-content\/uploads\/2021\/09\/sklep-z-kosmetykami-768x240.png 768w, https:\/\/legiobiznes.pl\/I\/wp-content\/uploads\/2021\/09\/sklep-z-kosmetykami-1536x480.png 1536w\" sizes=\"auto, (max-width: 1049px) 100vw, 1049px\" \/><\/p>\n<h2 class=\"post-title\"><strong>TikTok zatroszczy si\u0119 o bezpiecze\u0144stwo i efektywno\u015b\u0107 marek dzi\u0119ki wsp\u00f3\u0142pracy z Zefr<\/strong><\/h2>\n<h4>TikTok Ads Manager zapewni u\u017cytkownikom dost\u0119p do narz\u0119dzi, kt\u00f3re zapewni\u0105 markom wi\u0119ksze bezpiecze\u0144stwo i efektywno\u015b\u0107 podczas prowadzonych kampanii reklamowych.<\/h4>\n<p>Medium to idealna przestrze\u0144 dla marek, kt\u00f3re mog\u0105 dociera\u0107 do nowej grupy odbiorc\u00f3w i dopasowywa\u0107 swoje tre\u015bci do ich oczekiwa\u0144. By ulepsza\u0107 nawi\u0105zywanie relacji z potencjalnymi klientami, platforma stale wprowadza nowe narz\u0119dzia i podejmuje kolejne wsp\u00f3\u0142prace z zaufanymi partnerami biznesowymi. Dzi\u015b TikTok og\u0142asza nowe partnerstwo z Zefr, kt\u00f3re zapewni markom wgl\u0105d w ich kampanie pod k\u0105tem Brand Safety oraz Brand Suitability&#8230;<\/p>\n<a href=\"https:\/\/socialpress.pl\/2022\/01\/tiktok-zatroszczy-sie-o-bezpieczenstwo-i-efektywnosc-marek-dzieki-wspolpracy-z-zefr\" target=\"_blank\" class=\"shortc-button medium red \">Wi\u0119cej dowiesz si\u0119 u \u017ar\u00f3d\u0142a &gt;<\/a>\n<h2 class=\"post-title\"><strong>Nie tylko Instagram \u2013 TikTok te\u017c testuje subskrypcj\u0119 dla tw\u00f3rc\u00f3w<\/strong><\/h2>\n<h4>Testy subskrypcji na Instagramie rozpocz\u0119\u0142y si\u0119 kilka dni temu. Celem jest wprowadzenie narz\u0119dzia, kt\u00f3re umo\u017cliwy tw\u00f3rcom przygotowanie pakiet\u00f3w abonamentowych dla swoich fan\u00f3w. W ten spos\u00f3b b\u0119d\u0105 oni mogli wykupi\u0107 dost\u0119p do tre\u015bci premium, a tw\u00f3rcy \u2013 zarobi\u0107 dodatkowe pieni\u0105dze.<\/h4>\n<p>Jak wida\u0107 tw\u00f3rcy aplikacji my\u015bl\u0105 nad tym, jak zatrzyma\u0107 u\u017cytkownik\u00f3w u siebie, aby ci generowali jeszcze wi\u0119ksze dochody nie tylko dla siebie, ale przede wszystkim \u2013 dla firmy. TikTok odpali\u0142 testy narz\u0119dzie, gdzie najbardziej popularni tiktokerzy mog\u0105 uruchomi\u0107 tre\u015bci dost\u0119pne w ramach op\u0142at abonamentowych&#8230;<\/p>\n<a href=\"https:\/\/dailyweb.pl\/nie-tylko-instagram-tiktok-tez-testuje-subskrypcje-dla-tworcow\/\" target=\"_blank\" class=\"shortc-button medium red \">Wi\u0119cej dowiesz si\u0119 u \u017ar\u00f3d\u0142a &gt;<\/a>\n<h2><strong>&#8222;Tajna&#8221; aktualizacja Messengera. Na to czeka\u0142am!<\/strong><\/h2>\n<h4>Facebook Messenger od lat mierzy\u0142 si\u0119 z r\u00f3\u017cnymi oskar\u017ceniami dotycz\u0105cymi bezpiecze\u0144stwa u\u017cywania aplikacji, przez co ten stworzy\u0142 tak zwane &#8222;tajne konwersacje&#8221;. Niestety, ich funkcjonalno\u015b\u0107 by\u0142a mocno ograniczona&#8230; a\u017c do dzisiaj!<\/h4>\n<p><strong>Tajne konwersacje<\/strong>\u00a0w aplikacji Messenger wykorzystywa\u0142y<strong>\u00a0tryb szyfrowania end-to-end<\/strong>, kt\u00f3rego celem by\u0142o zapewnienie u\u017cytkownikom w pe\u0142ni prywatnych rozm\u00f3w. Jak sama nazwa wskazuje, tego typu tryb jest znacznie bezpieczniejszy ni\u017c czaty nieszyfrowane. Co wa\u017cne, tajne konwersacje zadebiutowa\u0142y ju\u017c kilka lat temu, jednak ich oferta by\u0142a mocno podstawowa, gdy\u017c\u00a0<strong>opiera\u0142a si\u0119 wy\u0142\u0105cznie na wiadomo\u015bciach tekstowych<\/strong>. P\u00f3\u017aniej, latem 2021 roku, otrzyma\u0142y one obs\u0142ug\u0119 kompleksowych czat\u00f3w grupowych oraz po\u0142\u0105cze\u0144. Na tym jednak nie koniec&#8230;<\/p>\n<a href=\"https:\/\/www.pcworld.pl\/news\/Tajna-aktualizacja-Messengera-Na-to-czekalam,435758.html\" target=\"_blank\" class=\"shortc-button medium red \">Wi\u0119cej dowiesz si\u0119 u \u017ar\u00f3d\u0142a &gt;<\/a>\n","protected":false},"excerpt":{"rendered":"<p>Facebook zniknie z Europy? Meta ma problem z prywatno\u015bci\u0105 danych w UE Meta informuje o mo\u017cliwo\u015bci zamkni\u0119cia Facebooka i Instagrama na europejskim rynku z powodu narzuconych przez Uni\u0119 Europejsk\u0105 zasad dotycz\u0105cych udost\u0119pniania danych. Meta przedstawi\u0142a roczny raport, wed\u0142ug kt\u00f3rego dalsza dzia\u0142alno\u015b\u0107 Facebooka i Instagrama w Europie stoi pod znakiem zapytania. Pow\u00f3d? Ograniczenia w przetwarzaniu informacji &hellip;<\/p>\n","protected":false},"author":1,"featured_media":1446933,"comment_status":"open","ping_status":"closed","sticky":false,"template":"","format":"standard","meta":{"footnotes":""},"categories":[1312],"tags":[1361,1515,1707,6023,1331],"class_list":["post-1446932","post","type-post","status-publish","format-standard","has-post-thumbnail","","category-social-media","tag-facebook","tag-instagram","tag-messenger","tag-tiktok","tag-youtube"],"yoast_head":"<!-- This site is optimized with the Yoast SEO plugin v27.5 - https:\/\/yoast.com\/product\/yoast-seo-wordpress\/ -->\n<title>Facebook zniknie z Europy? Meta ma problem z prywatno\u015bci\u0105 danych w UE. Koniec Facebooka to nie koniec \u015bwiata. Polski rz\u0105d bierze si\u0119 za YouTube. &#187; Legiobiznes.pl<\/title>\n<meta name=\"description\" content=\"Facebook zniknie z Europy? Meta ma problem z prywatno\u015bci\u0105 danych w UE. Koniec Facebooka to nie koniec \u015bwiata. Polski rz\u0105d bierze si\u0119 za YouTube.\" \/>\n<meta name=\"robots\" content=\"index, follow, max-snippet:-1, max-image-preview:large, max-video-preview:-1\" \/>\n<link rel=\"canonical\" href=\"https:\/\/legiobiznes.pl\/I\/facebook-zniknie-z-europy-meta-ma-problem-z-prywatnoscia-danych-w-ue-koniec-facebooka-to-nie-koniec-swiata-polski-rzad-bierze-sie-za-youtube\/\" \/>\n<meta property=\"og:locale\" content=\"pl_PL\" \/>\n<meta property=\"og:type\" content=\"article\" \/>\n<meta property=\"og:title\" content=\"Facebook zniknie z Europy? Meta ma problem z prywatno\u015bci\u0105 danych w UE. Koniec Facebooka to nie koniec \u015bwiata. Polski rz\u0105d bierze si\u0119 za YouTube. &#187; Legiobiznes.pl\" \/>\n<meta property=\"og:description\" content=\"Facebook zniknie z Europy? Meta ma problem z prywatno\u015bci\u0105 danych w UE. Koniec Facebooka to nie koniec \u015bwiata. Polski rz\u0105d bierze si\u0119 za YouTube.\" \/>\n<meta property=\"og:url\" content=\"https:\/\/legiobiznes.pl\/I\/facebook-zniknie-z-europy-meta-ma-problem-z-prywatnoscia-danych-w-ue-koniec-facebooka-to-nie-koniec-swiata-polski-rzad-bierze-sie-za-youtube\/\" \/>\n<meta property=\"og:site_name\" content=\"Legiobiznes.pl\" \/>\n<meta property=\"article:publisher\" content=\"https:\/\/www.facebook.com\/LegioBiznes\/\" \/>\n<meta property=\"article:published_time\" content=\"2022-02-11T11:45:12+00:00\" \/>\n<meta property=\"article:modified_time\" content=\"2023-03-07T14:34:24+00:00\" \/>\n<meta property=\"og:image\" content=\"https:\/\/legiobiznes.pl\/I\/wp-content\/uploads\/2022\/02\/Facebook-zniknie-z-Europy-Meta-ma-problem-z-prywatnoscia-danych-w-UE.-Koniec-Facebooka-to-nie-koniec-swiata.-Polski-rzad-bierze-sie-za-YouTube..jpg\" \/>\n\t<meta property=\"og:image:width\" content=\"1280\" \/>\n\t<meta property=\"og:image:height\" content=\"804\" \/>\n\t<meta property=\"og:image:type\" content=\"image\/jpeg\" \/>\n<meta name=\"author\" content=\"Legiobiznes.pl\" \/>\n<meta name=\"twitter:card\" content=\"summary_large_image\" \/>\n<meta name=\"twitter:creator\" content=\"@LegioBiznesPL\" \/>\n<meta name=\"twitter:site\" content=\"@LegioBiznesPL\" \/>\n<meta name=\"twitter:label1\" content=\"Napisane przez\" \/>\n\t<meta name=\"twitter:data1\" content=\"Legiobiznes.pl\" \/>\n\t<meta name=\"twitter:label2\" content=\"Szacowany czas czytania\" \/>\n\t<meta name=\"twitter:data2\" content=\"5 minut\" \/>\n<script type=\"application\/ld+json\" class=\"yoast-schema-graph\">{\"@context\":\"https:\\\/\\\/schema.org\",\"@graph\":[{\"@type\":\"Article\",\"@id\":\"https:\\\/\\\/legiobiznes.pl\\\/I\\\/facebook-zniknie-z-europy-meta-ma-problem-z-prywatnoscia-danych-w-ue-koniec-facebooka-to-nie-koniec-swiata-polski-rzad-bierze-sie-za-youtube\\\/#article\",\"isPartOf\":{\"@id\":\"https:\\\/\\\/legiobiznes.pl\\\/I\\\/facebook-zniknie-z-europy-meta-ma-problem-z-prywatnoscia-danych-w-ue-koniec-facebooka-to-nie-koniec-swiata-polski-rzad-bierze-sie-za-youtube\\\/\"},\"author\":{\"name\":\"Legiobiznes.pl\",\"@id\":\"https:\\\/\\\/legiobiznes.pl\\\/I\\\/#\\\/schema\\\/person\\\/33c4505a5d28a7c944baf038996052d4\"},\"headline\":\"Facebook zniknie z Europy? Meta ma problem z prywatno\u015bci\u0105 danych w UE. Koniec Facebooka to nie koniec \u015bwiata. Polski rz\u0105d bierze si\u0119 za YouTube.\",\"datePublished\":\"2022-02-11T11:45:12+00:00\",\"dateModified\":\"2023-03-07T14:34:24+00:00\",\"mainEntityOfPage\":{\"@id\":\"https:\\\/\\\/legiobiznes.pl\\\/I\\\/facebook-zniknie-z-europy-meta-ma-problem-z-prywatnoscia-danych-w-ue-koniec-facebooka-to-nie-koniec-swiata-polski-rzad-bierze-sie-za-youtube\\\/\"},\"wordCount\":1031,\"commentCount\":0,\"publisher\":{\"@id\":\"https:\\\/\\\/legiobiznes.pl\\\/I\\\/#organization\"},\"image\":{\"@id\":\"https:\\\/\\\/legiobiznes.pl\\\/I\\\/facebook-zniknie-z-europy-meta-ma-problem-z-prywatnoscia-danych-w-ue-koniec-facebooka-to-nie-koniec-swiata-polski-rzad-bierze-sie-za-youtube\\\/#primaryimage\"},\"thumbnailUrl\":\"https:\\\/\\\/legiobiznes.pl\\\/I\\\/wp-content\\\/uploads\\\/2022\\\/02\\\/Facebook-zniknie-z-Europy-Meta-ma-problem-z-prywatnoscia-danych-w-UE.-Koniec-Facebooka-to-nie-koniec-swiata.-Polski-rzad-bierze-sie-za-YouTube..jpg\",\"keywords\":[\"Facebook\",\"Instagram\",\"Messenger\",\"TikTok\",\"YouTube\"],\"articleSection\":[\"Social Media\"],\"inLanguage\":\"pl-PL\",\"potentialAction\":[{\"@type\":\"CommentAction\",\"name\":\"Comment\",\"target\":[\"https:\\\/\\\/legiobiznes.pl\\\/I\\\/facebook-zniknie-z-europy-meta-ma-problem-z-prywatnoscia-danych-w-ue-koniec-facebooka-to-nie-koniec-swiata-polski-rzad-bierze-sie-za-youtube\\\/#respond\"]}]},{\"@type\":\"WebPage\",\"@id\":\"https:\\\/\\\/legiobiznes.pl\\\/I\\\/facebook-zniknie-z-europy-meta-ma-problem-z-prywatnoscia-danych-w-ue-koniec-facebooka-to-nie-koniec-swiata-polski-rzad-bierze-sie-za-youtube\\\/\",\"url\":\"https:\\\/\\\/legiobiznes.pl\\\/I\\\/facebook-zniknie-z-europy-meta-ma-problem-z-prywatnoscia-danych-w-ue-koniec-facebooka-to-nie-koniec-swiata-polski-rzad-bierze-sie-za-youtube\\\/\",\"name\":\"Facebook zniknie z Europy? Meta ma problem z prywatno\u015bci\u0105 danych w UE. Koniec Facebooka to nie koniec \u015bwiata. Polski rz\u0105d bierze si\u0119 za YouTube. &#187; Legiobiznes.pl\",\"isPartOf\":{\"@id\":\"https:\\\/\\\/legiobiznes.pl\\\/I\\\/#website\"},\"primaryImageOfPage\":{\"@id\":\"https:\\\/\\\/legiobiznes.pl\\\/I\\\/facebook-zniknie-z-europy-meta-ma-problem-z-prywatnoscia-danych-w-ue-koniec-facebooka-to-nie-koniec-swiata-polski-rzad-bierze-sie-za-youtube\\\/#primaryimage\"},\"image\":{\"@id\":\"https:\\\/\\\/legiobiznes.pl\\\/I\\\/facebook-zniknie-z-europy-meta-ma-problem-z-prywatnoscia-danych-w-ue-koniec-facebooka-to-nie-koniec-swiata-polski-rzad-bierze-sie-za-youtube\\\/#primaryimage\"},\"thumbnailUrl\":\"https:\\\/\\\/legiobiznes.pl\\\/I\\\/wp-content\\\/uploads\\\/2022\\\/02\\\/Facebook-zniknie-z-Europy-Meta-ma-problem-z-prywatnoscia-danych-w-UE.-Koniec-Facebooka-to-nie-koniec-swiata.-Polski-rzad-bierze-sie-za-YouTube..jpg\",\"datePublished\":\"2022-02-11T11:45:12+00:00\",\"dateModified\":\"2023-03-07T14:34:24+00:00\",\"description\":\"Facebook zniknie z Europy? Meta ma problem z prywatno\u015bci\u0105 danych w UE. Koniec Facebooka to nie koniec \u015bwiata. Polski rz\u0105d bierze si\u0119 za YouTube.\",\"breadcrumb\":{\"@id\":\"https:\\\/\\\/legiobiznes.pl\\\/I\\\/facebook-zniknie-z-europy-meta-ma-problem-z-prywatnoscia-danych-w-ue-koniec-facebooka-to-nie-koniec-swiata-polski-rzad-bierze-sie-za-youtube\\\/#breadcrumb\"},\"inLanguage\":\"pl-PL\",\"potentialAction\":[{\"@type\":\"ReadAction\",\"target\":[\"https:\\\/\\\/legiobiznes.pl\\\/I\\\/facebook-zniknie-z-europy-meta-ma-problem-z-prywatnoscia-danych-w-ue-koniec-facebooka-to-nie-koniec-swiata-polski-rzad-bierze-sie-za-youtube\\\/\"]}]},{\"@type\":\"ImageObject\",\"inLanguage\":\"pl-PL\",\"@id\":\"https:\\\/\\\/legiobiznes.pl\\\/I\\\/facebook-zniknie-z-europy-meta-ma-problem-z-prywatnoscia-danych-w-ue-koniec-facebooka-to-nie-koniec-swiata-polski-rzad-bierze-sie-za-youtube\\\/#primaryimage\",\"url\":\"https:\\\/\\\/legiobiznes.pl\\\/I\\\/wp-content\\\/uploads\\\/2022\\\/02\\\/Facebook-zniknie-z-Europy-Meta-ma-problem-z-prywatnoscia-danych-w-UE.-Koniec-Facebooka-to-nie-koniec-swiata.-Polski-rzad-bierze-sie-za-YouTube..jpg\",\"contentUrl\":\"https:\\\/\\\/legiobiznes.pl\\\/I\\\/wp-content\\\/uploads\\\/2022\\\/02\\\/Facebook-zniknie-z-Europy-Meta-ma-problem-z-prywatnoscia-danych-w-UE.-Koniec-Facebooka-to-nie-koniec-swiata.-Polski-rzad-bierze-sie-za-YouTube..jpg\",\"width\":1280,\"height\":804,\"caption\":\"Facebook zniknie z Europy Meta ma problem z prywatno\u015bci\u0105 danych w UE. Koniec Facebooka to nie koniec \u015bwiata. Polski rz\u0105d bierze si\u0119 za YouTube.\"},{\"@type\":\"BreadcrumbList\",\"@id\":\"https:\\\/\\\/legiobiznes.pl\\\/I\\\/facebook-zniknie-z-europy-meta-ma-problem-z-prywatnoscia-danych-w-ue-koniec-facebooka-to-nie-koniec-swiata-polski-rzad-bierze-sie-za-youtube\\\/#breadcrumb\",\"itemListElement\":[{\"@type\":\"ListItem\",\"position\":1,\"name\":\"Strona g\u0142\u00f3wna\",\"item\":\"https:\\\/\\\/legiobiznes.pl\\\/I\\\/\"},{\"@type\":\"ListItem\",\"position\":2,\"name\":\"Facebook zniknie z Europy? Meta ma problem z prywatno\u015bci\u0105 danych w UE. Koniec Facebooka to nie koniec \u015bwiata. Polski rz\u0105d bierze si\u0119 za YouTube.\"}]},{\"@type\":\"WebSite\",\"@id\":\"https:\\\/\\\/legiobiznes.pl\\\/I\\\/#website\",\"url\":\"https:\\\/\\\/legiobiznes.pl\\\/I\\\/\",\"name\":\"Legiobiznes.pl\",\"description\":\"Kryptowaluty, Bezpiecze\u0144stwo IT, E-biznes | LegioBiznes.PL\",\"publisher\":{\"@id\":\"https:\\\/\\\/legiobiznes.pl\\\/I\\\/#organization\"},\"potentialAction\":[{\"@type\":\"SearchAction\",\"target\":{\"@type\":\"EntryPoint\",\"urlTemplate\":\"https:\\\/\\\/legiobiznes.pl\\\/I\\\/?s={search_term_string}\"},\"query-input\":{\"@type\":\"PropertyValueSpecification\",\"valueRequired\":true,\"valueName\":\"search_term_string\"}}],\"inLanguage\":\"pl-PL\"},{\"@type\":\"Organization\",\"@id\":\"https:\\\/\\\/legiobiznes.pl\\\/I\\\/#organization\",\"name\":\"LegioBiznes.PL\",\"url\":\"https:\\\/\\\/legiobiznes.pl\\\/I\\\/\",\"logo\":{\"@type\":\"ImageObject\",\"inLanguage\":\"pl-PL\",\"@id\":\"https:\\\/\\\/legiobiznes.pl\\\/I\\\/#\\\/schema\\\/logo\\\/image\\\/\",\"url\":\"https:\\\/\\\/legiobiznes.pl\\\/I\\\/wp-content\\\/uploads\\\/2017\\\/08\\\/legiobiznespl-logo2-e1503834302371.png\",\"contentUrl\":\"https:\\\/\\\/legiobiznes.pl\\\/I\\\/wp-content\\\/uploads\\\/2017\\\/08\\\/legiobiznespl-logo2-e1503834302371.png\",\"width\":180,\"height\":76,\"caption\":\"LegioBiznes.PL\"},\"image\":{\"@id\":\"https:\\\/\\\/legiobiznes.pl\\\/I\\\/#\\\/schema\\\/logo\\\/image\\\/\"},\"sameAs\":[\"https:\\\/\\\/www.facebook.com\\\/LegioBiznes\\\/\",\"https:\\\/\\\/x.com\\\/LegioBiznesPL\",\"https:\\\/\\\/www.youtube.com\\\/channel\\\/UCEhszB39vxk96yIXD-jOORw\"]},{\"@type\":\"Person\",\"@id\":\"https:\\\/\\\/legiobiznes.pl\\\/I\\\/#\\\/schema\\\/person\\\/33c4505a5d28a7c944baf038996052d4\",\"name\":\"Legiobiznes.pl\",\"image\":{\"@type\":\"ImageObject\",\"inLanguage\":\"pl-PL\",\"@id\":\"https:\\\/\\\/legiobiznes.pl\\\/I\\\/wp-content\\\/uploads\\\/2019\\\/07\\\/favicon-Legiobiznes-150x150.png\",\"url\":\"https:\\\/\\\/legiobiznes.pl\\\/I\\\/wp-content\\\/uploads\\\/2019\\\/07\\\/favicon-Legiobiznes-150x150.png\",\"contentUrl\":\"https:\\\/\\\/legiobiznes.pl\\\/I\\\/wp-content\\\/uploads\\\/2019\\\/07\\\/favicon-Legiobiznes-150x150.png\",\"caption\":\"Legiobiznes.pl\"},\"description\":\"Budowa i tworzenie profesjonalnych, responsywnych (RWD) stron www. Pozycjonowanie SEO, sklepy internetowe eSklep...\",\"url\":\"https:\\\/\\\/legiobiznes.pl\\\/I\\\/author\\\/boss\\\/\"}]}<\/script>\n<!-- \/ Yoast SEO plugin. -->","yoast_head_json":{"title":"Facebook zniknie z Europy? Meta ma problem z prywatno\u015bci\u0105 danych w UE. Koniec Facebooka to nie koniec \u015bwiata. Polski rz\u0105d bierze si\u0119 za YouTube. &#187; Legiobiznes.pl","description":"Facebook zniknie z Europy? Meta ma problem z prywatno\u015bci\u0105 danych w UE. Koniec Facebooka to nie koniec \u015bwiata. Polski rz\u0105d bierze si\u0119 za YouTube.","robots":{"index":"index","follow":"follow","max-snippet":"max-snippet:-1","max-image-preview":"max-image-preview:large","max-video-preview":"max-video-preview:-1"},"canonical":"https:\/\/legiobiznes.pl\/I\/facebook-zniknie-z-europy-meta-ma-problem-z-prywatnoscia-danych-w-ue-koniec-facebooka-to-nie-koniec-swiata-polski-rzad-bierze-sie-za-youtube\/","og_locale":"pl_PL","og_type":"article","og_title":"Facebook zniknie z Europy? Meta ma problem z prywatno\u015bci\u0105 danych w UE. Koniec Facebooka to nie koniec \u015bwiata. Polski rz\u0105d bierze si\u0119 za YouTube. &#187; Legiobiznes.pl","og_description":"Facebook zniknie z Europy? Meta ma problem z prywatno\u015bci\u0105 danych w UE. Koniec Facebooka to nie koniec \u015bwiata. Polski rz\u0105d bierze si\u0119 za YouTube.","og_url":"https:\/\/legiobiznes.pl\/I\/facebook-zniknie-z-europy-meta-ma-problem-z-prywatnoscia-danych-w-ue-koniec-facebooka-to-nie-koniec-swiata-polski-rzad-bierze-sie-za-youtube\/","og_site_name":"Legiobiznes.pl","article_publisher":"https:\/\/www.facebook.com\/LegioBiznes\/","article_published_time":"2022-02-11T11:45:12+00:00","article_modified_time":"2023-03-07T14:34:24+00:00","og_image":[{"width":1280,"height":804,"url":"https:\/\/legiobiznes.pl\/I\/wp-content\/uploads\/2022\/02\/Facebook-zniknie-z-Europy-Meta-ma-problem-z-prywatnoscia-danych-w-UE.-Koniec-Facebooka-to-nie-koniec-swiata.-Polski-rzad-bierze-sie-za-YouTube..jpg","type":"image\/jpeg"}],"author":"Legiobiznes.pl","twitter_card":"summary_large_image","twitter_creator":"@LegioBiznesPL","twitter_site":"@LegioBiznesPL","twitter_misc":{"Napisane przez":"Legiobiznes.pl","Szacowany czas czytania":"5 minut"},"schema":{"@context":"https:\/\/schema.org","@graph":[{"@type":"Article","@id":"https:\/\/legiobiznes.pl\/I\/facebook-zniknie-z-europy-meta-ma-problem-z-prywatnoscia-danych-w-ue-koniec-facebooka-to-nie-koniec-swiata-polski-rzad-bierze-sie-za-youtube\/#article","isPartOf":{"@id":"https:\/\/legiobiznes.pl\/I\/facebook-zniknie-z-europy-meta-ma-problem-z-prywatnoscia-danych-w-ue-koniec-facebooka-to-nie-koniec-swiata-polski-rzad-bierze-sie-za-youtube\/"},"author":{"name":"Legiobiznes.pl","@id":"https:\/\/legiobiznes.pl\/I\/#\/schema\/person\/33c4505a5d28a7c944baf038996052d4"},"headline":"Facebook zniknie z Europy? Meta ma problem z prywatno\u015bci\u0105 danych w UE. Koniec Facebooka to nie koniec \u015bwiata. Polski rz\u0105d bierze si\u0119 za YouTube.","datePublished":"2022-02-11T11:45:12+00:00","dateModified":"2023-03-07T14:34:24+00:00","mainEntityOfPage":{"@id":"https:\/\/legiobiznes.pl\/I\/facebook-zniknie-z-europy-meta-ma-problem-z-prywatnoscia-danych-w-ue-koniec-facebooka-to-nie-koniec-swiata-polski-rzad-bierze-sie-za-youtube\/"},"wordCount":1031,"commentCount":0,"publisher":{"@id":"https:\/\/legiobiznes.pl\/I\/#organization"},"image":{"@id":"https:\/\/legiobiznes.pl\/I\/facebook-zniknie-z-europy-meta-ma-problem-z-prywatnoscia-danych-w-ue-koniec-facebooka-to-nie-koniec-swiata-polski-rzad-bierze-sie-za-youtube\/#primaryimage"},"thumbnailUrl":"https:\/\/legiobiznes.pl\/I\/wp-content\/uploads\/2022\/02\/Facebook-zniknie-z-Europy-Meta-ma-problem-z-prywatnoscia-danych-w-UE.-Koniec-Facebooka-to-nie-koniec-swiata.-Polski-rzad-bierze-sie-za-YouTube..jpg","keywords":["Facebook","Instagram","Messenger","TikTok","YouTube"],"articleSection":["Social Media"],"inLanguage":"pl-PL","potentialAction":[{"@type":"CommentAction","name":"Comment","target":["https:\/\/legiobiznes.pl\/I\/facebook-zniknie-z-europy-meta-ma-problem-z-prywatnoscia-danych-w-ue-koniec-facebooka-to-nie-koniec-swiata-polski-rzad-bierze-sie-za-youtube\/#respond"]}]},{"@type":"WebPage","@id":"https:\/\/legiobiznes.pl\/I\/facebook-zniknie-z-europy-meta-ma-problem-z-prywatnoscia-danych-w-ue-koniec-facebooka-to-nie-koniec-swiata-polski-rzad-bierze-sie-za-youtube\/","url":"https:\/\/legiobiznes.pl\/I\/facebook-zniknie-z-europy-meta-ma-problem-z-prywatnoscia-danych-w-ue-koniec-facebooka-to-nie-koniec-swiata-polski-rzad-bierze-sie-za-youtube\/","name":"Facebook zniknie z Europy? Meta ma problem z prywatno\u015bci\u0105 danych w UE. Koniec Facebooka to nie koniec \u015bwiata. Polski rz\u0105d bierze si\u0119 za YouTube. &#187; Legiobiznes.pl","isPartOf":{"@id":"https:\/\/legiobiznes.pl\/I\/#website"},"primaryImageOfPage":{"@id":"https:\/\/legiobiznes.pl\/I\/facebook-zniknie-z-europy-meta-ma-problem-z-prywatnoscia-danych-w-ue-koniec-facebooka-to-nie-koniec-swiata-polski-rzad-bierze-sie-za-youtube\/#primaryimage"},"image":{"@id":"https:\/\/legiobiznes.pl\/I\/facebook-zniknie-z-europy-meta-ma-problem-z-prywatnoscia-danych-w-ue-koniec-facebooka-to-nie-koniec-swiata-polski-rzad-bierze-sie-za-youtube\/#primaryimage"},"thumbnailUrl":"https:\/\/legiobiznes.pl\/I\/wp-content\/uploads\/2022\/02\/Facebook-zniknie-z-Europy-Meta-ma-problem-z-prywatnoscia-danych-w-UE.-Koniec-Facebooka-to-nie-koniec-swiata.-Polski-rzad-bierze-sie-za-YouTube..jpg","datePublished":"2022-02-11T11:45:12+00:00","dateModified":"2023-03-07T14:34:24+00:00","description":"Facebook zniknie z Europy? Meta ma problem z prywatno\u015bci\u0105 danych w UE. Koniec Facebooka to nie koniec \u015bwiata. Polski rz\u0105d bierze si\u0119 za YouTube.","breadcrumb":{"@id":"https:\/\/legiobiznes.pl\/I\/facebook-zniknie-z-europy-meta-ma-problem-z-prywatnoscia-danych-w-ue-koniec-facebooka-to-nie-koniec-swiata-polski-rzad-bierze-sie-za-youtube\/#breadcrumb"},"inLanguage":"pl-PL","potentialAction":[{"@type":"ReadAction","target":["https:\/\/legiobiznes.pl\/I\/facebook-zniknie-z-europy-meta-ma-problem-z-prywatnoscia-danych-w-ue-koniec-facebooka-to-nie-koniec-swiata-polski-rzad-bierze-sie-za-youtube\/"]}]},{"@type":"ImageObject","inLanguage":"pl-PL","@id":"https:\/\/legiobiznes.pl\/I\/facebook-zniknie-z-europy-meta-ma-problem-z-prywatnoscia-danych-w-ue-koniec-facebooka-to-nie-koniec-swiata-polski-rzad-bierze-sie-za-youtube\/#primaryimage","url":"https:\/\/legiobiznes.pl\/I\/wp-content\/uploads\/2022\/02\/Facebook-zniknie-z-Europy-Meta-ma-problem-z-prywatnoscia-danych-w-UE.-Koniec-Facebooka-to-nie-koniec-swiata.-Polski-rzad-bierze-sie-za-YouTube..jpg","contentUrl":"https:\/\/legiobiznes.pl\/I\/wp-content\/uploads\/2022\/02\/Facebook-zniknie-z-Europy-Meta-ma-problem-z-prywatnoscia-danych-w-UE.-Koniec-Facebooka-to-nie-koniec-swiata.-Polski-rzad-bierze-sie-za-YouTube..jpg","width":1280,"height":804,"caption":"Facebook zniknie z Europy Meta ma problem z prywatno\u015bci\u0105 danych w UE. Koniec Facebooka to nie koniec \u015bwiata. Polski rz\u0105d bierze si\u0119 za YouTube."},{"@type":"BreadcrumbList","@id":"https:\/\/legiobiznes.pl\/I\/facebook-zniknie-z-europy-meta-ma-problem-z-prywatnoscia-danych-w-ue-koniec-facebooka-to-nie-koniec-swiata-polski-rzad-bierze-sie-za-youtube\/#breadcrumb","itemListElement":[{"@type":"ListItem","position":1,"name":"Strona g\u0142\u00f3wna","item":"https:\/\/legiobiznes.pl\/I\/"},{"@type":"ListItem","position":2,"name":"Facebook zniknie z Europy? Meta ma problem z prywatno\u015bci\u0105 danych w UE. Koniec Facebooka to nie koniec \u015bwiata. Polski rz\u0105d bierze si\u0119 za YouTube."}]},{"@type":"WebSite","@id":"https:\/\/legiobiznes.pl\/I\/#website","url":"https:\/\/legiobiznes.pl\/I\/","name":"Legiobiznes.pl","description":"Kryptowaluty, Bezpiecze\u0144stwo IT, E-biznes | LegioBiznes.PL","publisher":{"@id":"https:\/\/legiobiznes.pl\/I\/#organization"},"potentialAction":[{"@type":"SearchAction","target":{"@type":"EntryPoint","urlTemplate":"https:\/\/legiobiznes.pl\/I\/?s={search_term_string}"},"query-input":{"@type":"PropertyValueSpecification","valueRequired":true,"valueName":"search_term_string"}}],"inLanguage":"pl-PL"},{"@type":"Organization","@id":"https:\/\/legiobiznes.pl\/I\/#organization","name":"LegioBiznes.PL","url":"https:\/\/legiobiznes.pl\/I\/","logo":{"@type":"ImageObject","inLanguage":"pl-PL","@id":"https:\/\/legiobiznes.pl\/I\/#\/schema\/logo\/image\/","url":"https:\/\/legiobiznes.pl\/I\/wp-content\/uploads\/2017\/08\/legiobiznespl-logo2-e1503834302371.png","contentUrl":"https:\/\/legiobiznes.pl\/I\/wp-content\/uploads\/2017\/08\/legiobiznespl-logo2-e1503834302371.png","width":180,"height":76,"caption":"LegioBiznes.PL"},"image":{"@id":"https:\/\/legiobiznes.pl\/I\/#\/schema\/logo\/image\/"},"sameAs":["https:\/\/www.facebook.com\/LegioBiznes\/","https:\/\/x.com\/LegioBiznesPL","https:\/\/www.youtube.com\/channel\/UCEhszB39vxk96yIXD-jOORw"]},{"@type":"Person","@id":"https:\/\/legiobiznes.pl\/I\/#\/schema\/person\/33c4505a5d28a7c944baf038996052d4","name":"Legiobiznes.pl","image":{"@type":"ImageObject","inLanguage":"pl-PL","@id":"https:\/\/legiobiznes.pl\/I\/wp-content\/uploads\/2019\/07\/favicon-Legiobiznes-150x150.png","url":"https:\/\/legiobiznes.pl\/I\/wp-content\/uploads\/2019\/07\/favicon-Legiobiznes-150x150.png","contentUrl":"https:\/\/legiobiznes.pl\/I\/wp-content\/uploads\/2019\/07\/favicon-Legiobiznes-150x150.png","caption":"Legiobiznes.pl"},"description":"Budowa i tworzenie profesjonalnych, responsywnych (RWD) stron www. Pozycjonowanie SEO, sklepy internetowe eSklep...","url":"https:\/\/legiobiznes.pl\/I\/author\/boss\/"}]}},"_links":{"self":[{"href":"https:\/\/legiobiznes.pl\/I\/wp-json\/wp\/v2\/posts\/1446932","targetHints":{"allow":["GET"]}}],"collection":[{"href":"https:\/\/legiobiznes.pl\/I\/wp-json\/wp\/v2\/posts"}],"about":[{"href":"https:\/\/legiobiznes.pl\/I\/wp-json\/wp\/v2\/types\/post"}],"author":[{"embeddable":true,"href":"https:\/\/legiobiznes.pl\/I\/wp-json\/wp\/v2\/users\/1"}],"replies":[{"embeddable":true,"href":"https:\/\/legiobiznes.pl\/I\/wp-json\/wp\/v2\/comments?post=1446932"}],"version-history":[{"count":0,"href":"https:\/\/legiobiznes.pl\/I\/wp-json\/wp\/v2\/posts\/1446932\/revisions"}],"wp:featuredmedia":[{"embeddable":true,"href":"https:\/\/legiobiznes.pl\/I\/wp-json\/wp\/v2\/media\/1446933"}],"wp:attachment":[{"href":"https:\/\/legiobiznes.pl\/I\/wp-json\/wp\/v2\/media?parent=1446932"}],"wp:term":[{"taxonomy":"category","embeddable":true,"href":"https:\/\/legiobiznes.pl\/I\/wp-json\/wp\/v2\/categories?post=1446932"},{"taxonomy":"post_tag","embeddable":true,"href":"https:\/\/legiobiznes.pl\/I\/wp-json\/wp\/v2\/tags?post=1446932"}],"curies":[{"name":"wp","href":"https:\/\/api.w.org\/{rel}","templated":true}]}}