{"id":269765,"date":"2017-05-13T05:42:02","date_gmt":"2017-05-13T05:42:02","guid":{"rendered":"http:\/\/legiobiznes.pl\/I\/?p=269765"},"modified":"2025-09-26T13:05:38","modified_gmt":"2025-09-26T11:05:38","slug":"dlaczego-klamiemy-w-social-media-reklama-linkedin-czy-to-juz-koniec-facebook-obrazanie-w-sieci","status":"publish","type":"post","link":"https:\/\/legiobiznes.pl\/I\/dlaczego-klamiemy-w-social-media-reklama-linkedin-czy-to-juz-koniec-facebook-obrazanie-w-sieci\/","title":{"rendered":"Dlaczego k\u0142amiemy w Social Media? Reklama LinkedIn. Czy to ju\u017c koniec Facebook&#8221;a? Obra\u017canie w sieci"},"content":{"rendered":"<h2 class=\"post-title\">Dlaczego k\u0142amiemy w mediach spo\u0142eczno\u015bciowych?<\/h2>\n<h3><strong>Z jakiego powodu decydujemy si\u0119 na k\u0142amstwo w social mediach? W jakich kwestiach zdarza si\u0119 nam to najcz\u0119\u015bciej? Jakie mog\u0105 by\u0107 tego konsekwencje?<\/strong><\/h3>\n<p>Od dziecka uczymy si\u0119, \u017ce k\u0142amstwo nie jest dobrym rozwi\u0105zaniem, gdy\u017c pr\u0119dzej czy p\u00f3\u017aniej i tak wyjdzie na jaw. Ale czy zasada ta dotyczy tak\u017ce przestrzeni\u00a0online i social medi\u00f3w? To tam szczeg\u00f3lnie zale\u017cy nam na jak najlepszym wizerunku, bo sami z do\u015bwiadczenia wiemy, \u017ce obserwuj\u0105c profile innych szybko wyci\u0105gamy wnioski na temat ich osobowo\u015bci i stylu \u017cycia. Wpisy i oznaczenia na Facebooku generuj\u0105 w nas poczucie, \u017ce dana osoba jest aktywna, prowadzi bogate \u017cycie towarzyskie. Zdj\u0119cia na Instagramie daj\u0105 nam wra\u017cenie, \u017ce jej \u015bwiat jest perfekcyjny \u2013 pi\u0119knie podane \u015bniadanie, kolejny w tym roku wyjazd na wakacje i idealnie dobrana stylizacja czy\u00a0makija\u017c. Kr\u00f3tkie wideo na Snapchacie pokazuje jak dobrze bawi si\u0119 w\u015br\u00f3d swoich znajomych i intensywnie \u0107wiczy na si\u0142owni. Ale czy tak jest naprawd\u0119? Czy tak wygl\u0105da nasze \u017cycie? Co sk\u0142ania nas do k\u0142amstwa?<\/p>\n<p>Od dziecka uczymy si\u0119, \u017ce k\u0142amstwo nie jest dobrym rozwi\u0105zaniem, gdy\u017c pr\u0119dzej czy p\u00f3\u017aniej i tak wyjdzie na jaw. Ale czy zasada ta dotyczy tak\u017ce przestrzeni\u00a0online i social medi\u00f3w? To tam szczeg\u00f3lnie zale\u017cy nam na jak najlepszym wizerunku, bo sami z do\u015bwiadczenia wiemy, \u017ce obserwuj\u0105c profile innych szybko wyci\u0105gamy wnioski na temat ich osobowo\u015bci i stylu \u017cycia. Wpisy i oznaczenia na Facebooku generuj\u0105 w nas poczucie, \u017ce dana osoba jest aktywna, prowadzi bogate \u017cycie towarzyskie. Zdj\u0119cia na Instagramie daj\u0105 nam wra\u017cenie, \u017ce jej \u015bwiat jest perfekcyjny \u2013 pi\u0119knie podane \u015bniadanie, kolejny w tym roku wyjazd na wakacje i idealnie dobrana stylizacja czy\u00a0makija\u017c. Kr\u00f3tkie wideo na Snapchacie pokazuje jak dobrze bawi si\u0119 w\u015br\u00f3d swoich znajomych i intensywnie \u0107wiczy na si\u0142owni. Ale czy tak jest naprawd\u0119? Czy tak wygl\u0105da nasze \u017cycie? Co sk\u0142ania nas do k\u0142amstwa?&#8230;<\/p>\n<p><strong>Czytaj wi\u0119cej na:<\/strong>\u00a0https:\/\/socialpress.pl<\/p>\n<h2 class=\"entry-title\"><strong>Nowe opcje targetowania reklam na LinkedIn<\/strong><\/h2>\n<h3><strong>LinkedIn jest w g\u0142\u00f3wnej mierze u\u017cywany do pozyskiwania kontakt\u00f3w biznesowych, poszukiwania warto\u015bciowych pracownik\u00f3w (tak zwanego head huntingu) oraz szukania pracy. Dotychczas portal ten nie by\u0142 ch\u0119tnie wykorzystywany przez marketer\u00f3w jako platforma reklamowa. Przyczyn\u0105 by\u0142 fakt, \u017ce LinkedIn nie udost\u0119pnia\u0142 reklamodawcom zaawansowanych narz\u0119dzi, kt\u00f3re dost\u0119pne by\u0142y w pozosta\u0142ych mediach spo\u0142eczno\u015bciowych, takich jak np. Facebook.<\/strong><\/h3>\n<p>Od teraz jednak w\u0142a\u015bciciele firm maj\u0105 nowe mo\u017cliwo\u015bci docierania do odbiorc\u00f3w \u2013 wszystko dzi\u0119ki <strong>nowym narz\u0119dziom to targetowania reklam na LinkedIn<\/strong>.<\/p>\n<h4><strong>Opcje targetowania reklam na LinkedIn<\/strong><\/h4>\n<p>Wraz z udost\u0119pnieniem <strong>nowego narz\u0119dzia pomagaj\u0105cego w\u00a0docieraniu do odbiorc\u00f3w reklam na LinkedIn<\/strong> (nazywanego\u00a0\u201eMatched Audiences\u201d \u2013 Dopasowani odbiorcy), reklamodawcy mog\u0105 skorzysta\u0107 z trzech opcji targetowania&#8230;<\/p>\n<p><strong>Czytaj wi\u0119cej na:\u00a0<\/strong><a href=\"https:\/\/www.emarketing.pl\/reklama-internetowa\/nowe-opcje-targetowania-reklam-na-linkedin\/\" target=\"_blank\" rel=\"noopener noreferrer\">https:\/\/www.emarketing.pl<\/a><\/p>\n<h1 class=\"contentHeader\">Czy faktycznie Facebook si\u0119 ko\u0144czy?<\/h1>\n<h3><strong>Facebook jest wsz\u0119dzie. Korzysta z niego 15,48 mln Polak\u00f3w, co daje 64% wszystkich u\u017cytkownik\u00f3w Internetu. Cho\u0107 na Facebooku znajdziemy wszystkie grupy wiekowe, nadal mocno nadreprezentowana jest tutaj m\u0142odsza cz\u0119\u015b\u0107 spo\u0142ecze\u0144stwa, kt\u00f3ra od Facebooka si\u0119\u2026 odwraca.<\/strong><\/h3>\n<h4><strong>M\u0142odzi odwracaj\u0105 si\u0119 od Facebooka<\/strong><\/h4>\n<p>Kryzys wiary w Facebooka zauwa\u017ca raport ARC Rynek i Opinia \u201e25 trend\u00f3w konsumenckich na 25-lecie\u201d. Jednym z najwa\u017cniejszych antytrend\u00f3w jest odwr\u00f3t od medi\u00f3w spo\u0142eczno\u015bciowych. A\u017c 20% badanych pokolenia Y (ur. 1984-1997) deklaruje spadek zainteresowania korzystaniem z social medi\u00f3w (oczywi\u015bcie z Facebookiem na czele). Skoro od Facebooka i Instagrama odwracaj\u0105 si\u0119 digital natives, to co b\u0119dzie dalej? W uj\u0119ciu wszystkich grup wiekowych deklaracja spadku zainteresowania u\u017cywaniem social medi\u00f3w wynosi 9% badanych.<\/p>\n<p>A przecie\u017c wydawa\u0107 by si\u0119 mog\u0142o, \u017ce codzienno\u015b\u0107 bez przegl\u0105dania news feedu nie istnieje. W zwi\u0105zku z tym fanpage marki nadal jest traktowany przez wielu marketer\u00f3w jako najwa\u017cniejszy kana\u0142 dotarcia do konsument\u00f3w w celu wej\u015bcia z nimi w dialog, lojalizowania ich, by na bie\u017c\u0105co \u015bledzili nowo\u015bci i dzia\u0142ania marki. Czy aby na pewno to wszystko nadal dzia\u0142a?&#8230;<\/p>\n<p><strong>Czytaj wi\u0119cej na:\u00a0<\/strong><a href=\"http:\/\/nowymarketing.pl\/a\/13872,czy-faktycznie-facebook-sie-konczy?utm_source=feedburner&amp;utm_medium=feed&amp;utm_campaign=Feed%3A+nowymarketing%2Ffeed+%28NowyMarketing.pl%29\" target=\"_blank\" rel=\"noopener noreferrer\">http:\/\/nowymarketing.pl<\/a><\/p>\n<h2 class=\"post-title\"><strong>Gdzie najcz\u0119\u015bciej obra\u017camy innych w sieci? (raport)<\/strong><\/h2>\n<h3><strong>W jakich miejscach najcz\u0119\u015bciej przekraczamy granice kultury w sieci? Czy czujemy si\u0119 anonimowi? Przedstawiamy raport Zwi\u0105zku Pracodawc\u00f3w Bran\u017cy Internetowej IAB Polska na temat internetowej kultury obra\u017cania.<\/strong><\/h3>\n<p>Internet, z mediami spo\u0142eczno\u015bciowymi na czele, to przestrze\u0144 do wyra\u017cania swoich opinii i dyskusji. Cz\u0119sto ulegaj\u0105c wra\u017ceniu, \u017ce jeste\u015bmy anonimowi pozwalamy sobie na wyra\u017canie emocji w spos\u00f3b nie do ko\u0144ca zgodny z obowi\u0105zuj\u0105cymi normami. IAB Polska opublikowa\u0142o raport z badania<strong> \u201eInternetowa kultura obra\u017cania?\u201d<\/strong>, dla kt\u00f3rego puntem wyj\u015bcia by\u0142o og\u00f3lne podej\u015bcie do kultury wypowiedzi, skali i sposob\u00f3w przekraczania jej granic oraz wizerunku \u015brodk\u00f3w komunikacji. Przeprowadzono ankiety w\u015br\u00f3d u\u017cytkownik\u00f3w internetu oraz analiz\u0119\u00a0tre\u015bci, w ramach kt\u00f3rej pobrano pr\u00f3bk\u0119 wpis\u00f3w internaut\u00f3w z trzech \u017ar\u00f3de\u0142: serwis\u00f3w spo\u0142eczno\u015bciowych, <a class=\"slowa-kluczowe sk-push\" href=\"http:\/\/contenthouse.pl\/\" target=\"_blank\" rel=\"dofollow noopener noreferrer\" data-naglowek=\"Blog firmowy\" data-opis=\"Czy blog firmowy mo\u017ce sprzedawa\u0107 Twoje produkty i by\u0107 ciekaw\u0105 lektur\u0105 dla czytelnika? Tak! Zobacz w jaki spos\u00f3b...\" data-buttonbcolor=\"#fe4e47\" data-buttoncolor=\"#fff\" data-buttontext=\"Zobacz wi\u0119cej\" data-img=\"https:\/\/socialpress.pl\/wp-content\/uploads\/2016\/07\/avatary_TW_LI-3-122x141.png\">blog<\/a>\u00f3w, for\u00f3w i komentarzy do artyku\u0142\u00f3w na portalach. Zestawiono ze sob\u0105 wyniki z 2011, 2013 i 2016 roku.\u00a0Jak wygl\u0105da obecnie sytuacja?<\/p>\n<h4><strong>Na forach czujemy si\u0119 zbyt swobodnie<\/strong><\/h4>\n<p>Wbrew utartym przekonaniom odsetek wypowiedzi przekraczaj\u0105cych granice kultury wci\u0105\u017c jest w\u00a0internecie marginalny. Wedle pierwszej analizy,\u00a0w zale\u017cno\u015bci od badanych typ\u00f3w serwis\u00f3w internetowych, oko\u0142o 0,5 do 0,9% post\u00f3w przekracza\u0142o granice kultury. Kolejne badanie przeprowadzane dwa lata p\u00f3\u017aniej wykaza\u0142o podobny odsetek, natomiast ju\u017c w 2016 roku widoczne by\u0142y\u00a0du\u017ce zmiany.<\/p>\n<p>O ile we wszystkich pomiarach najni\u017cszy procent wpis\u00f3w przekraczaj\u0105cych granice kultury zanotowano w przypadku blog\u00f3w (utrzymuje si\u0119 on na poziomie poni\u017cej 1%), dla\u00a0spo\u0142eczno\u015bci wynik ten wzr\u00f3s\u0142 nieznacznie i w listopadzie 2016 roku wyni\u00f3s\u0142 oko\u0142o 2%. <strong>Wyra\u017any wzrost zanotowano natomiast w przypadku post\u00f3w na forach i w komentarzach do artyku\u0142\u00f3w<\/strong> (z poziomu oko\u0142o 1% w roku 2011 do prawie 5% w ostatniej fali), co mo\u017ce oznacza\u0107, \u017ce czujemy si\u0119 tam zbyt swobodnie, zapominamy o netykiecie i brak nam znajomo\u015bci regulamin\u00f3w&#8230;<\/p>\n<p><strong>Czytaj wi\u0119cej na:\u00a0<\/strong><a href=\"https:\/\/socialpress.pl\/2017\/05\/gdzie-najczesciej-obrazamy-innych-w-sieci-raport\/\" target=\"_blank\" rel=\"noopener noreferrer\">https:\/\/socialpress.pl<\/a><\/p>\n","protected":false},"excerpt":{"rendered":"<p>Dlaczego k\u0142amiemy w mediach spo\u0142eczno\u015bciowych? Z jakiego powodu decydujemy si\u0119 na k\u0142amstwo w social mediach? W jakich kwestiach zdarza si\u0119 nam to najcz\u0119\u015bciej? Jakie mog\u0105 by\u0107 tego konsekwencje? Od dziecka uczymy si\u0119, \u017ce k\u0142amstwo nie jest dobrym rozwi\u0105zaniem, gdy\u017c pr\u0119dzej czy p\u00f3\u017aniej i tak wyjdzie na jaw. Ale czy zasada ta dotyczy tak\u017ce przestrzeni\u00a0online i &hellip;<\/p>\n","protected":false},"author":1,"featured_media":269766,"comment_status":"open","ping_status":"closed","sticky":false,"template":"","format":"standard","meta":{"footnotes":""},"categories":[1312],"tags":[],"class_list":["post-269765","post","type-post","status-publish","format-standard","has-post-thumbnail","","category-social-media"],"yoast_head":"<!-- This site is optimized with the Yoast SEO plugin v27.5 - https:\/\/yoast.com\/product\/yoast-seo-wordpress\/ -->\n<title>LegioBiznes.PL &gt; Marketing, Social Media, Bezpiecze\u0144stwo IT,E-biznes, Zarabianie w Internecie<\/title>\n<meta name=\"description\" content=\"Dlaczego k\u0142amiemy w Social Media? Reklama LinkedIn. Czy to ju\u017c koniec Facebook&#039;a? Obra\u017canie w sieci. Social Media, fora internetowe\" \/>\n<meta name=\"robots\" content=\"index, follow, max-snippet:-1, max-image-preview:large, max-video-preview:-1\" \/>\n<link rel=\"canonical\" href=\"https:\/\/legiobiznes.pl\/I\/dlaczego-klamiemy-w-social-media-reklama-linkedin-czy-to-juz-koniec-facebook-obrazanie-w-sieci\/\" \/>\n<meta property=\"og:locale\" content=\"pl_PL\" \/>\n<meta property=\"og:type\" content=\"article\" \/>\n<meta property=\"og:title\" content=\"LegioBiznes.PL &gt; Marketing, Social Media, Bezpiecze\u0144stwo IT,E-biznes, Zarabianie w Internecie\" \/>\n<meta property=\"og:description\" content=\"Dlaczego k\u0142amiemy w Social Media? Reklama LinkedIn. Czy to ju\u017c koniec Facebook&#039;a? Obra\u017canie w sieci. Social Media, fora internetowe\" \/>\n<meta property=\"og:url\" content=\"https:\/\/legiobiznes.pl\/I\/dlaczego-klamiemy-w-social-media-reklama-linkedin-czy-to-juz-koniec-facebook-obrazanie-w-sieci\/\" \/>\n<meta property=\"og:site_name\" content=\"Legiobiznes.pl\" \/>\n<meta property=\"article:publisher\" content=\"https:\/\/www.facebook.com\/LegioBiznes\/\" \/>\n<meta property=\"article:published_time\" content=\"2017-05-13T05:42:02+00:00\" \/>\n<meta property=\"article:modified_time\" content=\"2025-09-26T11:05:38+00:00\" \/>\n<meta property=\"og:image\" content=\"https:\/\/legiobiznes.pl\/I\/wp-content\/uploads\/2017\/05\/Dlaczego-k\u0142amiemy-w-Social-Media-Reklama-LinkedIn.-Czy-to-ju\u017c-koniec-Facebook-Obra\u017canie-w-sieci.jpg\" \/>\n\t<meta property=\"og:image:width\" content=\"640\" \/>\n\t<meta property=\"og:image:height\" content=\"480\" \/>\n\t<meta property=\"og:image:type\" content=\"image\/jpeg\" \/>\n<meta name=\"author\" content=\"Legiobiznes.pl\" \/>\n<meta name=\"twitter:card\" content=\"summary_large_image\" \/>\n<meta name=\"twitter:creator\" content=\"@LegioBiznesPL\" \/>\n<meta name=\"twitter:site\" content=\"@LegioBiznesPL\" \/>\n<meta name=\"twitter:label1\" content=\"Napisane przez\" \/>\n\t<meta name=\"twitter:data1\" content=\"Legiobiznes.pl\" \/>\n\t<meta name=\"twitter:label2\" content=\"Szacowany czas czytania\" \/>\n\t<meta name=\"twitter:data2\" content=\"5 minut\" \/>\n<script type=\"application\/ld+json\" class=\"yoast-schema-graph\">{\"@context\":\"https:\\\/\\\/schema.org\",\"@graph\":[{\"@type\":\"Article\",\"@id\":\"https:\\\/\\\/legiobiznes.pl\\\/I\\\/dlaczego-klamiemy-w-social-media-reklama-linkedin-czy-to-juz-koniec-facebook-obrazanie-w-sieci\\\/#article\",\"isPartOf\":{\"@id\":\"https:\\\/\\\/legiobiznes.pl\\\/I\\\/dlaczego-klamiemy-w-social-media-reklama-linkedin-czy-to-juz-koniec-facebook-obrazanie-w-sieci\\\/\"},\"author\":{\"name\":\"Legiobiznes.pl\",\"@id\":\"https:\\\/\\\/legiobiznes.pl\\\/I\\\/#\\\/schema\\\/person\\\/33c4505a5d28a7c944baf038996052d4\"},\"headline\":\"Dlaczego k\u0142amiemy w Social Media? Reklama LinkedIn. Czy to ju\u017c koniec Facebook&#8221;a? Obra\u017canie w sieci\",\"datePublished\":\"2017-05-13T05:42:02+00:00\",\"dateModified\":\"2025-09-26T11:05:38+00:00\",\"mainEntityOfPage\":{\"@id\":\"https:\\\/\\\/legiobiznes.pl\\\/I\\\/dlaczego-klamiemy-w-social-media-reklama-linkedin-czy-to-juz-koniec-facebook-obrazanie-w-sieci\\\/\"},\"wordCount\":1066,\"commentCount\":0,\"publisher\":{\"@id\":\"https:\\\/\\\/legiobiznes.pl\\\/I\\\/#organization\"},\"image\":{\"@id\":\"https:\\\/\\\/legiobiznes.pl\\\/I\\\/dlaczego-klamiemy-w-social-media-reklama-linkedin-czy-to-juz-koniec-facebook-obrazanie-w-sieci\\\/#primaryimage\"},\"thumbnailUrl\":\"https:\\\/\\\/legiobiznes.pl\\\/I\\\/wp-content\\\/uploads\\\/2017\\\/05\\\/Dlaczego-k\u0142amiemy-w-Social-Media-Reklama-LinkedIn.-Czy-to-ju\u017c-koniec-Facebook-Obra\u017canie-w-sieci.jpg\",\"articleSection\":[\"Social Media\"],\"inLanguage\":\"pl-PL\",\"potentialAction\":[{\"@type\":\"CommentAction\",\"name\":\"Comment\",\"target\":[\"https:\\\/\\\/legiobiznes.pl\\\/I\\\/dlaczego-klamiemy-w-social-media-reklama-linkedin-czy-to-juz-koniec-facebook-obrazanie-w-sieci\\\/#respond\"]}]},{\"@type\":\"WebPage\",\"@id\":\"https:\\\/\\\/legiobiznes.pl\\\/I\\\/dlaczego-klamiemy-w-social-media-reklama-linkedin-czy-to-juz-koniec-facebook-obrazanie-w-sieci\\\/\",\"url\":\"https:\\\/\\\/legiobiznes.pl\\\/I\\\/dlaczego-klamiemy-w-social-media-reklama-linkedin-czy-to-juz-koniec-facebook-obrazanie-w-sieci\\\/\",\"name\":\"LegioBiznes.PL > Marketing, Social Media, Bezpiecze\u0144stwo IT,E-biznes, Zarabianie w Internecie\",\"isPartOf\":{\"@id\":\"https:\\\/\\\/legiobiznes.pl\\\/I\\\/#website\"},\"primaryImageOfPage\":{\"@id\":\"https:\\\/\\\/legiobiznes.pl\\\/I\\\/dlaczego-klamiemy-w-social-media-reklama-linkedin-czy-to-juz-koniec-facebook-obrazanie-w-sieci\\\/#primaryimage\"},\"image\":{\"@id\":\"https:\\\/\\\/legiobiznes.pl\\\/I\\\/dlaczego-klamiemy-w-social-media-reklama-linkedin-czy-to-juz-koniec-facebook-obrazanie-w-sieci\\\/#primaryimage\"},\"thumbnailUrl\":\"https:\\\/\\\/legiobiznes.pl\\\/I\\\/wp-content\\\/uploads\\\/2017\\\/05\\\/Dlaczego-k\u0142amiemy-w-Social-Media-Reklama-LinkedIn.-Czy-to-ju\u017c-koniec-Facebook-Obra\u017canie-w-sieci.jpg\",\"datePublished\":\"2017-05-13T05:42:02+00:00\",\"dateModified\":\"2025-09-26T11:05:38+00:00\",\"description\":\"Dlaczego k\u0142amiemy w Social Media? Reklama LinkedIn. Czy to ju\u017c koniec Facebook'a? Obra\u017canie w sieci. Social Media, fora internetowe\",\"breadcrumb\":{\"@id\":\"https:\\\/\\\/legiobiznes.pl\\\/I\\\/dlaczego-klamiemy-w-social-media-reklama-linkedin-czy-to-juz-koniec-facebook-obrazanie-w-sieci\\\/#breadcrumb\"},\"inLanguage\":\"pl-PL\",\"potentialAction\":[{\"@type\":\"ReadAction\",\"target\":[\"https:\\\/\\\/legiobiznes.pl\\\/I\\\/dlaczego-klamiemy-w-social-media-reklama-linkedin-czy-to-juz-koniec-facebook-obrazanie-w-sieci\\\/\"]}]},{\"@type\":\"ImageObject\",\"inLanguage\":\"pl-PL\",\"@id\":\"https:\\\/\\\/legiobiznes.pl\\\/I\\\/dlaczego-klamiemy-w-social-media-reklama-linkedin-czy-to-juz-koniec-facebook-obrazanie-w-sieci\\\/#primaryimage\",\"url\":\"https:\\\/\\\/legiobiznes.pl\\\/I\\\/wp-content\\\/uploads\\\/2017\\\/05\\\/Dlaczego-k\u0142amiemy-w-Social-Media-Reklama-LinkedIn.-Czy-to-ju\u017c-koniec-Facebook-Obra\u017canie-w-sieci.jpg\",\"contentUrl\":\"https:\\\/\\\/legiobiznes.pl\\\/I\\\/wp-content\\\/uploads\\\/2017\\\/05\\\/Dlaczego-k\u0142amiemy-w-Social-Media-Reklama-LinkedIn.-Czy-to-ju\u017c-koniec-Facebook-Obra\u017canie-w-sieci.jpg\",\"width\":\"640\",\"height\":\"480\"},{\"@type\":\"BreadcrumbList\",\"@id\":\"https:\\\/\\\/legiobiznes.pl\\\/I\\\/dlaczego-klamiemy-w-social-media-reklama-linkedin-czy-to-juz-koniec-facebook-obrazanie-w-sieci\\\/#breadcrumb\",\"itemListElement\":[{\"@type\":\"ListItem\",\"position\":1,\"name\":\"Strona g\u0142\u00f3wna\",\"item\":\"https:\\\/\\\/legiobiznes.pl\\\/I\\\/\"},{\"@type\":\"ListItem\",\"position\":2,\"name\":\"Dlaczego k\u0142amiemy w Social Media? Reklama LinkedIn. Czy to ju\u017c koniec Facebook&#8221;a? Obra\u017canie w sieci\"}]},{\"@type\":\"WebSite\",\"@id\":\"https:\\\/\\\/legiobiznes.pl\\\/I\\\/#website\",\"url\":\"https:\\\/\\\/legiobiznes.pl\\\/I\\\/\",\"name\":\"Legiobiznes.pl\",\"description\":\"Kryptowaluty, Bezpiecze\u0144stwo IT, E-biznes | LegioBiznes.PL\",\"publisher\":{\"@id\":\"https:\\\/\\\/legiobiznes.pl\\\/I\\\/#organization\"},\"potentialAction\":[{\"@type\":\"SearchAction\",\"target\":{\"@type\":\"EntryPoint\",\"urlTemplate\":\"https:\\\/\\\/legiobiznes.pl\\\/I\\\/?s={search_term_string}\"},\"query-input\":{\"@type\":\"PropertyValueSpecification\",\"valueRequired\":true,\"valueName\":\"search_term_string\"}}],\"inLanguage\":\"pl-PL\"},{\"@type\":\"Organization\",\"@id\":\"https:\\\/\\\/legiobiznes.pl\\\/I\\\/#organization\",\"name\":\"LegioBiznes.PL\",\"url\":\"https:\\\/\\\/legiobiznes.pl\\\/I\\\/\",\"logo\":{\"@type\":\"ImageObject\",\"inLanguage\":\"pl-PL\",\"@id\":\"https:\\\/\\\/legiobiznes.pl\\\/I\\\/#\\\/schema\\\/logo\\\/image\\\/\",\"url\":\"https:\\\/\\\/legiobiznes.pl\\\/I\\\/wp-content\\\/uploads\\\/2017\\\/08\\\/legiobiznespl-logo2-e1503834302371.png\",\"contentUrl\":\"https:\\\/\\\/legiobiznes.pl\\\/I\\\/wp-content\\\/uploads\\\/2017\\\/08\\\/legiobiznespl-logo2-e1503834302371.png\",\"width\":180,\"height\":76,\"caption\":\"LegioBiznes.PL\"},\"image\":{\"@id\":\"https:\\\/\\\/legiobiznes.pl\\\/I\\\/#\\\/schema\\\/logo\\\/image\\\/\"},\"sameAs\":[\"https:\\\/\\\/www.facebook.com\\\/LegioBiznes\\\/\",\"https:\\\/\\\/x.com\\\/LegioBiznesPL\",\"https:\\\/\\\/www.youtube.com\\\/channel\\\/UCEhszB39vxk96yIXD-jOORw\"]},{\"@type\":\"Person\",\"@id\":\"https:\\\/\\\/legiobiznes.pl\\\/I\\\/#\\\/schema\\\/person\\\/33c4505a5d28a7c944baf038996052d4\",\"name\":\"Legiobiznes.pl\",\"image\":{\"@type\":\"ImageObject\",\"inLanguage\":\"pl-PL\",\"@id\":\"https:\\\/\\\/legiobiznes.pl\\\/I\\\/wp-content\\\/uploads\\\/2019\\\/07\\\/favicon-Legiobiznes-150x150.png\",\"url\":\"https:\\\/\\\/legiobiznes.pl\\\/I\\\/wp-content\\\/uploads\\\/2019\\\/07\\\/favicon-Legiobiznes-150x150.png\",\"contentUrl\":\"https:\\\/\\\/legiobiznes.pl\\\/I\\\/wp-content\\\/uploads\\\/2019\\\/07\\\/favicon-Legiobiznes-150x150.png\",\"caption\":\"Legiobiznes.pl\"},\"description\":\"Budowa i tworzenie profesjonalnych, responsywnych (RWD) stron www. Pozycjonowanie SEO, sklepy internetowe eSklep...\",\"url\":\"https:\\\/\\\/legiobiznes.pl\\\/I\\\/author\\\/boss\\\/\"}]}<\/script>\n<!-- \/ Yoast SEO plugin. -->","yoast_head_json":{"title":"LegioBiznes.PL > Marketing, Social Media, Bezpiecze\u0144stwo IT,E-biznes, Zarabianie w Internecie","description":"Dlaczego k\u0142amiemy w Social Media? Reklama LinkedIn. Czy to ju\u017c koniec Facebook'a? Obra\u017canie w sieci. Social Media, fora internetowe","robots":{"index":"index","follow":"follow","max-snippet":"max-snippet:-1","max-image-preview":"max-image-preview:large","max-video-preview":"max-video-preview:-1"},"canonical":"https:\/\/legiobiznes.pl\/I\/dlaczego-klamiemy-w-social-media-reklama-linkedin-czy-to-juz-koniec-facebook-obrazanie-w-sieci\/","og_locale":"pl_PL","og_type":"article","og_title":"LegioBiznes.PL > Marketing, Social Media, Bezpiecze\u0144stwo IT,E-biznes, Zarabianie w Internecie","og_description":"Dlaczego k\u0142amiemy w Social Media? Reklama LinkedIn. Czy to ju\u017c koniec Facebook'a? Obra\u017canie w sieci. Social Media, fora internetowe","og_url":"https:\/\/legiobiznes.pl\/I\/dlaczego-klamiemy-w-social-media-reklama-linkedin-czy-to-juz-koniec-facebook-obrazanie-w-sieci\/","og_site_name":"Legiobiznes.pl","article_publisher":"https:\/\/www.facebook.com\/LegioBiznes\/","article_published_time":"2017-05-13T05:42:02+00:00","article_modified_time":"2025-09-26T11:05:38+00:00","og_image":[{"width":640,"height":480,"url":"https:\/\/legiobiznes.pl\/I\/wp-content\/uploads\/2017\/05\/Dlaczego-k\u0142amiemy-w-Social-Media-Reklama-LinkedIn.-Czy-to-ju\u017c-koniec-Facebook-Obra\u017canie-w-sieci.jpg","type":"image\/jpeg"}],"author":"Legiobiznes.pl","twitter_card":"summary_large_image","twitter_creator":"@LegioBiznesPL","twitter_site":"@LegioBiznesPL","twitter_misc":{"Napisane przez":"Legiobiznes.pl","Szacowany czas czytania":"5 minut"},"schema":{"@context":"https:\/\/schema.org","@graph":[{"@type":"Article","@id":"https:\/\/legiobiznes.pl\/I\/dlaczego-klamiemy-w-social-media-reklama-linkedin-czy-to-juz-koniec-facebook-obrazanie-w-sieci\/#article","isPartOf":{"@id":"https:\/\/legiobiznes.pl\/I\/dlaczego-klamiemy-w-social-media-reklama-linkedin-czy-to-juz-koniec-facebook-obrazanie-w-sieci\/"},"author":{"name":"Legiobiznes.pl","@id":"https:\/\/legiobiznes.pl\/I\/#\/schema\/person\/33c4505a5d28a7c944baf038996052d4"},"headline":"Dlaczego k\u0142amiemy w Social Media? Reklama LinkedIn. Czy to ju\u017c koniec Facebook&#8221;a? Obra\u017canie w sieci","datePublished":"2017-05-13T05:42:02+00:00","dateModified":"2025-09-26T11:05:38+00:00","mainEntityOfPage":{"@id":"https:\/\/legiobiznes.pl\/I\/dlaczego-klamiemy-w-social-media-reklama-linkedin-czy-to-juz-koniec-facebook-obrazanie-w-sieci\/"},"wordCount":1066,"commentCount":0,"publisher":{"@id":"https:\/\/legiobiznes.pl\/I\/#organization"},"image":{"@id":"https:\/\/legiobiznes.pl\/I\/dlaczego-klamiemy-w-social-media-reklama-linkedin-czy-to-juz-koniec-facebook-obrazanie-w-sieci\/#primaryimage"},"thumbnailUrl":"https:\/\/legiobiznes.pl\/I\/wp-content\/uploads\/2017\/05\/Dlaczego-k\u0142amiemy-w-Social-Media-Reklama-LinkedIn.-Czy-to-ju\u017c-koniec-Facebook-Obra\u017canie-w-sieci.jpg","articleSection":["Social Media"],"inLanguage":"pl-PL","potentialAction":[{"@type":"CommentAction","name":"Comment","target":["https:\/\/legiobiznes.pl\/I\/dlaczego-klamiemy-w-social-media-reklama-linkedin-czy-to-juz-koniec-facebook-obrazanie-w-sieci\/#respond"]}]},{"@type":"WebPage","@id":"https:\/\/legiobiznes.pl\/I\/dlaczego-klamiemy-w-social-media-reklama-linkedin-czy-to-juz-koniec-facebook-obrazanie-w-sieci\/","url":"https:\/\/legiobiznes.pl\/I\/dlaczego-klamiemy-w-social-media-reklama-linkedin-czy-to-juz-koniec-facebook-obrazanie-w-sieci\/","name":"LegioBiznes.PL > Marketing, Social Media, Bezpiecze\u0144stwo IT,E-biznes, Zarabianie w Internecie","isPartOf":{"@id":"https:\/\/legiobiznes.pl\/I\/#website"},"primaryImageOfPage":{"@id":"https:\/\/legiobiznes.pl\/I\/dlaczego-klamiemy-w-social-media-reklama-linkedin-czy-to-juz-koniec-facebook-obrazanie-w-sieci\/#primaryimage"},"image":{"@id":"https:\/\/legiobiznes.pl\/I\/dlaczego-klamiemy-w-social-media-reklama-linkedin-czy-to-juz-koniec-facebook-obrazanie-w-sieci\/#primaryimage"},"thumbnailUrl":"https:\/\/legiobiznes.pl\/I\/wp-content\/uploads\/2017\/05\/Dlaczego-k\u0142amiemy-w-Social-Media-Reklama-LinkedIn.-Czy-to-ju\u017c-koniec-Facebook-Obra\u017canie-w-sieci.jpg","datePublished":"2017-05-13T05:42:02+00:00","dateModified":"2025-09-26T11:05:38+00:00","description":"Dlaczego k\u0142amiemy w Social Media? Reklama LinkedIn. Czy to ju\u017c koniec Facebook'a? Obra\u017canie w sieci. Social Media, fora internetowe","breadcrumb":{"@id":"https:\/\/legiobiznes.pl\/I\/dlaczego-klamiemy-w-social-media-reklama-linkedin-czy-to-juz-koniec-facebook-obrazanie-w-sieci\/#breadcrumb"},"inLanguage":"pl-PL","potentialAction":[{"@type":"ReadAction","target":["https:\/\/legiobiznes.pl\/I\/dlaczego-klamiemy-w-social-media-reklama-linkedin-czy-to-juz-koniec-facebook-obrazanie-w-sieci\/"]}]},{"@type":"ImageObject","inLanguage":"pl-PL","@id":"https:\/\/legiobiznes.pl\/I\/dlaczego-klamiemy-w-social-media-reklama-linkedin-czy-to-juz-koniec-facebook-obrazanie-w-sieci\/#primaryimage","url":"https:\/\/legiobiznes.pl\/I\/wp-content\/uploads\/2017\/05\/Dlaczego-k\u0142amiemy-w-Social-Media-Reklama-LinkedIn.-Czy-to-ju\u017c-koniec-Facebook-Obra\u017canie-w-sieci.jpg","contentUrl":"https:\/\/legiobiznes.pl\/I\/wp-content\/uploads\/2017\/05\/Dlaczego-k\u0142amiemy-w-Social-Media-Reklama-LinkedIn.-Czy-to-ju\u017c-koniec-Facebook-Obra\u017canie-w-sieci.jpg","width":"640","height":"480"},{"@type":"BreadcrumbList","@id":"https:\/\/legiobiznes.pl\/I\/dlaczego-klamiemy-w-social-media-reklama-linkedin-czy-to-juz-koniec-facebook-obrazanie-w-sieci\/#breadcrumb","itemListElement":[{"@type":"ListItem","position":1,"name":"Strona g\u0142\u00f3wna","item":"https:\/\/legiobiznes.pl\/I\/"},{"@type":"ListItem","position":2,"name":"Dlaczego k\u0142amiemy w Social Media? Reklama LinkedIn. Czy to ju\u017c koniec Facebook&#8221;a? Obra\u017canie w sieci"}]},{"@type":"WebSite","@id":"https:\/\/legiobiznes.pl\/I\/#website","url":"https:\/\/legiobiznes.pl\/I\/","name":"Legiobiznes.pl","description":"Kryptowaluty, Bezpiecze\u0144stwo IT, E-biznes | LegioBiznes.PL","publisher":{"@id":"https:\/\/legiobiznes.pl\/I\/#organization"},"potentialAction":[{"@type":"SearchAction","target":{"@type":"EntryPoint","urlTemplate":"https:\/\/legiobiznes.pl\/I\/?s={search_term_string}"},"query-input":{"@type":"PropertyValueSpecification","valueRequired":true,"valueName":"search_term_string"}}],"inLanguage":"pl-PL"},{"@type":"Organization","@id":"https:\/\/legiobiznes.pl\/I\/#organization","name":"LegioBiznes.PL","url":"https:\/\/legiobiznes.pl\/I\/","logo":{"@type":"ImageObject","inLanguage":"pl-PL","@id":"https:\/\/legiobiznes.pl\/I\/#\/schema\/logo\/image\/","url":"https:\/\/legiobiznes.pl\/I\/wp-content\/uploads\/2017\/08\/legiobiznespl-logo2-e1503834302371.png","contentUrl":"https:\/\/legiobiznes.pl\/I\/wp-content\/uploads\/2017\/08\/legiobiznespl-logo2-e1503834302371.png","width":180,"height":76,"caption":"LegioBiznes.PL"},"image":{"@id":"https:\/\/legiobiznes.pl\/I\/#\/schema\/logo\/image\/"},"sameAs":["https:\/\/www.facebook.com\/LegioBiznes\/","https:\/\/x.com\/LegioBiznesPL","https:\/\/www.youtube.com\/channel\/UCEhszB39vxk96yIXD-jOORw"]},{"@type":"Person","@id":"https:\/\/legiobiznes.pl\/I\/#\/schema\/person\/33c4505a5d28a7c944baf038996052d4","name":"Legiobiznes.pl","image":{"@type":"ImageObject","inLanguage":"pl-PL","@id":"https:\/\/legiobiznes.pl\/I\/wp-content\/uploads\/2019\/07\/favicon-Legiobiznes-150x150.png","url":"https:\/\/legiobiznes.pl\/I\/wp-content\/uploads\/2019\/07\/favicon-Legiobiznes-150x150.png","contentUrl":"https:\/\/legiobiznes.pl\/I\/wp-content\/uploads\/2019\/07\/favicon-Legiobiznes-150x150.png","caption":"Legiobiznes.pl"},"description":"Budowa i tworzenie profesjonalnych, responsywnych (RWD) stron www. Pozycjonowanie SEO, sklepy internetowe eSklep...","url":"https:\/\/legiobiznes.pl\/I\/author\/boss\/"}]}},"_links":{"self":[{"href":"https:\/\/legiobiznes.pl\/I\/wp-json\/wp\/v2\/posts\/269765","targetHints":{"allow":["GET"]}}],"collection":[{"href":"https:\/\/legiobiznes.pl\/I\/wp-json\/wp\/v2\/posts"}],"about":[{"href":"https:\/\/legiobiznes.pl\/I\/wp-json\/wp\/v2\/types\/post"}],"author":[{"embeddable":true,"href":"https:\/\/legiobiznes.pl\/I\/wp-json\/wp\/v2\/users\/1"}],"replies":[{"embeddable":true,"href":"https:\/\/legiobiznes.pl\/I\/wp-json\/wp\/v2\/comments?post=269765"}],"version-history":[{"count":1,"href":"https:\/\/legiobiznes.pl\/I\/wp-json\/wp\/v2\/posts\/269765\/revisions"}],"predecessor-version":[{"id":1710580,"href":"https:\/\/legiobiznes.pl\/I\/wp-json\/wp\/v2\/posts\/269765\/revisions\/1710580"}],"wp:featuredmedia":[{"embeddable":true,"href":"https:\/\/legiobiznes.pl\/I\/wp-json\/wp\/v2\/media\/269766"}],"wp:attachment":[{"href":"https:\/\/legiobiznes.pl\/I\/wp-json\/wp\/v2\/media?parent=269765"}],"wp:term":[{"taxonomy":"category","embeddable":true,"href":"https:\/\/legiobiznes.pl\/I\/wp-json\/wp\/v2\/categories?post=269765"},{"taxonomy":"post_tag","embeddable":true,"href":"https:\/\/legiobiznes.pl\/I\/wp-json\/wp\/v2\/tags?post=269765"}],"curies":[{"name":"wp","href":"https:\/\/api.w.org\/{rel}","templated":true}]}}