{"id":275314,"date":"2017-06-01T20:42:12","date_gmt":"2017-06-01T20:42:12","guid":{"rendered":"http:\/\/legiobiznes.pl\/I\/?p=275314"},"modified":"2020-10-27T15:42:27","modified_gmt":"2020-10-27T13:42:27","slug":"czy-stracimy-dostep-do-facebooka-spoldzielnie-i-administratorzy-budynkow-ochrona-danych-osobowych","status":"publish","type":"post","link":"https:\/\/legiobiznes.pl\/I\/czy-stracimy-dostep-do-facebooka-spoldzielnie-i-administratorzy-budynkow-ochrona-danych-osobowych\/","title":{"rendered":"Czy stracimy dost\u0119p do Facebooka? Sp\u00f3\u0142dzielnie i administratorzy budynk\u00f3w &#8211; ochrona danych osobowych"},"content":{"rendered":"<h2 class=\"documentFirstHeading\">Polacy mog\u0105 straci\u0107 dost\u0119p do Facebooka<\/h2>\n<h3><strong>Ministerstwo Finans\u00f3w podj\u0119\u0142o czynno\u015bci sprawdzaj\u0105ce wobec Facebooka. Jest to odpowied\u017a na interpelacj\u0119 poselsk\u0105 Jacka Wilka, kt\u00f3ry zwr\u00f3ci\u0142 uwag\u0119 na gry losowe dost\u0119pne w tym serwisie spo\u0142eczno\u015bciowym.<\/strong><\/h3>\n<p>Jak poinformowa\u0142 Sekretarz Stanu w Ministerstwie Finans\u00f3w Wies\u0142aw Janczyk, Krajowa Administracja Skarbowa \u00a0przyjrzy si\u0119 portalowi Marka Zuckerberga pod k\u0105tem obowi\u0105zuj\u0105cej ustawy o grach hazardowych. W swojej interpelacji, do kt\u00f3rej odnosi si\u0119 przedstawiciel rz\u0105du, Jacek Wilk z klubu Kukiz&#8217;15 wymieni\u0142 trzy przypadki gier dost\u0119pnych na podstronach Facebooka, kt\u00f3re wed\u0142ug niego \u0142ami\u0105 przepisy. W najgorszym wypadku serwis Facebook mo\u017ce zosta\u0107 wpisany do rejestru &#8222;stron zakazanych&#8221;, co zablokowa\u0142oby dost\u0119p do tego serwisu spo\u0142eczno\u015bciowego wi\u0119kszo\u015bci Polak\u00f3w.<\/p>\n<p>Ustawa hazardowa zosta\u0142a uchwalona w 2009 roku i znacz\u0105co ograniczy\u0142a mo\u017cliwo\u015b\u0107 organizacji gier o charakterze losowym w Polsce. Przepisy nowelizuj\u0105ce ustaw\u0119 wesz\u0142y w \u017cycie 1 kwietnia tego roku i rozszerzaj\u0105 monopol pa\u0144stwa r\u00f3wnie\u017c na organizacj\u0119 zak\u0142ad\u00f3w przez internet. Ustawa zabrania organizacji gier zawieraj\u0105cych element losowo\u015bci nawet je\u015bli graj\u0105cy nie ma mo\u017cliwo\u015bci uzyskania wygranej pieni\u0119\u017cnej lub rzeczowej&#8230;<\/p>\n<p><strong>Czytaj wi\u0119cej na:<\/strong> http:\/\/www.chip.pl<\/p>\n<h2>Jak chroni\u0107 dane osobowe? Odpowiedzialno\u015b\u0107 karna administrator\u00f3w budynk\u00f3w<\/h2>\n<h3><strong>Sp\u00f3\u0142dzielnie i administratorzy budynk\u00f3w \u2013 kt\u00f3rzy przetwarzaj\u0105 w du\u017cych ilo\u015bciach dane osobowe w\u0142a\u015bcicieli lub najemc\u00f3w lokali \u2013 s\u0105 nara\u017ceni na szczeg\u00f3ln\u0105 odpowiedzialno\u015b\u0107. Brak odpowiedniego zabezpieczenia danych osobowych mo\u017ce skutkowa\u0107 dla nich grzywn\u0105, kar\u0105 ograniczenia albo pozbawienia wolno\u015bci do lat 2.<\/strong><\/h3>\n<p>Natomiast potencjalna g\u00f3rna granica grzywny to w skrajnych przypadkach naruszenia ponad milion z\u0142otych. Najlepszym sposobem ochrony danych \u2013 jak wskazuje GIODO \u2013 jest szyfrowanie przy u\u017cyciu profesjonalnych program\u00f3w informatycznych.<\/p>\n<p>Unijne rozporz\u0105dzenie og\u00f3lne o ochronie danych osobowych RODO, kt\u00f3re reformuje ochron\u0119 danych osobowych (zacznie obowi\u0105zywa\u0107 od 25 maja 2018 roku) przewiduje znacznie surowsze sankcje m.in. dla tych, kt\u00f3rzy niew\u0142a\u015bciwie zabezpieczaj\u0105 dane osobowe w systemach informatycznych. Mog\u0105 one wynosi\u0107 w zale\u017cno\u015bci od naruszenia odpowiednio:<\/p>\n<ul>\n<li>do 10 mln euro albo 2 % \u0142\u0105cznego \u015bwiatowego obrotu przedsi\u0119biorstwa<\/li>\n<li>lub do 20 mln euro albo do 4% \u0142\u0105cznego obrotu \u015bwiatowego przedsi\u0119biorstwa&#8230;<\/li>\n<\/ul>\n<p><strong>Czytaj wi\u0119cej na:\u00a0<\/strong><a href=\"http:\/\/di.com.pl\/jak-chronic-dane-osobowe-odpowiedzialnosc-karna-administratorow-budynkow-57474?utm_source=feedburner&amp;utm_medium=feed&amp;utm_campaign=Feed%3A+glowny-di+%280+-+DI+kanal+glowny+%28go%C5%82y%29%29\" target=\"_blank\" rel=\"noopener noreferrer\">http:\/\/di.com.pl<\/a><\/p>\n","protected":false},"excerpt":{"rendered":"<p>Polacy mog\u0105 straci\u0107 dost\u0119p do Facebooka Ministerstwo Finans\u00f3w podj\u0119\u0142o czynno\u015bci sprawdzaj\u0105ce wobec Facebooka. Jest to odpowied\u017a na interpelacj\u0119 poselsk\u0105 Jacka Wilka, kt\u00f3ry zwr\u00f3ci\u0142 uwag\u0119 na gry losowe dost\u0119pne w tym serwisie spo\u0142eczno\u015bciowym. Jak poinformowa\u0142 Sekretarz Stanu w Ministerstwie Finans\u00f3w Wies\u0142aw Janczyk, Krajowa Administracja Skarbowa \u00a0przyjrzy si\u0119 portalowi Marka Zuckerberga pod k\u0105tem obowi\u0105zuj\u0105cej ustawy o grach &hellip;<\/p>\n","protected":false},"author":1,"featured_media":275316,"comment_status":"open","ping_status":"closed","sticky":false,"template":"","format":"standard","meta":{"footnotes":""},"categories":[1294],"tags":[1897,2143,1525,1361,1541,1375,2142],"class_list":["post-275314","post","type-post","status-publish","format-standard","has-post-thumbnail","","category-prawo","tag-administracja","tag-budynki","tag-dostep","tag-facebook","tag-ochrona-danych-osobowych","tag-prawo","tag-spoldzielnie"],"yoast_head":"<!-- This site is optimized with the Yoast SEO plugin v27.5 - https:\/\/yoast.com\/product\/yoast-seo-wordpress\/ -->\n<title>Czy stracimy dost\u0119p do Facebooka? Sp\u00f3\u0142dzielnie i administratorzy budynk\u00f3w - ochrona danych osobowych &#187; Legiobiznes.pl<\/title>\n<meta name=\"description\" content=\"Ministerstwo Finans\u00f3w podj\u0119\u0142o czynno\u015bci sprawdzaj\u0105ce wobec Facebooka. Sp\u00f3\u0142dzielnie i administratorzy budynk\u00f3w, kt\u00f3rzy przetwarzaj\u0105 w du\u017cych ilo\u015bciach dane\" \/>\n<meta name=\"robots\" content=\"index, follow, max-snippet:-1, max-image-preview:large, max-video-preview:-1\" \/>\n<link rel=\"canonical\" href=\"https:\/\/legiobiznes.pl\/I\/czy-stracimy-dostep-do-facebooka-spoldzielnie-i-administratorzy-budynkow-ochrona-danych-osobowych\/\" \/>\n<meta property=\"og:locale\" content=\"pl_PL\" \/>\n<meta property=\"og:type\" content=\"article\" \/>\n<meta property=\"og:title\" content=\"Czy stracimy dost\u0119p do Facebooka? Sp\u00f3\u0142dzielnie i administratorzy budynk\u00f3w - ochrona danych osobowych &#187; Legiobiznes.pl\" \/>\n<meta property=\"og:description\" content=\"Ministerstwo Finans\u00f3w podj\u0119\u0142o czynno\u015bci sprawdzaj\u0105ce wobec Facebooka. Sp\u00f3\u0142dzielnie i administratorzy budynk\u00f3w, kt\u00f3rzy przetwarzaj\u0105 w du\u017cych ilo\u015bciach dane\" \/>\n<meta property=\"og:url\" content=\"https:\/\/legiobiznes.pl\/I\/czy-stracimy-dostep-do-facebooka-spoldzielnie-i-administratorzy-budynkow-ochrona-danych-osobowych\/\" \/>\n<meta property=\"og:site_name\" content=\"Legiobiznes.pl\" \/>\n<meta property=\"article:publisher\" content=\"https:\/\/www.facebook.com\/LegioBiznes\/\" \/>\n<meta property=\"article:published_time\" content=\"2017-06-01T20:42:12+00:00\" \/>\n<meta property=\"article:modified_time\" content=\"2020-10-27T13:42:27+00:00\" \/>\n<meta property=\"og:image\" content=\"https:\/\/legiobiznes.pl\/I\/wp-content\/uploads\/2017\/06\/Czy-stracimy-dost\u0119p-do-Facebooka-Sp\u00f3\u0142dzielnie-i-administratorzy-budynk\u00f3w-ochrona-danych-osobowych.jpg\" \/>\n\t<meta property=\"og:image:width\" content=\"640\" \/>\n\t<meta property=\"og:image:height\" content=\"426\" \/>\n\t<meta property=\"og:image:type\" content=\"image\/jpeg\" \/>\n<meta name=\"author\" content=\"Legiobiznes.pl\" \/>\n<meta name=\"twitter:card\" content=\"summary_large_image\" \/>\n<meta name=\"twitter:creator\" content=\"@LegioBiznesPL\" \/>\n<meta name=\"twitter:site\" content=\"@LegioBiznesPL\" \/>\n<meta name=\"twitter:label1\" content=\"Napisane przez\" \/>\n\t<meta name=\"twitter:data1\" content=\"Legiobiznes.pl\" \/>\n\t<meta name=\"twitter:label2\" content=\"Szacowany czas czytania\" \/>\n\t<meta name=\"twitter:data2\" content=\"2 minuty\" \/>\n<script type=\"application\/ld+json\" class=\"yoast-schema-graph\">{\"@context\":\"https:\\\/\\\/schema.org\",\"@graph\":[{\"@type\":\"Article\",\"@id\":\"https:\\\/\\\/legiobiznes.pl\\\/I\\\/czy-stracimy-dostep-do-facebooka-spoldzielnie-i-administratorzy-budynkow-ochrona-danych-osobowych\\\/#article\",\"isPartOf\":{\"@id\":\"https:\\\/\\\/legiobiznes.pl\\\/I\\\/czy-stracimy-dostep-do-facebooka-spoldzielnie-i-administratorzy-budynkow-ochrona-danych-osobowych\\\/\"},\"author\":{\"name\":\"Legiobiznes.pl\",\"@id\":\"https:\\\/\\\/legiobiznes.pl\\\/I\\\/#\\\/schema\\\/person\\\/33c4505a5d28a7c944baf038996052d4\"},\"headline\":\"Czy stracimy dost\u0119p do Facebooka? Sp\u00f3\u0142dzielnie i administratorzy budynk\u00f3w &#8211; ochrona danych osobowych\",\"datePublished\":\"2017-06-01T20:42:12+00:00\",\"dateModified\":\"2020-10-27T13:42:27+00:00\",\"mainEntityOfPage\":{\"@id\":\"https:\\\/\\\/legiobiznes.pl\\\/I\\\/czy-stracimy-dostep-do-facebooka-spoldzielnie-i-administratorzy-budynkow-ochrona-danych-osobowych\\\/\"},\"wordCount\":396,\"commentCount\":0,\"publisher\":{\"@id\":\"https:\\\/\\\/legiobiznes.pl\\\/I\\\/#organization\"},\"image\":{\"@id\":\"https:\\\/\\\/legiobiznes.pl\\\/I\\\/czy-stracimy-dostep-do-facebooka-spoldzielnie-i-administratorzy-budynkow-ochrona-danych-osobowych\\\/#primaryimage\"},\"thumbnailUrl\":\"https:\\\/\\\/legiobiznes.pl\\\/I\\\/wp-content\\\/uploads\\\/2017\\\/06\\\/Czy-stracimy-dost\u0119p-do-Facebooka-Sp\u00f3\u0142dzielnie-i-administratorzy-budynk\u00f3w-ochrona-danych-osobowych.jpg\",\"keywords\":[\"administracja\",\"budynki\",\"dost\u0119p\",\"Facebook\",\"ochrona danych osobowych\",\"prawo\",\"sp\u00f3\u0142dzielnie\"],\"articleSection\":[\"Prawo\"],\"inLanguage\":\"pl-PL\",\"potentialAction\":[{\"@type\":\"CommentAction\",\"name\":\"Comment\",\"target\":[\"https:\\\/\\\/legiobiznes.pl\\\/I\\\/czy-stracimy-dostep-do-facebooka-spoldzielnie-i-administratorzy-budynkow-ochrona-danych-osobowych\\\/#respond\"]}]},{\"@type\":\"WebPage\",\"@id\":\"https:\\\/\\\/legiobiznes.pl\\\/I\\\/czy-stracimy-dostep-do-facebooka-spoldzielnie-i-administratorzy-budynkow-ochrona-danych-osobowych\\\/\",\"url\":\"https:\\\/\\\/legiobiznes.pl\\\/I\\\/czy-stracimy-dostep-do-facebooka-spoldzielnie-i-administratorzy-budynkow-ochrona-danych-osobowych\\\/\",\"name\":\"Czy stracimy dost\u0119p do Facebooka? Sp\u00f3\u0142dzielnie i administratorzy budynk\u00f3w - ochrona danych osobowych &#187; Legiobiznes.pl\",\"isPartOf\":{\"@id\":\"https:\\\/\\\/legiobiznes.pl\\\/I\\\/#website\"},\"primaryImageOfPage\":{\"@id\":\"https:\\\/\\\/legiobiznes.pl\\\/I\\\/czy-stracimy-dostep-do-facebooka-spoldzielnie-i-administratorzy-budynkow-ochrona-danych-osobowych\\\/#primaryimage\"},\"image\":{\"@id\":\"https:\\\/\\\/legiobiznes.pl\\\/I\\\/czy-stracimy-dostep-do-facebooka-spoldzielnie-i-administratorzy-budynkow-ochrona-danych-osobowych\\\/#primaryimage\"},\"thumbnailUrl\":\"https:\\\/\\\/legiobiznes.pl\\\/I\\\/wp-content\\\/uploads\\\/2017\\\/06\\\/Czy-stracimy-dost\u0119p-do-Facebooka-Sp\u00f3\u0142dzielnie-i-administratorzy-budynk\u00f3w-ochrona-danych-osobowych.jpg\",\"datePublished\":\"2017-06-01T20:42:12+00:00\",\"dateModified\":\"2020-10-27T13:42:27+00:00\",\"description\":\"Ministerstwo Finans\u00f3w podj\u0119\u0142o czynno\u015bci sprawdzaj\u0105ce wobec Facebooka. Sp\u00f3\u0142dzielnie i administratorzy budynk\u00f3w, kt\u00f3rzy przetwarzaj\u0105 w du\u017cych ilo\u015bciach dane\",\"breadcrumb\":{\"@id\":\"https:\\\/\\\/legiobiznes.pl\\\/I\\\/czy-stracimy-dostep-do-facebooka-spoldzielnie-i-administratorzy-budynkow-ochrona-danych-osobowych\\\/#breadcrumb\"},\"inLanguage\":\"pl-PL\",\"potentialAction\":[{\"@type\":\"ReadAction\",\"target\":[\"https:\\\/\\\/legiobiznes.pl\\\/I\\\/czy-stracimy-dostep-do-facebooka-spoldzielnie-i-administratorzy-budynkow-ochrona-danych-osobowych\\\/\"]}]},{\"@type\":\"ImageObject\",\"inLanguage\":\"pl-PL\",\"@id\":\"https:\\\/\\\/legiobiznes.pl\\\/I\\\/czy-stracimy-dostep-do-facebooka-spoldzielnie-i-administratorzy-budynkow-ochrona-danych-osobowych\\\/#primaryimage\",\"url\":\"https:\\\/\\\/legiobiznes.pl\\\/I\\\/wp-content\\\/uploads\\\/2017\\\/06\\\/Czy-stracimy-dost\u0119p-do-Facebooka-Sp\u00f3\u0142dzielnie-i-administratorzy-budynk\u00f3w-ochrona-danych-osobowych.jpg\",\"contentUrl\":\"https:\\\/\\\/legiobiznes.pl\\\/I\\\/wp-content\\\/uploads\\\/2017\\\/06\\\/Czy-stracimy-dost\u0119p-do-Facebooka-Sp\u00f3\u0142dzielnie-i-administratorzy-budynk\u00f3w-ochrona-danych-osobowych.jpg\",\"width\":640,\"height\":426},{\"@type\":\"BreadcrumbList\",\"@id\":\"https:\\\/\\\/legiobiznes.pl\\\/I\\\/czy-stracimy-dostep-do-facebooka-spoldzielnie-i-administratorzy-budynkow-ochrona-danych-osobowych\\\/#breadcrumb\",\"itemListElement\":[{\"@type\":\"ListItem\",\"position\":1,\"name\":\"Strona g\u0142\u00f3wna\",\"item\":\"https:\\\/\\\/legiobiznes.pl\\\/I\\\/\"},{\"@type\":\"ListItem\",\"position\":2,\"name\":\"Czy stracimy dost\u0119p do Facebooka? Sp\u00f3\u0142dzielnie i administratorzy budynk\u00f3w &#8211; ochrona danych osobowych\"}]},{\"@type\":\"WebSite\",\"@id\":\"https:\\\/\\\/legiobiznes.pl\\\/I\\\/#website\",\"url\":\"https:\\\/\\\/legiobiznes.pl\\\/I\\\/\",\"name\":\"Legiobiznes.pl\",\"description\":\"Kryptowaluty, Bezpiecze\u0144stwo IT, E-biznes | LegioBiznes.PL\",\"publisher\":{\"@id\":\"https:\\\/\\\/legiobiznes.pl\\\/I\\\/#organization\"},\"potentialAction\":[{\"@type\":\"SearchAction\",\"target\":{\"@type\":\"EntryPoint\",\"urlTemplate\":\"https:\\\/\\\/legiobiznes.pl\\\/I\\\/?s={search_term_string}\"},\"query-input\":{\"@type\":\"PropertyValueSpecification\",\"valueRequired\":true,\"valueName\":\"search_term_string\"}}],\"inLanguage\":\"pl-PL\"},{\"@type\":\"Organization\",\"@id\":\"https:\\\/\\\/legiobiznes.pl\\\/I\\\/#organization\",\"name\":\"LegioBiznes.PL\",\"url\":\"https:\\\/\\\/legiobiznes.pl\\\/I\\\/\",\"logo\":{\"@type\":\"ImageObject\",\"inLanguage\":\"pl-PL\",\"@id\":\"https:\\\/\\\/legiobiznes.pl\\\/I\\\/#\\\/schema\\\/logo\\\/image\\\/\",\"url\":\"https:\\\/\\\/legiobiznes.pl\\\/I\\\/wp-content\\\/uploads\\\/2017\\\/08\\\/legiobiznespl-logo2-e1503834302371.png\",\"contentUrl\":\"https:\\\/\\\/legiobiznes.pl\\\/I\\\/wp-content\\\/uploads\\\/2017\\\/08\\\/legiobiznespl-logo2-e1503834302371.png\",\"width\":180,\"height\":76,\"caption\":\"LegioBiznes.PL\"},\"image\":{\"@id\":\"https:\\\/\\\/legiobiznes.pl\\\/I\\\/#\\\/schema\\\/logo\\\/image\\\/\"},\"sameAs\":[\"https:\\\/\\\/www.facebook.com\\\/LegioBiznes\\\/\",\"https:\\\/\\\/x.com\\\/LegioBiznesPL\",\"https:\\\/\\\/www.youtube.com\\\/channel\\\/UCEhszB39vxk96yIXD-jOORw\"]},{\"@type\":\"Person\",\"@id\":\"https:\\\/\\\/legiobiznes.pl\\\/I\\\/#\\\/schema\\\/person\\\/33c4505a5d28a7c944baf038996052d4\",\"name\":\"Legiobiznes.pl\",\"image\":{\"@type\":\"ImageObject\",\"inLanguage\":\"pl-PL\",\"@id\":\"https:\\\/\\\/legiobiznes.pl\\\/I\\\/wp-content\\\/uploads\\\/2019\\\/07\\\/favicon-Legiobiznes-150x150.png\",\"url\":\"https:\\\/\\\/legiobiznes.pl\\\/I\\\/wp-content\\\/uploads\\\/2019\\\/07\\\/favicon-Legiobiznes-150x150.png\",\"contentUrl\":\"https:\\\/\\\/legiobiznes.pl\\\/I\\\/wp-content\\\/uploads\\\/2019\\\/07\\\/favicon-Legiobiznes-150x150.png\",\"caption\":\"Legiobiznes.pl\"},\"description\":\"Budowa i tworzenie profesjonalnych, responsywnych (RWD) stron www. Pozycjonowanie SEO, sklepy internetowe eSklep...\",\"url\":\"https:\\\/\\\/legiobiznes.pl\\\/I\\\/author\\\/boss\\\/\"}]}<\/script>\n<!-- \/ Yoast SEO plugin. -->","yoast_head_json":{"title":"Czy stracimy dost\u0119p do Facebooka? Sp\u00f3\u0142dzielnie i administratorzy budynk\u00f3w - ochrona danych osobowych &#187; Legiobiznes.pl","description":"Ministerstwo Finans\u00f3w podj\u0119\u0142o czynno\u015bci sprawdzaj\u0105ce wobec Facebooka. Sp\u00f3\u0142dzielnie i administratorzy budynk\u00f3w, kt\u00f3rzy przetwarzaj\u0105 w du\u017cych ilo\u015bciach dane","robots":{"index":"index","follow":"follow","max-snippet":"max-snippet:-1","max-image-preview":"max-image-preview:large","max-video-preview":"max-video-preview:-1"},"canonical":"https:\/\/legiobiznes.pl\/I\/czy-stracimy-dostep-do-facebooka-spoldzielnie-i-administratorzy-budynkow-ochrona-danych-osobowych\/","og_locale":"pl_PL","og_type":"article","og_title":"Czy stracimy dost\u0119p do Facebooka? Sp\u00f3\u0142dzielnie i administratorzy budynk\u00f3w - ochrona danych osobowych &#187; Legiobiznes.pl","og_description":"Ministerstwo Finans\u00f3w podj\u0119\u0142o czynno\u015bci sprawdzaj\u0105ce wobec Facebooka. Sp\u00f3\u0142dzielnie i administratorzy budynk\u00f3w, kt\u00f3rzy przetwarzaj\u0105 w du\u017cych ilo\u015bciach dane","og_url":"https:\/\/legiobiznes.pl\/I\/czy-stracimy-dostep-do-facebooka-spoldzielnie-i-administratorzy-budynkow-ochrona-danych-osobowych\/","og_site_name":"Legiobiznes.pl","article_publisher":"https:\/\/www.facebook.com\/LegioBiznes\/","article_published_time":"2017-06-01T20:42:12+00:00","article_modified_time":"2020-10-27T13:42:27+00:00","og_image":[{"width":640,"height":426,"url":"https:\/\/legiobiznes.pl\/I\/wp-content\/uploads\/2017\/06\/Czy-stracimy-dost\u0119p-do-Facebooka-Sp\u00f3\u0142dzielnie-i-administratorzy-budynk\u00f3w-ochrona-danych-osobowych.jpg","type":"image\/jpeg"}],"author":"Legiobiznes.pl","twitter_card":"summary_large_image","twitter_creator":"@LegioBiznesPL","twitter_site":"@LegioBiznesPL","twitter_misc":{"Napisane przez":"Legiobiznes.pl","Szacowany czas czytania":"2 minuty"},"schema":{"@context":"https:\/\/schema.org","@graph":[{"@type":"Article","@id":"https:\/\/legiobiznes.pl\/I\/czy-stracimy-dostep-do-facebooka-spoldzielnie-i-administratorzy-budynkow-ochrona-danych-osobowych\/#article","isPartOf":{"@id":"https:\/\/legiobiznes.pl\/I\/czy-stracimy-dostep-do-facebooka-spoldzielnie-i-administratorzy-budynkow-ochrona-danych-osobowych\/"},"author":{"name":"Legiobiznes.pl","@id":"https:\/\/legiobiznes.pl\/I\/#\/schema\/person\/33c4505a5d28a7c944baf038996052d4"},"headline":"Czy stracimy dost\u0119p do Facebooka? Sp\u00f3\u0142dzielnie i administratorzy budynk\u00f3w &#8211; ochrona danych osobowych","datePublished":"2017-06-01T20:42:12+00:00","dateModified":"2020-10-27T13:42:27+00:00","mainEntityOfPage":{"@id":"https:\/\/legiobiznes.pl\/I\/czy-stracimy-dostep-do-facebooka-spoldzielnie-i-administratorzy-budynkow-ochrona-danych-osobowych\/"},"wordCount":396,"commentCount":0,"publisher":{"@id":"https:\/\/legiobiznes.pl\/I\/#organization"},"image":{"@id":"https:\/\/legiobiznes.pl\/I\/czy-stracimy-dostep-do-facebooka-spoldzielnie-i-administratorzy-budynkow-ochrona-danych-osobowych\/#primaryimage"},"thumbnailUrl":"https:\/\/legiobiznes.pl\/I\/wp-content\/uploads\/2017\/06\/Czy-stracimy-dost\u0119p-do-Facebooka-Sp\u00f3\u0142dzielnie-i-administratorzy-budynk\u00f3w-ochrona-danych-osobowych.jpg","keywords":["administracja","budynki","dost\u0119p","Facebook","ochrona danych osobowych","prawo","sp\u00f3\u0142dzielnie"],"articleSection":["Prawo"],"inLanguage":"pl-PL","potentialAction":[{"@type":"CommentAction","name":"Comment","target":["https:\/\/legiobiznes.pl\/I\/czy-stracimy-dostep-do-facebooka-spoldzielnie-i-administratorzy-budynkow-ochrona-danych-osobowych\/#respond"]}]},{"@type":"WebPage","@id":"https:\/\/legiobiznes.pl\/I\/czy-stracimy-dostep-do-facebooka-spoldzielnie-i-administratorzy-budynkow-ochrona-danych-osobowych\/","url":"https:\/\/legiobiznes.pl\/I\/czy-stracimy-dostep-do-facebooka-spoldzielnie-i-administratorzy-budynkow-ochrona-danych-osobowych\/","name":"Czy stracimy dost\u0119p do Facebooka? Sp\u00f3\u0142dzielnie i administratorzy budynk\u00f3w - ochrona danych osobowych &#187; Legiobiznes.pl","isPartOf":{"@id":"https:\/\/legiobiznes.pl\/I\/#website"},"primaryImageOfPage":{"@id":"https:\/\/legiobiznes.pl\/I\/czy-stracimy-dostep-do-facebooka-spoldzielnie-i-administratorzy-budynkow-ochrona-danych-osobowych\/#primaryimage"},"image":{"@id":"https:\/\/legiobiznes.pl\/I\/czy-stracimy-dostep-do-facebooka-spoldzielnie-i-administratorzy-budynkow-ochrona-danych-osobowych\/#primaryimage"},"thumbnailUrl":"https:\/\/legiobiznes.pl\/I\/wp-content\/uploads\/2017\/06\/Czy-stracimy-dost\u0119p-do-Facebooka-Sp\u00f3\u0142dzielnie-i-administratorzy-budynk\u00f3w-ochrona-danych-osobowych.jpg","datePublished":"2017-06-01T20:42:12+00:00","dateModified":"2020-10-27T13:42:27+00:00","description":"Ministerstwo Finans\u00f3w podj\u0119\u0142o czynno\u015bci sprawdzaj\u0105ce wobec Facebooka. Sp\u00f3\u0142dzielnie i administratorzy budynk\u00f3w, kt\u00f3rzy przetwarzaj\u0105 w du\u017cych ilo\u015bciach dane","breadcrumb":{"@id":"https:\/\/legiobiznes.pl\/I\/czy-stracimy-dostep-do-facebooka-spoldzielnie-i-administratorzy-budynkow-ochrona-danych-osobowych\/#breadcrumb"},"inLanguage":"pl-PL","potentialAction":[{"@type":"ReadAction","target":["https:\/\/legiobiznes.pl\/I\/czy-stracimy-dostep-do-facebooka-spoldzielnie-i-administratorzy-budynkow-ochrona-danych-osobowych\/"]}]},{"@type":"ImageObject","inLanguage":"pl-PL","@id":"https:\/\/legiobiznes.pl\/I\/czy-stracimy-dostep-do-facebooka-spoldzielnie-i-administratorzy-budynkow-ochrona-danych-osobowych\/#primaryimage","url":"https:\/\/legiobiznes.pl\/I\/wp-content\/uploads\/2017\/06\/Czy-stracimy-dost\u0119p-do-Facebooka-Sp\u00f3\u0142dzielnie-i-administratorzy-budynk\u00f3w-ochrona-danych-osobowych.jpg","contentUrl":"https:\/\/legiobiznes.pl\/I\/wp-content\/uploads\/2017\/06\/Czy-stracimy-dost\u0119p-do-Facebooka-Sp\u00f3\u0142dzielnie-i-administratorzy-budynk\u00f3w-ochrona-danych-osobowych.jpg","width":640,"height":426},{"@type":"BreadcrumbList","@id":"https:\/\/legiobiznes.pl\/I\/czy-stracimy-dostep-do-facebooka-spoldzielnie-i-administratorzy-budynkow-ochrona-danych-osobowych\/#breadcrumb","itemListElement":[{"@type":"ListItem","position":1,"name":"Strona g\u0142\u00f3wna","item":"https:\/\/legiobiznes.pl\/I\/"},{"@type":"ListItem","position":2,"name":"Czy stracimy dost\u0119p do Facebooka? Sp\u00f3\u0142dzielnie i administratorzy budynk\u00f3w &#8211; ochrona danych osobowych"}]},{"@type":"WebSite","@id":"https:\/\/legiobiznes.pl\/I\/#website","url":"https:\/\/legiobiznes.pl\/I\/","name":"Legiobiznes.pl","description":"Kryptowaluty, Bezpiecze\u0144stwo IT, E-biznes | LegioBiznes.PL","publisher":{"@id":"https:\/\/legiobiznes.pl\/I\/#organization"},"potentialAction":[{"@type":"SearchAction","target":{"@type":"EntryPoint","urlTemplate":"https:\/\/legiobiznes.pl\/I\/?s={search_term_string}"},"query-input":{"@type":"PropertyValueSpecification","valueRequired":true,"valueName":"search_term_string"}}],"inLanguage":"pl-PL"},{"@type":"Organization","@id":"https:\/\/legiobiznes.pl\/I\/#organization","name":"LegioBiznes.PL","url":"https:\/\/legiobiznes.pl\/I\/","logo":{"@type":"ImageObject","inLanguage":"pl-PL","@id":"https:\/\/legiobiznes.pl\/I\/#\/schema\/logo\/image\/","url":"https:\/\/legiobiznes.pl\/I\/wp-content\/uploads\/2017\/08\/legiobiznespl-logo2-e1503834302371.png","contentUrl":"https:\/\/legiobiznes.pl\/I\/wp-content\/uploads\/2017\/08\/legiobiznespl-logo2-e1503834302371.png","width":180,"height":76,"caption":"LegioBiznes.PL"},"image":{"@id":"https:\/\/legiobiznes.pl\/I\/#\/schema\/logo\/image\/"},"sameAs":["https:\/\/www.facebook.com\/LegioBiznes\/","https:\/\/x.com\/LegioBiznesPL","https:\/\/www.youtube.com\/channel\/UCEhszB39vxk96yIXD-jOORw"]},{"@type":"Person","@id":"https:\/\/legiobiznes.pl\/I\/#\/schema\/person\/33c4505a5d28a7c944baf038996052d4","name":"Legiobiznes.pl","image":{"@type":"ImageObject","inLanguage":"pl-PL","@id":"https:\/\/legiobiznes.pl\/I\/wp-content\/uploads\/2019\/07\/favicon-Legiobiznes-150x150.png","url":"https:\/\/legiobiznes.pl\/I\/wp-content\/uploads\/2019\/07\/favicon-Legiobiznes-150x150.png","contentUrl":"https:\/\/legiobiznes.pl\/I\/wp-content\/uploads\/2019\/07\/favicon-Legiobiznes-150x150.png","caption":"Legiobiznes.pl"},"description":"Budowa i tworzenie profesjonalnych, responsywnych (RWD) stron www. Pozycjonowanie SEO, sklepy internetowe eSklep...","url":"https:\/\/legiobiznes.pl\/I\/author\/boss\/"}]}},"_links":{"self":[{"href":"https:\/\/legiobiznes.pl\/I\/wp-json\/wp\/v2\/posts\/275314","targetHints":{"allow":["GET"]}}],"collection":[{"href":"https:\/\/legiobiznes.pl\/I\/wp-json\/wp\/v2\/posts"}],"about":[{"href":"https:\/\/legiobiznes.pl\/I\/wp-json\/wp\/v2\/types\/post"}],"author":[{"embeddable":true,"href":"https:\/\/legiobiznes.pl\/I\/wp-json\/wp\/v2\/users\/1"}],"replies":[{"embeddable":true,"href":"https:\/\/legiobiznes.pl\/I\/wp-json\/wp\/v2\/comments?post=275314"}],"version-history":[{"count":0,"href":"https:\/\/legiobiznes.pl\/I\/wp-json\/wp\/v2\/posts\/275314\/revisions"}],"wp:featuredmedia":[{"embeddable":true,"href":"https:\/\/legiobiznes.pl\/I\/wp-json\/wp\/v2\/media\/275316"}],"wp:attachment":[{"href":"https:\/\/legiobiznes.pl\/I\/wp-json\/wp\/v2\/media?parent=275314"}],"wp:term":[{"taxonomy":"category","embeddable":true,"href":"https:\/\/legiobiznes.pl\/I\/wp-json\/wp\/v2\/categories?post=275314"},{"taxonomy":"post_tag","embeddable":true,"href":"https:\/\/legiobiznes.pl\/I\/wp-json\/wp\/v2\/tags?post=275314"}],"curies":[{"name":"wp","href":"https:\/\/api.w.org\/{rel}","templated":true}]}}