{"id":278275,"date":"2017-06-12T22:17:03","date_gmt":"2017-06-12T20:17:03","guid":{"rendered":"http:\/\/legiobiznes.pl\/I\/?p=278275"},"modified":"2021-02-23T16:31:11","modified_gmt":"2021-02-23T14:31:11","slug":"emoji-w-komunikacji-marketingowej-i-social-media-teczowa-reakcja-na-facebooku-jak-odblokowac-czy-gg-bedzie-reaktywowane","status":"publish","type":"post","link":"https:\/\/legiobiznes.pl\/I\/emoji-w-komunikacji-marketingowej-i-social-media-teczowa-reakcja-na-facebooku-jak-odblokowac-czy-gg-bedzie-reaktywowane\/","title":{"rendered":"Emoji w komunikacji marketingowej i social media. T\u0119czowa reakcja na Facebooku, jak odblokowa\u0107? Czy GG b\u0119dzie reaktywowane?"},"content":{"rendered":"<h2 class=\"entry-title\"><strong>Jak u\u017cywa\u0107 emoji w komunikacji marketingowej i social media?<\/strong><\/h2>\n<h3><strong>U\u017cytkownicy Facebooka czy innych medi\u00f3w spo\u0142eczno\u015bciowych niezwykle ch\u0119tnie korzystaj\u0105 w postach lub w wiadomo\u015bciach z emoji. Czy te kolorowe symbole mog\u0105 r\u00f3wnie\u017c wykorzysta\u0107 marki, aby wzmocni\u0107 si\u0142\u0119 swoich komunikat\u00f3w marketingowych? Jakie s\u0105 zalety stosowania emoji przez firmy i o czym warto pami\u0119ta\u0107, decyduj\u0105c si\u0119 na ich dodawanie do wpis\u00f3w?<\/strong><\/h3>\n<h3><strong>Czym s\u0105 emoji?<\/strong><\/h3>\n<p>Przede wszystkim na samym pocz\u0105tku nale\u017cy wyja\u015bni\u0107, czym w\u0142a\u015bciwie s\u0105 emoji. To <strong>wywodz\u0105ce si\u0119 z Japonii kolorowe symbole, s\u0142u\u017c\u0105ce do wyra\u017cania r\u00f3\u017cnych emocji<\/strong>. Mo\u017cna je bardzo <strong>\u0142atwo pomyli\u0107 z emotikonami, kt\u00f3re jednak przeznaczone s\u0105 do okazywania wy\u0142\u0105cznie nastroju<\/strong>, gdzie <strong>emoji przedstawiaj\u0105 tak\u017ce r\u00f3\u017cne przedmioty codziennego u\u017cytku, jedzenie, pogod\u0119 czy nawet zwierz\u0119ta i flagi<\/strong>.<\/p>\n<p>Inn\u0105 r\u00f3\u017cnic\u0105 jest fakt, \u017ce <strong>emotikony sk\u0142adaj\u0105 si\u0119 ze znak\u00f3w, kt\u00f3re \u0142atwo mo\u017cna odnale\u017a\u0107 na klawiaturze<\/strong> \u2013 np. dwukropek i nawias daj\u0105 u\u015bmiechni\u0119t\u0105 twarz.<\/p>\n<p>Z kolei <strong>emoji nie mo\u017cna wpisa\u0107 z klawiatury<\/strong>. Aby je doda\u0107 do tre\u015bci, nale\u017cy skorzysta\u0107 z osobnej funkcji dost\u0119pnej w niemal wszystkich portalach spo\u0142eczno\u015bciowych (np. Facebook czy Twitter) podczas tworzenia posta:<\/p>\n<p class=\"no-underline\"><img loading=\"lazy\" decoding=\"async\" class=\"aligncenter size-full wp-image-9009\" src=\"https:\/\/www.emarketing.pl\/wp-content\/uploads\/2017\/06\/facebok-emoji-min-min.png\" sizes=\"auto, (max-width: 551px) 100vw, 551px\" srcset=\"https:\/\/www.emarketing.pl\/wp-content\/uploads\/2017\/06\/facebok-emoji-min-min.png 551w, https:\/\/www.emarketing.pl\/wp-content\/uploads\/2017\/06\/facebok-emoji-min-min-300x236.png 300w\" alt=\"facebok-emoji-min-min\" width=\"551\" height=\"434\" \/><\/p>\n<h3><strong>Dlaczego warto stosowa\u0107 emoji w komunikacji marketingowej?<\/strong><\/h3>\n<p>Aby odpowiedzie\u0107 na to pytanie, nale\u017cy najpierw zapyta\u0107, <strong>dlaczego u\u017cywamy emoji, komunikuj\u0105c si\u0119 ze znajomymi w mediach spo\u0142eczno\u015bciowych<\/strong>. Przede wszystkim dlatego, \u017ce <strong>jest to zabawny spos\u00f3b na przedstawienie swoich emocji b\u0105d\u017a reakcji na dan\u0105 wiadomo\u015b\u0107<\/strong>. Kolorowe symbole w wiadomo\u015bciach wywo\u0142uj\u0105 u\u015bmiech na twarzy i kojarz\u0105 si\u0119 z pozytywnymi emocjami&#8230;<\/p>\n<p><strong>Czytaj wi\u0119cej na:<\/strong>\u00a0<a href=\"https:\/\/www.emarketing.pl\/social-media\/jak-uzywac-emoji-w-komunikacji-marketingowej-i-social-media\/\" target=\"_blank\" rel=\"noopener\">https:\/\/www.emarketing.pl<\/a><\/p>\n<h2><strong>W jaki spos\u00f3b odblokowa\u0107 \u201ct\u0119czow\u0105 reakcj\u0119\u201d na Facebooku?<\/strong><\/h2>\n<h3><strong>Zgodnie z zapowiedziami na Facebooku pojawi\u0142a si\u0119 nowa reakcja &#8211; t\u0119cza. Nie wszyscy maj\u0105 do niej dost\u0119p, radzimy wi\u0119c co zrobi\u0107, aby j\u0105 odblokowa\u0107.<\/strong><\/h3>\n<p>O wprowadzeniu nowej reakcji na Facebooku <a href=\"http:\/\/www.komputerswiat.pl\/nowosci\/internet\/2017\/23\/facebook-z-nowa-reakcja-tym-razem-to-tecza-z-okazji-miesiaca-dumy.aspx\" target=\"_blank\" rel=\"noopener\">informowali\u015bmy Was ju\u017c jaki\u015b czas temu<\/a>. Ikonka t\u0119czy od kilku dni pojawia si\u0119 pod postami coraz cz\u0119\u015bciej i cho\u0107 niekt\u00f3rzy z internaut\u00f3w otrzymali do niej dost\u0119p automatycznie\u2026 wielu wci\u0105\u017c nie widzi jej w swoich opcjach. T\u0119cz\u0119, oznaczon\u0105 w reakcjach jako &#8222;Duma&#8221;, mo\u017cna jednak <strong>samodzielnie odblokowa\u0107<\/strong>. Oto w jaki spos\u00f3b mo\u017cecie to zrobi\u0107&#8230;<\/p>\n<p><strong>Czytaj wi\u0119cej na:<\/strong>\u00a0http:\/\/www.komputerswiat.pl<\/p>\n<h2 class=\"newsTitle\"><strong>Sare chce przej\u0105\u0107 GG. Ma podobno kilka pomys\u0142\u00f3w na jego reaktywacj\u0119<\/strong><\/h2>\n<h3><strong>SARE ma kilka pomys\u0142\u00f3w na reaktywacj\u0119 i rozw\u00f3j s\u0142ynnego Gadu-Gadu oraz promocj\u0119 charakterystycznego znaku s\u0142oneczka. Jako sp\u00f3\u0142ka specjalizuj\u0105ca si\u0119 w zagadnieniach poczty elektronicznej, pragnie wykorzysta\u0107 mo\u017cliwo\u015bci zawieszonej us\u0142ugi Gadu-Gadu, jak\u0105 by\u0142a poczta GG. Sp\u00f3\u0142ka zamierza zintegrowa\u0107 j\u0105 z komunikatorem.<\/strong><\/h3>\n<p>Kolejnym krokiem, jaki chce przedsi\u0119wzi\u0105\u0107 SARE, jest ewolucja komunikatora, zintegrowanego ze stronami internetowymi. Technologie analityczne ruchu u\u017cytkownik\u00f3w stron WWW, jakimi dysponuje sp\u00f3\u0142ka, maj\u0105 zaoferowa\u0107 klientom zupe\u0142nie now\u0105, kompleksow\u0105 us\u0142ug\u0119. O szczeg\u00f3\u0142ach jednak niewiele jeszcze wiadomo.<\/p>\n<blockquote><p><em>\u2013 Po\u0142\u0105czenie komunikatora i web analityki z pewno\u015bci\u0105 zaowocuje now\u0105 ofert\u0105 dla sektora biznesowego. Potencja\u0142, jakim mo\u017cemy mie\u0107 szans\u0119 dysponowa\u0107 dzi\u0119ki Gadu-Gadu, jest w naszej ocenie ogromny. Byli\u015bmy pozytywnie zaskoczeni statystykami dotycz\u0105cymi komunikatora. Wystarczy spojrze\u0107 na publicznie dost\u0119pne dane o liczbie zainstalowanych aplikacji mobile, liczbie aktywnych&#8230;<\/em><\/p><\/blockquote>\n<p><strong>Czytaj wi\u0119cej na:<\/strong>\u00a0<a href=\"http:\/\/interaktywnie.com\/biznes\/newsy\/biznes\/sare-chce-przejac-gg-ma-podobno-kilka-pomyslow-na-jego-reaktywacje-255507?utm_source=feedburner&amp;utm_medium=feed&amp;utm_campaign=Feed%3A+Interaktywnie+%28Interaktywnie.com%29\" target=\"_blank\" rel=\"noopener\">http:\/\/interaktywnie.com<\/a><\/p>\n","protected":false},"excerpt":{"rendered":"<p>Jak u\u017cywa\u0107 emoji w komunikacji marketingowej i social media? U\u017cytkownicy Facebooka czy innych medi\u00f3w spo\u0142eczno\u015bciowych niezwykle ch\u0119tnie korzystaj\u0105 w postach lub w wiadomo\u015bciach z emoji. Czy te kolorowe symbole mog\u0105 r\u00f3wnie\u017c wykorzysta\u0107 marki, aby wzmocni\u0107 si\u0142\u0119 swoich komunikat\u00f3w marketingowych? Jakie s\u0105 zalety stosowania emoji przez firmy i o czym warto pami\u0119ta\u0107, decyduj\u0105c si\u0119 na ich &hellip;<\/p>\n","protected":false},"author":1,"featured_media":278276,"comment_status":"open","ping_status":"closed","sticky":false,"template":"","format":"standard","meta":{"footnotes":""},"categories":[1312],"tags":[2018,2017,1361,2020,1333,2019,2021,1384,2022],"class_list":["post-278275","post","type-post","status-publish","format-standard","has-post-thumbnail","","category-social-media","tag-emocje","tag-emoj","tag-facebook","tag-gg","tag-marketing","tag-reakcje","tag-sare","tag-social-media","tag-teczowe"],"yoast_head":"<!-- This site is optimized with the Yoast SEO plugin v27.5 - https:\/\/yoast.com\/product\/yoast-seo-wordpress\/ -->\n<title>Emoji w komunikacji marketingowej i social media. T\u0119czowa reakcja na Facebooku, jak odblokowa\u0107? Czy GG b\u0119dzie reaktywowane? &#187; Legiobiznes.pl<\/title>\n<meta name=\"description\" content=\"Emoji w komunikacji marketingowej i social media. T\u0119czowa reakcja na Facebooku, jak odblokowa\u0107 Czy GG b\u0119dzie reaktywowane\" \/>\n<meta name=\"robots\" content=\"index, follow, max-snippet:-1, max-image-preview:large, max-video-preview:-1\" \/>\n<link rel=\"canonical\" href=\"https:\/\/legiobiznes.pl\/I\/emoji-w-komunikacji-marketingowej-i-social-media-teczowa-reakcja-na-facebooku-jak-odblokowac-czy-gg-bedzie-reaktywowane\/\" \/>\n<meta property=\"og:locale\" content=\"pl_PL\" \/>\n<meta property=\"og:type\" content=\"article\" \/>\n<meta property=\"og:title\" content=\"Emoji w komunikacji marketingowej i social media. T\u0119czowa reakcja na Facebooku, jak odblokowa\u0107? Czy GG b\u0119dzie reaktywowane? &#187; Legiobiznes.pl\" \/>\n<meta property=\"og:description\" content=\"Emoji w komunikacji marketingowej i social media. T\u0119czowa reakcja na Facebooku, jak odblokowa\u0107 Czy GG b\u0119dzie reaktywowane\" \/>\n<meta property=\"og:url\" content=\"https:\/\/legiobiznes.pl\/I\/emoji-w-komunikacji-marketingowej-i-social-media-teczowa-reakcja-na-facebooku-jak-odblokowac-czy-gg-bedzie-reaktywowane\/\" \/>\n<meta property=\"og:site_name\" content=\"Legiobiznes.pl\" \/>\n<meta property=\"article:publisher\" content=\"https:\/\/www.facebook.com\/LegioBiznes\/\" \/>\n<meta property=\"article:published_time\" content=\"2017-06-12T20:17:03+00:00\" \/>\n<meta property=\"article:modified_time\" content=\"2021-02-23T14:31:11+00:00\" \/>\n<meta property=\"og:image\" content=\"https:\/\/legiobiznes.pl\/I\/wp-content\/uploads\/2017\/06\/Emoji-w-komunikacji-marketingowej-i-social-media.-T\u0119czowa-reakcja-na-Facebooku-jak-odblokowa\u0107-Czy-GG-b\u0119dzie-reaktywowane.jpg\" \/>\n\t<meta property=\"og:image:width\" content=\"640\" \/>\n\t<meta property=\"og:image:height\" content=\"428\" \/>\n\t<meta property=\"og:image:type\" content=\"image\/jpeg\" \/>\n<meta name=\"author\" content=\"Legiobiznes.pl\" \/>\n<meta name=\"twitter:card\" content=\"summary_large_image\" \/>\n<meta name=\"twitter:creator\" content=\"@LegioBiznesPL\" \/>\n<meta name=\"twitter:site\" content=\"@LegioBiznesPL\" \/>\n<meta name=\"twitter:label1\" content=\"Napisane przez\" \/>\n\t<meta name=\"twitter:data1\" content=\"Legiobiznes.pl\" \/>\n\t<meta name=\"twitter:label2\" content=\"Szacowany czas czytania\" \/>\n\t<meta name=\"twitter:data2\" content=\"3 minuty\" \/>\n<script type=\"application\/ld+json\" class=\"yoast-schema-graph\">{\"@context\":\"https:\\\/\\\/schema.org\",\"@graph\":[{\"@type\":\"Article\",\"@id\":\"https:\\\/\\\/legiobiznes.pl\\\/I\\\/emoji-w-komunikacji-marketingowej-i-social-media-teczowa-reakcja-na-facebooku-jak-odblokowac-czy-gg-bedzie-reaktywowane\\\/#article\",\"isPartOf\":{\"@id\":\"https:\\\/\\\/legiobiznes.pl\\\/I\\\/emoji-w-komunikacji-marketingowej-i-social-media-teczowa-reakcja-na-facebooku-jak-odblokowac-czy-gg-bedzie-reaktywowane\\\/\"},\"author\":{\"name\":\"Legiobiznes.pl\",\"@id\":\"https:\\\/\\\/legiobiznes.pl\\\/I\\\/#\\\/schema\\\/person\\\/33c4505a5d28a7c944baf038996052d4\"},\"headline\":\"Emoji w komunikacji marketingowej i social media. T\u0119czowa reakcja na Facebooku, jak odblokowa\u0107? Czy GG b\u0119dzie reaktywowane?\",\"datePublished\":\"2017-06-12T20:17:03+00:00\",\"dateModified\":\"2021-02-23T14:31:11+00:00\",\"mainEntityOfPage\":{\"@id\":\"https:\\\/\\\/legiobiznes.pl\\\/I\\\/emoji-w-komunikacji-marketingowej-i-social-media-teczowa-reakcja-na-facebooku-jak-odblokowac-czy-gg-bedzie-reaktywowane\\\/\"},\"wordCount\":580,\"commentCount\":0,\"publisher\":{\"@id\":\"https:\\\/\\\/legiobiznes.pl\\\/I\\\/#organization\"},\"image\":{\"@id\":\"https:\\\/\\\/legiobiznes.pl\\\/I\\\/emoji-w-komunikacji-marketingowej-i-social-media-teczowa-reakcja-na-facebooku-jak-odblokowac-czy-gg-bedzie-reaktywowane\\\/#primaryimage\"},\"thumbnailUrl\":\"https:\\\/\\\/legiobiznes.pl\\\/I\\\/wp-content\\\/uploads\\\/2017\\\/06\\\/Emoji-w-komunikacji-marketingowej-i-social-media.-T\u0119czowa-reakcja-na-Facebooku-jak-odblokowa\u0107-Czy-GG-b\u0119dzie-reaktywowane.jpg\",\"keywords\":[\"emocje\",\"emoj\",\"Facebook\",\"GG\",\"marketing\",\"reakcje\",\"sare\",\"Social Media\",\"t\u0119czowe\"],\"articleSection\":[\"Social Media\"],\"inLanguage\":\"pl-PL\",\"potentialAction\":[{\"@type\":\"CommentAction\",\"name\":\"Comment\",\"target\":[\"https:\\\/\\\/legiobiznes.pl\\\/I\\\/emoji-w-komunikacji-marketingowej-i-social-media-teczowa-reakcja-na-facebooku-jak-odblokowac-czy-gg-bedzie-reaktywowane\\\/#respond\"]}]},{\"@type\":\"WebPage\",\"@id\":\"https:\\\/\\\/legiobiznes.pl\\\/I\\\/emoji-w-komunikacji-marketingowej-i-social-media-teczowa-reakcja-na-facebooku-jak-odblokowac-czy-gg-bedzie-reaktywowane\\\/\",\"url\":\"https:\\\/\\\/legiobiznes.pl\\\/I\\\/emoji-w-komunikacji-marketingowej-i-social-media-teczowa-reakcja-na-facebooku-jak-odblokowac-czy-gg-bedzie-reaktywowane\\\/\",\"name\":\"Emoji w komunikacji marketingowej i social media. T\u0119czowa reakcja na Facebooku, jak odblokowa\u0107? Czy GG b\u0119dzie reaktywowane? &#187; Legiobiznes.pl\",\"isPartOf\":{\"@id\":\"https:\\\/\\\/legiobiznes.pl\\\/I\\\/#website\"},\"primaryImageOfPage\":{\"@id\":\"https:\\\/\\\/legiobiznes.pl\\\/I\\\/emoji-w-komunikacji-marketingowej-i-social-media-teczowa-reakcja-na-facebooku-jak-odblokowac-czy-gg-bedzie-reaktywowane\\\/#primaryimage\"},\"image\":{\"@id\":\"https:\\\/\\\/legiobiznes.pl\\\/I\\\/emoji-w-komunikacji-marketingowej-i-social-media-teczowa-reakcja-na-facebooku-jak-odblokowac-czy-gg-bedzie-reaktywowane\\\/#primaryimage\"},\"thumbnailUrl\":\"https:\\\/\\\/legiobiznes.pl\\\/I\\\/wp-content\\\/uploads\\\/2017\\\/06\\\/Emoji-w-komunikacji-marketingowej-i-social-media.-T\u0119czowa-reakcja-na-Facebooku-jak-odblokowa\u0107-Czy-GG-b\u0119dzie-reaktywowane.jpg\",\"datePublished\":\"2017-06-12T20:17:03+00:00\",\"dateModified\":\"2021-02-23T14:31:11+00:00\",\"description\":\"Emoji w komunikacji marketingowej i social media. T\u0119czowa reakcja na Facebooku, jak odblokowa\u0107 Czy GG b\u0119dzie reaktywowane\",\"breadcrumb\":{\"@id\":\"https:\\\/\\\/legiobiznes.pl\\\/I\\\/emoji-w-komunikacji-marketingowej-i-social-media-teczowa-reakcja-na-facebooku-jak-odblokowac-czy-gg-bedzie-reaktywowane\\\/#breadcrumb\"},\"inLanguage\":\"pl-PL\",\"potentialAction\":[{\"@type\":\"ReadAction\",\"target\":[\"https:\\\/\\\/legiobiznes.pl\\\/I\\\/emoji-w-komunikacji-marketingowej-i-social-media-teczowa-reakcja-na-facebooku-jak-odblokowac-czy-gg-bedzie-reaktywowane\\\/\"]}]},{\"@type\":\"ImageObject\",\"inLanguage\":\"pl-PL\",\"@id\":\"https:\\\/\\\/legiobiznes.pl\\\/I\\\/emoji-w-komunikacji-marketingowej-i-social-media-teczowa-reakcja-na-facebooku-jak-odblokowac-czy-gg-bedzie-reaktywowane\\\/#primaryimage\",\"url\":\"https:\\\/\\\/legiobiznes.pl\\\/I\\\/wp-content\\\/uploads\\\/2017\\\/06\\\/Emoji-w-komunikacji-marketingowej-i-social-media.-T\u0119czowa-reakcja-na-Facebooku-jak-odblokowa\u0107-Czy-GG-b\u0119dzie-reaktywowane.jpg\",\"contentUrl\":\"https:\\\/\\\/legiobiznes.pl\\\/I\\\/wp-content\\\/uploads\\\/2017\\\/06\\\/Emoji-w-komunikacji-marketingowej-i-social-media.-T\u0119czowa-reakcja-na-Facebooku-jak-odblokowa\u0107-Czy-GG-b\u0119dzie-reaktywowane.jpg\",\"width\":640,\"height\":428},{\"@type\":\"BreadcrumbList\",\"@id\":\"https:\\\/\\\/legiobiznes.pl\\\/I\\\/emoji-w-komunikacji-marketingowej-i-social-media-teczowa-reakcja-na-facebooku-jak-odblokowac-czy-gg-bedzie-reaktywowane\\\/#breadcrumb\",\"itemListElement\":[{\"@type\":\"ListItem\",\"position\":1,\"name\":\"Strona g\u0142\u00f3wna\",\"item\":\"https:\\\/\\\/legiobiznes.pl\\\/I\\\/\"},{\"@type\":\"ListItem\",\"position\":2,\"name\":\"Emoji w komunikacji marketingowej i social media. T\u0119czowa reakcja na Facebooku, jak odblokowa\u0107? Czy GG b\u0119dzie reaktywowane?\"}]},{\"@type\":\"WebSite\",\"@id\":\"https:\\\/\\\/legiobiznes.pl\\\/I\\\/#website\",\"url\":\"https:\\\/\\\/legiobiznes.pl\\\/I\\\/\",\"name\":\"Legiobiznes.pl\",\"description\":\"Kryptowaluty, Bezpiecze\u0144stwo IT, E-biznes | LegioBiznes.PL\",\"publisher\":{\"@id\":\"https:\\\/\\\/legiobiznes.pl\\\/I\\\/#organization\"},\"potentialAction\":[{\"@type\":\"SearchAction\",\"target\":{\"@type\":\"EntryPoint\",\"urlTemplate\":\"https:\\\/\\\/legiobiznes.pl\\\/I\\\/?s={search_term_string}\"},\"query-input\":{\"@type\":\"PropertyValueSpecification\",\"valueRequired\":true,\"valueName\":\"search_term_string\"}}],\"inLanguage\":\"pl-PL\"},{\"@type\":\"Organization\",\"@id\":\"https:\\\/\\\/legiobiznes.pl\\\/I\\\/#organization\",\"name\":\"LegioBiznes.PL\",\"url\":\"https:\\\/\\\/legiobiznes.pl\\\/I\\\/\",\"logo\":{\"@type\":\"ImageObject\",\"inLanguage\":\"pl-PL\",\"@id\":\"https:\\\/\\\/legiobiznes.pl\\\/I\\\/#\\\/schema\\\/logo\\\/image\\\/\",\"url\":\"https:\\\/\\\/legiobiznes.pl\\\/I\\\/wp-content\\\/uploads\\\/2017\\\/08\\\/legiobiznespl-logo2-e1503834302371.png\",\"contentUrl\":\"https:\\\/\\\/legiobiznes.pl\\\/I\\\/wp-content\\\/uploads\\\/2017\\\/08\\\/legiobiznespl-logo2-e1503834302371.png\",\"width\":180,\"height\":76,\"caption\":\"LegioBiznes.PL\"},\"image\":{\"@id\":\"https:\\\/\\\/legiobiznes.pl\\\/I\\\/#\\\/schema\\\/logo\\\/image\\\/\"},\"sameAs\":[\"https:\\\/\\\/www.facebook.com\\\/LegioBiznes\\\/\",\"https:\\\/\\\/x.com\\\/LegioBiznesPL\",\"https:\\\/\\\/www.youtube.com\\\/channel\\\/UCEhszB39vxk96yIXD-jOORw\"]},{\"@type\":\"Person\",\"@id\":\"https:\\\/\\\/legiobiznes.pl\\\/I\\\/#\\\/schema\\\/person\\\/33c4505a5d28a7c944baf038996052d4\",\"name\":\"Legiobiznes.pl\",\"image\":{\"@type\":\"ImageObject\",\"inLanguage\":\"pl-PL\",\"@id\":\"https:\\\/\\\/legiobiznes.pl\\\/I\\\/wp-content\\\/uploads\\\/2019\\\/07\\\/favicon-Legiobiznes-150x150.png\",\"url\":\"https:\\\/\\\/legiobiznes.pl\\\/I\\\/wp-content\\\/uploads\\\/2019\\\/07\\\/favicon-Legiobiznes-150x150.png\",\"contentUrl\":\"https:\\\/\\\/legiobiznes.pl\\\/I\\\/wp-content\\\/uploads\\\/2019\\\/07\\\/favicon-Legiobiznes-150x150.png\",\"caption\":\"Legiobiznes.pl\"},\"description\":\"Budowa i tworzenie profesjonalnych, responsywnych (RWD) stron www. Pozycjonowanie SEO, sklepy internetowe eSklep...\",\"url\":\"https:\\\/\\\/legiobiznes.pl\\\/I\\\/author\\\/boss\\\/\"}]}<\/script>\n<!-- \/ Yoast SEO plugin. -->","yoast_head_json":{"title":"Emoji w komunikacji marketingowej i social media. T\u0119czowa reakcja na Facebooku, jak odblokowa\u0107? Czy GG b\u0119dzie reaktywowane? &#187; Legiobiznes.pl","description":"Emoji w komunikacji marketingowej i social media. T\u0119czowa reakcja na Facebooku, jak odblokowa\u0107 Czy GG b\u0119dzie reaktywowane","robots":{"index":"index","follow":"follow","max-snippet":"max-snippet:-1","max-image-preview":"max-image-preview:large","max-video-preview":"max-video-preview:-1"},"canonical":"https:\/\/legiobiznes.pl\/I\/emoji-w-komunikacji-marketingowej-i-social-media-teczowa-reakcja-na-facebooku-jak-odblokowac-czy-gg-bedzie-reaktywowane\/","og_locale":"pl_PL","og_type":"article","og_title":"Emoji w komunikacji marketingowej i social media. T\u0119czowa reakcja na Facebooku, jak odblokowa\u0107? Czy GG b\u0119dzie reaktywowane? &#187; Legiobiznes.pl","og_description":"Emoji w komunikacji marketingowej i social media. T\u0119czowa reakcja na Facebooku, jak odblokowa\u0107 Czy GG b\u0119dzie reaktywowane","og_url":"https:\/\/legiobiznes.pl\/I\/emoji-w-komunikacji-marketingowej-i-social-media-teczowa-reakcja-na-facebooku-jak-odblokowac-czy-gg-bedzie-reaktywowane\/","og_site_name":"Legiobiznes.pl","article_publisher":"https:\/\/www.facebook.com\/LegioBiznes\/","article_published_time":"2017-06-12T20:17:03+00:00","article_modified_time":"2021-02-23T14:31:11+00:00","og_image":[{"width":640,"height":428,"url":"https:\/\/legiobiznes.pl\/I\/wp-content\/uploads\/2017\/06\/Emoji-w-komunikacji-marketingowej-i-social-media.-T\u0119czowa-reakcja-na-Facebooku-jak-odblokowa\u0107-Czy-GG-b\u0119dzie-reaktywowane.jpg","type":"image\/jpeg"}],"author":"Legiobiznes.pl","twitter_card":"summary_large_image","twitter_creator":"@LegioBiznesPL","twitter_site":"@LegioBiznesPL","twitter_misc":{"Napisane przez":"Legiobiznes.pl","Szacowany czas czytania":"3 minuty"},"schema":{"@context":"https:\/\/schema.org","@graph":[{"@type":"Article","@id":"https:\/\/legiobiznes.pl\/I\/emoji-w-komunikacji-marketingowej-i-social-media-teczowa-reakcja-na-facebooku-jak-odblokowac-czy-gg-bedzie-reaktywowane\/#article","isPartOf":{"@id":"https:\/\/legiobiznes.pl\/I\/emoji-w-komunikacji-marketingowej-i-social-media-teczowa-reakcja-na-facebooku-jak-odblokowac-czy-gg-bedzie-reaktywowane\/"},"author":{"name":"Legiobiznes.pl","@id":"https:\/\/legiobiznes.pl\/I\/#\/schema\/person\/33c4505a5d28a7c944baf038996052d4"},"headline":"Emoji w komunikacji marketingowej i social media. T\u0119czowa reakcja na Facebooku, jak odblokowa\u0107? Czy GG b\u0119dzie reaktywowane?","datePublished":"2017-06-12T20:17:03+00:00","dateModified":"2021-02-23T14:31:11+00:00","mainEntityOfPage":{"@id":"https:\/\/legiobiznes.pl\/I\/emoji-w-komunikacji-marketingowej-i-social-media-teczowa-reakcja-na-facebooku-jak-odblokowac-czy-gg-bedzie-reaktywowane\/"},"wordCount":580,"commentCount":0,"publisher":{"@id":"https:\/\/legiobiznes.pl\/I\/#organization"},"image":{"@id":"https:\/\/legiobiznes.pl\/I\/emoji-w-komunikacji-marketingowej-i-social-media-teczowa-reakcja-na-facebooku-jak-odblokowac-czy-gg-bedzie-reaktywowane\/#primaryimage"},"thumbnailUrl":"https:\/\/legiobiznes.pl\/I\/wp-content\/uploads\/2017\/06\/Emoji-w-komunikacji-marketingowej-i-social-media.-T\u0119czowa-reakcja-na-Facebooku-jak-odblokowa\u0107-Czy-GG-b\u0119dzie-reaktywowane.jpg","keywords":["emocje","emoj","Facebook","GG","marketing","reakcje","sare","Social Media","t\u0119czowe"],"articleSection":["Social Media"],"inLanguage":"pl-PL","potentialAction":[{"@type":"CommentAction","name":"Comment","target":["https:\/\/legiobiznes.pl\/I\/emoji-w-komunikacji-marketingowej-i-social-media-teczowa-reakcja-na-facebooku-jak-odblokowac-czy-gg-bedzie-reaktywowane\/#respond"]}]},{"@type":"WebPage","@id":"https:\/\/legiobiznes.pl\/I\/emoji-w-komunikacji-marketingowej-i-social-media-teczowa-reakcja-na-facebooku-jak-odblokowac-czy-gg-bedzie-reaktywowane\/","url":"https:\/\/legiobiznes.pl\/I\/emoji-w-komunikacji-marketingowej-i-social-media-teczowa-reakcja-na-facebooku-jak-odblokowac-czy-gg-bedzie-reaktywowane\/","name":"Emoji w komunikacji marketingowej i social media. T\u0119czowa reakcja na Facebooku, jak odblokowa\u0107? Czy GG b\u0119dzie reaktywowane? &#187; Legiobiznes.pl","isPartOf":{"@id":"https:\/\/legiobiznes.pl\/I\/#website"},"primaryImageOfPage":{"@id":"https:\/\/legiobiznes.pl\/I\/emoji-w-komunikacji-marketingowej-i-social-media-teczowa-reakcja-na-facebooku-jak-odblokowac-czy-gg-bedzie-reaktywowane\/#primaryimage"},"image":{"@id":"https:\/\/legiobiznes.pl\/I\/emoji-w-komunikacji-marketingowej-i-social-media-teczowa-reakcja-na-facebooku-jak-odblokowac-czy-gg-bedzie-reaktywowane\/#primaryimage"},"thumbnailUrl":"https:\/\/legiobiznes.pl\/I\/wp-content\/uploads\/2017\/06\/Emoji-w-komunikacji-marketingowej-i-social-media.-T\u0119czowa-reakcja-na-Facebooku-jak-odblokowa\u0107-Czy-GG-b\u0119dzie-reaktywowane.jpg","datePublished":"2017-06-12T20:17:03+00:00","dateModified":"2021-02-23T14:31:11+00:00","description":"Emoji w komunikacji marketingowej i social media. T\u0119czowa reakcja na Facebooku, jak odblokowa\u0107 Czy GG b\u0119dzie reaktywowane","breadcrumb":{"@id":"https:\/\/legiobiznes.pl\/I\/emoji-w-komunikacji-marketingowej-i-social-media-teczowa-reakcja-na-facebooku-jak-odblokowac-czy-gg-bedzie-reaktywowane\/#breadcrumb"},"inLanguage":"pl-PL","potentialAction":[{"@type":"ReadAction","target":["https:\/\/legiobiznes.pl\/I\/emoji-w-komunikacji-marketingowej-i-social-media-teczowa-reakcja-na-facebooku-jak-odblokowac-czy-gg-bedzie-reaktywowane\/"]}]},{"@type":"ImageObject","inLanguage":"pl-PL","@id":"https:\/\/legiobiznes.pl\/I\/emoji-w-komunikacji-marketingowej-i-social-media-teczowa-reakcja-na-facebooku-jak-odblokowac-czy-gg-bedzie-reaktywowane\/#primaryimage","url":"https:\/\/legiobiznes.pl\/I\/wp-content\/uploads\/2017\/06\/Emoji-w-komunikacji-marketingowej-i-social-media.-T\u0119czowa-reakcja-na-Facebooku-jak-odblokowa\u0107-Czy-GG-b\u0119dzie-reaktywowane.jpg","contentUrl":"https:\/\/legiobiznes.pl\/I\/wp-content\/uploads\/2017\/06\/Emoji-w-komunikacji-marketingowej-i-social-media.-T\u0119czowa-reakcja-na-Facebooku-jak-odblokowa\u0107-Czy-GG-b\u0119dzie-reaktywowane.jpg","width":640,"height":428},{"@type":"BreadcrumbList","@id":"https:\/\/legiobiznes.pl\/I\/emoji-w-komunikacji-marketingowej-i-social-media-teczowa-reakcja-na-facebooku-jak-odblokowac-czy-gg-bedzie-reaktywowane\/#breadcrumb","itemListElement":[{"@type":"ListItem","position":1,"name":"Strona g\u0142\u00f3wna","item":"https:\/\/legiobiznes.pl\/I\/"},{"@type":"ListItem","position":2,"name":"Emoji w komunikacji marketingowej i social media. T\u0119czowa reakcja na Facebooku, jak odblokowa\u0107? Czy GG b\u0119dzie reaktywowane?"}]},{"@type":"WebSite","@id":"https:\/\/legiobiznes.pl\/I\/#website","url":"https:\/\/legiobiznes.pl\/I\/","name":"Legiobiznes.pl","description":"Kryptowaluty, Bezpiecze\u0144stwo IT, E-biznes | LegioBiznes.PL","publisher":{"@id":"https:\/\/legiobiznes.pl\/I\/#organization"},"potentialAction":[{"@type":"SearchAction","target":{"@type":"EntryPoint","urlTemplate":"https:\/\/legiobiznes.pl\/I\/?s={search_term_string}"},"query-input":{"@type":"PropertyValueSpecification","valueRequired":true,"valueName":"search_term_string"}}],"inLanguage":"pl-PL"},{"@type":"Organization","@id":"https:\/\/legiobiznes.pl\/I\/#organization","name":"LegioBiznes.PL","url":"https:\/\/legiobiznes.pl\/I\/","logo":{"@type":"ImageObject","inLanguage":"pl-PL","@id":"https:\/\/legiobiznes.pl\/I\/#\/schema\/logo\/image\/","url":"https:\/\/legiobiznes.pl\/I\/wp-content\/uploads\/2017\/08\/legiobiznespl-logo2-e1503834302371.png","contentUrl":"https:\/\/legiobiznes.pl\/I\/wp-content\/uploads\/2017\/08\/legiobiznespl-logo2-e1503834302371.png","width":180,"height":76,"caption":"LegioBiznes.PL"},"image":{"@id":"https:\/\/legiobiznes.pl\/I\/#\/schema\/logo\/image\/"},"sameAs":["https:\/\/www.facebook.com\/LegioBiznes\/","https:\/\/x.com\/LegioBiznesPL","https:\/\/www.youtube.com\/channel\/UCEhszB39vxk96yIXD-jOORw"]},{"@type":"Person","@id":"https:\/\/legiobiznes.pl\/I\/#\/schema\/person\/33c4505a5d28a7c944baf038996052d4","name":"Legiobiznes.pl","image":{"@type":"ImageObject","inLanguage":"pl-PL","@id":"https:\/\/legiobiznes.pl\/I\/wp-content\/uploads\/2019\/07\/favicon-Legiobiznes-150x150.png","url":"https:\/\/legiobiznes.pl\/I\/wp-content\/uploads\/2019\/07\/favicon-Legiobiznes-150x150.png","contentUrl":"https:\/\/legiobiznes.pl\/I\/wp-content\/uploads\/2019\/07\/favicon-Legiobiznes-150x150.png","caption":"Legiobiznes.pl"},"description":"Budowa i tworzenie profesjonalnych, responsywnych (RWD) stron www. Pozycjonowanie SEO, sklepy internetowe eSklep...","url":"https:\/\/legiobiznes.pl\/I\/author\/boss\/"}]}},"_links":{"self":[{"href":"https:\/\/legiobiznes.pl\/I\/wp-json\/wp\/v2\/posts\/278275","targetHints":{"allow":["GET"]}}],"collection":[{"href":"https:\/\/legiobiznes.pl\/I\/wp-json\/wp\/v2\/posts"}],"about":[{"href":"https:\/\/legiobiznes.pl\/I\/wp-json\/wp\/v2\/types\/post"}],"author":[{"embeddable":true,"href":"https:\/\/legiobiznes.pl\/I\/wp-json\/wp\/v2\/users\/1"}],"replies":[{"embeddable":true,"href":"https:\/\/legiobiznes.pl\/I\/wp-json\/wp\/v2\/comments?post=278275"}],"version-history":[{"count":0,"href":"https:\/\/legiobiznes.pl\/I\/wp-json\/wp\/v2\/posts\/278275\/revisions"}],"wp:featuredmedia":[{"embeddable":true,"href":"https:\/\/legiobiznes.pl\/I\/wp-json\/wp\/v2\/media\/278276"}],"wp:attachment":[{"href":"https:\/\/legiobiznes.pl\/I\/wp-json\/wp\/v2\/media?parent=278275"}],"wp:term":[{"taxonomy":"category","embeddable":true,"href":"https:\/\/legiobiznes.pl\/I\/wp-json\/wp\/v2\/categories?post=278275"},{"taxonomy":"post_tag","embeddable":true,"href":"https:\/\/legiobiznes.pl\/I\/wp-json\/wp\/v2\/tags?post=278275"}],"curies":[{"name":"wp","href":"https:\/\/api.w.org\/{rel}","templated":true}]}}