{"id":284011,"date":"2017-07-05T08:54:47","date_gmt":"2017-07-05T06:54:47","guid":{"rendered":"http:\/\/legiobiznes.pl\/I\/?p=284011"},"modified":"2023-05-25T16:00:15","modified_gmt":"2023-05-25T14:00:15","slug":"facebook-obraza-uczuc-religijnych-krzyz-obok-lajka-sledzi-nasza-aktywnosc-w-sieci-firmowy-instagram-zwieksz-ogladalnosc","status":"publish","type":"post","link":"https:\/\/legiobiznes.pl\/I\/facebook-obraza-uczuc-religijnych-krzyz-obok-lajka-sledzi-nasza-aktywnosc-w-sieci-firmowy-instagram-zwieksz-ogladalnosc\/","title":{"rendered":"Facebook: obraza uczu\u0107 religijnych, krzy\u017c obok lajka, \u015bledzi nasz\u0105 aktywno\u015b\u0107 w sieci. Firmowy Instagram, zwi\u0119ksz ogl\u0105dalno\u015b\u0107!"},"content":{"rendered":"<h2 class=\"entry_title\"><strong>Krzy\u017c obok lajka i\u00a0wrr na\u00a0Facebooku? Kryzysom nie b\u0119dzie ko\u0144ca\u2026<\/strong><\/h2>\n<div class=\"columns-wrapper no-margin group\">\n<article class=\"article\">\n<div class=\"art-content group\">\n<h3 class=\"art-lead group\"><strong>Kryzysy w social mediach zawsze mile widziane &#8211; dobry dodatek do kawy i temat \u017cart\u00f3w. Jednak tym razem z \u017cartami trzeba uwa\u017ca\u0107, bo kryzys(ik) dotyka kwestii religii. Nie chodzi jednak o prze\u015bladowania u\u017cytkownik\u00f3w serwis\u00f3w spo\u0142eczno\u015bciowych zrzeszaj\u0105cych chrze\u015bcijan, \u017cyd\u00f3w czy muzu\u0142man\u00f3w &#8211; sprawa dotyczy symboli umieszczanych w reakcjach na FB. W czerwcu na jaki\u015b czas pojawi\u0142a si\u0119 tam Duma kojarzona ze \u015brodowiskami LGBT. A skoro tak, to mo\u017ce czas wstawi\u0107 i Krzy\u017c? Gdyby do tego dosz\u0142o, atmosfera w spo\u0142eczno\u015bci\u00f3wce mog\u0142aby si\u0119 powa\u017cnie zag\u0119\u015bci\u0107&#8230;<\/strong><\/h3>\n<\/div>\n<\/article>\n<\/div>\n<div class=\"columns-wrapper no-margin group\">\n<article class=\"article\">\n<div class=\"art-content group\">\n<p>Krzy\u017c obok\u00a0<em>lubi\u0119 to<\/em>,\u00a0<em>ha ha<\/em>\u00a0i\u00a0<em>wrr<\/em>? Cz\u0119\u015b\u0107 chrze\u015bcijan pewnie szybko si\u0119 skrzywi i\u00a0stwierdzi, \u017ce\u00a0to obraza uczu\u0107 religijnych. Bo m\u00f3wimy o\u00a0wa\u017cnym symbolu, \u015bwiadectwie wiary, a\u00a0nie jakiej\u015b zabawie w\u00a0zaczerwienione czy u\u015bmiechni\u0119te bu\u017aki. S\u0119k w\u00a0tym, \u017ce\u00a0dyskusji na\u00a0ten temat nie wywo\u0142ali \u017cartownisie, \u015brodowiska lewicowe, kt\u00f3re chcia\u0142y zadrwi\u0107 z\u00a0czyich\u015b przekona\u0144 \u2013 ten w\u0105tek nakr\u0119cili sami chrze\u015bcijanie. A\u00a0zacz\u0119\u0142o si\u0119 od\u00a0t\u0119czowego przycisku.<\/p>\n<p>Kilka tygodni temu w\u015br\u00f3d reakcji na\u00a0Facebooku pojawi\u0142a si\u0119 \u201eDuma\u201d, t\u0119czowy znak, kt\u00f3ry\u00a0mia\u0142 by\u0107 symbolem poparcia dla \u015brodowisk LGBT. Jedni si\u0119 ucieszyli, drudzy zaciskali nerwowo z\u0119by i\u00a0pi\u0119\u015bci, jeszcze inni byli bliscy przeoczenia tego wydarzenia. Zaliczam si\u0119 do\u00a0tej trzeciej grupy \u2013 gdybym\u00a0nie przeczyta\u0142 gdzie\u015b, \u017ce\u00a0Facebook\u00a0znowu idzie na\u00a0ideologiczn\u0105 wojn\u0119, \u017ce\u00a0t\u0119czowy znaczek to\u00a0cios wymierzony w\u00a0tradycyjne warto\u015bci albo symbol walki o\u00a0lepsze jutro, pewnie nie zwr\u00f3ci\u0142bym na\u00a0to uwagi. Znowu mia\u0142em jednak okazj\u0119, by\u00a0podrapa\u0107 si\u0119 w\u00a0g\u0142ow\u0119 i\u00a0zada\u0107 po\u00a0cichu pytanie \u201eo czym rozprawiaj\u0105 ci ludzie?\u201d&#8230;<\/p>\n<p><strong>Czytaj wi\u0119cej na:<\/strong>\u00a0<a href=\"http:\/\/antyweb.pl\/facebook-krzyz-religia\/?utm_source=feedburner&amp;utm_medium=feed&amp;utm_campaign=Feed%3A+Antyweb+%28AntyWeb%29\" target=\"_blank\" rel=\"noopener\">http:\/\/antyweb.pl<\/a><\/p>\n<h2 class=\"post-title\"><strong>Czy Facebook mo\u017ce \u015bledzi\u0107 nasz\u0105 aktywno\u015b\u0107 w sieci? Okazuje si\u0119, \u017ce tak<\/strong><\/h2>\n<h3><strong>Kilka dni temu w kalifornijskim s\u0105dzie zapad\u0142 wyrok w sprawie \u015bledzenia dzia\u0142a\u0144 u\u017cytkownik\u00f3w Facebooka pomimo wcze\u015bniejszego wylogowania si\u0119 z serwisu. Decyzja s\u0105du mo\u017ce wydawa\u0107 si\u0119 jednak nieco zaskakuj\u0105ca, gdy\u017c uznano, i\u017c nie ma podstaw, aby uzna\u0107 portal winnym. Dlaczego?<\/strong><\/h3>\n<p>Facebook, z kt\u00f3rego korzysta ju\u017c wi\u0119cej ni\u017c dwa miliardy ludzi, gromadzi niezliczone ilo\u015bci danych. Dostarczaj\u0105 je\u00a0zar\u00f3wno sami u\u017cytkownicy podczas zak\u0142adania konta oraz aktywnego dzia\u0142ania w serwisie, jak i zbiera je sam portal. Co wi\u0119cej, ch\u0119tnie\u00a0logujemy si\u0119 za pomoc\u0105 facebookowego konta do innych serwis\u00f3w oraz dodajemy odno\u015bniki do niego na zewn\u0119trznych stronach. Na firmowych www\u00a0coraz cz\u0119\u015bciej mo\u017cemy dostrzec ikon\u0119 portalu oraz szybk\u0105 mo\u017cliwo\u015b\u0107 polubienia fanpage\u2019a. Wydaje si\u0119 to bardzo wygodnym rozwi\u0105zaniem, ale i wi\u0105\u017ce si\u0119 z pewnymi konsekwencjami&#8230;<\/p>\n<p><strong>Czytaj wi\u0119cej na:<\/strong>\u00a0<a href=\"https:\/\/socialpress.pl\/2017\/07\/czy-facebook-moze-sledzic-nasza-aktywnosc-w-sieci-okazuje-sie-ze-tak\/\" target=\"_blank\" rel=\"noopener\">https:\/\/socialpress.pl<\/a><\/p>\n<h2><strong>Jak prowadzi\u0107 firmowy Instagram i zwi\u0119kszy\u0107 liczb\u0119 obserwuj\u0105cych<\/strong><\/h2>\n<h3><strong>Dzi\u015b dowiesz si\u0119, jak prowadzi\u0107 firmowy Instagram. Poznasz sprawdzone sposoby na zwi\u0119kszenie liczby obserwuj\u0105cych. S\u0142owem: co robi\u0107, by profil zdobywa\u0142 popularno\u015b\u0107 i budzi\u0142 emocje. Gotowy?<\/strong><\/h3>\n<blockquote><p><em>Pozwoli\u0142em sobie na ma\u0142y eksperyment i o napisanie artyku\u0142u poprosi\u0142em Mateusza Jaszaka \u2013 \u015bwietnego Instagramera oraz osob\u0119, kt\u00f3ra odpowiada za komunikacj\u0119 wielu marek w tym kanale. \u00a0Bardzo ceni\u0119 jego umiej\u0119tno\u015bci, st\u0105d ten artyku\u0142. Dawno nie by\u0142o u mnie wpisu go\u015bcinnego. Daj zna\u0107, co s\u0105dzisz o tym, by pojawia\u0142o si\u0119 ich wi\u0119cej.<\/em><\/p><\/blockquote>\n<h3><strong>Co publikowa\u0107 na Instagramie<\/strong><\/h3>\n<p>Po pierwsze, daj innym co\u015b od siebie. Chodzi nie tylko o \u015bwietnie skomponowane zdj\u0119cia, ale tak\u017ce posty, kt\u00f3re daj\u0105 warto\u015b\u0107 obserwuj\u0105cym. Pozna\u0142e\u015b szwedzki i chcesz uczy\u0107 innych? Na pewno znajdziesz ludzi, kt\u00f3rzy s\u0105 w trakcie lub chc\u0105 uczy\u0107 si\u0119, ale nie znale\u017ali motywacji do nauki.<\/p>\n<p>Przyk\u0142ad?\u00a0Wyja\u015bnij u\u017cytkownikom Instagrama, co znaczy \u201eGlush\u201d. Wykorzystaj fotografi\u0119 topniej\u0105cego \u015bniegu z morzem w tle i nanie\u015b to s\u0142owo na zdj\u0119cie, a w opisie t\u0142umaczenie.<\/p>\n<p>Drugi przyk\u0142ad. Potrafisz robi\u0107 drinki? Poka\u017c swoj\u0105 pasj\u0119 w atrakcyjny spos\u00f3b jak\u00a0@tipsybartender.<\/p>\n<blockquote><p>Sprawd\u017a ile os\u00f3b obserwuje jego profil. Nie\u017ale, co?<\/p><\/blockquote>\n<h3><strong>Wykreuj w\u0142asny styl<\/strong><\/h3>\n<p>Wypracuj w\u0142asne metody fotografowania, edycji i trzymaj si\u0119 tego. Nie wszystkie zdj\u0119cia musz\u0105 by\u0107 przygotowane w ten sam spos\u00f3b. W 3 zdj\u0119ciach mo\u017ce dominowa\u0107 kolor niebieski, potem w kolejnych 3 czerwony, itd., a nast\u0119pnie wr\u00f3\u0107 do niego lub stw\u00f3rz inny wzorzec publikowanych post\u00f3w. Najwa\u017cniejsze jest to, aby odbiorca znalaz\u0142 schemat na Twoim profilu&#8230;<\/p>\n<p><strong>Czytaj wi\u0119cej na:<\/strong>\u00a0<a href=\"http:\/\/arturjablonski.com\/jak-prowadzic-firmowy-instagram\/\" target=\"_blank\" rel=\"noopener\">http:\/\/arturjablonski.com<\/a><\/p>\n<p>&nbsp;<\/p>\n<\/div>\n<\/article>\n<\/div>\n","protected":false},"excerpt":{"rendered":"<p>Krzy\u017c obok lajka i\u00a0wrr na\u00a0Facebooku? Kryzysom nie b\u0119dzie ko\u0144ca\u2026 Kryzysy w social mediach zawsze mile widziane &#8211; dobry dodatek do kawy i temat \u017cart\u00f3w. Jednak tym razem z \u017cartami trzeba uwa\u017ca\u0107, bo kryzys(ik) dotyka kwestii religii. Nie chodzi jednak o prze\u015bladowania u\u017cytkownik\u00f3w serwis\u00f3w spo\u0142eczno\u015bciowych zrzeszaj\u0105cych chrze\u015bcijan, \u017cyd\u00f3w czy muzu\u0142man\u00f3w &#8211; sprawa dotyczy symboli umieszczanych w &hellip;<\/p>\n","protected":false},"author":1,"featured_media":284012,"comment_status":"open","ping_status":"closed","sticky":false,"template":"","format":"standard","meta":{"footnotes":""},"categories":[1312],"tags":[1779,1361,1780,1384,1778],"class_list":["post-284011","post","type-post","status-publish","format-standard","has-post-thumbnail","","category-social-media","tag-czy-nas-sledzi","tag-facebook","tag-firmowy-instagram","tag-social-media","tag-uczucia-religijne"],"yoast_head":"<!-- This site is optimized with the Yoast SEO plugin v27.5 - https:\/\/yoast.com\/product\/yoast-seo-wordpress\/ -->\n<title>Facebook: obraza uczu\u0107 religijnych, krzy\u017c obok lajka, \u015bledzi nasz\u0105 aktywno\u015b\u0107 w sieci. Firmowy Instagram, zwi\u0119ksz ogl\u0105dalno\u015b\u0107! &#187; Legiobiznes.pl<\/title>\n<meta name=\"description\" content=\"Facebook: obraza uczu\u0107 religijnych, krzy\u017c obok lajka, \u015bledzi nasz\u0105 aktywno\u015b\u0107 w sieci. Firmowy Instagram, zwi\u0119ksz ogl\u0105dalno\u015b\u0107!\" \/>\n<meta name=\"robots\" content=\"index, follow, max-snippet:-1, max-image-preview:large, max-video-preview:-1\" \/>\n<link rel=\"canonical\" href=\"https:\/\/legiobiznes.pl\/I\/facebook-obraza-uczuc-religijnych-krzyz-obok-lajka-sledzi-nasza-aktywnosc-w-sieci-firmowy-instagram-zwieksz-ogladalnosc\/\" \/>\n<meta property=\"og:locale\" content=\"pl_PL\" \/>\n<meta property=\"og:type\" content=\"article\" \/>\n<meta property=\"og:title\" content=\"Facebook: obraza uczu\u0107 religijnych, krzy\u017c obok lajka, \u015bledzi nasz\u0105 aktywno\u015b\u0107 w sieci. Firmowy Instagram, zwi\u0119ksz ogl\u0105dalno\u015b\u0107! &#187; Legiobiznes.pl\" \/>\n<meta property=\"og:description\" content=\"Facebook: obraza uczu\u0107 religijnych, krzy\u017c obok lajka, \u015bledzi nasz\u0105 aktywno\u015b\u0107 w sieci. Firmowy Instagram, zwi\u0119ksz ogl\u0105dalno\u015b\u0107!\" \/>\n<meta property=\"og:url\" content=\"https:\/\/legiobiznes.pl\/I\/facebook-obraza-uczuc-religijnych-krzyz-obok-lajka-sledzi-nasza-aktywnosc-w-sieci-firmowy-instagram-zwieksz-ogladalnosc\/\" \/>\n<meta property=\"og:site_name\" content=\"Legiobiznes.pl\" \/>\n<meta property=\"article:publisher\" content=\"https:\/\/www.facebook.com\/LegioBiznes\/\" \/>\n<meta property=\"article:published_time\" content=\"2017-07-05T06:54:47+00:00\" \/>\n<meta property=\"article:modified_time\" content=\"2023-05-25T14:00:15+00:00\" \/>\n<meta property=\"og:image\" content=\"https:\/\/legiobiznes.pl\/I\/wp-content\/uploads\/2017\/07\/Facebook-obraza-uczu\u0107-religijnych-krzy\u017c-obok-lajka-\u015bledzi-nasz\u0105-aktywno\u015b\u0107-w-sieci.-Firmowy-Instagram-zwi\u0119ksz-ogl\u0105dalno\u015b\u0107.jpg\" \/>\n\t<meta property=\"og:image:width\" content=\"640\" \/>\n\t<meta property=\"og:image:height\" content=\"452\" \/>\n\t<meta property=\"og:image:type\" content=\"image\/jpeg\" \/>\n<meta name=\"author\" content=\"Legiobiznes.pl\" \/>\n<meta name=\"twitter:card\" content=\"summary_large_image\" \/>\n<meta name=\"twitter:creator\" content=\"@LegioBiznesPL\" \/>\n<meta name=\"twitter:site\" content=\"@LegioBiznesPL\" \/>\n<meta name=\"twitter:label1\" content=\"Napisane przez\" \/>\n\t<meta name=\"twitter:data1\" content=\"Legiobiznes.pl\" \/>\n\t<meta name=\"twitter:label2\" content=\"Szacowany czas czytania\" \/>\n\t<meta name=\"twitter:data2\" content=\"4 minuty\" \/>\n<script type=\"application\/ld+json\" class=\"yoast-schema-graph\">{\"@context\":\"https:\\\/\\\/schema.org\",\"@graph\":[{\"@type\":\"Article\",\"@id\":\"https:\\\/\\\/legiobiznes.pl\\\/I\\\/facebook-obraza-uczuc-religijnych-krzyz-obok-lajka-sledzi-nasza-aktywnosc-w-sieci-firmowy-instagram-zwieksz-ogladalnosc\\\/#article\",\"isPartOf\":{\"@id\":\"https:\\\/\\\/legiobiznes.pl\\\/I\\\/facebook-obraza-uczuc-religijnych-krzyz-obok-lajka-sledzi-nasza-aktywnosc-w-sieci-firmowy-instagram-zwieksz-ogladalnosc\\\/\"},\"author\":{\"name\":\"Legiobiznes.pl\",\"@id\":\"https:\\\/\\\/legiobiznes.pl\\\/I\\\/#\\\/schema\\\/person\\\/33c4505a5d28a7c944baf038996052d4\"},\"headline\":\"Facebook: obraza uczu\u0107 religijnych, krzy\u017c obok lajka, \u015bledzi nasz\u0105 aktywno\u015b\u0107 w sieci. Firmowy Instagram, zwi\u0119ksz ogl\u0105dalno\u015b\u0107!\",\"datePublished\":\"2017-07-05T06:54:47+00:00\",\"dateModified\":\"2023-05-25T14:00:15+00:00\",\"mainEntityOfPage\":{\"@id\":\"https:\\\/\\\/legiobiznes.pl\\\/I\\\/facebook-obraza-uczuc-religijnych-krzyz-obok-lajka-sledzi-nasza-aktywnosc-w-sieci-firmowy-instagram-zwieksz-ogladalnosc\\\/\"},\"wordCount\":782,\"commentCount\":0,\"publisher\":{\"@id\":\"https:\\\/\\\/legiobiznes.pl\\\/I\\\/#organization\"},\"image\":{\"@id\":\"https:\\\/\\\/legiobiznes.pl\\\/I\\\/facebook-obraza-uczuc-religijnych-krzyz-obok-lajka-sledzi-nasza-aktywnosc-w-sieci-firmowy-instagram-zwieksz-ogladalnosc\\\/#primaryimage\"},\"thumbnailUrl\":\"https:\\\/\\\/legiobiznes.pl\\\/I\\\/wp-content\\\/uploads\\\/2017\\\/07\\\/Facebook-obraza-uczu\u0107-religijnych-krzy\u017c-obok-lajka-\u015bledzi-nasz\u0105-aktywno\u015b\u0107-w-sieci.-Firmowy-Instagram-zwi\u0119ksz-ogl\u0105dalno\u015b\u0107.jpg\",\"keywords\":[\"czy nas \u015bledzi\",\"Facebook\",\"firmowy instagram\",\"Social Media\",\"uczucia religijne\"],\"articleSection\":[\"Social Media\"],\"inLanguage\":\"pl-PL\",\"potentialAction\":[{\"@type\":\"CommentAction\",\"name\":\"Comment\",\"target\":[\"https:\\\/\\\/legiobiznes.pl\\\/I\\\/facebook-obraza-uczuc-religijnych-krzyz-obok-lajka-sledzi-nasza-aktywnosc-w-sieci-firmowy-instagram-zwieksz-ogladalnosc\\\/#respond\"]}]},{\"@type\":\"WebPage\",\"@id\":\"https:\\\/\\\/legiobiznes.pl\\\/I\\\/facebook-obraza-uczuc-religijnych-krzyz-obok-lajka-sledzi-nasza-aktywnosc-w-sieci-firmowy-instagram-zwieksz-ogladalnosc\\\/\",\"url\":\"https:\\\/\\\/legiobiznes.pl\\\/I\\\/facebook-obraza-uczuc-religijnych-krzyz-obok-lajka-sledzi-nasza-aktywnosc-w-sieci-firmowy-instagram-zwieksz-ogladalnosc\\\/\",\"name\":\"Facebook: obraza uczu\u0107 religijnych, krzy\u017c obok lajka, \u015bledzi nasz\u0105 aktywno\u015b\u0107 w sieci. Firmowy Instagram, zwi\u0119ksz ogl\u0105dalno\u015b\u0107! &#187; Legiobiznes.pl\",\"isPartOf\":{\"@id\":\"https:\\\/\\\/legiobiznes.pl\\\/I\\\/#website\"},\"primaryImageOfPage\":{\"@id\":\"https:\\\/\\\/legiobiznes.pl\\\/I\\\/facebook-obraza-uczuc-religijnych-krzyz-obok-lajka-sledzi-nasza-aktywnosc-w-sieci-firmowy-instagram-zwieksz-ogladalnosc\\\/#primaryimage\"},\"image\":{\"@id\":\"https:\\\/\\\/legiobiznes.pl\\\/I\\\/facebook-obraza-uczuc-religijnych-krzyz-obok-lajka-sledzi-nasza-aktywnosc-w-sieci-firmowy-instagram-zwieksz-ogladalnosc\\\/#primaryimage\"},\"thumbnailUrl\":\"https:\\\/\\\/legiobiznes.pl\\\/I\\\/wp-content\\\/uploads\\\/2017\\\/07\\\/Facebook-obraza-uczu\u0107-religijnych-krzy\u017c-obok-lajka-\u015bledzi-nasz\u0105-aktywno\u015b\u0107-w-sieci.-Firmowy-Instagram-zwi\u0119ksz-ogl\u0105dalno\u015b\u0107.jpg\",\"datePublished\":\"2017-07-05T06:54:47+00:00\",\"dateModified\":\"2023-05-25T14:00:15+00:00\",\"description\":\"Facebook: obraza uczu\u0107 religijnych, krzy\u017c obok lajka, \u015bledzi nasz\u0105 aktywno\u015b\u0107 w sieci. Firmowy Instagram, zwi\u0119ksz ogl\u0105dalno\u015b\u0107!\",\"breadcrumb\":{\"@id\":\"https:\\\/\\\/legiobiznes.pl\\\/I\\\/facebook-obraza-uczuc-religijnych-krzyz-obok-lajka-sledzi-nasza-aktywnosc-w-sieci-firmowy-instagram-zwieksz-ogladalnosc\\\/#breadcrumb\"},\"inLanguage\":\"pl-PL\",\"potentialAction\":[{\"@type\":\"ReadAction\",\"target\":[\"https:\\\/\\\/legiobiznes.pl\\\/I\\\/facebook-obraza-uczuc-religijnych-krzyz-obok-lajka-sledzi-nasza-aktywnosc-w-sieci-firmowy-instagram-zwieksz-ogladalnosc\\\/\"]}]},{\"@type\":\"ImageObject\",\"inLanguage\":\"pl-PL\",\"@id\":\"https:\\\/\\\/legiobiznes.pl\\\/I\\\/facebook-obraza-uczuc-religijnych-krzyz-obok-lajka-sledzi-nasza-aktywnosc-w-sieci-firmowy-instagram-zwieksz-ogladalnosc\\\/#primaryimage\",\"url\":\"https:\\\/\\\/legiobiznes.pl\\\/I\\\/wp-content\\\/uploads\\\/2017\\\/07\\\/Facebook-obraza-uczu\u0107-religijnych-krzy\u017c-obok-lajka-\u015bledzi-nasz\u0105-aktywno\u015b\u0107-w-sieci.-Firmowy-Instagram-zwi\u0119ksz-ogl\u0105dalno\u015b\u0107.jpg\",\"contentUrl\":\"https:\\\/\\\/legiobiznes.pl\\\/I\\\/wp-content\\\/uploads\\\/2017\\\/07\\\/Facebook-obraza-uczu\u0107-religijnych-krzy\u017c-obok-lajka-\u015bledzi-nasz\u0105-aktywno\u015b\u0107-w-sieci.-Firmowy-Instagram-zwi\u0119ksz-ogl\u0105dalno\u015b\u0107.jpg\",\"width\":640,\"height\":452},{\"@type\":\"BreadcrumbList\",\"@id\":\"https:\\\/\\\/legiobiznes.pl\\\/I\\\/facebook-obraza-uczuc-religijnych-krzyz-obok-lajka-sledzi-nasza-aktywnosc-w-sieci-firmowy-instagram-zwieksz-ogladalnosc\\\/#breadcrumb\",\"itemListElement\":[{\"@type\":\"ListItem\",\"position\":1,\"name\":\"Strona g\u0142\u00f3wna\",\"item\":\"https:\\\/\\\/legiobiznes.pl\\\/I\\\/\"},{\"@type\":\"ListItem\",\"position\":2,\"name\":\"Facebook: obraza uczu\u0107 religijnych, krzy\u017c obok lajka, \u015bledzi nasz\u0105 aktywno\u015b\u0107 w sieci. Firmowy Instagram, zwi\u0119ksz ogl\u0105dalno\u015b\u0107!\"}]},{\"@type\":\"WebSite\",\"@id\":\"https:\\\/\\\/legiobiznes.pl\\\/I\\\/#website\",\"url\":\"https:\\\/\\\/legiobiznes.pl\\\/I\\\/\",\"name\":\"Legiobiznes.pl\",\"description\":\"Kryptowaluty, Bezpiecze\u0144stwo IT, E-biznes | LegioBiznes.PL\",\"publisher\":{\"@id\":\"https:\\\/\\\/legiobiznes.pl\\\/I\\\/#organization\"},\"potentialAction\":[{\"@type\":\"SearchAction\",\"target\":{\"@type\":\"EntryPoint\",\"urlTemplate\":\"https:\\\/\\\/legiobiznes.pl\\\/I\\\/?s={search_term_string}\"},\"query-input\":{\"@type\":\"PropertyValueSpecification\",\"valueRequired\":true,\"valueName\":\"search_term_string\"}}],\"inLanguage\":\"pl-PL\"},{\"@type\":\"Organization\",\"@id\":\"https:\\\/\\\/legiobiznes.pl\\\/I\\\/#organization\",\"name\":\"LegioBiznes.PL\",\"url\":\"https:\\\/\\\/legiobiznes.pl\\\/I\\\/\",\"logo\":{\"@type\":\"ImageObject\",\"inLanguage\":\"pl-PL\",\"@id\":\"https:\\\/\\\/legiobiznes.pl\\\/I\\\/#\\\/schema\\\/logo\\\/image\\\/\",\"url\":\"https:\\\/\\\/legiobiznes.pl\\\/I\\\/wp-content\\\/uploads\\\/2017\\\/08\\\/legiobiznespl-logo2-e1503834302371.png\",\"contentUrl\":\"https:\\\/\\\/legiobiznes.pl\\\/I\\\/wp-content\\\/uploads\\\/2017\\\/08\\\/legiobiznespl-logo2-e1503834302371.png\",\"width\":180,\"height\":76,\"caption\":\"LegioBiznes.PL\"},\"image\":{\"@id\":\"https:\\\/\\\/legiobiznes.pl\\\/I\\\/#\\\/schema\\\/logo\\\/image\\\/\"},\"sameAs\":[\"https:\\\/\\\/www.facebook.com\\\/LegioBiznes\\\/\",\"https:\\\/\\\/x.com\\\/LegioBiznesPL\",\"https:\\\/\\\/www.youtube.com\\\/channel\\\/UCEhszB39vxk96yIXD-jOORw\"]},{\"@type\":\"Person\",\"@id\":\"https:\\\/\\\/legiobiznes.pl\\\/I\\\/#\\\/schema\\\/person\\\/33c4505a5d28a7c944baf038996052d4\",\"name\":\"Legiobiznes.pl\",\"image\":{\"@type\":\"ImageObject\",\"inLanguage\":\"pl-PL\",\"@id\":\"https:\\\/\\\/legiobiznes.pl\\\/I\\\/wp-content\\\/uploads\\\/2019\\\/07\\\/favicon-Legiobiznes-150x150.png\",\"url\":\"https:\\\/\\\/legiobiznes.pl\\\/I\\\/wp-content\\\/uploads\\\/2019\\\/07\\\/favicon-Legiobiznes-150x150.png\",\"contentUrl\":\"https:\\\/\\\/legiobiznes.pl\\\/I\\\/wp-content\\\/uploads\\\/2019\\\/07\\\/favicon-Legiobiznes-150x150.png\",\"caption\":\"Legiobiznes.pl\"},\"description\":\"Budowa i tworzenie profesjonalnych, responsywnych (RWD) stron www. Pozycjonowanie SEO, sklepy internetowe eSklep...\",\"url\":\"https:\\\/\\\/legiobiznes.pl\\\/I\\\/author\\\/boss\\\/\"}]}<\/script>\n<!-- \/ Yoast SEO plugin. -->","yoast_head_json":{"title":"Facebook: obraza uczu\u0107 religijnych, krzy\u017c obok lajka, \u015bledzi nasz\u0105 aktywno\u015b\u0107 w sieci. Firmowy Instagram, zwi\u0119ksz ogl\u0105dalno\u015b\u0107! &#187; Legiobiznes.pl","description":"Facebook: obraza uczu\u0107 religijnych, krzy\u017c obok lajka, \u015bledzi nasz\u0105 aktywno\u015b\u0107 w sieci. Firmowy Instagram, zwi\u0119ksz ogl\u0105dalno\u015b\u0107!","robots":{"index":"index","follow":"follow","max-snippet":"max-snippet:-1","max-image-preview":"max-image-preview:large","max-video-preview":"max-video-preview:-1"},"canonical":"https:\/\/legiobiznes.pl\/I\/facebook-obraza-uczuc-religijnych-krzyz-obok-lajka-sledzi-nasza-aktywnosc-w-sieci-firmowy-instagram-zwieksz-ogladalnosc\/","og_locale":"pl_PL","og_type":"article","og_title":"Facebook: obraza uczu\u0107 religijnych, krzy\u017c obok lajka, \u015bledzi nasz\u0105 aktywno\u015b\u0107 w sieci. Firmowy Instagram, zwi\u0119ksz ogl\u0105dalno\u015b\u0107! &#187; Legiobiznes.pl","og_description":"Facebook: obraza uczu\u0107 religijnych, krzy\u017c obok lajka, \u015bledzi nasz\u0105 aktywno\u015b\u0107 w sieci. Firmowy Instagram, zwi\u0119ksz ogl\u0105dalno\u015b\u0107!","og_url":"https:\/\/legiobiznes.pl\/I\/facebook-obraza-uczuc-religijnych-krzyz-obok-lajka-sledzi-nasza-aktywnosc-w-sieci-firmowy-instagram-zwieksz-ogladalnosc\/","og_site_name":"Legiobiznes.pl","article_publisher":"https:\/\/www.facebook.com\/LegioBiznes\/","article_published_time":"2017-07-05T06:54:47+00:00","article_modified_time":"2023-05-25T14:00:15+00:00","og_image":[{"width":640,"height":452,"url":"https:\/\/legiobiznes.pl\/I\/wp-content\/uploads\/2017\/07\/Facebook-obraza-uczu\u0107-religijnych-krzy\u017c-obok-lajka-\u015bledzi-nasz\u0105-aktywno\u015b\u0107-w-sieci.-Firmowy-Instagram-zwi\u0119ksz-ogl\u0105dalno\u015b\u0107.jpg","type":"image\/jpeg"}],"author":"Legiobiznes.pl","twitter_card":"summary_large_image","twitter_creator":"@LegioBiznesPL","twitter_site":"@LegioBiznesPL","twitter_misc":{"Napisane przez":"Legiobiznes.pl","Szacowany czas czytania":"4 minuty"},"schema":{"@context":"https:\/\/schema.org","@graph":[{"@type":"Article","@id":"https:\/\/legiobiznes.pl\/I\/facebook-obraza-uczuc-religijnych-krzyz-obok-lajka-sledzi-nasza-aktywnosc-w-sieci-firmowy-instagram-zwieksz-ogladalnosc\/#article","isPartOf":{"@id":"https:\/\/legiobiznes.pl\/I\/facebook-obraza-uczuc-religijnych-krzyz-obok-lajka-sledzi-nasza-aktywnosc-w-sieci-firmowy-instagram-zwieksz-ogladalnosc\/"},"author":{"name":"Legiobiznes.pl","@id":"https:\/\/legiobiznes.pl\/I\/#\/schema\/person\/33c4505a5d28a7c944baf038996052d4"},"headline":"Facebook: obraza uczu\u0107 religijnych, krzy\u017c obok lajka, \u015bledzi nasz\u0105 aktywno\u015b\u0107 w sieci. Firmowy Instagram, zwi\u0119ksz ogl\u0105dalno\u015b\u0107!","datePublished":"2017-07-05T06:54:47+00:00","dateModified":"2023-05-25T14:00:15+00:00","mainEntityOfPage":{"@id":"https:\/\/legiobiznes.pl\/I\/facebook-obraza-uczuc-religijnych-krzyz-obok-lajka-sledzi-nasza-aktywnosc-w-sieci-firmowy-instagram-zwieksz-ogladalnosc\/"},"wordCount":782,"commentCount":0,"publisher":{"@id":"https:\/\/legiobiznes.pl\/I\/#organization"},"image":{"@id":"https:\/\/legiobiznes.pl\/I\/facebook-obraza-uczuc-religijnych-krzyz-obok-lajka-sledzi-nasza-aktywnosc-w-sieci-firmowy-instagram-zwieksz-ogladalnosc\/#primaryimage"},"thumbnailUrl":"https:\/\/legiobiznes.pl\/I\/wp-content\/uploads\/2017\/07\/Facebook-obraza-uczu\u0107-religijnych-krzy\u017c-obok-lajka-\u015bledzi-nasz\u0105-aktywno\u015b\u0107-w-sieci.-Firmowy-Instagram-zwi\u0119ksz-ogl\u0105dalno\u015b\u0107.jpg","keywords":["czy nas \u015bledzi","Facebook","firmowy instagram","Social Media","uczucia religijne"],"articleSection":["Social Media"],"inLanguage":"pl-PL","potentialAction":[{"@type":"CommentAction","name":"Comment","target":["https:\/\/legiobiznes.pl\/I\/facebook-obraza-uczuc-religijnych-krzyz-obok-lajka-sledzi-nasza-aktywnosc-w-sieci-firmowy-instagram-zwieksz-ogladalnosc\/#respond"]}]},{"@type":"WebPage","@id":"https:\/\/legiobiznes.pl\/I\/facebook-obraza-uczuc-religijnych-krzyz-obok-lajka-sledzi-nasza-aktywnosc-w-sieci-firmowy-instagram-zwieksz-ogladalnosc\/","url":"https:\/\/legiobiznes.pl\/I\/facebook-obraza-uczuc-religijnych-krzyz-obok-lajka-sledzi-nasza-aktywnosc-w-sieci-firmowy-instagram-zwieksz-ogladalnosc\/","name":"Facebook: obraza uczu\u0107 religijnych, krzy\u017c obok lajka, \u015bledzi nasz\u0105 aktywno\u015b\u0107 w sieci. Firmowy Instagram, zwi\u0119ksz ogl\u0105dalno\u015b\u0107! &#187; Legiobiznes.pl","isPartOf":{"@id":"https:\/\/legiobiznes.pl\/I\/#website"},"primaryImageOfPage":{"@id":"https:\/\/legiobiznes.pl\/I\/facebook-obraza-uczuc-religijnych-krzyz-obok-lajka-sledzi-nasza-aktywnosc-w-sieci-firmowy-instagram-zwieksz-ogladalnosc\/#primaryimage"},"image":{"@id":"https:\/\/legiobiznes.pl\/I\/facebook-obraza-uczuc-religijnych-krzyz-obok-lajka-sledzi-nasza-aktywnosc-w-sieci-firmowy-instagram-zwieksz-ogladalnosc\/#primaryimage"},"thumbnailUrl":"https:\/\/legiobiznes.pl\/I\/wp-content\/uploads\/2017\/07\/Facebook-obraza-uczu\u0107-religijnych-krzy\u017c-obok-lajka-\u015bledzi-nasz\u0105-aktywno\u015b\u0107-w-sieci.-Firmowy-Instagram-zwi\u0119ksz-ogl\u0105dalno\u015b\u0107.jpg","datePublished":"2017-07-05T06:54:47+00:00","dateModified":"2023-05-25T14:00:15+00:00","description":"Facebook: obraza uczu\u0107 religijnych, krzy\u017c obok lajka, \u015bledzi nasz\u0105 aktywno\u015b\u0107 w sieci. Firmowy Instagram, zwi\u0119ksz ogl\u0105dalno\u015b\u0107!","breadcrumb":{"@id":"https:\/\/legiobiznes.pl\/I\/facebook-obraza-uczuc-religijnych-krzyz-obok-lajka-sledzi-nasza-aktywnosc-w-sieci-firmowy-instagram-zwieksz-ogladalnosc\/#breadcrumb"},"inLanguage":"pl-PL","potentialAction":[{"@type":"ReadAction","target":["https:\/\/legiobiznes.pl\/I\/facebook-obraza-uczuc-religijnych-krzyz-obok-lajka-sledzi-nasza-aktywnosc-w-sieci-firmowy-instagram-zwieksz-ogladalnosc\/"]}]},{"@type":"ImageObject","inLanguage":"pl-PL","@id":"https:\/\/legiobiznes.pl\/I\/facebook-obraza-uczuc-religijnych-krzyz-obok-lajka-sledzi-nasza-aktywnosc-w-sieci-firmowy-instagram-zwieksz-ogladalnosc\/#primaryimage","url":"https:\/\/legiobiznes.pl\/I\/wp-content\/uploads\/2017\/07\/Facebook-obraza-uczu\u0107-religijnych-krzy\u017c-obok-lajka-\u015bledzi-nasz\u0105-aktywno\u015b\u0107-w-sieci.-Firmowy-Instagram-zwi\u0119ksz-ogl\u0105dalno\u015b\u0107.jpg","contentUrl":"https:\/\/legiobiznes.pl\/I\/wp-content\/uploads\/2017\/07\/Facebook-obraza-uczu\u0107-religijnych-krzy\u017c-obok-lajka-\u015bledzi-nasz\u0105-aktywno\u015b\u0107-w-sieci.-Firmowy-Instagram-zwi\u0119ksz-ogl\u0105dalno\u015b\u0107.jpg","width":640,"height":452},{"@type":"BreadcrumbList","@id":"https:\/\/legiobiznes.pl\/I\/facebook-obraza-uczuc-religijnych-krzyz-obok-lajka-sledzi-nasza-aktywnosc-w-sieci-firmowy-instagram-zwieksz-ogladalnosc\/#breadcrumb","itemListElement":[{"@type":"ListItem","position":1,"name":"Strona g\u0142\u00f3wna","item":"https:\/\/legiobiznes.pl\/I\/"},{"@type":"ListItem","position":2,"name":"Facebook: obraza uczu\u0107 religijnych, krzy\u017c obok lajka, \u015bledzi nasz\u0105 aktywno\u015b\u0107 w sieci. Firmowy Instagram, zwi\u0119ksz ogl\u0105dalno\u015b\u0107!"}]},{"@type":"WebSite","@id":"https:\/\/legiobiznes.pl\/I\/#website","url":"https:\/\/legiobiznes.pl\/I\/","name":"Legiobiznes.pl","description":"Kryptowaluty, Bezpiecze\u0144stwo IT, E-biznes | LegioBiznes.PL","publisher":{"@id":"https:\/\/legiobiznes.pl\/I\/#organization"},"potentialAction":[{"@type":"SearchAction","target":{"@type":"EntryPoint","urlTemplate":"https:\/\/legiobiznes.pl\/I\/?s={search_term_string}"},"query-input":{"@type":"PropertyValueSpecification","valueRequired":true,"valueName":"search_term_string"}}],"inLanguage":"pl-PL"},{"@type":"Organization","@id":"https:\/\/legiobiznes.pl\/I\/#organization","name":"LegioBiznes.PL","url":"https:\/\/legiobiznes.pl\/I\/","logo":{"@type":"ImageObject","inLanguage":"pl-PL","@id":"https:\/\/legiobiznes.pl\/I\/#\/schema\/logo\/image\/","url":"https:\/\/legiobiznes.pl\/I\/wp-content\/uploads\/2017\/08\/legiobiznespl-logo2-e1503834302371.png","contentUrl":"https:\/\/legiobiznes.pl\/I\/wp-content\/uploads\/2017\/08\/legiobiznespl-logo2-e1503834302371.png","width":180,"height":76,"caption":"LegioBiznes.PL"},"image":{"@id":"https:\/\/legiobiznes.pl\/I\/#\/schema\/logo\/image\/"},"sameAs":["https:\/\/www.facebook.com\/LegioBiznes\/","https:\/\/x.com\/LegioBiznesPL","https:\/\/www.youtube.com\/channel\/UCEhszB39vxk96yIXD-jOORw"]},{"@type":"Person","@id":"https:\/\/legiobiznes.pl\/I\/#\/schema\/person\/33c4505a5d28a7c944baf038996052d4","name":"Legiobiznes.pl","image":{"@type":"ImageObject","inLanguage":"pl-PL","@id":"https:\/\/legiobiznes.pl\/I\/wp-content\/uploads\/2019\/07\/favicon-Legiobiznes-150x150.png","url":"https:\/\/legiobiznes.pl\/I\/wp-content\/uploads\/2019\/07\/favicon-Legiobiznes-150x150.png","contentUrl":"https:\/\/legiobiznes.pl\/I\/wp-content\/uploads\/2019\/07\/favicon-Legiobiznes-150x150.png","caption":"Legiobiznes.pl"},"description":"Budowa i tworzenie profesjonalnych, responsywnych (RWD) stron www. Pozycjonowanie SEO, sklepy internetowe eSklep...","url":"https:\/\/legiobiznes.pl\/I\/author\/boss\/"}]}},"_links":{"self":[{"href":"https:\/\/legiobiznes.pl\/I\/wp-json\/wp\/v2\/posts\/284011","targetHints":{"allow":["GET"]}}],"collection":[{"href":"https:\/\/legiobiznes.pl\/I\/wp-json\/wp\/v2\/posts"}],"about":[{"href":"https:\/\/legiobiznes.pl\/I\/wp-json\/wp\/v2\/types\/post"}],"author":[{"embeddable":true,"href":"https:\/\/legiobiznes.pl\/I\/wp-json\/wp\/v2\/users\/1"}],"replies":[{"embeddable":true,"href":"https:\/\/legiobiznes.pl\/I\/wp-json\/wp\/v2\/comments?post=284011"}],"version-history":[{"count":0,"href":"https:\/\/legiobiznes.pl\/I\/wp-json\/wp\/v2\/posts\/284011\/revisions"}],"wp:featuredmedia":[{"embeddable":true,"href":"https:\/\/legiobiznes.pl\/I\/wp-json\/wp\/v2\/media\/284012"}],"wp:attachment":[{"href":"https:\/\/legiobiznes.pl\/I\/wp-json\/wp\/v2\/media?parent=284011"}],"wp:term":[{"taxonomy":"category","embeddable":true,"href":"https:\/\/legiobiznes.pl\/I\/wp-json\/wp\/v2\/categories?post=284011"},{"taxonomy":"post_tag","embeddable":true,"href":"https:\/\/legiobiznes.pl\/I\/wp-json\/wp\/v2\/tags?post=284011"}],"curies":[{"name":"wp","href":"https:\/\/api.w.org\/{rel}","templated":true}]}}