{"id":353685,"date":"2017-10-06T07:15:28","date_gmt":"2017-10-06T05:15:28","guid":{"rendered":"https:\/\/legiobiznes.pl\/I\/?p=353685"},"modified":"2024-10-08T07:15:23","modified_gmt":"2024-10-08T05:15:23","slug":"rodo-nie-ominie-blogera-i-facebooka-startupy-w-polsce-i-problemy-z-finansowaniem-ucieknij-z-podatkami-amazon-zalegly-podatek-250-milionow-euro","status":"publish","type":"post","link":"https:\/\/legiobiznes.pl\/I\/rodo-nie-ominie-blogera-i-facebooka-startupy-w-polsce-i-problemy-z-finansowaniem-ucieknij-z-podatkami-amazon-zalegly-podatek-250-milionow-euro\/","title":{"rendered":"RODO, nie ominie blogera i Facebooka. Startupy w Polsce i problemy z finansowaniem. Ucieknij z podatkami. Amazon zaleg\u0142y podatek 250 milion\u00f3w euro!"},"content":{"rendered":"<h2 class=\"newsTitle\"><strong>RODO dla ka\u017cdego \u2013 za niestosowanie przepis\u00f3w o ochronie danych osobowych zap\u0142aci i bloger, i Facebook<\/strong><\/h2>\n<h3><strong>Nowe przepisy o ochronie danych osobowych b\u0119d\u0105 dla bran\u017cy e-mail marketingowej armagedonem czy tylko korekt\u0105 procedur w zarz\u0105dzaniu bazami danych? Interaktywnie.com zapyta\u0142o o to ekspert\u00f3w i wniosek nasuwa si\u0119 taki: te firmy, kt\u00f3re rzetelnie stosowa\u0142y obecne przepisy, powinny g\u0142adko przej\u015b\u0107 zmian\u0119, cho\u0107 zapewne nie bez wysi\u0142ku. Pozosta\u0142e maj\u0105 wiele do zrobienia, albo czekaj\u0105 ich naprawd\u0119 srogie kary.<\/strong><\/h3>\n<p>Zmiany wchodz\u0105 w \u017cycie 25 maja 2018 roku. Po polsku nazywamy je RODO, czyli rozporz\u0105dzenie o ochronie danych osobowych a po angielsku General Data Protection Regulation \u2013 GDPR. Oba skr\u00f3ty funkcjonuj\u0105 r\u00f3wnolegle. Majowa data tylko z pozoru jest odleg\u0142a. Wdro\u017cenie procedur mo\u017ce w niekt\u00f3rych firmach zaj\u0105\u0107 nawet p\u00f3\u0142 roku. Tymczasem jeszcze kilka miesi\u0119cy temu a\u017c 52 proc. polskich firm w og\u00f3le nie s\u0142ysza\u0142o o tej regulacji \u2013 alarmuje adwokat Maciej Marek, Senior Associate w Deloitte Legal&#8230;<\/p>\n<p><strong>Czytaj wi\u0119cej na:<\/strong>\u00a0<a href=\"https:\/\/interaktywnie.com\/biznes\/artykuly\/e-mail-marketing\/rodo-dla-kazdego-za-niestosowanie-przepisow-o-ochronie-danych-osobowych-zaplaci-i-bloger-i-facebook-256182?utm_source=feedburner&amp;utm_medium=feed&amp;utm_campaign=Feed%3A+Interaktywnie+%28Interaktywnie.com%29\" target=\"_blank\" rel=\"noopener\">https:\/\/interaktywnie.com<\/a><\/p>\n<h2><strong>Polskie start-upy maj\u0105 problem z finansowaniem<\/strong><\/h2>\n<h3><strong>Od kilku lat Polska awansuje w rankingach innowacyjno\u015bci. Na tle s\u0105siad\u00f3w z regionu Europy \u015arodkowo-Wschodniej wypada dobrze, cho\u0107 wiele do nadrobienia ma jeszcze w obszarze bada\u0144 i rozwoju. Wydatki na ten cel wprawdzie rosn\u0105, ale zbyt wolno. Problemem jest te\u017c dost\u0119p start-up\u00f3w do finansowania. To w\u0142a\u015bnie wsparciu innowacyjnych mikrofirm s\u0142u\u017cy\u0107 ma konkurs Laur Innowacyjno\u015bci, kt\u00f3rego 7. edycja zako\u0144czy si\u0119 15 pa\u017adziernika.<\/strong><\/h3>\n<blockquote><p>\u2013 Innowacyjno\u015b\u0107 jest szczeg\u00f3lnie wa\u017cna dla gospodarek pa\u0144stw takich jak Polska, poniewa\u017c dzi\u0119ki niej mo\u017cna si\u0119 dalej rozwija\u0107. Mamy obecnie przemys\u0142 4.0, a innowacyjno\u015b\u0107 \u2013 kt\u00f3ra jest po\u0142\u0105czeniem cz\u0142owieka z maszynami \u2013 jest kluczowa, aby\u015bmy wyprzedzali innych i stali si\u0119 lokomotyw\u0105, kt\u00f3ra b\u0119dzie ci\u0105gn\u0119\u0142a nasz ca\u0142y region do przodu \u2013 m\u00f3wi agencji informacyjnej Newseria Biznes Tomasz Karwat, prezes Zespo\u0142u Us\u0142ug Technicznych NOT&#8230;<\/p><\/blockquote>\n<blockquote class=\"wp-embedded-content\" data-secret=\"PheY3odVqu\"><p><a href=\"https:\/\/mambiznes.pl\/wlasny-biznes\/polskie-start-upy-maja-problem-finansowaniem-78097\">Polskie start-upy maj\u0105 problem z finansowaniem<\/a><\/p><\/blockquote>\n<p><iframe loading=\"lazy\" class=\"wp-embedded-content\" sandbox=\"allow-scripts\" security=\"restricted\" style=\"position: absolute; clip: rect(1px, 1px, 1px, 1px);\" title=\"&#8222;Polskie start-upy maj\u0105 problem z finansowaniem&#8221; &#8212; MamBiznes.pl\" src=\"https:\/\/mambiznes.pl\/wlasny-biznes\/polskie-start-upy-maja-problem-finansowaniem-78097\/embed#?secret=PheY3odVqu\" data-secret=\"PheY3odVqu\" width=\"600\" height=\"338\" frameborder=\"0\" marginwidth=\"0\" marginheight=\"0\" scrolling=\"no\"><\/iframe><\/p>\n<p><strong>Czytaj wi\u0119cej na:<\/strong>\u00a0https:\/\/mambiznes.pl<\/p>\n<h2><strong>Dok\u0105d Polacy uciekaj\u0105 przed podatkami?<\/strong><\/h2>\n<h3><strong>W ci\u0105gu ostatnich kilku lat Polacy coraz cz\u0119\u015bciej decyduj\u0105 si\u0119 na emigracj\u0119 podatkow\u0105. Obecnie przenosz\u0105 si\u0119 wi\u0119c do innych pa\u0144stw nie tylko za prac\u0105, wy\u017csz\u0105 pensj\u0105 oraz perspektywami na lepsze \u017cycie, ale r\u00f3wnie\u017c w celu optymalizacji obci\u0105\u017ce\u0144 podatkowych nak\u0142adanych na nich w Polsce.<\/strong><\/h3>\n<h3>Standardy CFC oraz CRS \u201estraszakiem\u201d na polskich podatnik\u00f3w<\/h3>\n<p>Przepisy CFC zosta\u0142y wprowadzone na pocz\u0105tku 2015 r. przede wszystkim w celu zwalczania nadu\u017cy\u0107 podatkowych, kt\u00f3re polegaj\u0105 na wykazywaniu dochodu generowanego z dzia\u0142alno\u015bci prowadzonej w danym kraju jako dochodu podmiot\u00f3w podlegaj\u0105cych jurysdykcji podatkowej pa\u0144stw stosuj\u0105cych preferencyjne zasady opodatkowania. Za takie podmioty uznaje si\u0119 te dzia\u0142aj\u0105ce nie tylko w tzw. rajach podatkowych, ale r\u00f3wnie\u017c w pa\u0144stwach, kt\u00f3re stosuj\u0105 korzystniejsze regu\u0142y opodatkowania ni\u017c Polska&#8230;<\/p>\n<blockquote class=\"wp-embedded-content\" data-secret=\"YEDr06FvhR\"><p><a href=\"https:\/\/mambiznes.pl\/wlasny-biznes\/dokad-polacy-uciekaja-podatkami-78177\">Dok\u0105d Polacy uciekaj\u0105 przed podatkami?<\/a><\/p><\/blockquote>\n<p><iframe loading=\"lazy\" class=\"wp-embedded-content\" sandbox=\"allow-scripts\" security=\"restricted\" style=\"position: absolute; clip: rect(1px, 1px, 1px, 1px);\" title=\"&#8222;Dok\u0105d Polacy uciekaj\u0105 przed podatkami?&#8221; &#8212; MamBiznes.pl\" src=\"https:\/\/mambiznes.pl\/wlasny-biznes\/dokad-polacy-uciekaja-podatkami-78177\/embed#?secret=YEDr06FvhR\" data-secret=\"YEDr06FvhR\" width=\"600\" height=\"338\" frameborder=\"0\" marginwidth=\"0\" marginheight=\"0\" scrolling=\"no\"><\/iframe><\/p>\n<p><strong>Czytaj wi\u0119cej na:<\/strong>\u00a0https:\/\/mambiznes.pl<\/p>\n<h2 class=\"newsTitle\"><strong>Amazon na celowniku Komisji Europejskiej. Musi odda\u0107 250 milion\u00f3w euro<\/strong><\/h2>\n<p><strong>\u015aledztwo w sprawie Amazona trwa\u0142o od 2014 roku, a w tym czasie Komisja pr\u00f3bowa\u0142a ustali\u0107, czy w\u0142adze Luksemburga nie faworyzowa\u0142y giganta, pozwalaj\u0105c mu na p\u0142acenie podatk\u00f3w mniejszych ni\u017c obowi\u0105zuj\u0105 inne sp\u00f3\u0142ki. W prawie Unii Europejskiej to niedozwolone praktyki, poniewa\u017c stawiaj\u0105 jedn\u0105 firm\u0105 w uprzywilejowanej pozycji.<\/strong><\/p>\n<p>Margrethe Vestager, komisarz odpowiedzialna za polityk\u0119 konkurencji, orzek\u0142a, \u017ce Amazon otrzyma\u0142 tak\u0105 pomoc i teraz powinien zap\u0142aci\u0107 ponad 250 milion\u00f3w Euro zaleg\u0142ych podatk\u00f3w<strong>&#8230;<\/strong><\/p>\n<p><strong>Czytaj wi\u0119cej na:<\/strong>\u00a0<a href=\"https:\/\/interaktywnie.com\/biznes\/newsy\/biznes\/amazon-na-celowniku-komisji-europejskiej-musi-oddac-250-milionow-euro-256200?utm_source=feedburner&amp;utm_medium=feed&amp;utm_campaign=Feed%3A+Interaktywnie+%28Interaktywnie.com%29\" target=\"_blank\" rel=\"noopener\">https:\/\/interaktywnie.com<\/a><\/p>\n<h2><strong>Prezydent: chcia\u0142bym pom\u00f3c polskim start-upom<\/strong><\/h2>\n<h3><strong>Wierz\u0119, \u017ce dzisiejsze spotkanie w Pa\u0142acu Prezydenckim przyczyni si\u0119 do zawarcia przez start-upy kolejnych kontrakt\u00f3w \u2013 m\u00f3wi\u0142 w \u015brod\u0119 prezydent Andrzej Duda. Kontrakty, doda\u0142, dzi\u0119ki kt\u00f3rym \u201em\u0142odzi ludzie b\u0119d\u0105 mieli fundusze, by rozwija\u0107 swoje pomys\u0142y, tworzy\u0107 nowe innowacyjne rozwi\u0105zania i budowa\u0107 nowe innowacyjne przedsi\u0119wzi\u0119cia\u201d.<\/strong><\/h3>\n<h3>Prezydent wzi\u0105\u0142 w \u015brod\u0119 udzia\u0142 w spotkaniu \u201eStart-upy w Pa\u0142acu \u2013 Globalnie\u201d.<\/h3>\n<blockquote><p>\u201eNiekt\u00f3rzy ekonomi\u015bci m\u00f3wi\u0105, \u017ce doszli\u015bmy do takiego specyficznego momentu w rozwoju gospodarczym, \u017ce rynek pracy zaczyna poszukiwa\u0107 pracownika, a nie jak do tej pory, \u017ce pracownik poszukiwa\u0142 pracodawcy\u201d \u2013 zwraca\u0142 uwag\u0119&#8230;<\/p><\/blockquote>\n<blockquote class=\"wp-embedded-content\" data-secret=\"EIhGRV7RRM\"><p><a href=\"https:\/\/mambiznes.pl\/wlasny-biznes\/prezydent-chcialbym-pomoc-polskim-start-upom-78216\">Prezydent: chcia\u0142bym pom\u00f3c polskim start-upom<\/a><\/p><\/blockquote>\n<p><iframe loading=\"lazy\" class=\"wp-embedded-content\" sandbox=\"allow-scripts\" security=\"restricted\" style=\"position: absolute; clip: rect(1px, 1px, 1px, 1px);\" title=\"&#8222;Prezydent: chcia\u0142bym pom\u00f3c polskim start-upom&#8221; &#8212; MamBiznes.pl\" src=\"https:\/\/mambiznes.pl\/wlasny-biznes\/prezydent-chcialbym-pomoc-polskim-start-upom-78216\/embed#?secret=EIhGRV7RRM\" data-secret=\"EIhGRV7RRM\" width=\"600\" height=\"338\" frameborder=\"0\" marginwidth=\"0\" marginheight=\"0\" scrolling=\"no\"><\/iframe><\/p>\n<p><strong>Czytaj wi\u0119cej na:<\/strong>\u00a0https:\/\/mambiznes.pl<\/p>\n<h2><strong>Dlaczego Polacy zak\u0142adaj\u0105 firmy za granic\u0105?<\/strong><\/h2>\n<h3><strong>Polacy otwieraj\u0105 firmy za granic\u0105 z powodu ni\u017cszego poziomu biurokracji i przejrzystego prawodawstwa w innych krajach \u2013 taki pow\u00f3d za\u0142o\u017cenia firmy poza Polsk\u0105 zadeklarowa\u0142o 57,8% przedsi\u0119biorc\u00f3w w badaniu przeprowadzonym przez mi\u0119dzynarodow\u0105 kancelari\u0119 podatkow\u0105 Admiral Tax. Oto dlaczego Polacy decyduj\u0105 si\u0119 na emigracj\u0119 kapita\u0142ow\u0105.<\/strong><\/h3>\n<p>Jako pow\u00f3d za\u0142o\u017cenia firmy za granic\u0105 ankietowani wymieniali tak\u017ce: ni\u017csze podatki i obci\u0105\u017cenia fiskalne (32.1%) oraz lepsze warunki rozwoju dla firmy (9%)&#8230;<\/p>\n<blockquote class=\"wp-embedded-content\" data-secret=\"hjYUA8Bqda\"><p><a href=\"https:\/\/mambiznes.pl\/wlasny-biznes\/dlaczego-polacy-zakladaja-firmy-granica-78234\">Dlaczego Polacy zak\u0142adaj\u0105 firmy za granic\u0105?<\/a><\/p><\/blockquote>\n<p><iframe loading=\"lazy\" class=\"wp-embedded-content\" sandbox=\"allow-scripts\" security=\"restricted\" style=\"position: absolute; clip: rect(1px, 1px, 1px, 1px);\" title=\"&#8222;Dlaczego Polacy zak\u0142adaj\u0105 firmy za granic\u0105?&#8221; &#8212; MamBiznes.pl\" src=\"https:\/\/mambiznes.pl\/wlasny-biznes\/dlaczego-polacy-zakladaja-firmy-granica-78234\/embed#?secret=hjYUA8Bqda\" data-secret=\"hjYUA8Bqda\" width=\"600\" height=\"338\" frameborder=\"0\" marginwidth=\"0\" marginheight=\"0\" scrolling=\"no\"><\/iframe><\/p>\n<p><strong>Czytaj wi\u0119cej na:<\/strong>\u00a0https:\/\/mambiznes.pl<\/p>\n","protected":false},"excerpt":{"rendered":"<p>RODO dla ka\u017cdego \u2013 za niestosowanie przepis\u00f3w o ochronie danych osobowych zap\u0142aci i bloger, i Facebook Nowe przepisy o ochronie danych osobowych b\u0119d\u0105 dla bran\u017cy e-mail marketingowej armagedonem czy tylko korekt\u0105 procedur w zarz\u0105dzaniu bazami danych? Interaktywnie.com zapyta\u0142o o to ekspert\u00f3w i wniosek nasuwa si\u0119 taki: te firmy, kt\u00f3re rzetelnie stosowa\u0142y obecne przepisy, powinny g\u0142adko &hellip;<\/p>\n","protected":false},"author":1,"featured_media":353686,"comment_status":"open","ping_status":"closed","sticky":false,"template":"","format":"standard","meta":{"footnotes":""},"categories":[1294],"tags":[2544,2617,2615,2259,2614,2616,1542,1435],"class_list":["post-353685","post","type-post","status-publish","format-standard","has-post-thumbnail","","category-prawo","tag-amazon","tag-finansowanie","tag-firma-za-granica","tag-podatki","tag-polacy","tag-prezydent","tag-rodo","tag-startup"],"yoast_head":"<!-- This site is optimized with the Yoast SEO plugin v27.5 - https:\/\/yoast.com\/product\/yoast-seo-wordpress\/ -->\n<title>RODO, nie ominie blogera i Facebooka. Startupy w Polsce i problemy z finansowaniem. Ucieknij z podatkami. Amazon zaleg\u0142y podatek 250 milion\u00f3w euro! &#187; Legiobiznes.pl<\/title>\n<meta name=\"description\" content=\"RODO, nie ominie blogera i Facebooka. Startupy w Polsce i problemy z finansowaniem. Ucieknij z podatkami. Amazon zaleg\u0142y podatek 250 milion\u00f3w euro!\" \/>\n<meta name=\"robots\" content=\"index, follow, max-snippet:-1, max-image-preview:large, max-video-preview:-1\" \/>\n<link rel=\"canonical\" href=\"https:\/\/legiobiznes.pl\/I\/rodo-nie-ominie-blogera-i-facebooka-startupy-w-polsce-i-problemy-z-finansowaniem-ucieknij-z-podatkami-amazon-zalegly-podatek-250-milionow-euro\/\" \/>\n<meta property=\"og:locale\" content=\"pl_PL\" \/>\n<meta property=\"og:type\" content=\"article\" \/>\n<meta property=\"og:title\" content=\"RODO, nie ominie blogera i Facebooka. Startupy w Polsce i problemy z finansowaniem. Ucieknij z podatkami. Amazon zaleg\u0142y podatek 250 milion\u00f3w euro! &#187; Legiobiznes.pl\" \/>\n<meta property=\"og:description\" content=\"RODO, nie ominie blogera i Facebooka. Startupy w Polsce i problemy z finansowaniem. Ucieknij z podatkami. Amazon zaleg\u0142y podatek 250 milion\u00f3w euro!\" \/>\n<meta property=\"og:url\" content=\"https:\/\/legiobiznes.pl\/I\/rodo-nie-ominie-blogera-i-facebooka-startupy-w-polsce-i-problemy-z-finansowaniem-ucieknij-z-podatkami-amazon-zalegly-podatek-250-milionow-euro\/\" \/>\n<meta property=\"og:site_name\" content=\"Legiobiznes.pl\" \/>\n<meta property=\"article:publisher\" content=\"https:\/\/www.facebook.com\/LegioBiznes\/\" \/>\n<meta property=\"article:published_time\" content=\"2017-10-06T05:15:28+00:00\" \/>\n<meta property=\"article:modified_time\" content=\"2024-10-08T05:15:23+00:00\" \/>\n<meta property=\"og:image\" content=\"https:\/\/legiobiznes.pl\/I\/wp-content\/uploads\/2017\/10\/logo-1356084_640.jpg\" \/>\n\t<meta property=\"og:image:width\" content=\"640\" \/>\n\t<meta property=\"og:image:height\" content=\"451\" \/>\n\t<meta property=\"og:image:type\" content=\"image\/jpeg\" \/>\n<meta name=\"author\" content=\"Legiobiznes.pl\" \/>\n<meta name=\"twitter:card\" content=\"summary_large_image\" \/>\n<meta name=\"twitter:creator\" content=\"@LegioBiznesPL\" \/>\n<meta name=\"twitter:site\" content=\"@LegioBiznesPL\" \/>\n<meta name=\"twitter:label1\" content=\"Napisane przez\" \/>\n\t<meta name=\"twitter:data1\" content=\"Legiobiznes.pl\" \/>\n\t<meta name=\"twitter:label2\" content=\"Szacowany czas czytania\" \/>\n\t<meta name=\"twitter:data2\" content=\"4 minuty\" \/>\n<script type=\"application\/ld+json\" class=\"yoast-schema-graph\">{\"@context\":\"https:\\\/\\\/schema.org\",\"@graph\":[{\"@type\":\"Article\",\"@id\":\"https:\\\/\\\/legiobiznes.pl\\\/I\\\/rodo-nie-ominie-blogera-i-facebooka-startupy-w-polsce-i-problemy-z-finansowaniem-ucieknij-z-podatkami-amazon-zalegly-podatek-250-milionow-euro\\\/#article\",\"isPartOf\":{\"@id\":\"https:\\\/\\\/legiobiznes.pl\\\/I\\\/rodo-nie-ominie-blogera-i-facebooka-startupy-w-polsce-i-problemy-z-finansowaniem-ucieknij-z-podatkami-amazon-zalegly-podatek-250-milionow-euro\\\/\"},\"author\":{\"name\":\"Legiobiznes.pl\",\"@id\":\"https:\\\/\\\/legiobiznes.pl\\\/I\\\/#\\\/schema\\\/person\\\/33c4505a5d28a7c944baf038996052d4\"},\"headline\":\"RODO, nie ominie blogera i Facebooka. Startupy w Polsce i problemy z finansowaniem. Ucieknij z podatkami. Amazon zaleg\u0142y podatek 250 milion\u00f3w euro!\",\"datePublished\":\"2017-10-06T05:15:28+00:00\",\"dateModified\":\"2024-10-08T05:15:23+00:00\",\"mainEntityOfPage\":{\"@id\":\"https:\\\/\\\/legiobiznes.pl\\\/I\\\/rodo-nie-ominie-blogera-i-facebooka-startupy-w-polsce-i-problemy-z-finansowaniem-ucieknij-z-podatkami-amazon-zalegly-podatek-250-milionow-euro\\\/\"},\"wordCount\":829,\"commentCount\":0,\"publisher\":{\"@id\":\"https:\\\/\\\/legiobiznes.pl\\\/I\\\/#organization\"},\"image\":{\"@id\":\"https:\\\/\\\/legiobiznes.pl\\\/I\\\/rodo-nie-ominie-blogera-i-facebooka-startupy-w-polsce-i-problemy-z-finansowaniem-ucieknij-z-podatkami-amazon-zalegly-podatek-250-milionow-euro\\\/#primaryimage\"},\"thumbnailUrl\":\"https:\\\/\\\/legiobiznes.pl\\\/I\\\/wp-content\\\/uploads\\\/2017\\\/10\\\/logo-1356084_640.jpg\",\"keywords\":[\"Amazon\",\"finansowanie\",\"firma za granic\u0105\",\"podatki\",\"Polacy\",\"Prezydent\",\"RODO\",\"startup\"],\"articleSection\":[\"Prawo\"],\"inLanguage\":\"pl-PL\",\"potentialAction\":[{\"@type\":\"CommentAction\",\"name\":\"Comment\",\"target\":[\"https:\\\/\\\/legiobiznes.pl\\\/I\\\/rodo-nie-ominie-blogera-i-facebooka-startupy-w-polsce-i-problemy-z-finansowaniem-ucieknij-z-podatkami-amazon-zalegly-podatek-250-milionow-euro\\\/#respond\"]}]},{\"@type\":\"WebPage\",\"@id\":\"https:\\\/\\\/legiobiznes.pl\\\/I\\\/rodo-nie-ominie-blogera-i-facebooka-startupy-w-polsce-i-problemy-z-finansowaniem-ucieknij-z-podatkami-amazon-zalegly-podatek-250-milionow-euro\\\/\",\"url\":\"https:\\\/\\\/legiobiznes.pl\\\/I\\\/rodo-nie-ominie-blogera-i-facebooka-startupy-w-polsce-i-problemy-z-finansowaniem-ucieknij-z-podatkami-amazon-zalegly-podatek-250-milionow-euro\\\/\",\"name\":\"RODO, nie ominie blogera i Facebooka. Startupy w Polsce i problemy z finansowaniem. Ucieknij z podatkami. Amazon zaleg\u0142y podatek 250 milion\u00f3w euro! &#187; Legiobiznes.pl\",\"isPartOf\":{\"@id\":\"https:\\\/\\\/legiobiznes.pl\\\/I\\\/#website\"},\"primaryImageOfPage\":{\"@id\":\"https:\\\/\\\/legiobiznes.pl\\\/I\\\/rodo-nie-ominie-blogera-i-facebooka-startupy-w-polsce-i-problemy-z-finansowaniem-ucieknij-z-podatkami-amazon-zalegly-podatek-250-milionow-euro\\\/#primaryimage\"},\"image\":{\"@id\":\"https:\\\/\\\/legiobiznes.pl\\\/I\\\/rodo-nie-ominie-blogera-i-facebooka-startupy-w-polsce-i-problemy-z-finansowaniem-ucieknij-z-podatkami-amazon-zalegly-podatek-250-milionow-euro\\\/#primaryimage\"},\"thumbnailUrl\":\"https:\\\/\\\/legiobiznes.pl\\\/I\\\/wp-content\\\/uploads\\\/2017\\\/10\\\/logo-1356084_640.jpg\",\"datePublished\":\"2017-10-06T05:15:28+00:00\",\"dateModified\":\"2024-10-08T05:15:23+00:00\",\"description\":\"RODO, nie ominie blogera i Facebooka. Startupy w Polsce i problemy z finansowaniem. Ucieknij z podatkami. Amazon zaleg\u0142y podatek 250 milion\u00f3w euro!\",\"breadcrumb\":{\"@id\":\"https:\\\/\\\/legiobiznes.pl\\\/I\\\/rodo-nie-ominie-blogera-i-facebooka-startupy-w-polsce-i-problemy-z-finansowaniem-ucieknij-z-podatkami-amazon-zalegly-podatek-250-milionow-euro\\\/#breadcrumb\"},\"inLanguage\":\"pl-PL\",\"potentialAction\":[{\"@type\":\"ReadAction\",\"target\":[\"https:\\\/\\\/legiobiznes.pl\\\/I\\\/rodo-nie-ominie-blogera-i-facebooka-startupy-w-polsce-i-problemy-z-finansowaniem-ucieknij-z-podatkami-amazon-zalegly-podatek-250-milionow-euro\\\/\"]}]},{\"@type\":\"ImageObject\",\"inLanguage\":\"pl-PL\",\"@id\":\"https:\\\/\\\/legiobiznes.pl\\\/I\\\/rodo-nie-ominie-blogera-i-facebooka-startupy-w-polsce-i-problemy-z-finansowaniem-ucieknij-z-podatkami-amazon-zalegly-podatek-250-milionow-euro\\\/#primaryimage\",\"url\":\"https:\\\/\\\/legiobiznes.pl\\\/I\\\/wp-content\\\/uploads\\\/2017\\\/10\\\/logo-1356084_640.jpg\",\"contentUrl\":\"https:\\\/\\\/legiobiznes.pl\\\/I\\\/wp-content\\\/uploads\\\/2017\\\/10\\\/logo-1356084_640.jpg\",\"width\":640,\"height\":451},{\"@type\":\"BreadcrumbList\",\"@id\":\"https:\\\/\\\/legiobiznes.pl\\\/I\\\/rodo-nie-ominie-blogera-i-facebooka-startupy-w-polsce-i-problemy-z-finansowaniem-ucieknij-z-podatkami-amazon-zalegly-podatek-250-milionow-euro\\\/#breadcrumb\",\"itemListElement\":[{\"@type\":\"ListItem\",\"position\":1,\"name\":\"Strona g\u0142\u00f3wna\",\"item\":\"https:\\\/\\\/legiobiznes.pl\\\/I\\\/\"},{\"@type\":\"ListItem\",\"position\":2,\"name\":\"RODO, nie ominie blogera i Facebooka. Startupy w Polsce i problemy z finansowaniem. Ucieknij z podatkami. Amazon zaleg\u0142y podatek 250 milion\u00f3w euro!\"}]},{\"@type\":\"WebSite\",\"@id\":\"https:\\\/\\\/legiobiznes.pl\\\/I\\\/#website\",\"url\":\"https:\\\/\\\/legiobiznes.pl\\\/I\\\/\",\"name\":\"Legiobiznes.pl\",\"description\":\"Kryptowaluty, Bezpiecze\u0144stwo IT, E-biznes | LegioBiznes.PL\",\"publisher\":{\"@id\":\"https:\\\/\\\/legiobiznes.pl\\\/I\\\/#organization\"},\"potentialAction\":[{\"@type\":\"SearchAction\",\"target\":{\"@type\":\"EntryPoint\",\"urlTemplate\":\"https:\\\/\\\/legiobiznes.pl\\\/I\\\/?s={search_term_string}\"},\"query-input\":{\"@type\":\"PropertyValueSpecification\",\"valueRequired\":true,\"valueName\":\"search_term_string\"}}],\"inLanguage\":\"pl-PL\"},{\"@type\":\"Organization\",\"@id\":\"https:\\\/\\\/legiobiznes.pl\\\/I\\\/#organization\",\"name\":\"LegioBiznes.PL\",\"url\":\"https:\\\/\\\/legiobiznes.pl\\\/I\\\/\",\"logo\":{\"@type\":\"ImageObject\",\"inLanguage\":\"pl-PL\",\"@id\":\"https:\\\/\\\/legiobiznes.pl\\\/I\\\/#\\\/schema\\\/logo\\\/image\\\/\",\"url\":\"https:\\\/\\\/legiobiznes.pl\\\/I\\\/wp-content\\\/uploads\\\/2017\\\/08\\\/legiobiznespl-logo2-e1503834302371.png\",\"contentUrl\":\"https:\\\/\\\/legiobiznes.pl\\\/I\\\/wp-content\\\/uploads\\\/2017\\\/08\\\/legiobiznespl-logo2-e1503834302371.png\",\"width\":180,\"height\":76,\"caption\":\"LegioBiznes.PL\"},\"image\":{\"@id\":\"https:\\\/\\\/legiobiznes.pl\\\/I\\\/#\\\/schema\\\/logo\\\/image\\\/\"},\"sameAs\":[\"https:\\\/\\\/www.facebook.com\\\/LegioBiznes\\\/\",\"https:\\\/\\\/x.com\\\/LegioBiznesPL\",\"https:\\\/\\\/www.youtube.com\\\/channel\\\/UCEhszB39vxk96yIXD-jOORw\"]},{\"@type\":\"Person\",\"@id\":\"https:\\\/\\\/legiobiznes.pl\\\/I\\\/#\\\/schema\\\/person\\\/33c4505a5d28a7c944baf038996052d4\",\"name\":\"Legiobiznes.pl\",\"image\":{\"@type\":\"ImageObject\",\"inLanguage\":\"pl-PL\",\"@id\":\"https:\\\/\\\/legiobiznes.pl\\\/I\\\/wp-content\\\/uploads\\\/2019\\\/07\\\/favicon-Legiobiznes-150x150.png\",\"url\":\"https:\\\/\\\/legiobiznes.pl\\\/I\\\/wp-content\\\/uploads\\\/2019\\\/07\\\/favicon-Legiobiznes-150x150.png\",\"contentUrl\":\"https:\\\/\\\/legiobiznes.pl\\\/I\\\/wp-content\\\/uploads\\\/2019\\\/07\\\/favicon-Legiobiznes-150x150.png\",\"caption\":\"Legiobiznes.pl\"},\"description\":\"Budowa i tworzenie profesjonalnych, responsywnych (RWD) stron www. Pozycjonowanie SEO, sklepy internetowe eSklep...\",\"url\":\"https:\\\/\\\/legiobiznes.pl\\\/I\\\/author\\\/boss\\\/\"}]}<\/script>\n<!-- \/ Yoast SEO plugin. -->","yoast_head_json":{"title":"RODO, nie ominie blogera i Facebooka. Startupy w Polsce i problemy z finansowaniem. Ucieknij z podatkami. Amazon zaleg\u0142y podatek 250 milion\u00f3w euro! &#187; Legiobiznes.pl","description":"RODO, nie ominie blogera i Facebooka. Startupy w Polsce i problemy z finansowaniem. Ucieknij z podatkami. Amazon zaleg\u0142y podatek 250 milion\u00f3w euro!","robots":{"index":"index","follow":"follow","max-snippet":"max-snippet:-1","max-image-preview":"max-image-preview:large","max-video-preview":"max-video-preview:-1"},"canonical":"https:\/\/legiobiznes.pl\/I\/rodo-nie-ominie-blogera-i-facebooka-startupy-w-polsce-i-problemy-z-finansowaniem-ucieknij-z-podatkami-amazon-zalegly-podatek-250-milionow-euro\/","og_locale":"pl_PL","og_type":"article","og_title":"RODO, nie ominie blogera i Facebooka. Startupy w Polsce i problemy z finansowaniem. Ucieknij z podatkami. Amazon zaleg\u0142y podatek 250 milion\u00f3w euro! &#187; Legiobiznes.pl","og_description":"RODO, nie ominie blogera i Facebooka. Startupy w Polsce i problemy z finansowaniem. Ucieknij z podatkami. Amazon zaleg\u0142y podatek 250 milion\u00f3w euro!","og_url":"https:\/\/legiobiznes.pl\/I\/rodo-nie-ominie-blogera-i-facebooka-startupy-w-polsce-i-problemy-z-finansowaniem-ucieknij-z-podatkami-amazon-zalegly-podatek-250-milionow-euro\/","og_site_name":"Legiobiznes.pl","article_publisher":"https:\/\/www.facebook.com\/LegioBiznes\/","article_published_time":"2017-10-06T05:15:28+00:00","article_modified_time":"2024-10-08T05:15:23+00:00","og_image":[{"width":640,"height":451,"url":"https:\/\/legiobiznes.pl\/I\/wp-content\/uploads\/2017\/10\/logo-1356084_640.jpg","type":"image\/jpeg"}],"author":"Legiobiznes.pl","twitter_card":"summary_large_image","twitter_creator":"@LegioBiznesPL","twitter_site":"@LegioBiznesPL","twitter_misc":{"Napisane przez":"Legiobiznes.pl","Szacowany czas czytania":"4 minuty"},"schema":{"@context":"https:\/\/schema.org","@graph":[{"@type":"Article","@id":"https:\/\/legiobiznes.pl\/I\/rodo-nie-ominie-blogera-i-facebooka-startupy-w-polsce-i-problemy-z-finansowaniem-ucieknij-z-podatkami-amazon-zalegly-podatek-250-milionow-euro\/#article","isPartOf":{"@id":"https:\/\/legiobiznes.pl\/I\/rodo-nie-ominie-blogera-i-facebooka-startupy-w-polsce-i-problemy-z-finansowaniem-ucieknij-z-podatkami-amazon-zalegly-podatek-250-milionow-euro\/"},"author":{"name":"Legiobiznes.pl","@id":"https:\/\/legiobiznes.pl\/I\/#\/schema\/person\/33c4505a5d28a7c944baf038996052d4"},"headline":"RODO, nie ominie blogera i Facebooka. Startupy w Polsce i problemy z finansowaniem. Ucieknij z podatkami. Amazon zaleg\u0142y podatek 250 milion\u00f3w euro!","datePublished":"2017-10-06T05:15:28+00:00","dateModified":"2024-10-08T05:15:23+00:00","mainEntityOfPage":{"@id":"https:\/\/legiobiznes.pl\/I\/rodo-nie-ominie-blogera-i-facebooka-startupy-w-polsce-i-problemy-z-finansowaniem-ucieknij-z-podatkami-amazon-zalegly-podatek-250-milionow-euro\/"},"wordCount":829,"commentCount":0,"publisher":{"@id":"https:\/\/legiobiznes.pl\/I\/#organization"},"image":{"@id":"https:\/\/legiobiznes.pl\/I\/rodo-nie-ominie-blogera-i-facebooka-startupy-w-polsce-i-problemy-z-finansowaniem-ucieknij-z-podatkami-amazon-zalegly-podatek-250-milionow-euro\/#primaryimage"},"thumbnailUrl":"https:\/\/legiobiznes.pl\/I\/wp-content\/uploads\/2017\/10\/logo-1356084_640.jpg","keywords":["Amazon","finansowanie","firma za granic\u0105","podatki","Polacy","Prezydent","RODO","startup"],"articleSection":["Prawo"],"inLanguage":"pl-PL","potentialAction":[{"@type":"CommentAction","name":"Comment","target":["https:\/\/legiobiznes.pl\/I\/rodo-nie-ominie-blogera-i-facebooka-startupy-w-polsce-i-problemy-z-finansowaniem-ucieknij-z-podatkami-amazon-zalegly-podatek-250-milionow-euro\/#respond"]}]},{"@type":"WebPage","@id":"https:\/\/legiobiznes.pl\/I\/rodo-nie-ominie-blogera-i-facebooka-startupy-w-polsce-i-problemy-z-finansowaniem-ucieknij-z-podatkami-amazon-zalegly-podatek-250-milionow-euro\/","url":"https:\/\/legiobiznes.pl\/I\/rodo-nie-ominie-blogera-i-facebooka-startupy-w-polsce-i-problemy-z-finansowaniem-ucieknij-z-podatkami-amazon-zalegly-podatek-250-milionow-euro\/","name":"RODO, nie ominie blogera i Facebooka. Startupy w Polsce i problemy z finansowaniem. Ucieknij z podatkami. Amazon zaleg\u0142y podatek 250 milion\u00f3w euro! &#187; Legiobiznes.pl","isPartOf":{"@id":"https:\/\/legiobiznes.pl\/I\/#website"},"primaryImageOfPage":{"@id":"https:\/\/legiobiznes.pl\/I\/rodo-nie-ominie-blogera-i-facebooka-startupy-w-polsce-i-problemy-z-finansowaniem-ucieknij-z-podatkami-amazon-zalegly-podatek-250-milionow-euro\/#primaryimage"},"image":{"@id":"https:\/\/legiobiznes.pl\/I\/rodo-nie-ominie-blogera-i-facebooka-startupy-w-polsce-i-problemy-z-finansowaniem-ucieknij-z-podatkami-amazon-zalegly-podatek-250-milionow-euro\/#primaryimage"},"thumbnailUrl":"https:\/\/legiobiznes.pl\/I\/wp-content\/uploads\/2017\/10\/logo-1356084_640.jpg","datePublished":"2017-10-06T05:15:28+00:00","dateModified":"2024-10-08T05:15:23+00:00","description":"RODO, nie ominie blogera i Facebooka. Startupy w Polsce i problemy z finansowaniem. Ucieknij z podatkami. Amazon zaleg\u0142y podatek 250 milion\u00f3w euro!","breadcrumb":{"@id":"https:\/\/legiobiznes.pl\/I\/rodo-nie-ominie-blogera-i-facebooka-startupy-w-polsce-i-problemy-z-finansowaniem-ucieknij-z-podatkami-amazon-zalegly-podatek-250-milionow-euro\/#breadcrumb"},"inLanguage":"pl-PL","potentialAction":[{"@type":"ReadAction","target":["https:\/\/legiobiznes.pl\/I\/rodo-nie-ominie-blogera-i-facebooka-startupy-w-polsce-i-problemy-z-finansowaniem-ucieknij-z-podatkami-amazon-zalegly-podatek-250-milionow-euro\/"]}]},{"@type":"ImageObject","inLanguage":"pl-PL","@id":"https:\/\/legiobiznes.pl\/I\/rodo-nie-ominie-blogera-i-facebooka-startupy-w-polsce-i-problemy-z-finansowaniem-ucieknij-z-podatkami-amazon-zalegly-podatek-250-milionow-euro\/#primaryimage","url":"https:\/\/legiobiznes.pl\/I\/wp-content\/uploads\/2017\/10\/logo-1356084_640.jpg","contentUrl":"https:\/\/legiobiznes.pl\/I\/wp-content\/uploads\/2017\/10\/logo-1356084_640.jpg","width":640,"height":451},{"@type":"BreadcrumbList","@id":"https:\/\/legiobiznes.pl\/I\/rodo-nie-ominie-blogera-i-facebooka-startupy-w-polsce-i-problemy-z-finansowaniem-ucieknij-z-podatkami-amazon-zalegly-podatek-250-milionow-euro\/#breadcrumb","itemListElement":[{"@type":"ListItem","position":1,"name":"Strona g\u0142\u00f3wna","item":"https:\/\/legiobiznes.pl\/I\/"},{"@type":"ListItem","position":2,"name":"RODO, nie ominie blogera i Facebooka. Startupy w Polsce i problemy z finansowaniem. Ucieknij z podatkami. Amazon zaleg\u0142y podatek 250 milion\u00f3w euro!"}]},{"@type":"WebSite","@id":"https:\/\/legiobiznes.pl\/I\/#website","url":"https:\/\/legiobiznes.pl\/I\/","name":"Legiobiznes.pl","description":"Kryptowaluty, Bezpiecze\u0144stwo IT, E-biznes | LegioBiznes.PL","publisher":{"@id":"https:\/\/legiobiznes.pl\/I\/#organization"},"potentialAction":[{"@type":"SearchAction","target":{"@type":"EntryPoint","urlTemplate":"https:\/\/legiobiznes.pl\/I\/?s={search_term_string}"},"query-input":{"@type":"PropertyValueSpecification","valueRequired":true,"valueName":"search_term_string"}}],"inLanguage":"pl-PL"},{"@type":"Organization","@id":"https:\/\/legiobiznes.pl\/I\/#organization","name":"LegioBiznes.PL","url":"https:\/\/legiobiznes.pl\/I\/","logo":{"@type":"ImageObject","inLanguage":"pl-PL","@id":"https:\/\/legiobiznes.pl\/I\/#\/schema\/logo\/image\/","url":"https:\/\/legiobiznes.pl\/I\/wp-content\/uploads\/2017\/08\/legiobiznespl-logo2-e1503834302371.png","contentUrl":"https:\/\/legiobiznes.pl\/I\/wp-content\/uploads\/2017\/08\/legiobiznespl-logo2-e1503834302371.png","width":180,"height":76,"caption":"LegioBiznes.PL"},"image":{"@id":"https:\/\/legiobiznes.pl\/I\/#\/schema\/logo\/image\/"},"sameAs":["https:\/\/www.facebook.com\/LegioBiznes\/","https:\/\/x.com\/LegioBiznesPL","https:\/\/www.youtube.com\/channel\/UCEhszB39vxk96yIXD-jOORw"]},{"@type":"Person","@id":"https:\/\/legiobiznes.pl\/I\/#\/schema\/person\/33c4505a5d28a7c944baf038996052d4","name":"Legiobiznes.pl","image":{"@type":"ImageObject","inLanguage":"pl-PL","@id":"https:\/\/legiobiznes.pl\/I\/wp-content\/uploads\/2019\/07\/favicon-Legiobiznes-150x150.png","url":"https:\/\/legiobiznes.pl\/I\/wp-content\/uploads\/2019\/07\/favicon-Legiobiznes-150x150.png","contentUrl":"https:\/\/legiobiznes.pl\/I\/wp-content\/uploads\/2019\/07\/favicon-Legiobiznes-150x150.png","caption":"Legiobiznes.pl"},"description":"Budowa i tworzenie profesjonalnych, responsywnych (RWD) stron www. Pozycjonowanie SEO, sklepy internetowe eSklep...","url":"https:\/\/legiobiznes.pl\/I\/author\/boss\/"}]}},"_links":{"self":[{"href":"https:\/\/legiobiznes.pl\/I\/wp-json\/wp\/v2\/posts\/353685","targetHints":{"allow":["GET"]}}],"collection":[{"href":"https:\/\/legiobiznes.pl\/I\/wp-json\/wp\/v2\/posts"}],"about":[{"href":"https:\/\/legiobiznes.pl\/I\/wp-json\/wp\/v2\/types\/post"}],"author":[{"embeddable":true,"href":"https:\/\/legiobiznes.pl\/I\/wp-json\/wp\/v2\/users\/1"}],"replies":[{"embeddable":true,"href":"https:\/\/legiobiznes.pl\/I\/wp-json\/wp\/v2\/comments?post=353685"}],"version-history":[{"count":4,"href":"https:\/\/legiobiznes.pl\/I\/wp-json\/wp\/v2\/posts\/353685\/revisions"}],"predecessor-version":[{"id":1653039,"href":"https:\/\/legiobiznes.pl\/I\/wp-json\/wp\/v2\/posts\/353685\/revisions\/1653039"}],"wp:featuredmedia":[{"embeddable":true,"href":"https:\/\/legiobiznes.pl\/I\/wp-json\/wp\/v2\/media\/353686"}],"wp:attachment":[{"href":"https:\/\/legiobiznes.pl\/I\/wp-json\/wp\/v2\/media?parent=353685"}],"wp:term":[{"taxonomy":"category","embeddable":true,"href":"https:\/\/legiobiznes.pl\/I\/wp-json\/wp\/v2\/categories?post=353685"},{"taxonomy":"post_tag","embeddable":true,"href":"https:\/\/legiobiznes.pl\/I\/wp-json\/wp\/v2\/tags?post=353685"}],"curies":[{"name":"wp","href":"https:\/\/api.w.org\/{rel}","templated":true}]}}