{"id":445424,"date":"2017-12-18T16:33:46","date_gmt":"2017-12-18T14:33:46","guid":{"rendered":"https:\/\/legiobiznes.pl\/I\/?p=445424"},"modified":"2024-10-08T07:15:54","modified_gmt":"2024-10-08T05:15:54","slug":"mlody-przedsiebiorca-zaplaci-0-zl-na-zus-wysokie-kary-rodo-gdpr-uber-z-kasa-fiskalna-swiadczenia-zus-a-kara-wiezienia-e-dokumenty-i-weryfikacja","status":"publish","type":"post","link":"https:\/\/legiobiznes.pl\/I\/mlody-przedsiebiorca-zaplaci-0-zl-na-zus-wysokie-kary-rodo-gdpr-uber-z-kasa-fiskalna-swiadczenia-zus-a-kara-wiezienia-e-dokumenty-i-weryfikacja\/","title":{"rendered":"M\u0142ody przedsi\u0119biorca zap\u0142aci 0 z\u0142 na ZUS. Wysokie kary, RODO (GDPR)! Uber z kas\u0105 fiskaln\u0105! \u015awiadczenia ZUS, a kara wi\u0119zienia! E-dokumenty i weryfikacja"},"content":{"rendered":"<h2><strong>Po za\u0142o\u017ceniu firmy m\u0142ody przedsi\u0119biorca zap\u0142aci 0 z\u0142 na ZUS<\/strong><\/h2>\n<h3><strong>Zamiast 3 lat ni\u017cszego ZUS-u ca\u0142kowite zwolnienie z op\u0142acania przez pierwsze 6 miesi\u0119cy dzia\u0142alno\u015bci gospodarczej? Do Sejmu trafi\u0142 projekt, kt\u00f3ry zak\u0142ada wprowadzenie \u201eulgi na start\u201d zawieraj\u0105cej w\u0142a\u015bnie takie rozwi\u0105zanie.<\/strong><\/h3>\n<p>Niedawno pisali\u015bmy, \u017ce nie b\u0119dzie jednak zapowiadanych wcze\u015bniej przepis\u00f3w, kt\u00f3re wyd\u0142u\u017caj\u0105 do 36 miesi\u0119cy okres p\u0142acenia przez m\u0142odych przedsi\u0119biorc\u00f3w ni\u017cszych sk\u0142adek do Zak\u0142adu Ubezpiecze\u0144 Spo\u0142ecznych. Ten pomys\u0142 lansowany m.in. przez minister pracy El\u017cbiet\u0119 Rafalsk\u0105 upad\u0142, ale inny nabiera bardziej konkretnych kszta\u0142t\u00f3w&#8230;<\/p>\n<p><strong>Wi\u0119cej przeczytasz na:<\/strong>\u00a0https:\/\/mambiznes.pl<\/p>\n<h2><strong>Ma\u0142ym i \u015brednim przedsi\u0119biorstwom gro\u017c\u0105 wysokie kary<\/strong><\/h2>\n<h3><strong>Dostosowanie do nowych przepis\u00f3w o\u00a0ochronie danych osobowych, kt\u00f3re wprowadzi od maja 2018 roku unijna dyrektywa RODO (GDPR), oznacza dla\u00a0firm wielomiesi\u0119czne przygotowania, zar\u00f3wno od strony organizacyjnej, jak i\u00a0technicznej. Zanim nowe przepisy wejd\u0105 w\u00a0\u017cycie, przedsi\u0119biorstwa musz\u0105 dokona\u0107 analizy ryzyka, przeszkoli\u0107 pracownik\u00f3w, wdro\u017cy\u0107 rozwi\u0105zania i\u00a0infrastruktur\u0119 IT, kt\u00f3ra zagwarantuje bezpiecze\u0144stwo danych osobowych oraz\u00a0wymieni\u0107 wi\u0119kszo\u015b\u0107 klauzul i\u00a0formularzy. Na p\u00f3\u0142 roku przed RODO tylko du\u017ce firmy zacz\u0119\u0142y przygotowania do prawnej rewolucji. W\u015br\u00f3d podmiot\u00f3w z\u00a0sektora MSP ich skala jest niewielka.<\/strong><\/h3>\n<p>\u2013 Adaptacja do wymaga\u0144 stawianych przez\u00a0RODO mo\u017ce by\u0107 kosztowna dla\u00a0firm. To zale\u017cy od \u015bwiadomo\u015bci, dojrza\u0142o\u015bci i\u00a0skomplikowania proces\u00f3w biznesowych. Na pewno trzeba b\u0119dzie ponie\u015b\u0107 koszty zwi\u0105zane z\u00a0analiz\u0105 ryzyka, zmianami w\u00a0organizacji czy stworzeniem stanowiska oficera danych osobowych \u2013\u00a0m\u00f3wi agencji informacyjnej Newseria Biznes Przemys\u0142aw Perz, menad\u017cer dzia\u0142u Systemy CRM i\u00a0Integracja w\u00a0Hicron&#8230;<\/p>\n<blockquote class=\"wp-embedded-content\" data-secret=\"USWWFAXsTZ\"><p><a href=\"https:\/\/mambiznes.pl\/wlasny-biznes\/malym-srednim-przedsiebiorstwom-groza-wysokie-kary-80833\">Ma\u0142ym i \u015brednim przedsi\u0119biorstwom gro\u017c\u0105 wysokie kary<\/a><\/p><\/blockquote>\n<p><iframe loading=\"lazy\" class=\"wp-embedded-content\" sandbox=\"allow-scripts\" security=\"restricted\" style=\"position: absolute; clip: rect(1px, 1px, 1px, 1px);\" title=\"&#8222;Ma\u0142ym i \u015brednim przedsi\u0119biorstwom gro\u017c\u0105 wysokie kary&#8221; &#8212; MamBiznes.pl\" src=\"https:\/\/mambiznes.pl\/wlasny-biznes\/malym-srednim-przedsiebiorstwom-groza-wysokie-kary-80833\/embed#?secret=USWWFAXsTZ\" data-secret=\"USWWFAXsTZ\" width=\"600\" height=\"338\" frameborder=\"0\" marginwidth=\"0\" marginheight=\"0\" scrolling=\"no\"><\/iframe><\/p>\n<p><strong>Wi\u0119cej przeczytasz na:<\/strong>\u00a0https:\/\/mambiznes.pl<\/p>\n<h2 class=\"title\"><strong>Uber: p\u0142atno\u015b\u0107 got\u00f3wk\u0105 i kasa fiskalna<\/strong><\/h2>\n<h3><strong>W samochodach Ubera maj\u0105 znale\u017a\u0107 si\u0119 kasy fiskalne, a za kurs b\u0119dzie mo\u017cna zap\u0142aci\u0107 got\u00f3wk\u0105.Przedstawiciele Ubera zaprzeczaj\u0105, \u017ce jest to efekt walki korporacji taks\u00f3wkowych z Uberem, trudno jednak nie zauwa\u017cy\u0107, \u017ce co\u015b jest na rzeczy. <\/strong><\/h3>\n<p>O dochody kierowc\u00f3w Ubera upomina si\u0119 tak\u017ce fiskus. Wprowadzenie kas fiskalnych ma uregulowa\u0107 t\u0119 kwesti\u0119. Wprowadzenie kas ma s\u0142u\u017cy\u0107 m.in. mo\u017cliwo\u015bci op\u0142acenia przejazdu got\u00f3wk\u0105&#8230;<\/p>\n<p><strong>Wi\u0119cej przeczytasz na:<\/strong>\u00a0http:\/\/www.chip.pl<\/p>\n<h2><strong>Wi\u0119zienie dla pracodawcy pr\u00f3buj\u0105cego wy\u0142udzi\u0107 \u015bwiadczenia ZUS<\/strong><\/h2>\n<h3><strong>Biznesmen trafi\u0142 na dziesi\u0119\u0107 miesi\u0119cy do wi\u0119zienia za pr\u00f3b\u0119 wy\u0142udzenia \u015bwiadczenia ZUS \u2013 informuje pi\u0105tkowa \u201eRzeczpospolita\u201d.<\/strong><\/h3>\n<p>Jak podaje gazeta, to pierwszy wyrok skazuj\u0105cy pracodawc\u0119 na kar\u0119 pozbawienia wolno\u015bci za usi\u0142owanie wy\u0142udzenia zasi\u0142ku. Osiem miesi\u0119cy wi\u0119zienia w zawieszeniu na rok i 500 z\u0142 grzywny dosta\u0142a te\u017c pracownica, kt\u00f3ra zasi\u0142ek mia\u0142a otrzymywa\u0107&#8230;<\/p>\n<blockquote class=\"wp-embedded-content\" data-secret=\"N9quB8kmdE\"><p><a href=\"https:\/\/mambiznes.pl\/wlasny-biznes\/wiezienie-dla-pracodawcy-probujacego-wyludzic-swiadczenia-zus-80892\">Wi\u0119zienie dla pracodawcy pr\u00f3buj\u0105cego wy\u0142udzi\u0107 \u015bwiadczenia ZUS<\/a><\/p><\/blockquote>\n<p><iframe loading=\"lazy\" class=\"wp-embedded-content\" sandbox=\"allow-scripts\" security=\"restricted\" style=\"position: absolute; clip: rect(1px, 1px, 1px, 1px);\" title=\"&#8222;Wi\u0119zienie dla pracodawcy pr\u00f3buj\u0105cego wy\u0142udzi\u0107 \u015bwiadczenia ZUS&#8221; &#8212; MamBiznes.pl\" src=\"https:\/\/mambiznes.pl\/wlasny-biznes\/wiezienie-dla-pracodawcy-probujacego-wyludzic-swiadczenia-zus-80892\/embed#?secret=N9quB8kmdE\" data-secret=\"N9quB8kmdE\" width=\"600\" height=\"338\" frameborder=\"0\" marginwidth=\"0\" marginheight=\"0\" scrolling=\"no\"><\/iframe><\/p>\n<p><strong>Wi\u0119cej przeczytasz na:<\/strong>\u00a0https:\/\/mambiznes.pl<\/p>\n<h2><strong>Przedsi\u0119biorcy mog\u0105 weryfikowa\u0107 dane klient\u00f3w okazuj\u0105cych e-dokumenty<\/strong><\/h2>\n<h3><strong>Od pi\u0105tku przedsi\u0119biorcy mog\u0105 weryfikowa\u0107 dane klient\u00f3w legitymuj\u0105cych si\u0119 dokumentami w smarfonie \u2013 poda\u0142 w pi\u0105tek resort cyfryzacji w komunikacie. Ma to u\u0142atwi\u0107 nowa aplikacja mWeryfikator.<\/strong><\/h3>\n<p>Jak wyja\u015bniono, aplikacja, \u201edost\u0119pna od 15 grudnia br.\u201d, mo\u017ce by\u0107 wykorzystywana w sytuacji, gdy sprzedaj\u0105cy nie ma pewno\u015bci, czy wiek kupuj\u0105cego pozwala na sprzeda\u017c towar\u00f3w lub np. potrzebuje zameldowa\u0107 w hotelu go\u015bcia pos\u0142uguj\u0105cego si\u0119 mDokumentami&#8230;<\/p>\n<blockquote class=\"wp-embedded-content\" data-secret=\"qTgtq16J1G\"><p><a href=\"https:\/\/mambiznes.pl\/wlasny-biznes\/przedsiebiorcy-moga-weryfikowac-dane-klientow-okazujacych-e-dokumenty-80887\">Przedsi\u0119biorcy mog\u0105 weryfikowa\u0107 dane klient\u00f3w okazuj\u0105cych e-dokumenty<\/a><\/p><\/blockquote>\n<p><iframe loading=\"lazy\" class=\"wp-embedded-content\" sandbox=\"allow-scripts\" security=\"restricted\" style=\"position: absolute; clip: rect(1px, 1px, 1px, 1px);\" title=\"&#8222;Przedsi\u0119biorcy mog\u0105 weryfikowa\u0107 dane klient\u00f3w okazuj\u0105cych e-dokumenty&#8221; &#8212; MamBiznes.pl\" src=\"https:\/\/mambiznes.pl\/wlasny-biznes\/przedsiebiorcy-moga-weryfikowac-dane-klientow-okazujacych-e-dokumenty-80887\/embed#?secret=qTgtq16J1G\" data-secret=\"qTgtq16J1G\" width=\"600\" height=\"338\" frameborder=\"0\" marginwidth=\"0\" marginheight=\"0\" scrolling=\"no\"><\/iframe><\/p>\n<p><strong>Wi\u0119cej przeczytasz na:<\/strong>\u00a0https:\/\/mambiznes.pl<\/p>\n<h2 class=\"title\"><strong>Francja wprowadza zakaz u\u017cywania smartfon\u00f3w w szko\u0142ach<\/strong><\/h2>\n<h3 class=\"excerpt\"><strong>Jean-Michel Blanquer, francuski minister edukacji, zapowiedzia\u0142, \u017ce od nowego roku szkolnego w szko\u0142ach podstawowych i gimnazjach dzieci nie b\u0119d\u0105 mog\u0142y korzysta\u0107 z telefon\u00f3w kom\u00f3rkowych. Zakaz budzi spore kontrowersje nie tylko w\u015br\u00f3d rodzic\u00f3w, ale te\u017c nauczycieli.<\/strong><\/h3>\n<p>W wielu szko\u0142ach, w tym tak\u017ce polskich, nie mo\u017cna u\u017cywa\u0107 telefon\u00f3w kom\u00f3rkowych podczas lekcji. Francja zamierza jednak wykona\u0107 krok dalej. Od\u00a0<strong>wrze\u015bnia 2018 roku uczniowie szk\u00f3\u0142 podstawowych i gimnazjum nie b\u0119d\u0105 mogli korzysta\u0107 ze smartfon\u00f3w nawet w czasie przerw<\/strong>.\u00a0Sk\u0105d taki pomys\u0142?&#8230;<\/p>\n<p><strong>Wi\u0119cej przeczytasz na:<\/strong>\u00a0http:\/\/www.chip.pl<\/p>\n","protected":false},"excerpt":{"rendered":"<p>Po za\u0142o\u017ceniu firmy m\u0142ody przedsi\u0119biorca zap\u0142aci 0 z\u0142 na ZUS Zamiast 3 lat ni\u017cszego ZUS-u ca\u0142kowite zwolnienie z op\u0142acania przez pierwsze 6 miesi\u0119cy dzia\u0142alno\u015bci gospodarczej? Do Sejmu trafi\u0142 projekt, kt\u00f3ry zak\u0142ada wprowadzenie \u201eulgi na start\u201d zawieraj\u0105cej w\u0142a\u015bnie takie rozwi\u0105zanie. Niedawno pisali\u015bmy, \u017ce nie b\u0119dzie jednak zapowiadanych wcze\u015bniej przepis\u00f3w, kt\u00f3re wyd\u0142u\u017caj\u0105 do 36 miesi\u0119cy okres p\u0142acenia &hellip;<\/p>\n","protected":false},"author":1,"featured_media":445426,"comment_status":"open","ping_status":"closed","sticky":false,"template":"","format":"standard","meta":{"footnotes":""},"categories":[1294],"tags":[3055,1909,1671,2884,1438,1542,1507,2048,2478],"class_list":["post-445424","post","type-post","status-publish","format-standard","has-post-thumbnail","","category-prawo","tag-e-dokumenty","tag-gdpr","tag-kary","tag-kasa-fiskalna","tag-przedsiebiorca","tag-rodo","tag-smartfon","tag-uber","tag-zus"],"yoast_head":"<!-- This site is optimized with the Yoast SEO plugin v27.5 - https:\/\/yoast.com\/product\/yoast-seo-wordpress\/ -->\n<title>M\u0142ody przedsi\u0119biorca zap\u0142aci 0 z\u0142 na ZUS. Wysokie kary, RODO (GDPR)! Uber z kas\u0105 fiskaln\u0105! \u015awiadczenia ZUS, a kara wi\u0119zienia! E-dokumenty i weryfikacja &#187; Legiobiznes.pl<\/title>\n<meta name=\"description\" content=\"M\u0142ody przedsi\u0119biorca zap\u0142aci 0 z\u0142 na ZUS. Wysokie kary, RODO (GDPR)! Uber z kas\u0105 fiskaln\u0105! \u015awiadczenia ZUS, a kara wi\u0119zienia! E-dokumenty i weryfikacja\" \/>\n<meta name=\"robots\" content=\"index, follow, max-snippet:-1, max-image-preview:large, max-video-preview:-1\" \/>\n<link rel=\"canonical\" href=\"https:\/\/legiobiznes.pl\/I\/mlody-przedsiebiorca-zaplaci-0-zl-na-zus-wysokie-kary-rodo-gdpr-uber-z-kasa-fiskalna-swiadczenia-zus-a-kara-wiezienia-e-dokumenty-i-weryfikacja\/\" \/>\n<meta property=\"og:locale\" content=\"pl_PL\" \/>\n<meta property=\"og:type\" content=\"article\" \/>\n<meta property=\"og:title\" content=\"M\u0142ody przedsi\u0119biorca zap\u0142aci 0 z\u0142 na ZUS. Wysokie kary, RODO (GDPR)! Uber z kas\u0105 fiskaln\u0105! \u015awiadczenia ZUS, a kara wi\u0119zienia! E-dokumenty i weryfikacja &#187; Legiobiznes.pl\" \/>\n<meta property=\"og:description\" content=\"M\u0142ody przedsi\u0119biorca zap\u0142aci 0 z\u0142 na ZUS. Wysokie kary, RODO (GDPR)! Uber z kas\u0105 fiskaln\u0105! \u015awiadczenia ZUS, a kara wi\u0119zienia! E-dokumenty i weryfikacja\" \/>\n<meta property=\"og:url\" content=\"https:\/\/legiobiznes.pl\/I\/mlody-przedsiebiorca-zaplaci-0-zl-na-zus-wysokie-kary-rodo-gdpr-uber-z-kasa-fiskalna-swiadczenia-zus-a-kara-wiezienia-e-dokumenty-i-weryfikacja\/\" \/>\n<meta property=\"og:site_name\" content=\"Legiobiznes.pl\" \/>\n<meta property=\"article:publisher\" content=\"https:\/\/www.facebook.com\/LegioBiznes\/\" \/>\n<meta property=\"article:published_time\" content=\"2017-12-18T14:33:46+00:00\" \/>\n<meta property=\"article:modified_time\" content=\"2024-10-08T05:15:54+00:00\" \/>\n<meta property=\"og:image\" content=\"https:\/\/legiobiznes.pl\/I\/wp-content\/uploads\/2017\/12\/law-1063249_960_720.jpg\" \/>\n\t<meta property=\"og:image:width\" content=\"960\" \/>\n\t<meta property=\"og:image:height\" content=\"720\" \/>\n\t<meta property=\"og:image:type\" content=\"image\/jpeg\" \/>\n<meta name=\"author\" content=\"Legiobiznes.pl\" \/>\n<meta name=\"twitter:card\" content=\"summary_large_image\" \/>\n<meta name=\"twitter:creator\" content=\"@LegioBiznesPL\" \/>\n<meta name=\"twitter:site\" content=\"@LegioBiznesPL\" \/>\n<meta name=\"twitter:label1\" content=\"Napisane przez\" \/>\n\t<meta name=\"twitter:data1\" content=\"Legiobiznes.pl\" \/>\n\t<meta name=\"twitter:label2\" content=\"Szacowany czas czytania\" \/>\n\t<meta name=\"twitter:data2\" content=\"3 minuty\" \/>\n<script type=\"application\/ld+json\" class=\"yoast-schema-graph\">{\"@context\":\"https:\\\/\\\/schema.org\",\"@graph\":[{\"@type\":\"Article\",\"@id\":\"https:\\\/\\\/legiobiznes.pl\\\/I\\\/mlody-przedsiebiorca-zaplaci-0-zl-na-zus-wysokie-kary-rodo-gdpr-uber-z-kasa-fiskalna-swiadczenia-zus-a-kara-wiezienia-e-dokumenty-i-weryfikacja\\\/#article\",\"isPartOf\":{\"@id\":\"https:\\\/\\\/legiobiznes.pl\\\/I\\\/mlody-przedsiebiorca-zaplaci-0-zl-na-zus-wysokie-kary-rodo-gdpr-uber-z-kasa-fiskalna-swiadczenia-zus-a-kara-wiezienia-e-dokumenty-i-weryfikacja\\\/\"},\"author\":{\"name\":\"Legiobiznes.pl\",\"@id\":\"https:\\\/\\\/legiobiznes.pl\\\/I\\\/#\\\/schema\\\/person\\\/33c4505a5d28a7c944baf038996052d4\"},\"headline\":\"M\u0142ody przedsi\u0119biorca zap\u0142aci 0 z\u0142 na ZUS. Wysokie kary, RODO (GDPR)! Uber z kas\u0105 fiskaln\u0105! \u015awiadczenia ZUS, a kara wi\u0119zienia! E-dokumenty i weryfikacja\",\"datePublished\":\"2017-12-18T14:33:46+00:00\",\"dateModified\":\"2024-10-08T05:15:54+00:00\",\"mainEntityOfPage\":{\"@id\":\"https:\\\/\\\/legiobiznes.pl\\\/I\\\/mlody-przedsiebiorca-zaplaci-0-zl-na-zus-wysokie-kary-rodo-gdpr-uber-z-kasa-fiskalna-swiadczenia-zus-a-kara-wiezienia-e-dokumenty-i-weryfikacja\\\/\"},\"wordCount\":716,\"commentCount\":0,\"publisher\":{\"@id\":\"https:\\\/\\\/legiobiznes.pl\\\/I\\\/#organization\"},\"image\":{\"@id\":\"https:\\\/\\\/legiobiznes.pl\\\/I\\\/mlody-przedsiebiorca-zaplaci-0-zl-na-zus-wysokie-kary-rodo-gdpr-uber-z-kasa-fiskalna-swiadczenia-zus-a-kara-wiezienia-e-dokumenty-i-weryfikacja\\\/#primaryimage\"},\"thumbnailUrl\":\"https:\\\/\\\/legiobiznes.pl\\\/I\\\/wp-content\\\/uploads\\\/2017\\\/12\\\/law-1063249_960_720.jpg\",\"keywords\":[\"e-dokumenty\",\"GDPR\",\"kary\",\"kasa fiskalna\",\"przedsi\u0119biorca\",\"RODO\",\"smartfon\",\"Uber\",\"ZUS\"],\"articleSection\":[\"Prawo\"],\"inLanguage\":\"pl-PL\",\"potentialAction\":[{\"@type\":\"CommentAction\",\"name\":\"Comment\",\"target\":[\"https:\\\/\\\/legiobiznes.pl\\\/I\\\/mlody-przedsiebiorca-zaplaci-0-zl-na-zus-wysokie-kary-rodo-gdpr-uber-z-kasa-fiskalna-swiadczenia-zus-a-kara-wiezienia-e-dokumenty-i-weryfikacja\\\/#respond\"]}]},{\"@type\":\"WebPage\",\"@id\":\"https:\\\/\\\/legiobiznes.pl\\\/I\\\/mlody-przedsiebiorca-zaplaci-0-zl-na-zus-wysokie-kary-rodo-gdpr-uber-z-kasa-fiskalna-swiadczenia-zus-a-kara-wiezienia-e-dokumenty-i-weryfikacja\\\/\",\"url\":\"https:\\\/\\\/legiobiznes.pl\\\/I\\\/mlody-przedsiebiorca-zaplaci-0-zl-na-zus-wysokie-kary-rodo-gdpr-uber-z-kasa-fiskalna-swiadczenia-zus-a-kara-wiezienia-e-dokumenty-i-weryfikacja\\\/\",\"name\":\"M\u0142ody przedsi\u0119biorca zap\u0142aci 0 z\u0142 na ZUS. Wysokie kary, RODO (GDPR)! Uber z kas\u0105 fiskaln\u0105! \u015awiadczenia ZUS, a kara wi\u0119zienia! E-dokumenty i weryfikacja &#187; Legiobiznes.pl\",\"isPartOf\":{\"@id\":\"https:\\\/\\\/legiobiznes.pl\\\/I\\\/#website\"},\"primaryImageOfPage\":{\"@id\":\"https:\\\/\\\/legiobiznes.pl\\\/I\\\/mlody-przedsiebiorca-zaplaci-0-zl-na-zus-wysokie-kary-rodo-gdpr-uber-z-kasa-fiskalna-swiadczenia-zus-a-kara-wiezienia-e-dokumenty-i-weryfikacja\\\/#primaryimage\"},\"image\":{\"@id\":\"https:\\\/\\\/legiobiznes.pl\\\/I\\\/mlody-przedsiebiorca-zaplaci-0-zl-na-zus-wysokie-kary-rodo-gdpr-uber-z-kasa-fiskalna-swiadczenia-zus-a-kara-wiezienia-e-dokumenty-i-weryfikacja\\\/#primaryimage\"},\"thumbnailUrl\":\"https:\\\/\\\/legiobiznes.pl\\\/I\\\/wp-content\\\/uploads\\\/2017\\\/12\\\/law-1063249_960_720.jpg\",\"datePublished\":\"2017-12-18T14:33:46+00:00\",\"dateModified\":\"2024-10-08T05:15:54+00:00\",\"description\":\"M\u0142ody przedsi\u0119biorca zap\u0142aci 0 z\u0142 na ZUS. Wysokie kary, RODO (GDPR)! Uber z kas\u0105 fiskaln\u0105! \u015awiadczenia ZUS, a kara wi\u0119zienia! E-dokumenty i weryfikacja\",\"breadcrumb\":{\"@id\":\"https:\\\/\\\/legiobiznes.pl\\\/I\\\/mlody-przedsiebiorca-zaplaci-0-zl-na-zus-wysokie-kary-rodo-gdpr-uber-z-kasa-fiskalna-swiadczenia-zus-a-kara-wiezienia-e-dokumenty-i-weryfikacja\\\/#breadcrumb\"},\"inLanguage\":\"pl-PL\",\"potentialAction\":[{\"@type\":\"ReadAction\",\"target\":[\"https:\\\/\\\/legiobiznes.pl\\\/I\\\/mlody-przedsiebiorca-zaplaci-0-zl-na-zus-wysokie-kary-rodo-gdpr-uber-z-kasa-fiskalna-swiadczenia-zus-a-kara-wiezienia-e-dokumenty-i-weryfikacja\\\/\"]}]},{\"@type\":\"ImageObject\",\"inLanguage\":\"pl-PL\",\"@id\":\"https:\\\/\\\/legiobiznes.pl\\\/I\\\/mlody-przedsiebiorca-zaplaci-0-zl-na-zus-wysokie-kary-rodo-gdpr-uber-z-kasa-fiskalna-swiadczenia-zus-a-kara-wiezienia-e-dokumenty-i-weryfikacja\\\/#primaryimage\",\"url\":\"https:\\\/\\\/legiobiznes.pl\\\/I\\\/wp-content\\\/uploads\\\/2017\\\/12\\\/law-1063249_960_720.jpg\",\"contentUrl\":\"https:\\\/\\\/legiobiznes.pl\\\/I\\\/wp-content\\\/uploads\\\/2017\\\/12\\\/law-1063249_960_720.jpg\",\"width\":960,\"height\":720},{\"@type\":\"BreadcrumbList\",\"@id\":\"https:\\\/\\\/legiobiznes.pl\\\/I\\\/mlody-przedsiebiorca-zaplaci-0-zl-na-zus-wysokie-kary-rodo-gdpr-uber-z-kasa-fiskalna-swiadczenia-zus-a-kara-wiezienia-e-dokumenty-i-weryfikacja\\\/#breadcrumb\",\"itemListElement\":[{\"@type\":\"ListItem\",\"position\":1,\"name\":\"Strona g\u0142\u00f3wna\",\"item\":\"https:\\\/\\\/legiobiznes.pl\\\/I\\\/\"},{\"@type\":\"ListItem\",\"position\":2,\"name\":\"M\u0142ody przedsi\u0119biorca zap\u0142aci 0 z\u0142 na ZUS. Wysokie kary, RODO (GDPR)! Uber z kas\u0105 fiskaln\u0105! \u015awiadczenia ZUS, a kara wi\u0119zienia! E-dokumenty i weryfikacja\"}]},{\"@type\":\"WebSite\",\"@id\":\"https:\\\/\\\/legiobiznes.pl\\\/I\\\/#website\",\"url\":\"https:\\\/\\\/legiobiznes.pl\\\/I\\\/\",\"name\":\"Legiobiznes.pl\",\"description\":\"Kryptowaluty, Bezpiecze\u0144stwo IT, E-biznes | LegioBiznes.PL\",\"publisher\":{\"@id\":\"https:\\\/\\\/legiobiznes.pl\\\/I\\\/#organization\"},\"potentialAction\":[{\"@type\":\"SearchAction\",\"target\":{\"@type\":\"EntryPoint\",\"urlTemplate\":\"https:\\\/\\\/legiobiznes.pl\\\/I\\\/?s={search_term_string}\"},\"query-input\":{\"@type\":\"PropertyValueSpecification\",\"valueRequired\":true,\"valueName\":\"search_term_string\"}}],\"inLanguage\":\"pl-PL\"},{\"@type\":\"Organization\",\"@id\":\"https:\\\/\\\/legiobiznes.pl\\\/I\\\/#organization\",\"name\":\"LegioBiznes.PL\",\"url\":\"https:\\\/\\\/legiobiznes.pl\\\/I\\\/\",\"logo\":{\"@type\":\"ImageObject\",\"inLanguage\":\"pl-PL\",\"@id\":\"https:\\\/\\\/legiobiznes.pl\\\/I\\\/#\\\/schema\\\/logo\\\/image\\\/\",\"url\":\"https:\\\/\\\/legiobiznes.pl\\\/I\\\/wp-content\\\/uploads\\\/2017\\\/08\\\/legiobiznespl-logo2-e1503834302371.png\",\"contentUrl\":\"https:\\\/\\\/legiobiznes.pl\\\/I\\\/wp-content\\\/uploads\\\/2017\\\/08\\\/legiobiznespl-logo2-e1503834302371.png\",\"width\":180,\"height\":76,\"caption\":\"LegioBiznes.PL\"},\"image\":{\"@id\":\"https:\\\/\\\/legiobiznes.pl\\\/I\\\/#\\\/schema\\\/logo\\\/image\\\/\"},\"sameAs\":[\"https:\\\/\\\/www.facebook.com\\\/LegioBiznes\\\/\",\"https:\\\/\\\/x.com\\\/LegioBiznesPL\",\"https:\\\/\\\/www.youtube.com\\\/channel\\\/UCEhszB39vxk96yIXD-jOORw\"]},{\"@type\":\"Person\",\"@id\":\"https:\\\/\\\/legiobiznes.pl\\\/I\\\/#\\\/schema\\\/person\\\/33c4505a5d28a7c944baf038996052d4\",\"name\":\"Legiobiznes.pl\",\"image\":{\"@type\":\"ImageObject\",\"inLanguage\":\"pl-PL\",\"@id\":\"https:\\\/\\\/legiobiznes.pl\\\/I\\\/wp-content\\\/uploads\\\/2019\\\/07\\\/favicon-Legiobiznes-150x150.png\",\"url\":\"https:\\\/\\\/legiobiznes.pl\\\/I\\\/wp-content\\\/uploads\\\/2019\\\/07\\\/favicon-Legiobiznes-150x150.png\",\"contentUrl\":\"https:\\\/\\\/legiobiznes.pl\\\/I\\\/wp-content\\\/uploads\\\/2019\\\/07\\\/favicon-Legiobiznes-150x150.png\",\"caption\":\"Legiobiznes.pl\"},\"description\":\"Budowa i tworzenie profesjonalnych, responsywnych (RWD) stron www. Pozycjonowanie SEO, sklepy internetowe eSklep...\",\"url\":\"https:\\\/\\\/legiobiznes.pl\\\/I\\\/author\\\/boss\\\/\"}]}<\/script>\n<!-- \/ Yoast SEO plugin. -->","yoast_head_json":{"title":"M\u0142ody przedsi\u0119biorca zap\u0142aci 0 z\u0142 na ZUS. Wysokie kary, RODO (GDPR)! Uber z kas\u0105 fiskaln\u0105! \u015awiadczenia ZUS, a kara wi\u0119zienia! E-dokumenty i weryfikacja &#187; Legiobiznes.pl","description":"M\u0142ody przedsi\u0119biorca zap\u0142aci 0 z\u0142 na ZUS. Wysokie kary, RODO (GDPR)! Uber z kas\u0105 fiskaln\u0105! \u015awiadczenia ZUS, a kara wi\u0119zienia! E-dokumenty i weryfikacja","robots":{"index":"index","follow":"follow","max-snippet":"max-snippet:-1","max-image-preview":"max-image-preview:large","max-video-preview":"max-video-preview:-1"},"canonical":"https:\/\/legiobiznes.pl\/I\/mlody-przedsiebiorca-zaplaci-0-zl-na-zus-wysokie-kary-rodo-gdpr-uber-z-kasa-fiskalna-swiadczenia-zus-a-kara-wiezienia-e-dokumenty-i-weryfikacja\/","og_locale":"pl_PL","og_type":"article","og_title":"M\u0142ody przedsi\u0119biorca zap\u0142aci 0 z\u0142 na ZUS. Wysokie kary, RODO (GDPR)! Uber z kas\u0105 fiskaln\u0105! \u015awiadczenia ZUS, a kara wi\u0119zienia! E-dokumenty i weryfikacja &#187; Legiobiznes.pl","og_description":"M\u0142ody przedsi\u0119biorca zap\u0142aci 0 z\u0142 na ZUS. Wysokie kary, RODO (GDPR)! Uber z kas\u0105 fiskaln\u0105! \u015awiadczenia ZUS, a kara wi\u0119zienia! E-dokumenty i weryfikacja","og_url":"https:\/\/legiobiznes.pl\/I\/mlody-przedsiebiorca-zaplaci-0-zl-na-zus-wysokie-kary-rodo-gdpr-uber-z-kasa-fiskalna-swiadczenia-zus-a-kara-wiezienia-e-dokumenty-i-weryfikacja\/","og_site_name":"Legiobiznes.pl","article_publisher":"https:\/\/www.facebook.com\/LegioBiznes\/","article_published_time":"2017-12-18T14:33:46+00:00","article_modified_time":"2024-10-08T05:15:54+00:00","og_image":[{"width":960,"height":720,"url":"https:\/\/legiobiznes.pl\/I\/wp-content\/uploads\/2017\/12\/law-1063249_960_720.jpg","type":"image\/jpeg"}],"author":"Legiobiznes.pl","twitter_card":"summary_large_image","twitter_creator":"@LegioBiznesPL","twitter_site":"@LegioBiznesPL","twitter_misc":{"Napisane przez":"Legiobiznes.pl","Szacowany czas czytania":"3 minuty"},"schema":{"@context":"https:\/\/schema.org","@graph":[{"@type":"Article","@id":"https:\/\/legiobiznes.pl\/I\/mlody-przedsiebiorca-zaplaci-0-zl-na-zus-wysokie-kary-rodo-gdpr-uber-z-kasa-fiskalna-swiadczenia-zus-a-kara-wiezienia-e-dokumenty-i-weryfikacja\/#article","isPartOf":{"@id":"https:\/\/legiobiznes.pl\/I\/mlody-przedsiebiorca-zaplaci-0-zl-na-zus-wysokie-kary-rodo-gdpr-uber-z-kasa-fiskalna-swiadczenia-zus-a-kara-wiezienia-e-dokumenty-i-weryfikacja\/"},"author":{"name":"Legiobiznes.pl","@id":"https:\/\/legiobiznes.pl\/I\/#\/schema\/person\/33c4505a5d28a7c944baf038996052d4"},"headline":"M\u0142ody przedsi\u0119biorca zap\u0142aci 0 z\u0142 na ZUS. Wysokie kary, RODO (GDPR)! Uber z kas\u0105 fiskaln\u0105! \u015awiadczenia ZUS, a kara wi\u0119zienia! E-dokumenty i weryfikacja","datePublished":"2017-12-18T14:33:46+00:00","dateModified":"2024-10-08T05:15:54+00:00","mainEntityOfPage":{"@id":"https:\/\/legiobiznes.pl\/I\/mlody-przedsiebiorca-zaplaci-0-zl-na-zus-wysokie-kary-rodo-gdpr-uber-z-kasa-fiskalna-swiadczenia-zus-a-kara-wiezienia-e-dokumenty-i-weryfikacja\/"},"wordCount":716,"commentCount":0,"publisher":{"@id":"https:\/\/legiobiznes.pl\/I\/#organization"},"image":{"@id":"https:\/\/legiobiznes.pl\/I\/mlody-przedsiebiorca-zaplaci-0-zl-na-zus-wysokie-kary-rodo-gdpr-uber-z-kasa-fiskalna-swiadczenia-zus-a-kara-wiezienia-e-dokumenty-i-weryfikacja\/#primaryimage"},"thumbnailUrl":"https:\/\/legiobiznes.pl\/I\/wp-content\/uploads\/2017\/12\/law-1063249_960_720.jpg","keywords":["e-dokumenty","GDPR","kary","kasa fiskalna","przedsi\u0119biorca","RODO","smartfon","Uber","ZUS"],"articleSection":["Prawo"],"inLanguage":"pl-PL","potentialAction":[{"@type":"CommentAction","name":"Comment","target":["https:\/\/legiobiznes.pl\/I\/mlody-przedsiebiorca-zaplaci-0-zl-na-zus-wysokie-kary-rodo-gdpr-uber-z-kasa-fiskalna-swiadczenia-zus-a-kara-wiezienia-e-dokumenty-i-weryfikacja\/#respond"]}]},{"@type":"WebPage","@id":"https:\/\/legiobiznes.pl\/I\/mlody-przedsiebiorca-zaplaci-0-zl-na-zus-wysokie-kary-rodo-gdpr-uber-z-kasa-fiskalna-swiadczenia-zus-a-kara-wiezienia-e-dokumenty-i-weryfikacja\/","url":"https:\/\/legiobiznes.pl\/I\/mlody-przedsiebiorca-zaplaci-0-zl-na-zus-wysokie-kary-rodo-gdpr-uber-z-kasa-fiskalna-swiadczenia-zus-a-kara-wiezienia-e-dokumenty-i-weryfikacja\/","name":"M\u0142ody przedsi\u0119biorca zap\u0142aci 0 z\u0142 na ZUS. Wysokie kary, RODO (GDPR)! Uber z kas\u0105 fiskaln\u0105! \u015awiadczenia ZUS, a kara wi\u0119zienia! E-dokumenty i weryfikacja &#187; Legiobiznes.pl","isPartOf":{"@id":"https:\/\/legiobiznes.pl\/I\/#website"},"primaryImageOfPage":{"@id":"https:\/\/legiobiznes.pl\/I\/mlody-przedsiebiorca-zaplaci-0-zl-na-zus-wysokie-kary-rodo-gdpr-uber-z-kasa-fiskalna-swiadczenia-zus-a-kara-wiezienia-e-dokumenty-i-weryfikacja\/#primaryimage"},"image":{"@id":"https:\/\/legiobiznes.pl\/I\/mlody-przedsiebiorca-zaplaci-0-zl-na-zus-wysokie-kary-rodo-gdpr-uber-z-kasa-fiskalna-swiadczenia-zus-a-kara-wiezienia-e-dokumenty-i-weryfikacja\/#primaryimage"},"thumbnailUrl":"https:\/\/legiobiznes.pl\/I\/wp-content\/uploads\/2017\/12\/law-1063249_960_720.jpg","datePublished":"2017-12-18T14:33:46+00:00","dateModified":"2024-10-08T05:15:54+00:00","description":"M\u0142ody przedsi\u0119biorca zap\u0142aci 0 z\u0142 na ZUS. Wysokie kary, RODO (GDPR)! Uber z kas\u0105 fiskaln\u0105! \u015awiadczenia ZUS, a kara wi\u0119zienia! E-dokumenty i weryfikacja","breadcrumb":{"@id":"https:\/\/legiobiznes.pl\/I\/mlody-przedsiebiorca-zaplaci-0-zl-na-zus-wysokie-kary-rodo-gdpr-uber-z-kasa-fiskalna-swiadczenia-zus-a-kara-wiezienia-e-dokumenty-i-weryfikacja\/#breadcrumb"},"inLanguage":"pl-PL","potentialAction":[{"@type":"ReadAction","target":["https:\/\/legiobiznes.pl\/I\/mlody-przedsiebiorca-zaplaci-0-zl-na-zus-wysokie-kary-rodo-gdpr-uber-z-kasa-fiskalna-swiadczenia-zus-a-kara-wiezienia-e-dokumenty-i-weryfikacja\/"]}]},{"@type":"ImageObject","inLanguage":"pl-PL","@id":"https:\/\/legiobiznes.pl\/I\/mlody-przedsiebiorca-zaplaci-0-zl-na-zus-wysokie-kary-rodo-gdpr-uber-z-kasa-fiskalna-swiadczenia-zus-a-kara-wiezienia-e-dokumenty-i-weryfikacja\/#primaryimage","url":"https:\/\/legiobiznes.pl\/I\/wp-content\/uploads\/2017\/12\/law-1063249_960_720.jpg","contentUrl":"https:\/\/legiobiznes.pl\/I\/wp-content\/uploads\/2017\/12\/law-1063249_960_720.jpg","width":960,"height":720},{"@type":"BreadcrumbList","@id":"https:\/\/legiobiznes.pl\/I\/mlody-przedsiebiorca-zaplaci-0-zl-na-zus-wysokie-kary-rodo-gdpr-uber-z-kasa-fiskalna-swiadczenia-zus-a-kara-wiezienia-e-dokumenty-i-weryfikacja\/#breadcrumb","itemListElement":[{"@type":"ListItem","position":1,"name":"Strona g\u0142\u00f3wna","item":"https:\/\/legiobiznes.pl\/I\/"},{"@type":"ListItem","position":2,"name":"M\u0142ody przedsi\u0119biorca zap\u0142aci 0 z\u0142 na ZUS. Wysokie kary, RODO (GDPR)! Uber z kas\u0105 fiskaln\u0105! \u015awiadczenia ZUS, a kara wi\u0119zienia! E-dokumenty i weryfikacja"}]},{"@type":"WebSite","@id":"https:\/\/legiobiznes.pl\/I\/#website","url":"https:\/\/legiobiznes.pl\/I\/","name":"Legiobiznes.pl","description":"Kryptowaluty, Bezpiecze\u0144stwo IT, E-biznes | LegioBiznes.PL","publisher":{"@id":"https:\/\/legiobiznes.pl\/I\/#organization"},"potentialAction":[{"@type":"SearchAction","target":{"@type":"EntryPoint","urlTemplate":"https:\/\/legiobiznes.pl\/I\/?s={search_term_string}"},"query-input":{"@type":"PropertyValueSpecification","valueRequired":true,"valueName":"search_term_string"}}],"inLanguage":"pl-PL"},{"@type":"Organization","@id":"https:\/\/legiobiznes.pl\/I\/#organization","name":"LegioBiznes.PL","url":"https:\/\/legiobiznes.pl\/I\/","logo":{"@type":"ImageObject","inLanguage":"pl-PL","@id":"https:\/\/legiobiznes.pl\/I\/#\/schema\/logo\/image\/","url":"https:\/\/legiobiznes.pl\/I\/wp-content\/uploads\/2017\/08\/legiobiznespl-logo2-e1503834302371.png","contentUrl":"https:\/\/legiobiznes.pl\/I\/wp-content\/uploads\/2017\/08\/legiobiznespl-logo2-e1503834302371.png","width":180,"height":76,"caption":"LegioBiznes.PL"},"image":{"@id":"https:\/\/legiobiznes.pl\/I\/#\/schema\/logo\/image\/"},"sameAs":["https:\/\/www.facebook.com\/LegioBiznes\/","https:\/\/x.com\/LegioBiznesPL","https:\/\/www.youtube.com\/channel\/UCEhszB39vxk96yIXD-jOORw"]},{"@type":"Person","@id":"https:\/\/legiobiznes.pl\/I\/#\/schema\/person\/33c4505a5d28a7c944baf038996052d4","name":"Legiobiznes.pl","image":{"@type":"ImageObject","inLanguage":"pl-PL","@id":"https:\/\/legiobiznes.pl\/I\/wp-content\/uploads\/2019\/07\/favicon-Legiobiznes-150x150.png","url":"https:\/\/legiobiznes.pl\/I\/wp-content\/uploads\/2019\/07\/favicon-Legiobiznes-150x150.png","contentUrl":"https:\/\/legiobiznes.pl\/I\/wp-content\/uploads\/2019\/07\/favicon-Legiobiznes-150x150.png","caption":"Legiobiznes.pl"},"description":"Budowa i tworzenie profesjonalnych, responsywnych (RWD) stron www. Pozycjonowanie SEO, sklepy internetowe eSklep...","url":"https:\/\/legiobiznes.pl\/I\/author\/boss\/"}]}},"_links":{"self":[{"href":"https:\/\/legiobiznes.pl\/I\/wp-json\/wp\/v2\/posts\/445424","targetHints":{"allow":["GET"]}}],"collection":[{"href":"https:\/\/legiobiznes.pl\/I\/wp-json\/wp\/v2\/posts"}],"about":[{"href":"https:\/\/legiobiznes.pl\/I\/wp-json\/wp\/v2\/types\/post"}],"author":[{"embeddable":true,"href":"https:\/\/legiobiznes.pl\/I\/wp-json\/wp\/v2\/users\/1"}],"replies":[{"embeddable":true,"href":"https:\/\/legiobiznes.pl\/I\/wp-json\/wp\/v2\/comments?post=445424"}],"version-history":[{"count":5,"href":"https:\/\/legiobiznes.pl\/I\/wp-json\/wp\/v2\/posts\/445424\/revisions"}],"predecessor-version":[{"id":1653073,"href":"https:\/\/legiobiznes.pl\/I\/wp-json\/wp\/v2\/posts\/445424\/revisions\/1653073"}],"wp:featuredmedia":[{"embeddable":true,"href":"https:\/\/legiobiznes.pl\/I\/wp-json\/wp\/v2\/media\/445426"}],"wp:attachment":[{"href":"https:\/\/legiobiznes.pl\/I\/wp-json\/wp\/v2\/media?parent=445424"}],"wp:term":[{"taxonomy":"category","embeddable":true,"href":"https:\/\/legiobiznes.pl\/I\/wp-json\/wp\/v2\/categories?post=445424"},{"taxonomy":"post_tag","embeddable":true,"href":"https:\/\/legiobiznes.pl\/I\/wp-json\/wp\/v2\/tags?post=445424"}],"curies":[{"name":"wp","href":"https:\/\/api.w.org\/{rel}","templated":true}]}}