{"id":451317,"date":"2017-12-23T00:48:01","date_gmt":"2017-12-22T22:48:01","guid":{"rendered":"https:\/\/legiobiznes.pl\/I\/?p=451317"},"modified":"2024-10-08T07:15:54","modified_gmt":"2024-10-08T05:15:54","slug":"uber-oskarzony-o-szpiegostwo-rodo-dla-firm-strona-z-poradami-rodo-i-zmiany-w-it-zmiany-w-ewidencji-przedsiebiorcow-apple-pozwane","status":"publish","type":"post","link":"https:\/\/legiobiznes.pl\/I\/uber-oskarzony-o-szpiegostwo-rodo-dla-firm-strona-z-poradami-rodo-i-zmiany-w-it-zmiany-w-ewidencji-przedsiebiorcow-apple-pozwane\/","title":{"rendered":"Uber oskar\u017cony o szpiegostwo! RODO dla firm, strona z poradami! RODO i zmiany w IT? Zmiany w ewidencji przedsi\u0119biorc\u00f3w. Apple pozwane!"},"content":{"rendered":"<h2 class=\"title\"><strong>Uber oskar\u017cony o szpiegostwo przemys\u0142owe<\/strong><\/h2>\n<h3 class=\"excerpt\"><strong>W maju pe\u0142nomocnik zwolnionego z Ubera analityka ds. bezpiecze\u0144stwa Richarda Jacobsa przekaza\u0142 do radcy prawnego Ubera list zawieraj\u0105cy list\u0119 nielegalnych dzia\u0142a\u0144, kt\u00f3re Jacobs by\u0142 \u015bwiadkiem podczas pracy w firmie od marca 2016 do kwietnia 2017 roku. Obecnie 37-stronicowy dokument przedosta\u0142 si\u0119 do publicznej wiadomo\u015bci.<\/strong><\/h3>\n<p>Informacje ujrza\u0142y \u015bwiat\u0142o dzienne w trakcie procesu, jaki Uberowi wytoczy\u0142a firma Waymo.\u00a0<strong>W pozwie nale\u017c\u0105cy do Alphabetu start-up zarzuca Uberowi szpiegostwo gospodarcze i \u017c\u0105da 1,86 miliarda dol. zado\u015b\u0107uczynienia&#8230;<\/strong><\/p>\n<p><strong>Wi\u0119cej dowiesz si\u0119 na:<\/strong>\u00a0http:\/\/www.chip.pl<\/p>\n<h2><strong>Rodoporadnik.pl &#8211; powsta\u0142 portal z informacjami o RODO dla firm<\/strong><\/h2>\n<p><strong>Jak chroni\u0107 dane osobowe zgodnie z nowymi regulacjami prawnymi. Co mo\u017ce grozi\u0107 za ich nieprzestrzeganie. Jak przygotowa\u0107 infrastruktur\u0119 IT na prawo, kt\u00f3re zacznie by\u0107 restrykcyjnie egzekwowane ju\u017c od maja 2018 roku. Na te pytania odpowiadaj\u0105 eksperci firmy Advatech, kt\u00f3ra wdra\u017ca rozwi\u0105zania oparte na komponentach IBM. W serwisie internetowym znalaz\u0142y si\u0119 nie tylko porady prawne, ale tak\u017ce e-book z informacjami o rozwi\u0105zaniach dotycz\u0105cych technologii zgodnej z Rozporz\u0105dzeniem o Ochronie Danych Osobowych.<\/strong><\/p>\n<div class=\"storybody\">\n<p>Administrator danych jest zobowi\u0105zany do &#8222;zapewnienia odporno\u015bci sieci lub systemu informacyjnego na danym poziomie poufno\u015bci na przypadkowe zdarzenia albo niezgodne z prawem lub nieprzyjazne dzia\u0142ania naruszaj\u0105ce dost\u0119pno\u015b\u0107, autentyczno\u015b\u0107, integralno\u015b\u0107 i poufno\u015b\u0107 przechowywanych lub przesy\u0142anych danych osobowych oraz bezpiecze\u0144stwa zwi\u0105zanych z nimi us\u0142ug oferowanych lub udost\u0119pnianych poprzez te sieci i systemy przez organy publiczne, zespo\u0142y reagowania na zagro\u017cenia komputerowe, zespo\u0142y reagowania na komputerowe incydenty naruszaj\u0105ce bezpiecze\u0144stwo, dostawc\u00f3w sieci i us\u0142ug \u0142\u0105czno\u015bci elektronicznej oraz dostawc\u00f3w technologii i us\u0142ug w zakresie bezpiecze\u0144stwa&#8221;&#8230;<\/p>\n<p><strong>Wi\u0119cej dowiesz si\u0119 na:<\/strong>\u00a0https:\/\/www.computerworld.pl<\/p>\n<h2><strong>Co trzeba zmieni\u0107 w IT, \u017ceby spe\u0142ni\u0107 wymogi RODO<\/strong><\/h2>\n<h3><strong>Dzia\u0142y IT musz\u0105 si\u0119 przygotowa\u0107 na wdro\u017cenie Og\u00f3lnego rozporz\u0105dzenia o ochronie danych osobowych (RODO). To jednak prawnicy, wraz z finansowymi decydentami, w\u0142a\u015bnie we wsp\u00f3\u0142pracy z dzia\u0142em IT, powinni zaj\u0105\u0107 si\u0119 dostosowaniem przedsi\u0119biorstwa do nowych przepis\u00f3w, kt\u00f3rych zignorowanie grozi kar\u0105 nawet do 20 mln euro. W razie kontroli i wykazania uchybie\u0144, nie b\u0119dzie mo\u017cna zrzuca\u0107 wszystkiego na barki informatyk\u00f3w \u2013 ostrzegaj\u0105 eksperci z firmy Averbit oraz IBM w serwisie internetowym\u00a0https:\/\/poznajrodo.pl. Radz\u0105 r\u00f3wnie\u017c, jak si\u0119 przygotowa\u0107 i podpowiadaj\u0105, co zrobi\u0107 by unikn\u0105\u0107 wielkich wydatk\u00f3w na infrastruktur\u0119, cho\u0107 nie ka\u017cdej firmie si\u0119 to uda. A zegar tyka. Przepisy b\u0119d\u0119 egzekwowane ju\u017c od maja 2018 roku.<\/strong><\/h3>\n<div class=\"storybody\">\n<p>Od 25 maja 2018 roku nowe przepisy b\u0119d\u0105 egzekwowane na terenie ca\u0142ej Unii Europejskiej. RODO, czyli Rozporz\u0105dzenie o ochronie danych osobowych (lub r\u00f3wnie popularny skr\u00f3t GDPR \u2013 General Data Protection Regulation), zmienia obecne zasady ochrony danych osobowych i musi dostosowa\u0107 si\u0119 do niego niemal ka\u017cdy przedsi\u0119biorca. Ka\u017cdy powinien mie\u0107 kontrol\u0119 nad ich przetwarzaniem, i to na ka\u017cdym etapie dzia\u0142alno\u015bci&#8230;<\/p>\n<p><strong>Wi\u0119cej dowiesz si\u0119 na:<\/strong>\u00a0https:\/\/www.computerworld.pl<\/p>\n<h2><strong>Jak sprawdzi\u0107 histori\u0119 pojazdu w Internecie?<\/strong><\/h2>\n<h3><strong>Historia Pojazdu to us\u0142uga, kt\u00f3ra pozwala w prosty spos\u00f3b sprawdzi\u0107, czy kupowany samoch\u00f3d to takie cude\u0144ko, jak przekonuje sprzedawca.<\/strong><\/h3>\n<p>Jak sprawdzi\u0107 czy auto nie by\u0142o kradzione ani nie bra\u0142o udzia\u0142u w wypadkach albo to, czy jego licznik nie by\u0142 cofany? Z pomoc\u0105 przychodzi dost\u0119pna za darmo w\u00a0<a title=\"Internet\" href=\"http:\/\/www.benchmark.pl\/kategoria\/internet.html\">Internecie<\/a>\u00a0us\u0142uga Historia Pojazdu, kt\u00f3rej funkcjonalno\u015b\u0107 jest dynamicznie rozszerzana&#8230;<\/p>\n<p><iframe loading=\"lazy\" title=\"Historia Pojazdu\" width=\"618\" height=\"348\" src=\"https:\/\/www.youtube.com\/embed\/8g-aSLSsXCU?feature=oembed\" frameborder=\"0\" allow=\"accelerometer; autoplay; clipboard-write; encrypted-media; gyroscope; picture-in-picture; web-share\" referrerpolicy=\"strict-origin-when-cross-origin\" allowfullscreen><\/iframe><\/p>\n<p><strong>Wi\u0119cej dowiesz si\u0119 na:<\/strong>\u00a0<a href=\"http:\/\/www.benchmark.pl\/aktualnosci\/jak-sprawdzic-historie-pojazdu-w-internecie.html\" target=\"_blank\" rel=\"noopener noreferrer\">http:\/\/www.benchmark.pl<\/a><\/p>\n<h2><strong>Apple przyzna\u0142o si\u0119, \u017ce spowalnia starsze iPhone<\/strong><\/h2>\n<h3><strong>Firma\u00a0Apple\u00a0od jakiego\u015b czasu by\u0142a oskar\u017cana o spowalnianie starszych modeli swoich smartfon\u00f3w\u00a0iPhone. Wed\u0142ug niekt\u00f3rych, mia\u0142o to nak\u0142oni\u0107 ich u\u017cytkownik\u00f3w do przyspieszenia decyzji o przesiadce na najnowszy model. Testy udowadniaj\u0105ce spadek wydajno\u015bci iPhone po pewnym czasie przeprowadzi\u0142 m.in. FutureMark oraz tw\u00f3rca GeekBencha. W ko\u0144cu informacje postanowi\u0142a skomentowa\u0107 firma Apple, kt\u00f3ra wprost przyzna\u0142a, \u017ce spowalnia starsze modele iPhone. Wszystko jednak spowodowane jest dobrymi wzgl\u0119dami oraz trosk\u0105 o zadowolenie klient\u00f3w.<\/strong><\/h3>\n<p>Producent wyja\u015bni\u0142, \u017ce zmniejszenie wydajnosci po pewnym czasie u\u017cytkowania motywowane jest wyd\u0142u\u017ceniem czasu \u017cywotno\u015bci urz\u0105dze\u0144&#8230;<\/p>\n<p><strong>Wi\u0119cej dowiesz si\u0119 na:<\/strong>\u00a0<a href=\"https:\/\/twojepc.pl\/news36721\/Apple-przyznalo-sie-ze-spowalnia-starsze-iPhone.html\" target=\"_blank\" rel=\"noopener noreferrer\">https:\/\/twojepc.pl<\/a><\/p>\n<h2 class=\"entry_title\"><strong>Ale\u017c\u00a0ja si\u0119 ciesz\u0119 z\u00a0tego pozwu przeciwko Apple\u2026<\/strong><\/h2>\n<h3><strong>Hej, nie dlatego, \u017ce Apple nie lubi\u0119. Wielokrotnie spotka\u0142em si\u0119 z postawami, wedle kt\u00f3rych dziennikarze technologiczni, eksperci, czy komentatorzy s\u0105 oskar\u017cani o niech\u0119\u0107 wzgl\u0119dem niekt\u00f3rych firm, albo o nadmiern\u0105 przychylno\u015b\u0107 wobec innych. Nie wiem jak jest w\u015br\u00f3d moich koleg\u00f3w, ale ja staram si\u0119 tego unika\u0107. Z pewno\u015bci\u0105 nie lubi\u0119 jednak takich sytuacji, w kt\u00f3rych producent robi sobie ze swoich w\u0142asnych klient\u00f3w &#8222;jaja&#8221;.<\/strong><\/h3>\n<p>\u015awiat technologiczny \u017cyje obecnie \u2013 wed\u0142ug mnie \u2013 skandaliczn\u0105 postaw\u0105 firmy Apple, wedle kt\u00f3rej\u00a0starsze urz\u0105dzenia wraz z\u00a0zu\u017cywaniem si\u0119 baterii powoli trac\u0105 na\u00a0wydajno\u015bci. Producent twierdzi, \u017ce\u00a0wszystko to\u00a0odbywa si\u0119 z\u00a0uwagi na\u00a0dba\u0142o\u015b\u0107 o\u2026 klient\u00f3w&#8230;<\/p>\n<p><strong>Wi\u0119cej dowiesz si\u0119 na:<\/strong>\u00a0<a href=\"http:\/\/antyweb.pl\/pozew-apple-postarzanie-produktow\/\" target=\"_blank\" rel=\"noopener noreferrer\">http:\/\/antyweb.pl<\/a><\/p>\n<h2><strong>Szykuje si\u0119 gigantyczny pozew zbiorowy przeciwko Apple<\/strong><\/h2>\n<h3><strong>W Stanach Zjednoczonych szykuje si\u0119 najwi\u0119kszy w historii pozew zbiorowy przeciwko\u00a0Apple. Wszystko w zwi\u0105zku z wczoraj og\u0142oszon\u0105 przez tego producenta informacj\u0105, w kt\u00f3rej firma oficjalnie przyzna\u0142a si\u0119 do\u00a0<a href=\"https:\/\/twojepc.pl\/news36721\/Apple-przyznalo-sie-ze-spowalnia-starsze-iPhone.html\" target=\"_blank\" rel=\"noopener noreferrer\">spowalniania pracy<\/a>\u00a0starszych urz\u0105dze\u0144, bez wiedzy ich u\u017cytkownik\u00f3w. Wed\u0142ug prawnik\u00f3w spowalnianie starszych iPhone bez wiedzy ich u\u017cytkownik\u00f3w jest nieetyczne i niemoralne. Co wi\u0119cej to nie g\u0142\u00f3wne przewinienie producenta &#8211; Apple powinno poinformowa\u0107 klient\u00f3w jeszcze przed zakupem, \u017ce po pewnym czasie nabywane urz\u0105dzenie zmieni swoje w\u0142a\u015bciwo\u015bci.<\/strong><\/h3>\n<p>W chwili obecnej inicjatorzy pozwu zbiorowego zastanawiaj\u0105 si\u0119 nad mo\u017cliwo\u015bci\u0105 rozszerzenia pozwu na skal\u0119 globaln\u0105, a tak\u017ce nad \u017c\u0105daniami wobec producenta, jakie zostan\u0105 wysuni\u0119te w pozwie. Pod uwag\u0119 brana jest jedna z czterech mo\u017cliwo\u015bci<\/p>\n<p><strong>Wi\u0119cej dowiesz si\u0119 na:<\/strong>\u00a0<a href=\"https:\/\/twojepc.pl\/news36725\/Szykuje-sie-gigantyczny-pozew-zbiorowy-przeciwko-Apple.html\" target=\"_blank\" rel=\"noopener noreferrer\">https:\/\/twojepc.pl<\/a><\/p>\n<h2 class=\"title\"><strong>Apple pozwany za spowalnianie iPhone\u2019\u00f3w<\/strong><\/h2>\n<h3 class=\"excerpt\"><strong>Apple poinformowa\u0142o kilka dni temu, \u017ce spowalnia iPhone&#8217;y by wyd\u0142u\u017cy\u0107 ich czas pracy na baterii. I chocia\u017c spowolnienie jest w\u0142a\u015bciwie niedostrzegalne, to w USA cz\u0119sto wystarczy znacznie mniej by otrzyma\u0107 pozew.<\/strong><\/h3>\n<p>Apple ma spor\u0105 wpraw\u0119 w bataliach s\u0105dowych. Firm\u0119 z Cupertino czeka kolejna, tym razem jednak nie o patenty rzekomo lub rzeczywi\u015bcie naruszone przez przysz\u0142\u0105 ofiar\u0119 prawnik\u00f3w producenta iGad\u017cet\u00f3w&#8230;<\/p>\n<p><strong>Wi\u0119cej dowiesz si\u0119 na:<\/strong>\u00a0http:\/\/www.chip.pl<\/p>\n<h2><strong>B\u0119d\u0105 zmiany w ewidencji przedsi\u0119biorc\u00f3w<\/strong><\/h2>\n<h3><strong>Usprawnienie Centralnej Ewidencji i Informacji o Dzia\u0142alno\u015bci Gospodarczej \u2013 to g\u0142\u00f3wny cel rz\u0105dowego projektu ustawy o Centralnej Ewidencji i Informacji o Dzia\u0142alno\u015bci Gospodarczej i Punkcie Informacji dla Przedsi\u0119biorcy.<\/strong><\/h3>\n<p>Dla przedsi\u0119biorc\u00f3w proponowane przez rz\u0105d zmiany b\u0119d\u0105 oznacza\u0142y przy\u015bpieszenie rejestracji i zmiany danych w Centralnej Ewidencji i Informacji o Dzia\u0142alno\u015bci Gospodarczej (dalej: CEIDG).<\/p>\n<p>Obecnie regulacje dotycz\u0105ce CEIDG znajduj\u0105 si\u0119 w ustawie o swobodzie dzia\u0142alno\u015bci gospodarczej. Wkr\u00f3tce b\u0119d\u0105 w osobnym akcie prawnym&#8230;<\/p>\n<blockquote class=\"wp-embedded-content\" data-secret=\"xKTdmBzthY\"><p><a href=\"https:\/\/mambiznes.pl\/wlasny-biznes\/beda-zmiany-ewidencji-przedsiebiorcow-80935\">B\u0119d\u0105 zmiany w ewidencji przedsi\u0119biorc\u00f3w<\/a><\/p><\/blockquote>\n<p><iframe loading=\"lazy\" class=\"wp-embedded-content\" sandbox=\"allow-scripts\" security=\"restricted\" style=\"position: absolute; clip: rect(1px, 1px, 1px, 1px);\" title=\"&#8222;B\u0119d\u0105 zmiany w ewidencji przedsi\u0119biorc\u00f3w&#8221; &#8212; MamBiznes.pl\" src=\"https:\/\/mambiznes.pl\/wlasny-biznes\/beda-zmiany-ewidencji-przedsiebiorcow-80935\/embed#?secret=xKTdmBzthY\" data-secret=\"xKTdmBzthY\" width=\"600\" height=\"338\" frameborder=\"0\" marginwidth=\"0\" marginheight=\"0\" scrolling=\"no\"><\/iframe><\/p>\n<p><strong>Wi\u0119cej dowiesz si\u0119 na:\u00a0<\/strong>https:\/\/mambiznes.pl<\/p>\n<\/div>\n<\/div>\n","protected":false},"excerpt":{"rendered":"<p>Uber oskar\u017cony o szpiegostwo przemys\u0142owe W maju pe\u0142nomocnik zwolnionego z Ubera analityka ds. bezpiecze\u0144stwa Richarda Jacobsa przekaza\u0142 do radcy prawnego Ubera list zawieraj\u0105cy list\u0119 nielegalnych dzia\u0142a\u0144, kt\u00f3re Jacobs by\u0142 \u015bwiadkiem podczas pracy w firmie od marca 2016 do kwietnia 2017 roku. Obecnie 37-stronicowy dokument przedosta\u0142 si\u0119 do publicznej wiadomo\u015bci. Informacje ujrza\u0142y \u015bwiat\u0142o dzienne w trakcie &hellip;<\/p>\n","protected":false},"author":1,"featured_media":451321,"comment_status":"open","ping_status":"closed","sticky":false,"template":"","format":"standard","meta":{"footnotes":""},"categories":[1294],"tags":[2050,3074,1738,2010,2039,1542,3073,2048],"class_list":["post-451317","post","type-post","status-publish","format-standard","has-post-thumbnail","","category-prawo","tag-apple","tag-ewidencja-przedsiebiorcow","tag-it","tag-pomoc","tag-poradnik","tag-rodo","tag-spowalnianie-telefonow","tag-uber"],"yoast_head":"<!-- This site is optimized with the Yoast SEO plugin v27.5 - https:\/\/yoast.com\/product\/yoast-seo-wordpress\/ -->\n<title>Uber oskar\u017cony o szpiegostwo! RODO dla firm, strona z poradami! RODO i zmiany w IT? Zmiany w ewidencji przedsi\u0119biorc\u00f3w. Apple pozwane! &#187; Legiobiznes.pl<\/title>\n<meta name=\"description\" content=\"Uber oskar\u017cony o szpiegostwo! RODO dla firm, strona z poradami! RODO i zmiany w IT? Zmiany w ewidencji przedsi\u0119biorc\u00f3w. Apple pozwane!\" \/>\n<meta name=\"robots\" content=\"index, follow, max-snippet:-1, max-image-preview:large, max-video-preview:-1\" \/>\n<link rel=\"canonical\" href=\"https:\/\/legiobiznes.pl\/I\/uber-oskarzony-o-szpiegostwo-rodo-dla-firm-strona-z-poradami-rodo-i-zmiany-w-it-zmiany-w-ewidencji-przedsiebiorcow-apple-pozwane\/\" \/>\n<meta property=\"og:locale\" content=\"pl_PL\" \/>\n<meta property=\"og:type\" content=\"article\" \/>\n<meta property=\"og:title\" content=\"Uber oskar\u017cony o szpiegostwo! RODO dla firm, strona z poradami! RODO i zmiany w IT? Zmiany w ewidencji przedsi\u0119biorc\u00f3w. Apple pozwane! &#187; Legiobiznes.pl\" \/>\n<meta property=\"og:description\" content=\"Uber oskar\u017cony o szpiegostwo! RODO dla firm, strona z poradami! RODO i zmiany w IT? Zmiany w ewidencji przedsi\u0119biorc\u00f3w. Apple pozwane!\" \/>\n<meta property=\"og:url\" content=\"https:\/\/legiobiznes.pl\/I\/uber-oskarzony-o-szpiegostwo-rodo-dla-firm-strona-z-poradami-rodo-i-zmiany-w-it-zmiany-w-ewidencji-przedsiebiorcow-apple-pozwane\/\" \/>\n<meta property=\"og:site_name\" content=\"Legiobiznes.pl\" \/>\n<meta property=\"article:publisher\" content=\"https:\/\/www.facebook.com\/LegioBiznes\/\" \/>\n<meta property=\"article:published_time\" content=\"2017-12-22T22:48:01+00:00\" \/>\n<meta property=\"article:modified_time\" content=\"2024-10-08T05:15:54+00:00\" \/>\n<meta property=\"og:image\" content=\"https:\/\/legiobiznes.pl\/I\/wp-content\/uploads\/2017\/12\/school-1661731_960_720.jpg\" \/>\n\t<meta property=\"og:image:width\" content=\"960\" \/>\n\t<meta property=\"og:image:height\" content=\"720\" \/>\n\t<meta property=\"og:image:type\" content=\"image\/jpeg\" \/>\n<meta name=\"author\" content=\"Legiobiznes.pl\" \/>\n<meta name=\"twitter:card\" content=\"summary_large_image\" \/>\n<meta name=\"twitter:creator\" content=\"@LegioBiznesPL\" \/>\n<meta name=\"twitter:site\" content=\"@LegioBiznesPL\" \/>\n<meta name=\"twitter:label1\" content=\"Napisane przez\" \/>\n\t<meta name=\"twitter:data1\" content=\"Legiobiznes.pl\" \/>\n\t<meta name=\"twitter:label2\" content=\"Szacowany czas czytania\" \/>\n\t<meta name=\"twitter:data2\" content=\"6 minut\" \/>\n<script type=\"application\/ld+json\" class=\"yoast-schema-graph\">{\"@context\":\"https:\\\/\\\/schema.org\",\"@graph\":[{\"@type\":\"Article\",\"@id\":\"https:\\\/\\\/legiobiznes.pl\\\/I\\\/uber-oskarzony-o-szpiegostwo-rodo-dla-firm-strona-z-poradami-rodo-i-zmiany-w-it-zmiany-w-ewidencji-przedsiebiorcow-apple-pozwane\\\/#article\",\"isPartOf\":{\"@id\":\"https:\\\/\\\/legiobiznes.pl\\\/I\\\/uber-oskarzony-o-szpiegostwo-rodo-dla-firm-strona-z-poradami-rodo-i-zmiany-w-it-zmiany-w-ewidencji-przedsiebiorcow-apple-pozwane\\\/\"},\"author\":{\"name\":\"Legiobiznes.pl\",\"@id\":\"https:\\\/\\\/legiobiznes.pl\\\/I\\\/#\\\/schema\\\/person\\\/33c4505a5d28a7c944baf038996052d4\"},\"headline\":\"Uber oskar\u017cony o szpiegostwo! RODO dla firm, strona z poradami! RODO i zmiany w IT? Zmiany w ewidencji przedsi\u0119biorc\u00f3w. Apple pozwane!\",\"datePublished\":\"2017-12-22T22:48:01+00:00\",\"dateModified\":\"2024-10-08T05:15:54+00:00\",\"mainEntityOfPage\":{\"@id\":\"https:\\\/\\\/legiobiznes.pl\\\/I\\\/uber-oskarzony-o-szpiegostwo-rodo-dla-firm-strona-z-poradami-rodo-i-zmiany-w-it-zmiany-w-ewidencji-przedsiebiorcow-apple-pozwane\\\/\"},\"wordCount\":1213,\"commentCount\":0,\"publisher\":{\"@id\":\"https:\\\/\\\/legiobiznes.pl\\\/I\\\/#organization\"},\"image\":{\"@id\":\"https:\\\/\\\/legiobiznes.pl\\\/I\\\/uber-oskarzony-o-szpiegostwo-rodo-dla-firm-strona-z-poradami-rodo-i-zmiany-w-it-zmiany-w-ewidencji-przedsiebiorcow-apple-pozwane\\\/#primaryimage\"},\"thumbnailUrl\":\"https:\\\/\\\/legiobiznes.pl\\\/I\\\/wp-content\\\/uploads\\\/2017\\\/12\\\/school-1661731_960_720.jpg\",\"keywords\":[\"Apple\",\"ewidencja przedsi\u0119biorc\u00f3w\",\"IT\",\"pomoc\",\"poradnik\",\"RODO\",\"spowalnianie telefon\u00f3w\",\"Uber\"],\"articleSection\":[\"Prawo\"],\"inLanguage\":\"pl-PL\",\"potentialAction\":[{\"@type\":\"CommentAction\",\"name\":\"Comment\",\"target\":[\"https:\\\/\\\/legiobiznes.pl\\\/I\\\/uber-oskarzony-o-szpiegostwo-rodo-dla-firm-strona-z-poradami-rodo-i-zmiany-w-it-zmiany-w-ewidencji-przedsiebiorcow-apple-pozwane\\\/#respond\"]}]},{\"@type\":\"WebPage\",\"@id\":\"https:\\\/\\\/legiobiznes.pl\\\/I\\\/uber-oskarzony-o-szpiegostwo-rodo-dla-firm-strona-z-poradami-rodo-i-zmiany-w-it-zmiany-w-ewidencji-przedsiebiorcow-apple-pozwane\\\/\",\"url\":\"https:\\\/\\\/legiobiznes.pl\\\/I\\\/uber-oskarzony-o-szpiegostwo-rodo-dla-firm-strona-z-poradami-rodo-i-zmiany-w-it-zmiany-w-ewidencji-przedsiebiorcow-apple-pozwane\\\/\",\"name\":\"Uber oskar\u017cony o szpiegostwo! RODO dla firm, strona z poradami! RODO i zmiany w IT? Zmiany w ewidencji przedsi\u0119biorc\u00f3w. Apple pozwane! &#187; Legiobiznes.pl\",\"isPartOf\":{\"@id\":\"https:\\\/\\\/legiobiznes.pl\\\/I\\\/#website\"},\"primaryImageOfPage\":{\"@id\":\"https:\\\/\\\/legiobiznes.pl\\\/I\\\/uber-oskarzony-o-szpiegostwo-rodo-dla-firm-strona-z-poradami-rodo-i-zmiany-w-it-zmiany-w-ewidencji-przedsiebiorcow-apple-pozwane\\\/#primaryimage\"},\"image\":{\"@id\":\"https:\\\/\\\/legiobiznes.pl\\\/I\\\/uber-oskarzony-o-szpiegostwo-rodo-dla-firm-strona-z-poradami-rodo-i-zmiany-w-it-zmiany-w-ewidencji-przedsiebiorcow-apple-pozwane\\\/#primaryimage\"},\"thumbnailUrl\":\"https:\\\/\\\/legiobiznes.pl\\\/I\\\/wp-content\\\/uploads\\\/2017\\\/12\\\/school-1661731_960_720.jpg\",\"datePublished\":\"2017-12-22T22:48:01+00:00\",\"dateModified\":\"2024-10-08T05:15:54+00:00\",\"description\":\"Uber oskar\u017cony o szpiegostwo! RODO dla firm, strona z poradami! RODO i zmiany w IT? Zmiany w ewidencji przedsi\u0119biorc\u00f3w. Apple pozwane!\",\"breadcrumb\":{\"@id\":\"https:\\\/\\\/legiobiznes.pl\\\/I\\\/uber-oskarzony-o-szpiegostwo-rodo-dla-firm-strona-z-poradami-rodo-i-zmiany-w-it-zmiany-w-ewidencji-przedsiebiorcow-apple-pozwane\\\/#breadcrumb\"},\"inLanguage\":\"pl-PL\",\"potentialAction\":[{\"@type\":\"ReadAction\",\"target\":[\"https:\\\/\\\/legiobiznes.pl\\\/I\\\/uber-oskarzony-o-szpiegostwo-rodo-dla-firm-strona-z-poradami-rodo-i-zmiany-w-it-zmiany-w-ewidencji-przedsiebiorcow-apple-pozwane\\\/\"]}]},{\"@type\":\"ImageObject\",\"inLanguage\":\"pl-PL\",\"@id\":\"https:\\\/\\\/legiobiznes.pl\\\/I\\\/uber-oskarzony-o-szpiegostwo-rodo-dla-firm-strona-z-poradami-rodo-i-zmiany-w-it-zmiany-w-ewidencji-przedsiebiorcow-apple-pozwane\\\/#primaryimage\",\"url\":\"https:\\\/\\\/legiobiznes.pl\\\/I\\\/wp-content\\\/uploads\\\/2017\\\/12\\\/school-1661731_960_720.jpg\",\"contentUrl\":\"https:\\\/\\\/legiobiznes.pl\\\/I\\\/wp-content\\\/uploads\\\/2017\\\/12\\\/school-1661731_960_720.jpg\",\"width\":960,\"height\":720},{\"@type\":\"BreadcrumbList\",\"@id\":\"https:\\\/\\\/legiobiznes.pl\\\/I\\\/uber-oskarzony-o-szpiegostwo-rodo-dla-firm-strona-z-poradami-rodo-i-zmiany-w-it-zmiany-w-ewidencji-przedsiebiorcow-apple-pozwane\\\/#breadcrumb\",\"itemListElement\":[{\"@type\":\"ListItem\",\"position\":1,\"name\":\"Strona g\u0142\u00f3wna\",\"item\":\"https:\\\/\\\/legiobiznes.pl\\\/I\\\/\"},{\"@type\":\"ListItem\",\"position\":2,\"name\":\"Uber oskar\u017cony o szpiegostwo! RODO dla firm, strona z poradami! RODO i zmiany w IT? Zmiany w ewidencji przedsi\u0119biorc\u00f3w. Apple pozwane!\"}]},{\"@type\":\"WebSite\",\"@id\":\"https:\\\/\\\/legiobiznes.pl\\\/I\\\/#website\",\"url\":\"https:\\\/\\\/legiobiznes.pl\\\/I\\\/\",\"name\":\"Legiobiznes.pl\",\"description\":\"Kryptowaluty, Bezpiecze\u0144stwo IT, E-biznes | LegioBiznes.PL\",\"publisher\":{\"@id\":\"https:\\\/\\\/legiobiznes.pl\\\/I\\\/#organization\"},\"potentialAction\":[{\"@type\":\"SearchAction\",\"target\":{\"@type\":\"EntryPoint\",\"urlTemplate\":\"https:\\\/\\\/legiobiznes.pl\\\/I\\\/?s={search_term_string}\"},\"query-input\":{\"@type\":\"PropertyValueSpecification\",\"valueRequired\":true,\"valueName\":\"search_term_string\"}}],\"inLanguage\":\"pl-PL\"},{\"@type\":\"Organization\",\"@id\":\"https:\\\/\\\/legiobiznes.pl\\\/I\\\/#organization\",\"name\":\"LegioBiznes.PL\",\"url\":\"https:\\\/\\\/legiobiznes.pl\\\/I\\\/\",\"logo\":{\"@type\":\"ImageObject\",\"inLanguage\":\"pl-PL\",\"@id\":\"https:\\\/\\\/legiobiznes.pl\\\/I\\\/#\\\/schema\\\/logo\\\/image\\\/\",\"url\":\"https:\\\/\\\/legiobiznes.pl\\\/I\\\/wp-content\\\/uploads\\\/2017\\\/08\\\/legiobiznespl-logo2-e1503834302371.png\",\"contentUrl\":\"https:\\\/\\\/legiobiznes.pl\\\/I\\\/wp-content\\\/uploads\\\/2017\\\/08\\\/legiobiznespl-logo2-e1503834302371.png\",\"width\":180,\"height\":76,\"caption\":\"LegioBiznes.PL\"},\"image\":{\"@id\":\"https:\\\/\\\/legiobiznes.pl\\\/I\\\/#\\\/schema\\\/logo\\\/image\\\/\"},\"sameAs\":[\"https:\\\/\\\/www.facebook.com\\\/LegioBiznes\\\/\",\"https:\\\/\\\/x.com\\\/LegioBiznesPL\",\"https:\\\/\\\/www.youtube.com\\\/channel\\\/UCEhszB39vxk96yIXD-jOORw\"]},{\"@type\":\"Person\",\"@id\":\"https:\\\/\\\/legiobiznes.pl\\\/I\\\/#\\\/schema\\\/person\\\/33c4505a5d28a7c944baf038996052d4\",\"name\":\"Legiobiznes.pl\",\"image\":{\"@type\":\"ImageObject\",\"inLanguage\":\"pl-PL\",\"@id\":\"https:\\\/\\\/legiobiznes.pl\\\/I\\\/wp-content\\\/uploads\\\/2019\\\/07\\\/favicon-Legiobiznes-150x150.png\",\"url\":\"https:\\\/\\\/legiobiznes.pl\\\/I\\\/wp-content\\\/uploads\\\/2019\\\/07\\\/favicon-Legiobiznes-150x150.png\",\"contentUrl\":\"https:\\\/\\\/legiobiznes.pl\\\/I\\\/wp-content\\\/uploads\\\/2019\\\/07\\\/favicon-Legiobiznes-150x150.png\",\"caption\":\"Legiobiznes.pl\"},\"description\":\"Budowa i tworzenie profesjonalnych, responsywnych (RWD) stron www. Pozycjonowanie SEO, sklepy internetowe eSklep...\",\"url\":\"https:\\\/\\\/legiobiznes.pl\\\/I\\\/author\\\/boss\\\/\"}]}<\/script>\n<!-- \/ Yoast SEO plugin. -->","yoast_head_json":{"title":"Uber oskar\u017cony o szpiegostwo! RODO dla firm, strona z poradami! RODO i zmiany w IT? Zmiany w ewidencji przedsi\u0119biorc\u00f3w. Apple pozwane! &#187; Legiobiznes.pl","description":"Uber oskar\u017cony o szpiegostwo! RODO dla firm, strona z poradami! RODO i zmiany w IT? Zmiany w ewidencji przedsi\u0119biorc\u00f3w. Apple pozwane!","robots":{"index":"index","follow":"follow","max-snippet":"max-snippet:-1","max-image-preview":"max-image-preview:large","max-video-preview":"max-video-preview:-1"},"canonical":"https:\/\/legiobiznes.pl\/I\/uber-oskarzony-o-szpiegostwo-rodo-dla-firm-strona-z-poradami-rodo-i-zmiany-w-it-zmiany-w-ewidencji-przedsiebiorcow-apple-pozwane\/","og_locale":"pl_PL","og_type":"article","og_title":"Uber oskar\u017cony o szpiegostwo! RODO dla firm, strona z poradami! RODO i zmiany w IT? Zmiany w ewidencji przedsi\u0119biorc\u00f3w. Apple pozwane! &#187; Legiobiznes.pl","og_description":"Uber oskar\u017cony o szpiegostwo! RODO dla firm, strona z poradami! RODO i zmiany w IT? Zmiany w ewidencji przedsi\u0119biorc\u00f3w. Apple pozwane!","og_url":"https:\/\/legiobiznes.pl\/I\/uber-oskarzony-o-szpiegostwo-rodo-dla-firm-strona-z-poradami-rodo-i-zmiany-w-it-zmiany-w-ewidencji-przedsiebiorcow-apple-pozwane\/","og_site_name":"Legiobiznes.pl","article_publisher":"https:\/\/www.facebook.com\/LegioBiznes\/","article_published_time":"2017-12-22T22:48:01+00:00","article_modified_time":"2024-10-08T05:15:54+00:00","og_image":[{"width":960,"height":720,"url":"https:\/\/legiobiznes.pl\/I\/wp-content\/uploads\/2017\/12\/school-1661731_960_720.jpg","type":"image\/jpeg"}],"author":"Legiobiznes.pl","twitter_card":"summary_large_image","twitter_creator":"@LegioBiznesPL","twitter_site":"@LegioBiznesPL","twitter_misc":{"Napisane przez":"Legiobiznes.pl","Szacowany czas czytania":"6 minut"},"schema":{"@context":"https:\/\/schema.org","@graph":[{"@type":"Article","@id":"https:\/\/legiobiznes.pl\/I\/uber-oskarzony-o-szpiegostwo-rodo-dla-firm-strona-z-poradami-rodo-i-zmiany-w-it-zmiany-w-ewidencji-przedsiebiorcow-apple-pozwane\/#article","isPartOf":{"@id":"https:\/\/legiobiznes.pl\/I\/uber-oskarzony-o-szpiegostwo-rodo-dla-firm-strona-z-poradami-rodo-i-zmiany-w-it-zmiany-w-ewidencji-przedsiebiorcow-apple-pozwane\/"},"author":{"name":"Legiobiznes.pl","@id":"https:\/\/legiobiznes.pl\/I\/#\/schema\/person\/33c4505a5d28a7c944baf038996052d4"},"headline":"Uber oskar\u017cony o szpiegostwo! RODO dla firm, strona z poradami! RODO i zmiany w IT? Zmiany w ewidencji przedsi\u0119biorc\u00f3w. Apple pozwane!","datePublished":"2017-12-22T22:48:01+00:00","dateModified":"2024-10-08T05:15:54+00:00","mainEntityOfPage":{"@id":"https:\/\/legiobiznes.pl\/I\/uber-oskarzony-o-szpiegostwo-rodo-dla-firm-strona-z-poradami-rodo-i-zmiany-w-it-zmiany-w-ewidencji-przedsiebiorcow-apple-pozwane\/"},"wordCount":1213,"commentCount":0,"publisher":{"@id":"https:\/\/legiobiznes.pl\/I\/#organization"},"image":{"@id":"https:\/\/legiobiznes.pl\/I\/uber-oskarzony-o-szpiegostwo-rodo-dla-firm-strona-z-poradami-rodo-i-zmiany-w-it-zmiany-w-ewidencji-przedsiebiorcow-apple-pozwane\/#primaryimage"},"thumbnailUrl":"https:\/\/legiobiznes.pl\/I\/wp-content\/uploads\/2017\/12\/school-1661731_960_720.jpg","keywords":["Apple","ewidencja przedsi\u0119biorc\u00f3w","IT","pomoc","poradnik","RODO","spowalnianie telefon\u00f3w","Uber"],"articleSection":["Prawo"],"inLanguage":"pl-PL","potentialAction":[{"@type":"CommentAction","name":"Comment","target":["https:\/\/legiobiznes.pl\/I\/uber-oskarzony-o-szpiegostwo-rodo-dla-firm-strona-z-poradami-rodo-i-zmiany-w-it-zmiany-w-ewidencji-przedsiebiorcow-apple-pozwane\/#respond"]}]},{"@type":"WebPage","@id":"https:\/\/legiobiznes.pl\/I\/uber-oskarzony-o-szpiegostwo-rodo-dla-firm-strona-z-poradami-rodo-i-zmiany-w-it-zmiany-w-ewidencji-przedsiebiorcow-apple-pozwane\/","url":"https:\/\/legiobiznes.pl\/I\/uber-oskarzony-o-szpiegostwo-rodo-dla-firm-strona-z-poradami-rodo-i-zmiany-w-it-zmiany-w-ewidencji-przedsiebiorcow-apple-pozwane\/","name":"Uber oskar\u017cony o szpiegostwo! RODO dla firm, strona z poradami! RODO i zmiany w IT? Zmiany w ewidencji przedsi\u0119biorc\u00f3w. Apple pozwane! &#187; Legiobiznes.pl","isPartOf":{"@id":"https:\/\/legiobiznes.pl\/I\/#website"},"primaryImageOfPage":{"@id":"https:\/\/legiobiznes.pl\/I\/uber-oskarzony-o-szpiegostwo-rodo-dla-firm-strona-z-poradami-rodo-i-zmiany-w-it-zmiany-w-ewidencji-przedsiebiorcow-apple-pozwane\/#primaryimage"},"image":{"@id":"https:\/\/legiobiznes.pl\/I\/uber-oskarzony-o-szpiegostwo-rodo-dla-firm-strona-z-poradami-rodo-i-zmiany-w-it-zmiany-w-ewidencji-przedsiebiorcow-apple-pozwane\/#primaryimage"},"thumbnailUrl":"https:\/\/legiobiznes.pl\/I\/wp-content\/uploads\/2017\/12\/school-1661731_960_720.jpg","datePublished":"2017-12-22T22:48:01+00:00","dateModified":"2024-10-08T05:15:54+00:00","description":"Uber oskar\u017cony o szpiegostwo! RODO dla firm, strona z poradami! RODO i zmiany w IT? Zmiany w ewidencji przedsi\u0119biorc\u00f3w. Apple pozwane!","breadcrumb":{"@id":"https:\/\/legiobiznes.pl\/I\/uber-oskarzony-o-szpiegostwo-rodo-dla-firm-strona-z-poradami-rodo-i-zmiany-w-it-zmiany-w-ewidencji-przedsiebiorcow-apple-pozwane\/#breadcrumb"},"inLanguage":"pl-PL","potentialAction":[{"@type":"ReadAction","target":["https:\/\/legiobiznes.pl\/I\/uber-oskarzony-o-szpiegostwo-rodo-dla-firm-strona-z-poradami-rodo-i-zmiany-w-it-zmiany-w-ewidencji-przedsiebiorcow-apple-pozwane\/"]}]},{"@type":"ImageObject","inLanguage":"pl-PL","@id":"https:\/\/legiobiznes.pl\/I\/uber-oskarzony-o-szpiegostwo-rodo-dla-firm-strona-z-poradami-rodo-i-zmiany-w-it-zmiany-w-ewidencji-przedsiebiorcow-apple-pozwane\/#primaryimage","url":"https:\/\/legiobiznes.pl\/I\/wp-content\/uploads\/2017\/12\/school-1661731_960_720.jpg","contentUrl":"https:\/\/legiobiznes.pl\/I\/wp-content\/uploads\/2017\/12\/school-1661731_960_720.jpg","width":960,"height":720},{"@type":"BreadcrumbList","@id":"https:\/\/legiobiznes.pl\/I\/uber-oskarzony-o-szpiegostwo-rodo-dla-firm-strona-z-poradami-rodo-i-zmiany-w-it-zmiany-w-ewidencji-przedsiebiorcow-apple-pozwane\/#breadcrumb","itemListElement":[{"@type":"ListItem","position":1,"name":"Strona g\u0142\u00f3wna","item":"https:\/\/legiobiznes.pl\/I\/"},{"@type":"ListItem","position":2,"name":"Uber oskar\u017cony o szpiegostwo! RODO dla firm, strona z poradami! RODO i zmiany w IT? Zmiany w ewidencji przedsi\u0119biorc\u00f3w. Apple pozwane!"}]},{"@type":"WebSite","@id":"https:\/\/legiobiznes.pl\/I\/#website","url":"https:\/\/legiobiznes.pl\/I\/","name":"Legiobiznes.pl","description":"Kryptowaluty, Bezpiecze\u0144stwo IT, E-biznes | LegioBiznes.PL","publisher":{"@id":"https:\/\/legiobiznes.pl\/I\/#organization"},"potentialAction":[{"@type":"SearchAction","target":{"@type":"EntryPoint","urlTemplate":"https:\/\/legiobiznes.pl\/I\/?s={search_term_string}"},"query-input":{"@type":"PropertyValueSpecification","valueRequired":true,"valueName":"search_term_string"}}],"inLanguage":"pl-PL"},{"@type":"Organization","@id":"https:\/\/legiobiznes.pl\/I\/#organization","name":"LegioBiznes.PL","url":"https:\/\/legiobiznes.pl\/I\/","logo":{"@type":"ImageObject","inLanguage":"pl-PL","@id":"https:\/\/legiobiznes.pl\/I\/#\/schema\/logo\/image\/","url":"https:\/\/legiobiznes.pl\/I\/wp-content\/uploads\/2017\/08\/legiobiznespl-logo2-e1503834302371.png","contentUrl":"https:\/\/legiobiznes.pl\/I\/wp-content\/uploads\/2017\/08\/legiobiznespl-logo2-e1503834302371.png","width":180,"height":76,"caption":"LegioBiznes.PL"},"image":{"@id":"https:\/\/legiobiznes.pl\/I\/#\/schema\/logo\/image\/"},"sameAs":["https:\/\/www.facebook.com\/LegioBiznes\/","https:\/\/x.com\/LegioBiznesPL","https:\/\/www.youtube.com\/channel\/UCEhszB39vxk96yIXD-jOORw"]},{"@type":"Person","@id":"https:\/\/legiobiznes.pl\/I\/#\/schema\/person\/33c4505a5d28a7c944baf038996052d4","name":"Legiobiznes.pl","image":{"@type":"ImageObject","inLanguage":"pl-PL","@id":"https:\/\/legiobiznes.pl\/I\/wp-content\/uploads\/2019\/07\/favicon-Legiobiznes-150x150.png","url":"https:\/\/legiobiznes.pl\/I\/wp-content\/uploads\/2019\/07\/favicon-Legiobiznes-150x150.png","contentUrl":"https:\/\/legiobiznes.pl\/I\/wp-content\/uploads\/2019\/07\/favicon-Legiobiznes-150x150.png","caption":"Legiobiznes.pl"},"description":"Budowa i tworzenie profesjonalnych, responsywnych (RWD) stron www. Pozycjonowanie SEO, sklepy internetowe eSklep...","url":"https:\/\/legiobiznes.pl\/I\/author\/boss\/"}]}},"_links":{"self":[{"href":"https:\/\/legiobiznes.pl\/I\/wp-json\/wp\/v2\/posts\/451317","targetHints":{"allow":["GET"]}}],"collection":[{"href":"https:\/\/legiobiznes.pl\/I\/wp-json\/wp\/v2\/posts"}],"about":[{"href":"https:\/\/legiobiznes.pl\/I\/wp-json\/wp\/v2\/types\/post"}],"author":[{"embeddable":true,"href":"https:\/\/legiobiznes.pl\/I\/wp-json\/wp\/v2\/users\/1"}],"replies":[{"embeddable":true,"href":"https:\/\/legiobiznes.pl\/I\/wp-json\/wp\/v2\/comments?post=451317"}],"version-history":[{"count":3,"href":"https:\/\/legiobiznes.pl\/I\/wp-json\/wp\/v2\/posts\/451317\/revisions"}],"predecessor-version":[{"id":1653075,"href":"https:\/\/legiobiznes.pl\/I\/wp-json\/wp\/v2\/posts\/451317\/revisions\/1653075"}],"wp:featuredmedia":[{"embeddable":true,"href":"https:\/\/legiobiznes.pl\/I\/wp-json\/wp\/v2\/media\/451321"}],"wp:attachment":[{"href":"https:\/\/legiobiznes.pl\/I\/wp-json\/wp\/v2\/media?parent=451317"}],"wp:term":[{"taxonomy":"category","embeddable":true,"href":"https:\/\/legiobiznes.pl\/I\/wp-json\/wp\/v2\/categories?post=451317"},{"taxonomy":"post_tag","embeddable":true,"href":"https:\/\/legiobiznes.pl\/I\/wp-json\/wp\/v2\/tags?post=451317"}],"curies":[{"name":"wp","href":"https:\/\/api.w.org\/{rel}","templated":true}]}}