{"id":462443,"date":"2017-12-31T10:30:38","date_gmt":"2017-12-31T08:30:38","guid":{"rendered":"https:\/\/legiobiznes.pl\/I\/?p=462443"},"modified":"2024-10-08T07:15:54","modified_gmt":"2024-10-08T05:15:54","slug":"steve-jobs-kontra-apple-apple-przeprasza-uzytkownikow-starszych-iphoneow-najmniejsi-podatnicy-vat-w-2018-r-musza-sie-skomputeryzowac","status":"publish","type":"post","link":"https:\/\/legiobiznes.pl\/I\/steve-jobs-kontra-apple-apple-przeprasza-uzytkownikow-starszych-iphoneow-najmniejsi-podatnicy-vat-w-2018-r-musza-sie-skomputeryzowac\/","title":{"rendered":"\u201eSteve Jobs\u201d kontra Apple. Apple przeprasza u\u017cytkownik\u00f3w starszych iPhone\u2019\u00f3w. Najmniejsi podatnicy VAT w 2018 r. musz\u0105 si\u0119 skomputeryzowa\u0107."},"content":{"rendered":"<h2 class=\"title\"><strong>\u201eSteve Jobs\u201d wygrywa z Apple<\/strong><\/h2>\n<h3><strong>W 2011 r. dw\u00f3ch braci Vicenco i Giacomo Barbato za\u0142o\u017cy\u0142o firm\u0119 odzie\u017cow\u0105 tworz\u0105c\u0105 pod mark\u0105 \u201eSteve Jobs\u201d. Apple nie zastrzeg\u0142o w \u017caden spos\u00f3b praw do imienia i nazwiska swojego wsp\u00f3\u0142za\u0142o\u017cyciela, co wykorzystali w\u0142oscy projektanci. Na dodatek znakiem towarowym firmy jest wygryziona niczym jab\u0142ko litera \u201eJ\u201d. Przez lata bracia toczyli sp\u00f3r z Apple o mo\u017cliwo\u015b\u0107 u\u017cywania nazwy \u201eSteve Jobs\u201d.<\/strong><\/h3>\n<p>Firma w\u0142a\u015bnie wygra\u0142a proces s\u0105dowy z Apple i od tej pory mo\u017ce spokojnie u\u017cywa\u0107 takiej w\u0142a\u015bnie nazwy \u2013 \u201eSteve Jobs\u201d \u2013 do promowania swoich ubra\u0144&#8230;<\/p>\n<p><strong>Wi\u0119cej dowiesz si\u0119 na:<\/strong>\u00a0http:\/\/www.chip.pl<\/p>\n<h2><strong>Apple pozwane na 999 miliard\u00f3w dolar\u00f3w w sprawie spowalniania iPhone&#8217;\u00f3w<\/strong><\/h2>\n<h3><strong>Apple, jak podejrzewali\u015bmy, jest obiektem kolejnych pozw\u00f3w w sprawie zwalniania starszych modeli iPhone&#8217;\u00f3w. Firma niedawno przyzna\u0142a, \u017ce spowalnia starsze sprz\u0119ty, by te lepiej radzi\u0142y sobie ze s\u0142abszymi bateriami. Oczywi\u015bcie u\u017cytkownicy zareagowali na to po swojemu i postanowili pozwa\u0107 giganta z Cupertino.<\/strong><\/h3>\n<p>Nowy pozew zbiorowy, kt\u00f3ry dotyczy Apple, opiewa na niemal kuriozaln\u0105 sum\u0119 999 miliard\u00f3w dolar\u00f3w, kt\u00f3rych domagaj\u0105 si\u0119 u\u017cytkownicy Apple. Wed\u0142ug pozwu firma\u00a0<strong>celowo zmniejszy\u0142a wydajno\u015b\u0107 iPhone&#8217;\u00f3w<\/strong>\u00a0jako rozwi\u0105zanie problemu starszych i s\u0142abszych akumulator\u00f3w do telefon\u00f3w. Zrobi\u0142a to jednak bez wiedzy u\u017cytkownik\u00f3w i dlatego ci domagaj\u0105 si\u0119 teraz rekompensaty&#8230;<\/p>\n<p><strong>Wi\u0119cej dowiesz si\u0119 na:<\/strong>\u00a0<a href=\"http:\/\/www.komputerswiat.pl\/nowosci\/smartfony\/2017\/52\/apple-pozwane-na-999-miliardow-dolarow-w-sprawie-spowalniania-iphone-ow.aspx\" target=\"_blank\" rel=\"noopener noreferrer\">http:\/\/www.komputerswiat.pl<\/a><\/p>\n<h2 class=\"title\"><strong>Apple przeprasza za spowalnianie starszych iPhone\u2019\u00f3w<\/strong><\/h2>\n<h3 class=\"excerpt\"><strong>Poniewa\u017c zu\u017cycie baterii jest oficjalnym powodem spowalniania telefon\u00f3w, Apple wymieni baterie w starszych iPhone&#8217;ach. Oczywi\u015bcie, \u017ce nie darmo. Jednocze\u015bnie firma deklaruje, \u017ce nie wycofa si\u0119 ze spowalniania urz\u0105dze\u0144 ze zbyt s\u0142abymi akumulatorami.<\/strong><\/h3>\n<p>W przypadku wi\u0119kszo\u015bci producent\u00f3w nale\u017ca\u0142oby si\u0119 spodziewa\u0107 kolosalnego hejtu, jaki spad\u0142by na firm\u0119 po ujawnieniu celowego spowalniania smartfon\u00f3w. Apple gra jednak wed\u0142ug nieco innych zasad&#8230;<\/p>\n<p><strong>Wi\u0119cej dowiesz si\u0119 na:<\/strong>\u00a0http:\/\/www.chip.pl<\/p>\n<h2><strong>Nawet najmniejsi podatnicy VAT w 2018 r. b\u0119d\u0105 musieli si\u0119 skomputeryzowa\u0107<\/strong><\/h2>\n<h3><strong>W 2018 r. nawet najmniejsi podatnicy VAT b\u0119d\u0105 musieli si\u0119 skomputeryzowa\u0107, fiskus oczekuje przekazywania przez nich tzw. Jednolitego Pliku Kontrolnego. Zmiany dotycz\u0105 te\u017c firm sprzedaj\u0105cych bilety czy kantor\u00f3w wymiany walut; maj\u0105 zainstalowa\u0107 kasy fiskalne.<\/strong><\/h3>\n<p>Jak powiedzia\u0142 w rozmowie z PAP Jacek Matarewicz, doradca podatkowy, adwokat z kancelarii O\u017c\u00f3g Tomczykowski, od stycznia przysz\u0142ego roku obowi\u0105zek przekazywania rejestr\u00f3w JPK_VAT (w praktyce pierwszy raz plik ten trzeba b\u0119dzie wys\u0142a\u0107 w lutym) obejmie w zasadzie wszystkich czynnych podatnik\u00f3w VAT. Nie obejmie podatnik\u00f3w korzystaj\u0105cych ze zwolnienie podmiotowego, kt\u00f3rych obr\u00f3t nie przekracza 200 tys. z\u0142 rocznie, ani tych, kt\u00f3rzy nie s\u0105 zarejestrowani jako podatnicy VAT czynni&#8230;<\/p>\n<blockquote class=\"wp-embedded-content\" data-secret=\"vg3cTXJBSJ\"><p><a href=\"https:\/\/mambiznes.pl\/wlasny-biznes\/nawet-najmniejsi-podatnicy-vat-2018-r-beda-musieli-sie-skomputeryzowac-81077\">Nawet najmniejsi podatnicy VAT w 2018 r. b\u0119d\u0105 musieli si\u0119 skomputeryzowa\u0107<\/a><\/p><\/blockquote>\n<p><iframe loading=\"lazy\" class=\"wp-embedded-content\" sandbox=\"allow-scripts\" security=\"restricted\" style=\"position: absolute; clip: rect(1px, 1px, 1px, 1px);\" title=\"&#8222;Nawet najmniejsi podatnicy VAT w 2018 r. b\u0119d\u0105 musieli si\u0119 skomputeryzowa\u0107&#8221; &#8212; MamBiznes.pl\" src=\"https:\/\/mambiznes.pl\/wlasny-biznes\/nawet-najmniejsi-podatnicy-vat-2018-r-beda-musieli-sie-skomputeryzowac-81077\/embed#?secret=vg3cTXJBSJ\" data-secret=\"vg3cTXJBSJ\" width=\"600\" height=\"338\" frameborder=\"0\" marginwidth=\"0\" marginheight=\"0\" scrolling=\"no\"><\/iframe><\/p>\n<p><strong>Wi\u0119cej dowiesz si\u0119 na:<\/strong>\u00a0https:\/\/mambiznes.pl<\/p>\n<h2 class=\"contentHeader\"><strong>Prawa do znak\u00f3w towarowych \u2013 warto chroni\u0107 i uwa\u017ca\u0107, by nie naruszy\u0107 (cz. 2)<\/strong><\/h2>\n<h3><strong>W pierwszej cz\u0119\u015bci artyku\u0142u pokr\u00f3tce opisali\u015bmy czym w\u0142a\u015bciwie jest znak towarowy, przes\u0142anki prowadz\u0105ce do odmowy udzielenia prawa ochronnego oraz procedury rejestracji znak\u00f3w towarowych.<\/strong><\/h3>\n<p>W tej cz\u0119\u015bci artyku\u0142u postaramy si\u0119 przybli\u017cy\u0107 kwestie w jaki spos\u00f3b po zarejestrowaniu znaki towarowe s\u0105 chronione i od kiedy taka ochrona obowi\u0105zuje oraz jak mo\u017ce doj\u015b\u0107 do narusze\u0144.<\/p>\n<h3>Okres i spos\u00f3b ochrony znaku towarowego<\/h3>\n<p>Warto podkre\u015bli\u0107, \u017ce co prawda w sensie formalnym w procedurze krajowej prawo do znaku towarowego jest skuteczne od daty dokonania zg\u0142oszenia znaku w Urz\u0119dzie Patentowym, to realnie powstaje w chwili wydania pisemnej decyzji o udzieleniu takiego prawa ochronnego. Pierwszy okres ochrony trwa 10 lat od daty zg\u0142oszenia i mo\u017ce by\u0107 przed\u0142u\u017cany przed jego up\u0142yni\u0119ciem lub kr\u00f3tko po up\u0142ywie tego okresu na kolejne 10-letnie okresy (podobnie jest w procedurze unijnej). Na potwierdzenie rejestracji znaku urz\u0105d wyda \u015bwiadectwo ochronne&#8230;<\/p>\n<p><strong>Wi\u0119cej dowiesz si\u0119 na:<\/strong>\u00a0<a href=\"https:\/\/nowymarketing.pl\/a\/16929,prawa-do-znakow-towarowych-warto-chronic-i-uwazac-by-nie-naruszyc-cz-2?utm_source=feedburner&amp;utm_medium=feed&amp;utm_campaign=Feed%3A+nowymarketing%2Ffeed+%28NowyMarketing.pl%29\" target=\"_blank\" rel=\"noopener noreferrer\">https:\/\/nowymarketing.pl<\/a><\/p>\n<h2><strong>Firmy trac\u0105 zaufanie<\/strong><\/h2>\n<h3><strong>Wizerunek marki to jej kapita\u0142, kt\u00f3ry przek\u0142ada si\u0119 na wymierne korzy\u015bci sprzeda\u017cowe i\u00a0finansowe. Z roku na rok konsumenci staj\u0105 si\u0119 jednak coraz bardziej sceptyczni i\u00a0nieufni, a dzi\u0119ki nowoczesnym technologiom ich g\u0142os jest bardziej s\u0142yszalny. To powoduje, \u017ce firmom trudniej jest unikn\u0105\u0107 wizerunkowych kryzys\u00f3w. Aby im zapobiega\u0107, konieczne jest dzia\u0142anie u podstaw, czyli prowadzenie biznesu w\u00a0zgodzie z\u00a0etyk\u0105. Przyda si\u0119 te\u017c przygotowany wcze\u015bniej plan komunikacji na wypadek wizerunkowego kryzysu.<\/strong><\/h3>\n<p>\u2013\u00a0\u017byjemy w\u00a0czasach du\u017cego kryzysu zaufania spo\u0142ecznego. Trac\u0105 je nawet te osoby i\u00a0instytucje, kt\u00f3re zawsze cieszy\u0142y si\u0119 du\u017cym zaufaniem. Przy dzisiejszej szybko\u015bci \u017cycia i\u00a0szybko\u015bci medi\u00f3w o\u00a0kryzys nietrudno. Aby go unikn\u0105\u0107, przede wszystkim trzeba my\u015ble\u0107 d\u0142ugofalowo. Najpierw robi\u0107 to, co w\u0142a\u015bciwe i\u00a0etyczne, a dopiero na tej bazie budowa\u0107 reputacj\u0119 marki i\u00a0firmy w\u00a0przemy\u015blany spos\u00f3b\u00a0\u2013\u00a0podkre\u015bla w\u00a0rozmowie z\u00a0agencj\u0105 informacyjn\u0105 Newseria Biznes Ma\u0142gorzata Mejer, rzecznik prasowy Procter&amp;Gamble&#8230;<\/p>\n<blockquote class=\"wp-embedded-content\" data-secret=\"KsJk6StFLX\"><p><a href=\"https:\/\/mambiznes.pl\/wlasny-biznes\/firmy-traca-zaufanie-81082\">Firmy trac\u0105 zaufanie<\/a><\/p><\/blockquote>\n<p><iframe loading=\"lazy\" class=\"wp-embedded-content\" sandbox=\"allow-scripts\" security=\"restricted\" style=\"position: absolute; clip: rect(1px, 1px, 1px, 1px);\" title=\"&#8222;Firmy trac\u0105 zaufanie&#8221; &#8212; MamBiznes.pl\" src=\"https:\/\/mambiznes.pl\/wlasny-biznes\/firmy-traca-zaufanie-81082\/embed#?secret=KsJk6StFLX\" data-secret=\"KsJk6StFLX\" width=\"600\" height=\"338\" frameborder=\"0\" marginwidth=\"0\" marginheight=\"0\" scrolling=\"no\"><\/iframe><\/p>\n<p><strong>Wi\u0119cej dowiesz si\u0119 na:<\/strong>\u00a0https:\/\/mambiznes.pl<\/p>\n","protected":false},"excerpt":{"rendered":"<p>\u201eSteve Jobs\u201d wygrywa z Apple W 2011 r. dw\u00f3ch braci Vicenco i Giacomo Barbato za\u0142o\u017cy\u0142o firm\u0119 odzie\u017cow\u0105 tworz\u0105c\u0105 pod mark\u0105 \u201eSteve Jobs\u201d. Apple nie zastrzeg\u0142o w \u017caden spos\u00f3b praw do imienia i nazwiska swojego wsp\u00f3\u0142za\u0142o\u017cyciela, co wykorzystali w\u0142oscy projektanci. Na dodatek znakiem towarowym firmy jest wygryziona niczym jab\u0142ko litera \u201eJ\u201d. Przez lata bracia toczyli sp\u00f3r &hellip;<\/p>\n","protected":false},"author":1,"featured_media":462445,"comment_status":"open","ping_status":"closed","sticky":false,"template":"","format":"standard","meta":{"footnotes":""},"categories":[1294],"tags":[2050,1787,3104,2934,3073,3102,2454,3103],"class_list":["post-462443","post","type-post","status-publish","format-standard","has-post-thumbnail","","category-prawo","tag-apple","tag-iphone","tag-komputeryzacja","tag-pozew","tag-spowalnianie-telefonow","tag-steve-jobs","tag-vat","tag-znaki-towarowe"],"yoast_head":"<!-- This site is optimized with the Yoast SEO plugin v27.5 - https:\/\/yoast.com\/product\/yoast-seo-wordpress\/ -->\n<title>\u201eSteve Jobs\u201d kontra Apple. Apple przeprasza u\u017cytkownik\u00f3w starszych iPhone\u2019\u00f3w. Najmniejsi podatnicy VAT w 2018 r. musz\u0105 si\u0119 skomputeryzowa\u0107. &#187; Legiobiznes.pl<\/title>\n<meta name=\"description\" content=\"\u201eSteve Jobs\u201d kontra Apple. Apple przeprasza u\u017cytkownik\u00f3w starszych iPhone\u2019\u00f3w. Najmniejsi podatnicy VAT w 2018 r. musz\u0105 si\u0119 skomputeryzowa\u0107.\" \/>\n<meta name=\"robots\" content=\"index, follow, max-snippet:-1, max-image-preview:large, max-video-preview:-1\" \/>\n<link rel=\"canonical\" href=\"https:\/\/legiobiznes.pl\/I\/steve-jobs-kontra-apple-apple-przeprasza-uzytkownikow-starszych-iphoneow-najmniejsi-podatnicy-vat-w-2018-r-musza-sie-skomputeryzowac\/\" \/>\n<meta property=\"og:locale\" content=\"pl_PL\" \/>\n<meta property=\"og:type\" content=\"article\" \/>\n<meta property=\"og:title\" content=\"\u201eSteve Jobs\u201d kontra Apple. Apple przeprasza u\u017cytkownik\u00f3w starszych iPhone\u2019\u00f3w. Najmniejsi podatnicy VAT w 2018 r. musz\u0105 si\u0119 skomputeryzowa\u0107. &#187; Legiobiznes.pl\" \/>\n<meta property=\"og:description\" content=\"\u201eSteve Jobs\u201d kontra Apple. Apple przeprasza u\u017cytkownik\u00f3w starszych iPhone\u2019\u00f3w. Najmniejsi podatnicy VAT w 2018 r. musz\u0105 si\u0119 skomputeryzowa\u0107.\" \/>\n<meta property=\"og:url\" content=\"https:\/\/legiobiznes.pl\/I\/steve-jobs-kontra-apple-apple-przeprasza-uzytkownikow-starszych-iphoneow-najmniejsi-podatnicy-vat-w-2018-r-musza-sie-skomputeryzowac\/\" \/>\n<meta property=\"og:site_name\" content=\"Legiobiznes.pl\" \/>\n<meta property=\"article:publisher\" content=\"https:\/\/www.facebook.com\/LegioBiznes\/\" \/>\n<meta property=\"article:published_time\" content=\"2017-12-31T08:30:38+00:00\" \/>\n<meta property=\"article:modified_time\" content=\"2024-10-08T05:15:54+00:00\" \/>\n<meta property=\"og:image\" content=\"https:\/\/legiobiznes.pl\/I\/wp-content\/uploads\/2017\/12\/logo-1356082_960_720.jpg\" \/>\n\t<meta property=\"og:image:width\" content=\"960\" \/>\n\t<meta property=\"og:image:height\" content=\"677\" \/>\n\t<meta property=\"og:image:type\" content=\"image\/jpeg\" \/>\n<meta name=\"author\" content=\"Legiobiznes.pl\" \/>\n<meta name=\"twitter:card\" content=\"summary_large_image\" \/>\n<meta name=\"twitter:creator\" content=\"@LegioBiznesPL\" \/>\n<meta name=\"twitter:site\" content=\"@LegioBiznesPL\" \/>\n<meta name=\"twitter:label1\" content=\"Napisane przez\" \/>\n\t<meta name=\"twitter:data1\" content=\"Legiobiznes.pl\" \/>\n\t<meta name=\"twitter:label2\" content=\"Szacowany czas czytania\" \/>\n\t<meta name=\"twitter:data2\" content=\"4 minuty\" \/>\n<script type=\"application\/ld+json\" class=\"yoast-schema-graph\">{\"@context\":\"https:\\\/\\\/schema.org\",\"@graph\":[{\"@type\":\"Article\",\"@id\":\"https:\\\/\\\/legiobiznes.pl\\\/I\\\/steve-jobs-kontra-apple-apple-przeprasza-uzytkownikow-starszych-iphoneow-najmniejsi-podatnicy-vat-w-2018-r-musza-sie-skomputeryzowac\\\/#article\",\"isPartOf\":{\"@id\":\"https:\\\/\\\/legiobiznes.pl\\\/I\\\/steve-jobs-kontra-apple-apple-przeprasza-uzytkownikow-starszych-iphoneow-najmniejsi-podatnicy-vat-w-2018-r-musza-sie-skomputeryzowac\\\/\"},\"author\":{\"name\":\"Legiobiznes.pl\",\"@id\":\"https:\\\/\\\/legiobiznes.pl\\\/I\\\/#\\\/schema\\\/person\\\/33c4505a5d28a7c944baf038996052d4\"},\"headline\":\"\u201eSteve Jobs\u201d kontra Apple. Apple przeprasza u\u017cytkownik\u00f3w starszych iPhone\u2019\u00f3w. Najmniejsi podatnicy VAT w 2018 r. musz\u0105 si\u0119 skomputeryzowa\u0107.\",\"datePublished\":\"2017-12-31T08:30:38+00:00\",\"dateModified\":\"2024-10-08T05:15:54+00:00\",\"mainEntityOfPage\":{\"@id\":\"https:\\\/\\\/legiobiznes.pl\\\/I\\\/steve-jobs-kontra-apple-apple-przeprasza-uzytkownikow-starszych-iphoneow-najmniejsi-podatnicy-vat-w-2018-r-musza-sie-skomputeryzowac\\\/\"},\"wordCount\":867,\"commentCount\":0,\"publisher\":{\"@id\":\"https:\\\/\\\/legiobiznes.pl\\\/I\\\/#organization\"},\"image\":{\"@id\":\"https:\\\/\\\/legiobiznes.pl\\\/I\\\/steve-jobs-kontra-apple-apple-przeprasza-uzytkownikow-starszych-iphoneow-najmniejsi-podatnicy-vat-w-2018-r-musza-sie-skomputeryzowac\\\/#primaryimage\"},\"thumbnailUrl\":\"https:\\\/\\\/legiobiznes.pl\\\/I\\\/wp-content\\\/uploads\\\/2017\\\/12\\\/logo-1356082_960_720.jpg\",\"keywords\":[\"Apple\",\"iphone\",\"komputeryzacja\",\"pozew\",\"spowalnianie telefon\u00f3w\",\"Steve Jobs\",\"VAT\",\"znaki towarowe\"],\"articleSection\":[\"Prawo\"],\"inLanguage\":\"pl-PL\",\"potentialAction\":[{\"@type\":\"CommentAction\",\"name\":\"Comment\",\"target\":[\"https:\\\/\\\/legiobiznes.pl\\\/I\\\/steve-jobs-kontra-apple-apple-przeprasza-uzytkownikow-starszych-iphoneow-najmniejsi-podatnicy-vat-w-2018-r-musza-sie-skomputeryzowac\\\/#respond\"]}]},{\"@type\":\"WebPage\",\"@id\":\"https:\\\/\\\/legiobiznes.pl\\\/I\\\/steve-jobs-kontra-apple-apple-przeprasza-uzytkownikow-starszych-iphoneow-najmniejsi-podatnicy-vat-w-2018-r-musza-sie-skomputeryzowac\\\/\",\"url\":\"https:\\\/\\\/legiobiznes.pl\\\/I\\\/steve-jobs-kontra-apple-apple-przeprasza-uzytkownikow-starszych-iphoneow-najmniejsi-podatnicy-vat-w-2018-r-musza-sie-skomputeryzowac\\\/\",\"name\":\"\u201eSteve Jobs\u201d kontra Apple. Apple przeprasza u\u017cytkownik\u00f3w starszych iPhone\u2019\u00f3w. Najmniejsi podatnicy VAT w 2018 r. musz\u0105 si\u0119 skomputeryzowa\u0107. &#187; Legiobiznes.pl\",\"isPartOf\":{\"@id\":\"https:\\\/\\\/legiobiznes.pl\\\/I\\\/#website\"},\"primaryImageOfPage\":{\"@id\":\"https:\\\/\\\/legiobiznes.pl\\\/I\\\/steve-jobs-kontra-apple-apple-przeprasza-uzytkownikow-starszych-iphoneow-najmniejsi-podatnicy-vat-w-2018-r-musza-sie-skomputeryzowac\\\/#primaryimage\"},\"image\":{\"@id\":\"https:\\\/\\\/legiobiznes.pl\\\/I\\\/steve-jobs-kontra-apple-apple-przeprasza-uzytkownikow-starszych-iphoneow-najmniejsi-podatnicy-vat-w-2018-r-musza-sie-skomputeryzowac\\\/#primaryimage\"},\"thumbnailUrl\":\"https:\\\/\\\/legiobiznes.pl\\\/I\\\/wp-content\\\/uploads\\\/2017\\\/12\\\/logo-1356082_960_720.jpg\",\"datePublished\":\"2017-12-31T08:30:38+00:00\",\"dateModified\":\"2024-10-08T05:15:54+00:00\",\"description\":\"\u201eSteve Jobs\u201d kontra Apple. Apple przeprasza u\u017cytkownik\u00f3w starszych iPhone\u2019\u00f3w. Najmniejsi podatnicy VAT w 2018 r. musz\u0105 si\u0119 skomputeryzowa\u0107.\",\"breadcrumb\":{\"@id\":\"https:\\\/\\\/legiobiznes.pl\\\/I\\\/steve-jobs-kontra-apple-apple-przeprasza-uzytkownikow-starszych-iphoneow-najmniejsi-podatnicy-vat-w-2018-r-musza-sie-skomputeryzowac\\\/#breadcrumb\"},\"inLanguage\":\"pl-PL\",\"potentialAction\":[{\"@type\":\"ReadAction\",\"target\":[\"https:\\\/\\\/legiobiznes.pl\\\/I\\\/steve-jobs-kontra-apple-apple-przeprasza-uzytkownikow-starszych-iphoneow-najmniejsi-podatnicy-vat-w-2018-r-musza-sie-skomputeryzowac\\\/\"]}]},{\"@type\":\"ImageObject\",\"inLanguage\":\"pl-PL\",\"@id\":\"https:\\\/\\\/legiobiznes.pl\\\/I\\\/steve-jobs-kontra-apple-apple-przeprasza-uzytkownikow-starszych-iphoneow-najmniejsi-podatnicy-vat-w-2018-r-musza-sie-skomputeryzowac\\\/#primaryimage\",\"url\":\"https:\\\/\\\/legiobiznes.pl\\\/I\\\/wp-content\\\/uploads\\\/2017\\\/12\\\/logo-1356082_960_720.jpg\",\"contentUrl\":\"https:\\\/\\\/legiobiznes.pl\\\/I\\\/wp-content\\\/uploads\\\/2017\\\/12\\\/logo-1356082_960_720.jpg\",\"width\":960,\"height\":677},{\"@type\":\"BreadcrumbList\",\"@id\":\"https:\\\/\\\/legiobiznes.pl\\\/I\\\/steve-jobs-kontra-apple-apple-przeprasza-uzytkownikow-starszych-iphoneow-najmniejsi-podatnicy-vat-w-2018-r-musza-sie-skomputeryzowac\\\/#breadcrumb\",\"itemListElement\":[{\"@type\":\"ListItem\",\"position\":1,\"name\":\"Strona g\u0142\u00f3wna\",\"item\":\"https:\\\/\\\/legiobiznes.pl\\\/I\\\/\"},{\"@type\":\"ListItem\",\"position\":2,\"name\":\"\u201eSteve Jobs\u201d kontra Apple. Apple przeprasza u\u017cytkownik\u00f3w starszych iPhone\u2019\u00f3w. Najmniejsi podatnicy VAT w 2018 r. musz\u0105 si\u0119 skomputeryzowa\u0107.\"}]},{\"@type\":\"WebSite\",\"@id\":\"https:\\\/\\\/legiobiznes.pl\\\/I\\\/#website\",\"url\":\"https:\\\/\\\/legiobiznes.pl\\\/I\\\/\",\"name\":\"Legiobiznes.pl\",\"description\":\"Kryptowaluty, Bezpiecze\u0144stwo IT, E-biznes | LegioBiznes.PL\",\"publisher\":{\"@id\":\"https:\\\/\\\/legiobiznes.pl\\\/I\\\/#organization\"},\"potentialAction\":[{\"@type\":\"SearchAction\",\"target\":{\"@type\":\"EntryPoint\",\"urlTemplate\":\"https:\\\/\\\/legiobiznes.pl\\\/I\\\/?s={search_term_string}\"},\"query-input\":{\"@type\":\"PropertyValueSpecification\",\"valueRequired\":true,\"valueName\":\"search_term_string\"}}],\"inLanguage\":\"pl-PL\"},{\"@type\":\"Organization\",\"@id\":\"https:\\\/\\\/legiobiznes.pl\\\/I\\\/#organization\",\"name\":\"LegioBiznes.PL\",\"url\":\"https:\\\/\\\/legiobiznes.pl\\\/I\\\/\",\"logo\":{\"@type\":\"ImageObject\",\"inLanguage\":\"pl-PL\",\"@id\":\"https:\\\/\\\/legiobiznes.pl\\\/I\\\/#\\\/schema\\\/logo\\\/image\\\/\",\"url\":\"https:\\\/\\\/legiobiznes.pl\\\/I\\\/wp-content\\\/uploads\\\/2017\\\/08\\\/legiobiznespl-logo2-e1503834302371.png\",\"contentUrl\":\"https:\\\/\\\/legiobiznes.pl\\\/I\\\/wp-content\\\/uploads\\\/2017\\\/08\\\/legiobiznespl-logo2-e1503834302371.png\",\"width\":180,\"height\":76,\"caption\":\"LegioBiznes.PL\"},\"image\":{\"@id\":\"https:\\\/\\\/legiobiznes.pl\\\/I\\\/#\\\/schema\\\/logo\\\/image\\\/\"},\"sameAs\":[\"https:\\\/\\\/www.facebook.com\\\/LegioBiznes\\\/\",\"https:\\\/\\\/x.com\\\/LegioBiznesPL\",\"https:\\\/\\\/www.youtube.com\\\/channel\\\/UCEhszB39vxk96yIXD-jOORw\"]},{\"@type\":\"Person\",\"@id\":\"https:\\\/\\\/legiobiznes.pl\\\/I\\\/#\\\/schema\\\/person\\\/33c4505a5d28a7c944baf038996052d4\",\"name\":\"Legiobiznes.pl\",\"image\":{\"@type\":\"ImageObject\",\"inLanguage\":\"pl-PL\",\"@id\":\"https:\\\/\\\/legiobiznes.pl\\\/I\\\/wp-content\\\/uploads\\\/2019\\\/07\\\/favicon-Legiobiznes-150x150.png\",\"url\":\"https:\\\/\\\/legiobiznes.pl\\\/I\\\/wp-content\\\/uploads\\\/2019\\\/07\\\/favicon-Legiobiznes-150x150.png\",\"contentUrl\":\"https:\\\/\\\/legiobiznes.pl\\\/I\\\/wp-content\\\/uploads\\\/2019\\\/07\\\/favicon-Legiobiznes-150x150.png\",\"caption\":\"Legiobiznes.pl\"},\"description\":\"Budowa i tworzenie profesjonalnych, responsywnych (RWD) stron www. Pozycjonowanie SEO, sklepy internetowe eSklep...\",\"url\":\"https:\\\/\\\/legiobiznes.pl\\\/I\\\/author\\\/boss\\\/\"}]}<\/script>\n<!-- \/ Yoast SEO plugin. -->","yoast_head_json":{"title":"\u201eSteve Jobs\u201d kontra Apple. Apple przeprasza u\u017cytkownik\u00f3w starszych iPhone\u2019\u00f3w. Najmniejsi podatnicy VAT w 2018 r. musz\u0105 si\u0119 skomputeryzowa\u0107. &#187; Legiobiznes.pl","description":"\u201eSteve Jobs\u201d kontra Apple. Apple przeprasza u\u017cytkownik\u00f3w starszych iPhone\u2019\u00f3w. Najmniejsi podatnicy VAT w 2018 r. musz\u0105 si\u0119 skomputeryzowa\u0107.","robots":{"index":"index","follow":"follow","max-snippet":"max-snippet:-1","max-image-preview":"max-image-preview:large","max-video-preview":"max-video-preview:-1"},"canonical":"https:\/\/legiobiznes.pl\/I\/steve-jobs-kontra-apple-apple-przeprasza-uzytkownikow-starszych-iphoneow-najmniejsi-podatnicy-vat-w-2018-r-musza-sie-skomputeryzowac\/","og_locale":"pl_PL","og_type":"article","og_title":"\u201eSteve Jobs\u201d kontra Apple. Apple przeprasza u\u017cytkownik\u00f3w starszych iPhone\u2019\u00f3w. Najmniejsi podatnicy VAT w 2018 r. musz\u0105 si\u0119 skomputeryzowa\u0107. &#187; Legiobiznes.pl","og_description":"\u201eSteve Jobs\u201d kontra Apple. Apple przeprasza u\u017cytkownik\u00f3w starszych iPhone\u2019\u00f3w. Najmniejsi podatnicy VAT w 2018 r. musz\u0105 si\u0119 skomputeryzowa\u0107.","og_url":"https:\/\/legiobiznes.pl\/I\/steve-jobs-kontra-apple-apple-przeprasza-uzytkownikow-starszych-iphoneow-najmniejsi-podatnicy-vat-w-2018-r-musza-sie-skomputeryzowac\/","og_site_name":"Legiobiznes.pl","article_publisher":"https:\/\/www.facebook.com\/LegioBiznes\/","article_published_time":"2017-12-31T08:30:38+00:00","article_modified_time":"2024-10-08T05:15:54+00:00","og_image":[{"width":960,"height":677,"url":"https:\/\/legiobiznes.pl\/I\/wp-content\/uploads\/2017\/12\/logo-1356082_960_720.jpg","type":"image\/jpeg"}],"author":"Legiobiznes.pl","twitter_card":"summary_large_image","twitter_creator":"@LegioBiznesPL","twitter_site":"@LegioBiznesPL","twitter_misc":{"Napisane przez":"Legiobiznes.pl","Szacowany czas czytania":"4 minuty"},"schema":{"@context":"https:\/\/schema.org","@graph":[{"@type":"Article","@id":"https:\/\/legiobiznes.pl\/I\/steve-jobs-kontra-apple-apple-przeprasza-uzytkownikow-starszych-iphoneow-najmniejsi-podatnicy-vat-w-2018-r-musza-sie-skomputeryzowac\/#article","isPartOf":{"@id":"https:\/\/legiobiznes.pl\/I\/steve-jobs-kontra-apple-apple-przeprasza-uzytkownikow-starszych-iphoneow-najmniejsi-podatnicy-vat-w-2018-r-musza-sie-skomputeryzowac\/"},"author":{"name":"Legiobiznes.pl","@id":"https:\/\/legiobiznes.pl\/I\/#\/schema\/person\/33c4505a5d28a7c944baf038996052d4"},"headline":"\u201eSteve Jobs\u201d kontra Apple. Apple przeprasza u\u017cytkownik\u00f3w starszych iPhone\u2019\u00f3w. Najmniejsi podatnicy VAT w 2018 r. musz\u0105 si\u0119 skomputeryzowa\u0107.","datePublished":"2017-12-31T08:30:38+00:00","dateModified":"2024-10-08T05:15:54+00:00","mainEntityOfPage":{"@id":"https:\/\/legiobiznes.pl\/I\/steve-jobs-kontra-apple-apple-przeprasza-uzytkownikow-starszych-iphoneow-najmniejsi-podatnicy-vat-w-2018-r-musza-sie-skomputeryzowac\/"},"wordCount":867,"commentCount":0,"publisher":{"@id":"https:\/\/legiobiznes.pl\/I\/#organization"},"image":{"@id":"https:\/\/legiobiznes.pl\/I\/steve-jobs-kontra-apple-apple-przeprasza-uzytkownikow-starszych-iphoneow-najmniejsi-podatnicy-vat-w-2018-r-musza-sie-skomputeryzowac\/#primaryimage"},"thumbnailUrl":"https:\/\/legiobiznes.pl\/I\/wp-content\/uploads\/2017\/12\/logo-1356082_960_720.jpg","keywords":["Apple","iphone","komputeryzacja","pozew","spowalnianie telefon\u00f3w","Steve Jobs","VAT","znaki towarowe"],"articleSection":["Prawo"],"inLanguage":"pl-PL","potentialAction":[{"@type":"CommentAction","name":"Comment","target":["https:\/\/legiobiznes.pl\/I\/steve-jobs-kontra-apple-apple-przeprasza-uzytkownikow-starszych-iphoneow-najmniejsi-podatnicy-vat-w-2018-r-musza-sie-skomputeryzowac\/#respond"]}]},{"@type":"WebPage","@id":"https:\/\/legiobiznes.pl\/I\/steve-jobs-kontra-apple-apple-przeprasza-uzytkownikow-starszych-iphoneow-najmniejsi-podatnicy-vat-w-2018-r-musza-sie-skomputeryzowac\/","url":"https:\/\/legiobiznes.pl\/I\/steve-jobs-kontra-apple-apple-przeprasza-uzytkownikow-starszych-iphoneow-najmniejsi-podatnicy-vat-w-2018-r-musza-sie-skomputeryzowac\/","name":"\u201eSteve Jobs\u201d kontra Apple. Apple przeprasza u\u017cytkownik\u00f3w starszych iPhone\u2019\u00f3w. Najmniejsi podatnicy VAT w 2018 r. musz\u0105 si\u0119 skomputeryzowa\u0107. &#187; Legiobiznes.pl","isPartOf":{"@id":"https:\/\/legiobiznes.pl\/I\/#website"},"primaryImageOfPage":{"@id":"https:\/\/legiobiznes.pl\/I\/steve-jobs-kontra-apple-apple-przeprasza-uzytkownikow-starszych-iphoneow-najmniejsi-podatnicy-vat-w-2018-r-musza-sie-skomputeryzowac\/#primaryimage"},"image":{"@id":"https:\/\/legiobiznes.pl\/I\/steve-jobs-kontra-apple-apple-przeprasza-uzytkownikow-starszych-iphoneow-najmniejsi-podatnicy-vat-w-2018-r-musza-sie-skomputeryzowac\/#primaryimage"},"thumbnailUrl":"https:\/\/legiobiznes.pl\/I\/wp-content\/uploads\/2017\/12\/logo-1356082_960_720.jpg","datePublished":"2017-12-31T08:30:38+00:00","dateModified":"2024-10-08T05:15:54+00:00","description":"\u201eSteve Jobs\u201d kontra Apple. Apple przeprasza u\u017cytkownik\u00f3w starszych iPhone\u2019\u00f3w. Najmniejsi podatnicy VAT w 2018 r. musz\u0105 si\u0119 skomputeryzowa\u0107.","breadcrumb":{"@id":"https:\/\/legiobiznes.pl\/I\/steve-jobs-kontra-apple-apple-przeprasza-uzytkownikow-starszych-iphoneow-najmniejsi-podatnicy-vat-w-2018-r-musza-sie-skomputeryzowac\/#breadcrumb"},"inLanguage":"pl-PL","potentialAction":[{"@type":"ReadAction","target":["https:\/\/legiobiznes.pl\/I\/steve-jobs-kontra-apple-apple-przeprasza-uzytkownikow-starszych-iphoneow-najmniejsi-podatnicy-vat-w-2018-r-musza-sie-skomputeryzowac\/"]}]},{"@type":"ImageObject","inLanguage":"pl-PL","@id":"https:\/\/legiobiznes.pl\/I\/steve-jobs-kontra-apple-apple-przeprasza-uzytkownikow-starszych-iphoneow-najmniejsi-podatnicy-vat-w-2018-r-musza-sie-skomputeryzowac\/#primaryimage","url":"https:\/\/legiobiznes.pl\/I\/wp-content\/uploads\/2017\/12\/logo-1356082_960_720.jpg","contentUrl":"https:\/\/legiobiznes.pl\/I\/wp-content\/uploads\/2017\/12\/logo-1356082_960_720.jpg","width":960,"height":677},{"@type":"BreadcrumbList","@id":"https:\/\/legiobiznes.pl\/I\/steve-jobs-kontra-apple-apple-przeprasza-uzytkownikow-starszych-iphoneow-najmniejsi-podatnicy-vat-w-2018-r-musza-sie-skomputeryzowac\/#breadcrumb","itemListElement":[{"@type":"ListItem","position":1,"name":"Strona g\u0142\u00f3wna","item":"https:\/\/legiobiznes.pl\/I\/"},{"@type":"ListItem","position":2,"name":"\u201eSteve Jobs\u201d kontra Apple. Apple przeprasza u\u017cytkownik\u00f3w starszych iPhone\u2019\u00f3w. Najmniejsi podatnicy VAT w 2018 r. musz\u0105 si\u0119 skomputeryzowa\u0107."}]},{"@type":"WebSite","@id":"https:\/\/legiobiznes.pl\/I\/#website","url":"https:\/\/legiobiznes.pl\/I\/","name":"Legiobiznes.pl","description":"Kryptowaluty, Bezpiecze\u0144stwo IT, E-biznes | LegioBiznes.PL","publisher":{"@id":"https:\/\/legiobiznes.pl\/I\/#organization"},"potentialAction":[{"@type":"SearchAction","target":{"@type":"EntryPoint","urlTemplate":"https:\/\/legiobiznes.pl\/I\/?s={search_term_string}"},"query-input":{"@type":"PropertyValueSpecification","valueRequired":true,"valueName":"search_term_string"}}],"inLanguage":"pl-PL"},{"@type":"Organization","@id":"https:\/\/legiobiznes.pl\/I\/#organization","name":"LegioBiznes.PL","url":"https:\/\/legiobiznes.pl\/I\/","logo":{"@type":"ImageObject","inLanguage":"pl-PL","@id":"https:\/\/legiobiznes.pl\/I\/#\/schema\/logo\/image\/","url":"https:\/\/legiobiznes.pl\/I\/wp-content\/uploads\/2017\/08\/legiobiznespl-logo2-e1503834302371.png","contentUrl":"https:\/\/legiobiznes.pl\/I\/wp-content\/uploads\/2017\/08\/legiobiznespl-logo2-e1503834302371.png","width":180,"height":76,"caption":"LegioBiznes.PL"},"image":{"@id":"https:\/\/legiobiznes.pl\/I\/#\/schema\/logo\/image\/"},"sameAs":["https:\/\/www.facebook.com\/LegioBiznes\/","https:\/\/x.com\/LegioBiznesPL","https:\/\/www.youtube.com\/channel\/UCEhszB39vxk96yIXD-jOORw"]},{"@type":"Person","@id":"https:\/\/legiobiznes.pl\/I\/#\/schema\/person\/33c4505a5d28a7c944baf038996052d4","name":"Legiobiznes.pl","image":{"@type":"ImageObject","inLanguage":"pl-PL","@id":"https:\/\/legiobiznes.pl\/I\/wp-content\/uploads\/2019\/07\/favicon-Legiobiznes-150x150.png","url":"https:\/\/legiobiznes.pl\/I\/wp-content\/uploads\/2019\/07\/favicon-Legiobiznes-150x150.png","contentUrl":"https:\/\/legiobiznes.pl\/I\/wp-content\/uploads\/2019\/07\/favicon-Legiobiznes-150x150.png","caption":"Legiobiznes.pl"},"description":"Budowa i tworzenie profesjonalnych, responsywnych (RWD) stron www. Pozycjonowanie SEO, sklepy internetowe eSklep...","url":"https:\/\/legiobiznes.pl\/I\/author\/boss\/"}]}},"_links":{"self":[{"href":"https:\/\/legiobiznes.pl\/I\/wp-json\/wp\/v2\/posts\/462443","targetHints":{"allow":["GET"]}}],"collection":[{"href":"https:\/\/legiobiznes.pl\/I\/wp-json\/wp\/v2\/posts"}],"about":[{"href":"https:\/\/legiobiznes.pl\/I\/wp-json\/wp\/v2\/types\/post"}],"author":[{"embeddable":true,"href":"https:\/\/legiobiznes.pl\/I\/wp-json\/wp\/v2\/users\/1"}],"replies":[{"embeddable":true,"href":"https:\/\/legiobiznes.pl\/I\/wp-json\/wp\/v2\/comments?post=462443"}],"version-history":[{"count":2,"href":"https:\/\/legiobiznes.pl\/I\/wp-json\/wp\/v2\/posts\/462443\/revisions"}],"predecessor-version":[{"id":1653077,"href":"https:\/\/legiobiznes.pl\/I\/wp-json\/wp\/v2\/posts\/462443\/revisions\/1653077"}],"wp:featuredmedia":[{"embeddable":true,"href":"https:\/\/legiobiznes.pl\/I\/wp-json\/wp\/v2\/media\/462445"}],"wp:attachment":[{"href":"https:\/\/legiobiznes.pl\/I\/wp-json\/wp\/v2\/media?parent=462443"}],"wp:term":[{"taxonomy":"category","embeddable":true,"href":"https:\/\/legiobiznes.pl\/I\/wp-json\/wp\/v2\/categories?post=462443"},{"taxonomy":"post_tag","embeddable":true,"href":"https:\/\/legiobiznes.pl\/I\/wp-json\/wp\/v2\/tags?post=462443"}],"curies":[{"name":"wp","href":"https:\/\/api.w.org\/{rel}","templated":true}]}}