{"id":603424,"date":"2018-04-14T08:17:45","date_gmt":"2018-04-14T06:17:45","guid":{"rendered":"https:\/\/legiobiznes.pl\/I\/?p=603424"},"modified":"2025-09-02T18:09:09","modified_gmt":"2025-09-02T16:09:09","slug":"facebook-stories-i-nowe-funkcje-media-spolecznosciowe-przeciw-demokracji-jak-korzystac-z-linkedin-dalej-o-aferze-facebookowej","status":"publish","type":"post","link":"https:\/\/legiobiznes.pl\/I\/facebook-stories-i-nowe-funkcje-media-spolecznosciowe-przeciw-demokracji-jak-korzystac-z-linkedin-dalej-o-aferze-facebookowej\/","title":{"rendered":"Facebook Stories i nowe funkcje. Media spo\u0142eczno\u015bciowe przeciw demokracji. Jak korzysta\u0107 z Linkedin. Dalej o aferze Facebookowej"},"content":{"rendered":"<h2><strong>Facebook Stories dostanie nowe funkcje. Jakie dok\u0142adnie?<\/strong><\/h2>\n<h3><strong>Facebook Stories nie jest mo\u017ce tak popularne, jak w\u015br\u00f3d u\u017cytkownik\u00f3w Instagramu. Tymczasem w przygotowaniu s\u0105 nowe funkcje, kt\u00f3re maj\u0105 urozmaici\u0107 u\u017cytkownikom korzystanie z relacji. Facebook planuje doda\u0107 w ci\u0105gu kilku najbli\u017cszych tygodni nowe funkcje dla aparatu, w tym oparte na AR&#8230;<\/strong><\/h3>\n<p><strong>Wi\u0119cej dowiesz si\u0119 na:<\/strong>\u00a0<a href=\"http:\/\/www.komputerswiat.pl\/nowosci\/aplikacje\/2018\/15\/facebook-stories-dostanie-nowe-funkcje-jakie-dokladnie.aspx\" target=\"_blank\" rel=\"noopener noreferrer\">http:\/\/www.komputerswiat.pl<\/a><\/p>\n<h2 class=\"newsTitle\"><strong>Media spo\u0142eczno\u015bciowe niszcz\u0105 demokracj\u0119? Facebook chce mie\u0107 jasno\u015b\u0107<\/strong><\/h2>\n<h3><strong>Facebook zapowiedzia\u0142 now\u0105 inicjatyw\u0119, kt\u00f3rej celem jest przeprowadzenie niezale\u017cnych, wiarygodnych bada\u0144 nad wp\u0142ywem medi\u00f3w spo\u0142eczno\u015bciowych na wybory i demokracj\u0119. Jej fundatorami zostan\u0105 John and Laura Arnold Foundation, Democracy Fund, William and Flora Hewlett Foundation, John S. and James L. Knight Foundation, Charles Koch Foundation, Omidyar Network, a tak\u017ce Alfred P. Sloan Foundation&#8230;<\/strong><\/h3>\n<p><strong>Wi\u0119cej dowiesz si\u0119 na:<\/strong>\u00a0<a href=\"https:\/\/interaktywnie.com\/biznes\/newsy\/social-media\/media-spolecznosciowe-niszcza-demokracje-facebook-chce-miec-jasnosc-257170?utm_source=feedburner&amp;utm_medium=feed&amp;utm_campaign=Feed%3A+Interaktywnie+%28Interaktywnie.com%29\" target=\"_blank\" rel=\"noopener noreferrer\">https:\/\/interaktywnie.com<\/a><\/p>\n<h2 class=\"name post-title entry-title\"><strong>Jak za\u0142o\u017cy\u0107, ukry\u0107, usun\u0105\u0107 profil oraz sprzedawa\u0107 na LinkedIn<\/strong><\/h2>\n<h3><strong>Od 2003 roku funkcjonuje w Internecie serwis spo\u0142eczno\u015bciowy LinkedIn, kt\u00f3ry ma u\u0142atwi\u0107 relacje biznesowe i zawodowe. Na przestrzeni lat serwis zdobywa coraz wi\u0119ksz\u0105 liczb\u0119 u\u017cytkownik\u00f3w i ca\u0142y czas wzrasta jego popularno\u015b\u0107. Warto wykorzysta\u0107 mo\u017cliwo\u015bci tego serwisu dla rozwini\u0119cia w\u0142asnej kariery lub marki&#8230;<\/strong><\/h3>\n<p><strong>Wi\u0119cej dowiesz si\u0119 na:<\/strong>\u00a0https:\/\/socialmedia.pl<\/p>\n<h2><strong>G\u0142os Czytelnik\u00f3w: Wielka afera Facebookowa<\/strong><\/h2>\n<h3><strong>Czy afera zwi\u0105zana z\u00a0Facebookiem i\u00a0Cambridge Analytica jako\u015b wp\u0142yn\u0119\u0142a na Wasze zachowania w\u00a0sieciach spo\u0142eczno\u015bciowych? Jakie dzia\u0142ania powinny zosta\u0107 podj\u0119te w\u00a0tej sprawie? Zapytali\u015bmy o\u00a0to naszych fan\u00f3w w\u00a0serwisach spo\u0142eczno\u015bciowych&#8230;<\/strong><\/h3>\n<p><strong>Wi\u0119cej dowiesz si\u0119 na:<\/strong>\u00a0<a href=\"http:\/\/www.komputerswiat.pl\/opinie\/internet-i-oprogramowanie\/2018\/04\/dyskusja-wielka-afera-facebookowa.aspx\" target=\"_blank\" rel=\"noopener noreferrer\">http:\/\/www.komputerswiat.pl<\/a><\/p>\n<h2><strong>Panie Zuckerberg, a czy pan nie mia\u0142by nic przeciwko\u2026?<\/strong><\/h2>\n<h3><strong>Szef Facebooka, Mark Zuckerberg, zosta\u0142 ju\u017c przes\u0142uchany w sprawie afery z Cambridge Analytica. Musia\u0142 odpowiedzie\u0107 na wiele niewygodnych pyta\u0144, mi\u0119dzy innymi o jego podej\u015bcie do prywatno\u015bci&#8230;<\/strong><\/h3>\n<p><strong>Wi\u0119cej dowiesz si\u0119 na:<\/strong>\u00a0<a href=\"http:\/\/www.benchmark.pl\/aktualnosci\/panie-zuckerberg-a-czy-pan-nie-mialby-nic-przeciwko.html\" target=\"_blank\" rel=\"noopener noreferrer\">http:\/\/www.benchmark.pl<\/a><\/p>\n<h2 class=\"title\"><strong>Zuckerberg mo\u017ce usuwa\u0107 swoje wiadomo\u015bci z kont swoich znajomych i Ty te\u017c b\u0119dziesz m\u00f3g\u0142<\/strong><\/h2>\n<h3><strong>W ostatnich tygodniach jedna afera facebookowa goni nast\u0119pn\u0105. Tym razem na tapecie znalaz\u0142 si\u0119 sam Mark Zuckerberg, kt\u00f3ry razem z zespo\u0142em swoich dyrektor\u00f3w korzysta\u0142 z opcji usuwania swoich odpowiedzi z kont Messengera os\u00f3b, z kt\u00f3rymi w przesz\u0142o\u015bci si\u0119 kontaktowa\u0142. Gdy przedosta\u0142o si\u0119 to do prasy, Facebook obieca\u0142, \u017ce taka opcja b\u0119dzie te\u017c mo\u017cliwa dla wszystkich u\u017cytkownik\u00f3w serwisu&#8230;<\/strong><\/h3>\n<p><strong>Wi\u0119cej dowiesz si\u0119 na:<\/strong>\u00a0http:\/\/www.chip.pl<\/p>\n<h2><strong>Facebook powiadomi u\u017cytkownik\u00f3w, kt\u00f3rych dane ma Cambridge Analytica<\/strong><\/h2>\n<h3><strong>Facebook nie zamierza chowa\u0107 g\u0142owy w piasek po skandalu Cambridge Analytica i przekaza\u0142, \u017ce powiadomi w\u0142asnych u\u017cytkownik\u00f3w o tym, \u017ce ich dane zosta\u0142y wykorzystane. Szacuje si\u0119, \u017ce takie powiadomienie mo\u017ce otrzyma\u0107 a\u017c 87 mln os\u00f3b. Nowe informacje sugeruj\u0105, \u017ce dane te mog\u0105 by\u0107 w r\u0119kach rosyjskich specjalist\u00f3w&#8230;<\/strong><\/h3>\n<p><strong>Wi\u0119cej dowiesz si\u0119 na:<\/strong>\u00a0<a href=\"http:\/\/www.komputerswiat.pl\/nowosci\/internet\/2018\/15\/facebook-powiadomi-uzytkownikow-ktorych-dane-ma-cambridge-analytica.aspx\" target=\"_blank\" rel=\"noopener noreferrer\">http:\/\/www.komputerswiat.pl<\/a><\/p>\n<h2><strong>Mark Zuckerberg przes\u0142uchiwany przez ameryka\u0144ski Kongres<\/strong><\/h2>\n<h3><strong>Wczorajsza sesja to prawie pi\u0119\u0107dziesi\u0119ciu senator\u00f3w, kt\u00f3rzy, m\u00f3wi\u0105c wprost, \u201egrillowali\u201d Marka Zuckerberga pytaniami na temat prywatno\u015bci na Facebooku, zarz\u0105dzania danymi, sprawami dotycz\u0105cymi skandalu z Cambridge Analytica, kt\u00f3ry by\u0142 podstaw\u0105 przes\u0142uchania przed Kongresem, czy pytaniami o to, jakie regulacje powinny by\u0107 jeszcze wdro\u017cone na Facebooku&#8230;<\/strong><\/h3>\n<p><strong>Wi\u0119cej dowiesz si\u0119 na:<\/strong>\u00a0<a href=\"http:\/\/www.komputerswiat.pl\/nowosci\/wydarzenia\/2018\/15\/mark-zuckerberg-przesluchiwany-przez-amerykanski-kongres.aspx\" target=\"_blank\" rel=\"noopener noreferrer\">http:\/\/www.komputerswiat.pl<\/a><\/p>\n<h2><strong>Gigantyczny skandal z\u00a0danymi: Facebook jako czynnik wyborczy?<\/strong><\/h2>\n<h3><strong>Miliony rekord\u00f3w z\u00a0danymi z\u00a0Facebooka zosta\u0142y wykorzystane w\u00a0walce wyborczej w\u00a0USA. CEO Zuckerberg jest pod coraz wi\u0119ksz\u0105 presj\u0105&#8230;<\/strong><\/h3>\n<p><strong>Wi\u0119cej dowiesz si\u0119 na:<\/strong>\u00a0<a href=\"http:\/\/www.komputerswiat.pl\/artykuly\/redakcyjne\/2018\/04\/cambridge-analytica-skandal-z-danymi.aspx\" target=\"_blank\" rel=\"noopener noreferrer\">http:\/\/www.komputerswiat.pl<\/a><\/p>\n<h2 class=\"title\"><strong>Facebook przygl\u0105da si\u0119 kilkudziesi\u0119ciu tysi\u0105com aplikacji zbieraj\u0105cych dane<\/strong><\/h2>\n<h3><strong>Za\u0142o\u017cyciel Facebooka, Mark Zuckerberg, przez 5 godzin zeznawa\u0142 przed ameryka\u0144sk\u0105 senack\u0105 komisj\u0105 handlu i wymiaru sprawiedliwo\u015bci. Przes\u0142uchanie dotyczy\u0142o wycieku danych co najmniej 87 milion\u00f3w u\u017cytkownik\u00f3w i roli jak\u0105 odegra\u0142 serwis spo\u0142eczno\u015bciowy podczas wybor\u00f3w prezydenckich w 2016 roku&#8230;<\/strong><\/h3>\n<p><strong>Wi\u0119cej dowiesz si\u0119 na:<\/strong>\u00a0http:\/\/www.chip.pl<\/p>\n<h2 class=\"entry_title\"><strong>Czy\u00a0Facebook w\u0142a\u015bnie przekracza granice absurdu? Wed\u0142ug mnie tak<\/strong><\/h2>\n<h3><strong>Na dzi\u015b zosta\u0142a zaplanowana akcja cichego &#8222;wy\u0142\u0105czenia&#8221; Facebooka. U\u017cytkownicy w ramach bojkotu maj\u0105 nie korzysta\u0107 z serwisu spo\u0142eczno\u015bciowego Marka Zuckerberga. Tymczasem, docieraj\u0105 do nas ju\u017c nie tyle zabawne, co wr\u0119cz absurdalne sygna\u0142y dotycz\u0105ce kolejnych ruch\u00f3w giganta. Ten ma pomys\u0142 na to jak &#8222;zapobiec&#8221; wyciekom danych &#8211; wystarczy, \u017ce stworzy odpowiedni program &#8222;bug bounty&#8221;, albo jak kto woli &#8222;leak bounty&#8221;&#8230;<\/strong><\/h3>\n<p><strong>Wi\u0119cej dowiesz si\u0119 na:<\/strong>\u00a0<a href=\"http:\/\/antyweb.pl\/facebook-leak-bounty-program\/\" target=\"_blank\" rel=\"noopener noreferrer\">http:\/\/antyweb.pl<\/a><\/p>\n<h2><strong>Afera Cambridge Analytica. Facebook pod ostrza\u0142em<\/strong><\/h2>\n<h3><strong>Najwi\u0119kszy serwis spo\u0142eczno\u015bciowy na \u015bwiecie ma chyba najpot\u0119\u017cniejsze w swojej historii problemy \u2013 fale krytyki spadaj\u0105 na Facebooka z ka\u017cdej strony, wp\u0142ywowi komentatorzy zalecaj\u0105 u\u017cytkownikom usuni\u0119cie kont w serwisie, a dziennikarze oskar\u017caj\u0105 go o udzia\u0142 w zmanipulowaniu wybor\u00f3w prezydenckich w USA. Wszystko to s\u0105 efekty ujawnienia tzw. afery Cambridge Analytica&#8230;<\/strong><\/h3>\n<p><strong>Wi\u0119cej dowiesz si\u0119 na:<\/strong>\u00a0https:\/\/www.pcworld.pl<\/p>\n<h2><strong>Steve Wozniak wypisa\u0142 si\u0119 z Facebooka<\/strong><\/h2>\n<h3><strong>Coraz wi\u0119cej os\u00f3b &#8211; w tym wiele prominentnych postaci zwi\u0105zanych z przemys\u0142em IT &#8211; rezygnuje ostatnio z us\u0142ug \u015bwiadczonych przez sie\u0107 spo\u0142eczno\u015bciow\u0105 Facebook. Powodem jest skandal zwi\u0105zany z tym, \u017ce Facebook udost\u0119pnia\u0142 poufne dane swoich klient\u00f3w zewn\u0119trznym firmom, takim jak Cambridge Analytica&#8230;<\/strong><\/h3>\n<p><strong>Wi\u0119cej dowiesz si\u0119 na:<\/strong>\u00a0https:\/\/www.computerworld.pl<\/p>\n<h2 class=\"post-title\"><strong>Spowied\u017a Marka Zuckerberga przed ameryka\u0144skim Kongresem. Zebrali\u015bmy najwa\u017cniejsze informacje<\/strong><\/h2>\n<h3><strong>Mark Zuckerberg zasiad\u0142 wczoraj przed ameryka\u0144skim Kongresem, aby zeznawa\u0107 w sprawie wycieku danych u\u017cytkownik\u00f3w. Podsumowali\u015bmy dla Was najwa\u017cniejsze informacje na temat Cambridge Analytica, ingerowania w wybory, mowy nienawi\u015bci czy modelu biznesowego Facebooka&#8230;<\/strong><\/h3>\n<p><strong>Wi\u0119cej dowiesz si\u0119 na:<\/strong>\u00a0<a href=\"https:\/\/socialpress.pl\/2018\/04\/spowiedz-marka-zuckerberga-przed-amerykanskim-kongresem-zebralismy-najwazniejsze-informacje\/\" target=\"_blank\" rel=\"noopener noreferrer\">https:\/\/socialpress.pl<\/a><\/p>\n<h2 class=\"title\"><strong>Zuckerberg przeprasza i obiecuje zmiany<\/strong><\/h2>\n<h3><strong>O aferze zwi\u0105zanej z Cambridge Analitica pisali\u015bmy szeroko w tek\u015bcie ok\u0142adkowym z tego tygodnia.\u00a0Poniewa\u017c sprawa zasz\u0142a na tyle daleko, \u017ce w USA powo\u0142ano specjaln\u0105 komisj\u0119 senack\u0105 do jej zbadania, by\u0142o jasne, \u017ce szef social-medialnego giganta w ko\u0144cu b\u0119dzie musia\u0142 zeznawa\u0107 publicznie. I tak te\u017c si\u0119 sta\u0142o&#8230;<\/strong><\/h3>\n<p><strong>Wi\u0119cej dowiesz si\u0119 na:<\/strong>\u00a0http:\/\/www.chip.pl<\/p>\n<h2 class=\"newsTitle\"><strong>Mark Zuckerberg: &#8222;Zawsze b\u0119dzie darmowa wersja Facebooka&#8221;<\/strong><\/h2>\n<h3><strong>&#8222;Nie zrobili\u015bmy do\u015b\u0107, by zapobiec niew\u0142a\u015bciwemu wykorzystaniu danych&#8221; i &#8222;zawsze b\u0119dzie darmowa wersja Facebooka&#8221; &#8211; tak m\u00f3wi\u0142 Mark Zuckerberg podczas przes\u0142uchania przed ameryka\u0144skim Kongresem, gdzie t\u0142umaczy\u0142 si\u0119 z &#8222;wycieku&#8221; danych do Cambridge Analytica&#8230;<\/strong><\/h3>\n<p><strong>Wi\u0119cej dowiesz si\u0119 na:<\/strong>\u00a0<a href=\"https:\/\/interaktywnie.com\/biznes\/newsy\/social-media\/mark-zuckerberg-zawsze-bedzie-darmowa-wersja-facebooka-257179?utm_source=feedburner&amp;utm_medium=feed&amp;utm_campaign=Feed%3A+Interaktywnie+%28Interaktywnie.com%29\" target=\"_blank\" rel=\"noopener noreferrer\">https:\/\/interaktywnie.com<\/a><\/p>\n<h2><strong>Zuckerberg zapowiada du\u017co zmian na Facebooku<\/strong><\/h2>\n<h3><strong>Po aferze zwi\u0105zanej z wykorzystaniem danych 87 milion\u00f3w u\u017cytkownik\u00f3w Facebooka przez firm\u0105 Cambridge Analitica, za\u0142o\u017cyciel tego najwi\u0119kszego na \u015bwiecie serwisu spo\u0142eczno\u015bciowego, Mark Zuckerberg, zapowiedzia\u0142 wprowadzenie wielu zmian w serwisie. Przede wszystkim serwis powiadomi wszystkich, kt\u00f3rych dane zosta\u0142y wykorzystane Cambridge Analitica, wysy\u0142aj\u0105c do tych os\u00f3b przeprosiny. Opr\u00f3cz tego w serwisie pojawi si\u0119 kilka znacz\u0105cych zmian dotycz\u0105cych prywatno\u015bci u\u017cytkownik\u00f3w. Przede wszystkim ilo\u015b\u0107 informacji poufnych, do jakich dost\u0119p mog\u0105 mie\u0107 aplikacje, zostanie ograniczona do trzech: zdj\u0119cia profilowego, adresu email i nazwiska&#8230;<\/strong><\/h3>\n<p><strong>Wi\u0119cej dowiesz si\u0119 na:<\/strong>\u00a0<a href=\"https:\/\/twojepc.pl\/news37146\/Zuckerberg-zapowiada-duzo-zmian-na-Facebooku.html\" target=\"_blank\" rel=\"noopener noreferrer\">https:\/\/twojepc.pl<\/a><\/p>\n<h2><strong>Instagram jak Facebook. Wkr\u00f3tce pobierzesz w\u0142asne dane<\/strong><\/h2>\n<h3><strong>Facebook ma obecnie problemy w zwi\u0105zku z przej\u0119ciem danych przez firm\u0119 Cambridge Analytica. Mark Zuckerberg i sp\u00f3\u0142ka zmieniaj\u0105 sporo obecnie we w\u0142asnym serwisie. Zmiany obejm\u0105 r\u00f3wnie\u017c aplikacj\u0119 Instagram, kt\u00f3r\u0105 Facebook przej\u0105\u0142 kilka lat temu. Wkr\u00f3tce instagramowicze dostan\u0105 nowe narz\u0119dzie, kt\u00f3re pozwoli pobra\u0107 opublikowane dane&#8230;<\/strong><\/h3>\n<p><strong>Wi\u0119cej dowiesz si\u0119 na:<\/strong>\u00a0<a href=\"http:\/\/www.komputerswiat.pl\/nowosci\/aplikacje\/2018\/15\/instagram-jak-facebook-wkrotce-pobierzesz-wlasne-dane.aspx\" target=\"_blank\" rel=\"noopener noreferrer\">http:\/\/www.komputerswiat.pl<\/a><\/p>\n<h2 class=\"post-title\"><strong>Instagram kopiuje funkcj\u0119 QR kod\u00f3w od Snapchata<\/strong><\/h2>\n<h3><strong>Kolejna nowo\u015b\u0107 na Instagramie? W trakcie test\u00f3w jest obecnie opcja znana nam ze Snapchata. Prawdopodobnie wkr\u00f3tce u\u017cytkownicy b\u0119d\u0105 mogli tworzy\u0107 tzw. &#8222;Nametags&#8221;, czyli QR kody kieruj\u0105ce do ich profilu&#8230;<\/strong><\/h3>\n<p><strong>Wi\u0119cej dowiesz si\u0119 na:<\/strong>\u00a0https:\/\/socialpress.pl<\/p>\n","protected":false},"excerpt":{"rendered":"<p>Facebook Stories dostanie nowe funkcje. Jakie dok\u0142adnie? Facebook Stories nie jest mo\u017ce tak popularne, jak w\u015br\u00f3d u\u017cytkownik\u00f3w Instagramu. Tymczasem w przygotowaniu s\u0105 nowe funkcje, kt\u00f3re maj\u0105 urozmaici\u0107 u\u017cytkownikom korzystanie z relacji. Facebook planuje doda\u0107 w ci\u0105gu kilku najbli\u017cszych tygodni nowe funkcje dla aparatu, w tym oparte na AR&#8230; Wi\u0119cej dowiesz si\u0119 na:\u00a0http:\/\/www.komputerswiat.pl Media spo\u0142eczno\u015bciowe niszcz\u0105 &hellip;<\/p>\n","protected":false},"author":1,"featured_media":603428,"comment_status":"open","ping_status":"closed","sticky":false,"template":"","format":"standard","meta":{"footnotes":""},"categories":[1312],"tags":[3791,3789,1515,3790,1396],"class_list":["post-603424","post","type-post","status-publish","format-standard","has-post-thumbnail","","category-social-media","tag-afera-cambridge-analytica","tag-facebook-stories","tag-instagram","tag-korzystanie-z-linkedin","tag-snapchat"],"yoast_head":"<!-- This site is optimized with the Yoast SEO plugin v27.5 - https:\/\/yoast.com\/product\/yoast-seo-wordpress\/ -->\n<title>Facebook Stories i nowe funkcje. Media spo\u0142eczno\u015bciowe przeciw demokracji. Jak korzysta\u0107 z Linkedin. Dalej o aferze Facebookowej &#187; Legiobiznes.pl<\/title>\n<meta name=\"description\" content=\"Facebook Stories i nowe funkcje. Media spo\u0142eczno\u015bciowe przeciw demokracji. Jak korzysta\u0107 z Linkedin. Dalej o aferze Facebookowej\" \/>\n<meta name=\"robots\" content=\"index, follow, max-snippet:-1, max-image-preview:large, max-video-preview:-1\" \/>\n<link rel=\"canonical\" href=\"https:\/\/legiobiznes.pl\/I\/facebook-stories-i-nowe-funkcje-media-spolecznosciowe-przeciw-demokracji-jak-korzystac-z-linkedin-dalej-o-aferze-facebookowej\/\" \/>\n<meta property=\"og:locale\" content=\"pl_PL\" \/>\n<meta property=\"og:type\" content=\"article\" \/>\n<meta property=\"og:title\" content=\"Facebook Stories i nowe funkcje. Media spo\u0142eczno\u015bciowe przeciw demokracji. Jak korzysta\u0107 z Linkedin. Dalej o aferze Facebookowej &#187; Legiobiznes.pl\" \/>\n<meta property=\"og:description\" content=\"Facebook Stories i nowe funkcje. Media spo\u0142eczno\u015bciowe przeciw demokracji. Jak korzysta\u0107 z Linkedin. Dalej o aferze Facebookowej\" \/>\n<meta property=\"og:url\" content=\"https:\/\/legiobiznes.pl\/I\/facebook-stories-i-nowe-funkcje-media-spolecznosciowe-przeciw-demokracji-jak-korzystac-z-linkedin-dalej-o-aferze-facebookowej\/\" \/>\n<meta property=\"og:site_name\" content=\"Legiobiznes.pl\" \/>\n<meta property=\"article:publisher\" content=\"https:\/\/www.facebook.com\/LegioBiznes\/\" \/>\n<meta property=\"article:published_time\" content=\"2018-04-14T06:17:45+00:00\" \/>\n<meta property=\"article:modified_time\" content=\"2025-09-02T16:09:09+00:00\" \/>\n<meta property=\"og:image\" content=\"https:\/\/legiobiznes.pl\/I\/wp-content\/uploads\/2018\/04\/Facebook-Stories-i-nowe-funkcje.-Media-spo\u0142eczno\u015bciowe-przeciw-demokracji.-Jak-korzysta\u0107-z-Linkedin.-Dalej-o-aferze-Facebookowej.jpg\" \/>\n\t<meta property=\"og:image:width\" content=\"960\" \/>\n\t<meta property=\"og:image:height\" content=\"640\" \/>\n\t<meta property=\"og:image:type\" content=\"image\/jpeg\" \/>\n<meta name=\"author\" content=\"Legiobiznes.pl\" \/>\n<meta name=\"twitter:card\" content=\"summary_large_image\" \/>\n<meta name=\"twitter:creator\" content=\"@LegioBiznesPL\" \/>\n<meta name=\"twitter:site\" content=\"@LegioBiznesPL\" \/>\n<meta name=\"twitter:label1\" content=\"Napisane przez\" \/>\n\t<meta name=\"twitter:data1\" content=\"Legiobiznes.pl\" \/>\n\t<meta name=\"twitter:label2\" content=\"Szacowany czas czytania\" \/>\n\t<meta name=\"twitter:data2\" content=\"7 minut\" \/>\n<script type=\"application\/ld+json\" class=\"yoast-schema-graph\">{\"@context\":\"https:\\\/\\\/schema.org\",\"@graph\":[{\"@type\":\"Article\",\"@id\":\"https:\\\/\\\/legiobiznes.pl\\\/I\\\/facebook-stories-i-nowe-funkcje-media-spolecznosciowe-przeciw-demokracji-jak-korzystac-z-linkedin-dalej-o-aferze-facebookowej\\\/#article\",\"isPartOf\":{\"@id\":\"https:\\\/\\\/legiobiznes.pl\\\/I\\\/facebook-stories-i-nowe-funkcje-media-spolecznosciowe-przeciw-demokracji-jak-korzystac-z-linkedin-dalej-o-aferze-facebookowej\\\/\"},\"author\":{\"name\":\"Legiobiznes.pl\",\"@id\":\"https:\\\/\\\/legiobiznes.pl\\\/I\\\/#\\\/schema\\\/person\\\/33c4505a5d28a7c944baf038996052d4\"},\"headline\":\"Facebook Stories i nowe funkcje. Media spo\u0142eczno\u015bciowe przeciw demokracji. Jak korzysta\u0107 z Linkedin. Dalej o aferze Facebookowej\",\"datePublished\":\"2018-04-14T06:17:45+00:00\",\"dateModified\":\"2025-09-02T16:09:09+00:00\",\"mainEntityOfPage\":{\"@id\":\"https:\\\/\\\/legiobiznes.pl\\\/I\\\/facebook-stories-i-nowe-funkcje-media-spolecznosciowe-przeciw-demokracji-jak-korzystac-z-linkedin-dalej-o-aferze-facebookowej\\\/\"},\"wordCount\":1347,\"commentCount\":0,\"publisher\":{\"@id\":\"https:\\\/\\\/legiobiznes.pl\\\/I\\\/#organization\"},\"image\":{\"@id\":\"https:\\\/\\\/legiobiznes.pl\\\/I\\\/facebook-stories-i-nowe-funkcje-media-spolecznosciowe-przeciw-demokracji-jak-korzystac-z-linkedin-dalej-o-aferze-facebookowej\\\/#primaryimage\"},\"thumbnailUrl\":\"https:\\\/\\\/legiobiznes.pl\\\/I\\\/wp-content\\\/uploads\\\/2018\\\/04\\\/Facebook-Stories-i-nowe-funkcje.-Media-spo\u0142eczno\u015bciowe-przeciw-demokracji.-Jak-korzysta\u0107-z-Linkedin.-Dalej-o-aferze-Facebookowej.jpg\",\"keywords\":[\"Afera Cambridge Analytica\",\"Facebook Stories\",\"Instagram\",\"korzystanie z Linkedin\",\"Snapchat\"],\"articleSection\":[\"Social Media\"],\"inLanguage\":\"pl-PL\",\"potentialAction\":[{\"@type\":\"CommentAction\",\"name\":\"Comment\",\"target\":[\"https:\\\/\\\/legiobiznes.pl\\\/I\\\/facebook-stories-i-nowe-funkcje-media-spolecznosciowe-przeciw-demokracji-jak-korzystac-z-linkedin-dalej-o-aferze-facebookowej\\\/#respond\"]}]},{\"@type\":\"WebPage\",\"@id\":\"https:\\\/\\\/legiobiznes.pl\\\/I\\\/facebook-stories-i-nowe-funkcje-media-spolecznosciowe-przeciw-demokracji-jak-korzystac-z-linkedin-dalej-o-aferze-facebookowej\\\/\",\"url\":\"https:\\\/\\\/legiobiznes.pl\\\/I\\\/facebook-stories-i-nowe-funkcje-media-spolecznosciowe-przeciw-demokracji-jak-korzystac-z-linkedin-dalej-o-aferze-facebookowej\\\/\",\"name\":\"Facebook Stories i nowe funkcje. Media spo\u0142eczno\u015bciowe przeciw demokracji. Jak korzysta\u0107 z Linkedin. Dalej o aferze Facebookowej &#187; Legiobiznes.pl\",\"isPartOf\":{\"@id\":\"https:\\\/\\\/legiobiznes.pl\\\/I\\\/#website\"},\"primaryImageOfPage\":{\"@id\":\"https:\\\/\\\/legiobiznes.pl\\\/I\\\/facebook-stories-i-nowe-funkcje-media-spolecznosciowe-przeciw-demokracji-jak-korzystac-z-linkedin-dalej-o-aferze-facebookowej\\\/#primaryimage\"},\"image\":{\"@id\":\"https:\\\/\\\/legiobiznes.pl\\\/I\\\/facebook-stories-i-nowe-funkcje-media-spolecznosciowe-przeciw-demokracji-jak-korzystac-z-linkedin-dalej-o-aferze-facebookowej\\\/#primaryimage\"},\"thumbnailUrl\":\"https:\\\/\\\/legiobiznes.pl\\\/I\\\/wp-content\\\/uploads\\\/2018\\\/04\\\/Facebook-Stories-i-nowe-funkcje.-Media-spo\u0142eczno\u015bciowe-przeciw-demokracji.-Jak-korzysta\u0107-z-Linkedin.-Dalej-o-aferze-Facebookowej.jpg\",\"datePublished\":\"2018-04-14T06:17:45+00:00\",\"dateModified\":\"2025-09-02T16:09:09+00:00\",\"description\":\"Facebook Stories i nowe funkcje. Media spo\u0142eczno\u015bciowe przeciw demokracji. Jak korzysta\u0107 z Linkedin. Dalej o aferze Facebookowej\",\"breadcrumb\":{\"@id\":\"https:\\\/\\\/legiobiznes.pl\\\/I\\\/facebook-stories-i-nowe-funkcje-media-spolecznosciowe-przeciw-demokracji-jak-korzystac-z-linkedin-dalej-o-aferze-facebookowej\\\/#breadcrumb\"},\"inLanguage\":\"pl-PL\",\"potentialAction\":[{\"@type\":\"ReadAction\",\"target\":[\"https:\\\/\\\/legiobiznes.pl\\\/I\\\/facebook-stories-i-nowe-funkcje-media-spolecznosciowe-przeciw-demokracji-jak-korzystac-z-linkedin-dalej-o-aferze-facebookowej\\\/\"]}]},{\"@type\":\"ImageObject\",\"inLanguage\":\"pl-PL\",\"@id\":\"https:\\\/\\\/legiobiznes.pl\\\/I\\\/facebook-stories-i-nowe-funkcje-media-spolecznosciowe-przeciw-demokracji-jak-korzystac-z-linkedin-dalej-o-aferze-facebookowej\\\/#primaryimage\",\"url\":\"https:\\\/\\\/legiobiznes.pl\\\/I\\\/wp-content\\\/uploads\\\/2018\\\/04\\\/Facebook-Stories-i-nowe-funkcje.-Media-spo\u0142eczno\u015bciowe-przeciw-demokracji.-Jak-korzysta\u0107-z-Linkedin.-Dalej-o-aferze-Facebookowej.jpg\",\"contentUrl\":\"https:\\\/\\\/legiobiznes.pl\\\/I\\\/wp-content\\\/uploads\\\/2018\\\/04\\\/Facebook-Stories-i-nowe-funkcje.-Media-spo\u0142eczno\u015bciowe-przeciw-demokracji.-Jak-korzysta\u0107-z-Linkedin.-Dalej-o-aferze-Facebookowej.jpg\",\"width\":\"960\",\"height\":\"640\",\"caption\":\"Facebook Stories i nowe funkcje. Media spo\u0142eczno\u015bciowe przeciw demokracji. Jak korzysta\u0107 z Linkedin. Dalej o aferze Facebookowej\"},{\"@type\":\"BreadcrumbList\",\"@id\":\"https:\\\/\\\/legiobiznes.pl\\\/I\\\/facebook-stories-i-nowe-funkcje-media-spolecznosciowe-przeciw-demokracji-jak-korzystac-z-linkedin-dalej-o-aferze-facebookowej\\\/#breadcrumb\",\"itemListElement\":[{\"@type\":\"ListItem\",\"position\":1,\"name\":\"Strona g\u0142\u00f3wna\",\"item\":\"https:\\\/\\\/legiobiznes.pl\\\/I\\\/\"},{\"@type\":\"ListItem\",\"position\":2,\"name\":\"Facebook Stories i nowe funkcje. Media spo\u0142eczno\u015bciowe przeciw demokracji. Jak korzysta\u0107 z Linkedin. Dalej o aferze Facebookowej\"}]},{\"@type\":\"WebSite\",\"@id\":\"https:\\\/\\\/legiobiznes.pl\\\/I\\\/#website\",\"url\":\"https:\\\/\\\/legiobiznes.pl\\\/I\\\/\",\"name\":\"Legiobiznes.pl\",\"description\":\"Kryptowaluty, Bezpiecze\u0144stwo IT, E-biznes | LegioBiznes.PL\",\"publisher\":{\"@id\":\"https:\\\/\\\/legiobiznes.pl\\\/I\\\/#organization\"},\"potentialAction\":[{\"@type\":\"SearchAction\",\"target\":{\"@type\":\"EntryPoint\",\"urlTemplate\":\"https:\\\/\\\/legiobiznes.pl\\\/I\\\/?s={search_term_string}\"},\"query-input\":{\"@type\":\"PropertyValueSpecification\",\"valueRequired\":true,\"valueName\":\"search_term_string\"}}],\"inLanguage\":\"pl-PL\"},{\"@type\":\"Organization\",\"@id\":\"https:\\\/\\\/legiobiznes.pl\\\/I\\\/#organization\",\"name\":\"LegioBiznes.PL\",\"url\":\"https:\\\/\\\/legiobiznes.pl\\\/I\\\/\",\"logo\":{\"@type\":\"ImageObject\",\"inLanguage\":\"pl-PL\",\"@id\":\"https:\\\/\\\/legiobiznes.pl\\\/I\\\/#\\\/schema\\\/logo\\\/image\\\/\",\"url\":\"https:\\\/\\\/legiobiznes.pl\\\/I\\\/wp-content\\\/uploads\\\/2017\\\/08\\\/legiobiznespl-logo2-e1503834302371.png\",\"contentUrl\":\"https:\\\/\\\/legiobiznes.pl\\\/I\\\/wp-content\\\/uploads\\\/2017\\\/08\\\/legiobiznespl-logo2-e1503834302371.png\",\"width\":180,\"height\":76,\"caption\":\"LegioBiznes.PL\"},\"image\":{\"@id\":\"https:\\\/\\\/legiobiznes.pl\\\/I\\\/#\\\/schema\\\/logo\\\/image\\\/\"},\"sameAs\":[\"https:\\\/\\\/www.facebook.com\\\/LegioBiznes\\\/\",\"https:\\\/\\\/x.com\\\/LegioBiznesPL\",\"https:\\\/\\\/www.youtube.com\\\/channel\\\/UCEhszB39vxk96yIXD-jOORw\"]},{\"@type\":\"Person\",\"@id\":\"https:\\\/\\\/legiobiznes.pl\\\/I\\\/#\\\/schema\\\/person\\\/33c4505a5d28a7c944baf038996052d4\",\"name\":\"Legiobiznes.pl\",\"image\":{\"@type\":\"ImageObject\",\"inLanguage\":\"pl-PL\",\"@id\":\"https:\\\/\\\/legiobiznes.pl\\\/I\\\/wp-content\\\/uploads\\\/2019\\\/07\\\/favicon-Legiobiznes-150x150.png\",\"url\":\"https:\\\/\\\/legiobiznes.pl\\\/I\\\/wp-content\\\/uploads\\\/2019\\\/07\\\/favicon-Legiobiznes-150x150.png\",\"contentUrl\":\"https:\\\/\\\/legiobiznes.pl\\\/I\\\/wp-content\\\/uploads\\\/2019\\\/07\\\/favicon-Legiobiznes-150x150.png\",\"caption\":\"Legiobiznes.pl\"},\"description\":\"Budowa i tworzenie profesjonalnych, responsywnych (RWD) stron www. Pozycjonowanie SEO, sklepy internetowe eSklep...\",\"url\":\"https:\\\/\\\/legiobiznes.pl\\\/I\\\/author\\\/boss\\\/\"}]}<\/script>\n<!-- \/ Yoast SEO plugin. -->","yoast_head_json":{"title":"Facebook Stories i nowe funkcje. Media spo\u0142eczno\u015bciowe przeciw demokracji. Jak korzysta\u0107 z Linkedin. Dalej o aferze Facebookowej &#187; Legiobiznes.pl","description":"Facebook Stories i nowe funkcje. Media spo\u0142eczno\u015bciowe przeciw demokracji. Jak korzysta\u0107 z Linkedin. Dalej o aferze Facebookowej","robots":{"index":"index","follow":"follow","max-snippet":"max-snippet:-1","max-image-preview":"max-image-preview:large","max-video-preview":"max-video-preview:-1"},"canonical":"https:\/\/legiobiznes.pl\/I\/facebook-stories-i-nowe-funkcje-media-spolecznosciowe-przeciw-demokracji-jak-korzystac-z-linkedin-dalej-o-aferze-facebookowej\/","og_locale":"pl_PL","og_type":"article","og_title":"Facebook Stories i nowe funkcje. Media spo\u0142eczno\u015bciowe przeciw demokracji. Jak korzysta\u0107 z Linkedin. Dalej o aferze Facebookowej &#187; Legiobiznes.pl","og_description":"Facebook Stories i nowe funkcje. Media spo\u0142eczno\u015bciowe przeciw demokracji. Jak korzysta\u0107 z Linkedin. Dalej o aferze Facebookowej","og_url":"https:\/\/legiobiznes.pl\/I\/facebook-stories-i-nowe-funkcje-media-spolecznosciowe-przeciw-demokracji-jak-korzystac-z-linkedin-dalej-o-aferze-facebookowej\/","og_site_name":"Legiobiznes.pl","article_publisher":"https:\/\/www.facebook.com\/LegioBiznes\/","article_published_time":"2018-04-14T06:17:45+00:00","article_modified_time":"2025-09-02T16:09:09+00:00","og_image":[{"width":960,"height":640,"url":"https:\/\/legiobiznes.pl\/I\/wp-content\/uploads\/2018\/04\/Facebook-Stories-i-nowe-funkcje.-Media-spo\u0142eczno\u015bciowe-przeciw-demokracji.-Jak-korzysta\u0107-z-Linkedin.-Dalej-o-aferze-Facebookowej.jpg","type":"image\/jpeg"}],"author":"Legiobiznes.pl","twitter_card":"summary_large_image","twitter_creator":"@LegioBiznesPL","twitter_site":"@LegioBiznesPL","twitter_misc":{"Napisane przez":"Legiobiznes.pl","Szacowany czas czytania":"7 minut"},"schema":{"@context":"https:\/\/schema.org","@graph":[{"@type":"Article","@id":"https:\/\/legiobiznes.pl\/I\/facebook-stories-i-nowe-funkcje-media-spolecznosciowe-przeciw-demokracji-jak-korzystac-z-linkedin-dalej-o-aferze-facebookowej\/#article","isPartOf":{"@id":"https:\/\/legiobiznes.pl\/I\/facebook-stories-i-nowe-funkcje-media-spolecznosciowe-przeciw-demokracji-jak-korzystac-z-linkedin-dalej-o-aferze-facebookowej\/"},"author":{"name":"Legiobiznes.pl","@id":"https:\/\/legiobiznes.pl\/I\/#\/schema\/person\/33c4505a5d28a7c944baf038996052d4"},"headline":"Facebook Stories i nowe funkcje. Media spo\u0142eczno\u015bciowe przeciw demokracji. Jak korzysta\u0107 z Linkedin. Dalej o aferze Facebookowej","datePublished":"2018-04-14T06:17:45+00:00","dateModified":"2025-09-02T16:09:09+00:00","mainEntityOfPage":{"@id":"https:\/\/legiobiznes.pl\/I\/facebook-stories-i-nowe-funkcje-media-spolecznosciowe-przeciw-demokracji-jak-korzystac-z-linkedin-dalej-o-aferze-facebookowej\/"},"wordCount":1347,"commentCount":0,"publisher":{"@id":"https:\/\/legiobiznes.pl\/I\/#organization"},"image":{"@id":"https:\/\/legiobiznes.pl\/I\/facebook-stories-i-nowe-funkcje-media-spolecznosciowe-przeciw-demokracji-jak-korzystac-z-linkedin-dalej-o-aferze-facebookowej\/#primaryimage"},"thumbnailUrl":"https:\/\/legiobiznes.pl\/I\/wp-content\/uploads\/2018\/04\/Facebook-Stories-i-nowe-funkcje.-Media-spo\u0142eczno\u015bciowe-przeciw-demokracji.-Jak-korzysta\u0107-z-Linkedin.-Dalej-o-aferze-Facebookowej.jpg","keywords":["Afera Cambridge Analytica","Facebook Stories","Instagram","korzystanie z Linkedin","Snapchat"],"articleSection":["Social Media"],"inLanguage":"pl-PL","potentialAction":[{"@type":"CommentAction","name":"Comment","target":["https:\/\/legiobiznes.pl\/I\/facebook-stories-i-nowe-funkcje-media-spolecznosciowe-przeciw-demokracji-jak-korzystac-z-linkedin-dalej-o-aferze-facebookowej\/#respond"]}]},{"@type":"WebPage","@id":"https:\/\/legiobiznes.pl\/I\/facebook-stories-i-nowe-funkcje-media-spolecznosciowe-przeciw-demokracji-jak-korzystac-z-linkedin-dalej-o-aferze-facebookowej\/","url":"https:\/\/legiobiznes.pl\/I\/facebook-stories-i-nowe-funkcje-media-spolecznosciowe-przeciw-demokracji-jak-korzystac-z-linkedin-dalej-o-aferze-facebookowej\/","name":"Facebook Stories i nowe funkcje. Media spo\u0142eczno\u015bciowe przeciw demokracji. Jak korzysta\u0107 z Linkedin. Dalej o aferze Facebookowej &#187; Legiobiznes.pl","isPartOf":{"@id":"https:\/\/legiobiznes.pl\/I\/#website"},"primaryImageOfPage":{"@id":"https:\/\/legiobiznes.pl\/I\/facebook-stories-i-nowe-funkcje-media-spolecznosciowe-przeciw-demokracji-jak-korzystac-z-linkedin-dalej-o-aferze-facebookowej\/#primaryimage"},"image":{"@id":"https:\/\/legiobiznes.pl\/I\/facebook-stories-i-nowe-funkcje-media-spolecznosciowe-przeciw-demokracji-jak-korzystac-z-linkedin-dalej-o-aferze-facebookowej\/#primaryimage"},"thumbnailUrl":"https:\/\/legiobiznes.pl\/I\/wp-content\/uploads\/2018\/04\/Facebook-Stories-i-nowe-funkcje.-Media-spo\u0142eczno\u015bciowe-przeciw-demokracji.-Jak-korzysta\u0107-z-Linkedin.-Dalej-o-aferze-Facebookowej.jpg","datePublished":"2018-04-14T06:17:45+00:00","dateModified":"2025-09-02T16:09:09+00:00","description":"Facebook Stories i nowe funkcje. Media spo\u0142eczno\u015bciowe przeciw demokracji. Jak korzysta\u0107 z Linkedin. Dalej o aferze Facebookowej","breadcrumb":{"@id":"https:\/\/legiobiznes.pl\/I\/facebook-stories-i-nowe-funkcje-media-spolecznosciowe-przeciw-demokracji-jak-korzystac-z-linkedin-dalej-o-aferze-facebookowej\/#breadcrumb"},"inLanguage":"pl-PL","potentialAction":[{"@type":"ReadAction","target":["https:\/\/legiobiznes.pl\/I\/facebook-stories-i-nowe-funkcje-media-spolecznosciowe-przeciw-demokracji-jak-korzystac-z-linkedin-dalej-o-aferze-facebookowej\/"]}]},{"@type":"ImageObject","inLanguage":"pl-PL","@id":"https:\/\/legiobiznes.pl\/I\/facebook-stories-i-nowe-funkcje-media-spolecznosciowe-przeciw-demokracji-jak-korzystac-z-linkedin-dalej-o-aferze-facebookowej\/#primaryimage","url":"https:\/\/legiobiznes.pl\/I\/wp-content\/uploads\/2018\/04\/Facebook-Stories-i-nowe-funkcje.-Media-spo\u0142eczno\u015bciowe-przeciw-demokracji.-Jak-korzysta\u0107-z-Linkedin.-Dalej-o-aferze-Facebookowej.jpg","contentUrl":"https:\/\/legiobiznes.pl\/I\/wp-content\/uploads\/2018\/04\/Facebook-Stories-i-nowe-funkcje.-Media-spo\u0142eczno\u015bciowe-przeciw-demokracji.-Jak-korzysta\u0107-z-Linkedin.-Dalej-o-aferze-Facebookowej.jpg","width":"960","height":"640","caption":"Facebook Stories i nowe funkcje. Media spo\u0142eczno\u015bciowe przeciw demokracji. Jak korzysta\u0107 z Linkedin. Dalej o aferze Facebookowej"},{"@type":"BreadcrumbList","@id":"https:\/\/legiobiznes.pl\/I\/facebook-stories-i-nowe-funkcje-media-spolecznosciowe-przeciw-demokracji-jak-korzystac-z-linkedin-dalej-o-aferze-facebookowej\/#breadcrumb","itemListElement":[{"@type":"ListItem","position":1,"name":"Strona g\u0142\u00f3wna","item":"https:\/\/legiobiznes.pl\/I\/"},{"@type":"ListItem","position":2,"name":"Facebook Stories i nowe funkcje. Media spo\u0142eczno\u015bciowe przeciw demokracji. Jak korzysta\u0107 z Linkedin. Dalej o aferze Facebookowej"}]},{"@type":"WebSite","@id":"https:\/\/legiobiznes.pl\/I\/#website","url":"https:\/\/legiobiznes.pl\/I\/","name":"Legiobiznes.pl","description":"Kryptowaluty, Bezpiecze\u0144stwo IT, E-biznes | LegioBiznes.PL","publisher":{"@id":"https:\/\/legiobiznes.pl\/I\/#organization"},"potentialAction":[{"@type":"SearchAction","target":{"@type":"EntryPoint","urlTemplate":"https:\/\/legiobiznes.pl\/I\/?s={search_term_string}"},"query-input":{"@type":"PropertyValueSpecification","valueRequired":true,"valueName":"search_term_string"}}],"inLanguage":"pl-PL"},{"@type":"Organization","@id":"https:\/\/legiobiznes.pl\/I\/#organization","name":"LegioBiznes.PL","url":"https:\/\/legiobiznes.pl\/I\/","logo":{"@type":"ImageObject","inLanguage":"pl-PL","@id":"https:\/\/legiobiznes.pl\/I\/#\/schema\/logo\/image\/","url":"https:\/\/legiobiznes.pl\/I\/wp-content\/uploads\/2017\/08\/legiobiznespl-logo2-e1503834302371.png","contentUrl":"https:\/\/legiobiznes.pl\/I\/wp-content\/uploads\/2017\/08\/legiobiznespl-logo2-e1503834302371.png","width":180,"height":76,"caption":"LegioBiznes.PL"},"image":{"@id":"https:\/\/legiobiznes.pl\/I\/#\/schema\/logo\/image\/"},"sameAs":["https:\/\/www.facebook.com\/LegioBiznes\/","https:\/\/x.com\/LegioBiznesPL","https:\/\/www.youtube.com\/channel\/UCEhszB39vxk96yIXD-jOORw"]},{"@type":"Person","@id":"https:\/\/legiobiznes.pl\/I\/#\/schema\/person\/33c4505a5d28a7c944baf038996052d4","name":"Legiobiznes.pl","image":{"@type":"ImageObject","inLanguage":"pl-PL","@id":"https:\/\/legiobiznes.pl\/I\/wp-content\/uploads\/2019\/07\/favicon-Legiobiznes-150x150.png","url":"https:\/\/legiobiznes.pl\/I\/wp-content\/uploads\/2019\/07\/favicon-Legiobiznes-150x150.png","contentUrl":"https:\/\/legiobiznes.pl\/I\/wp-content\/uploads\/2019\/07\/favicon-Legiobiznes-150x150.png","caption":"Legiobiznes.pl"},"description":"Budowa i tworzenie profesjonalnych, responsywnych (RWD) stron www. Pozycjonowanie SEO, sklepy internetowe eSklep...","url":"https:\/\/legiobiznes.pl\/I\/author\/boss\/"}]}},"_links":{"self":[{"href":"https:\/\/legiobiznes.pl\/I\/wp-json\/wp\/v2\/posts\/603424","targetHints":{"allow":["GET"]}}],"collection":[{"href":"https:\/\/legiobiznes.pl\/I\/wp-json\/wp\/v2\/posts"}],"about":[{"href":"https:\/\/legiobiznes.pl\/I\/wp-json\/wp\/v2\/types\/post"}],"author":[{"embeddable":true,"href":"https:\/\/legiobiznes.pl\/I\/wp-json\/wp\/v2\/users\/1"}],"replies":[{"embeddable":true,"href":"https:\/\/legiobiznes.pl\/I\/wp-json\/wp\/v2\/comments?post=603424"}],"version-history":[{"count":4,"href":"https:\/\/legiobiznes.pl\/I\/wp-json\/wp\/v2\/posts\/603424\/revisions"}],"predecessor-version":[{"id":1706099,"href":"https:\/\/legiobiznes.pl\/I\/wp-json\/wp\/v2\/posts\/603424\/revisions\/1706099"}],"wp:featuredmedia":[{"embeddable":true,"href":"https:\/\/legiobiznes.pl\/I\/wp-json\/wp\/v2\/media\/603428"}],"wp:attachment":[{"href":"https:\/\/legiobiznes.pl\/I\/wp-json\/wp\/v2\/media?parent=603424"}],"wp:term":[{"taxonomy":"category","embeddable":true,"href":"https:\/\/legiobiznes.pl\/I\/wp-json\/wp\/v2\/categories?post=603424"},{"taxonomy":"post_tag","embeddable":true,"href":"https:\/\/legiobiznes.pl\/I\/wp-json\/wp\/v2\/tags?post=603424"}],"curies":[{"name":"wp","href":"https:\/\/api.w.org\/{rel}","templated":true}]}}