{"id":607830,"date":"2018-04-17T22:21:16","date_gmt":"2018-04-17T20:21:16","guid":{"rendered":"https:\/\/legiobiznes.pl\/I\/?p=607830"},"modified":"2024-10-08T07:16:11","modified_gmt":"2024-10-08T05:16:11","slug":"facebook-pozwany-za-zbieranie-danych-czy-rodo-wplynie-na-dane-w-chmurze-docisna-ubera-t-mobile-ukarane-za-limity-polaczen-wychodzacych","status":"publish","type":"post","link":"https:\/\/legiobiznes.pl\/I\/facebook-pozwany-za-zbieranie-danych-czy-rodo-wplynie-na-dane-w-chmurze-docisna-ubera-t-mobile-ukarane-za-limity-polaczen-wychodzacych\/","title":{"rendered":"Facebook pozwany za zbieranie danych. Czy RODO wp\u0142ynie na dane w chmurze. &#8222;Docisn\u0105&#8221; Ubera! T-Mobile ukarane za limity po\u0142\u0105cze\u0144 wychodz\u0105cych"},"content":{"rendered":"<h2><strong>Facebook pozwany w sprawie nielegalnego zbierania danych biometrycznych<\/strong><\/h2>\n<h3><strong>Ostatnio Facebook znalaz\u0142 si\u0119 pod sporym ostrza\u0142em. Przede wszystkim Mark Zuckerberg musia\u0142 odpowiada\u0107 na r\u00f3\u017cnorakie pytania przed ameryka\u0144skim Kongresem ze wzl\u0119du na skandal dotycz\u0105cy Cambridge Analytica. Teraz, jak si\u0119 okazuje, firma zosta\u0142a tak\u017ce oskar\u017cona o nielegalne zbieranie danych biometrycznych.<\/strong><\/h3>\n<p>O co chodzi? O technologi\u0119 rozpoznawania twarzy. Facebook ju\u017c w 2011 roku wprowadzi\u0142 w niekt\u00f3rych krajach, np. USA us\u0142ug\u0119, kt\u00f3ra pozwala\u0142a na automatyczne tagowanie os\u00f3b na zdj\u0119ciach&#8230;<\/p>\n<p><strong>Wi\u0119cej dowiesz si\u0119 na:<\/strong>\u00a0<a href=\"http:\/\/www.komputerswiat.pl\/nowosci\/wydarzenia\/2018\/16\/facebook-pozwany-w-sprawie-nielegalnego-zbierania-danych-biometrycznych.aspx\" target=\"_blank\" rel=\"noopener noreferrer\">http:\/\/www.komputerswiat.pl<\/a><\/p>\n<h2><strong>Czy RODO wp\u0142ynie na informacje przechowywane w chmurze?<\/strong><\/h2>\n<h3><strong>Og\u00f3lne rozporz\u0105dzenie o ochronie danych osobowych wejdzie w \u017cycie 25 maja 2018 r. Nie oznacza to jednak, \u017ce us\u0142ugodawcy dzia\u0142aj\u0105cy na terenie Unii Europejskiej dopiero po up\u0142ywie tej daty zaczn\u0105 wprowadza\u0107 odpowiednie zmiany &#8211; bran\u017ca IT wdra\u017ca kodeksy okre\u015blaj\u0105ce wymogi przechowywania danych ju\u017c od 2016 roku.<\/strong><\/h3>\n<p>Rozporz\u0105dzenie RODO zostanie wprowadzone w celu ujednolicenia wytycznych na poziomie europejskim, ustanawiaj\u0105c zasady dotycz\u0105ce przechowywania danych. Przewiduje te\u017c utworzenie nowej pozycji korporacyjnej &#8211; inspektora ochrony danych &#8211; w ramach kt\u00f3rej zadania te b\u0119d\u0105 zarz\u0105dzane. R\u00f3\u017cne stowarzyszenia i organizacje dostawc\u00f3w us\u0142ug staraj\u0105 si\u0119 wdra\u017ca\u0107 przepisy w zakresie ochrony i bezpiecze\u0144stwa danych. Zdaniem Gartnera do 2019 roku 30% dostawc\u00f3w us\u0142ug w chmurze dzia\u0142aj\u0105cych w Europie zwr\u00f3ci si\u0119 ku aktywnemu przyj\u0119ciu jednego lub wi\u0119cej kodeks\u00f3w post\u0119powania&#8230;<\/p>\n<p><strong>Wi\u0119cej dowiesz si\u0119 na:<\/strong>\u00a0<a href=\"http:\/\/di.com.pl\/czy-rodo-wplynie-na-informacje-przechowywane-w-chmurze-59089?utm_source=feedburner&amp;utm_medium=feed&amp;utm_campaign=Feed%3A+glowny-di+%280+-+DI+kanal+glowny+%28go%C5%82y%29%29\" target=\"_blank\" rel=\"noopener noreferrer\">http:\/\/di.com.pl<\/a><\/p>\n<h2><strong>Polski rz\u0105d doci\u015bnie Ubera<\/strong><\/h2>\n<h3><strong>Rz\u0105d zaostrzy przepisy dotycz\u0105ce kierowc\u00f3w je\u017cd\u017c\u0105cych dla firm po\u015brednicz\u0105cych w przewozach \u2013 informuje wtorkowa Rzeczpospolita. Jak podaje gazeta, Uber i Taxify zadeklarowali, \u017ce dostosuj\u0105 si\u0119 do planowanych zmian.<\/strong><\/h3>\n<p>W ci\u0105gu najbli\u017cszych tygodni pod obrady rz\u0105du trafi projekt ustawy o transporcie, kt\u00f3ra zobliguje kierowc\u00f3w je\u017cd\u017c\u0105cych dla aplikacji przewozowych do posiadania takich licencji, jakie maj\u0105 taks\u00f3wkarze. Nowe przepisy podwa\u017c\u0105 model biznesowy stosowany dot\u0105d m.in. przez Ubera&#8230;<\/p>\n<p><strong>Wi\u0119cej dowiesz si\u0119 na:<\/strong>\u00a0https:\/\/mambiznes.pl<\/p>\n<h2 class=\"title\"><strong>T-Mobile ukarane za imitowanie po\u0142\u0105cze\u0144 wychodz\u0105cych<\/strong><\/h2>\n<h3 class=\"excerpt\"><strong>T-Mobile musi zap\u0142aci\u0107 w USA grzywn\u0119 w wysoko\u015bci 40 milion\u00f3w dolar\u00f3w za wprowadzanie swoich klient\u00f3w w b\u0142\u0105d. Operator odtwarza\u0142 d\u017awi\u0119k nawi\u0105zywania po\u0142\u0105czenia chocia\u017c w praktyce po\u0142\u0105czenie nie mog\u0142o by\u0107 wykonane z powodu braku zasi\u0119gu.<\/strong><\/h3>\n<p>Gdy dzwonimy do kogo\u015b i nasz potencjalny rozm\u00f3wca nie odbiera po\u0142\u0105czenia my\u015blimy, \u017ce nie mo\u017ce w tej chwili rozmawia\u0107 lub nie s\u0142yszy telefonu. Pewnie nawet nie przysz\u0142o wam do g\u0142owy, \u017ce tak naprawd\u0119 mo\u017cecie wcale do niego nie dzwoni\u0107. T-Mobile zamiast informowa\u0107 swoich klient\u00f3w o tym, \u017ce rozmowa nie mo\u017ce by\u0107 zrealizowana&#8230;<\/p>\n<p><strong>Wi\u0119cej dowiesz si\u0119 na:<\/strong>\u00a0http:\/\/www.chip.pl<\/p>\n<h2><strong>9-proc. CIT dla polskich ma\u0142ych i \u015brednich firm by\u0142by najni\u017cszy w UE<\/strong><\/h2>\n<h3><strong>Zapowied\u017a przez premiera Mateusza Morawieckiego obni\u017cenia CIT dla ma\u0142ych i \u015brednich firm z 15 do 9 proc. oznacza, \u017ce stawka ta b\u0119dzie najni\u017csza w UE. 9-proc. CIT maj\u0105 teraz W\u0119grzy.<\/strong><\/h3>\n<p>Premier Mateusz Morawiecki zapowiedzia\u0142 w sobot\u0119 du\u017ce u\u0142atwienia dla przedsi\u0119biorc\u00f3w, m.in. CIT dla ma\u0142ych i \u015brednich firm ma spa\u015b\u0107 z 15 do 9 proc&#8230;<\/p>\n<p><strong>Wi\u0119cej dowiesz si\u0119 na:<\/strong>\u00a0https:\/\/mambiznes.pl<\/p>\n<p><center><!-- Pula: Marketing2 \/\/--><br \/>\n<script type=\"text\/javascript\">\n    document.write(unescape('%3Cscript type=\"text\/javascript\" src=\"' + document.location.protocol + \n    '\/\/ec.bankier.pl\/show2\/MzIxMjEsMjUzMjIsNDE4NzY\/' + Math.random() + '\/'+ '\"%3E%3C\/script%3E'));\n<\/script><\/center><\/p>\n<h2><strong>Wa\u017cny wyrok w sprawie &#8222;prawa do bycia zapomnianym w internecie&#8221;. Google wyda\u0142o o\u015bwiadczenie<\/strong><\/h2>\n<h3><strong>Google przegra\u0142o w S\u0105dzie Najwy\u017cszym w Wielkiej Brytanii spraw\u0119, kt\u00f3r\u0105 wytoczy\u0142a pewna bizneswoman. Kobieta mia\u0142a kryminaln\u0105 przesz\u0142o\u015b\u0107 i walczy\u0142a o to, aby powi\u0105zane z tym faktem wyniki zosta\u0142y usuni\u0119te z historii wyszukiwania w zwi\u0105zku z prawem do zapomnienia. Google pogodzi\u0142o si\u0119 z przegran\u0105 i przekaza\u0142o, \u017ce zaakceptuje wyrok.<\/strong><\/h3>\n<p>Prawo do zapomnienia pozwala na usuni\u0119cie z wynik\u00f3w wyszukiwania r\u00f3\u017cne tre\u015bci. Google zosta\u0142o zmuszone przez Europejski Trybuna\u0142 Sprawiedliwo\u015bci w Strasburgu do jego respektowania niespe\u0142na trzy lata temu, cho\u0107 tutaj w praktyce r\u00f3\u017cnie to wygl\u0105da&#8230;<\/p>\n<p><strong>Wi\u0119cej dowiesz si\u0119 na:<\/strong>\u00a0<a href=\"http:\/\/www.komputerswiat.pl\/nowosci\/wydarzenia\/2018\/16\/sad-nakazuje-google-usunac-linki-z-wyszukiwarki-powiazane-z-kryminalna-przeszloscia-kobiety.aspx\" target=\"_blank\" rel=\"noopener noreferrer\">http:\/\/www.komputerswiat.pl<\/a><\/p>\n<h2>Ma\u0142e firmy zap\u0142ac\u0105 ni\u017csze sk\u0142adki na ZUS<\/h2>\n<h3><strong>Bardzo mnie cieszy, \u017ce projekt \u201ema\u0142y ZUS dla ma\u0142ych firm\u201d zosta\u0142 zapowiedziany przez premiera jako jeden z pi\u0119ciu priorytet\u00f3w rz\u0105du \u2013 powiedzia\u0142a PAP minister przedsi\u0119biorczo\u015bci i technologii Jadwiga Emilewicz. Doda\u0142a, \u017ce projekt jest gotowy i liczy na efektywny i szybki proces legislacyjny.<\/strong><\/h3>\n<p>W sobot\u0119 odby\u0142a si\u0119 konwencja PiS i Zjednoczonej Prawicy pod has\u0142em \u201ePolska jest jedna\u201d. W jej trakcie premier Mateusz Morawiecki zapowiedzia\u0142 m.in. ni\u017cszy ZUS dla ma\u0142ych firm&#8230;<\/p>\n<p><strong>Wi\u0119cej dowiesz si\u0119 na:<\/strong>\u00a0https:\/\/mambiznes.pl<\/p>\n<p><center><!-- Pula: Marketing \/\/--><br \/>\n<script type=\"text\/javascript\">\n    document.write(unescape('%3Cscript type=\"text\/javascript\" src=\"' + document.location.protocol + \n    '\/\/ec.bankier.pl\/show2\/MzIxMjAsMjUzMjIsNDE4NzY\/' + Math.random() + '\/'+ '\"%3E%3C\/script%3E'));\n<\/script><\/center><\/p>\n<h2><strong>12 os\u00f3b aresztowanych w 2017 roku z powodu wyciek\u00f3w z Apple<\/strong><\/h2>\n<h3><strong>Apple umie\u015bci\u0142o we w\u0142asnym intranecie now\u0105 informacj\u0119 dla pracownik\u00f3w, gdzie przestrzega przed skutkami dopuszczania si\u0119 wyciek\u00f3w na temat przysz\u0142ych plan\u00f3w i produkt\u00f3w. Co ciekawe, w 2017 roku firma z Cupertino zdo\u0142a\u0142a z\u0142apa\u0107 na gor\u0105cym uczynku a\u017c 27 takich &#8222;gagatk\u00f3w&#8221;, z czego 12 os\u00f3b trafi\u0142o do aresztu. \u017bart\u00f3w wi\u0119c nie ma.<\/strong><\/h3>\n<p>Apple, jak ka\u017cdy inny gigant rynku, musi walczy\u0107 z przeciekami i osobami, kt\u00f3re dopuszczaj\u0105 si\u0119 takich praktyk. Firma z Cupertino ponownie postanowi\u0142a ostrzec w\u0142asnych pracownik\u00f3w przed konsekwencjami, z kt\u00f3rymi musz\u0105 si\u0119 liczy\u0107 po dopuszczeniu si\u0119 wyciek\u00f3w&#8230;<\/p>\n<p><strong>Wi\u0119cej dowiesz si\u0119 na:<\/strong>\u00a0<a href=\"http:\/\/www.komputerswiat.pl\/nowosci\/wydarzenia\/2018\/15\/12-osob-aresztowanych-w-2017-roku-z-powodu-wyciekow-z-apple.aspx\" target=\"_blank\" rel=\"noopener noreferrer\">http:\/\/www.komputerswiat.pl<\/a><\/p>\n","protected":false},"excerpt":{"rendered":"<p>Facebook pozwany w sprawie nielegalnego zbierania danych biometrycznych Ostatnio Facebook znalaz\u0142 si\u0119 pod sporym ostrza\u0142em. Przede wszystkim Mark Zuckerberg musia\u0142 odpowiada\u0107 na r\u00f3\u017cnorakie pytania przed ameryka\u0144skim Kongresem ze wzl\u0119du na skandal dotycz\u0105cy Cambridge Analytica. Teraz, jak si\u0119 okazuje, firma zosta\u0142a tak\u017ce oskar\u017cona o nielegalne zbieranie danych biometrycznych. O co chodzi? O technologi\u0119 rozpoznawania twarzy. Facebook &hellip;<\/p>\n","protected":false},"author":1,"featured_media":607831,"comment_status":"open","ping_status":"closed","sticky":false,"template":"","format":"standard","meta":{"footnotes":""},"categories":[1294],"tags":[2050,3812,3808,1365,3809,3811,3810,2048,2478],"class_list":["post-607830","post","type-post","status-publish","format-standard","has-post-thumbnail","","category-prawo","tag-apple","tag-cit-dla-firm","tag-facebook-zbieranie-danych","tag-google","tag-rodo-dane-chmura","tag-skladki-na-zus","tag-t-mobile-kara","tag-uber","tag-zus"],"yoast_head":"<!-- This site is optimized with the Yoast SEO plugin v27.5 - https:\/\/yoast.com\/product\/yoast-seo-wordpress\/ -->\n<title>Facebook pozwany za zbieranie danych. Czy RODO wp\u0142ynie na dane w chmurze. &quot;Docisn\u0105&quot; Ubera! T-Mobile ukarane za limity po\u0142\u0105cze\u0144 wychodz\u0105cych &#187; Legiobiznes.pl<\/title>\n<meta name=\"description\" content=\"Facebook pozwany za zbieranie danych. Czy RODO wp\u0142ynie na dane w chmurze. &quot;Docisn\u0105&quot; Ubera! T-Mobile ukarane za limity po\u0142\u0105cze\u0144 wychodz\u0105cych\" \/>\n<meta name=\"robots\" content=\"index, follow, max-snippet:-1, max-image-preview:large, max-video-preview:-1\" \/>\n<link rel=\"canonical\" href=\"https:\/\/legiobiznes.pl\/I\/facebook-pozwany-za-zbieranie-danych-czy-rodo-wplynie-na-dane-w-chmurze-docisna-ubera-t-mobile-ukarane-za-limity-polaczen-wychodzacych\/\" \/>\n<meta property=\"og:locale\" content=\"pl_PL\" \/>\n<meta property=\"og:type\" content=\"article\" \/>\n<meta property=\"og:title\" content=\"Facebook pozwany za zbieranie danych. Czy RODO wp\u0142ynie na dane w chmurze. &quot;Docisn\u0105&quot; Ubera! T-Mobile ukarane za limity po\u0142\u0105cze\u0144 wychodz\u0105cych &#187; Legiobiznes.pl\" \/>\n<meta property=\"og:description\" content=\"Facebook pozwany za zbieranie danych. Czy RODO wp\u0142ynie na dane w chmurze. &quot;Docisn\u0105&quot; Ubera! T-Mobile ukarane za limity po\u0142\u0105cze\u0144 wychodz\u0105cych\" \/>\n<meta property=\"og:url\" content=\"https:\/\/legiobiznes.pl\/I\/facebook-pozwany-za-zbieranie-danych-czy-rodo-wplynie-na-dane-w-chmurze-docisna-ubera-t-mobile-ukarane-za-limity-polaczen-wychodzacych\/\" \/>\n<meta property=\"og:site_name\" content=\"Legiobiznes.pl\" \/>\n<meta property=\"article:publisher\" content=\"https:\/\/www.facebook.com\/LegioBiznes\/\" \/>\n<meta property=\"article:published_time\" content=\"2018-04-17T20:21:16+00:00\" \/>\n<meta property=\"article:modified_time\" content=\"2024-10-08T05:16:11+00:00\" \/>\n<meta property=\"og:image\" content=\"https:\/\/legiobiznes.pl\/I\/wp-content\/uploads\/2018\/04\/Facebook-pozwany-za-zbieranie-danych.-Czy-RODO-wp\u0142ynie-na-dane-w-chmurze.-Docisn\u0105-Ubera-T-Mobile-ukarane-za-limity-po\u0142\u0105cze\u0144-wychodz\u0105cych.jpg\" \/>\n\t<meta property=\"og:image:width\" content=\"960\" \/>\n\t<meta property=\"og:image:height\" content=\"640\" \/>\n\t<meta property=\"og:image:type\" content=\"image\/jpeg\" \/>\n<meta name=\"author\" content=\"Legiobiznes.pl\" \/>\n<meta name=\"twitter:card\" content=\"summary_large_image\" \/>\n<meta name=\"twitter:creator\" content=\"@LegioBiznesPL\" \/>\n<meta name=\"twitter:site\" content=\"@LegioBiznesPL\" \/>\n<meta name=\"twitter:label1\" content=\"Napisane przez\" \/>\n\t<meta name=\"twitter:data1\" content=\"Legiobiznes.pl\" \/>\n\t<meta name=\"twitter:label2\" content=\"Szacowany czas czytania\" \/>\n\t<meta name=\"twitter:data2\" content=\"5 minut\" \/>\n<script type=\"application\/ld+json\" class=\"yoast-schema-graph\">{\"@context\":\"https:\\\/\\\/schema.org\",\"@graph\":[{\"@type\":\"Article\",\"@id\":\"https:\\\/\\\/legiobiznes.pl\\\/I\\\/facebook-pozwany-za-zbieranie-danych-czy-rodo-wplynie-na-dane-w-chmurze-docisna-ubera-t-mobile-ukarane-za-limity-polaczen-wychodzacych\\\/#article\",\"isPartOf\":{\"@id\":\"https:\\\/\\\/legiobiznes.pl\\\/I\\\/facebook-pozwany-za-zbieranie-danych-czy-rodo-wplynie-na-dane-w-chmurze-docisna-ubera-t-mobile-ukarane-za-limity-polaczen-wychodzacych\\\/\"},\"author\":{\"name\":\"Legiobiznes.pl\",\"@id\":\"https:\\\/\\\/legiobiznes.pl\\\/I\\\/#\\\/schema\\\/person\\\/33c4505a5d28a7c944baf038996052d4\"},\"headline\":\"Facebook pozwany za zbieranie danych. Czy RODO wp\u0142ynie na dane w chmurze. &#8222;Docisn\u0105&#8221; Ubera! T-Mobile ukarane za limity po\u0142\u0105cze\u0144 wychodz\u0105cych\",\"datePublished\":\"2018-04-17T20:21:16+00:00\",\"dateModified\":\"2024-10-08T05:16:11+00:00\",\"mainEntityOfPage\":{\"@id\":\"https:\\\/\\\/legiobiznes.pl\\\/I\\\/facebook-pozwany-za-zbieranie-danych-czy-rodo-wplynie-na-dane-w-chmurze-docisna-ubera-t-mobile-ukarane-za-limity-polaczen-wychodzacych\\\/\"},\"wordCount\":942,\"commentCount\":0,\"publisher\":{\"@id\":\"https:\\\/\\\/legiobiznes.pl\\\/I\\\/#organization\"},\"image\":{\"@id\":\"https:\\\/\\\/legiobiznes.pl\\\/I\\\/facebook-pozwany-za-zbieranie-danych-czy-rodo-wplynie-na-dane-w-chmurze-docisna-ubera-t-mobile-ukarane-za-limity-polaczen-wychodzacych\\\/#primaryimage\"},\"thumbnailUrl\":\"https:\\\/\\\/legiobiznes.pl\\\/I\\\/wp-content\\\/uploads\\\/2018\\\/04\\\/Facebook-pozwany-za-zbieranie-danych.-Czy-RODO-wp\u0142ynie-na-dane-w-chmurze.-Docisn\u0105-Ubera-T-Mobile-ukarane-za-limity-po\u0142\u0105cze\u0144-wychodz\u0105cych.jpg\",\"keywords\":[\"Apple\",\"CIT dla firm\",\"Facebook zbieranie danych\",\"Google\",\"RODO dane chmura\",\"sk\u0142adki na ZUS\",\"T-Mobile kara\",\"Uber\",\"ZUS\"],\"articleSection\":[\"Prawo\"],\"inLanguage\":\"pl-PL\",\"potentialAction\":[{\"@type\":\"CommentAction\",\"name\":\"Comment\",\"target\":[\"https:\\\/\\\/legiobiznes.pl\\\/I\\\/facebook-pozwany-za-zbieranie-danych-czy-rodo-wplynie-na-dane-w-chmurze-docisna-ubera-t-mobile-ukarane-za-limity-polaczen-wychodzacych\\\/#respond\"]}]},{\"@type\":\"WebPage\",\"@id\":\"https:\\\/\\\/legiobiznes.pl\\\/I\\\/facebook-pozwany-za-zbieranie-danych-czy-rodo-wplynie-na-dane-w-chmurze-docisna-ubera-t-mobile-ukarane-za-limity-polaczen-wychodzacych\\\/\",\"url\":\"https:\\\/\\\/legiobiznes.pl\\\/I\\\/facebook-pozwany-za-zbieranie-danych-czy-rodo-wplynie-na-dane-w-chmurze-docisna-ubera-t-mobile-ukarane-za-limity-polaczen-wychodzacych\\\/\",\"name\":\"Facebook pozwany za zbieranie danych. Czy RODO wp\u0142ynie na dane w chmurze. \\\"Docisn\u0105\\\" Ubera! T-Mobile ukarane za limity po\u0142\u0105cze\u0144 wychodz\u0105cych &#187; Legiobiznes.pl\",\"isPartOf\":{\"@id\":\"https:\\\/\\\/legiobiznes.pl\\\/I\\\/#website\"},\"primaryImageOfPage\":{\"@id\":\"https:\\\/\\\/legiobiznes.pl\\\/I\\\/facebook-pozwany-za-zbieranie-danych-czy-rodo-wplynie-na-dane-w-chmurze-docisna-ubera-t-mobile-ukarane-za-limity-polaczen-wychodzacych\\\/#primaryimage\"},\"image\":{\"@id\":\"https:\\\/\\\/legiobiznes.pl\\\/I\\\/facebook-pozwany-za-zbieranie-danych-czy-rodo-wplynie-na-dane-w-chmurze-docisna-ubera-t-mobile-ukarane-za-limity-polaczen-wychodzacych\\\/#primaryimage\"},\"thumbnailUrl\":\"https:\\\/\\\/legiobiznes.pl\\\/I\\\/wp-content\\\/uploads\\\/2018\\\/04\\\/Facebook-pozwany-za-zbieranie-danych.-Czy-RODO-wp\u0142ynie-na-dane-w-chmurze.-Docisn\u0105-Ubera-T-Mobile-ukarane-za-limity-po\u0142\u0105cze\u0144-wychodz\u0105cych.jpg\",\"datePublished\":\"2018-04-17T20:21:16+00:00\",\"dateModified\":\"2024-10-08T05:16:11+00:00\",\"description\":\"Facebook pozwany za zbieranie danych. Czy RODO wp\u0142ynie na dane w chmurze. \\\"Docisn\u0105\\\" Ubera! T-Mobile ukarane za limity po\u0142\u0105cze\u0144 wychodz\u0105cych\",\"breadcrumb\":{\"@id\":\"https:\\\/\\\/legiobiznes.pl\\\/I\\\/facebook-pozwany-za-zbieranie-danych-czy-rodo-wplynie-na-dane-w-chmurze-docisna-ubera-t-mobile-ukarane-za-limity-polaczen-wychodzacych\\\/#breadcrumb\"},\"inLanguage\":\"pl-PL\",\"potentialAction\":[{\"@type\":\"ReadAction\",\"target\":[\"https:\\\/\\\/legiobiznes.pl\\\/I\\\/facebook-pozwany-za-zbieranie-danych-czy-rodo-wplynie-na-dane-w-chmurze-docisna-ubera-t-mobile-ukarane-za-limity-polaczen-wychodzacych\\\/\"]}]},{\"@type\":\"ImageObject\",\"inLanguage\":\"pl-PL\",\"@id\":\"https:\\\/\\\/legiobiznes.pl\\\/I\\\/facebook-pozwany-za-zbieranie-danych-czy-rodo-wplynie-na-dane-w-chmurze-docisna-ubera-t-mobile-ukarane-za-limity-polaczen-wychodzacych\\\/#primaryimage\",\"url\":\"https:\\\/\\\/legiobiznes.pl\\\/I\\\/wp-content\\\/uploads\\\/2018\\\/04\\\/Facebook-pozwany-za-zbieranie-danych.-Czy-RODO-wp\u0142ynie-na-dane-w-chmurze.-Docisn\u0105-Ubera-T-Mobile-ukarane-za-limity-po\u0142\u0105cze\u0144-wychodz\u0105cych.jpg\",\"contentUrl\":\"https:\\\/\\\/legiobiznes.pl\\\/I\\\/wp-content\\\/uploads\\\/2018\\\/04\\\/Facebook-pozwany-za-zbieranie-danych.-Czy-RODO-wp\u0142ynie-na-dane-w-chmurze.-Docisn\u0105-Ubera-T-Mobile-ukarane-za-limity-po\u0142\u0105cze\u0144-wychodz\u0105cych.jpg\",\"width\":\"960\",\"height\":\"640\",\"caption\":\"Facebook pozwany za zbieranie danych. Czy RODO wp\u0142ynie na dane w chmurze. Docisn\u0105 Ubera! T-Mobile ukarane za limity po\u0142\u0105cze\u0144 wychodz\u0105cych\"},{\"@type\":\"BreadcrumbList\",\"@id\":\"https:\\\/\\\/legiobiznes.pl\\\/I\\\/facebook-pozwany-za-zbieranie-danych-czy-rodo-wplynie-na-dane-w-chmurze-docisna-ubera-t-mobile-ukarane-za-limity-polaczen-wychodzacych\\\/#breadcrumb\",\"itemListElement\":[{\"@type\":\"ListItem\",\"position\":1,\"name\":\"Strona g\u0142\u00f3wna\",\"item\":\"https:\\\/\\\/legiobiznes.pl\\\/I\\\/\"},{\"@type\":\"ListItem\",\"position\":2,\"name\":\"Facebook pozwany za zbieranie danych. Czy RODO wp\u0142ynie na dane w chmurze. &#8222;Docisn\u0105&#8221; Ubera! T-Mobile ukarane za limity po\u0142\u0105cze\u0144 wychodz\u0105cych\"}]},{\"@type\":\"WebSite\",\"@id\":\"https:\\\/\\\/legiobiznes.pl\\\/I\\\/#website\",\"url\":\"https:\\\/\\\/legiobiznes.pl\\\/I\\\/\",\"name\":\"Legiobiznes.pl\",\"description\":\"Kryptowaluty, Bezpiecze\u0144stwo IT, E-biznes | LegioBiznes.PL\",\"publisher\":{\"@id\":\"https:\\\/\\\/legiobiznes.pl\\\/I\\\/#organization\"},\"potentialAction\":[{\"@type\":\"SearchAction\",\"target\":{\"@type\":\"EntryPoint\",\"urlTemplate\":\"https:\\\/\\\/legiobiznes.pl\\\/I\\\/?s={search_term_string}\"},\"query-input\":{\"@type\":\"PropertyValueSpecification\",\"valueRequired\":true,\"valueName\":\"search_term_string\"}}],\"inLanguage\":\"pl-PL\"},{\"@type\":\"Organization\",\"@id\":\"https:\\\/\\\/legiobiznes.pl\\\/I\\\/#organization\",\"name\":\"LegioBiznes.PL\",\"url\":\"https:\\\/\\\/legiobiznes.pl\\\/I\\\/\",\"logo\":{\"@type\":\"ImageObject\",\"inLanguage\":\"pl-PL\",\"@id\":\"https:\\\/\\\/legiobiznes.pl\\\/I\\\/#\\\/schema\\\/logo\\\/image\\\/\",\"url\":\"https:\\\/\\\/legiobiznes.pl\\\/I\\\/wp-content\\\/uploads\\\/2017\\\/08\\\/legiobiznespl-logo2-e1503834302371.png\",\"contentUrl\":\"https:\\\/\\\/legiobiznes.pl\\\/I\\\/wp-content\\\/uploads\\\/2017\\\/08\\\/legiobiznespl-logo2-e1503834302371.png\",\"width\":180,\"height\":76,\"caption\":\"LegioBiznes.PL\"},\"image\":{\"@id\":\"https:\\\/\\\/legiobiznes.pl\\\/I\\\/#\\\/schema\\\/logo\\\/image\\\/\"},\"sameAs\":[\"https:\\\/\\\/www.facebook.com\\\/LegioBiznes\\\/\",\"https:\\\/\\\/x.com\\\/LegioBiznesPL\",\"https:\\\/\\\/www.youtube.com\\\/channel\\\/UCEhszB39vxk96yIXD-jOORw\"]},{\"@type\":\"Person\",\"@id\":\"https:\\\/\\\/legiobiznes.pl\\\/I\\\/#\\\/schema\\\/person\\\/33c4505a5d28a7c944baf038996052d4\",\"name\":\"Legiobiznes.pl\",\"image\":{\"@type\":\"ImageObject\",\"inLanguage\":\"pl-PL\",\"@id\":\"https:\\\/\\\/legiobiznes.pl\\\/I\\\/wp-content\\\/uploads\\\/2019\\\/07\\\/favicon-Legiobiznes-150x150.png\",\"url\":\"https:\\\/\\\/legiobiznes.pl\\\/I\\\/wp-content\\\/uploads\\\/2019\\\/07\\\/favicon-Legiobiznes-150x150.png\",\"contentUrl\":\"https:\\\/\\\/legiobiznes.pl\\\/I\\\/wp-content\\\/uploads\\\/2019\\\/07\\\/favicon-Legiobiznes-150x150.png\",\"caption\":\"Legiobiznes.pl\"},\"description\":\"Budowa i tworzenie profesjonalnych, responsywnych (RWD) stron www. Pozycjonowanie SEO, sklepy internetowe eSklep...\",\"url\":\"https:\\\/\\\/legiobiznes.pl\\\/I\\\/author\\\/boss\\\/\"}]}<\/script>\n<!-- \/ Yoast SEO plugin. -->","yoast_head_json":{"title":"Facebook pozwany za zbieranie danych. Czy RODO wp\u0142ynie na dane w chmurze. \"Docisn\u0105\" Ubera! T-Mobile ukarane za limity po\u0142\u0105cze\u0144 wychodz\u0105cych &#187; Legiobiznes.pl","description":"Facebook pozwany za zbieranie danych. Czy RODO wp\u0142ynie na dane w chmurze. \"Docisn\u0105\" Ubera! T-Mobile ukarane za limity po\u0142\u0105cze\u0144 wychodz\u0105cych","robots":{"index":"index","follow":"follow","max-snippet":"max-snippet:-1","max-image-preview":"max-image-preview:large","max-video-preview":"max-video-preview:-1"},"canonical":"https:\/\/legiobiznes.pl\/I\/facebook-pozwany-za-zbieranie-danych-czy-rodo-wplynie-na-dane-w-chmurze-docisna-ubera-t-mobile-ukarane-za-limity-polaczen-wychodzacych\/","og_locale":"pl_PL","og_type":"article","og_title":"Facebook pozwany za zbieranie danych. Czy RODO wp\u0142ynie na dane w chmurze. \"Docisn\u0105\" Ubera! T-Mobile ukarane za limity po\u0142\u0105cze\u0144 wychodz\u0105cych &#187; Legiobiznes.pl","og_description":"Facebook pozwany za zbieranie danych. Czy RODO wp\u0142ynie na dane w chmurze. \"Docisn\u0105\" Ubera! T-Mobile ukarane za limity po\u0142\u0105cze\u0144 wychodz\u0105cych","og_url":"https:\/\/legiobiznes.pl\/I\/facebook-pozwany-za-zbieranie-danych-czy-rodo-wplynie-na-dane-w-chmurze-docisna-ubera-t-mobile-ukarane-za-limity-polaczen-wychodzacych\/","og_site_name":"Legiobiznes.pl","article_publisher":"https:\/\/www.facebook.com\/LegioBiznes\/","article_published_time":"2018-04-17T20:21:16+00:00","article_modified_time":"2024-10-08T05:16:11+00:00","og_image":[{"width":960,"height":640,"url":"https:\/\/legiobiznes.pl\/I\/wp-content\/uploads\/2018\/04\/Facebook-pozwany-za-zbieranie-danych.-Czy-RODO-wp\u0142ynie-na-dane-w-chmurze.-Docisn\u0105-Ubera-T-Mobile-ukarane-za-limity-po\u0142\u0105cze\u0144-wychodz\u0105cych.jpg","type":"image\/jpeg"}],"author":"Legiobiznes.pl","twitter_card":"summary_large_image","twitter_creator":"@LegioBiznesPL","twitter_site":"@LegioBiznesPL","twitter_misc":{"Napisane przez":"Legiobiznes.pl","Szacowany czas czytania":"5 minut"},"schema":{"@context":"https:\/\/schema.org","@graph":[{"@type":"Article","@id":"https:\/\/legiobiznes.pl\/I\/facebook-pozwany-za-zbieranie-danych-czy-rodo-wplynie-na-dane-w-chmurze-docisna-ubera-t-mobile-ukarane-za-limity-polaczen-wychodzacych\/#article","isPartOf":{"@id":"https:\/\/legiobiznes.pl\/I\/facebook-pozwany-za-zbieranie-danych-czy-rodo-wplynie-na-dane-w-chmurze-docisna-ubera-t-mobile-ukarane-za-limity-polaczen-wychodzacych\/"},"author":{"name":"Legiobiznes.pl","@id":"https:\/\/legiobiznes.pl\/I\/#\/schema\/person\/33c4505a5d28a7c944baf038996052d4"},"headline":"Facebook pozwany za zbieranie danych. Czy RODO wp\u0142ynie na dane w chmurze. &#8222;Docisn\u0105&#8221; Ubera! T-Mobile ukarane za limity po\u0142\u0105cze\u0144 wychodz\u0105cych","datePublished":"2018-04-17T20:21:16+00:00","dateModified":"2024-10-08T05:16:11+00:00","mainEntityOfPage":{"@id":"https:\/\/legiobiznes.pl\/I\/facebook-pozwany-za-zbieranie-danych-czy-rodo-wplynie-na-dane-w-chmurze-docisna-ubera-t-mobile-ukarane-za-limity-polaczen-wychodzacych\/"},"wordCount":942,"commentCount":0,"publisher":{"@id":"https:\/\/legiobiznes.pl\/I\/#organization"},"image":{"@id":"https:\/\/legiobiznes.pl\/I\/facebook-pozwany-za-zbieranie-danych-czy-rodo-wplynie-na-dane-w-chmurze-docisna-ubera-t-mobile-ukarane-za-limity-polaczen-wychodzacych\/#primaryimage"},"thumbnailUrl":"https:\/\/legiobiznes.pl\/I\/wp-content\/uploads\/2018\/04\/Facebook-pozwany-za-zbieranie-danych.-Czy-RODO-wp\u0142ynie-na-dane-w-chmurze.-Docisn\u0105-Ubera-T-Mobile-ukarane-za-limity-po\u0142\u0105cze\u0144-wychodz\u0105cych.jpg","keywords":["Apple","CIT dla firm","Facebook zbieranie danych","Google","RODO dane chmura","sk\u0142adki na ZUS","T-Mobile kara","Uber","ZUS"],"articleSection":["Prawo"],"inLanguage":"pl-PL","potentialAction":[{"@type":"CommentAction","name":"Comment","target":["https:\/\/legiobiznes.pl\/I\/facebook-pozwany-za-zbieranie-danych-czy-rodo-wplynie-na-dane-w-chmurze-docisna-ubera-t-mobile-ukarane-za-limity-polaczen-wychodzacych\/#respond"]}]},{"@type":"WebPage","@id":"https:\/\/legiobiznes.pl\/I\/facebook-pozwany-za-zbieranie-danych-czy-rodo-wplynie-na-dane-w-chmurze-docisna-ubera-t-mobile-ukarane-za-limity-polaczen-wychodzacych\/","url":"https:\/\/legiobiznes.pl\/I\/facebook-pozwany-za-zbieranie-danych-czy-rodo-wplynie-na-dane-w-chmurze-docisna-ubera-t-mobile-ukarane-za-limity-polaczen-wychodzacych\/","name":"Facebook pozwany za zbieranie danych. Czy RODO wp\u0142ynie na dane w chmurze. \"Docisn\u0105\" Ubera! T-Mobile ukarane za limity po\u0142\u0105cze\u0144 wychodz\u0105cych &#187; Legiobiznes.pl","isPartOf":{"@id":"https:\/\/legiobiznes.pl\/I\/#website"},"primaryImageOfPage":{"@id":"https:\/\/legiobiznes.pl\/I\/facebook-pozwany-za-zbieranie-danych-czy-rodo-wplynie-na-dane-w-chmurze-docisna-ubera-t-mobile-ukarane-za-limity-polaczen-wychodzacych\/#primaryimage"},"image":{"@id":"https:\/\/legiobiznes.pl\/I\/facebook-pozwany-za-zbieranie-danych-czy-rodo-wplynie-na-dane-w-chmurze-docisna-ubera-t-mobile-ukarane-za-limity-polaczen-wychodzacych\/#primaryimage"},"thumbnailUrl":"https:\/\/legiobiznes.pl\/I\/wp-content\/uploads\/2018\/04\/Facebook-pozwany-za-zbieranie-danych.-Czy-RODO-wp\u0142ynie-na-dane-w-chmurze.-Docisn\u0105-Ubera-T-Mobile-ukarane-za-limity-po\u0142\u0105cze\u0144-wychodz\u0105cych.jpg","datePublished":"2018-04-17T20:21:16+00:00","dateModified":"2024-10-08T05:16:11+00:00","description":"Facebook pozwany za zbieranie danych. Czy RODO wp\u0142ynie na dane w chmurze. \"Docisn\u0105\" Ubera! T-Mobile ukarane za limity po\u0142\u0105cze\u0144 wychodz\u0105cych","breadcrumb":{"@id":"https:\/\/legiobiznes.pl\/I\/facebook-pozwany-za-zbieranie-danych-czy-rodo-wplynie-na-dane-w-chmurze-docisna-ubera-t-mobile-ukarane-za-limity-polaczen-wychodzacych\/#breadcrumb"},"inLanguage":"pl-PL","potentialAction":[{"@type":"ReadAction","target":["https:\/\/legiobiznes.pl\/I\/facebook-pozwany-za-zbieranie-danych-czy-rodo-wplynie-na-dane-w-chmurze-docisna-ubera-t-mobile-ukarane-za-limity-polaczen-wychodzacych\/"]}]},{"@type":"ImageObject","inLanguage":"pl-PL","@id":"https:\/\/legiobiznes.pl\/I\/facebook-pozwany-za-zbieranie-danych-czy-rodo-wplynie-na-dane-w-chmurze-docisna-ubera-t-mobile-ukarane-za-limity-polaczen-wychodzacych\/#primaryimage","url":"https:\/\/legiobiznes.pl\/I\/wp-content\/uploads\/2018\/04\/Facebook-pozwany-za-zbieranie-danych.-Czy-RODO-wp\u0142ynie-na-dane-w-chmurze.-Docisn\u0105-Ubera-T-Mobile-ukarane-za-limity-po\u0142\u0105cze\u0144-wychodz\u0105cych.jpg","contentUrl":"https:\/\/legiobiznes.pl\/I\/wp-content\/uploads\/2018\/04\/Facebook-pozwany-za-zbieranie-danych.-Czy-RODO-wp\u0142ynie-na-dane-w-chmurze.-Docisn\u0105-Ubera-T-Mobile-ukarane-za-limity-po\u0142\u0105cze\u0144-wychodz\u0105cych.jpg","width":"960","height":"640","caption":"Facebook pozwany za zbieranie danych. Czy RODO wp\u0142ynie na dane w chmurze. Docisn\u0105 Ubera! T-Mobile ukarane za limity po\u0142\u0105cze\u0144 wychodz\u0105cych"},{"@type":"BreadcrumbList","@id":"https:\/\/legiobiznes.pl\/I\/facebook-pozwany-za-zbieranie-danych-czy-rodo-wplynie-na-dane-w-chmurze-docisna-ubera-t-mobile-ukarane-za-limity-polaczen-wychodzacych\/#breadcrumb","itemListElement":[{"@type":"ListItem","position":1,"name":"Strona g\u0142\u00f3wna","item":"https:\/\/legiobiznes.pl\/I\/"},{"@type":"ListItem","position":2,"name":"Facebook pozwany za zbieranie danych. Czy RODO wp\u0142ynie na dane w chmurze. &#8222;Docisn\u0105&#8221; Ubera! T-Mobile ukarane za limity po\u0142\u0105cze\u0144 wychodz\u0105cych"}]},{"@type":"WebSite","@id":"https:\/\/legiobiznes.pl\/I\/#website","url":"https:\/\/legiobiznes.pl\/I\/","name":"Legiobiznes.pl","description":"Kryptowaluty, Bezpiecze\u0144stwo IT, E-biznes | LegioBiznes.PL","publisher":{"@id":"https:\/\/legiobiznes.pl\/I\/#organization"},"potentialAction":[{"@type":"SearchAction","target":{"@type":"EntryPoint","urlTemplate":"https:\/\/legiobiznes.pl\/I\/?s={search_term_string}"},"query-input":{"@type":"PropertyValueSpecification","valueRequired":true,"valueName":"search_term_string"}}],"inLanguage":"pl-PL"},{"@type":"Organization","@id":"https:\/\/legiobiznes.pl\/I\/#organization","name":"LegioBiznes.PL","url":"https:\/\/legiobiznes.pl\/I\/","logo":{"@type":"ImageObject","inLanguage":"pl-PL","@id":"https:\/\/legiobiznes.pl\/I\/#\/schema\/logo\/image\/","url":"https:\/\/legiobiznes.pl\/I\/wp-content\/uploads\/2017\/08\/legiobiznespl-logo2-e1503834302371.png","contentUrl":"https:\/\/legiobiznes.pl\/I\/wp-content\/uploads\/2017\/08\/legiobiznespl-logo2-e1503834302371.png","width":180,"height":76,"caption":"LegioBiznes.PL"},"image":{"@id":"https:\/\/legiobiznes.pl\/I\/#\/schema\/logo\/image\/"},"sameAs":["https:\/\/www.facebook.com\/LegioBiznes\/","https:\/\/x.com\/LegioBiznesPL","https:\/\/www.youtube.com\/channel\/UCEhszB39vxk96yIXD-jOORw"]},{"@type":"Person","@id":"https:\/\/legiobiznes.pl\/I\/#\/schema\/person\/33c4505a5d28a7c944baf038996052d4","name":"Legiobiznes.pl","image":{"@type":"ImageObject","inLanguage":"pl-PL","@id":"https:\/\/legiobiznes.pl\/I\/wp-content\/uploads\/2019\/07\/favicon-Legiobiznes-150x150.png","url":"https:\/\/legiobiznes.pl\/I\/wp-content\/uploads\/2019\/07\/favicon-Legiobiznes-150x150.png","contentUrl":"https:\/\/legiobiznes.pl\/I\/wp-content\/uploads\/2019\/07\/favicon-Legiobiznes-150x150.png","caption":"Legiobiznes.pl"},"description":"Budowa i tworzenie profesjonalnych, responsywnych (RWD) stron www. Pozycjonowanie SEO, sklepy internetowe eSklep...","url":"https:\/\/legiobiznes.pl\/I\/author\/boss\/"}]}},"_links":{"self":[{"href":"https:\/\/legiobiznes.pl\/I\/wp-json\/wp\/v2\/posts\/607830","targetHints":{"allow":["GET"]}}],"collection":[{"href":"https:\/\/legiobiznes.pl\/I\/wp-json\/wp\/v2\/posts"}],"about":[{"href":"https:\/\/legiobiznes.pl\/I\/wp-json\/wp\/v2\/types\/post"}],"author":[{"embeddable":true,"href":"https:\/\/legiobiznes.pl\/I\/wp-json\/wp\/v2\/users\/1"}],"replies":[{"embeddable":true,"href":"https:\/\/legiobiznes.pl\/I\/wp-json\/wp\/v2\/comments?post=607830"}],"version-history":[{"count":3,"href":"https:\/\/legiobiznes.pl\/I\/wp-json\/wp\/v2\/posts\/607830\/revisions"}],"predecessor-version":[{"id":1653122,"href":"https:\/\/legiobiznes.pl\/I\/wp-json\/wp\/v2\/posts\/607830\/revisions\/1653122"}],"wp:featuredmedia":[{"embeddable":true,"href":"https:\/\/legiobiznes.pl\/I\/wp-json\/wp\/v2\/media\/607831"}],"wp:attachment":[{"href":"https:\/\/legiobiznes.pl\/I\/wp-json\/wp\/v2\/media?parent=607830"}],"wp:term":[{"taxonomy":"category","embeddable":true,"href":"https:\/\/legiobiznes.pl\/I\/wp-json\/wp\/v2\/categories?post=607830"},{"taxonomy":"post_tag","embeddable":true,"href":"https:\/\/legiobiznes.pl\/I\/wp-json\/wp\/v2\/tags?post=607830"}],"curies":[{"name":"wp","href":"https:\/\/api.w.org\/{rel}","templated":true}]}}