{"id":646160,"date":"2018-05-19T15:43:28","date_gmt":"2018-05-19T13:43:28","guid":{"rendered":"https:\/\/legiobiznes.pl\/I\/?p=646160"},"modified":"2025-06-23T09:17:59","modified_gmt":"2025-06-23T07:17:59","slug":"przez-brak-numeru-pesel-firma-zostanie-wykreslona-z-ceidg-jak-rodo-wplynie-na-male-firmy-firmy-lamia-cyfrowe-prawa-czlowieka","status":"publish","type":"post","link":"https:\/\/legiobiznes.pl\/I\/przez-brak-numeru-pesel-firma-zostanie-wykreslona-z-ceidg-jak-rodo-wplynie-na-male-firmy-firmy-lamia-cyfrowe-prawa-czlowieka\/","title":{"rendered":"Przez brak numeru PESEL firma zostanie wykre\u015blona z CEIDG? Jak RODO wp\u0142ynie na ma\u0142e firmy? Firmy \u0142ami\u0105 cyfrowe prawa cz\u0142owieka."},"content":{"rendered":"<h2><strong>Przez brak numeru PESEL firma zostanie wykre\u015blona z CEIDG? Nie taki diabe\u0142 straszny<\/strong><\/h2>\n<h3><strong>Kiedy moja firma mo\u017ce zosta\u0107 wykre\u015blona z rejestru CEIDG? Jakich formalno\u015bci nale\u017cy dokona\u0107 by tego unikn\u0105\u0107? Kt\u00f3re firmy s\u0105 zagro\u017cone takim scenariuszem? Ministerstwo Przedsi\u0119biorczo\u015bci i Technologii potwierdza, \u017ce takie zagro\u017cenie istnieje, ale jednocze\u015bnie uspokaja, \u017ce dotyczy g\u0142\u00f3wnie firm \u201enieaktywnych\u201d.<\/strong><\/h3>\n<p>Osoby prowadz\u0105ce jednoosobowe firmy, kt\u00f3re do tej pory nie poda\u0142y w Centralnej Ewidencji i Informacji o Dzia\u0142alno\u015bci Gospodarczej swojego PESELU zostan\u0105 wykre\u015blone z tego rejestru. Taka informacja obieg\u0142a wczoraj media i wywo\u0142a\u0142a spore zamieszanie. Realnie dzia\u0142aj\u0105cy przedsi\u0119biorcy nie musz\u0105 obawia\u0107 si\u0119 wykre\u015blenia z CEIDG \u2013 uspokaja resort przedsi\u0119biorczo\u015bci&#8230;<\/p>\n<p><strong>Wi\u0119cej dowiesz si\u0119 na:<\/strong>\u00a0https:\/\/mambiznes.pl<\/p>\n<h2><strong>Jak RODO wp\u0142ynie na ma\u0142e firmy?<\/strong><\/h2>\n<h3><strong>25 maja to dzie\u0144 wej\u015bcia w \u017cycie rozporz\u0105dzenia w sprawie ochrony danych osobowych &#8211; RODO. Unijne przepisy dotycz\u0105ce zapewnienia bezpiecze\u0144stwa danych osobowych od tej daty dotycz\u0105 wszystkich firm i nie ma znaczenia, czy jest to jednoosobowa dzia\u0142alno\u015b\u0107 gospodarcza, sp\u00f3\u0142ka cywilna czy sp\u00f3\u0142ka z o.o.<\/strong><\/h3>\n<p>Nie ka\u017cdy jest \u015bwiadomy tego, \u017ce ochrona danych osobowych na gruncie krajowym dzia\u0142a\u0142a ju\u017c od 1997 roku i r\u00f3wnie\u017c nak\u0142ada\u0142a na firmy okre\u015blone wytyczne dotycz\u0105ce zabezpiecze\u0144 danych osobowych. RODO w por\u00f3wnaniu do tych przepis\u00f3w jest mniej konkretne, bowiem m\u00f3wi o tym, co trzeba chroni\u0107, ale nie wskazuje wprost, jak to robi\u0107. Zatem koncepcja ochrony danych osobowych ma by\u0107 przede wszystkim dostosowana do zakresu przetwarzanych danych w firmie, uwzgl\u0119dniaj\u0105c ryzyko utraty i skutk\u00f3w, jakie b\u0119dzie to nios\u0142o dla os\u00f3b, kt\u00f3rych dane dotycz\u0105&#8230;<\/p>\n<p><strong>Wi\u0119cej dowiesz si\u0119 na:<\/strong>\u00a0<a href=\"http:\/\/di.com.pl\/jak-rodo-wplynie-na-male-firmy-59310?utm_source=feedburner&amp;utm_medium=feed&amp;utm_campaign=Feed%3A+glowny-di+%280+-+DI+kanal+glowny+%28go%C5%82y%29%29\" target=\"_blank\" rel=\"noopener noreferrer\">http:\/\/di.com.pl<\/a><\/p>\n<p><center><!-- Pula: Marketing \/\/--><br \/>\n<script type=\"text\/javascript\">\n    document.write(unescape('%3Cscript type=\"text\/javascript\" src=\"' + document.location.protocol + \n    '\/\/ec.bankier.pl\/show2\/MzIxMjAsMjUzMjIsNDE4NzY\/' + Math.random() + '\/'+ '\"%3E%3C\/script%3E'));\n<\/script><\/center><\/p>\n<h2><strong>Aktywi\u015bci alarmuj\u0105: Firmy \u0142ami\u0105 cyfrowe prawa cz\u0142owieka<\/strong><\/h2>\n<h3><strong>Dane to nowa ropa? Nie. Dane to nowa ziemia, jak og\u0142osi\u0142 brytyjski dziennikarz\u00a0McCandless. Tymczasem na ca\u0142ym \u015bwiecie ro\u015bnie liczba os\u00f3b niezadowolonych z tego, w jaki spos\u00f3b ten metaforyczny l\u0105d jest eksploatowany i nie chodzi im o podwa\u017cenia znaczenia cyfrowych informacji, lecz o spos\u00f3b w jaki firmy pozyskuj\u0105 je i przetwarzaj\u0105.<\/strong><\/h3>\n<p>#OwnYourData to has\u0142o, kt\u00f3re pojawia si\u0119 w mediach coraz cz\u0119\u015bciej. Wszystko za spraw\u0105 ruchu spo\u0142ecznego skupionego na walce o \u201edemokratyzacj\u0119 rynku danych\u201d i ochron\u0119 prawa do cyfrowej w\u0142asno\u015bci. Na tle przedstawianych przez jego lider\u00f3w koncepcji, RODO wygl\u0105da jak zabawa dla amator\u00f3w, a wszystko za spraw\u0105 nowej technologii oddaj\u0105cej internautom kontrol\u0119 nad cyfrowymi informacjami&#8230;<\/p>\n<p><strong>Wi\u0119cej dowiesz si\u0119 na:<\/strong>\u00a0<a href=\"http:\/\/di.com.pl\/aktywisci-alarmuja-firmy-lamia-cyfrowe-prawa-czlowieka-59297?utm_source=feedburner&amp;utm_medium=feed&amp;utm_campaign=Feed%3A+glowny-di+%280+-+DI+kanal+glowny+%28go%C5%82y%29%29\" target=\"_blank\" rel=\"noopener noreferrer\">http:\/\/di.com.pl<\/a><\/p>\n<h2><strong>RODO \u2013 Senat RP przyj\u0105\u0142 bez poprawek now\u0105 Ustaw\u0119 o ochronie danych osobowych.<\/strong><\/h2>\n<h3><strong>Senat RP przyj\u0105\u0142 bez dodatkowych poprawek now\u0105\u00a0Ustaw\u0119 o ochronie danych osobowych. Ustawa zostanie skierowana teraz do podpisu przez Prezydenta RP. Je\u017celi Prezydent podpisz\u0119 ustaw\u0119, b\u0119dzie ona musia\u0142a by\u0107 opublikowana w Dzienniku Ustaw, a nast\u0119pnie po okresie \u201evacatio legis\u201d (kt\u00f3rego podstawowa minimalna d\u0142ugo\u015b\u0107 w\u00a0naszym porz\u0105dku prawnym wynosi\u00a014-dni\u00a0<a href=\"https:\/\/pl.wikipedia.org\/wiki\/Vacatio_legis\" target=\"_blank\" rel=\"noopener noreferrer\">https:\/\/pl.wikipedia.org\/wiki\/Vacatio_legis<\/a>\u00a0) b\u0119dzie mog\u0142a wej\u015b\u0107 w \u017cycie.<\/strong><\/h3>\n<p>Oczywi\u015bcie pytaniem pozostaje to, czy tak kr\u00f3tki okres \u201evacatio legis\u201d jest wystarczaj\u0105cy przy tak skomplikowany akcie prawnym jakim jest nowa Ustawa o ochronnie danych osobowych. Natomiast musimy pami\u0119ta\u0107 o tym, \u017ce\u00a0<strong>GDPR\/RODO zaczyna obowi\u0105zywa\u0107 od 25 maja 2018<\/strong>, a Ustawa o ochronnie danych osobowych jest naturalnym elementem pozwalaj\u0105cym na uzyskanie pe\u0142nej efektywno\u015bci rozporz\u0105dzenia w Polskim porz\u0105dku prawnym. Teraz wszystko w r\u0119kach podmiot\u00f3w odpowiedzialnych za doko\u0144czenie procesu legislacyjnego. Nam pozostaje wierzy\u0107, \u017ce uda si\u0119 doko\u0144czy\u0107 wprowadzenie Ustawy o ochronie danych osobowych do rzeczonego 25 maja&#8230;<\/p>\n<p><strong>Wi\u0119cej dowiesz si\u0119 na:<\/strong>\u00a0<a href=\"https:\/\/sekurak.pl\/rodo-senat-rp-przyjal-bez-poprawek-nowa-ustawe-o-ochronie-danych-osobowych\/\" target=\"_blank\" rel=\"noopener noreferrer\">https:\/\/sekurak.pl<\/a><\/p>\n<p><center><!-- Pula: Marketing2 \/\/--><br \/>\n<script type=\"text\/javascript\">\n    document.write(unescape('%3Cscript type=\"text\/javascript\" src=\"' + document.location.protocol + \n    '\/\/ec.bankier.pl\/show2\/MzIxMjEsMjUzMjIsNDE4NzY\/' + Math.random() + '\/'+ '\"%3E%3C\/script%3E'));\n<\/script><\/center><\/p>\n<h2 class=\"title\"><strong>Ameryka\u0144ski s\u0105d skaza\u0142 tw\u00f3rc\u0119 oprogramowania s\u0142u\u017c\u0105cego cyberprzest\u0119pcom<\/strong><\/h2>\n<h3 class=\"excerpt\"><strong>37-latek, bezpa\u0144stwowiec, pochodz\u0105cy z jednego z kraj\u00f3w by\u0142ego ZSRR, zosta\u0142 skazany przez S\u0105d Federalny Stan\u00f3w Zjednoczonych za z\u0142amanie ustawy o oszustwach komputerowych i nadu\u017cyciach. Stworzy\u0142 stron\u0119 internetow\u0105 Scan4you, kt\u00f3ra pomaga\u0142a obchodzi\u0107 zabezpieczenia wbudowane w programy antywirusowe.<\/strong><\/h3>\n<p>Rus\u0142an Bondars zaprojektowa\u0142 i zarz\u0105dza\u0142 us\u0142ug\u0105 Scan4you, kt\u00f3ra oficjalnie mia\u0142a pe\u0142ni\u0107 rol\u0119 dzia\u0142aj\u0105cego online skanera antywirusowego.\u00a0<strong>Tymczasem jak si\u0119 okaza\u0142o by\u0142a ona w rzeczywisto\u015bci wykorzystywana do udoskonalania z\u0142o\u015bliwego oprogramowania i sprawdzania czy malware opracowany przez przest\u0119pc\u00f3w jest odporny na skanowanie antywirusami&#8230;<\/strong><\/p>\n<p><strong>Wi\u0119cej dowiesz si\u0119 na:<\/strong>\u00a0https:\/\/www.chip.pl<\/p>\n","protected":false},"excerpt":{"rendered":"<p>Przez brak numeru PESEL firma zostanie wykre\u015blona z CEIDG? Nie taki diabe\u0142 straszny Kiedy moja firma mo\u017ce zosta\u0107 wykre\u015blona z rejestru CEIDG? Jakich formalno\u015bci nale\u017cy dokona\u0107 by tego unikn\u0105\u0107? Kt\u00f3re firmy s\u0105 zagro\u017cone takim scenariuszem? Ministerstwo Przedsi\u0119biorczo\u015bci i Technologii potwierdza, \u017ce takie zagro\u017cenie istnieje, ale jednocze\u015bnie uspokaja, \u017ce dotyczy g\u0142\u00f3wnie firm \u201enieaktywnych\u201d. Osoby prowadz\u0105ce jednoosobowe &hellip;<\/p>\n","protected":false},"author":1,"featured_media":646161,"comment_status":"open","ping_status":"closed","sticky":false,"template":"","format":"standard","meta":{"footnotes":""},"categories":[1294],"tags":[4058,2507,1533,4059,2466,1542,4060],"class_list":["post-646160","post","type-post","status-publish","format-standard","has-post-thumbnail","","category-prawo","tag-ceidg","tag-cyberprzestepcy","tag-malware","tag-male-firmy","tag-pesel","tag-rodo","tag-ustawa-o-ochronie-danych-osobowych"],"yoast_head":"<!-- This site is optimized with the Yoast SEO plugin v27.5 - https:\/\/yoast.com\/product\/yoast-seo-wordpress\/ -->\n<title>Przez brak numeru PESEL firma zostanie wykre\u015blona z CEIDG? Jak RODO wp\u0142ynie na ma\u0142e firmy? Firmy \u0142ami\u0105 cyfrowe prawa cz\u0142owieka. &#187; Legiobiznes.pl<\/title>\n<meta name=\"description\" content=\"Przez brak numeru PESEL firma zostanie wykre\u015blona z CEIDG? Jak RODO wp\u0142ynie na ma\u0142e firmy? Firmy \u0142ami\u0105 cyfrowe prawa cz\u0142owieka. RODO Senat RP przyj\u0105\u0142 bez poprawek now\u0105 Ustaw\u0119 o ochronie danych osobowych\" \/>\n<meta name=\"robots\" content=\"index, follow, max-snippet:-1, max-image-preview:large, max-video-preview:-1\" \/>\n<link rel=\"canonical\" href=\"https:\/\/legiobiznes.pl\/I\/przez-brak-numeru-pesel-firma-zostanie-wykreslona-z-ceidg-jak-rodo-wplynie-na-male-firmy-firmy-lamia-cyfrowe-prawa-czlowieka\/\" \/>\n<meta property=\"og:locale\" content=\"pl_PL\" \/>\n<meta property=\"og:type\" content=\"article\" \/>\n<meta property=\"og:title\" content=\"Przez brak numeru PESEL firma zostanie wykre\u015blona z CEIDG? Jak RODO wp\u0142ynie na ma\u0142e firmy? Firmy \u0142ami\u0105 cyfrowe prawa cz\u0142owieka. &#187; Legiobiznes.pl\" \/>\n<meta property=\"og:description\" content=\"Przez brak numeru PESEL firma zostanie wykre\u015blona z CEIDG? Jak RODO wp\u0142ynie na ma\u0142e firmy? Firmy \u0142ami\u0105 cyfrowe prawa cz\u0142owieka. RODO Senat RP przyj\u0105\u0142 bez poprawek now\u0105 Ustaw\u0119 o ochronie danych osobowych\" \/>\n<meta property=\"og:url\" content=\"https:\/\/legiobiznes.pl\/I\/przez-brak-numeru-pesel-firma-zostanie-wykreslona-z-ceidg-jak-rodo-wplynie-na-male-firmy-firmy-lamia-cyfrowe-prawa-czlowieka\/\" \/>\n<meta property=\"og:site_name\" content=\"Legiobiznes.pl\" \/>\n<meta property=\"article:publisher\" content=\"https:\/\/www.facebook.com\/LegioBiznes\/\" \/>\n<meta property=\"article:published_time\" content=\"2018-05-19T13:43:28+00:00\" \/>\n<meta property=\"article:modified_time\" content=\"2025-06-23T07:17:59+00:00\" \/>\n<meta property=\"og:image\" content=\"https:\/\/legiobiznes.pl\/I\/wp-content\/uploads\/2018\/05\/Przez-brak-numeru-PESEL-firma-zostanie-wykre\u015blona-z-CEIDG-Jak-RODO-wp\u0142ynie-na-ma\u0142e-firmy-Firmy-\u0142ami\u0105-cyfrowe-prawa-cz\u0142owieka..jpg\" \/>\n\t<meta property=\"og:image:width\" content=\"960\" \/>\n\t<meta property=\"og:image:height\" content=\"387\" \/>\n\t<meta property=\"og:image:type\" content=\"image\/jpeg\" \/>\n<meta name=\"author\" content=\"Legiobiznes.pl\" \/>\n<meta name=\"twitter:card\" content=\"summary_large_image\" \/>\n<meta name=\"twitter:creator\" content=\"@LegioBiznesPL\" \/>\n<meta name=\"twitter:site\" content=\"@LegioBiznesPL\" \/>\n<meta name=\"twitter:label1\" content=\"Napisane przez\" \/>\n\t<meta name=\"twitter:data1\" content=\"Legiobiznes.pl\" \/>\n\t<meta name=\"twitter:label2\" content=\"Szacowany czas czytania\" \/>\n\t<meta name=\"twitter:data2\" content=\"4 minuty\" \/>\n<script type=\"application\/ld+json\" class=\"yoast-schema-graph\">{\"@context\":\"https:\\\/\\\/schema.org\",\"@graph\":[{\"@type\":\"Article\",\"@id\":\"https:\\\/\\\/legiobiznes.pl\\\/I\\\/przez-brak-numeru-pesel-firma-zostanie-wykreslona-z-ceidg-jak-rodo-wplynie-na-male-firmy-firmy-lamia-cyfrowe-prawa-czlowieka\\\/#article\",\"isPartOf\":{\"@id\":\"https:\\\/\\\/legiobiznes.pl\\\/I\\\/przez-brak-numeru-pesel-firma-zostanie-wykreslona-z-ceidg-jak-rodo-wplynie-na-male-firmy-firmy-lamia-cyfrowe-prawa-czlowieka\\\/\"},\"author\":{\"name\":\"Legiobiznes.pl\",\"@id\":\"https:\\\/\\\/legiobiznes.pl\\\/I\\\/#\\\/schema\\\/person\\\/33c4505a5d28a7c944baf038996052d4\"},\"headline\":\"Przez brak numeru PESEL firma zostanie wykre\u015blona z CEIDG? Jak RODO wp\u0142ynie na ma\u0142e firmy? Firmy \u0142ami\u0105 cyfrowe prawa cz\u0142owieka.\",\"datePublished\":\"2018-05-19T13:43:28+00:00\",\"dateModified\":\"2025-06-23T07:17:59+00:00\",\"mainEntityOfPage\":{\"@id\":\"https:\\\/\\\/legiobiznes.pl\\\/I\\\/przez-brak-numeru-pesel-firma-zostanie-wykreslona-z-ceidg-jak-rodo-wplynie-na-male-firmy-firmy-lamia-cyfrowe-prawa-czlowieka\\\/\"},\"wordCount\":776,\"commentCount\":0,\"publisher\":{\"@id\":\"https:\\\/\\\/legiobiznes.pl\\\/I\\\/#organization\"},\"image\":{\"@id\":\"https:\\\/\\\/legiobiznes.pl\\\/I\\\/przez-brak-numeru-pesel-firma-zostanie-wykreslona-z-ceidg-jak-rodo-wplynie-na-male-firmy-firmy-lamia-cyfrowe-prawa-czlowieka\\\/#primaryimage\"},\"thumbnailUrl\":\"https:\\\/\\\/legiobiznes.pl\\\/I\\\/wp-content\\\/uploads\\\/2018\\\/05\\\/Przez-brak-numeru-PESEL-firma-zostanie-wykre\u015blona-z-CEIDG-Jak-RODO-wp\u0142ynie-na-ma\u0142e-firmy-Firmy-\u0142ami\u0105-cyfrowe-prawa-cz\u0142owieka..jpg\",\"keywords\":[\"CEIDG\",\"cyberprzest\u0119pcy\",\"Malware\",\"ma\u0142e firmy\",\"PESEL\",\"RODO\",\"ustawa o ochronie danych osobowych\"],\"articleSection\":[\"Prawo\"],\"inLanguage\":\"pl-PL\",\"potentialAction\":[{\"@type\":\"CommentAction\",\"name\":\"Comment\",\"target\":[\"https:\\\/\\\/legiobiznes.pl\\\/I\\\/przez-brak-numeru-pesel-firma-zostanie-wykreslona-z-ceidg-jak-rodo-wplynie-na-male-firmy-firmy-lamia-cyfrowe-prawa-czlowieka\\\/#respond\"]}]},{\"@type\":\"WebPage\",\"@id\":\"https:\\\/\\\/legiobiznes.pl\\\/I\\\/przez-brak-numeru-pesel-firma-zostanie-wykreslona-z-ceidg-jak-rodo-wplynie-na-male-firmy-firmy-lamia-cyfrowe-prawa-czlowieka\\\/\",\"url\":\"https:\\\/\\\/legiobiznes.pl\\\/I\\\/przez-brak-numeru-pesel-firma-zostanie-wykreslona-z-ceidg-jak-rodo-wplynie-na-male-firmy-firmy-lamia-cyfrowe-prawa-czlowieka\\\/\",\"name\":\"Przez brak numeru PESEL firma zostanie wykre\u015blona z CEIDG? Jak RODO wp\u0142ynie na ma\u0142e firmy? Firmy \u0142ami\u0105 cyfrowe prawa cz\u0142owieka. &#187; Legiobiznes.pl\",\"isPartOf\":{\"@id\":\"https:\\\/\\\/legiobiznes.pl\\\/I\\\/#website\"},\"primaryImageOfPage\":{\"@id\":\"https:\\\/\\\/legiobiznes.pl\\\/I\\\/przez-brak-numeru-pesel-firma-zostanie-wykreslona-z-ceidg-jak-rodo-wplynie-na-male-firmy-firmy-lamia-cyfrowe-prawa-czlowieka\\\/#primaryimage\"},\"image\":{\"@id\":\"https:\\\/\\\/legiobiznes.pl\\\/I\\\/przez-brak-numeru-pesel-firma-zostanie-wykreslona-z-ceidg-jak-rodo-wplynie-na-male-firmy-firmy-lamia-cyfrowe-prawa-czlowieka\\\/#primaryimage\"},\"thumbnailUrl\":\"https:\\\/\\\/legiobiznes.pl\\\/I\\\/wp-content\\\/uploads\\\/2018\\\/05\\\/Przez-brak-numeru-PESEL-firma-zostanie-wykre\u015blona-z-CEIDG-Jak-RODO-wp\u0142ynie-na-ma\u0142e-firmy-Firmy-\u0142ami\u0105-cyfrowe-prawa-cz\u0142owieka..jpg\",\"datePublished\":\"2018-05-19T13:43:28+00:00\",\"dateModified\":\"2025-06-23T07:17:59+00:00\",\"description\":\"Przez brak numeru PESEL firma zostanie wykre\u015blona z CEIDG? Jak RODO wp\u0142ynie na ma\u0142e firmy? Firmy \u0142ami\u0105 cyfrowe prawa cz\u0142owieka. RODO Senat RP przyj\u0105\u0142 bez poprawek now\u0105 Ustaw\u0119 o ochronie danych osobowych\",\"breadcrumb\":{\"@id\":\"https:\\\/\\\/legiobiznes.pl\\\/I\\\/przez-brak-numeru-pesel-firma-zostanie-wykreslona-z-ceidg-jak-rodo-wplynie-na-male-firmy-firmy-lamia-cyfrowe-prawa-czlowieka\\\/#breadcrumb\"},\"inLanguage\":\"pl-PL\",\"potentialAction\":[{\"@type\":\"ReadAction\",\"target\":[\"https:\\\/\\\/legiobiznes.pl\\\/I\\\/przez-brak-numeru-pesel-firma-zostanie-wykreslona-z-ceidg-jak-rodo-wplynie-na-male-firmy-firmy-lamia-cyfrowe-prawa-czlowieka\\\/\"]}]},{\"@type\":\"ImageObject\",\"inLanguage\":\"pl-PL\",\"@id\":\"https:\\\/\\\/legiobiznes.pl\\\/I\\\/przez-brak-numeru-pesel-firma-zostanie-wykreslona-z-ceidg-jak-rodo-wplynie-na-male-firmy-firmy-lamia-cyfrowe-prawa-czlowieka\\\/#primaryimage\",\"url\":\"https:\\\/\\\/legiobiznes.pl\\\/I\\\/wp-content\\\/uploads\\\/2018\\\/05\\\/Przez-brak-numeru-PESEL-firma-zostanie-wykre\u015blona-z-CEIDG-Jak-RODO-wp\u0142ynie-na-ma\u0142e-firmy-Firmy-\u0142ami\u0105-cyfrowe-prawa-cz\u0142owieka..jpg\",\"contentUrl\":\"https:\\\/\\\/legiobiznes.pl\\\/I\\\/wp-content\\\/uploads\\\/2018\\\/05\\\/Przez-brak-numeru-PESEL-firma-zostanie-wykre\u015blona-z-CEIDG-Jak-RODO-wp\u0142ynie-na-ma\u0142e-firmy-Firmy-\u0142ami\u0105-cyfrowe-prawa-cz\u0142owieka..jpg\",\"width\":\"960\",\"height\":\"387\",\"caption\":\"Przez brak numeru PESEL firma zostanie wykre\u015blona z CEIDG Jak RODO wp\u0142ynie na ma\u0142e firmy Firmy \u0142ami\u0105 cyfrowe prawa cz\u0142owieka.\"},{\"@type\":\"BreadcrumbList\",\"@id\":\"https:\\\/\\\/legiobiznes.pl\\\/I\\\/przez-brak-numeru-pesel-firma-zostanie-wykreslona-z-ceidg-jak-rodo-wplynie-na-male-firmy-firmy-lamia-cyfrowe-prawa-czlowieka\\\/#breadcrumb\",\"itemListElement\":[{\"@type\":\"ListItem\",\"position\":1,\"name\":\"Strona g\u0142\u00f3wna\",\"item\":\"https:\\\/\\\/legiobiznes.pl\\\/I\\\/\"},{\"@type\":\"ListItem\",\"position\":2,\"name\":\"Przez brak numeru PESEL firma zostanie wykre\u015blona z CEIDG? Jak RODO wp\u0142ynie na ma\u0142e firmy? Firmy \u0142ami\u0105 cyfrowe prawa cz\u0142owieka.\"}]},{\"@type\":\"WebSite\",\"@id\":\"https:\\\/\\\/legiobiznes.pl\\\/I\\\/#website\",\"url\":\"https:\\\/\\\/legiobiznes.pl\\\/I\\\/\",\"name\":\"Legiobiznes.pl\",\"description\":\"Kryptowaluty, Bezpiecze\u0144stwo IT, E-biznes | LegioBiznes.PL\",\"publisher\":{\"@id\":\"https:\\\/\\\/legiobiznes.pl\\\/I\\\/#organization\"},\"potentialAction\":[{\"@type\":\"SearchAction\",\"target\":{\"@type\":\"EntryPoint\",\"urlTemplate\":\"https:\\\/\\\/legiobiznes.pl\\\/I\\\/?s={search_term_string}\"},\"query-input\":{\"@type\":\"PropertyValueSpecification\",\"valueRequired\":true,\"valueName\":\"search_term_string\"}}],\"inLanguage\":\"pl-PL\"},{\"@type\":\"Organization\",\"@id\":\"https:\\\/\\\/legiobiznes.pl\\\/I\\\/#organization\",\"name\":\"LegioBiznes.PL\",\"url\":\"https:\\\/\\\/legiobiznes.pl\\\/I\\\/\",\"logo\":{\"@type\":\"ImageObject\",\"inLanguage\":\"pl-PL\",\"@id\":\"https:\\\/\\\/legiobiznes.pl\\\/I\\\/#\\\/schema\\\/logo\\\/image\\\/\",\"url\":\"https:\\\/\\\/legiobiznes.pl\\\/I\\\/wp-content\\\/uploads\\\/2017\\\/08\\\/legiobiznespl-logo2-e1503834302371.png\",\"contentUrl\":\"https:\\\/\\\/legiobiznes.pl\\\/I\\\/wp-content\\\/uploads\\\/2017\\\/08\\\/legiobiznespl-logo2-e1503834302371.png\",\"width\":180,\"height\":76,\"caption\":\"LegioBiznes.PL\"},\"image\":{\"@id\":\"https:\\\/\\\/legiobiznes.pl\\\/I\\\/#\\\/schema\\\/logo\\\/image\\\/\"},\"sameAs\":[\"https:\\\/\\\/www.facebook.com\\\/LegioBiznes\\\/\",\"https:\\\/\\\/x.com\\\/LegioBiznesPL\",\"https:\\\/\\\/www.youtube.com\\\/channel\\\/UCEhszB39vxk96yIXD-jOORw\"]},{\"@type\":\"Person\",\"@id\":\"https:\\\/\\\/legiobiznes.pl\\\/I\\\/#\\\/schema\\\/person\\\/33c4505a5d28a7c944baf038996052d4\",\"name\":\"Legiobiznes.pl\",\"image\":{\"@type\":\"ImageObject\",\"inLanguage\":\"pl-PL\",\"@id\":\"https:\\\/\\\/legiobiznes.pl\\\/I\\\/wp-content\\\/uploads\\\/2019\\\/07\\\/favicon-Legiobiznes-150x150.png\",\"url\":\"https:\\\/\\\/legiobiznes.pl\\\/I\\\/wp-content\\\/uploads\\\/2019\\\/07\\\/favicon-Legiobiznes-150x150.png\",\"contentUrl\":\"https:\\\/\\\/legiobiznes.pl\\\/I\\\/wp-content\\\/uploads\\\/2019\\\/07\\\/favicon-Legiobiznes-150x150.png\",\"caption\":\"Legiobiznes.pl\"},\"description\":\"Budowa i tworzenie profesjonalnych, responsywnych (RWD) stron www. Pozycjonowanie SEO, sklepy internetowe eSklep...\",\"url\":\"https:\\\/\\\/legiobiznes.pl\\\/I\\\/author\\\/boss\\\/\"}]}<\/script>\n<!-- \/ Yoast SEO plugin. -->","yoast_head_json":{"title":"Przez brak numeru PESEL firma zostanie wykre\u015blona z CEIDG? Jak RODO wp\u0142ynie na ma\u0142e firmy? Firmy \u0142ami\u0105 cyfrowe prawa cz\u0142owieka. &#187; Legiobiznes.pl","description":"Przez brak numeru PESEL firma zostanie wykre\u015blona z CEIDG? Jak RODO wp\u0142ynie na ma\u0142e firmy? Firmy \u0142ami\u0105 cyfrowe prawa cz\u0142owieka. RODO Senat RP przyj\u0105\u0142 bez poprawek now\u0105 Ustaw\u0119 o ochronie danych osobowych","robots":{"index":"index","follow":"follow","max-snippet":"max-snippet:-1","max-image-preview":"max-image-preview:large","max-video-preview":"max-video-preview:-1"},"canonical":"https:\/\/legiobiznes.pl\/I\/przez-brak-numeru-pesel-firma-zostanie-wykreslona-z-ceidg-jak-rodo-wplynie-na-male-firmy-firmy-lamia-cyfrowe-prawa-czlowieka\/","og_locale":"pl_PL","og_type":"article","og_title":"Przez brak numeru PESEL firma zostanie wykre\u015blona z CEIDG? Jak RODO wp\u0142ynie na ma\u0142e firmy? Firmy \u0142ami\u0105 cyfrowe prawa cz\u0142owieka. &#187; Legiobiznes.pl","og_description":"Przez brak numeru PESEL firma zostanie wykre\u015blona z CEIDG? Jak RODO wp\u0142ynie na ma\u0142e firmy? Firmy \u0142ami\u0105 cyfrowe prawa cz\u0142owieka. RODO Senat RP przyj\u0105\u0142 bez poprawek now\u0105 Ustaw\u0119 o ochronie danych osobowych","og_url":"https:\/\/legiobiznes.pl\/I\/przez-brak-numeru-pesel-firma-zostanie-wykreslona-z-ceidg-jak-rodo-wplynie-na-male-firmy-firmy-lamia-cyfrowe-prawa-czlowieka\/","og_site_name":"Legiobiznes.pl","article_publisher":"https:\/\/www.facebook.com\/LegioBiznes\/","article_published_time":"2018-05-19T13:43:28+00:00","article_modified_time":"2025-06-23T07:17:59+00:00","og_image":[{"width":960,"height":387,"url":"https:\/\/legiobiznes.pl\/I\/wp-content\/uploads\/2018\/05\/Przez-brak-numeru-PESEL-firma-zostanie-wykre\u015blona-z-CEIDG-Jak-RODO-wp\u0142ynie-na-ma\u0142e-firmy-Firmy-\u0142ami\u0105-cyfrowe-prawa-cz\u0142owieka..jpg","type":"image\/jpeg"}],"author":"Legiobiznes.pl","twitter_card":"summary_large_image","twitter_creator":"@LegioBiznesPL","twitter_site":"@LegioBiznesPL","twitter_misc":{"Napisane przez":"Legiobiznes.pl","Szacowany czas czytania":"4 minuty"},"schema":{"@context":"https:\/\/schema.org","@graph":[{"@type":"Article","@id":"https:\/\/legiobiznes.pl\/I\/przez-brak-numeru-pesel-firma-zostanie-wykreslona-z-ceidg-jak-rodo-wplynie-na-male-firmy-firmy-lamia-cyfrowe-prawa-czlowieka\/#article","isPartOf":{"@id":"https:\/\/legiobiznes.pl\/I\/przez-brak-numeru-pesel-firma-zostanie-wykreslona-z-ceidg-jak-rodo-wplynie-na-male-firmy-firmy-lamia-cyfrowe-prawa-czlowieka\/"},"author":{"name":"Legiobiznes.pl","@id":"https:\/\/legiobiznes.pl\/I\/#\/schema\/person\/33c4505a5d28a7c944baf038996052d4"},"headline":"Przez brak numeru PESEL firma zostanie wykre\u015blona z CEIDG? Jak RODO wp\u0142ynie na ma\u0142e firmy? Firmy \u0142ami\u0105 cyfrowe prawa cz\u0142owieka.","datePublished":"2018-05-19T13:43:28+00:00","dateModified":"2025-06-23T07:17:59+00:00","mainEntityOfPage":{"@id":"https:\/\/legiobiznes.pl\/I\/przez-brak-numeru-pesel-firma-zostanie-wykreslona-z-ceidg-jak-rodo-wplynie-na-male-firmy-firmy-lamia-cyfrowe-prawa-czlowieka\/"},"wordCount":776,"commentCount":0,"publisher":{"@id":"https:\/\/legiobiznes.pl\/I\/#organization"},"image":{"@id":"https:\/\/legiobiznes.pl\/I\/przez-brak-numeru-pesel-firma-zostanie-wykreslona-z-ceidg-jak-rodo-wplynie-na-male-firmy-firmy-lamia-cyfrowe-prawa-czlowieka\/#primaryimage"},"thumbnailUrl":"https:\/\/legiobiznes.pl\/I\/wp-content\/uploads\/2018\/05\/Przez-brak-numeru-PESEL-firma-zostanie-wykre\u015blona-z-CEIDG-Jak-RODO-wp\u0142ynie-na-ma\u0142e-firmy-Firmy-\u0142ami\u0105-cyfrowe-prawa-cz\u0142owieka..jpg","keywords":["CEIDG","cyberprzest\u0119pcy","Malware","ma\u0142e firmy","PESEL","RODO","ustawa o ochronie danych osobowych"],"articleSection":["Prawo"],"inLanguage":"pl-PL","potentialAction":[{"@type":"CommentAction","name":"Comment","target":["https:\/\/legiobiznes.pl\/I\/przez-brak-numeru-pesel-firma-zostanie-wykreslona-z-ceidg-jak-rodo-wplynie-na-male-firmy-firmy-lamia-cyfrowe-prawa-czlowieka\/#respond"]}]},{"@type":"WebPage","@id":"https:\/\/legiobiznes.pl\/I\/przez-brak-numeru-pesel-firma-zostanie-wykreslona-z-ceidg-jak-rodo-wplynie-na-male-firmy-firmy-lamia-cyfrowe-prawa-czlowieka\/","url":"https:\/\/legiobiznes.pl\/I\/przez-brak-numeru-pesel-firma-zostanie-wykreslona-z-ceidg-jak-rodo-wplynie-na-male-firmy-firmy-lamia-cyfrowe-prawa-czlowieka\/","name":"Przez brak numeru PESEL firma zostanie wykre\u015blona z CEIDG? Jak RODO wp\u0142ynie na ma\u0142e firmy? Firmy \u0142ami\u0105 cyfrowe prawa cz\u0142owieka. &#187; Legiobiznes.pl","isPartOf":{"@id":"https:\/\/legiobiznes.pl\/I\/#website"},"primaryImageOfPage":{"@id":"https:\/\/legiobiznes.pl\/I\/przez-brak-numeru-pesel-firma-zostanie-wykreslona-z-ceidg-jak-rodo-wplynie-na-male-firmy-firmy-lamia-cyfrowe-prawa-czlowieka\/#primaryimage"},"image":{"@id":"https:\/\/legiobiznes.pl\/I\/przez-brak-numeru-pesel-firma-zostanie-wykreslona-z-ceidg-jak-rodo-wplynie-na-male-firmy-firmy-lamia-cyfrowe-prawa-czlowieka\/#primaryimage"},"thumbnailUrl":"https:\/\/legiobiznes.pl\/I\/wp-content\/uploads\/2018\/05\/Przez-brak-numeru-PESEL-firma-zostanie-wykre\u015blona-z-CEIDG-Jak-RODO-wp\u0142ynie-na-ma\u0142e-firmy-Firmy-\u0142ami\u0105-cyfrowe-prawa-cz\u0142owieka..jpg","datePublished":"2018-05-19T13:43:28+00:00","dateModified":"2025-06-23T07:17:59+00:00","description":"Przez brak numeru PESEL firma zostanie wykre\u015blona z CEIDG? Jak RODO wp\u0142ynie na ma\u0142e firmy? Firmy \u0142ami\u0105 cyfrowe prawa cz\u0142owieka. RODO Senat RP przyj\u0105\u0142 bez poprawek now\u0105 Ustaw\u0119 o ochronie danych osobowych","breadcrumb":{"@id":"https:\/\/legiobiznes.pl\/I\/przez-brak-numeru-pesel-firma-zostanie-wykreslona-z-ceidg-jak-rodo-wplynie-na-male-firmy-firmy-lamia-cyfrowe-prawa-czlowieka\/#breadcrumb"},"inLanguage":"pl-PL","potentialAction":[{"@type":"ReadAction","target":["https:\/\/legiobiznes.pl\/I\/przez-brak-numeru-pesel-firma-zostanie-wykreslona-z-ceidg-jak-rodo-wplynie-na-male-firmy-firmy-lamia-cyfrowe-prawa-czlowieka\/"]}]},{"@type":"ImageObject","inLanguage":"pl-PL","@id":"https:\/\/legiobiznes.pl\/I\/przez-brak-numeru-pesel-firma-zostanie-wykreslona-z-ceidg-jak-rodo-wplynie-na-male-firmy-firmy-lamia-cyfrowe-prawa-czlowieka\/#primaryimage","url":"https:\/\/legiobiznes.pl\/I\/wp-content\/uploads\/2018\/05\/Przez-brak-numeru-PESEL-firma-zostanie-wykre\u015blona-z-CEIDG-Jak-RODO-wp\u0142ynie-na-ma\u0142e-firmy-Firmy-\u0142ami\u0105-cyfrowe-prawa-cz\u0142owieka..jpg","contentUrl":"https:\/\/legiobiznes.pl\/I\/wp-content\/uploads\/2018\/05\/Przez-brak-numeru-PESEL-firma-zostanie-wykre\u015blona-z-CEIDG-Jak-RODO-wp\u0142ynie-na-ma\u0142e-firmy-Firmy-\u0142ami\u0105-cyfrowe-prawa-cz\u0142owieka..jpg","width":"960","height":"387","caption":"Przez brak numeru PESEL firma zostanie wykre\u015blona z CEIDG Jak RODO wp\u0142ynie na ma\u0142e firmy Firmy \u0142ami\u0105 cyfrowe prawa cz\u0142owieka."},{"@type":"BreadcrumbList","@id":"https:\/\/legiobiznes.pl\/I\/przez-brak-numeru-pesel-firma-zostanie-wykreslona-z-ceidg-jak-rodo-wplynie-na-male-firmy-firmy-lamia-cyfrowe-prawa-czlowieka\/#breadcrumb","itemListElement":[{"@type":"ListItem","position":1,"name":"Strona g\u0142\u00f3wna","item":"https:\/\/legiobiznes.pl\/I\/"},{"@type":"ListItem","position":2,"name":"Przez brak numeru PESEL firma zostanie wykre\u015blona z CEIDG? Jak RODO wp\u0142ynie na ma\u0142e firmy? Firmy \u0142ami\u0105 cyfrowe prawa cz\u0142owieka."}]},{"@type":"WebSite","@id":"https:\/\/legiobiznes.pl\/I\/#website","url":"https:\/\/legiobiznes.pl\/I\/","name":"Legiobiznes.pl","description":"Kryptowaluty, Bezpiecze\u0144stwo IT, E-biznes | LegioBiznes.PL","publisher":{"@id":"https:\/\/legiobiznes.pl\/I\/#organization"},"potentialAction":[{"@type":"SearchAction","target":{"@type":"EntryPoint","urlTemplate":"https:\/\/legiobiznes.pl\/I\/?s={search_term_string}"},"query-input":{"@type":"PropertyValueSpecification","valueRequired":true,"valueName":"search_term_string"}}],"inLanguage":"pl-PL"},{"@type":"Organization","@id":"https:\/\/legiobiznes.pl\/I\/#organization","name":"LegioBiznes.PL","url":"https:\/\/legiobiznes.pl\/I\/","logo":{"@type":"ImageObject","inLanguage":"pl-PL","@id":"https:\/\/legiobiznes.pl\/I\/#\/schema\/logo\/image\/","url":"https:\/\/legiobiznes.pl\/I\/wp-content\/uploads\/2017\/08\/legiobiznespl-logo2-e1503834302371.png","contentUrl":"https:\/\/legiobiznes.pl\/I\/wp-content\/uploads\/2017\/08\/legiobiznespl-logo2-e1503834302371.png","width":180,"height":76,"caption":"LegioBiznes.PL"},"image":{"@id":"https:\/\/legiobiznes.pl\/I\/#\/schema\/logo\/image\/"},"sameAs":["https:\/\/www.facebook.com\/LegioBiznes\/","https:\/\/x.com\/LegioBiznesPL","https:\/\/www.youtube.com\/channel\/UCEhszB39vxk96yIXD-jOORw"]},{"@type":"Person","@id":"https:\/\/legiobiznes.pl\/I\/#\/schema\/person\/33c4505a5d28a7c944baf038996052d4","name":"Legiobiznes.pl","image":{"@type":"ImageObject","inLanguage":"pl-PL","@id":"https:\/\/legiobiznes.pl\/I\/wp-content\/uploads\/2019\/07\/favicon-Legiobiznes-150x150.png","url":"https:\/\/legiobiznes.pl\/I\/wp-content\/uploads\/2019\/07\/favicon-Legiobiznes-150x150.png","contentUrl":"https:\/\/legiobiznes.pl\/I\/wp-content\/uploads\/2019\/07\/favicon-Legiobiznes-150x150.png","caption":"Legiobiznes.pl"},"description":"Budowa i tworzenie profesjonalnych, responsywnych (RWD) stron www. Pozycjonowanie SEO, sklepy internetowe eSklep...","url":"https:\/\/legiobiznes.pl\/I\/author\/boss\/"}]}},"_links":{"self":[{"href":"https:\/\/legiobiznes.pl\/I\/wp-json\/wp\/v2\/posts\/646160","targetHints":{"allow":["GET"]}}],"collection":[{"href":"https:\/\/legiobiznes.pl\/I\/wp-json\/wp\/v2\/posts"}],"about":[{"href":"https:\/\/legiobiznes.pl\/I\/wp-json\/wp\/v2\/types\/post"}],"author":[{"embeddable":true,"href":"https:\/\/legiobiznes.pl\/I\/wp-json\/wp\/v2\/users\/1"}],"replies":[{"embeddable":true,"href":"https:\/\/legiobiznes.pl\/I\/wp-json\/wp\/v2\/comments?post=646160"}],"version-history":[{"count":2,"href":"https:\/\/legiobiznes.pl\/I\/wp-json\/wp\/v2\/posts\/646160\/revisions"}],"predecessor-version":[{"id":1696290,"href":"https:\/\/legiobiznes.pl\/I\/wp-json\/wp\/v2\/posts\/646160\/revisions\/1696290"}],"wp:featuredmedia":[{"embeddable":true,"href":"https:\/\/legiobiznes.pl\/I\/wp-json\/wp\/v2\/media\/646161"}],"wp:attachment":[{"href":"https:\/\/legiobiznes.pl\/I\/wp-json\/wp\/v2\/media?parent=646160"}],"wp:term":[{"taxonomy":"category","embeddable":true,"href":"https:\/\/legiobiznes.pl\/I\/wp-json\/wp\/v2\/categories?post=646160"},{"taxonomy":"post_tag","embeddable":true,"href":"https:\/\/legiobiznes.pl\/I\/wp-json\/wp\/v2\/tags?post=646160"}],"curies":[{"name":"wp","href":"https:\/\/api.w.org\/{rel}","templated":true}]}}