{"id":662192,"date":"2018-06-01T13:51:40","date_gmt":"2018-06-01T11:51:40","guid":{"rendered":"https:\/\/legiobiznes.pl\/I\/?p=662192"},"modified":"2025-02-12T13:07:27","modified_gmt":"2025-02-12T11:07:27","slug":"rodo-facebook-i-google-pozwane-rodo-glowne-zasady-zmiany-obowiazki-definicje-rekrutacja-nowych-pracownikow-samsung-kara-finansowa","status":"publish","type":"post","link":"https:\/\/legiobiznes.pl\/I\/rodo-facebook-i-google-pozwane-rodo-glowne-zasady-zmiany-obowiazki-definicje-rekrutacja-nowych-pracownikow-samsung-kara-finansowa\/","title":{"rendered":"RODO, Facebook i Google pozwane. RODO \u2013 g\u0142\u00f3wne zasady, zmiany, obowi\u0105zki, definicje, rekrutacja nowych pracownik\u00f3w. Samsung, kara finansowa"},"content":{"rendered":"<h2><strong>Facbook i Google pozwane na 8,2 miliarda euro. Wszystko przez RODO<\/strong><\/h2>\n<h3><strong>Wystarczy\u0142o kilka godzin obowi\u0105zywania ustawy RODO (za granic\u0105: GDPR) i ju\u017c pojawi\u0142y si\u0119 pierwsze pozwy zbiorowe. Tym razem chodzi o dwie wielkie firmy: Facebooka oraz Google. Obie zosta\u0142y zasypane zalewem pozw\u00f3w dotycz\u0105cych namawiania u\u017cytkownik\u00f3w do udost\u0119pniania swoich danych osobowych.<\/strong><\/h3>\n<p>Za pozwami stoi austriacki aktywista ds. prywatno\u015bci, Max Schrems. Schrems od dawna krytykuje wielkie firmy za ich praktyki kolekcjonowania danych&#8230;<\/p>\n<p><strong>Wi\u0119cej dowiesz si\u0119 na:<\/strong>\u00a0http:\/\/www.komputerswiat.pl<\/p>\n<h2 class=\"title\"><strong>Facebook i Google pozwane w zwi\u0105zku z RODO<\/strong><\/h2>\n<h3><strong>W trakcie pierwszego dnia obowi\u0105zywania Unijnego Rozporz\u0105dzenia Og\u00f3lnego o Ochronie Danych Osobowych walcz\u0105cy o prywatno\u015b\u0107 aktywista i adwokat Max Schrems, z\u0142o\u017cy\u0142 pozwy przeciwko dw\u00f3m gigantom technologii. Austriak \u017c\u0105da kar finansowych si\u0119gaj\u0105cych ponad 3 miliardy euro.<\/strong><\/h3>\n<p>Max Schrems walczy z Facebookiem od dekady w kontek\u015bcie ochrony danych osobowych. Po wej\u015bciu w \u017cycie\u00a0RODO\u00a0zyska\u0142 kolejny argument, kt\u00f3rego nie waha\u0142 si\u0119 wykorzysta\u0107. Tu\u017c po p\u00f3\u0142nocy w dniu, w kt\u00f3rym rozporz\u0105dzenie zacz\u0119\u0142o obowi\u0105zywa\u0107, adwokat z\u0142o\u017cy\u0142 pozwy przeciwko Facebookowi i nale\u017c\u0105cym do niego Instagramowi i WhatsAppowi oraz przeciwko firmie Google odpowiedzialnej za system Android&#8230;<\/p>\n<p><strong>Wi\u0119cej dowiesz si\u0119 na:<\/strong>\u00a0https:\/\/www.chip.pl<\/p>\n<h2 class=\"newsTitle\"><strong>RODO ju\u017c zbiera \u017cniwo. Ameryka\u0144skie serwisy zamkni\u0119te dla europejskich u\u017cytkownik\u00f3w<\/strong><\/h2>\n<h3><strong>RODO, kt\u00f3re dla europejskich internaut\u00f3w wyra\u017ca si\u0119 przede wszystkim w lawinie maili, kt\u00f3rych nikt nie czyta, dla wydawc\u00f3w oznacza powa\u017cne konsekwencje biznesowe.\u00a0<\/strong><strong>W niekt\u00f3rych przypadkach &#8211; donosi serwis Digiday &#8211; sieci reklamowe odnotowa\u0142y spadek popytu mi\u0119dzy 25 a 40 procent. W zwi\u0105zku z tym cz\u0119\u015b\u0107 wydawc\u00f3w z USA zdecydowa\u0142a si\u0119 ograniczyli swoj\u0105 aktywno\u015b\u0107 biznesow\u0105 w Europie.<\/strong><\/h3>\n<p>Tytu\u0142y takie jak Los Angeles Times i Chicago Tribune zamkn\u0119\u0142y swoje europejskie witryny&#8230;<\/p>\n<p><strong>Wi\u0119cej dowiesz si\u0119 na:<\/strong>\u00a0<a href=\"https:\/\/interaktywnie.com\/biznes\/newsy\/biznes\/rodo-juz-zbiera-zniwo-amerykanskie-serwisy-zamkniete-dla-europejskich-uzytkownikow-257400?utm_source=feedburner&amp;utm_medium=feed&amp;utm_campaign=Feed%3A+Interaktywnie+%28Interaktywnie.com%29\" target=\"_blank\" rel=\"noopener noreferrer\">https:\/\/interaktywnie.com<\/a><\/p>\n<p><center><!-- Pula: Marketing2 \/\/--><br \/>\n<script type=\"text\/javascript\">\n    document.write(unescape('%3Cscript type=\"text\/javascript\" src=\"' + document.location.protocol + \n    '\/\/ec.bankier.pl\/show2\/MzIxMjEsMjUzMjIsNDE4NzY\/' + Math.random() + '\/'+ '\"%3E%3C\/script%3E'));\n<\/script><\/center><\/p>\n<h2 class=\"post-tile entry-title\"><strong>RODO \u2013 g\u0142\u00f3wne zasady, zmiany, obowi\u0105zki, definicje<\/strong><\/h2>\n<h3><strong>RODO to unijne rozporz\u0105dzenie o ochronie danych osobowych, kt\u00f3re\u00a0z dniem 25 maja 2018zacz\u0119\u0142o obowi\u0105zywa\u0107 w Polsce. Zosta\u0142o ono wprowadzone, aby z jednej strony wzmocni\u0107 ochron\u0119 danych, a z drugiej ujednolici\u0107 polityk\u0119 w zakresie ochronny danych osobowych w Unii Europejskiej.<\/strong><\/h3>\n<p>Ca\u0142y dokument\u00a0<strong>rozporz\u0105dzenia o ochronie danych osobowych<\/strong>\u00a0(RODO) w formacie PDF mo\u017cna pobra\u0107\u00a0tutaj.<\/p>\n<p>Dotychczas ka\u017cdy z kraj\u00f3w cz\u0142onkowskich mia\u0142 swoje definicje, zasady i przepisy w tym zakresie. Jedne kraje ostrzejsze, inne nieco mniej. Warto wspomnie\u0107, \u017ce samo rozporz\u0105dzenie zosta\u0142o uchwalone ju\u017c w 2016r. Firmy mia\u0142y dwa lata, aby si\u0119 do niego dostosowa\u0107&#8230;<\/p>\n<p><strong>Wi\u0119cej dowiesz si\u0119 na:<\/strong>\u00a0<a href=\"http:\/\/consider.pl\/rodo-glowne-zasady-zmiany-obowiazki-definicje\/\" target=\"_blank\" rel=\"noopener noreferrer\">http:\/\/consider.pl<\/a><\/p>\n<h2><strong>RODO a rekrutacja nowych pracownik\u00f3w<\/strong><\/h2>\n<h3><strong>Kandydaci wysy\u0142aj\u0105 swoje CV w odpowiedzi na konkretn\u0105 ofert\u0119 pracy wybranego pracodawcy, ale 8 na 10 nie mia\u0142oby nic przeciwko temu, by ich dane by\u0142y brane pod uwag\u0119 w innych procesach rekrutacyjnych tej firmy. Po wej\u015bciu RODO pracodawcy s\u0105 zobligowani do okre\u015blenia oraz przedstawiania aplikuj\u0105cym, jak d\u0142ugo ich dane b\u0119d\u0105 wykorzystywane.<\/strong><\/h3>\n<p>Kandydaci, kt\u00f3rzy zgadzaj\u0105 si\u0119 na wykorzystanie ich danych w przysz\u0142ych procesach rekrutacyjnych chcieliby, aby te informacje by\u0142y usuwane po roku (47%) lub przechowywane maksymalnie do 3 lat (28%). 9% aplikuj\u0105cych zadeklarowa\u0142o, \u017ce pracodawca w takiej sytuacji powinien wykorzystywa\u0107 ich dane bez ogranicze\u0144. Po\u015br\u00f3d badanych znale\u017ali si\u0119 r\u00f3wnie\u017c tacy kandydaci, kt\u00f3rzy nie wyra\u017caj\u0105 zgody na udzia\u0142 w innych procesach rekrutacyjnych. Z badania \u201eRODO w rekrutacji 2018\u201d wynika, \u017ce niemal po\u0142owa tej grupy, oczekuje, \u017ce pracodawca skasuje ich dane zaraz po zako\u0144czeniu naboru&#8230;<\/p>\n<p><strong>Wi\u0119cej dowiesz si\u0119 na:<\/strong>\u00a0<a href=\"http:\/\/di.com.pl\/rodo-a-rekrutacja-nowych-pracownikow-59435?utm_source=feedburner&amp;utm_medium=feed&amp;utm_campaign=Feed%3A+glowny-di+%280+-+DI+kanal+glowny+%28go%C5%82y%29%29\" target=\"_blank\" rel=\"noopener noreferrer\">http:\/\/di.com.pl<\/a><\/p>\n<h2 class=\"title\"><strong>Samsung musi zap\u0142aci\u0107 Apple prawie 2 miliardy z\u0142otych<\/strong><\/h2>\n<h3><strong>Chodzi o naruszenie trzech patent\u00f3w Apple zwi\u0105zanych z wygl\u0105dem urz\u0105dze\u0144, jakie wed\u0142ug ameryka\u0144skiej firmy naruszy\u0142 Samsung. S\u0105d uzna\u0142 win\u0119 korea\u0144skiego koncernu i kaza\u0142 mu zap\u0142aci\u0107 539 milion\u00f3w dolar\u00f3w (prawie 2 miliardy z\u0142otych) na rzecz konkurenta.<\/strong><\/h3>\n<p>Samsung sprzeda\u0142 8,6 miliona smartfon\u00f3w o \u0142\u0105cznej warto\u015bci 3,3 miliard\u00f3w dolar\u00f3w (oko\u0142o 12,2 miliarda z\u0142otych), kt\u00f3re wed\u0142ug Apple naruszy\u0142y patenty ameryka\u0144skiego koncernu. Apple domaga\u0142o si\u0119 miliarda dolar\u00f3w (3,5 miliarda z\u0142otych), czyli ca\u0142ego zysku jaki Samsung uzyska\u0142 ze sprzeda\u017cy samrtfon\u00f3w, kt\u00f3rych dotyczy\u0142a sprawa&#8230;<\/p>\n<p><strong>Wi\u0119cej dowiesz si\u0119 na:<\/strong>\u00a0https:\/\/www.chip.pl<\/p>\n<h2><strong>Ile zap\u0142acimy za abonament RTV w 2019 roku? KRRiT ujawnia op\u0142aty i zwolnienia<\/strong><\/h2>\n<h3><strong>Krajowa Rada Radiofonii i Telewizji ujawni\u0142a, ile zap\u0142acimy za abonament radiowo-telewizyjny w 2019 roku. Opr\u00f3cz tego komisja poinformowa\u0142a o zwolnieniach przys\u0142uguj\u0105cych od tej op\u0142aty.<\/strong><\/h3>\n<p>W przysz\u0142ym roku nie wzro\u015bnie op\u0142ata za abonament RTV, poinformowa\u0142a KRRiT.\u00a0<strong>Miesi\u0119czna op\u0142ata pozostaje zatem na poziomie 22,70 z\u0142otych<\/strong>, cho\u0107 p\u0142ac\u0105c za abonament kilka miesi\u0119cy z g\u00f3ry kwota ta b\u0119dzie odpowiednio pomniejszona. Wykonuj\u0105c op\u0142at\u0119 za rok z g\u00f3ry zap\u0142acimy wi\u0119c 245,15 z\u0142otych&#8230;<\/p>\n<p><strong>Wi\u0119cej dowiesz si\u0119 na:<\/strong>\u00a0http:\/\/www.komputerswiat.pl<\/p>\n<p><center><!-- Pula: Marketing \/\/--><br \/>\n<script type=\"text\/javascript\">\n    document.write(unescape('%3Cscript type=\"text\/javascript\" src=\"' + document.location.protocol + \n    '\/\/ec.bankier.pl\/show2\/MzIxMjAsMjUzMjIsNDE4NzY\/' + Math.random() + '\/'+ '\"%3E%3C\/script%3E'));\n<\/script><\/center><\/p>\n<h2 class=\"title\"><strong>21-latek aresztowany za umieszczenie pirackiego filmu na Facebooku<\/strong><\/h2>\n<h3 class=\"excerpt\"><strong>Trevon Maurice Franklin z Kalifornii dwa dni po oficjalnej premierze filmu &#8222;Deadpool&#8221; umie\u015bci\u0142 na Facebooku jego pirack\u0105 kopi\u0119, kt\u00f3r\u0105 obejrza\u0142o ponad 5 milion\u00f3w os\u00f3b. Teraz musi zmierzy\u0107 si\u0119 z konsekwencjami swego czynu.<\/strong><\/h3>\n<p>Niekt\u00f3rzy wci\u0105\u017c my\u015bl\u0105, \u017ce s\u0105 anonimowi w internecie i \u017ce wystarczy korzysta\u0107 z nicka, by nikt nikt ich nie znalaz\u0142. 21-latek z Kalifornii u\u017cywaj\u0105cy pseudonimu \u201eTre-Von M.King\u201d na fali popularno\u015bci bohatera ameryka\u0144skich komiks\u00f3w udost\u0119pni\u0142 na swoim profilu na Facebooku pirack\u0105 kopi\u0119 filmu&#8230;<\/p>\n<p><strong>Wi\u0119cej dowiesz si\u0119 na:<\/strong>\u00a0https:\/\/www.chip.pl<\/p>\n<h2 class=\"title\"><strong>Koniec samodzielnie wype\u0142nianych PIT-\u00f3w?<\/strong><\/h2>\n<h3><strong>Minister Teresa Czerwi\u0144ska obiecuje, \u017ce ju\u017c 2019 r. Krajowa Administracja Skarbowa przygotuje dla podatnik\u00f3w i udost\u0119pni w wersji elektronicznej ich rozliczenia PIT-37 i PIT-38 za rok 2018. <\/strong><\/h3>\n<p>Wed\u0142ug ministerstwa oznacza to, \u017ce prawie 50 proc. podatnik\u00f3w rozliczy si\u0119 za pomoc\u0105 kilku klikni\u0119\u0107. Ministerialna us\u0142uga nazywa si\u0119 \u201eTw\u00f3j e-PIT\u201d. W ramach tej us\u0142ugi ju\u017c 15 lutego 2019 r. na\u00a0<a href=\"https:\/\/www.finanse.mf.gov.pl\/web\/wp\/pp\" target=\"_blank\" rel=\"noopener noreferrer\">portalu MF<\/a>b\u0119d\u0105 czeka\u0142y wype\u0142nione\u00a0 deklaracje podatku rocznego. Uzupe\u0142nione one zostan\u0105 na bazie danych o zaliczkach na podatek dochodowy wp\u0142ywaj\u0105cy przez ca\u0142y rok podatkowy. Ulgi zostan\u0105 r\u00f3wnie\u017c wliczone, na podstawie danych z poprzednich lat&#8230;<\/p>\n<p><strong>Wi\u0119cej dowiesz si\u0119 na:<\/strong>\u00a0https:\/\/www.chip.pl<\/p>\n<h2><strong>Zag\u00f3rski: RODO to dla obywateli wi\u0119ksza ochrona, a dla firm wi\u0119ksze obowi\u0105zki<\/strong><\/h2>\n<h3><strong>RODO to dla obywateli dodatkowe uprawnienia, wi\u0119ksza ochrona, a dla przedsi\u0119biorc\u00f3w wi\u0119ksze obowi\u0105zki \u2013 powiedzia\u0142 w pi\u0105tek podczas spotkania z dziennikarzami minister cyfryzacji Marek Zag\u00f3rski.<\/strong><\/h3>\n<p>Przypomnia\u0142, \u017ce w pi\u0105tek wchodz\u0105 w \u017cycie dwa akty prawne: Ustawa o ochronie danych osobowych i rozporz\u0105dzenie o ochronie danych osobowych. \u201eZmienia si\u0119 ten aspekt naszego \u017cycia (\u2026), ale te\u017c nie mamy jakiego\u015b kataklizmu. To s\u0105 oczywi\u015bcie dla obywateli uprawnienia, to jest wi\u0119ksza ochrona, dla przedsi\u0119biorc\u00f3w wi\u0119ksze obowi\u0105zki. Zar\u00f3wno w jednym, jak i w drugim przypadku nale\u017cy zachowa\u0107 zdrowy rozs\u0105dek i o to te\u017c apelujemy\u201d \u2013 powiedzia\u0142 minister&#8230;<\/p>\n<p><strong>Wi\u0119cej dowiesz si\u0119 na:<\/strong>\u00a0https:\/\/mambiznes.pl<\/p>\n<h2 class=\"newsTitle\"><strong>Ustawa o ochronie danych osobowych 2018. Do 31 lipca trzeba wyznaczy\u0107 i zg\u0142osi\u0107 inspektora ochrony danych<\/strong><\/h2>\n<h3><strong>Rzutem na ta\u015bm\u0119 w miniony czwartek, nieca\u0142\u0105 godzin\u0119 przed wej\u015bciem w \u017cycie RODO, zosta\u0142a opublikowana w Dzienniku Ustaw nowa Ustawa o ochronie danych osobowych z dnia 10 maja 2018 r., kt\u00f3ra wesz\u0142a w \u017cycie 25 maja 2018 roku. Okre\u015bla ona tak\u017ce przepisy przej\u015bciowe. Wed\u0142ug nich je\u015bli kogo\u015b obejmuje obowi\u0105zek wyznaczenia inspektora ochrony danych, musi to zrobi\u0107 najp\u00f3\u017aniej do 31 lipca. Ale kiedy go powa\u0142a, ma tylko 14 dni na zg\u0142oszenie jego danych do dawnego GIODO, teraz Prezesa Urz\u0119du Ochrony Danych.<\/strong><\/h3>\n<p>Poprzednia ustawa o ochronie danych osobowych zosta\u0142a prawie ca\u0142kowicie uchylona. Nowa w medialnej burzy wywo\u0142anej wej\u015bciem w \u017cycie samego RODO praktycznie przesz\u0142a bez echa. A wprowadza kilka istotnych termin\u00f3w, na kt\u00f3re trzeba zwr\u00f3ci\u0107 uwag\u0119. Warto te\u017c doda\u0107, \u017ce dopiero w lipcu parlament ma zaj\u0105\u0107 si\u0119 specustaw\u0105, kt\u00f3ra hurtowo zmieni oko\u0142o 200 innych w zakresie dotycz\u0105cym danych osobowych w r\u00f3\u017cnych bran\u017cach, sektorach gospodarki, urz\u0119dach i instytucjach np. w s\u0142u\u017cbie zdrowia&#8230;<\/p>\n<p><strong>Wi\u0119cej dowiesz si\u0119 na:<\/strong>\u00a0<a href=\"https:\/\/interaktywnie.com\/biznes\/newsy\/prawo\/ustawa-o-ochronie-danych-osobowych-2018-do-31-lipca-trzeba-wyznaczyc-i-zglosic-inspektora-ochrony-danych-257398?utm_source=feedburner&amp;utm_medium=feed&amp;utm_campaign=Feed%3A+Interaktywnie+%28Interaktywnie.com%29\" target=\"_blank\" rel=\"noopener noreferrer\">https:\/\/interaktywnie.com<\/a><\/p>\n<h2 class=\"content-title text-green\"><strong>Podatek od reklam na Facebooku \u2013 kto musi zap\u0142aci\u0107 podatek dochodowy i podatek VAT?<\/strong><\/h2>\n<h3><strong>Korzystaj\u0105c z Facebook Ads, decydujemy si\u0119 na us\u0142ugi \u015bwiadczone przez najpopularniejszy serwis spo\u0142eczno\u015bciowy, kt\u00f3re wi\u0105\u017c\u0105 si\u0119 ze spe\u0142nieniem obowi\u0105zk\u00f3w podatkowych. Za reklamy na Facebooku nale\u017cy ui\u015bci\u0107 podatek VAT oraz podatek dochodowy. Czy wszyscy musz\u0105 rozliczy\u0107 si\u0119 fiskusem? Jakie formalno\u015bci wi\u0105\u017c\u0105 si\u0119 z facebookowymi kampaniami? Wyja\u015bniamy zawi\u0142e kwestie podatkowe dotycz\u0105ce p\u0142atnej promocji na Facebooku.<\/strong><\/h3>\n<h3>Reklama na Facebooku a podatki \u2013 promocja w celach prywatnych i w celach biznesowych<\/h3>\n<p>Podczas tworzenia konta Mened\u017cera Reklam zostaniemy poproszeni o wyb\u00f3r celu reklam: prywatny albo biznesowy. Jest to wa\u017cne ustawienie \u2013 od zaznaczonej opcji b\u0119dzie zale\u017ca\u0142 spos\u00f3b rozlicze\u0144 podatkowych&#8230;<\/p>\n<p><strong>Wi\u0119cej dowiesz si\u0119 na:<\/strong>\u00a0<a href=\"https:\/\/www.artefakt.pl\/blog\/epr\/podatek-od-reklam-na-facebooku\" target=\"_blank\" rel=\"noopener noreferrer\">https:\/\/www.artefakt.pl<\/a><\/p>\n<h2 class=\"newsTitle\"><strong>Programy RevShare (Revenue Share). Jak rozlicza\u0107 si\u0119 z fiskusem?<\/strong><\/h2>\n<h3><strong>Coraz wi\u0119ksza popularno\u015bci\u0105 ciesz\u0105 si\u0119 rozmaite formy zarabiania przez internet. Obr\u00f3t kryptowalutami czy forex to nie jedyne popularne \u017ar\u00f3d\u0142a uzyskania przychodu. W dzisiejszym artykule przedstawi\u0119, czym s\u0105 programy typu RevShare (Revenue Share) i jakie stanowisko odno\u015bnie opodatkowania tych przychod\u00f3w prezentuj\u0105 urz\u0119dy.<\/strong><\/h3>\n<h3>Jak dzia\u0142a Revenue Share?<\/h3>\n<p>Revenue Share dzia\u0142aj\u0105 na zasadzie podzia\u0142u przychod\u00f3w pomi\u0119dzy uczestnik\u00f3w danego projektu. Programy umo\u017cliwiaj\u0105 uzyskania przychod\u00f3w na kilka sposob\u00f3w. Podstawowymi \u017ar\u00f3d\u0142ami uzyskania przychod\u00f3w\u00a0 jest sprzeda\u017c AdPack\u00f3w, generowanie ruchu na stronie lub mo\u017cliwo\u015b\u0107 uzyskania przychodu poprzez program referencyjny (system polece\u0144)&#8230;<\/p>\n<p><strong>Wi\u0119cej dowiesz si\u0119 na:<\/strong>\u00a0<a href=\"https:\/\/interaktywnie.com\/biznes\/newsy\/prawo\/programy-revshare-revenue-share-jak-rozliczac-sie-z-fiskusem-257397?utm_source=feedburner&amp;utm_medium=feed&amp;utm_campaign=Feed%3A+Interaktywnie+%28Interaktywnie.com%29\" target=\"_blank\" rel=\"noopener noreferrer\">https:\/\/interaktywnie.com<\/a><\/p>\n","protected":false},"excerpt":{"rendered":"<p>Facbook i Google pozwane na 8,2 miliarda euro. Wszystko przez RODO Wystarczy\u0142o kilka godzin obowi\u0105zywania ustawy RODO (za granic\u0105: GDPR) i ju\u017c pojawi\u0142y si\u0119 pierwsze pozwy zbiorowe. Tym razem chodzi o dwie wielkie firmy: Facebooka oraz Google. Obie zosta\u0142y zasypane zalewem pozw\u00f3w dotycz\u0105cych namawiania u\u017cytkownik\u00f3w do udost\u0119pniania swoich danych osobowych. Za pozwami stoi austriacki aktywista &hellip;<\/p>\n","protected":false},"author":1,"featured_media":662193,"comment_status":"open","ping_status":"closed","sticky":false,"template":"","format":"standard","meta":{"footnotes":""},"categories":[1294],"tags":[1890,2050,4145,1909,1365,3852,2259,1332,4146,1542,1623,2454],"class_list":["post-662192","post","type-post","status-publish","format-standard","has-post-thumbnail","","category-prawo","tag-abonament-rtv","tag-apple","tag-facbook","tag-gdpr","tag-google","tag-pit","tag-podatki","tag-reklama","tag-revshare","tag-rodo","tag-samsung","tag-vat"],"yoast_head":"<!-- This site is optimized with the Yoast SEO plugin v27.5 - https:\/\/yoast.com\/product\/yoast-seo-wordpress\/ -->\n<title>RODO, Facebook i Google pozwane. RODO \u2013 g\u0142\u00f3wne zasady, zmiany, obowi\u0105zki, definicje, rekrutacja nowych pracownik\u00f3w. Samsung, kara finansowa &#187; Legiobiznes.pl<\/title>\n<meta name=\"description\" content=\"RODO, Facebook i Google pozwane. RODO \u2013 g\u0142\u00f3wne zasady, zmiany, obowi\u0105zki, definicje, rekrutacja nowych pracownik\u00f3w. Samsung, kara finansowa\" \/>\n<meta name=\"robots\" content=\"index, follow, max-snippet:-1, max-image-preview:large, max-video-preview:-1\" \/>\n<link rel=\"canonical\" href=\"https:\/\/legiobiznes.pl\/I\/rodo-facebook-i-google-pozwane-rodo-glowne-zasady-zmiany-obowiazki-definicje-rekrutacja-nowych-pracownikow-samsung-kara-finansowa\/\" \/>\n<meta property=\"og:locale\" content=\"pl_PL\" \/>\n<meta property=\"og:type\" content=\"article\" \/>\n<meta property=\"og:title\" content=\"RODO, Facebook i Google pozwane. RODO \u2013 g\u0142\u00f3wne zasady, zmiany, obowi\u0105zki, definicje, rekrutacja nowych pracownik\u00f3w. Samsung, kara finansowa &#187; Legiobiznes.pl\" \/>\n<meta property=\"og:description\" content=\"RODO, Facebook i Google pozwane. RODO \u2013 g\u0142\u00f3wne zasady, zmiany, obowi\u0105zki, definicje, rekrutacja nowych pracownik\u00f3w. Samsung, kara finansowa\" \/>\n<meta property=\"og:url\" content=\"https:\/\/legiobiznes.pl\/I\/rodo-facebook-i-google-pozwane-rodo-glowne-zasady-zmiany-obowiazki-definicje-rekrutacja-nowych-pracownikow-samsung-kara-finansowa\/\" \/>\n<meta property=\"og:site_name\" content=\"Legiobiznes.pl\" \/>\n<meta property=\"article:publisher\" content=\"https:\/\/www.facebook.com\/LegioBiznes\/\" \/>\n<meta property=\"article:published_time\" content=\"2018-06-01T11:51:40+00:00\" \/>\n<meta property=\"article:modified_time\" content=\"2025-02-12T11:07:27+00:00\" \/>\n<meta property=\"og:image\" content=\"https:\/\/legiobiznes.pl\/I\/wp-content\/uploads\/2018\/06\/RODO-Facebook-i-Google-pozwane.-RODO-\u2013-g\u0142\u00f3wne-zasady-zmiany-obowi\u0105zki-definicje-rekrutacja-nowych-pracownik\u00f3w.-Samsung-kara-finansowa.jpg\" \/>\n\t<meta property=\"og:image:width\" content=\"960\" \/>\n\t<meta property=\"og:image:height\" content=\"678\" \/>\n\t<meta property=\"og:image:type\" content=\"image\/jpeg\" \/>\n<meta name=\"author\" content=\"Legiobiznes.pl\" \/>\n<meta name=\"twitter:card\" content=\"summary_large_image\" \/>\n<meta name=\"twitter:creator\" content=\"@LegioBiznesPL\" \/>\n<meta name=\"twitter:site\" content=\"@LegioBiznesPL\" \/>\n<meta name=\"twitter:label1\" content=\"Napisane przez\" \/>\n\t<meta name=\"twitter:data1\" content=\"Legiobiznes.pl\" \/>\n\t<meta name=\"twitter:label2\" content=\"Szacowany czas czytania\" \/>\n\t<meta name=\"twitter:data2\" content=\"8 minut\" \/>\n<script type=\"application\/ld+json\" class=\"yoast-schema-graph\">{\"@context\":\"https:\\\/\\\/schema.org\",\"@graph\":[{\"@type\":\"Article\",\"@id\":\"https:\\\/\\\/legiobiznes.pl\\\/I\\\/rodo-facebook-i-google-pozwane-rodo-glowne-zasady-zmiany-obowiazki-definicje-rekrutacja-nowych-pracownikow-samsung-kara-finansowa\\\/#article\",\"isPartOf\":{\"@id\":\"https:\\\/\\\/legiobiznes.pl\\\/I\\\/rodo-facebook-i-google-pozwane-rodo-glowne-zasady-zmiany-obowiazki-definicje-rekrutacja-nowych-pracownikow-samsung-kara-finansowa\\\/\"},\"author\":{\"name\":\"Legiobiznes.pl\",\"@id\":\"https:\\\/\\\/legiobiznes.pl\\\/I\\\/#\\\/schema\\\/person\\\/33c4505a5d28a7c944baf038996052d4\"},\"headline\":\"RODO, Facebook i Google pozwane. RODO \u2013 g\u0142\u00f3wne zasady, zmiany, obowi\u0105zki, definicje, rekrutacja nowych pracownik\u00f3w. Samsung, kara finansowa\",\"datePublished\":\"2018-06-01T11:51:40+00:00\",\"dateModified\":\"2025-02-12T11:07:27+00:00\",\"mainEntityOfPage\":{\"@id\":\"https:\\\/\\\/legiobiznes.pl\\\/I\\\/rodo-facebook-i-google-pozwane-rodo-glowne-zasady-zmiany-obowiazki-definicje-rekrutacja-nowych-pracownikow-samsung-kara-finansowa\\\/\"},\"wordCount\":1658,\"commentCount\":0,\"publisher\":{\"@id\":\"https:\\\/\\\/legiobiznes.pl\\\/I\\\/#organization\"},\"image\":{\"@id\":\"https:\\\/\\\/legiobiznes.pl\\\/I\\\/rodo-facebook-i-google-pozwane-rodo-glowne-zasady-zmiany-obowiazki-definicje-rekrutacja-nowych-pracownikow-samsung-kara-finansowa\\\/#primaryimage\"},\"thumbnailUrl\":\"https:\\\/\\\/legiobiznes.pl\\\/I\\\/wp-content\\\/uploads\\\/2018\\\/06\\\/RODO-Facebook-i-Google-pozwane.-RODO-\u2013-g\u0142\u00f3wne-zasady-zmiany-obowi\u0105zki-definicje-rekrutacja-nowych-pracownik\u00f3w.-Samsung-kara-finansowa.jpg\",\"keywords\":[\"abonament RTV\",\"Apple\",\"Facbook\",\"GDPR\",\"Google\",\"PIT\",\"podatki\",\"reklama\",\"RevShare\",\"RODO\",\"samsung\",\"VAT\"],\"articleSection\":[\"Prawo\"],\"inLanguage\":\"pl-PL\",\"potentialAction\":[{\"@type\":\"CommentAction\",\"name\":\"Comment\",\"target\":[\"https:\\\/\\\/legiobiznes.pl\\\/I\\\/rodo-facebook-i-google-pozwane-rodo-glowne-zasady-zmiany-obowiazki-definicje-rekrutacja-nowych-pracownikow-samsung-kara-finansowa\\\/#respond\"]}]},{\"@type\":\"WebPage\",\"@id\":\"https:\\\/\\\/legiobiznes.pl\\\/I\\\/rodo-facebook-i-google-pozwane-rodo-glowne-zasady-zmiany-obowiazki-definicje-rekrutacja-nowych-pracownikow-samsung-kara-finansowa\\\/\",\"url\":\"https:\\\/\\\/legiobiznes.pl\\\/I\\\/rodo-facebook-i-google-pozwane-rodo-glowne-zasady-zmiany-obowiazki-definicje-rekrutacja-nowych-pracownikow-samsung-kara-finansowa\\\/\",\"name\":\"RODO, Facebook i Google pozwane. RODO \u2013 g\u0142\u00f3wne zasady, zmiany, obowi\u0105zki, definicje, rekrutacja nowych pracownik\u00f3w. Samsung, kara finansowa &#187; Legiobiznes.pl\",\"isPartOf\":{\"@id\":\"https:\\\/\\\/legiobiznes.pl\\\/I\\\/#website\"},\"primaryImageOfPage\":{\"@id\":\"https:\\\/\\\/legiobiznes.pl\\\/I\\\/rodo-facebook-i-google-pozwane-rodo-glowne-zasady-zmiany-obowiazki-definicje-rekrutacja-nowych-pracownikow-samsung-kara-finansowa\\\/#primaryimage\"},\"image\":{\"@id\":\"https:\\\/\\\/legiobiznes.pl\\\/I\\\/rodo-facebook-i-google-pozwane-rodo-glowne-zasady-zmiany-obowiazki-definicje-rekrutacja-nowych-pracownikow-samsung-kara-finansowa\\\/#primaryimage\"},\"thumbnailUrl\":\"https:\\\/\\\/legiobiznes.pl\\\/I\\\/wp-content\\\/uploads\\\/2018\\\/06\\\/RODO-Facebook-i-Google-pozwane.-RODO-\u2013-g\u0142\u00f3wne-zasady-zmiany-obowi\u0105zki-definicje-rekrutacja-nowych-pracownik\u00f3w.-Samsung-kara-finansowa.jpg\",\"datePublished\":\"2018-06-01T11:51:40+00:00\",\"dateModified\":\"2025-02-12T11:07:27+00:00\",\"description\":\"RODO, Facebook i Google pozwane. RODO \u2013 g\u0142\u00f3wne zasady, zmiany, obowi\u0105zki, definicje, rekrutacja nowych pracownik\u00f3w. Samsung, kara finansowa\",\"breadcrumb\":{\"@id\":\"https:\\\/\\\/legiobiznes.pl\\\/I\\\/rodo-facebook-i-google-pozwane-rodo-glowne-zasady-zmiany-obowiazki-definicje-rekrutacja-nowych-pracownikow-samsung-kara-finansowa\\\/#breadcrumb\"},\"inLanguage\":\"pl-PL\",\"potentialAction\":[{\"@type\":\"ReadAction\",\"target\":[\"https:\\\/\\\/legiobiznes.pl\\\/I\\\/rodo-facebook-i-google-pozwane-rodo-glowne-zasady-zmiany-obowiazki-definicje-rekrutacja-nowych-pracownikow-samsung-kara-finansowa\\\/\"]}]},{\"@type\":\"ImageObject\",\"inLanguage\":\"pl-PL\",\"@id\":\"https:\\\/\\\/legiobiznes.pl\\\/I\\\/rodo-facebook-i-google-pozwane-rodo-glowne-zasady-zmiany-obowiazki-definicje-rekrutacja-nowych-pracownikow-samsung-kara-finansowa\\\/#primaryimage\",\"url\":\"https:\\\/\\\/legiobiznes.pl\\\/I\\\/wp-content\\\/uploads\\\/2018\\\/06\\\/RODO-Facebook-i-Google-pozwane.-RODO-\u2013-g\u0142\u00f3wne-zasady-zmiany-obowi\u0105zki-definicje-rekrutacja-nowych-pracownik\u00f3w.-Samsung-kara-finansowa.jpg\",\"contentUrl\":\"https:\\\/\\\/legiobiznes.pl\\\/I\\\/wp-content\\\/uploads\\\/2018\\\/06\\\/RODO-Facebook-i-Google-pozwane.-RODO-\u2013-g\u0142\u00f3wne-zasady-zmiany-obowi\u0105zki-definicje-rekrutacja-nowych-pracownik\u00f3w.-Samsung-kara-finansowa.jpg\",\"width\":\"960\",\"height\":\"678\",\"caption\":\"RODO, Facebook i Google pozwane. RODO \u2013 g\u0142\u00f3wne zasady, zmiany, obowi\u0105zki, definicje, rekrutacja nowych pracownik\u00f3w. Samsung, kara finansowa\"},{\"@type\":\"BreadcrumbList\",\"@id\":\"https:\\\/\\\/legiobiznes.pl\\\/I\\\/rodo-facebook-i-google-pozwane-rodo-glowne-zasady-zmiany-obowiazki-definicje-rekrutacja-nowych-pracownikow-samsung-kara-finansowa\\\/#breadcrumb\",\"itemListElement\":[{\"@type\":\"ListItem\",\"position\":1,\"name\":\"Strona g\u0142\u00f3wna\",\"item\":\"https:\\\/\\\/legiobiznes.pl\\\/I\\\/\"},{\"@type\":\"ListItem\",\"position\":2,\"name\":\"RODO, Facebook i Google pozwane. RODO \u2013 g\u0142\u00f3wne zasady, zmiany, obowi\u0105zki, definicje, rekrutacja nowych pracownik\u00f3w. Samsung, kara finansowa\"}]},{\"@type\":\"WebSite\",\"@id\":\"https:\\\/\\\/legiobiznes.pl\\\/I\\\/#website\",\"url\":\"https:\\\/\\\/legiobiznes.pl\\\/I\\\/\",\"name\":\"Legiobiznes.pl\",\"description\":\"Kryptowaluty, Bezpiecze\u0144stwo IT, E-biznes | LegioBiznes.PL\",\"publisher\":{\"@id\":\"https:\\\/\\\/legiobiznes.pl\\\/I\\\/#organization\"},\"potentialAction\":[{\"@type\":\"SearchAction\",\"target\":{\"@type\":\"EntryPoint\",\"urlTemplate\":\"https:\\\/\\\/legiobiznes.pl\\\/I\\\/?s={search_term_string}\"},\"query-input\":{\"@type\":\"PropertyValueSpecification\",\"valueRequired\":true,\"valueName\":\"search_term_string\"}}],\"inLanguage\":\"pl-PL\"},{\"@type\":\"Organization\",\"@id\":\"https:\\\/\\\/legiobiznes.pl\\\/I\\\/#organization\",\"name\":\"LegioBiznes.PL\",\"url\":\"https:\\\/\\\/legiobiznes.pl\\\/I\\\/\",\"logo\":{\"@type\":\"ImageObject\",\"inLanguage\":\"pl-PL\",\"@id\":\"https:\\\/\\\/legiobiznes.pl\\\/I\\\/#\\\/schema\\\/logo\\\/image\\\/\",\"url\":\"https:\\\/\\\/legiobiznes.pl\\\/I\\\/wp-content\\\/uploads\\\/2017\\\/08\\\/legiobiznespl-logo2-e1503834302371.png\",\"contentUrl\":\"https:\\\/\\\/legiobiznes.pl\\\/I\\\/wp-content\\\/uploads\\\/2017\\\/08\\\/legiobiznespl-logo2-e1503834302371.png\",\"width\":180,\"height\":76,\"caption\":\"LegioBiznes.PL\"},\"image\":{\"@id\":\"https:\\\/\\\/legiobiznes.pl\\\/I\\\/#\\\/schema\\\/logo\\\/image\\\/\"},\"sameAs\":[\"https:\\\/\\\/www.facebook.com\\\/LegioBiznes\\\/\",\"https:\\\/\\\/x.com\\\/LegioBiznesPL\",\"https:\\\/\\\/www.youtube.com\\\/channel\\\/UCEhszB39vxk96yIXD-jOORw\"]},{\"@type\":\"Person\",\"@id\":\"https:\\\/\\\/legiobiznes.pl\\\/I\\\/#\\\/schema\\\/person\\\/33c4505a5d28a7c944baf038996052d4\",\"name\":\"Legiobiznes.pl\",\"image\":{\"@type\":\"ImageObject\",\"inLanguage\":\"pl-PL\",\"@id\":\"https:\\\/\\\/legiobiznes.pl\\\/I\\\/wp-content\\\/uploads\\\/2019\\\/07\\\/favicon-Legiobiznes-150x150.png\",\"url\":\"https:\\\/\\\/legiobiznes.pl\\\/I\\\/wp-content\\\/uploads\\\/2019\\\/07\\\/favicon-Legiobiznes-150x150.png\",\"contentUrl\":\"https:\\\/\\\/legiobiznes.pl\\\/I\\\/wp-content\\\/uploads\\\/2019\\\/07\\\/favicon-Legiobiznes-150x150.png\",\"caption\":\"Legiobiznes.pl\"},\"description\":\"Budowa i tworzenie profesjonalnych, responsywnych (RWD) stron www. Pozycjonowanie SEO, sklepy internetowe eSklep...\",\"url\":\"https:\\\/\\\/legiobiznes.pl\\\/I\\\/author\\\/boss\\\/\"}]}<\/script>\n<!-- \/ Yoast SEO plugin. -->","yoast_head_json":{"title":"RODO, Facebook i Google pozwane. RODO \u2013 g\u0142\u00f3wne zasady, zmiany, obowi\u0105zki, definicje, rekrutacja nowych pracownik\u00f3w. Samsung, kara finansowa &#187; Legiobiznes.pl","description":"RODO, Facebook i Google pozwane. RODO \u2013 g\u0142\u00f3wne zasady, zmiany, obowi\u0105zki, definicje, rekrutacja nowych pracownik\u00f3w. Samsung, kara finansowa","robots":{"index":"index","follow":"follow","max-snippet":"max-snippet:-1","max-image-preview":"max-image-preview:large","max-video-preview":"max-video-preview:-1"},"canonical":"https:\/\/legiobiznes.pl\/I\/rodo-facebook-i-google-pozwane-rodo-glowne-zasady-zmiany-obowiazki-definicje-rekrutacja-nowych-pracownikow-samsung-kara-finansowa\/","og_locale":"pl_PL","og_type":"article","og_title":"RODO, Facebook i Google pozwane. RODO \u2013 g\u0142\u00f3wne zasady, zmiany, obowi\u0105zki, definicje, rekrutacja nowych pracownik\u00f3w. Samsung, kara finansowa &#187; Legiobiznes.pl","og_description":"RODO, Facebook i Google pozwane. RODO \u2013 g\u0142\u00f3wne zasady, zmiany, obowi\u0105zki, definicje, rekrutacja nowych pracownik\u00f3w. Samsung, kara finansowa","og_url":"https:\/\/legiobiznes.pl\/I\/rodo-facebook-i-google-pozwane-rodo-glowne-zasady-zmiany-obowiazki-definicje-rekrutacja-nowych-pracownikow-samsung-kara-finansowa\/","og_site_name":"Legiobiznes.pl","article_publisher":"https:\/\/www.facebook.com\/LegioBiznes\/","article_published_time":"2018-06-01T11:51:40+00:00","article_modified_time":"2025-02-12T11:07:27+00:00","og_image":[{"width":960,"height":678,"url":"https:\/\/legiobiznes.pl\/I\/wp-content\/uploads\/2018\/06\/RODO-Facebook-i-Google-pozwane.-RODO-\u2013-g\u0142\u00f3wne-zasady-zmiany-obowi\u0105zki-definicje-rekrutacja-nowych-pracownik\u00f3w.-Samsung-kara-finansowa.jpg","type":"image\/jpeg"}],"author":"Legiobiznes.pl","twitter_card":"summary_large_image","twitter_creator":"@LegioBiznesPL","twitter_site":"@LegioBiznesPL","twitter_misc":{"Napisane przez":"Legiobiznes.pl","Szacowany czas czytania":"8 minut"},"schema":{"@context":"https:\/\/schema.org","@graph":[{"@type":"Article","@id":"https:\/\/legiobiznes.pl\/I\/rodo-facebook-i-google-pozwane-rodo-glowne-zasady-zmiany-obowiazki-definicje-rekrutacja-nowych-pracownikow-samsung-kara-finansowa\/#article","isPartOf":{"@id":"https:\/\/legiobiznes.pl\/I\/rodo-facebook-i-google-pozwane-rodo-glowne-zasady-zmiany-obowiazki-definicje-rekrutacja-nowych-pracownikow-samsung-kara-finansowa\/"},"author":{"name":"Legiobiznes.pl","@id":"https:\/\/legiobiznes.pl\/I\/#\/schema\/person\/33c4505a5d28a7c944baf038996052d4"},"headline":"RODO, Facebook i Google pozwane. RODO \u2013 g\u0142\u00f3wne zasady, zmiany, obowi\u0105zki, definicje, rekrutacja nowych pracownik\u00f3w. Samsung, kara finansowa","datePublished":"2018-06-01T11:51:40+00:00","dateModified":"2025-02-12T11:07:27+00:00","mainEntityOfPage":{"@id":"https:\/\/legiobiznes.pl\/I\/rodo-facebook-i-google-pozwane-rodo-glowne-zasady-zmiany-obowiazki-definicje-rekrutacja-nowych-pracownikow-samsung-kara-finansowa\/"},"wordCount":1658,"commentCount":0,"publisher":{"@id":"https:\/\/legiobiznes.pl\/I\/#organization"},"image":{"@id":"https:\/\/legiobiznes.pl\/I\/rodo-facebook-i-google-pozwane-rodo-glowne-zasady-zmiany-obowiazki-definicje-rekrutacja-nowych-pracownikow-samsung-kara-finansowa\/#primaryimage"},"thumbnailUrl":"https:\/\/legiobiznes.pl\/I\/wp-content\/uploads\/2018\/06\/RODO-Facebook-i-Google-pozwane.-RODO-\u2013-g\u0142\u00f3wne-zasady-zmiany-obowi\u0105zki-definicje-rekrutacja-nowych-pracownik\u00f3w.-Samsung-kara-finansowa.jpg","keywords":["abonament RTV","Apple","Facbook","GDPR","Google","PIT","podatki","reklama","RevShare","RODO","samsung","VAT"],"articleSection":["Prawo"],"inLanguage":"pl-PL","potentialAction":[{"@type":"CommentAction","name":"Comment","target":["https:\/\/legiobiznes.pl\/I\/rodo-facebook-i-google-pozwane-rodo-glowne-zasady-zmiany-obowiazki-definicje-rekrutacja-nowych-pracownikow-samsung-kara-finansowa\/#respond"]}]},{"@type":"WebPage","@id":"https:\/\/legiobiznes.pl\/I\/rodo-facebook-i-google-pozwane-rodo-glowne-zasady-zmiany-obowiazki-definicje-rekrutacja-nowych-pracownikow-samsung-kara-finansowa\/","url":"https:\/\/legiobiznes.pl\/I\/rodo-facebook-i-google-pozwane-rodo-glowne-zasady-zmiany-obowiazki-definicje-rekrutacja-nowych-pracownikow-samsung-kara-finansowa\/","name":"RODO, Facebook i Google pozwane. RODO \u2013 g\u0142\u00f3wne zasady, zmiany, obowi\u0105zki, definicje, rekrutacja nowych pracownik\u00f3w. Samsung, kara finansowa &#187; Legiobiznes.pl","isPartOf":{"@id":"https:\/\/legiobiznes.pl\/I\/#website"},"primaryImageOfPage":{"@id":"https:\/\/legiobiznes.pl\/I\/rodo-facebook-i-google-pozwane-rodo-glowne-zasady-zmiany-obowiazki-definicje-rekrutacja-nowych-pracownikow-samsung-kara-finansowa\/#primaryimage"},"image":{"@id":"https:\/\/legiobiznes.pl\/I\/rodo-facebook-i-google-pozwane-rodo-glowne-zasady-zmiany-obowiazki-definicje-rekrutacja-nowych-pracownikow-samsung-kara-finansowa\/#primaryimage"},"thumbnailUrl":"https:\/\/legiobiznes.pl\/I\/wp-content\/uploads\/2018\/06\/RODO-Facebook-i-Google-pozwane.-RODO-\u2013-g\u0142\u00f3wne-zasady-zmiany-obowi\u0105zki-definicje-rekrutacja-nowych-pracownik\u00f3w.-Samsung-kara-finansowa.jpg","datePublished":"2018-06-01T11:51:40+00:00","dateModified":"2025-02-12T11:07:27+00:00","description":"RODO, Facebook i Google pozwane. RODO \u2013 g\u0142\u00f3wne zasady, zmiany, obowi\u0105zki, definicje, rekrutacja nowych pracownik\u00f3w. Samsung, kara finansowa","breadcrumb":{"@id":"https:\/\/legiobiznes.pl\/I\/rodo-facebook-i-google-pozwane-rodo-glowne-zasady-zmiany-obowiazki-definicje-rekrutacja-nowych-pracownikow-samsung-kara-finansowa\/#breadcrumb"},"inLanguage":"pl-PL","potentialAction":[{"@type":"ReadAction","target":["https:\/\/legiobiznes.pl\/I\/rodo-facebook-i-google-pozwane-rodo-glowne-zasady-zmiany-obowiazki-definicje-rekrutacja-nowych-pracownikow-samsung-kara-finansowa\/"]}]},{"@type":"ImageObject","inLanguage":"pl-PL","@id":"https:\/\/legiobiznes.pl\/I\/rodo-facebook-i-google-pozwane-rodo-glowne-zasady-zmiany-obowiazki-definicje-rekrutacja-nowych-pracownikow-samsung-kara-finansowa\/#primaryimage","url":"https:\/\/legiobiznes.pl\/I\/wp-content\/uploads\/2018\/06\/RODO-Facebook-i-Google-pozwane.-RODO-\u2013-g\u0142\u00f3wne-zasady-zmiany-obowi\u0105zki-definicje-rekrutacja-nowych-pracownik\u00f3w.-Samsung-kara-finansowa.jpg","contentUrl":"https:\/\/legiobiznes.pl\/I\/wp-content\/uploads\/2018\/06\/RODO-Facebook-i-Google-pozwane.-RODO-\u2013-g\u0142\u00f3wne-zasady-zmiany-obowi\u0105zki-definicje-rekrutacja-nowych-pracownik\u00f3w.-Samsung-kara-finansowa.jpg","width":"960","height":"678","caption":"RODO, Facebook i Google pozwane. RODO \u2013 g\u0142\u00f3wne zasady, zmiany, obowi\u0105zki, definicje, rekrutacja nowych pracownik\u00f3w. Samsung, kara finansowa"},{"@type":"BreadcrumbList","@id":"https:\/\/legiobiznes.pl\/I\/rodo-facebook-i-google-pozwane-rodo-glowne-zasady-zmiany-obowiazki-definicje-rekrutacja-nowych-pracownikow-samsung-kara-finansowa\/#breadcrumb","itemListElement":[{"@type":"ListItem","position":1,"name":"Strona g\u0142\u00f3wna","item":"https:\/\/legiobiznes.pl\/I\/"},{"@type":"ListItem","position":2,"name":"RODO, Facebook i Google pozwane. RODO \u2013 g\u0142\u00f3wne zasady, zmiany, obowi\u0105zki, definicje, rekrutacja nowych pracownik\u00f3w. Samsung, kara finansowa"}]},{"@type":"WebSite","@id":"https:\/\/legiobiznes.pl\/I\/#website","url":"https:\/\/legiobiznes.pl\/I\/","name":"Legiobiznes.pl","description":"Kryptowaluty, Bezpiecze\u0144stwo IT, E-biznes | LegioBiznes.PL","publisher":{"@id":"https:\/\/legiobiznes.pl\/I\/#organization"},"potentialAction":[{"@type":"SearchAction","target":{"@type":"EntryPoint","urlTemplate":"https:\/\/legiobiznes.pl\/I\/?s={search_term_string}"},"query-input":{"@type":"PropertyValueSpecification","valueRequired":true,"valueName":"search_term_string"}}],"inLanguage":"pl-PL"},{"@type":"Organization","@id":"https:\/\/legiobiznes.pl\/I\/#organization","name":"LegioBiznes.PL","url":"https:\/\/legiobiznes.pl\/I\/","logo":{"@type":"ImageObject","inLanguage":"pl-PL","@id":"https:\/\/legiobiznes.pl\/I\/#\/schema\/logo\/image\/","url":"https:\/\/legiobiznes.pl\/I\/wp-content\/uploads\/2017\/08\/legiobiznespl-logo2-e1503834302371.png","contentUrl":"https:\/\/legiobiznes.pl\/I\/wp-content\/uploads\/2017\/08\/legiobiznespl-logo2-e1503834302371.png","width":180,"height":76,"caption":"LegioBiznes.PL"},"image":{"@id":"https:\/\/legiobiznes.pl\/I\/#\/schema\/logo\/image\/"},"sameAs":["https:\/\/www.facebook.com\/LegioBiznes\/","https:\/\/x.com\/LegioBiznesPL","https:\/\/www.youtube.com\/channel\/UCEhszB39vxk96yIXD-jOORw"]},{"@type":"Person","@id":"https:\/\/legiobiznes.pl\/I\/#\/schema\/person\/33c4505a5d28a7c944baf038996052d4","name":"Legiobiznes.pl","image":{"@type":"ImageObject","inLanguage":"pl-PL","@id":"https:\/\/legiobiznes.pl\/I\/wp-content\/uploads\/2019\/07\/favicon-Legiobiznes-150x150.png","url":"https:\/\/legiobiznes.pl\/I\/wp-content\/uploads\/2019\/07\/favicon-Legiobiznes-150x150.png","contentUrl":"https:\/\/legiobiznes.pl\/I\/wp-content\/uploads\/2019\/07\/favicon-Legiobiznes-150x150.png","caption":"Legiobiznes.pl"},"description":"Budowa i tworzenie profesjonalnych, responsywnych (RWD) stron www. Pozycjonowanie SEO, sklepy internetowe eSklep...","url":"https:\/\/legiobiznes.pl\/I\/author\/boss\/"}]}},"_links":{"self":[{"href":"https:\/\/legiobiznes.pl\/I\/wp-json\/wp\/v2\/posts\/662192","targetHints":{"allow":["GET"]}}],"collection":[{"href":"https:\/\/legiobiznes.pl\/I\/wp-json\/wp\/v2\/posts"}],"about":[{"href":"https:\/\/legiobiznes.pl\/I\/wp-json\/wp\/v2\/types\/post"}],"author":[{"embeddable":true,"href":"https:\/\/legiobiznes.pl\/I\/wp-json\/wp\/v2\/users\/1"}],"replies":[{"embeddable":true,"href":"https:\/\/legiobiznes.pl\/I\/wp-json\/wp\/v2\/comments?post=662192"}],"version-history":[{"count":2,"href":"https:\/\/legiobiznes.pl\/I\/wp-json\/wp\/v2\/posts\/662192\/revisions"}],"predecessor-version":[{"id":1676257,"href":"https:\/\/legiobiznes.pl\/I\/wp-json\/wp\/v2\/posts\/662192\/revisions\/1676257"}],"wp:featuredmedia":[{"embeddable":true,"href":"https:\/\/legiobiznes.pl\/I\/wp-json\/wp\/v2\/media\/662193"}],"wp:attachment":[{"href":"https:\/\/legiobiznes.pl\/I\/wp-json\/wp\/v2\/media?parent=662192"}],"wp:term":[{"taxonomy":"category","embeddable":true,"href":"https:\/\/legiobiznes.pl\/I\/wp-json\/wp\/v2\/categories?post=662192"},{"taxonomy":"post_tag","embeddable":true,"href":"https:\/\/legiobiznes.pl\/I\/wp-json\/wp\/v2\/tags?post=662192"}],"curies":[{"name":"wp","href":"https:\/\/api.w.org\/{rel}","templated":true}]}}