{"id":690996,"date":"2018-06-21T20:33:10","date_gmt":"2018-06-21T18:33:10","guid":{"rendered":"https:\/\/legiobiznes.pl\/I\/?p=690996"},"modified":"2023-05-11T18:19:53","modified_gmt":"2023-05-11T16:19:53","slug":"nieliczne-firmy-zalozyly-obowiazkowe-konto-w-zus-administrator-fanpagea-odpowiada-za-dane-ta-samo-jak-facebook-internet-przestaje-byc-wolny","status":"publish","type":"post","link":"https:\/\/legiobiznes.pl\/I\/nieliczne-firmy-zalozyly-obowiazkowe-konto-w-zus-administrator-fanpagea-odpowiada-za-dane-ta-samo-jak-facebook-internet-przestaje-byc-wolny\/","title":{"rendered":"Nieliczne firmy za\u0142o\u017cy\u0142y obowi\u0105zkowe konto w ZUS! Administrator fanpage&#8217;a odpowiada za dane ta samo jak Facebook! Internet przestaje by\u0107 wolny"},"content":{"rendered":"<h2><strong>Tylko nieliczne firmy za\u0142o\u017cy\u0142y obowi\u0105zkowe konto w ZUS<\/strong><\/h2>\n<h3><strong>Ka\u017cdy przedsi\u0119biorca, kt\u00f3ry zatrudnia co najmniej 5 pracownik\u00f3w, musi posiada\u0107 swoje indywidualne konto w ZUS. Tymczasem wci\u0105\u017c ponad 23 proc. przedsi\u0119biorc\u00f3w nie wype\u0142ni\u0142o swojego obowi\u0105zku.<\/strong><\/h3>\n<p>Ponad 1 410\u00a0388 przedsi\u0119biorc\u00f3w w Polsce nie posiada wci\u0105\u017c konta na PUE ZUS (Platforma Us\u0142ug Elektronicznych). Co stanowi ponad 55 proc. wszystkich przedsi\u0119biorc\u00f3w. Jednak nie ka\u017cdy z nich jest zobowi\u0105zany do posiadania takiego konta. Taki wym\u00f3g spoczywa na firmach, kt\u00f3re zatrudniaj\u0105 wi\u0119cej ni\u017c pi\u0119ciu pracownik\u00f3w&#8230;<\/p>\n<a href=\"https:\/\/mambiznes.pl\/poradniki\/nieliczne-firmy-zalozyly-obowiazkowe-konto-zus-85108\" target=\"_blank\" class=\"shortc-button medium red \">Wi\u0119cej dowiesz si\u0119 u \u017ar\u00f3d\u0142a &gt;&gt;<\/a>\n<h2 class=\"newsTitle\"><strong>Administrator fanpage&#8217;a odpowiada za dane ta samo jak Facebook &#8211; uzna\u0142 TSUE. Jakie konsekwencje rodzi to orzeczenie?<\/strong><\/h2>\n<h3><strong>Trybuna\u0142 Sprawiedliwo\u015bci Unii Europejskiej orzek\u0142, \u017ce administrator fanpage\u2019a ponosi tak\u0105 sam\u0105 odpowiedzialno\u015b\u0107 za przetwarzanie danych u\u017cytkownik\u00f3w jak sam Facebook. Ma bowiem dost\u0119p do anonimowych danych statystycznych, zbieranym dzi\u0119ki plikom cookies. A te &#8211;\u00a0w niekt\u00f3rych okoliczno\u015bciach\u00a0&#8211; mo\u017cna ju\u017c uzna\u0107 za dane osobowe.<\/strong><\/h3>\n<p>Orzeczenie Trybuna\u0142u dotyczy\u0142o firmy Wirtschaftsakademie. Regionalny organ ds. ochrony danych kraju zwi\u0105zkowego Szlezwik-Holsztyn nakaza\u0142 zamkni\u0119cie fanpage&#8217;a, po tym jak okaza\u0142o si\u0119, \u017ce nie informowa\u0142a ona u\u017cytkownik\u00f3w o tym, \u017ce za pomoc\u0105 plik\u00f3w cookies gromadzi ich dane osobowe, a nast\u0119pnie przetwarza je w celach marketingowych&#8230;<\/p>\n<a href=\"https:\/\/interaktywnie.com\/biznes\/newsy\/prawo\/administrator-fanpage-a-odpowiada-za-dane-ta-samo-jak-facebook-uznal-tsue-jakie-konsekwencje-rodzi-to-orzeczenie-257489\" target=\"_blank\" class=\"shortc-button medium red \">Wi\u0119cej dowiesz si\u0119 u \u017ar\u00f3d\u0142a &gt;&gt;<\/a>\n<h2 class=\"entry-title\"><strong>Kto ponosi odpowiedzialno\u015b\u0107 za przetwarzanie danych osobowych na fanpage\u2019u? Case study.<\/strong><\/h2>\n<h3><strong>Nie cichnie temat ochrony danych osobowych w sieci! Jak informuje\u00a0Trybuna\u0142 Sprawiedliwo\u015bci Unii Europejskiej (TSUE), nie tylko Facebook ponosi odpowiedzialno\u015b\u0107 za przetwarzanie danych osobowych u\u017cytkownik\u00f3w, ale r\u00f3wnie\u017c administratorzy fanpage\u2019y, kt\u00f3rzy maj\u0105 dost\u0119p do anonimowych danych statystycznych. Za pomoc\u0105 plik\u00f3w cookies, (kt\u00f3re w\u00a0niekt\u00f3rych okoliczno\u015bciach\u00a0uznawane s\u0105 za dane osobowe) Facebook gromadzi dane o u\u017cytkownikach i przedstawia administratorom w postaci danych statystycznych.<\/strong><\/h3>\n<p>Decyzja Trybuna\u0142u pojawi\u0142a si\u0119 w odpowiedzi na wieloletni proces firmy \u201cX\u201d, kt\u00f3ra nie informowa\u0142a nikogo o tym, \u017ce zgromadzone dzi\u0119ki swojemu fanpage\u2019owi dane osobowe u\u017cytkownik\u00f3w, wykorzystuje we w\u0142asnych celach marketingowych. Regionalny organ ds. ochrony danych wyda\u0142 decyzj\u0119 w tej sprawie, zobowi\u0105zuj\u0105c administrator\u00f3w fanpage\u2019a firmy do jego zamkni\u0119cia&#8230;<\/p>\n<a href=\"https:\/\/blog.clearsense.pl\/social-media\/ponosi-odpowiedzialnosc-przetwarzanie-danych-osobowych-fanpageu-case-study\/\" target=\"_blank\" class=\"shortc-button medium red \">Wi\u0119cej dowiesz si\u0119 u \u017ar\u00f3d\u0142a &gt;&gt;<\/a>\n<p><center><!-- Pula: Marketing2 \/\/--><br \/>\n<script type=\"text\/javascript\">\n    document.write(unescape('%3Cscript type=\"text\/javascript\" src=\"' + document.location.protocol + \n    '\/\/ec.bankier.pl\/show2\/MzIxMjEsMjUzMjIsNDE4NzY\/' + Math.random() + '\/'+ '\"%3E%3C\/script%3E'));\n<\/script><\/center><\/p>\n<h2 class=\"newsTitle\"><strong>Czy mo\u017cna zbiera\u0107 dane osobowe z prawem do wykorzystania w celach marketingowych np. w zamian za pobranie e-booka?<\/strong><\/h2>\n<h3><strong>W kampaniach content marketingowych nastawionych na pozyskiwanie tzw. lead\u00f3w czyli danych potencjalnych klient\u00f3w zainteresowanych okre\u015blon\u0105 tematyk\u0105 cz\u0119sto stosuje si\u0119 mechanizm formularza, kt\u00f3rego wype\u0142nienia danymi osobowymi niezb\u0119dne jest do pobrania e-booka lub przyst\u0105pienia do programu lojalno\u015bciowego. To samo dotyczy bezp\u0142atnego testowania produkt\u00f3w lub us\u0142ug. Trzeba w\u00f3wczas wyrazi\u0107 zgod\u0119 na wykorzystanie ich w celach marketingowych. Czy taka praktyka jest zgodna z RODO czyli unijnym Rozporz\u0105dzeniem o ochronie danych osobowych?<\/strong><\/h3>\n<p>RODO wyra\u017anie wskazuje, \u017ce uzale\u017cnienie wykonania umowy od podania dodatkowych danych w innych celach w zasadzie przekre\u015bla legalno\u015b\u0107 zgody. Jak wynika bowiem z art. 7 ust. 4 RODO \u201eoceniaj\u0105c, czy zgod\u0119 wyra\u017cono dobrowolnie, w jak najwi\u0119kszym stopniu uwzgl\u0119dnia si\u0119, czy mi\u0119dzy innymi od zgody na przetwarzanie danych nie jest uzale\u017cnione wykonanie umowy, w tym \u015bwiadczenie us\u0142ugi, je\u015bli przetwarzanie danych osobowych nie jest niezb\u0119dne do wykonania tej umowy\u201d&#8230;<\/p>\n<a href=\"https:\/\/interaktywnie.com\/biznes\/newsy\/prawo\/czy-mozna-zbierac-dane-osobowe-z-prawem-do-wykorzystania-w-celach-marketingowych-np-w-zamian-za-pobranie-e-booka-257496?utm_source=feedburner&amp;utm_medium=feed&amp;utm_campaign=Feed%3A+Interaktywnie+%28Interaktywnie.com%29\" target=\"_blank\" class=\"shortc-button medium red \">Wi\u0119cej dowiesz si\u0119 u \u017ar\u00f3d\u0142a &gt;&gt;<\/a>\n<h2><strong>Internet przestaje by\u0107 wolny &#8211; Komisja Prawna Parlamentu Europejskiego za wprowadzeniem kontrowersyjnego prawa autorskiego<\/strong><\/h2>\n<h3><strong>Tak zwany &#8222;podatek od link\u00f3w&#8221; oraz &#8222;autocenzura&#8221;, czyli artyku\u0142y 11 i 13 nowej dyrektywy o prawach autorskich i jednolitym rynku cyfrowym, wzbudzaj\u0105 od kilku dni poruszenie w\u015br\u00f3d u\u017cytkownik\u00f3w Internetu. Dzi\u015b Unia Europejska opowiedzia\u0142a si\u0119 za ich wprowadzeniem.<\/strong><\/h3>\n<p>Wci\u0105\u017c czeka nas g\u0142osowanie plenarne w Parlamencie Europejskim, jednak ju\u017c dzisiejszym g\u0142osowaniem Unia da\u0142a jasny sygna\u0142, \u017ce jest za wprowadzeniem nowego prawa autorskiego. Prawa, kt\u00f3rego zapisy, zw\u0142aszcza\u00a0<strong>artyku\u0142 11 i 13, wzbudzaj\u0105 ogromne kontrowersje w\u015br\u00f3d internaut\u00f3w&#8230;<\/strong><\/p>\n<a href=\"http:\/\/www.komputerswiat.pl\/nowosci\/internet\/2018\/25\/internet-przestaje-byc-wolny-komitet-parlamentu-europejskiegio-za-wprowadzeniem-kontrowersyjnego-prawa-autorskiego.aspx\" target=\"_blank\" class=\"shortc-button medium red \">Wi\u0119cej dowiesz si\u0119 u \u017ar\u00f3d\u0142a &gt;&gt;<\/a>\n<h2><strong>M\u00f3wi\u0105 na to \u201eACTA 2\u201d &#8211; UE d\u0105\u017cy do cenzury Internetu [AKT.]<\/strong><\/h2>\n<h3><strong>Czy udost\u0119pnianie link\u00f3w powinno by\u0107 odp\u0142atne, a tre\u015bci publikowane przez u\u017cytkownik\u00f3w sprawdzane przed trafieniem na serwery? Jeszcze w tym miesi\u0105cu odb\u0119dzie si\u0119 g\u0142osowanie w tych dw\u00f3ch sprawach.<\/strong><\/h3>\n<p><strong>Aktualizacja, 20 czerwca 2018:\u00a0<\/strong>ACTA II jest coraz bli\u017cej stania si\u0119 faktem. Reprezentuj\u0105ca Europejsk\u0105 Parti\u0119 Pirat\u00f3w (i przekazuj\u0105ca na bie\u017c\u0105co niepokoj\u0105ce doniesienia z Parlamentu Europejskiego) Julia Reda poinformowa\u0142a za po\u015brednictwem Twittera, \u017ce \u201eArtyku\u0142 13\u201d zosta\u0142 wst\u0119pnie przeg\u0142osowany stosunkiem 15:10, a \u201eArtyku\u0142 11\u201d \u2013 13:12. Jeden i drugi dotyczy prawa autorskiego, a w rzeczywisto\u015bci zagra\u017ca wolnemu\u00a0Internetowi&#8230;<\/p>\n<a href=\"http:\/\/www.benchmark.pl\/aktualnosci\/ue-chce-cenzury-internetu-a-co-na-to-polska.html\" target=\"_blank\" class=\"shortc-button medium red \">Wi\u0119cej dowiesz si\u0119 u \u017ar\u00f3d\u0142a &gt;&gt;<\/a>\n<p><center><!-- Pula: Marketing \/\/--><br \/>\n<script type=\"text\/javascript\">\n    document.write(unescape('%3Cscript type=\"text\/javascript\" src=\"' + document.location.protocol + \n    '\/\/ec.bankier.pl\/show2\/MzIxMjAsMjUzMjIsNDE4NzY\/' + Math.random() + '\/'+ '\"%3E%3C\/script%3E'));\n<\/script><\/center><\/p>\n<h2 class=\"post-title entry-title\"><strong>Unia Europejska chce opodatkowa\u0107 linki?<\/strong><\/h2>\n<h3><strong>Mi\u0119dzynarodowe instytucje od wielu lat pod szyldem ochrony dzie\u0142 prawnie chronionych walcz\u0105 z czym\u015b, co nazywane jest piractwem medialnym.\u00a0<a href=\"http:\/\/www.europarl.europa.eu\/news\/pl\/press-room\/20120703IPR48247\/parlament-europejski-odrzuca-porozumienie-acta\" target=\"_blank\" rel=\"noopener\">Parlament Europejski odrzuci\u0142 w 2012 roku ACTA<\/a>, ale po paru latach zapisy o ochronie w\u0142asno\u015bci intelektualnej, zbie\u017cne z tymi z ACTA, pojawi\u0142y si\u0119 w\u00a0<a href=\"https:\/\/pl.wikipedia.org\/wiki\/Transatlantyckie_Partnerstwo_w_dziedzinie_Handlu_i_Inwestycji\" target=\"_blank\" rel=\"noopener\">TTIP \u2013 Transatlantic Trade and Investment Partnership<\/a>. Tym razem negocjacje i szczeg\u00f3\u0142y zapis\u00f3w by\u0142y utajnione. Mamy 2018 rok i Komisja Prawna PE przyj\u0119\u0142a\u00a0<em>dyrektyw\u0119 w sprawie praw autorskich na jednolitym rynku cyfrowym<\/em>.\u00a0O co w niej chodzi? Dla nas, pozycjoner\u00f3w, kluczowe mog\u0105 by\u0107 artyku\u0142y 11 i 13.<\/strong><span id=\"more-3035\"><\/span><\/h3>\n<h2>Artyku\u0142 11 \u2013 linkowanie opodatkowane?<\/h2>\n<p><strong>Na czym polega pozycjonowanie<\/strong>? M.in. na pozyskiwaniu dobrej jako\u015bci link\u00f3w do pozycjonowanej strony. Linki te s\u0105 umieszczane nie tylko w formie materia\u0142\u00f3w content marketingowych, ale w du\u017cej cz\u0119\u015bci jako wpisy na forach i blogach&#8230;<\/p>\n<a href=\"https:\/\/marketingwsieci.pl\/unia-europejska-chce-opodatkowac-linki\/\" target=\"_blank\" class=\"shortc-button medium red \">Wi\u0119cej dowiesz si\u0119 u \u017ar\u00f3d\u0142a &gt;&gt;<\/a>\n<h2><strong>Czy nowe terminy przedawniania s\u0105 korzystne dla konsument\u00f3w?<\/strong><\/h2>\n<h3><strong>Prezydent podpisa\u0142 nowelizacj\u0119 przepis\u00f3w o przedawnieniach d\u0142ug\u00f3w. Zapowiadano, \u017ce b\u0119d\u0105 chroni\u0142y interesy os\u00f3b pozwanych przez firmy windykacyjne, banki, firmy telekomunikacyjne itp, a zamiast tego konsumenci mog\u0105 wed\u0142ug ekspert\u00f3w straci\u0107 jeszcze bardziej.<\/strong><\/h3>\n<p>Ustaw\u0105 z dnia 13 kwietnia 2018 roku \u201eo zmianie ustawy \u2013 Kodeks cywilny oraz niekt\u00f3rych innych ustaw\u201d przyj\u0119to ostatecznie poprawki przepis\u00f3w materialnych oraz procesowych w zakresie przedawnienia d\u0142ug\u00f3w. Zapowiadane przy akompaniamencie medi\u00f3w zmiany mia\u0142y i\u015b\u0107 w stron\u0119 przychyln\u0105 d\u0142u\u017cnikom. Poza niewielkimi wyj\u0105tkami przepisy, wed\u0142ug stanowiska nades\u0142anego przez Fundacj\u0119 Darmowy Prawnik, zosta\u0142y skonstruowane w wi\u0119kszo\u015bci na niekorzy\u015b\u0107 konsument\u00f3w. Poni\u017cej opisujemy sk\u0105d takie, a nie inne stanowisko Fundacji w tej sprawie.<\/p>\n<p>Podstawowy 10-letni termin przedawnienia skr\u00f3cono do 6 lat. Czy jednak potencjalny d\u0142u\u017cnik b\u0119d\u0105cy konsumentem ma si\u0119 z czego cieszy\u0107? Ot\u00f3\u017c nie! Te zmiany raczej nie b\u0119d\u0105 go dotyczy\u0142y. Skr\u00f3cenie terminu przedawnienia do 6 lat dotyczy bowiem zasadniczo roszcze\u0144 pomi\u0119dzy konsumentami, osobami nie prowadz\u0105cymi dzia\u0142alno\u015bci gospodarczej, o ile przepisy szczeg\u00f3lne nie przewiduj\u0105 odr\u0119bnych termin\u00f3w przedawnienia. Skr\u00f3cenie wi\u0119c terminu przedawnienia z 10 lat do 6 lat dla roszcze\u0144 niezas\u0105dzonych nie ma wi\u0119c dla potencjalnego konsumenta \u017cadnego znaczenia&#8230;<\/p>\n<a href=\"http:\/\/di.com.pl\/czy-nowe-terminy-przedawniania-sa-korzystne-dla-konsumentow-59641?utm_source=feedburner&amp;utm_medium=feed&amp;utm_campaign=Feed%3A+glowny-di+%280+-+DI+kanal+glowny+%28go%C5%82y%29%29\" target=\"_blank\" class=\"shortc-button medium red \">Wi\u0119cej dowiesz si\u0119 u \u017ar\u00f3d\u0142a &gt;&gt;<\/a>\n<h2><strong>Wp\u0142yw RODO na media spo\u0142eczno\u015bciowe<\/strong><\/h2>\n<h3><strong>Po wprowadzeniu w \u017cycie RODO giganci medi\u00f3w spo\u0142eczno\u015bciowych przystosowali swoje regulaminy do nowej rzeczywisto\u015bci prawnej. Rozporz\u0105dzenia zainicjowa\u0142y szereg zmian, kt\u00f3re mog\u0105 pozytywnie wp\u0142yn\u0105\u0107 na poziom \u015bwiadomo\u015bci u\u017cytkownik\u00f3w social media. Podajemy kilka przyk\u0142ad\u00f3w pozytywnych dzia\u0142a\u0144, zwi\u0105zanych z zarz\u0105dzaniem naszymi danymi.<\/strong><\/h3>\n<p>W tym tygodniu Facebook og\u0142osi\u0142 wsp\u00f3\u0142prac\u0119 przy tworzeniu w USA cykli szkole\u0144 dla ma\u0142ych i \u015brednich przedsi\u0119biorstw. Warsztaty maj\u0105 u\u015bwiadamia\u0107 ameryka\u0144skich, jak i europejskich przedsi\u0119biorc\u00f3w w kontek\u015bcie ochrony prywatno\u015bci ich klient\u00f3w oraz pracownik\u00f3w. Zmiany w podej\u015bciu serwisu dotycz\u0105 r\u00f3wnie\u017c kwestii reklam w portalu. Gigant od d\u0142u\u017cszego czasu weryfikuje informacje, kt\u00f3re wykorzystuje w celach reklamowych, wy\u0142\u0105czaj\u0105c mo\u017cliwo\u015b\u0107 ich wy\u015bwietlania np. nastolatkom od 13 do 15 roku \u017cycia&#8230;<\/p>\n<a href=\"http:\/\/di.com.pl\/wplyw-rodo-na-media-spolecznosciowe-59638?utm_source=feedburner&amp;utm_medium=feed&amp;utm_campaign=Feed%3A+glowny-di+%280+-+DI+kanal+glowny+%28go%C5%82y%29%29\" target=\"_blank\" class=\"shortc-button medium red \">Wi\u0119cej dowiesz si\u0119 u \u017ar\u00f3d\u0142a &gt;&gt;<\/a>\n<h2><strong><span class=\"red\">Prawa autorskie na jednolitym rynku cyfrowym. Jest \u017ale?<\/span><\/strong><\/h2>\n<h3><strong>Europarlamentarzy\u015bci w \u015brod\u0119 (20 czerwca) w g\u0142osowaniu poparli zapisy, kt\u00f3re \u2013 zdaniem \u015brodowisk bran\u017cowych \u2013 mog\u0105 zagrozi\u0107 rozwojowi cyfrowej gospodarki, innowacjom i ogranicz\u0105 dost\u0119p do tre\u015bci dla u\u017cytkownik\u00f3w internetu.<\/strong><\/h3>\n<p>Zwi\u0105zek Cyfrowa Polska, kt\u00f3ry reprezentuje bran\u017c\u0119 cyfrow\u0105 i nowoczesnych technologii z rozczarowaniem przyj\u0105\u0142 decyzj\u0119 Komisji Prawnej Parlamentu Europejskiego (JURI) w sprawie projektu unijnej Dyrektywy dotycz\u0105cej praw autorskich na jednolitym rynku cyfrowym.<\/p>\n<p>&#8211;\u00a0<em>To bardzo z\u0142a decyzja i \u017ca\u0142ujemy, \u017ce europos\u0142owie w zdecydowanej wi\u0119kszo\u015bci nie chcieli poszuka\u0107 kompromisu. Przyj\u0119to przepisy godz\u0105 w interes u\u017cytkownik\u00f3w internetu, przedsi\u0119biorc\u00f3w, a zw\u0142aszcza w ma\u0142e i \u015brednie przedsi\u0119biorstwa, w tym startupy. Je\u015bli chcemy, aby Europa mia\u0142a nowoczesn\u0105 i innowacyjn\u0105 gospodark\u0119 opart\u0105 na wiedzy, musimy budowa\u0107 przepisy, kt\u00f3re b\u0119d\u0105 temu sprzyja\u0142y. Tymczasem wi\u0119kszo\u015b\u0107 europarlamentarzyst\u00f3w zag\u0142osowa\u0142a za takimi regulacjami, kt\u00f3re stworz\u0105 bariery w jej rozwoju, a tak\u017ce ogranicz\u0105 dost\u0119p do tre\u015bci i informacji, a nawet zagro\u017c\u0105 swobod\u0119 wypowiedzi dla zwyk\u0142ych u\u017cytkownik\u00f3w internetu\u00a0<\/em>\u2013 m\u00f3wi prezes ZIPSEE Cyfrowa Polska Micha\u0142 Kanownik&#8230;<\/p>\n<a href=\"http:\/\/di.com.pl\/prawa-autorskie-na-jednolitym-rynku-cyfrowym-jest-zle-59646?utm_source=feedburner&amp;utm_medium=feed&amp;utm_campaign=Feed%3A+glowny-di+%280+-+DI+kanal+glowny+%28go%C5%82y%29%29\" target=\"_blank\" class=\"shortc-button medium red \">Wi\u0119cej dowiesz si\u0119 u \u017ar\u00f3d\u0142a &gt;&gt;<\/a>\n","protected":false},"excerpt":{"rendered":"<p>Tylko nieliczne firmy za\u0142o\u017cy\u0142y obowi\u0105zkowe konto w ZUS Ka\u017cdy przedsi\u0119biorca, kt\u00f3ry zatrudnia co najmniej 5 pracownik\u00f3w, musi posiada\u0107 swoje indywidualne konto w ZUS. Tymczasem wci\u0105\u017c ponad 23 proc. przedsi\u0119biorc\u00f3w nie wype\u0142ni\u0142o swojego obowi\u0105zku. Ponad 1 410\u00a0388 przedsi\u0119biorc\u00f3w w Polsce nie posiada wci\u0105\u017c konta na PUE ZUS (Platforma Us\u0142ug Elektronicznych). Co stanowi ponad 55 proc. wszystkich &hellip;<\/p>\n","protected":false},"author":1,"featured_media":690997,"comment_status":"open","ping_status":"closed","sticky":false,"template":"","format":"standard","meta":{"footnotes":""},"categories":[1294],"tags":[4356,4357,4354,1911,1542,4355],"class_list":["post-690996","post","type-post","status-publish","format-standard","has-post-thumbnail","","category-prawo","tag-acta","tag-dane-osobowe-fanpage","tag-obowiazkowe-konto-w-zus","tag-prawa-autorskie","tag-rodo","tag-unia-europejska-linki"],"yoast_head":"<!-- This site is optimized with the Yoast SEO plugin v27.5 - https:\/\/yoast.com\/product\/yoast-seo-wordpress\/ -->\n<title>Nieliczne firmy za\u0142o\u017cy\u0142y obowi\u0105zkowe konto w ZUS! Administrator fanpage&#039;a odpowiada za dane ta samo jak Facebook! Internet przestaje by\u0107 wolny &#187; Legiobiznes.pl<\/title>\n<meta name=\"description\" content=\"Nieliczne firmy za\u0142o\u017cy\u0142y obowi\u0105zkowe konto w ZUS! Administrator fanpage&#039;a odpowiada za dane ta samo jak Facebook! Internet przestaje by\u0107 wolny\" \/>\n<meta name=\"robots\" content=\"index, follow, max-snippet:-1, max-image-preview:large, max-video-preview:-1\" \/>\n<link rel=\"canonical\" href=\"https:\/\/legiobiznes.pl\/I\/nieliczne-firmy-zalozyly-obowiazkowe-konto-w-zus-administrator-fanpagea-odpowiada-za-dane-ta-samo-jak-facebook-internet-przestaje-byc-wolny\/\" \/>\n<meta property=\"og:locale\" content=\"pl_PL\" \/>\n<meta property=\"og:type\" content=\"article\" \/>\n<meta property=\"og:title\" content=\"Nieliczne firmy za\u0142o\u017cy\u0142y obowi\u0105zkowe konto w ZUS! Administrator fanpage&#039;a odpowiada za dane ta samo jak Facebook! Internet przestaje by\u0107 wolny &#187; Legiobiznes.pl\" \/>\n<meta property=\"og:description\" content=\"Nieliczne firmy za\u0142o\u017cy\u0142y obowi\u0105zkowe konto w ZUS! Administrator fanpage&#039;a odpowiada za dane ta samo jak Facebook! Internet przestaje by\u0107 wolny\" \/>\n<meta property=\"og:url\" content=\"https:\/\/legiobiznes.pl\/I\/nieliczne-firmy-zalozyly-obowiazkowe-konto-w-zus-administrator-fanpagea-odpowiada-za-dane-ta-samo-jak-facebook-internet-przestaje-byc-wolny\/\" \/>\n<meta property=\"og:site_name\" content=\"Legiobiznes.pl\" \/>\n<meta property=\"article:publisher\" content=\"https:\/\/www.facebook.com\/LegioBiznes\/\" \/>\n<meta property=\"article:published_time\" content=\"2018-06-21T18:33:10+00:00\" \/>\n<meta property=\"article:modified_time\" content=\"2023-05-11T16:19:53+00:00\" \/>\n<meta property=\"og:image\" content=\"https:\/\/legiobiznes.pl\/I\/wp-content\/uploads\/2018\/06\/Nieliczne-firmy-za\u0142o\u017cy\u0142y-obowi\u0105zkowe-konto-w-ZUS-Administrator-fanpagea-odpowiada-za-dane-ta-samo-jak-Facebook-Internet-przestaje-by\u0107-wolny.jpg\" \/>\n\t<meta property=\"og:image:width\" content=\"960\" \/>\n\t<meta property=\"og:image:height\" content=\"640\" \/>\n\t<meta property=\"og:image:type\" content=\"image\/jpeg\" \/>\n<meta name=\"author\" content=\"Legiobiznes.pl\" \/>\n<meta name=\"twitter:card\" content=\"summary_large_image\" \/>\n<meta name=\"twitter:creator\" content=\"@LegioBiznesPL\" \/>\n<meta name=\"twitter:site\" content=\"@LegioBiznesPL\" \/>\n<meta name=\"twitter:label1\" content=\"Napisane przez\" \/>\n\t<meta name=\"twitter:data1\" content=\"Legiobiznes.pl\" \/>\n\t<meta name=\"twitter:label2\" content=\"Szacowany czas czytania\" \/>\n\t<meta name=\"twitter:data2\" content=\"9 minut\" \/>\n<script type=\"application\/ld+json\" class=\"yoast-schema-graph\">{\"@context\":\"https:\\\/\\\/schema.org\",\"@graph\":[{\"@type\":\"Article\",\"@id\":\"https:\\\/\\\/legiobiznes.pl\\\/I\\\/nieliczne-firmy-zalozyly-obowiazkowe-konto-w-zus-administrator-fanpagea-odpowiada-za-dane-ta-samo-jak-facebook-internet-przestaje-byc-wolny\\\/#article\",\"isPartOf\":{\"@id\":\"https:\\\/\\\/legiobiznes.pl\\\/I\\\/nieliczne-firmy-zalozyly-obowiazkowe-konto-w-zus-administrator-fanpagea-odpowiada-za-dane-ta-samo-jak-facebook-internet-przestaje-byc-wolny\\\/\"},\"author\":{\"name\":\"Legiobiznes.pl\",\"@id\":\"https:\\\/\\\/legiobiznes.pl\\\/I\\\/#\\\/schema\\\/person\\\/33c4505a5d28a7c944baf038996052d4\"},\"headline\":\"Nieliczne firmy za\u0142o\u017cy\u0142y obowi\u0105zkowe konto w ZUS! Administrator fanpage&#8217;a odpowiada za dane ta samo jak Facebook! Internet przestaje by\u0107 wolny\",\"datePublished\":\"2018-06-21T18:33:10+00:00\",\"dateModified\":\"2023-05-11T16:19:53+00:00\",\"mainEntityOfPage\":{\"@id\":\"https:\\\/\\\/legiobiznes.pl\\\/I\\\/nieliczne-firmy-zalozyly-obowiazkowe-konto-w-zus-administrator-fanpagea-odpowiada-za-dane-ta-samo-jak-facebook-internet-przestaje-byc-wolny\\\/\"},\"wordCount\":1821,\"commentCount\":0,\"publisher\":{\"@id\":\"https:\\\/\\\/legiobiznes.pl\\\/I\\\/#organization\"},\"image\":{\"@id\":\"https:\\\/\\\/legiobiznes.pl\\\/I\\\/nieliczne-firmy-zalozyly-obowiazkowe-konto-w-zus-administrator-fanpagea-odpowiada-za-dane-ta-samo-jak-facebook-internet-przestaje-byc-wolny\\\/#primaryimage\"},\"thumbnailUrl\":\"https:\\\/\\\/legiobiznes.pl\\\/I\\\/wp-content\\\/uploads\\\/2018\\\/06\\\/Nieliczne-firmy-za\u0142o\u017cy\u0142y-obowi\u0105zkowe-konto-w-ZUS-Administrator-fanpagea-odpowiada-za-dane-ta-samo-jak-Facebook-Internet-przestaje-by\u0107-wolny.jpg\",\"keywords\":[\"ACTA\",\"dane osobowe fanpage\",\"obowi\u0105zkowe konto w ZUS\",\"prawa autorskie\",\"RODO\",\"Unia Europejska linki\"],\"articleSection\":[\"Prawo\"],\"inLanguage\":\"pl-PL\",\"potentialAction\":[{\"@type\":\"CommentAction\",\"name\":\"Comment\",\"target\":[\"https:\\\/\\\/legiobiznes.pl\\\/I\\\/nieliczne-firmy-zalozyly-obowiazkowe-konto-w-zus-administrator-fanpagea-odpowiada-za-dane-ta-samo-jak-facebook-internet-przestaje-byc-wolny\\\/#respond\"]}]},{\"@type\":\"WebPage\",\"@id\":\"https:\\\/\\\/legiobiznes.pl\\\/I\\\/nieliczne-firmy-zalozyly-obowiazkowe-konto-w-zus-administrator-fanpagea-odpowiada-za-dane-ta-samo-jak-facebook-internet-przestaje-byc-wolny\\\/\",\"url\":\"https:\\\/\\\/legiobiznes.pl\\\/I\\\/nieliczne-firmy-zalozyly-obowiazkowe-konto-w-zus-administrator-fanpagea-odpowiada-za-dane-ta-samo-jak-facebook-internet-przestaje-byc-wolny\\\/\",\"name\":\"Nieliczne firmy za\u0142o\u017cy\u0142y obowi\u0105zkowe konto w ZUS! Administrator fanpage'a odpowiada za dane ta samo jak Facebook! Internet przestaje by\u0107 wolny &#187; Legiobiznes.pl\",\"isPartOf\":{\"@id\":\"https:\\\/\\\/legiobiznes.pl\\\/I\\\/#website\"},\"primaryImageOfPage\":{\"@id\":\"https:\\\/\\\/legiobiznes.pl\\\/I\\\/nieliczne-firmy-zalozyly-obowiazkowe-konto-w-zus-administrator-fanpagea-odpowiada-za-dane-ta-samo-jak-facebook-internet-przestaje-byc-wolny\\\/#primaryimage\"},\"image\":{\"@id\":\"https:\\\/\\\/legiobiznes.pl\\\/I\\\/nieliczne-firmy-zalozyly-obowiazkowe-konto-w-zus-administrator-fanpagea-odpowiada-za-dane-ta-samo-jak-facebook-internet-przestaje-byc-wolny\\\/#primaryimage\"},\"thumbnailUrl\":\"https:\\\/\\\/legiobiznes.pl\\\/I\\\/wp-content\\\/uploads\\\/2018\\\/06\\\/Nieliczne-firmy-za\u0142o\u017cy\u0142y-obowi\u0105zkowe-konto-w-ZUS-Administrator-fanpagea-odpowiada-za-dane-ta-samo-jak-Facebook-Internet-przestaje-by\u0107-wolny.jpg\",\"datePublished\":\"2018-06-21T18:33:10+00:00\",\"dateModified\":\"2023-05-11T16:19:53+00:00\",\"description\":\"Nieliczne firmy za\u0142o\u017cy\u0142y obowi\u0105zkowe konto w ZUS! Administrator fanpage'a odpowiada za dane ta samo jak Facebook! Internet przestaje by\u0107 wolny\",\"breadcrumb\":{\"@id\":\"https:\\\/\\\/legiobiznes.pl\\\/I\\\/nieliczne-firmy-zalozyly-obowiazkowe-konto-w-zus-administrator-fanpagea-odpowiada-za-dane-ta-samo-jak-facebook-internet-przestaje-byc-wolny\\\/#breadcrumb\"},\"inLanguage\":\"pl-PL\",\"potentialAction\":[{\"@type\":\"ReadAction\",\"target\":[\"https:\\\/\\\/legiobiznes.pl\\\/I\\\/nieliczne-firmy-zalozyly-obowiazkowe-konto-w-zus-administrator-fanpagea-odpowiada-za-dane-ta-samo-jak-facebook-internet-przestaje-byc-wolny\\\/\"]}]},{\"@type\":\"ImageObject\",\"inLanguage\":\"pl-PL\",\"@id\":\"https:\\\/\\\/legiobiznes.pl\\\/I\\\/nieliczne-firmy-zalozyly-obowiazkowe-konto-w-zus-administrator-fanpagea-odpowiada-za-dane-ta-samo-jak-facebook-internet-przestaje-byc-wolny\\\/#primaryimage\",\"url\":\"https:\\\/\\\/legiobiznes.pl\\\/I\\\/wp-content\\\/uploads\\\/2018\\\/06\\\/Nieliczne-firmy-za\u0142o\u017cy\u0142y-obowi\u0105zkowe-konto-w-ZUS-Administrator-fanpagea-odpowiada-za-dane-ta-samo-jak-Facebook-Internet-przestaje-by\u0107-wolny.jpg\",\"contentUrl\":\"https:\\\/\\\/legiobiznes.pl\\\/I\\\/wp-content\\\/uploads\\\/2018\\\/06\\\/Nieliczne-firmy-za\u0142o\u017cy\u0142y-obowi\u0105zkowe-konto-w-ZUS-Administrator-fanpagea-odpowiada-za-dane-ta-samo-jak-Facebook-Internet-przestaje-by\u0107-wolny.jpg\",\"width\":\"960\",\"height\":\"640\",\"caption\":\"Nieliczne firmy za\u0142o\u017cy\u0142y obowi\u0105zkowe konto w ZUS! Administrator fanpage'a odpowiada za dane ta samo jak Facebook! Internet przestaje by\u0107 wolny\"},{\"@type\":\"BreadcrumbList\",\"@id\":\"https:\\\/\\\/legiobiznes.pl\\\/I\\\/nieliczne-firmy-zalozyly-obowiazkowe-konto-w-zus-administrator-fanpagea-odpowiada-za-dane-ta-samo-jak-facebook-internet-przestaje-byc-wolny\\\/#breadcrumb\",\"itemListElement\":[{\"@type\":\"ListItem\",\"position\":1,\"name\":\"Strona g\u0142\u00f3wna\",\"item\":\"https:\\\/\\\/legiobiznes.pl\\\/I\\\/\"},{\"@type\":\"ListItem\",\"position\":2,\"name\":\"Nieliczne firmy za\u0142o\u017cy\u0142y obowi\u0105zkowe konto w ZUS! Administrator fanpage&#8217;a odpowiada za dane ta samo jak Facebook! Internet przestaje by\u0107 wolny\"}]},{\"@type\":\"WebSite\",\"@id\":\"https:\\\/\\\/legiobiznes.pl\\\/I\\\/#website\",\"url\":\"https:\\\/\\\/legiobiznes.pl\\\/I\\\/\",\"name\":\"Legiobiznes.pl\",\"description\":\"Kryptowaluty, Bezpiecze\u0144stwo IT, E-biznes | LegioBiznes.PL\",\"publisher\":{\"@id\":\"https:\\\/\\\/legiobiznes.pl\\\/I\\\/#organization\"},\"potentialAction\":[{\"@type\":\"SearchAction\",\"target\":{\"@type\":\"EntryPoint\",\"urlTemplate\":\"https:\\\/\\\/legiobiznes.pl\\\/I\\\/?s={search_term_string}\"},\"query-input\":{\"@type\":\"PropertyValueSpecification\",\"valueRequired\":true,\"valueName\":\"search_term_string\"}}],\"inLanguage\":\"pl-PL\"},{\"@type\":\"Organization\",\"@id\":\"https:\\\/\\\/legiobiznes.pl\\\/I\\\/#organization\",\"name\":\"LegioBiznes.PL\",\"url\":\"https:\\\/\\\/legiobiznes.pl\\\/I\\\/\",\"logo\":{\"@type\":\"ImageObject\",\"inLanguage\":\"pl-PL\",\"@id\":\"https:\\\/\\\/legiobiznes.pl\\\/I\\\/#\\\/schema\\\/logo\\\/image\\\/\",\"url\":\"https:\\\/\\\/legiobiznes.pl\\\/I\\\/wp-content\\\/uploads\\\/2017\\\/08\\\/legiobiznespl-logo2-e1503834302371.png\",\"contentUrl\":\"https:\\\/\\\/legiobiznes.pl\\\/I\\\/wp-content\\\/uploads\\\/2017\\\/08\\\/legiobiznespl-logo2-e1503834302371.png\",\"width\":180,\"height\":76,\"caption\":\"LegioBiznes.PL\"},\"image\":{\"@id\":\"https:\\\/\\\/legiobiznes.pl\\\/I\\\/#\\\/schema\\\/logo\\\/image\\\/\"},\"sameAs\":[\"https:\\\/\\\/www.facebook.com\\\/LegioBiznes\\\/\",\"https:\\\/\\\/x.com\\\/LegioBiznesPL\",\"https:\\\/\\\/www.youtube.com\\\/channel\\\/UCEhszB39vxk96yIXD-jOORw\"]},{\"@type\":\"Person\",\"@id\":\"https:\\\/\\\/legiobiznes.pl\\\/I\\\/#\\\/schema\\\/person\\\/33c4505a5d28a7c944baf038996052d4\",\"name\":\"Legiobiznes.pl\",\"image\":{\"@type\":\"ImageObject\",\"inLanguage\":\"pl-PL\",\"@id\":\"https:\\\/\\\/legiobiznes.pl\\\/I\\\/wp-content\\\/uploads\\\/2019\\\/07\\\/favicon-Legiobiznes-150x150.png\",\"url\":\"https:\\\/\\\/legiobiznes.pl\\\/I\\\/wp-content\\\/uploads\\\/2019\\\/07\\\/favicon-Legiobiznes-150x150.png\",\"contentUrl\":\"https:\\\/\\\/legiobiznes.pl\\\/I\\\/wp-content\\\/uploads\\\/2019\\\/07\\\/favicon-Legiobiznes-150x150.png\",\"caption\":\"Legiobiznes.pl\"},\"description\":\"Budowa i tworzenie profesjonalnych, responsywnych (RWD) stron www. Pozycjonowanie SEO, sklepy internetowe eSklep...\",\"url\":\"https:\\\/\\\/legiobiznes.pl\\\/I\\\/author\\\/boss\\\/\"}]}<\/script>\n<!-- \/ Yoast SEO plugin. -->","yoast_head_json":{"title":"Nieliczne firmy za\u0142o\u017cy\u0142y obowi\u0105zkowe konto w ZUS! Administrator fanpage'a odpowiada za dane ta samo jak Facebook! Internet przestaje by\u0107 wolny &#187; Legiobiznes.pl","description":"Nieliczne firmy za\u0142o\u017cy\u0142y obowi\u0105zkowe konto w ZUS! Administrator fanpage'a odpowiada za dane ta samo jak Facebook! Internet przestaje by\u0107 wolny","robots":{"index":"index","follow":"follow","max-snippet":"max-snippet:-1","max-image-preview":"max-image-preview:large","max-video-preview":"max-video-preview:-1"},"canonical":"https:\/\/legiobiznes.pl\/I\/nieliczne-firmy-zalozyly-obowiazkowe-konto-w-zus-administrator-fanpagea-odpowiada-za-dane-ta-samo-jak-facebook-internet-przestaje-byc-wolny\/","og_locale":"pl_PL","og_type":"article","og_title":"Nieliczne firmy za\u0142o\u017cy\u0142y obowi\u0105zkowe konto w ZUS! Administrator fanpage'a odpowiada za dane ta samo jak Facebook! Internet przestaje by\u0107 wolny &#187; Legiobiznes.pl","og_description":"Nieliczne firmy za\u0142o\u017cy\u0142y obowi\u0105zkowe konto w ZUS! Administrator fanpage'a odpowiada za dane ta samo jak Facebook! Internet przestaje by\u0107 wolny","og_url":"https:\/\/legiobiznes.pl\/I\/nieliczne-firmy-zalozyly-obowiazkowe-konto-w-zus-administrator-fanpagea-odpowiada-za-dane-ta-samo-jak-facebook-internet-przestaje-byc-wolny\/","og_site_name":"Legiobiznes.pl","article_publisher":"https:\/\/www.facebook.com\/LegioBiznes\/","article_published_time":"2018-06-21T18:33:10+00:00","article_modified_time":"2023-05-11T16:19:53+00:00","og_image":[{"width":960,"height":640,"url":"https:\/\/legiobiznes.pl\/I\/wp-content\/uploads\/2018\/06\/Nieliczne-firmy-za\u0142o\u017cy\u0142y-obowi\u0105zkowe-konto-w-ZUS-Administrator-fanpagea-odpowiada-za-dane-ta-samo-jak-Facebook-Internet-przestaje-by\u0107-wolny.jpg","type":"image\/jpeg"}],"author":"Legiobiznes.pl","twitter_card":"summary_large_image","twitter_creator":"@LegioBiznesPL","twitter_site":"@LegioBiznesPL","twitter_misc":{"Napisane przez":"Legiobiznes.pl","Szacowany czas czytania":"9 minut"},"schema":{"@context":"https:\/\/schema.org","@graph":[{"@type":"Article","@id":"https:\/\/legiobiznes.pl\/I\/nieliczne-firmy-zalozyly-obowiazkowe-konto-w-zus-administrator-fanpagea-odpowiada-za-dane-ta-samo-jak-facebook-internet-przestaje-byc-wolny\/#article","isPartOf":{"@id":"https:\/\/legiobiznes.pl\/I\/nieliczne-firmy-zalozyly-obowiazkowe-konto-w-zus-administrator-fanpagea-odpowiada-za-dane-ta-samo-jak-facebook-internet-przestaje-byc-wolny\/"},"author":{"name":"Legiobiznes.pl","@id":"https:\/\/legiobiznes.pl\/I\/#\/schema\/person\/33c4505a5d28a7c944baf038996052d4"},"headline":"Nieliczne firmy za\u0142o\u017cy\u0142y obowi\u0105zkowe konto w ZUS! Administrator fanpage&#8217;a odpowiada za dane ta samo jak Facebook! Internet przestaje by\u0107 wolny","datePublished":"2018-06-21T18:33:10+00:00","dateModified":"2023-05-11T16:19:53+00:00","mainEntityOfPage":{"@id":"https:\/\/legiobiznes.pl\/I\/nieliczne-firmy-zalozyly-obowiazkowe-konto-w-zus-administrator-fanpagea-odpowiada-za-dane-ta-samo-jak-facebook-internet-przestaje-byc-wolny\/"},"wordCount":1821,"commentCount":0,"publisher":{"@id":"https:\/\/legiobiznes.pl\/I\/#organization"},"image":{"@id":"https:\/\/legiobiznes.pl\/I\/nieliczne-firmy-zalozyly-obowiazkowe-konto-w-zus-administrator-fanpagea-odpowiada-za-dane-ta-samo-jak-facebook-internet-przestaje-byc-wolny\/#primaryimage"},"thumbnailUrl":"https:\/\/legiobiznes.pl\/I\/wp-content\/uploads\/2018\/06\/Nieliczne-firmy-za\u0142o\u017cy\u0142y-obowi\u0105zkowe-konto-w-ZUS-Administrator-fanpagea-odpowiada-za-dane-ta-samo-jak-Facebook-Internet-przestaje-by\u0107-wolny.jpg","keywords":["ACTA","dane osobowe fanpage","obowi\u0105zkowe konto w ZUS","prawa autorskie","RODO","Unia Europejska linki"],"articleSection":["Prawo"],"inLanguage":"pl-PL","potentialAction":[{"@type":"CommentAction","name":"Comment","target":["https:\/\/legiobiznes.pl\/I\/nieliczne-firmy-zalozyly-obowiazkowe-konto-w-zus-administrator-fanpagea-odpowiada-za-dane-ta-samo-jak-facebook-internet-przestaje-byc-wolny\/#respond"]}]},{"@type":"WebPage","@id":"https:\/\/legiobiznes.pl\/I\/nieliczne-firmy-zalozyly-obowiazkowe-konto-w-zus-administrator-fanpagea-odpowiada-za-dane-ta-samo-jak-facebook-internet-przestaje-byc-wolny\/","url":"https:\/\/legiobiznes.pl\/I\/nieliczne-firmy-zalozyly-obowiazkowe-konto-w-zus-administrator-fanpagea-odpowiada-za-dane-ta-samo-jak-facebook-internet-przestaje-byc-wolny\/","name":"Nieliczne firmy za\u0142o\u017cy\u0142y obowi\u0105zkowe konto w ZUS! Administrator fanpage'a odpowiada za dane ta samo jak Facebook! Internet przestaje by\u0107 wolny &#187; Legiobiznes.pl","isPartOf":{"@id":"https:\/\/legiobiznes.pl\/I\/#website"},"primaryImageOfPage":{"@id":"https:\/\/legiobiznes.pl\/I\/nieliczne-firmy-zalozyly-obowiazkowe-konto-w-zus-administrator-fanpagea-odpowiada-za-dane-ta-samo-jak-facebook-internet-przestaje-byc-wolny\/#primaryimage"},"image":{"@id":"https:\/\/legiobiznes.pl\/I\/nieliczne-firmy-zalozyly-obowiazkowe-konto-w-zus-administrator-fanpagea-odpowiada-za-dane-ta-samo-jak-facebook-internet-przestaje-byc-wolny\/#primaryimage"},"thumbnailUrl":"https:\/\/legiobiznes.pl\/I\/wp-content\/uploads\/2018\/06\/Nieliczne-firmy-za\u0142o\u017cy\u0142y-obowi\u0105zkowe-konto-w-ZUS-Administrator-fanpagea-odpowiada-za-dane-ta-samo-jak-Facebook-Internet-przestaje-by\u0107-wolny.jpg","datePublished":"2018-06-21T18:33:10+00:00","dateModified":"2023-05-11T16:19:53+00:00","description":"Nieliczne firmy za\u0142o\u017cy\u0142y obowi\u0105zkowe konto w ZUS! Administrator fanpage'a odpowiada za dane ta samo jak Facebook! Internet przestaje by\u0107 wolny","breadcrumb":{"@id":"https:\/\/legiobiznes.pl\/I\/nieliczne-firmy-zalozyly-obowiazkowe-konto-w-zus-administrator-fanpagea-odpowiada-za-dane-ta-samo-jak-facebook-internet-przestaje-byc-wolny\/#breadcrumb"},"inLanguage":"pl-PL","potentialAction":[{"@type":"ReadAction","target":["https:\/\/legiobiznes.pl\/I\/nieliczne-firmy-zalozyly-obowiazkowe-konto-w-zus-administrator-fanpagea-odpowiada-za-dane-ta-samo-jak-facebook-internet-przestaje-byc-wolny\/"]}]},{"@type":"ImageObject","inLanguage":"pl-PL","@id":"https:\/\/legiobiznes.pl\/I\/nieliczne-firmy-zalozyly-obowiazkowe-konto-w-zus-administrator-fanpagea-odpowiada-za-dane-ta-samo-jak-facebook-internet-przestaje-byc-wolny\/#primaryimage","url":"https:\/\/legiobiznes.pl\/I\/wp-content\/uploads\/2018\/06\/Nieliczne-firmy-za\u0142o\u017cy\u0142y-obowi\u0105zkowe-konto-w-ZUS-Administrator-fanpagea-odpowiada-za-dane-ta-samo-jak-Facebook-Internet-przestaje-by\u0107-wolny.jpg","contentUrl":"https:\/\/legiobiznes.pl\/I\/wp-content\/uploads\/2018\/06\/Nieliczne-firmy-za\u0142o\u017cy\u0142y-obowi\u0105zkowe-konto-w-ZUS-Administrator-fanpagea-odpowiada-za-dane-ta-samo-jak-Facebook-Internet-przestaje-by\u0107-wolny.jpg","width":"960","height":"640","caption":"Nieliczne firmy za\u0142o\u017cy\u0142y obowi\u0105zkowe konto w ZUS! Administrator fanpage'a odpowiada za dane ta samo jak Facebook! Internet przestaje by\u0107 wolny"},{"@type":"BreadcrumbList","@id":"https:\/\/legiobiznes.pl\/I\/nieliczne-firmy-zalozyly-obowiazkowe-konto-w-zus-administrator-fanpagea-odpowiada-za-dane-ta-samo-jak-facebook-internet-przestaje-byc-wolny\/#breadcrumb","itemListElement":[{"@type":"ListItem","position":1,"name":"Strona g\u0142\u00f3wna","item":"https:\/\/legiobiznes.pl\/I\/"},{"@type":"ListItem","position":2,"name":"Nieliczne firmy za\u0142o\u017cy\u0142y obowi\u0105zkowe konto w ZUS! Administrator fanpage&#8217;a odpowiada za dane ta samo jak Facebook! Internet przestaje by\u0107 wolny"}]},{"@type":"WebSite","@id":"https:\/\/legiobiznes.pl\/I\/#website","url":"https:\/\/legiobiznes.pl\/I\/","name":"Legiobiznes.pl","description":"Kryptowaluty, Bezpiecze\u0144stwo IT, E-biznes | LegioBiznes.PL","publisher":{"@id":"https:\/\/legiobiznes.pl\/I\/#organization"},"potentialAction":[{"@type":"SearchAction","target":{"@type":"EntryPoint","urlTemplate":"https:\/\/legiobiznes.pl\/I\/?s={search_term_string}"},"query-input":{"@type":"PropertyValueSpecification","valueRequired":true,"valueName":"search_term_string"}}],"inLanguage":"pl-PL"},{"@type":"Organization","@id":"https:\/\/legiobiznes.pl\/I\/#organization","name":"LegioBiznes.PL","url":"https:\/\/legiobiznes.pl\/I\/","logo":{"@type":"ImageObject","inLanguage":"pl-PL","@id":"https:\/\/legiobiznes.pl\/I\/#\/schema\/logo\/image\/","url":"https:\/\/legiobiznes.pl\/I\/wp-content\/uploads\/2017\/08\/legiobiznespl-logo2-e1503834302371.png","contentUrl":"https:\/\/legiobiznes.pl\/I\/wp-content\/uploads\/2017\/08\/legiobiznespl-logo2-e1503834302371.png","width":180,"height":76,"caption":"LegioBiznes.PL"},"image":{"@id":"https:\/\/legiobiznes.pl\/I\/#\/schema\/logo\/image\/"},"sameAs":["https:\/\/www.facebook.com\/LegioBiznes\/","https:\/\/x.com\/LegioBiznesPL","https:\/\/www.youtube.com\/channel\/UCEhszB39vxk96yIXD-jOORw"]},{"@type":"Person","@id":"https:\/\/legiobiznes.pl\/I\/#\/schema\/person\/33c4505a5d28a7c944baf038996052d4","name":"Legiobiznes.pl","image":{"@type":"ImageObject","inLanguage":"pl-PL","@id":"https:\/\/legiobiznes.pl\/I\/wp-content\/uploads\/2019\/07\/favicon-Legiobiznes-150x150.png","url":"https:\/\/legiobiznes.pl\/I\/wp-content\/uploads\/2019\/07\/favicon-Legiobiznes-150x150.png","contentUrl":"https:\/\/legiobiznes.pl\/I\/wp-content\/uploads\/2019\/07\/favicon-Legiobiznes-150x150.png","caption":"Legiobiznes.pl"},"description":"Budowa i tworzenie profesjonalnych, responsywnych (RWD) stron www. Pozycjonowanie SEO, sklepy internetowe eSklep...","url":"https:\/\/legiobiznes.pl\/I\/author\/boss\/"}]}},"_links":{"self":[{"href":"https:\/\/legiobiznes.pl\/I\/wp-json\/wp\/v2\/posts\/690996","targetHints":{"allow":["GET"]}}],"collection":[{"href":"https:\/\/legiobiznes.pl\/I\/wp-json\/wp\/v2\/posts"}],"about":[{"href":"https:\/\/legiobiznes.pl\/I\/wp-json\/wp\/v2\/types\/post"}],"author":[{"embeddable":true,"href":"https:\/\/legiobiznes.pl\/I\/wp-json\/wp\/v2\/users\/1"}],"replies":[{"embeddable":true,"href":"https:\/\/legiobiznes.pl\/I\/wp-json\/wp\/v2\/comments?post=690996"}],"version-history":[{"count":0,"href":"https:\/\/legiobiznes.pl\/I\/wp-json\/wp\/v2\/posts\/690996\/revisions"}],"wp:featuredmedia":[{"embeddable":true,"href":"https:\/\/legiobiznes.pl\/I\/wp-json\/wp\/v2\/media\/690997"}],"wp:attachment":[{"href":"https:\/\/legiobiznes.pl\/I\/wp-json\/wp\/v2\/media?parent=690996"}],"wp:term":[{"taxonomy":"category","embeddable":true,"href":"https:\/\/legiobiznes.pl\/I\/wp-json\/wp\/v2\/categories?post=690996"},{"taxonomy":"post_tag","embeddable":true,"href":"https:\/\/legiobiznes.pl\/I\/wp-json\/wp\/v2\/tags?post=690996"}],"curies":[{"name":"wp","href":"https:\/\/api.w.org\/{rel}","templated":true}]}}