{"id":700040,"date":"2018-06-28T08:24:53","date_gmt":"2018-06-28T06:24:53","guid":{"rendered":"https:\/\/legiobiznes.pl\/I\/?p=700040"},"modified":"2018-06-28T08:24:53","modified_gmt":"2018-06-28T06:24:53","slug":"czy-twoj-monitoring-jest-zgodny-z-rodo-rodo-i-procesy-biznesowe-reforma-prawa-autorskiego-w-ue-ulatwienia-w-rejestracji-samochodow","status":"publish","type":"post","link":"https:\/\/legiobiznes.pl\/I\/czy-twoj-monitoring-jest-zgodny-z-rodo-rodo-i-procesy-biznesowe-reforma-prawa-autorskiego-w-ue-ulatwienia-w-rejestracji-samochodow\/","title":{"rendered":"Czy tw\u00f3j monitoring jest zgodny z RODO? RODO i procesy biznesowe. Reforma prawa autorskiego w UE. U\u0142atwienia w rejestracji samochod\u00f3w"},"content":{"rendered":"<h2><strong>Przedsi\u0119biorco, czas sprawdzi\u0107, czy tw\u00f3j monitoring jest zgodny z RODO<\/strong><\/h2>\n<h3><strong>Prezes Urz\u0119du Ochrony Danych Osobowych zwraca uwag\u0119 na to, \u017ce monitoring mo\u017ce by\u0107 niezgodny z RODO i publikuje dokument, w kt\u00f3rym zawarte s\u0105 cenne wskaz\u00f3wki dla przedsi\u0119biorc\u00f3w.<\/strong><\/h3>\n<p>Cho\u0107 unijne\u00a0<a title=\"RODO ju\u017c obowi\u0105zuje - s\u0105 pierwsze oskar\u017cenia, wpadki i wy\u0142\u0105czenia\" href=\"http:\/\/www.benchmark.pl\/aktualnosci\/rodo-juz-obowiazuje-sa-pierwsze-oskarzenia-wpadki-i-wylaczenia.html\" target=\"_blank\" rel=\"noopener\">rozporz\u0105dzenie o ochronie danych osobowych (RODO)<\/a>\u00a0wesz\u0142o ju\u017c w \u017cycie, zamieszanie wci\u0105\u017c jest spore. Ostatnio na przyk\u0142ad zwr\u00f3cono uwag\u0119 na to, \u017ce przepisy \u0142ama\u0107 mo\u017ce monitoring.<\/p>\n<p>Urz\u0105d Ochrony Danych Osobowych zorganizowa\u0142 ostatnio konferencj\u0119. Prezes dr Edyta Bielak-Jomaa po\u015bwi\u0119ci\u0142a kilka s\u0142\u00f3w monitoringowi. Zauwa\u017cy\u0142a, \u017ce na upewnienie si\u0119, \u017ce wszystko pod tym wzgl\u0119dem dzia\u0142a u nich jak nale\u017cy, przedsi\u0119biorcy maj\u0105 czas tylko do ko\u0144ca wrze\u015bnia \u2013 w\u00f3wczas ko\u0144czy si\u0119 okres przej\u015bciowy&#8230;<\/p>\n<a href=\"http:\/\/www.benchmark.pl\/aktualnosci\/monitoring-tez-musi-byc-zgodny-z-rodo-wskazowki.html\" target=\"_blank\" class=\"shortc-button medium red \">Wi\u0119cej dowiesz si\u0119 u \u017ar\u00f3d\u0142a &gt;&gt;<\/a>\n<h2><strong>Procesy biznesowe po wprowadzeniu RODO<\/strong><\/h2>\n<h3><strong>Obowi\u0105zuj\u0105ce od 25 maja br. przepisy Rozporz\u0105dzenia o Ochronie Danych Osobowych (RODO) przewiduj\u0105 na\u0142o\u017cenie kar na przedsi\u0119biorstwa, kt\u00f3re nie stosuj\u0105 si\u0119 do zasad ich przetwarzania.Tylko dopasowane do potrzeb danej organizacji narz\u0119dzia informatyczne mog\u0105 zapewni\u0107 realizacj\u0119 zgodno\u015bci z nowymi przepisami RODO.<\/strong><\/h3>\n<p>&#8211;\u00a0<em>Ka\u017cdy aspekt\u00a0<strong>RODO<\/strong>\u00a0to proces i dlatego od 25 maja br. firmy powinny zacz\u0105\u0107 ulepsza\u0107 procesy biznesowe<\/em>\u00a0&#8211; stwierdzi\u0142\u00a0 B\u0142a\u017cej Pabiszczak, prezes sp\u00f3\u0142ki YetiForce na konferencji \u201cOpen Source w biznesie\u201d. Doda\u0142, \u017ce dotyczy to teraz przedsi\u0119biorstw ka\u017cdej wielko\u015bci \u2013 od zak\u0142adu fryzjerskiego po wielkie korporacje. Wielko\u015b\u0107 firmy nie ma znaczenia, a znacz\u0105cy jest sam fakt przetwarzania danych osobowych&#8230;<\/p>\n<a href=\"http:\/\/di.com.pl\/procesy-biznesowe-po-wprowadzeniu-rodo-59664?utm_source=feedburner&amp;utm_medium=feed&amp;utm_campaign=Feed%3A+glowny-di+%280+-+DI+kanal+glowny+%28go%C5%82y%29%29\" target=\"_blank\" class=\"shortc-button medium red \">Wi\u0119cej dowiesz si\u0119 u \u017ar\u00f3d\u0142a &gt;&gt;<\/a>\n<p><center><!-- Pula: Marketing2 \/\/--><br \/>\n<script type=\"text\/javascript\">\n    document.write(unescape('%3Cscript type=\"text\/javascript\" src=\"' + document.location.protocol + \n    '\/\/ec.bankier.pl\/show2\/MzIxMjEsMjUzMjIsNDE4NzY\/' + Math.random() + '\/'+ '\"%3E%3C\/script%3E'));\n<\/script><\/center><\/p>\n<h2><strong>Czy RODO nad\u0105\u017cy za technologi\u0105?<\/strong><\/h2>\n<h3><strong>AI ro\u015bnie w si\u0142\u0119. Globalne marki inwestuj\u0105 w badania i wdra\u017caj\u0105 programy uczenia maszynowego do swojej dzia\u0142alno\u015bci biznesowej. Jednak kluczowym sprawdzianem dla firm wydaje si\u0119 dostosowanie plan\u00f3w technologicznych do wymog\u00f3w unijnego Rozporz\u0105dzenia o Ochronie Danych Osobowych.<\/strong><\/h3>\n<p>Zgodnie z ostatnimi szacunkami ResearchAndMarkets globalny rynek AI do 2025 roku ma osi\u0105gn\u0105\u0107 warto\u015b\u0107 190,61 miliard\u00f3w dol. \u2013 daj\u0105c wzrost z 21,46 miliard\u00f3w dol. w 2018 roku i CAGR na poziomie 36,62%. Bie\u017c\u0105ce inwestycje s\u0105 nap\u0119dzane przez takie czynniki jak coraz szersze przyj\u0119cie bazuj\u0105cych na chmurze aplikacji i us\u0142ug, rozw\u00f3j big data czy zainteresowanie inteligentnymi wirtualnymi asystentami&#8230;<\/p>\n<a href=\"http:\/\/di.com.pl\/czy-rodo-nadazy-za-technologia-59722?utm_source=feedburner&amp;utm_medium=feed&amp;utm_campaign=Feed%3A+glowny-di+%280+-+DI+kanal+glowny+%28go%C5%82y%29%29\" target=\"_blank\" class=\"shortc-button medium red \">Wi\u0119cej dowiesz si\u0119 u \u017ar\u00f3d\u0142a &gt;&gt;<\/a>\n<h2 class=\"newsTitle\"><strong>Reforma prawa autorskiego w UE. Wyr\u00f3wnanie szans czy krok w stron\u0119 cenzury?<\/strong><\/h2>\n<h3><strong>Komisja Prawna Parlamentu Europejskiego JURI zag\u0142osowa\u0142a w zesz\u0142\u0105 \u015brod\u0119 za przyj\u0119ciem kontrowersyjnych zmian w dyrektywie o prawach autorskich na jednolitym rynku cyfrowym. Ich zwolennicy twierdz\u0105, \u017ce wzmocni\u0105 one profesjonalne dziennikarstwo; przeciwnicy &#8211; \u017ce zmierzaj\u0105 w stron\u0119 jeszcze wi\u0119kszej centralizacji internetu.\u00a0<\/strong><\/h3>\n<p>Kiedy w w 2014 roku Mathias D\u00f6pfner, prezes niemieckiego wydawnictwa Axel Springer, wyznawa\u0142 &#8222;Boimy si\u0119 Google&#8221;, krytykuj\u0105c nier\u00f3wne relacje, jakie \u0142\u0105cz\u0105 wydawc\u00f3w prasy z gigantem z Mountain View, po mediach przetoczy\u0142a si\u0119 szeroka dyskusja, kt\u00f3ra &#8211; wydawa\u0142oby si\u0119 &#8211; niczego konstruktywnego nie wniesie. Google odpiera\u0142o zarzuty tradycyjnie trosk\u0105 o wygod\u0119 u\u017cytkownika, a wydawcy, kt\u00f3rzy nie mieli alternatywy, musieli wsp\u00f3\u0142pracowa\u0107&#8230;<\/p>\n<a href=\"https:\/\/interaktywnie.com\/biznes\/newsy\/prawo\/reforma-prawa-autorskiego-w-ue-wyrownanie-szans-czy-krok-w-strone-cenzury-257520?utm_source=feedburner&amp;utm_medium=feed&amp;utm_campaign=Feed%3A+Interaktywnie+%28Interaktywnie.com%29\" target=\"_blank\" class=\"shortc-button medium red \">Wi\u0119cej dowiesz si\u0119 u \u017ar\u00f3d\u0142a &gt;&gt;<\/a>\n<h2 class=\"entry_title\"><strong>B\u0119d\u0105 u\u0142atwienia w rejestracji samochod\u00f3w? Jedne numery rejestracyjne do jednego auta<\/strong><\/h2>\n<h3><strong>Do Ministerstwa Infrastruktury trafi\u0142a interpelacja poselska dotycz\u0105ca tablic rejestracyjnych i rejestrowania samochod\u00f3w. Czeka nas rewolucja w tej sprawie?<\/strong><\/h3>\n<p>Jednym z najbardziej aktywnych pos\u0142\u00f3w obecnej kadencji Sejmu jest Piotr Liroy-Marzec. Znany muzyk dzia\u0142a jako pose\u0142 niezrzeszony i ws\u0142awi\u0142 si\u0119 on m.in. sk\u0142adaniem du\u017cej ilo\u015bci interpelacji w r\u00f3\u017cnych sprawach. W tym wypadku pod lup\u0119 zosta\u0142a wzi\u0119ta kwestia rejestracji samochod\u00f3w i konieczno\u015bci zmian tablic rejestracyjnych przy przerejestrowaniu pojazdu w innym powiecie. Muzyk chce by obecnie dzia\u0142aj\u0105ce przepisy zosta\u0142y zmienione tak, by nie by\u0142o ju\u017c konieczno\u015bci zmian numer\u00f3w rejestracyjnych przy zmianach w\u0142a\u015bcicielskich. Czy czeka nas rewolucja w wydawaniu tablic rejestracyjnych?&#8230;<\/p>\n<a href=\"http:\/\/antyweb.pl\/beda-ulatwienia-w-rejestracji-samochodow-jedne-numery-rejestracyjne-do-jednego-auta\/\" target=\"_blank\" class=\"shortc-button medium red \">Wi\u0119cej dowiesz si\u0119 u \u017ar\u00f3d\u0142a &gt;&gt;<\/a>\n<p><center><!-- Pula: Marketing \/\/--><br \/>\n<script type=\"text\/javascript\">\n    document.write(unescape('%3Cscript type=\"text\/javascript\" src=\"' + document.location.protocol + \n    '\/\/ec.bankier.pl\/show2\/MzIxMjAsMjUzMjIsNDE4NzY\/' + Math.random() + '\/'+ '\"%3E%3C\/script%3E'));\n<\/script><\/center><\/p>\n<h2 class=\"title\"><strong>Rok wi\u0119zienia za oszukiwanie w grze<\/strong><\/h2>\n<h3><strong>To musia\u0142o si\u0119 wydarzy\u0107 w Korei. Mieszka\u0144cy tego kraju s\u0142yn\u0105 z zami\u0142owania do gier esportowych, gdzie traktuje si\u0119 je bardziej powa\u017cnie ni\u017c w Europie (chocia\u017c to stale si\u0119 zmienia). S\u0105d w Seulu wyda\u0142 wyrok w sprawie 28-letniego gracza, kt\u00f3ry odsiedzi rok za oszukiwanie w grze. <\/strong><\/h3>\n<p>Dodajmy, \u017ce bardzo intratne oszukiwanie. Korea\u0144czyk zarobi\u0142 na graniu w Overwatch niemal 200 milion\u00f3w won\u00f3w, co przek\u0142ada si\u0119 na oko\u0142o 700 tysi\u0119cy z\u0142otych. Nie jest to pierwszy wyrok s\u0105du w podobnej sprawie. Dot\u0105d jednak ko\u0144czy\u0142o si\u0119 na wysokich karach finansowych&#8230;<\/p>\n<a href=\"https:\/\/www.chip.pl\/2018\/06\/rok-wiezienia-za-oszukiwanie-w-grze\/\" target=\"_blank\" class=\"shortc-button medium red \">Wi\u0119cej dowiesz si\u0119 u \u017ar\u00f3d\u0142a &gt;&gt;<\/a>\n","protected":false},"excerpt":{"rendered":"<p>Przedsi\u0119biorco, czas sprawdzi\u0107, czy tw\u00f3j monitoring jest zgodny z RODO Prezes Urz\u0119du Ochrony Danych Osobowych zwraca uwag\u0119 na to, \u017ce monitoring mo\u017ce by\u0107 niezgodny z RODO i publikuje dokument, w kt\u00f3rym zawarte s\u0105 cenne wskaz\u00f3wki dla przedsi\u0119biorc\u00f3w. Cho\u0107 unijne\u00a0rozporz\u0105dzenie o ochronie danych osobowych (RODO)\u00a0wesz\u0142o ju\u017c w \u017cycie, zamieszanie wci\u0105\u017c jest spore. Ostatnio na przyk\u0142ad zwr\u00f3cono &hellip;<\/p>\n","protected":false},"author":1,"featured_media":700042,"comment_status":"open","ping_status":"closed","sticky":false,"template":"","format":"standard","meta":{"footnotes":""},"categories":[1294],"tags":[1329,2302,1328,4385,4386,4387,1542],"class_list":["post-700040","post","type-post","status-publish","format-standard","has-post-thumbnail","","category-prawo","tag-biznes","tag-cctv","tag-firma","tag-monitoring","tag-reforma-praw-autorskich","tag-rejestracja-samochodow","tag-rodo"],"yoast_head":"<!-- This site is optimized with the Yoast SEO plugin v27.5 - https:\/\/yoast.com\/product\/yoast-seo-wordpress\/ -->\n<title>Czy tw\u00f3j monitoring jest zgodny z RODO? RODO i procesy biznesowe. Reforma prawa autorskiego w UE. U\u0142atwienia w rejestracji samochod\u00f3w &#187; Legiobiznes.pl<\/title>\n<meta name=\"description\" content=\"Czy tw\u00f3j monitoring jest zgodny z RODO? RODO i procesy biznesowe. Reforma prawa autorskiego w UE. U\u0142atwienia w rejestracji samochod\u00f3w\" \/>\n<meta name=\"robots\" content=\"index, follow, max-snippet:-1, max-image-preview:large, max-video-preview:-1\" \/>\n<link rel=\"canonical\" href=\"https:\/\/legiobiznes.pl\/I\/czy-twoj-monitoring-jest-zgodny-z-rodo-rodo-i-procesy-biznesowe-reforma-prawa-autorskiego-w-ue-ulatwienia-w-rejestracji-samochodow\/\" \/>\n<meta property=\"og:locale\" content=\"pl_PL\" \/>\n<meta property=\"og:type\" content=\"article\" \/>\n<meta property=\"og:title\" content=\"Czy tw\u00f3j monitoring jest zgodny z RODO? RODO i procesy biznesowe. Reforma prawa autorskiego w UE. U\u0142atwienia w rejestracji samochod\u00f3w &#187; Legiobiznes.pl\" \/>\n<meta property=\"og:description\" content=\"Czy tw\u00f3j monitoring jest zgodny z RODO? RODO i procesy biznesowe. Reforma prawa autorskiego w UE. U\u0142atwienia w rejestracji samochod\u00f3w\" \/>\n<meta property=\"og:url\" content=\"https:\/\/legiobiznes.pl\/I\/czy-twoj-monitoring-jest-zgodny-z-rodo-rodo-i-procesy-biznesowe-reforma-prawa-autorskiego-w-ue-ulatwienia-w-rejestracji-samochodow\/\" \/>\n<meta property=\"og:site_name\" content=\"Legiobiznes.pl\" \/>\n<meta property=\"article:publisher\" content=\"https:\/\/www.facebook.com\/LegioBiznes\/\" \/>\n<meta property=\"article:published_time\" content=\"2018-06-28T06:24:53+00:00\" \/>\n<meta property=\"og:image\" content=\"https:\/\/legiobiznes.pl\/I\/wp-content\/uploads\/2018\/06\/Czy-tw\u00f3j-monitoring-jest-zgodny-z-RODO-RODO-i-procesy-biznesowe.-Reforma-prawa-autorskiego-w-UE.-U\u0142atwienia-w-rejestracji-samochod\u00f3w.jpg\" \/>\n\t<meta property=\"og:image:width\" content=\"960\" \/>\n\t<meta property=\"og:image:height\" content=\"720\" \/>\n\t<meta property=\"og:image:type\" content=\"image\/jpeg\" \/>\n<meta name=\"author\" content=\"Legiobiznes.pl\" \/>\n<meta name=\"twitter:card\" content=\"summary_large_image\" \/>\n<meta name=\"twitter:creator\" content=\"@LegioBiznesPL\" \/>\n<meta name=\"twitter:site\" content=\"@LegioBiznesPL\" \/>\n<meta name=\"twitter:label1\" content=\"Napisane przez\" \/>\n\t<meta name=\"twitter:data1\" content=\"Legiobiznes.pl\" \/>\n\t<meta name=\"twitter:label2\" content=\"Szacowany czas czytania\" \/>\n\t<meta name=\"twitter:data2\" content=\"5 minut\" \/>\n<script type=\"application\/ld+json\" class=\"yoast-schema-graph\">{\"@context\":\"https:\\\/\\\/schema.org\",\"@graph\":[{\"@type\":\"Article\",\"@id\":\"https:\\\/\\\/legiobiznes.pl\\\/I\\\/czy-twoj-monitoring-jest-zgodny-z-rodo-rodo-i-procesy-biznesowe-reforma-prawa-autorskiego-w-ue-ulatwienia-w-rejestracji-samochodow\\\/#article\",\"isPartOf\":{\"@id\":\"https:\\\/\\\/legiobiznes.pl\\\/I\\\/czy-twoj-monitoring-jest-zgodny-z-rodo-rodo-i-procesy-biznesowe-reforma-prawa-autorskiego-w-ue-ulatwienia-w-rejestracji-samochodow\\\/\"},\"author\":{\"name\":\"Legiobiznes.pl\",\"@id\":\"https:\\\/\\\/legiobiznes.pl\\\/I\\\/#\\\/schema\\\/person\\\/33c4505a5d28a7c944baf038996052d4\"},\"headline\":\"Czy tw\u00f3j monitoring jest zgodny z RODO? RODO i procesy biznesowe. Reforma prawa autorskiego w UE. U\u0142atwienia w rejestracji samochod\u00f3w\",\"datePublished\":\"2018-06-28T06:24:53+00:00\",\"mainEntityOfPage\":{\"@id\":\"https:\\\/\\\/legiobiznes.pl\\\/I\\\/czy-twoj-monitoring-jest-zgodny-z-rodo-rodo-i-procesy-biznesowe-reforma-prawa-autorskiego-w-ue-ulatwienia-w-rejestracji-samochodow\\\/\"},\"wordCount\":964,\"commentCount\":0,\"publisher\":{\"@id\":\"https:\\\/\\\/legiobiznes.pl\\\/I\\\/#organization\"},\"image\":{\"@id\":\"https:\\\/\\\/legiobiznes.pl\\\/I\\\/czy-twoj-monitoring-jest-zgodny-z-rodo-rodo-i-procesy-biznesowe-reforma-prawa-autorskiego-w-ue-ulatwienia-w-rejestracji-samochodow\\\/#primaryimage\"},\"thumbnailUrl\":\"https:\\\/\\\/legiobiznes.pl\\\/I\\\/wp-content\\\/uploads\\\/2018\\\/06\\\/Czy-tw\u00f3j-monitoring-jest-zgodny-z-RODO-RODO-i-procesy-biznesowe.-Reforma-prawa-autorskiego-w-UE.-U\u0142atwienia-w-rejestracji-samochod\u00f3w.jpg\",\"keywords\":[\"biznes\",\"CCTV\",\"firma\",\"monitoring\",\"reforma praw autorskich\",\"rejestracja samochod\u00f3w\",\"RODO\"],\"articleSection\":[\"Prawo\"],\"inLanguage\":\"pl-PL\",\"potentialAction\":[{\"@type\":\"CommentAction\",\"name\":\"Comment\",\"target\":[\"https:\\\/\\\/legiobiznes.pl\\\/I\\\/czy-twoj-monitoring-jest-zgodny-z-rodo-rodo-i-procesy-biznesowe-reforma-prawa-autorskiego-w-ue-ulatwienia-w-rejestracji-samochodow\\\/#respond\"]}]},{\"@type\":\"WebPage\",\"@id\":\"https:\\\/\\\/legiobiznes.pl\\\/I\\\/czy-twoj-monitoring-jest-zgodny-z-rodo-rodo-i-procesy-biznesowe-reforma-prawa-autorskiego-w-ue-ulatwienia-w-rejestracji-samochodow\\\/\",\"url\":\"https:\\\/\\\/legiobiznes.pl\\\/I\\\/czy-twoj-monitoring-jest-zgodny-z-rodo-rodo-i-procesy-biznesowe-reforma-prawa-autorskiego-w-ue-ulatwienia-w-rejestracji-samochodow\\\/\",\"name\":\"Czy tw\u00f3j monitoring jest zgodny z RODO? RODO i procesy biznesowe. Reforma prawa autorskiego w UE. U\u0142atwienia w rejestracji samochod\u00f3w &#187; Legiobiznes.pl\",\"isPartOf\":{\"@id\":\"https:\\\/\\\/legiobiznes.pl\\\/I\\\/#website\"},\"primaryImageOfPage\":{\"@id\":\"https:\\\/\\\/legiobiznes.pl\\\/I\\\/czy-twoj-monitoring-jest-zgodny-z-rodo-rodo-i-procesy-biznesowe-reforma-prawa-autorskiego-w-ue-ulatwienia-w-rejestracji-samochodow\\\/#primaryimage\"},\"image\":{\"@id\":\"https:\\\/\\\/legiobiznes.pl\\\/I\\\/czy-twoj-monitoring-jest-zgodny-z-rodo-rodo-i-procesy-biznesowe-reforma-prawa-autorskiego-w-ue-ulatwienia-w-rejestracji-samochodow\\\/#primaryimage\"},\"thumbnailUrl\":\"https:\\\/\\\/legiobiznes.pl\\\/I\\\/wp-content\\\/uploads\\\/2018\\\/06\\\/Czy-tw\u00f3j-monitoring-jest-zgodny-z-RODO-RODO-i-procesy-biznesowe.-Reforma-prawa-autorskiego-w-UE.-U\u0142atwienia-w-rejestracji-samochod\u00f3w.jpg\",\"datePublished\":\"2018-06-28T06:24:53+00:00\",\"description\":\"Czy tw\u00f3j monitoring jest zgodny z RODO? RODO i procesy biznesowe. Reforma prawa autorskiego w UE. U\u0142atwienia w rejestracji samochod\u00f3w\",\"breadcrumb\":{\"@id\":\"https:\\\/\\\/legiobiznes.pl\\\/I\\\/czy-twoj-monitoring-jest-zgodny-z-rodo-rodo-i-procesy-biznesowe-reforma-prawa-autorskiego-w-ue-ulatwienia-w-rejestracji-samochodow\\\/#breadcrumb\"},\"inLanguage\":\"pl-PL\",\"potentialAction\":[{\"@type\":\"ReadAction\",\"target\":[\"https:\\\/\\\/legiobiznes.pl\\\/I\\\/czy-twoj-monitoring-jest-zgodny-z-rodo-rodo-i-procesy-biznesowe-reforma-prawa-autorskiego-w-ue-ulatwienia-w-rejestracji-samochodow\\\/\"]}]},{\"@type\":\"ImageObject\",\"inLanguage\":\"pl-PL\",\"@id\":\"https:\\\/\\\/legiobiznes.pl\\\/I\\\/czy-twoj-monitoring-jest-zgodny-z-rodo-rodo-i-procesy-biznesowe-reforma-prawa-autorskiego-w-ue-ulatwienia-w-rejestracji-samochodow\\\/#primaryimage\",\"url\":\"https:\\\/\\\/legiobiznes.pl\\\/I\\\/wp-content\\\/uploads\\\/2018\\\/06\\\/Czy-tw\u00f3j-monitoring-jest-zgodny-z-RODO-RODO-i-procesy-biznesowe.-Reforma-prawa-autorskiego-w-UE.-U\u0142atwienia-w-rejestracji-samochod\u00f3w.jpg\",\"contentUrl\":\"https:\\\/\\\/legiobiznes.pl\\\/I\\\/wp-content\\\/uploads\\\/2018\\\/06\\\/Czy-tw\u00f3j-monitoring-jest-zgodny-z-RODO-RODO-i-procesy-biznesowe.-Reforma-prawa-autorskiego-w-UE.-U\u0142atwienia-w-rejestracji-samochod\u00f3w.jpg\",\"width\":\"960\",\"height\":\"720\",\"caption\":\"Czy tw\u00f3j monitoring jest zgodny z RODO RODO i procesy biznesowe. Reforma prawa autorskiego w UE. U\u0142atwienia w rejestracji samochod\u00f3w\"},{\"@type\":\"BreadcrumbList\",\"@id\":\"https:\\\/\\\/legiobiznes.pl\\\/I\\\/czy-twoj-monitoring-jest-zgodny-z-rodo-rodo-i-procesy-biznesowe-reforma-prawa-autorskiego-w-ue-ulatwienia-w-rejestracji-samochodow\\\/#breadcrumb\",\"itemListElement\":[{\"@type\":\"ListItem\",\"position\":1,\"name\":\"Strona g\u0142\u00f3wna\",\"item\":\"https:\\\/\\\/legiobiznes.pl\\\/I\\\/\"},{\"@type\":\"ListItem\",\"position\":2,\"name\":\"Czy tw\u00f3j monitoring jest zgodny z RODO? RODO i procesy biznesowe. Reforma prawa autorskiego w UE. U\u0142atwienia w rejestracji samochod\u00f3w\"}]},{\"@type\":\"WebSite\",\"@id\":\"https:\\\/\\\/legiobiznes.pl\\\/I\\\/#website\",\"url\":\"https:\\\/\\\/legiobiznes.pl\\\/I\\\/\",\"name\":\"Legiobiznes.pl\",\"description\":\"Kryptowaluty, Bezpiecze\u0144stwo IT, E-biznes | LegioBiznes.PL\",\"publisher\":{\"@id\":\"https:\\\/\\\/legiobiznes.pl\\\/I\\\/#organization\"},\"potentialAction\":[{\"@type\":\"SearchAction\",\"target\":{\"@type\":\"EntryPoint\",\"urlTemplate\":\"https:\\\/\\\/legiobiznes.pl\\\/I\\\/?s={search_term_string}\"},\"query-input\":{\"@type\":\"PropertyValueSpecification\",\"valueRequired\":true,\"valueName\":\"search_term_string\"}}],\"inLanguage\":\"pl-PL\"},{\"@type\":\"Organization\",\"@id\":\"https:\\\/\\\/legiobiznes.pl\\\/I\\\/#organization\",\"name\":\"LegioBiznes.PL\",\"url\":\"https:\\\/\\\/legiobiznes.pl\\\/I\\\/\",\"logo\":{\"@type\":\"ImageObject\",\"inLanguage\":\"pl-PL\",\"@id\":\"https:\\\/\\\/legiobiznes.pl\\\/I\\\/#\\\/schema\\\/logo\\\/image\\\/\",\"url\":\"https:\\\/\\\/legiobiznes.pl\\\/I\\\/wp-content\\\/uploads\\\/2017\\\/08\\\/legiobiznespl-logo2-e1503834302371.png\",\"contentUrl\":\"https:\\\/\\\/legiobiznes.pl\\\/I\\\/wp-content\\\/uploads\\\/2017\\\/08\\\/legiobiznespl-logo2-e1503834302371.png\",\"width\":180,\"height\":76,\"caption\":\"LegioBiznes.PL\"},\"image\":{\"@id\":\"https:\\\/\\\/legiobiznes.pl\\\/I\\\/#\\\/schema\\\/logo\\\/image\\\/\"},\"sameAs\":[\"https:\\\/\\\/www.facebook.com\\\/LegioBiznes\\\/\",\"https:\\\/\\\/x.com\\\/LegioBiznesPL\",\"https:\\\/\\\/www.youtube.com\\\/channel\\\/UCEhszB39vxk96yIXD-jOORw\"]},{\"@type\":\"Person\",\"@id\":\"https:\\\/\\\/legiobiznes.pl\\\/I\\\/#\\\/schema\\\/person\\\/33c4505a5d28a7c944baf038996052d4\",\"name\":\"Legiobiznes.pl\",\"image\":{\"@type\":\"ImageObject\",\"inLanguage\":\"pl-PL\",\"@id\":\"https:\\\/\\\/legiobiznes.pl\\\/I\\\/wp-content\\\/uploads\\\/2019\\\/07\\\/favicon-Legiobiznes-150x150.png\",\"url\":\"https:\\\/\\\/legiobiznes.pl\\\/I\\\/wp-content\\\/uploads\\\/2019\\\/07\\\/favicon-Legiobiznes-150x150.png\",\"contentUrl\":\"https:\\\/\\\/legiobiznes.pl\\\/I\\\/wp-content\\\/uploads\\\/2019\\\/07\\\/favicon-Legiobiznes-150x150.png\",\"caption\":\"Legiobiznes.pl\"},\"description\":\"Budowa i tworzenie profesjonalnych, responsywnych (RWD) stron www. Pozycjonowanie SEO, sklepy internetowe eSklep...\",\"url\":\"https:\\\/\\\/legiobiznes.pl\\\/I\\\/author\\\/boss\\\/\"}]}<\/script>\n<!-- \/ Yoast SEO plugin. -->","yoast_head_json":{"title":"Czy tw\u00f3j monitoring jest zgodny z RODO? RODO i procesy biznesowe. Reforma prawa autorskiego w UE. U\u0142atwienia w rejestracji samochod\u00f3w &#187; Legiobiznes.pl","description":"Czy tw\u00f3j monitoring jest zgodny z RODO? RODO i procesy biznesowe. Reforma prawa autorskiego w UE. U\u0142atwienia w rejestracji samochod\u00f3w","robots":{"index":"index","follow":"follow","max-snippet":"max-snippet:-1","max-image-preview":"max-image-preview:large","max-video-preview":"max-video-preview:-1"},"canonical":"https:\/\/legiobiznes.pl\/I\/czy-twoj-monitoring-jest-zgodny-z-rodo-rodo-i-procesy-biznesowe-reforma-prawa-autorskiego-w-ue-ulatwienia-w-rejestracji-samochodow\/","og_locale":"pl_PL","og_type":"article","og_title":"Czy tw\u00f3j monitoring jest zgodny z RODO? RODO i procesy biznesowe. Reforma prawa autorskiego w UE. U\u0142atwienia w rejestracji samochod\u00f3w &#187; Legiobiznes.pl","og_description":"Czy tw\u00f3j monitoring jest zgodny z RODO? RODO i procesy biznesowe. Reforma prawa autorskiego w UE. U\u0142atwienia w rejestracji samochod\u00f3w","og_url":"https:\/\/legiobiznes.pl\/I\/czy-twoj-monitoring-jest-zgodny-z-rodo-rodo-i-procesy-biznesowe-reforma-prawa-autorskiego-w-ue-ulatwienia-w-rejestracji-samochodow\/","og_site_name":"Legiobiznes.pl","article_publisher":"https:\/\/www.facebook.com\/LegioBiznes\/","article_published_time":"2018-06-28T06:24:53+00:00","og_image":[{"width":960,"height":720,"url":"https:\/\/legiobiznes.pl\/I\/wp-content\/uploads\/2018\/06\/Czy-tw\u00f3j-monitoring-jest-zgodny-z-RODO-RODO-i-procesy-biznesowe.-Reforma-prawa-autorskiego-w-UE.-U\u0142atwienia-w-rejestracji-samochod\u00f3w.jpg","type":"image\/jpeg"}],"author":"Legiobiznes.pl","twitter_card":"summary_large_image","twitter_creator":"@LegioBiznesPL","twitter_site":"@LegioBiznesPL","twitter_misc":{"Napisane przez":"Legiobiznes.pl","Szacowany czas czytania":"5 minut"},"schema":{"@context":"https:\/\/schema.org","@graph":[{"@type":"Article","@id":"https:\/\/legiobiznes.pl\/I\/czy-twoj-monitoring-jest-zgodny-z-rodo-rodo-i-procesy-biznesowe-reforma-prawa-autorskiego-w-ue-ulatwienia-w-rejestracji-samochodow\/#article","isPartOf":{"@id":"https:\/\/legiobiznes.pl\/I\/czy-twoj-monitoring-jest-zgodny-z-rodo-rodo-i-procesy-biznesowe-reforma-prawa-autorskiego-w-ue-ulatwienia-w-rejestracji-samochodow\/"},"author":{"name":"Legiobiznes.pl","@id":"https:\/\/legiobiznes.pl\/I\/#\/schema\/person\/33c4505a5d28a7c944baf038996052d4"},"headline":"Czy tw\u00f3j monitoring jest zgodny z RODO? RODO i procesy biznesowe. Reforma prawa autorskiego w UE. U\u0142atwienia w rejestracji samochod\u00f3w","datePublished":"2018-06-28T06:24:53+00:00","mainEntityOfPage":{"@id":"https:\/\/legiobiznes.pl\/I\/czy-twoj-monitoring-jest-zgodny-z-rodo-rodo-i-procesy-biznesowe-reforma-prawa-autorskiego-w-ue-ulatwienia-w-rejestracji-samochodow\/"},"wordCount":964,"commentCount":0,"publisher":{"@id":"https:\/\/legiobiznes.pl\/I\/#organization"},"image":{"@id":"https:\/\/legiobiznes.pl\/I\/czy-twoj-monitoring-jest-zgodny-z-rodo-rodo-i-procesy-biznesowe-reforma-prawa-autorskiego-w-ue-ulatwienia-w-rejestracji-samochodow\/#primaryimage"},"thumbnailUrl":"https:\/\/legiobiznes.pl\/I\/wp-content\/uploads\/2018\/06\/Czy-tw\u00f3j-monitoring-jest-zgodny-z-RODO-RODO-i-procesy-biznesowe.-Reforma-prawa-autorskiego-w-UE.-U\u0142atwienia-w-rejestracji-samochod\u00f3w.jpg","keywords":["biznes","CCTV","firma","monitoring","reforma praw autorskich","rejestracja samochod\u00f3w","RODO"],"articleSection":["Prawo"],"inLanguage":"pl-PL","potentialAction":[{"@type":"CommentAction","name":"Comment","target":["https:\/\/legiobiznes.pl\/I\/czy-twoj-monitoring-jest-zgodny-z-rodo-rodo-i-procesy-biznesowe-reforma-prawa-autorskiego-w-ue-ulatwienia-w-rejestracji-samochodow\/#respond"]}]},{"@type":"WebPage","@id":"https:\/\/legiobiznes.pl\/I\/czy-twoj-monitoring-jest-zgodny-z-rodo-rodo-i-procesy-biznesowe-reforma-prawa-autorskiego-w-ue-ulatwienia-w-rejestracji-samochodow\/","url":"https:\/\/legiobiznes.pl\/I\/czy-twoj-monitoring-jest-zgodny-z-rodo-rodo-i-procesy-biznesowe-reforma-prawa-autorskiego-w-ue-ulatwienia-w-rejestracji-samochodow\/","name":"Czy tw\u00f3j monitoring jest zgodny z RODO? RODO i procesy biznesowe. Reforma prawa autorskiego w UE. U\u0142atwienia w rejestracji samochod\u00f3w &#187; Legiobiznes.pl","isPartOf":{"@id":"https:\/\/legiobiznes.pl\/I\/#website"},"primaryImageOfPage":{"@id":"https:\/\/legiobiznes.pl\/I\/czy-twoj-monitoring-jest-zgodny-z-rodo-rodo-i-procesy-biznesowe-reforma-prawa-autorskiego-w-ue-ulatwienia-w-rejestracji-samochodow\/#primaryimage"},"image":{"@id":"https:\/\/legiobiznes.pl\/I\/czy-twoj-monitoring-jest-zgodny-z-rodo-rodo-i-procesy-biznesowe-reforma-prawa-autorskiego-w-ue-ulatwienia-w-rejestracji-samochodow\/#primaryimage"},"thumbnailUrl":"https:\/\/legiobiznes.pl\/I\/wp-content\/uploads\/2018\/06\/Czy-tw\u00f3j-monitoring-jest-zgodny-z-RODO-RODO-i-procesy-biznesowe.-Reforma-prawa-autorskiego-w-UE.-U\u0142atwienia-w-rejestracji-samochod\u00f3w.jpg","datePublished":"2018-06-28T06:24:53+00:00","description":"Czy tw\u00f3j monitoring jest zgodny z RODO? RODO i procesy biznesowe. Reforma prawa autorskiego w UE. U\u0142atwienia w rejestracji samochod\u00f3w","breadcrumb":{"@id":"https:\/\/legiobiznes.pl\/I\/czy-twoj-monitoring-jest-zgodny-z-rodo-rodo-i-procesy-biznesowe-reforma-prawa-autorskiego-w-ue-ulatwienia-w-rejestracji-samochodow\/#breadcrumb"},"inLanguage":"pl-PL","potentialAction":[{"@type":"ReadAction","target":["https:\/\/legiobiznes.pl\/I\/czy-twoj-monitoring-jest-zgodny-z-rodo-rodo-i-procesy-biznesowe-reforma-prawa-autorskiego-w-ue-ulatwienia-w-rejestracji-samochodow\/"]}]},{"@type":"ImageObject","inLanguage":"pl-PL","@id":"https:\/\/legiobiznes.pl\/I\/czy-twoj-monitoring-jest-zgodny-z-rodo-rodo-i-procesy-biznesowe-reforma-prawa-autorskiego-w-ue-ulatwienia-w-rejestracji-samochodow\/#primaryimage","url":"https:\/\/legiobiznes.pl\/I\/wp-content\/uploads\/2018\/06\/Czy-tw\u00f3j-monitoring-jest-zgodny-z-RODO-RODO-i-procesy-biznesowe.-Reforma-prawa-autorskiego-w-UE.-U\u0142atwienia-w-rejestracji-samochod\u00f3w.jpg","contentUrl":"https:\/\/legiobiznes.pl\/I\/wp-content\/uploads\/2018\/06\/Czy-tw\u00f3j-monitoring-jest-zgodny-z-RODO-RODO-i-procesy-biznesowe.-Reforma-prawa-autorskiego-w-UE.-U\u0142atwienia-w-rejestracji-samochod\u00f3w.jpg","width":"960","height":"720","caption":"Czy tw\u00f3j monitoring jest zgodny z RODO RODO i procesy biznesowe. Reforma prawa autorskiego w UE. U\u0142atwienia w rejestracji samochod\u00f3w"},{"@type":"BreadcrumbList","@id":"https:\/\/legiobiznes.pl\/I\/czy-twoj-monitoring-jest-zgodny-z-rodo-rodo-i-procesy-biznesowe-reforma-prawa-autorskiego-w-ue-ulatwienia-w-rejestracji-samochodow\/#breadcrumb","itemListElement":[{"@type":"ListItem","position":1,"name":"Strona g\u0142\u00f3wna","item":"https:\/\/legiobiznes.pl\/I\/"},{"@type":"ListItem","position":2,"name":"Czy tw\u00f3j monitoring jest zgodny z RODO? RODO i procesy biznesowe. Reforma prawa autorskiego w UE. U\u0142atwienia w rejestracji samochod\u00f3w"}]},{"@type":"WebSite","@id":"https:\/\/legiobiznes.pl\/I\/#website","url":"https:\/\/legiobiznes.pl\/I\/","name":"Legiobiznes.pl","description":"Kryptowaluty, Bezpiecze\u0144stwo IT, E-biznes | LegioBiznes.PL","publisher":{"@id":"https:\/\/legiobiznes.pl\/I\/#organization"},"potentialAction":[{"@type":"SearchAction","target":{"@type":"EntryPoint","urlTemplate":"https:\/\/legiobiznes.pl\/I\/?s={search_term_string}"},"query-input":{"@type":"PropertyValueSpecification","valueRequired":true,"valueName":"search_term_string"}}],"inLanguage":"pl-PL"},{"@type":"Organization","@id":"https:\/\/legiobiznes.pl\/I\/#organization","name":"LegioBiznes.PL","url":"https:\/\/legiobiznes.pl\/I\/","logo":{"@type":"ImageObject","inLanguage":"pl-PL","@id":"https:\/\/legiobiznes.pl\/I\/#\/schema\/logo\/image\/","url":"https:\/\/legiobiznes.pl\/I\/wp-content\/uploads\/2017\/08\/legiobiznespl-logo2-e1503834302371.png","contentUrl":"https:\/\/legiobiznes.pl\/I\/wp-content\/uploads\/2017\/08\/legiobiznespl-logo2-e1503834302371.png","width":180,"height":76,"caption":"LegioBiznes.PL"},"image":{"@id":"https:\/\/legiobiznes.pl\/I\/#\/schema\/logo\/image\/"},"sameAs":["https:\/\/www.facebook.com\/LegioBiznes\/","https:\/\/x.com\/LegioBiznesPL","https:\/\/www.youtube.com\/channel\/UCEhszB39vxk96yIXD-jOORw"]},{"@type":"Person","@id":"https:\/\/legiobiznes.pl\/I\/#\/schema\/person\/33c4505a5d28a7c944baf038996052d4","name":"Legiobiznes.pl","image":{"@type":"ImageObject","inLanguage":"pl-PL","@id":"https:\/\/legiobiznes.pl\/I\/wp-content\/uploads\/2019\/07\/favicon-Legiobiznes-150x150.png","url":"https:\/\/legiobiznes.pl\/I\/wp-content\/uploads\/2019\/07\/favicon-Legiobiznes-150x150.png","contentUrl":"https:\/\/legiobiznes.pl\/I\/wp-content\/uploads\/2019\/07\/favicon-Legiobiznes-150x150.png","caption":"Legiobiznes.pl"},"description":"Budowa i tworzenie profesjonalnych, responsywnych (RWD) stron www. Pozycjonowanie SEO, sklepy internetowe eSklep...","url":"https:\/\/legiobiznes.pl\/I\/author\/boss\/"}]}},"_links":{"self":[{"href":"https:\/\/legiobiznes.pl\/I\/wp-json\/wp\/v2\/posts\/700040","targetHints":{"allow":["GET"]}}],"collection":[{"href":"https:\/\/legiobiznes.pl\/I\/wp-json\/wp\/v2\/posts"}],"about":[{"href":"https:\/\/legiobiznes.pl\/I\/wp-json\/wp\/v2\/types\/post"}],"author":[{"embeddable":true,"href":"https:\/\/legiobiznes.pl\/I\/wp-json\/wp\/v2\/users\/1"}],"replies":[{"embeddable":true,"href":"https:\/\/legiobiznes.pl\/I\/wp-json\/wp\/v2\/comments?post=700040"}],"version-history":[{"count":0,"href":"https:\/\/legiobiznes.pl\/I\/wp-json\/wp\/v2\/posts\/700040\/revisions"}],"wp:featuredmedia":[{"embeddable":true,"href":"https:\/\/legiobiznes.pl\/I\/wp-json\/wp\/v2\/media\/700042"}],"wp:attachment":[{"href":"https:\/\/legiobiznes.pl\/I\/wp-json\/wp\/v2\/media?parent=700040"}],"wp:term":[{"taxonomy":"category","embeddable":true,"href":"https:\/\/legiobiznes.pl\/I\/wp-json\/wp\/v2\/categories?post=700040"},{"taxonomy":"post_tag","embeddable":true,"href":"https:\/\/legiobiznes.pl\/I\/wp-json\/wp\/v2\/tags?post=700040"}],"curies":[{"name":"wp","href":"https:\/\/api.w.org\/{rel}","templated":true}]}}