{"id":707946,"date":"2018-07-03T22:56:25","date_gmt":"2018-07-03T20:56:25","guid":{"rendered":"https:\/\/legiobiznes.pl\/I\/?p=707946"},"modified":"2018-07-03T22:56:25","modified_gmt":"2018-07-03T20:56:25","slug":"facebook-i-google-czy-w-zgodzie-z-rodo-od-pazdziernika-jezdzimy-bez-dowodu-rejestracyjnego-ulgi-podatkowe-dla-przedsiebiorcow","status":"publish","type":"post","link":"https:\/\/legiobiznes.pl\/I\/facebook-i-google-czy-w-zgodzie-z-rodo-od-pazdziernika-jezdzimy-bez-dowodu-rejestracyjnego-ulgi-podatkowe-dla-przedsiebiorcow\/","title":{"rendered":"Facebook i Google czy w zgodzie z RODO? Od pa\u017adziernika je\u017adzimy bez dowodu rejestracyjnego. Ulgi podatkowe dla przedsi\u0119biorc\u00f3w"},"content":{"rendered":"<h2 class=\"entry_title\"><strong>Czy Facebook i Google przestrzegaj\u0105 RODO? S\u0105 w\u0105tpliwo\u015bci<\/strong><\/h2>\n<h3>Jak wynika z ustale\u0144 norweskiego odpowiednika Rzecznika Praw Konsumenta, Google oraz Facebook tylko pozornie dostosowali si\u0119 do nowego prawodawstwa w zakresie ochrony praw osobowych. Podstawowym za\u0142o\u017ceniem RODO (GDPR) jest mo\u017cliwo\u015b\u0107 wyboru: czy konsument dalej chce udost\u0119pnia\u0107 swoje dane i trzeba go o tym powiadomi\u0107. Ponadto, powinien mie\u0107 narz\u0119dzia do tego, aby zmieni\u0107 te ustawienia lub wycofa\u0107 swoj\u0105 zgod\u0119 na przetwarzanie danych&#8230;<\/h3>\n<a href=\"https:\/\/antyweb.pl\/facebook-google-rodo-gdpr\/\" target=\"_blank\" class=\"shortc-button medium red \">Wi\u0119cej dowiesz si\u0119 u \u017ar\u00f3d\u0142a &gt;<\/a>\n<h2><strong><span class=\"red\">Od pa\u017adziernika je\u017adzimy bez dowodu rejestracyjnego w aucie<\/span><\/strong><\/h2>\n<h3>To ju\u017c oficjalne. Marek Zag\u00f3rski, minister cyfryzacji, podpisa\u0142 komunikat, dzi\u0119ki kt\u00f3remu od 1 pa\u017adziernika kierowcy nie b\u0119d\u0105 musieli wozi\u0107 ze sob\u0105 dowodu rejestracyjnego pojazdu i polisy OC. Na odej\u015bcie od karania za brak tych dokument\u00f3w podczas kontroli drogowej pozwala nowelizacja ustawy &#8211; Prawo o ruchu drogowym &#8211; uchwalona przez Sejm w 9 maja 2018 r. (Dz.U., poz.957)&#8230;<\/h3>\n<a href=\"http:\/\/di.com.pl\/od-pazdziernika-jezdzimy-bez-dowodu-rejestracyjnego-w-aucie-59756?utm_source=feedburner&amp;utm_medium=feed&amp;utm_campaign=Feed%3A+glowny-di+%280+-+DI+kanal+glowny+%28go%C5%82y%29%29\" target=\"_blank\" class=\"shortc-button medium red \">Wi\u0119cej dowiesz si\u0119 u \u017ar\u00f3d\u0142a &gt;<\/a>\n<h2><strong>Ulgi podatkowe dla przedsi\u0119biorc\u00f3w ju\u017c na terenie ca\u0142ego kraju<\/strong><\/h2>\n<h3>Od soboty ca\u0142a Polska staje si\u0119 jedn\u0105 stref\u0105 ekonomiczn\u0105. Dzi\u0119ki temu przedsi\u0119biorcy b\u0119d\u0105 mogli liczy\u0107 na zach\u0119ty podatkowe, z kt\u00f3rych skorzystaj\u0105 nie tylko du\u017ce, ale i mniejsze firmy. Co si\u0119 zmieni i co to oznacza dla przedsi\u0119biorc\u00f3w?&#8230;<\/h3>\n<a href=\"https:\/\/mambiznes.pl\/poradniki\/ulgi-podatkowe-dla-przedsiebiorcow-juz-terenie-calego-kraju-85316\" target=\"_blank\" class=\"shortc-button medium red \">Wi\u0119cej dowiesz si\u0119 u \u017ar\u00f3d\u0142a &gt;<\/a>\n<p><center><!-- Pula: Marketing2 \/\/--><br \/>\n<script type=\"text\/javascript\">\n    document.write(unescape('%3Cscript type=\"text\/javascript\" src=\"' + document.location.protocol + \n    '\/\/ec.bankier.pl\/show2\/MzIxMjEsMjUzMjIsNDE4NzY\/' + Math.random() + '\/'+ '\"%3E%3C\/script%3E'));\n<\/script><\/center><\/p>\n<h2><strong>Rosyjscy operatorzy b\u0119d\u0105 musieli przechowywa\u0107 rozmowy i SMSy przez 6 miesi\u0119cy. To nie koniec kontrowersyjnych zmian<\/strong><\/h2>\n<h3>W Rosji wprowadzono zaostrzone przepisy dotycz\u0105ce przechowywania przez operator\u00f3w tre\u015bci SMS-\u00f3w oraz rozm\u00f3w, a tak\u017ce aktywno\u015bci u\u017cytkownik\u00f3w w internecie. Obowi\u0105zuj\u0105ce od 1 lipca przepisy zostan\u0105 ju\u017c nied\u0142ugo zaostrzone, a zmiany b\u0119d\u0105 dotyczy\u0142y tak\u017ce Polak\u00f3w&#8230;<\/h3>\n<a href=\"http:\/\/www.komputerswiat.pl\/nowosci\/wydarzenia\/2018\/27\/rosyjscy-operatorzy-beda-musieli-przechowywac-rozmowy-i-smsy-przez-6-miesiecy-to-nie-koniec-kontrowersyjnych-zmian.aspx\" target=\"_blank\" class=\"shortc-button medium red \">Wi\u0119cej dowiesz si\u0119 u \u017ar\u00f3d\u0142a &gt;<\/a>\n<h2 class=\"newsTitle\"><strong>Spraw\u0119 Cambridge Analytica bada ju\u017c nie tylko Departament Sprawiedliwo\u015bci<\/strong><\/h2>\n<h3>Federalne \u015bledztwo w skandalu zwi\u0105zanego wykorzystaniem danych u\u017cytkownik\u00f3w Facebooka przez Cambridge Analytica w\u0142a\u015bnie si\u0119 rozszerzy\u0142o. Do Departamentu Sprawiedliwo\u015bci, kt\u00f3ry bada spraw\u0119 od momentu jej ujawnienia przez media, do\u0142\u0105czyli przedstawiciele FBI, SEC i Federalnej Komisji Handlu &#8211; informuje The Washington Post&#8230;<\/h3>\n<a href=\"https:\/\/interaktywnie.com\/biznes\/newsy\/social-media\/sprawe-cambridge-analytica-bada-juz-nie-tylko-departament-sprawiedliwosci-257567?utm_source=feedburner&amp;utm_medium=feed&amp;utm_campaign=Feed%3A+Interaktywnie+%28Interaktywnie.com%29\" target=\"_blank\" class=\"shortc-button medium red \">Wi\u0119cej dowiesz si\u0119 u \u017ar\u00f3d\u0142a &gt;<\/a>\n<h2><strong>Na jesieni zmiany w ustawie o ograniczeniu handlu w niedziele<\/strong><\/h2>\n<h3>Ustawa o ograniczeniu handlu w niedziele wesz\u0142a w \u017cycie 1 marca tego roku, jednak ju\u017c wymaga licznych poprawek. \u00a0Jeszcze w tym roku na jesieni, mo\u017cna spodziewa\u0107 si\u0119 nowelizacji ustawy. Tak\u0105 deklaracj\u0119 z\u0142o\u017cy\u0142 Stanis\u0142aw Szwed, wiceminister rodziny, pracy i polityki spo\u0142ecznej w rozmowie z serwisem wiadomoscihandlowe.pl&#8230;<\/h3>\n<a href=\"https:\/\/mambiznes.pl\/wlasny-biznes\/jesieni-zmiany-ustawie-o-ograniczeniu-handlu-niedziele-85297\" target=\"_blank\" class=\"shortc-button medium red \">Wi\u0119cej dowiesz si\u0119 u \u017ar\u00f3d\u0142a &gt;<\/a>\n<p><center><!-- Pula: Marketing \/\/--><br \/>\n<script type=\"text\/javascript\">\n    document.write(unescape('%3Cscript type=\"text\/javascript\" src=\"' + document.location.protocol + \n    '\/\/ec.bankier.pl\/show2\/MzIxMjAsMjUzMjIsNDE4NzY\/' + Math.random() + '\/'+ '\"%3E%3C\/script%3E'));\n<\/script><\/center><\/p>\n<h2 class=\"newsTitle\"><strong>Organizacje pozarz\u0105dowe zabieraj\u0105 g\u0142os w sprawie reformy prawa autorskiego<\/strong><\/h2>\n<h3>Dwudziestego czerwca Komisja Prawna (JURI) Parlamentu Europejskiego przyj\u0119\u0142a propozycj\u0119 Dyrektywy o prawie autorskim na jednolitym rynku cyfrowym, kt\u00f3ra w debacie publicznej wzbudza coraz wi\u0119ksze kontrowersje. Kwestia jest na tyle wa\u017cna, a zarazem polaryzuj\u0105ca, \u017ce wymaga uwagi ca\u0142ego Parlamentu Europejskiego, g\u0142osuj\u0105cego na posiedzeniu plenarnym&#8230;<\/h3>\n<a href=\"https:\/\/interaktywnie.com\/biznes\/newsy\/inne\/organizacje-pozarzadowe-zabieraja-glos-w-sprawie-reformy-prawa-autorskiego-257566?utm_source=feedburner&amp;utm_medium=feed&amp;utm_campaign=Feed%3A+Interaktywnie+%28Interaktywnie.com%29\" target=\"_blank\" class=\"shortc-button medium red \">Wi\u0119cej dowiesz si\u0119 u \u017ar\u00f3d\u0142a &gt;<\/a>\n","protected":false},"excerpt":{"rendered":"<p>Czy Facebook i Google przestrzegaj\u0105 RODO? S\u0105 w\u0105tpliwo\u015bci Jak wynika z ustale\u0144 norweskiego odpowiednika Rzecznika Praw Konsumenta, Google oraz Facebook tylko pozornie dostosowali si\u0119 do nowego prawodawstwa w zakresie ochrony praw osobowych. Podstawowym za\u0142o\u017ceniem RODO (GDPR) jest mo\u017cliwo\u015b\u0107 wyboru: czy konsument dalej chce udost\u0119pnia\u0107 swoje dane i trzeba go o tym powiadomi\u0107. Ponadto, powinien mie\u0107 &hellip;<\/p>\n","protected":false},"author":1,"featured_media":707947,"comment_status":"open","ping_status":"closed","sticky":false,"template":"","format":"standard","meta":{"footnotes":""},"categories":[1294],"tags":[4416,3758,4415,4417,1669,1911,3195],"class_list":["post-707946","post","type-post","status-publish","format-standard","has-post-thumbnail","","category-prawo","tag-bez-dowodu-rejestracyjnego","tag-cambridge-analytica","tag-facebook-google-rodo","tag-handel-w-niedziele","tag-parlament-europejski","tag-prawa-autorskie","tag-ulgi-podatkowe"],"yoast_head":"<!-- This site is optimized with the Yoast SEO plugin v27.5 - https:\/\/yoast.com\/product\/yoast-seo-wordpress\/ -->\n<title>Facebook i Google czy w zgodzie z RODO? Od pa\u017adziernika je\u017adzimy bez dowodu rejestracyjnego. Ulgi podatkowe dla przedsi\u0119biorc\u00f3w &#187; Legiobiznes.pl<\/title>\n<meta name=\"description\" content=\"Facebook i Google czy w zgodzie z RODO? Od pa\u017adziernika je\u017adzimy bez dowodu rejestracyjnego. Ulgi podatkowe dla przedsi\u0119biorc\u00f3w\" \/>\n<meta name=\"robots\" content=\"index, follow, max-snippet:-1, max-image-preview:large, max-video-preview:-1\" \/>\n<link rel=\"canonical\" href=\"https:\/\/legiobiznes.pl\/I\/facebook-i-google-czy-w-zgodzie-z-rodo-od-pazdziernika-jezdzimy-bez-dowodu-rejestracyjnego-ulgi-podatkowe-dla-przedsiebiorcow\/\" \/>\n<meta property=\"og:locale\" content=\"pl_PL\" \/>\n<meta property=\"og:type\" content=\"article\" \/>\n<meta property=\"og:title\" content=\"Facebook i Google czy w zgodzie z RODO? Od pa\u017adziernika je\u017adzimy bez dowodu rejestracyjnego. Ulgi podatkowe dla przedsi\u0119biorc\u00f3w &#187; Legiobiznes.pl\" \/>\n<meta property=\"og:description\" content=\"Facebook i Google czy w zgodzie z RODO? Od pa\u017adziernika je\u017adzimy bez dowodu rejestracyjnego. Ulgi podatkowe dla przedsi\u0119biorc\u00f3w\" \/>\n<meta property=\"og:url\" content=\"https:\/\/legiobiznes.pl\/I\/facebook-i-google-czy-w-zgodzie-z-rodo-od-pazdziernika-jezdzimy-bez-dowodu-rejestracyjnego-ulgi-podatkowe-dla-przedsiebiorcow\/\" \/>\n<meta property=\"og:site_name\" content=\"Legiobiznes.pl\" \/>\n<meta property=\"article:publisher\" content=\"https:\/\/www.facebook.com\/LegioBiznes\/\" \/>\n<meta property=\"article:published_time\" content=\"2018-07-03T20:56:25+00:00\" \/>\n<meta property=\"og:image\" content=\"https:\/\/legiobiznes.pl\/I\/wp-content\/uploads\/2018\/07\/Facebook-i-Google-czy-w-zgodzie-z-RODO-Od-pa\u017adziernika-je\u017adzimy-bez-dowodu-rejestracyjnego.-Ulgi-podatkowe-dla-przedsi\u0119biorc\u00f3w.png\" \/>\n\t<meta property=\"og:image:width\" content=\"960\" \/>\n\t<meta property=\"og:image:height\" content=\"540\" \/>\n\t<meta property=\"og:image:type\" content=\"image\/png\" \/>\n<meta name=\"author\" content=\"Legiobiznes.pl\" \/>\n<meta name=\"twitter:card\" content=\"summary_large_image\" \/>\n<meta name=\"twitter:creator\" content=\"@LegioBiznesPL\" \/>\n<meta name=\"twitter:site\" content=\"@LegioBiznesPL\" \/>\n<meta name=\"twitter:label1\" content=\"Napisane przez\" \/>\n\t<meta name=\"twitter:data1\" content=\"Legiobiznes.pl\" \/>\n\t<meta name=\"twitter:label2\" content=\"Szacowany czas czytania\" \/>\n\t<meta name=\"twitter:data2\" content=\"3 minuty\" \/>\n<script type=\"application\/ld+json\" class=\"yoast-schema-graph\">{\"@context\":\"https:\\\/\\\/schema.org\",\"@graph\":[{\"@type\":\"Article\",\"@id\":\"https:\\\/\\\/legiobiznes.pl\\\/I\\\/facebook-i-google-czy-w-zgodzie-z-rodo-od-pazdziernika-jezdzimy-bez-dowodu-rejestracyjnego-ulgi-podatkowe-dla-przedsiebiorcow\\\/#article\",\"isPartOf\":{\"@id\":\"https:\\\/\\\/legiobiznes.pl\\\/I\\\/facebook-i-google-czy-w-zgodzie-z-rodo-od-pazdziernika-jezdzimy-bez-dowodu-rejestracyjnego-ulgi-podatkowe-dla-przedsiebiorcow\\\/\"},\"author\":{\"name\":\"Legiobiznes.pl\",\"@id\":\"https:\\\/\\\/legiobiznes.pl\\\/I\\\/#\\\/schema\\\/person\\\/33c4505a5d28a7c944baf038996052d4\"},\"headline\":\"Facebook i Google czy w zgodzie z RODO? Od pa\u017adziernika je\u017adzimy bez dowodu rejestracyjnego. Ulgi podatkowe dla przedsi\u0119biorc\u00f3w\",\"datePublished\":\"2018-07-03T20:56:25+00:00\",\"mainEntityOfPage\":{\"@id\":\"https:\\\/\\\/legiobiznes.pl\\\/I\\\/facebook-i-google-czy-w-zgodzie-z-rodo-od-pazdziernika-jezdzimy-bez-dowodu-rejestracyjnego-ulgi-podatkowe-dla-przedsiebiorcow\\\/\"},\"wordCount\":701,\"commentCount\":0,\"publisher\":{\"@id\":\"https:\\\/\\\/legiobiznes.pl\\\/I\\\/#organization\"},\"image\":{\"@id\":\"https:\\\/\\\/legiobiznes.pl\\\/I\\\/facebook-i-google-czy-w-zgodzie-z-rodo-od-pazdziernika-jezdzimy-bez-dowodu-rejestracyjnego-ulgi-podatkowe-dla-przedsiebiorcow\\\/#primaryimage\"},\"thumbnailUrl\":\"https:\\\/\\\/legiobiznes.pl\\\/I\\\/wp-content\\\/uploads\\\/2018\\\/07\\\/Facebook-i-Google-czy-w-zgodzie-z-RODO-Od-pa\u017adziernika-je\u017adzimy-bez-dowodu-rejestracyjnego.-Ulgi-podatkowe-dla-przedsi\u0119biorc\u00f3w.png\",\"keywords\":[\"bez dowodu rejestracyjnego\",\"Cambridge Analytica\",\"Facebook Google RODO\",\"handel w niedziel\u0119\",\"parlament europejski\",\"prawa autorskie\",\"ulgi podatkowe\"],\"articleSection\":[\"Prawo\"],\"inLanguage\":\"pl-PL\",\"potentialAction\":[{\"@type\":\"CommentAction\",\"name\":\"Comment\",\"target\":[\"https:\\\/\\\/legiobiznes.pl\\\/I\\\/facebook-i-google-czy-w-zgodzie-z-rodo-od-pazdziernika-jezdzimy-bez-dowodu-rejestracyjnego-ulgi-podatkowe-dla-przedsiebiorcow\\\/#respond\"]}]},{\"@type\":\"WebPage\",\"@id\":\"https:\\\/\\\/legiobiznes.pl\\\/I\\\/facebook-i-google-czy-w-zgodzie-z-rodo-od-pazdziernika-jezdzimy-bez-dowodu-rejestracyjnego-ulgi-podatkowe-dla-przedsiebiorcow\\\/\",\"url\":\"https:\\\/\\\/legiobiznes.pl\\\/I\\\/facebook-i-google-czy-w-zgodzie-z-rodo-od-pazdziernika-jezdzimy-bez-dowodu-rejestracyjnego-ulgi-podatkowe-dla-przedsiebiorcow\\\/\",\"name\":\"Facebook i Google czy w zgodzie z RODO? Od pa\u017adziernika je\u017adzimy bez dowodu rejestracyjnego. Ulgi podatkowe dla przedsi\u0119biorc\u00f3w &#187; Legiobiznes.pl\",\"isPartOf\":{\"@id\":\"https:\\\/\\\/legiobiznes.pl\\\/I\\\/#website\"},\"primaryImageOfPage\":{\"@id\":\"https:\\\/\\\/legiobiznes.pl\\\/I\\\/facebook-i-google-czy-w-zgodzie-z-rodo-od-pazdziernika-jezdzimy-bez-dowodu-rejestracyjnego-ulgi-podatkowe-dla-przedsiebiorcow\\\/#primaryimage\"},\"image\":{\"@id\":\"https:\\\/\\\/legiobiznes.pl\\\/I\\\/facebook-i-google-czy-w-zgodzie-z-rodo-od-pazdziernika-jezdzimy-bez-dowodu-rejestracyjnego-ulgi-podatkowe-dla-przedsiebiorcow\\\/#primaryimage\"},\"thumbnailUrl\":\"https:\\\/\\\/legiobiznes.pl\\\/I\\\/wp-content\\\/uploads\\\/2018\\\/07\\\/Facebook-i-Google-czy-w-zgodzie-z-RODO-Od-pa\u017adziernika-je\u017adzimy-bez-dowodu-rejestracyjnego.-Ulgi-podatkowe-dla-przedsi\u0119biorc\u00f3w.png\",\"datePublished\":\"2018-07-03T20:56:25+00:00\",\"description\":\"Facebook i Google czy w zgodzie z RODO? Od pa\u017adziernika je\u017adzimy bez dowodu rejestracyjnego. Ulgi podatkowe dla przedsi\u0119biorc\u00f3w\",\"breadcrumb\":{\"@id\":\"https:\\\/\\\/legiobiznes.pl\\\/I\\\/facebook-i-google-czy-w-zgodzie-z-rodo-od-pazdziernika-jezdzimy-bez-dowodu-rejestracyjnego-ulgi-podatkowe-dla-przedsiebiorcow\\\/#breadcrumb\"},\"inLanguage\":\"pl-PL\",\"potentialAction\":[{\"@type\":\"ReadAction\",\"target\":[\"https:\\\/\\\/legiobiznes.pl\\\/I\\\/facebook-i-google-czy-w-zgodzie-z-rodo-od-pazdziernika-jezdzimy-bez-dowodu-rejestracyjnego-ulgi-podatkowe-dla-przedsiebiorcow\\\/\"]}]},{\"@type\":\"ImageObject\",\"inLanguage\":\"pl-PL\",\"@id\":\"https:\\\/\\\/legiobiznes.pl\\\/I\\\/facebook-i-google-czy-w-zgodzie-z-rodo-od-pazdziernika-jezdzimy-bez-dowodu-rejestracyjnego-ulgi-podatkowe-dla-przedsiebiorcow\\\/#primaryimage\",\"url\":\"https:\\\/\\\/legiobiznes.pl\\\/I\\\/wp-content\\\/uploads\\\/2018\\\/07\\\/Facebook-i-Google-czy-w-zgodzie-z-RODO-Od-pa\u017adziernika-je\u017adzimy-bez-dowodu-rejestracyjnego.-Ulgi-podatkowe-dla-przedsi\u0119biorc\u00f3w.png\",\"contentUrl\":\"https:\\\/\\\/legiobiznes.pl\\\/I\\\/wp-content\\\/uploads\\\/2018\\\/07\\\/Facebook-i-Google-czy-w-zgodzie-z-RODO-Od-pa\u017adziernika-je\u017adzimy-bez-dowodu-rejestracyjnego.-Ulgi-podatkowe-dla-przedsi\u0119biorc\u00f3w.png\",\"width\":\"960\",\"height\":\"540\",\"caption\":\"Facebook i Google czy w zgodzie z RODO Od pa\u017adziernika je\u017adzimy bez dowodu rejestracyjnego. Ulgi podatkowe dla przedsi\u0119biorc\u00f3w\"},{\"@type\":\"BreadcrumbList\",\"@id\":\"https:\\\/\\\/legiobiznes.pl\\\/I\\\/facebook-i-google-czy-w-zgodzie-z-rodo-od-pazdziernika-jezdzimy-bez-dowodu-rejestracyjnego-ulgi-podatkowe-dla-przedsiebiorcow\\\/#breadcrumb\",\"itemListElement\":[{\"@type\":\"ListItem\",\"position\":1,\"name\":\"Strona g\u0142\u00f3wna\",\"item\":\"https:\\\/\\\/legiobiznes.pl\\\/I\\\/\"},{\"@type\":\"ListItem\",\"position\":2,\"name\":\"Facebook i Google czy w zgodzie z RODO? Od pa\u017adziernika je\u017adzimy bez dowodu rejestracyjnego. Ulgi podatkowe dla przedsi\u0119biorc\u00f3w\"}]},{\"@type\":\"WebSite\",\"@id\":\"https:\\\/\\\/legiobiznes.pl\\\/I\\\/#website\",\"url\":\"https:\\\/\\\/legiobiznes.pl\\\/I\\\/\",\"name\":\"Legiobiznes.pl\",\"description\":\"Kryptowaluty, Bezpiecze\u0144stwo IT, E-biznes | LegioBiznes.PL\",\"publisher\":{\"@id\":\"https:\\\/\\\/legiobiznes.pl\\\/I\\\/#organization\"},\"potentialAction\":[{\"@type\":\"SearchAction\",\"target\":{\"@type\":\"EntryPoint\",\"urlTemplate\":\"https:\\\/\\\/legiobiznes.pl\\\/I\\\/?s={search_term_string}\"},\"query-input\":{\"@type\":\"PropertyValueSpecification\",\"valueRequired\":true,\"valueName\":\"search_term_string\"}}],\"inLanguage\":\"pl-PL\"},{\"@type\":\"Organization\",\"@id\":\"https:\\\/\\\/legiobiznes.pl\\\/I\\\/#organization\",\"name\":\"LegioBiznes.PL\",\"url\":\"https:\\\/\\\/legiobiznes.pl\\\/I\\\/\",\"logo\":{\"@type\":\"ImageObject\",\"inLanguage\":\"pl-PL\",\"@id\":\"https:\\\/\\\/legiobiznes.pl\\\/I\\\/#\\\/schema\\\/logo\\\/image\\\/\",\"url\":\"https:\\\/\\\/legiobiznes.pl\\\/I\\\/wp-content\\\/uploads\\\/2017\\\/08\\\/legiobiznespl-logo2-e1503834302371.png\",\"contentUrl\":\"https:\\\/\\\/legiobiznes.pl\\\/I\\\/wp-content\\\/uploads\\\/2017\\\/08\\\/legiobiznespl-logo2-e1503834302371.png\",\"width\":180,\"height\":76,\"caption\":\"LegioBiznes.PL\"},\"image\":{\"@id\":\"https:\\\/\\\/legiobiznes.pl\\\/I\\\/#\\\/schema\\\/logo\\\/image\\\/\"},\"sameAs\":[\"https:\\\/\\\/www.facebook.com\\\/LegioBiznes\\\/\",\"https:\\\/\\\/x.com\\\/LegioBiznesPL\",\"https:\\\/\\\/www.youtube.com\\\/channel\\\/UCEhszB39vxk96yIXD-jOORw\"]},{\"@type\":\"Person\",\"@id\":\"https:\\\/\\\/legiobiznes.pl\\\/I\\\/#\\\/schema\\\/person\\\/33c4505a5d28a7c944baf038996052d4\",\"name\":\"Legiobiznes.pl\",\"image\":{\"@type\":\"ImageObject\",\"inLanguage\":\"pl-PL\",\"@id\":\"https:\\\/\\\/legiobiznes.pl\\\/I\\\/wp-content\\\/uploads\\\/2019\\\/07\\\/favicon-Legiobiznes-150x150.png\",\"url\":\"https:\\\/\\\/legiobiznes.pl\\\/I\\\/wp-content\\\/uploads\\\/2019\\\/07\\\/favicon-Legiobiznes-150x150.png\",\"contentUrl\":\"https:\\\/\\\/legiobiznes.pl\\\/I\\\/wp-content\\\/uploads\\\/2019\\\/07\\\/favicon-Legiobiznes-150x150.png\",\"caption\":\"Legiobiznes.pl\"},\"description\":\"Budowa i tworzenie profesjonalnych, responsywnych (RWD) stron www. Pozycjonowanie SEO, sklepy internetowe eSklep...\",\"url\":\"https:\\\/\\\/legiobiznes.pl\\\/I\\\/author\\\/boss\\\/\"}]}<\/script>\n<!-- \/ Yoast SEO plugin. -->","yoast_head_json":{"title":"Facebook i Google czy w zgodzie z RODO? Od pa\u017adziernika je\u017adzimy bez dowodu rejestracyjnego. Ulgi podatkowe dla przedsi\u0119biorc\u00f3w &#187; Legiobiznes.pl","description":"Facebook i Google czy w zgodzie z RODO? Od pa\u017adziernika je\u017adzimy bez dowodu rejestracyjnego. Ulgi podatkowe dla przedsi\u0119biorc\u00f3w","robots":{"index":"index","follow":"follow","max-snippet":"max-snippet:-1","max-image-preview":"max-image-preview:large","max-video-preview":"max-video-preview:-1"},"canonical":"https:\/\/legiobiznes.pl\/I\/facebook-i-google-czy-w-zgodzie-z-rodo-od-pazdziernika-jezdzimy-bez-dowodu-rejestracyjnego-ulgi-podatkowe-dla-przedsiebiorcow\/","og_locale":"pl_PL","og_type":"article","og_title":"Facebook i Google czy w zgodzie z RODO? Od pa\u017adziernika je\u017adzimy bez dowodu rejestracyjnego. Ulgi podatkowe dla przedsi\u0119biorc\u00f3w &#187; Legiobiznes.pl","og_description":"Facebook i Google czy w zgodzie z RODO? Od pa\u017adziernika je\u017adzimy bez dowodu rejestracyjnego. Ulgi podatkowe dla przedsi\u0119biorc\u00f3w","og_url":"https:\/\/legiobiznes.pl\/I\/facebook-i-google-czy-w-zgodzie-z-rodo-od-pazdziernika-jezdzimy-bez-dowodu-rejestracyjnego-ulgi-podatkowe-dla-przedsiebiorcow\/","og_site_name":"Legiobiznes.pl","article_publisher":"https:\/\/www.facebook.com\/LegioBiznes\/","article_published_time":"2018-07-03T20:56:25+00:00","og_image":[{"width":960,"height":540,"url":"https:\/\/legiobiznes.pl\/I\/wp-content\/uploads\/2018\/07\/Facebook-i-Google-czy-w-zgodzie-z-RODO-Od-pa\u017adziernika-je\u017adzimy-bez-dowodu-rejestracyjnego.-Ulgi-podatkowe-dla-przedsi\u0119biorc\u00f3w.png","type":"image\/png"}],"author":"Legiobiznes.pl","twitter_card":"summary_large_image","twitter_creator":"@LegioBiznesPL","twitter_site":"@LegioBiznesPL","twitter_misc":{"Napisane przez":"Legiobiznes.pl","Szacowany czas czytania":"3 minuty"},"schema":{"@context":"https:\/\/schema.org","@graph":[{"@type":"Article","@id":"https:\/\/legiobiznes.pl\/I\/facebook-i-google-czy-w-zgodzie-z-rodo-od-pazdziernika-jezdzimy-bez-dowodu-rejestracyjnego-ulgi-podatkowe-dla-przedsiebiorcow\/#article","isPartOf":{"@id":"https:\/\/legiobiznes.pl\/I\/facebook-i-google-czy-w-zgodzie-z-rodo-od-pazdziernika-jezdzimy-bez-dowodu-rejestracyjnego-ulgi-podatkowe-dla-przedsiebiorcow\/"},"author":{"name":"Legiobiznes.pl","@id":"https:\/\/legiobiznes.pl\/I\/#\/schema\/person\/33c4505a5d28a7c944baf038996052d4"},"headline":"Facebook i Google czy w zgodzie z RODO? Od pa\u017adziernika je\u017adzimy bez dowodu rejestracyjnego. Ulgi podatkowe dla przedsi\u0119biorc\u00f3w","datePublished":"2018-07-03T20:56:25+00:00","mainEntityOfPage":{"@id":"https:\/\/legiobiznes.pl\/I\/facebook-i-google-czy-w-zgodzie-z-rodo-od-pazdziernika-jezdzimy-bez-dowodu-rejestracyjnego-ulgi-podatkowe-dla-przedsiebiorcow\/"},"wordCount":701,"commentCount":0,"publisher":{"@id":"https:\/\/legiobiznes.pl\/I\/#organization"},"image":{"@id":"https:\/\/legiobiznes.pl\/I\/facebook-i-google-czy-w-zgodzie-z-rodo-od-pazdziernika-jezdzimy-bez-dowodu-rejestracyjnego-ulgi-podatkowe-dla-przedsiebiorcow\/#primaryimage"},"thumbnailUrl":"https:\/\/legiobiznes.pl\/I\/wp-content\/uploads\/2018\/07\/Facebook-i-Google-czy-w-zgodzie-z-RODO-Od-pa\u017adziernika-je\u017adzimy-bez-dowodu-rejestracyjnego.-Ulgi-podatkowe-dla-przedsi\u0119biorc\u00f3w.png","keywords":["bez dowodu rejestracyjnego","Cambridge Analytica","Facebook Google RODO","handel w niedziel\u0119","parlament europejski","prawa autorskie","ulgi podatkowe"],"articleSection":["Prawo"],"inLanguage":"pl-PL","potentialAction":[{"@type":"CommentAction","name":"Comment","target":["https:\/\/legiobiznes.pl\/I\/facebook-i-google-czy-w-zgodzie-z-rodo-od-pazdziernika-jezdzimy-bez-dowodu-rejestracyjnego-ulgi-podatkowe-dla-przedsiebiorcow\/#respond"]}]},{"@type":"WebPage","@id":"https:\/\/legiobiznes.pl\/I\/facebook-i-google-czy-w-zgodzie-z-rodo-od-pazdziernika-jezdzimy-bez-dowodu-rejestracyjnego-ulgi-podatkowe-dla-przedsiebiorcow\/","url":"https:\/\/legiobiznes.pl\/I\/facebook-i-google-czy-w-zgodzie-z-rodo-od-pazdziernika-jezdzimy-bez-dowodu-rejestracyjnego-ulgi-podatkowe-dla-przedsiebiorcow\/","name":"Facebook i Google czy w zgodzie z RODO? Od pa\u017adziernika je\u017adzimy bez dowodu rejestracyjnego. Ulgi podatkowe dla przedsi\u0119biorc\u00f3w &#187; Legiobiznes.pl","isPartOf":{"@id":"https:\/\/legiobiznes.pl\/I\/#website"},"primaryImageOfPage":{"@id":"https:\/\/legiobiznes.pl\/I\/facebook-i-google-czy-w-zgodzie-z-rodo-od-pazdziernika-jezdzimy-bez-dowodu-rejestracyjnego-ulgi-podatkowe-dla-przedsiebiorcow\/#primaryimage"},"image":{"@id":"https:\/\/legiobiznes.pl\/I\/facebook-i-google-czy-w-zgodzie-z-rodo-od-pazdziernika-jezdzimy-bez-dowodu-rejestracyjnego-ulgi-podatkowe-dla-przedsiebiorcow\/#primaryimage"},"thumbnailUrl":"https:\/\/legiobiznes.pl\/I\/wp-content\/uploads\/2018\/07\/Facebook-i-Google-czy-w-zgodzie-z-RODO-Od-pa\u017adziernika-je\u017adzimy-bez-dowodu-rejestracyjnego.-Ulgi-podatkowe-dla-przedsi\u0119biorc\u00f3w.png","datePublished":"2018-07-03T20:56:25+00:00","description":"Facebook i Google czy w zgodzie z RODO? Od pa\u017adziernika je\u017adzimy bez dowodu rejestracyjnego. Ulgi podatkowe dla przedsi\u0119biorc\u00f3w","breadcrumb":{"@id":"https:\/\/legiobiznes.pl\/I\/facebook-i-google-czy-w-zgodzie-z-rodo-od-pazdziernika-jezdzimy-bez-dowodu-rejestracyjnego-ulgi-podatkowe-dla-przedsiebiorcow\/#breadcrumb"},"inLanguage":"pl-PL","potentialAction":[{"@type":"ReadAction","target":["https:\/\/legiobiznes.pl\/I\/facebook-i-google-czy-w-zgodzie-z-rodo-od-pazdziernika-jezdzimy-bez-dowodu-rejestracyjnego-ulgi-podatkowe-dla-przedsiebiorcow\/"]}]},{"@type":"ImageObject","inLanguage":"pl-PL","@id":"https:\/\/legiobiznes.pl\/I\/facebook-i-google-czy-w-zgodzie-z-rodo-od-pazdziernika-jezdzimy-bez-dowodu-rejestracyjnego-ulgi-podatkowe-dla-przedsiebiorcow\/#primaryimage","url":"https:\/\/legiobiznes.pl\/I\/wp-content\/uploads\/2018\/07\/Facebook-i-Google-czy-w-zgodzie-z-RODO-Od-pa\u017adziernika-je\u017adzimy-bez-dowodu-rejestracyjnego.-Ulgi-podatkowe-dla-przedsi\u0119biorc\u00f3w.png","contentUrl":"https:\/\/legiobiznes.pl\/I\/wp-content\/uploads\/2018\/07\/Facebook-i-Google-czy-w-zgodzie-z-RODO-Od-pa\u017adziernika-je\u017adzimy-bez-dowodu-rejestracyjnego.-Ulgi-podatkowe-dla-przedsi\u0119biorc\u00f3w.png","width":"960","height":"540","caption":"Facebook i Google czy w zgodzie z RODO Od pa\u017adziernika je\u017adzimy bez dowodu rejestracyjnego. Ulgi podatkowe dla przedsi\u0119biorc\u00f3w"},{"@type":"BreadcrumbList","@id":"https:\/\/legiobiznes.pl\/I\/facebook-i-google-czy-w-zgodzie-z-rodo-od-pazdziernika-jezdzimy-bez-dowodu-rejestracyjnego-ulgi-podatkowe-dla-przedsiebiorcow\/#breadcrumb","itemListElement":[{"@type":"ListItem","position":1,"name":"Strona g\u0142\u00f3wna","item":"https:\/\/legiobiznes.pl\/I\/"},{"@type":"ListItem","position":2,"name":"Facebook i Google czy w zgodzie z RODO? Od pa\u017adziernika je\u017adzimy bez dowodu rejestracyjnego. Ulgi podatkowe dla przedsi\u0119biorc\u00f3w"}]},{"@type":"WebSite","@id":"https:\/\/legiobiznes.pl\/I\/#website","url":"https:\/\/legiobiznes.pl\/I\/","name":"Legiobiznes.pl","description":"Kryptowaluty, Bezpiecze\u0144stwo IT, E-biznes | LegioBiznes.PL","publisher":{"@id":"https:\/\/legiobiznes.pl\/I\/#organization"},"potentialAction":[{"@type":"SearchAction","target":{"@type":"EntryPoint","urlTemplate":"https:\/\/legiobiznes.pl\/I\/?s={search_term_string}"},"query-input":{"@type":"PropertyValueSpecification","valueRequired":true,"valueName":"search_term_string"}}],"inLanguage":"pl-PL"},{"@type":"Organization","@id":"https:\/\/legiobiznes.pl\/I\/#organization","name":"LegioBiznes.PL","url":"https:\/\/legiobiznes.pl\/I\/","logo":{"@type":"ImageObject","inLanguage":"pl-PL","@id":"https:\/\/legiobiznes.pl\/I\/#\/schema\/logo\/image\/","url":"https:\/\/legiobiznes.pl\/I\/wp-content\/uploads\/2017\/08\/legiobiznespl-logo2-e1503834302371.png","contentUrl":"https:\/\/legiobiznes.pl\/I\/wp-content\/uploads\/2017\/08\/legiobiznespl-logo2-e1503834302371.png","width":180,"height":76,"caption":"LegioBiznes.PL"},"image":{"@id":"https:\/\/legiobiznes.pl\/I\/#\/schema\/logo\/image\/"},"sameAs":["https:\/\/www.facebook.com\/LegioBiznes\/","https:\/\/x.com\/LegioBiznesPL","https:\/\/www.youtube.com\/channel\/UCEhszB39vxk96yIXD-jOORw"]},{"@type":"Person","@id":"https:\/\/legiobiznes.pl\/I\/#\/schema\/person\/33c4505a5d28a7c944baf038996052d4","name":"Legiobiznes.pl","image":{"@type":"ImageObject","inLanguage":"pl-PL","@id":"https:\/\/legiobiznes.pl\/I\/wp-content\/uploads\/2019\/07\/favicon-Legiobiznes-150x150.png","url":"https:\/\/legiobiznes.pl\/I\/wp-content\/uploads\/2019\/07\/favicon-Legiobiznes-150x150.png","contentUrl":"https:\/\/legiobiznes.pl\/I\/wp-content\/uploads\/2019\/07\/favicon-Legiobiznes-150x150.png","caption":"Legiobiznes.pl"},"description":"Budowa i tworzenie profesjonalnych, responsywnych (RWD) stron www. Pozycjonowanie SEO, sklepy internetowe eSklep...","url":"https:\/\/legiobiznes.pl\/I\/author\/boss\/"}]}},"_links":{"self":[{"href":"https:\/\/legiobiznes.pl\/I\/wp-json\/wp\/v2\/posts\/707946","targetHints":{"allow":["GET"]}}],"collection":[{"href":"https:\/\/legiobiznes.pl\/I\/wp-json\/wp\/v2\/posts"}],"about":[{"href":"https:\/\/legiobiznes.pl\/I\/wp-json\/wp\/v2\/types\/post"}],"author":[{"embeddable":true,"href":"https:\/\/legiobiznes.pl\/I\/wp-json\/wp\/v2\/users\/1"}],"replies":[{"embeddable":true,"href":"https:\/\/legiobiznes.pl\/I\/wp-json\/wp\/v2\/comments?post=707946"}],"version-history":[{"count":0,"href":"https:\/\/legiobiznes.pl\/I\/wp-json\/wp\/v2\/posts\/707946\/revisions"}],"wp:featuredmedia":[{"embeddable":true,"href":"https:\/\/legiobiznes.pl\/I\/wp-json\/wp\/v2\/media\/707947"}],"wp:attachment":[{"href":"https:\/\/legiobiznes.pl\/I\/wp-json\/wp\/v2\/media?parent=707946"}],"wp:term":[{"taxonomy":"category","embeddable":true,"href":"https:\/\/legiobiznes.pl\/I\/wp-json\/wp\/v2\/categories?post=707946"},{"taxonomy":"post_tag","embeddable":true,"href":"https:\/\/legiobiznes.pl\/I\/wp-json\/wp\/v2\/tags?post=707946"}],"curies":[{"name":"wp","href":"https:\/\/api.w.org\/{rel}","templated":true}]}}