{"id":745255,"date":"2018-07-31T15:09:13","date_gmt":"2018-07-31T13:09:13","guid":{"rendered":"https:\/\/legiobiznes.pl\/I\/?p=745255"},"modified":"2020-10-23T13:18:44","modified_gmt":"2020-10-23T11:18:44","slug":"nie-bedzie-centralnego-rejestru-domen-zakazanych-rzad-wycofuje-sie-z-blokowania-ubera-getback-i-baza-pesel-e-mail-marketing-a-rodo","status":"publish","type":"post","link":"https:\/\/legiobiznes.pl\/I\/nie-bedzie-centralnego-rejestru-domen-zakazanych-rzad-wycofuje-sie-z-blokowania-ubera-getback-i-baza-pesel-e-mail-marketing-a-rodo\/","title":{"rendered":"Nie b\u0119dzie centralnego rejestru domen zakazanych!? Rz\u0105d wycofuje si\u0119 z blokowania Ubera! GetBack i baza PESEL. E-mail marketing, a RODO"},"content":{"rendered":"<h2><strong>Rz\u0105d wycofuje si\u0119 z centralnego rejestru domen zakazanych<\/strong><\/h2>\n<h3>Ministerstwo Cyfryzacji opublikowa\u0142o komunikat o\u00a0<a href=\"https:\/\/www.gov.pl\/cyfryzacja\/nie-bedzie-centralnego-rejestru-domen-zakazanych\" target=\"_blank\" rel=\"noopener noreferrer\">wycofaniu si\u0119 z pomys\u0142u stworzenia centralnego rejestru domen zakazanych<\/a>.<\/h3>\n<blockquote><p>Rejestr taki nie powstanie. Propozycja jego utworzenia by\u0142a odpowiedzi\u0105 na postulaty przedsi\u0119biorc\u00f3w telekomunikacyjnych. W zwi\u0105zku z tym, i\u017c pojawi\u0142y si\u0119 propozycje, by pr\u00f3cz nielegalnych stron hazardowych blokowa\u0107 r\u00f3wnie\u017c strony handluj\u0105ce \u015brodkami niedozwolonymi takimi jak np. dopalacze ministerstwo zaproponowa\u0142o techniczne rozwi\u0105zanie na wypadek, gdyby propozycje te zosta\u0142y przyj\u0119te&#8230;<\/p><\/blockquote>\n<a href=\"https:\/\/niebezpiecznik.pl\/post\/rzad-wycofuje-sie-z-centralnego-rejestru-domen-zakazanych\/?utm_source=feedburner&amp;utm_medium=feed&amp;utm_campaign=Feed%3A+niebezpiecznik+%28Niebezpiecznik.pl+-+wszystko%29\" target=\"_blank\" class=\"shortc-button medium red \">Wi\u0119cej dowiesz si\u0119 u \u017ar\u00f3d\u0142a &gt;<\/a>\n<h2><strong>Polski rz\u0105d zaprzecza &#8211; centralnego rejestru domen zakazanych nie b\u0119dzie<\/strong><\/h2>\n<h3>Resort cyfryzacji poinformowa\u0142, \u017ce nie ma w planach utworzenia centralnego rejestru domen zakazanych, a ponadto \u201eintencj\u0105 ministerstwa nigdy nie by\u0142o jakiekolwiek ograniczanie wolno\u015bci Internetu\u201d.<\/h3>\n<p>W ostatnich dniach mo\u017cna by\u0142o natkn\u0105\u0107 si\u0119 na wiadomo\u015bci, \u017ce polski rz\u0105d chce ocenzurowa\u0107\u00a0Internet, tworz\u0105c centralny rejestr domen zakazanych. Ten jednak stanowczo zaprzecza, jakoby mia\u0142 takie plany. Na stronie Ministerstwa Cyfryzacji pojawi\u0142 si\u0119 wpis, w kt\u00f3rym napisano wprost:\u00a0<em>\u201erejestr taki nie powstanie\u201d<\/em>&#8230;<\/p>\n<a href=\"http:\/\/www.benchmark.pl\/aktualnosci\/rzad-zaprzecza-centralnego-rejestru-domen-zakazanych-nie-bedzie.html\" target=\"_blank\" class=\"shortc-button medium red \">Wi\u0119cej dowiesz si\u0119 u \u017ar\u00f3d\u0142a &gt;<\/a>\n<h2 class=\"title\"><strong>Rz\u0105d wycofuje si\u0119 z pomys\u0142u blokowania Ubera<\/strong><\/h2>\n<h3>Ministerstwo Cyfryzacji poinformowa\u0142o, \u017ce wycofuje propozycj\u0119 utworzenia centralnego rejestru domen zakazanych.\u00a0Wcze\u015bniej minister cyfryzacji, Marek Zag\u00f3rski, zg\u0142osi\u0142 taki pomys\u0142 podczas swojego wyst\u0105pienia z m\u00f3wnicy sejmowej.\u00a0T\u0142umaczy\u0142 potrzeb\u0119 jego powstania pracami jakie tocz\u0105 si\u0119 nad kolejnymi rejestrami stron, m.in. takich, kt\u00f3re umo\u017cliwiaj\u0105 kupowanie \u015brodk\u00f3w odurzaj\u0105cych i \u015bwiadczenie us\u0142ug transportowych bez zezwolenia.<\/h3>\n<p>Wed\u0142ug ministerstwa, potrzeb\u0119 utworzenia centralnego katalogu stron zakazanych zg\u0142aszali operatorzy telekomunikacyjni, dla kt\u00f3rych takie rozwi\u0105zanie by\u0142oby bardziej wygodne ni\u017c kilka oddzielnych rejestr\u00f3w prowadzonych przez poszczeg\u00f3lne ministerstwa. Ministerstwo Cyfryzacji zaprzecza te\u017c, jakoby za t\u0105 propozycj\u0105 kry\u0142a si\u0119 pr\u00f3ba cenzury internetu&#8230;<\/p>\n<a href=\"https:\/\/www.chip.pl\/dzieje-si%C4%99\/rzad-wycofuje-sie-z-pomyslu-blokowania-ubera\/\" target=\"_blank\" class=\"shortc-button medium red \">Wi\u0119cej dowiesz si\u0119 u \u017ar\u00f3d\u0142a &gt;<\/a>\n<p><center><!-- Pula: Marketing2 \/\/--><br \/>\n<script type=\"text\/javascript\">\n    document.write(unescape('%3Cscript type=\"text\/javascript\" src=\"' + document.location.protocol + \n    '\/\/ec.bankier.pl\/show2\/MzIxMjEsMjUzMjIsNDE4NzY\/' + Math.random() + '\/'+ '\"%3E%3C\/script%3E'));\n<\/script><\/center><\/p>\n<h2 class=\"title\"><strong>GetBack mia\u0142o wgl\u0105d w baz\u0119 PESEL<\/strong><\/h2>\n<h3>Jak donosi dziennik \u201eRzeczpospolita\u201d w czerwcu 2015 r. minister spraw wewn\u0119trznych Teresa Piotrowska wyda\u0142a zgod\u0119 prywatnej sp\u00f3\u0142ce GetBack zajmuj\u0105cej si\u0119 odzyskiwaniem wierzytelno\u015bci na dost\u0119p do bazy adresowej z rejestru PESEL. Wed\u0142ug \u201eRzeczpospolitej\u201d wniosek z\u0142o\u017cy\u0142a w 2015 r. Kancelaria Prawna GetBack (nale\u017c\u0105ca do GetBack SA, czyli firmy, kt\u00f3rej dzia\u0142alno\u015b\u0107 wzbudza podobne emocje jak sprawa Amber Gold). W uzasadnieniu wniosku kancelaria podnios\u0142a argument, \u017ce zajmuje si\u0119 m.in. \u201eobs\u0142ug\u0105 funduszu sekurytyzacyjnego, kt\u00f3remu przys\u0142uguj\u0105 wierzytelno\u015bci wobec os\u00f3b, kt\u00f3rych dane maj\u0105 by\u0107 weryfikowane\u201d.<\/h3>\n<p>\u201eRzeczpospolita\u201d uzyska\u0142a potwierdzenie od Ministerstwa Cyfryzacji, \u017ce zgoda na dost\u0119p do bazy PESEL zosta\u0142a przyznana kancelarii GetBack 25 czerwca 2015 r. Jednocze\u015bnie dziennik przytacza s\u0142owa Micha\u0142a Pu\u0142ka&#8230;<\/p>\n<a href=\"https:\/\/www.chip.pl\/2018\/07\/getback-mialo-wglad-w-baze-pesel\/\" target=\"_blank\" class=\"shortc-button medium red \">Wi\u0119cej dowiesz si\u0119 u \u017ar\u00f3d\u0142a &gt;<\/a>\n<h2 class=\"newsTitle\"><strong>E-mail marketing vs RODO. Jak poprawi\u0107 skuteczno\u015b\u0107 dzia\u0142a\u0144 pozostaj\u0105c w zgodzie z Rozporz\u0105dzeniem?<\/strong><\/h2>\n<h3>Opanowanie nowych zasad budowy w\u0142asnej bazy danych e-mail, poznanie obostrze\u0144 prawnych, procedury zbierania danych i zg\u0142\u0119bienie tajnik\u00f3w formularza internetowego pozwalaj\u0105cego na dzia\u0142ania zgodne z liter\u0105 prawa &#8211; to podstawowe dzia\u0142ania pozwalaj\u0105ce na rzeczowe zapoznanie si\u0119 z podstawowym zasobem wiedzy zwi\u0105zanej z ochron\u0105 danych w pracy marketera. A stworzenie skutecznej, udanej kampanii e-mail marketingowej wcale nie jest dzi\u015b trudniejsze w zwi\u0105zku ze zmianami.<\/h3>\n<p>Wed\u0142ug opublikowanego przez INIS przewodnika \u201eKampanie e-mailingowe w czasach RODO\u201d, nowe przepisy w z\u0307aden spos\u00f3b nie zabraniaj\u0105 prowadzenia takich kampanii, nie zmieniaj\u0105 ani nie utrudniaj\u0105 tego procesu&#8230;<\/p>\n<a href=\"https:\/\/interaktywnie.com\/biznes\/artykuly\/e-mail-marketing\/e-mail-marketing-vs-rodo-jak-poprawic-skutecznosc-dzialan-pozostajac-w-zgodzie-z-rozporzadzeniem-257689?utm_source=feedburner&amp;utm_medium=feed&amp;utm_campaign=Feed%3A+Interaktywnie+%28Interaktywnie.com%29\" target=\"_blank\" class=\"shortc-button medium red \">Wi\u0119cej dowiesz si\u0119 u \u017ar\u00f3d\u0142a &gt;<\/a>\n<p><center><!-- Pula: Marketing \/\/--><br \/>\n<script type=\"text\/javascript\">\n    document.write(unescape('%3Cscript type=\"text\/javascript\" src=\"' + document.location.protocol + \n    '\/\/ec.bankier.pl\/show2\/MzIxMjAsMjUzMjIsNDE4NzY\/' + Math.random() + '\/'+ '\"%3E%3C\/script%3E'));\n<\/script><\/center><\/p>\n<h2><strong>Ministerstwo Cyfryzacji zach\u0119ca rodzic\u00f3w do rejestracji narodzin dzieci przez internet<\/strong><\/h2>\n<h3>Ministerstwo Cyfryzacji na pocz\u0105tku czerwca uruchomi\u0142o now\u0105 us\u0142ug\u0119, kt\u00f3ra pozwala na rejestracj\u0119 nowo narodzonych dzieci przez internet. W poniedzia\u0142ek odby\u0142a si\u0119 konferencja, na kt\u00f3rej przekazano, \u017ce b\u0119d\u0105 prowadzone dzia\u0142ania w kierunku jej spopularyzowania. Maj\u0105 w tym pom\u00f3c ginekolodzy i pracownicy szpitali.<\/h3>\n<p>W poniedzia\u0142ek odby\u0142a si\u0119 konferencja, w kt\u00f3rej wzi\u0119li udzia\u0142 ministrowie cyfryzacji i zdrowia. W trakcie wydarzenia m\u00f3wiono o\u00a0<strong>nowej us\u0142udze umo\u017cliwiaj\u0105cej rejestrowanie nowonarodzonych dzieci przez internet<\/strong>. Platforma zosta\u0142a uruchomiona dok\u0142adnie pierwszego czerwca tego roku. Do tej pory z\u0142o\u017cono w ten spos\u00f3b prawie 6 tysi\u0119cy wniosk\u00f3w&#8230;<\/p>\n<a href=\"http:\/\/www.komputerswiat.pl\/nowosci\/wydarzenia\/2018\/31\/ministerstwo-cyfryzacji-zacheca-rodzicow-do-rejestracji-narodzin-dzieci-przez-internet.aspx\" target=\"_blank\" class=\"shortc-button medium red \">Wi\u0119cej dowiesz si\u0119 u \u017ar\u00f3d\u0142a &gt;<\/a>\n<h2 class=\"entry-title\"><strong>Podatek za reklam\u0119 \u2013 kto musi zap\u0142aci\u0107 VAT za Facebook?<\/strong><\/h2>\n<h3>Reklamuj\u0105c swoje us\u0142ugi lub ofert\u0119 na Facebooku nale\u017cy pami\u0119ta\u0107, \u017ce takie dzia\u0142anie podlega pod konieczno\u015b\u0107 rozliczania si\u0119 z Urz\u0119dem Skarbowym. W uproszczeniu nale\u017cy ui\u015bci\u0107\u00a0podatek za reklam\u0119 na Facebooku,\u00a0a wi\u0119c zap\u0142aci\u0107 VAT oraz podatek dochodowy. Czy ka\u017cdy musi to robi\u0107 i jakie s\u0105 zasady takiej formy reklamy i op\u0142at?<span id=\"more-1548\"><\/span><\/h3>\n<h4><strong>Reklama prywatna, a firmowa \u2013 r\u00f3\u017cnice<\/strong><\/h4>\n<p>Jeszcze na etapie zak\u0142adania konta Mened\u017cera Reklam nale\u017cy okre\u015bli\u0107 czy jeste\u015bmy osob\u0105 prywatn\u0105 czy te\u017c firm\u0105, a dok\u0142adniej czy reklama ma mie\u0107 form\u0119 prywatn\u0105 czy tez biznesow\u0105. Tak naprawd\u0119 to jest w\u0142a\u015bnie czynnik decyduj\u0105cy o przysz\u0142ych op\u0142atach&#8230;<\/p>\n<a href=\"https:\/\/blog.seosklep24.pl\/podatek-za-reklame-kto-musi-zaplacic-vat-za-facebook\/\" target=\"_blank\" class=\"shortc-button medium red \">Wi\u0119cej dowiesz si\u0119 u \u017ar\u00f3d\u0142a &gt;<\/a>\n","protected":false},"excerpt":{"rendered":"<p>Rz\u0105d wycofuje si\u0119 z centralnego rejestru domen zakazanych Ministerstwo Cyfryzacji opublikowa\u0142o komunikat o\u00a0wycofaniu si\u0119 z pomys\u0142u stworzenia centralnego rejestru domen zakazanych. Rejestr taki nie powstanie. Propozycja jego utworzenia by\u0142a odpowiedzi\u0105 na postulaty przedsi\u0119biorc\u00f3w telekomunikacyjnych. W zwi\u0105zku z tym, i\u017c pojawi\u0142y si\u0119 propozycje, by pr\u00f3cz nielegalnych stron hazardowych blokowa\u0107 r\u00f3wnie\u017c strony handluj\u0105ce \u015brodkami niedozwolonymi takimi jak &hellip;<\/p>\n","protected":false},"author":1,"featured_media":745256,"comment_status":"open","ping_status":"closed","sticky":false,"template":"","format":"standard","meta":{"footnotes":""},"categories":[1294],"tags":[2116,4613,2315,4611,4614,3314,4214,4612],"class_list":["post-745255","post","type-post","status-publish","format-standard","has-post-thumbnail","","category-prawo","tag-dziecko","tag-getback-pesel","tag-podatek","tag-rejestr-domen-zakazanych","tag-rejestracja-narodzin-dziecka","tag-reklama-facebook","tag-rodo-marketing","tag-uber-blokowanie"],"yoast_head":"<!-- This site is optimized with the Yoast SEO plugin v27.5 - https:\/\/yoast.com\/product\/yoast-seo-wordpress\/ -->\n<title>Nie b\u0119dzie centralnego rejestru domen zakazanych!? Rz\u0105d wycofuje si\u0119 z blokowania Ubera! GetBack i baza PESEL. E-mail marketing, a RODO &#187; Legiobiznes.pl<\/title>\n<meta name=\"description\" content=\"Nie b\u0119dzie centralnego rejestru domen zakazanych!? Rz\u0105d wycofuje si\u0119 z blokowania Ubera! GetBack i baza PESEL. E-mail marketing, a RODO\" \/>\n<meta name=\"robots\" content=\"index, follow, max-snippet:-1, max-image-preview:large, max-video-preview:-1\" \/>\n<link rel=\"canonical\" href=\"https:\/\/legiobiznes.pl\/I\/nie-bedzie-centralnego-rejestru-domen-zakazanych-rzad-wycofuje-sie-z-blokowania-ubera-getback-i-baza-pesel-e-mail-marketing-a-rodo\/\" \/>\n<meta property=\"og:locale\" content=\"pl_PL\" \/>\n<meta property=\"og:type\" content=\"article\" \/>\n<meta property=\"og:title\" content=\"Nie b\u0119dzie centralnego rejestru domen zakazanych!? Rz\u0105d wycofuje si\u0119 z blokowania Ubera! GetBack i baza PESEL. E-mail marketing, a RODO &#187; Legiobiznes.pl\" \/>\n<meta property=\"og:description\" content=\"Nie b\u0119dzie centralnego rejestru domen zakazanych!? Rz\u0105d wycofuje si\u0119 z blokowania Ubera! GetBack i baza PESEL. E-mail marketing, a RODO\" \/>\n<meta property=\"og:url\" content=\"https:\/\/legiobiznes.pl\/I\/nie-bedzie-centralnego-rejestru-domen-zakazanych-rzad-wycofuje-sie-z-blokowania-ubera-getback-i-baza-pesel-e-mail-marketing-a-rodo\/\" \/>\n<meta property=\"og:site_name\" content=\"Legiobiznes.pl\" \/>\n<meta property=\"article:publisher\" content=\"https:\/\/www.facebook.com\/LegioBiznes\/\" \/>\n<meta property=\"article:published_time\" content=\"2018-07-31T13:09:13+00:00\" \/>\n<meta property=\"article:modified_time\" content=\"2020-10-23T11:18:44+00:00\" \/>\n<meta property=\"og:image\" content=\"https:\/\/legiobiznes.pl\/I\/wp-content\/uploads\/2018\/07\/Nie-b\u0119dzie-centralnego-rejestru-domen-zakazanych-Rz\u0105d-wycofuje-si\u0119-z-blokowania-Ubera-GetBack-i-baza-PESEL.-E-mail-marketing-a-RODO.jpg\" \/>\n\t<meta property=\"og:image:width\" content=\"960\" \/>\n\t<meta property=\"og:image:height\" content=\"620\" \/>\n\t<meta property=\"og:image:type\" content=\"image\/jpeg\" \/>\n<meta name=\"author\" content=\"Legiobiznes.pl\" \/>\n<meta name=\"twitter:card\" content=\"summary_large_image\" \/>\n<meta name=\"twitter:creator\" content=\"@LegioBiznesPL\" \/>\n<meta name=\"twitter:site\" content=\"@LegioBiznesPL\" \/>\n<meta name=\"twitter:label1\" content=\"Napisane przez\" \/>\n\t<meta name=\"twitter:data1\" content=\"Legiobiznes.pl\" \/>\n\t<meta name=\"twitter:label2\" content=\"Szacowany czas czytania\" \/>\n\t<meta name=\"twitter:data2\" content=\"5 minut\" \/>\n<script type=\"application\/ld+json\" class=\"yoast-schema-graph\">{\"@context\":\"https:\\\/\\\/schema.org\",\"@graph\":[{\"@type\":\"Article\",\"@id\":\"https:\\\/\\\/legiobiznes.pl\\\/I\\\/nie-bedzie-centralnego-rejestru-domen-zakazanych-rzad-wycofuje-sie-z-blokowania-ubera-getback-i-baza-pesel-e-mail-marketing-a-rodo\\\/#article\",\"isPartOf\":{\"@id\":\"https:\\\/\\\/legiobiznes.pl\\\/I\\\/nie-bedzie-centralnego-rejestru-domen-zakazanych-rzad-wycofuje-sie-z-blokowania-ubera-getback-i-baza-pesel-e-mail-marketing-a-rodo\\\/\"},\"author\":{\"name\":\"Legiobiznes.pl\",\"@id\":\"https:\\\/\\\/legiobiznes.pl\\\/I\\\/#\\\/schema\\\/person\\\/33c4505a5d28a7c944baf038996052d4\"},\"headline\":\"Nie b\u0119dzie centralnego rejestru domen zakazanych!? Rz\u0105d wycofuje si\u0119 z blokowania Ubera! GetBack i baza PESEL. E-mail marketing, a RODO\",\"datePublished\":\"2018-07-31T13:09:13+00:00\",\"dateModified\":\"2020-10-23T11:18:44+00:00\",\"mainEntityOfPage\":{\"@id\":\"https:\\\/\\\/legiobiznes.pl\\\/I\\\/nie-bedzie-centralnego-rejestru-domen-zakazanych-rzad-wycofuje-sie-z-blokowania-ubera-getback-i-baza-pesel-e-mail-marketing-a-rodo\\\/\"},\"wordCount\":1024,\"commentCount\":0,\"publisher\":{\"@id\":\"https:\\\/\\\/legiobiznes.pl\\\/I\\\/#organization\"},\"image\":{\"@id\":\"https:\\\/\\\/legiobiznes.pl\\\/I\\\/nie-bedzie-centralnego-rejestru-domen-zakazanych-rzad-wycofuje-sie-z-blokowania-ubera-getback-i-baza-pesel-e-mail-marketing-a-rodo\\\/#primaryimage\"},\"thumbnailUrl\":\"https:\\\/\\\/legiobiznes.pl\\\/I\\\/wp-content\\\/uploads\\\/2018\\\/07\\\/Nie-b\u0119dzie-centralnego-rejestru-domen-zakazanych-Rz\u0105d-wycofuje-si\u0119-z-blokowania-Ubera-GetBack-i-baza-PESEL.-E-mail-marketing-a-RODO.jpg\",\"keywords\":[\"dziecko\",\"GetBack PESEL\",\"podatek\",\"rejestr domen zakazanych\",\"rejestracja narodzin dziecka\",\"reklama Facebook\",\"RODO marketing\",\"Uber blokowanie\"],\"articleSection\":[\"Prawo\"],\"inLanguage\":\"pl-PL\",\"potentialAction\":[{\"@type\":\"CommentAction\",\"name\":\"Comment\",\"target\":[\"https:\\\/\\\/legiobiznes.pl\\\/I\\\/nie-bedzie-centralnego-rejestru-domen-zakazanych-rzad-wycofuje-sie-z-blokowania-ubera-getback-i-baza-pesel-e-mail-marketing-a-rodo\\\/#respond\"]}]},{\"@type\":\"WebPage\",\"@id\":\"https:\\\/\\\/legiobiznes.pl\\\/I\\\/nie-bedzie-centralnego-rejestru-domen-zakazanych-rzad-wycofuje-sie-z-blokowania-ubera-getback-i-baza-pesel-e-mail-marketing-a-rodo\\\/\",\"url\":\"https:\\\/\\\/legiobiznes.pl\\\/I\\\/nie-bedzie-centralnego-rejestru-domen-zakazanych-rzad-wycofuje-sie-z-blokowania-ubera-getback-i-baza-pesel-e-mail-marketing-a-rodo\\\/\",\"name\":\"Nie b\u0119dzie centralnego rejestru domen zakazanych!? Rz\u0105d wycofuje si\u0119 z blokowania Ubera! GetBack i baza PESEL. E-mail marketing, a RODO &#187; Legiobiznes.pl\",\"isPartOf\":{\"@id\":\"https:\\\/\\\/legiobiznes.pl\\\/I\\\/#website\"},\"primaryImageOfPage\":{\"@id\":\"https:\\\/\\\/legiobiznes.pl\\\/I\\\/nie-bedzie-centralnego-rejestru-domen-zakazanych-rzad-wycofuje-sie-z-blokowania-ubera-getback-i-baza-pesel-e-mail-marketing-a-rodo\\\/#primaryimage\"},\"image\":{\"@id\":\"https:\\\/\\\/legiobiznes.pl\\\/I\\\/nie-bedzie-centralnego-rejestru-domen-zakazanych-rzad-wycofuje-sie-z-blokowania-ubera-getback-i-baza-pesel-e-mail-marketing-a-rodo\\\/#primaryimage\"},\"thumbnailUrl\":\"https:\\\/\\\/legiobiznes.pl\\\/I\\\/wp-content\\\/uploads\\\/2018\\\/07\\\/Nie-b\u0119dzie-centralnego-rejestru-domen-zakazanych-Rz\u0105d-wycofuje-si\u0119-z-blokowania-Ubera-GetBack-i-baza-PESEL.-E-mail-marketing-a-RODO.jpg\",\"datePublished\":\"2018-07-31T13:09:13+00:00\",\"dateModified\":\"2020-10-23T11:18:44+00:00\",\"description\":\"Nie b\u0119dzie centralnego rejestru domen zakazanych!? Rz\u0105d wycofuje si\u0119 z blokowania Ubera! GetBack i baza PESEL. E-mail marketing, a RODO\",\"breadcrumb\":{\"@id\":\"https:\\\/\\\/legiobiznes.pl\\\/I\\\/nie-bedzie-centralnego-rejestru-domen-zakazanych-rzad-wycofuje-sie-z-blokowania-ubera-getback-i-baza-pesel-e-mail-marketing-a-rodo\\\/#breadcrumb\"},\"inLanguage\":\"pl-PL\",\"potentialAction\":[{\"@type\":\"ReadAction\",\"target\":[\"https:\\\/\\\/legiobiznes.pl\\\/I\\\/nie-bedzie-centralnego-rejestru-domen-zakazanych-rzad-wycofuje-sie-z-blokowania-ubera-getback-i-baza-pesel-e-mail-marketing-a-rodo\\\/\"]}]},{\"@type\":\"ImageObject\",\"inLanguage\":\"pl-PL\",\"@id\":\"https:\\\/\\\/legiobiznes.pl\\\/I\\\/nie-bedzie-centralnego-rejestru-domen-zakazanych-rzad-wycofuje-sie-z-blokowania-ubera-getback-i-baza-pesel-e-mail-marketing-a-rodo\\\/#primaryimage\",\"url\":\"https:\\\/\\\/legiobiznes.pl\\\/I\\\/wp-content\\\/uploads\\\/2018\\\/07\\\/Nie-b\u0119dzie-centralnego-rejestru-domen-zakazanych-Rz\u0105d-wycofuje-si\u0119-z-blokowania-Ubera-GetBack-i-baza-PESEL.-E-mail-marketing-a-RODO.jpg\",\"contentUrl\":\"https:\\\/\\\/legiobiznes.pl\\\/I\\\/wp-content\\\/uploads\\\/2018\\\/07\\\/Nie-b\u0119dzie-centralnego-rejestru-domen-zakazanych-Rz\u0105d-wycofuje-si\u0119-z-blokowania-Ubera-GetBack-i-baza-PESEL.-E-mail-marketing-a-RODO.jpg\",\"width\":960,\"height\":620,\"caption\":\"Nie b\u0119dzie centralnego rejestru domen zakazanych! Rz\u0105d wycofuje si\u0119 z blokowania Ubera! GetBack i baza PESEL. E-mail marketing, a RODO\"},{\"@type\":\"BreadcrumbList\",\"@id\":\"https:\\\/\\\/legiobiznes.pl\\\/I\\\/nie-bedzie-centralnego-rejestru-domen-zakazanych-rzad-wycofuje-sie-z-blokowania-ubera-getback-i-baza-pesel-e-mail-marketing-a-rodo\\\/#breadcrumb\",\"itemListElement\":[{\"@type\":\"ListItem\",\"position\":1,\"name\":\"Strona g\u0142\u00f3wna\",\"item\":\"https:\\\/\\\/legiobiznes.pl\\\/I\\\/\"},{\"@type\":\"ListItem\",\"position\":2,\"name\":\"Nie b\u0119dzie centralnego rejestru domen zakazanych!? Rz\u0105d wycofuje si\u0119 z blokowania Ubera! GetBack i baza PESEL. E-mail marketing, a RODO\"}]},{\"@type\":\"WebSite\",\"@id\":\"https:\\\/\\\/legiobiznes.pl\\\/I\\\/#website\",\"url\":\"https:\\\/\\\/legiobiznes.pl\\\/I\\\/\",\"name\":\"Legiobiznes.pl\",\"description\":\"Kryptowaluty, Bezpiecze\u0144stwo IT, E-biznes | LegioBiznes.PL\",\"publisher\":{\"@id\":\"https:\\\/\\\/legiobiznes.pl\\\/I\\\/#organization\"},\"potentialAction\":[{\"@type\":\"SearchAction\",\"target\":{\"@type\":\"EntryPoint\",\"urlTemplate\":\"https:\\\/\\\/legiobiznes.pl\\\/I\\\/?s={search_term_string}\"},\"query-input\":{\"@type\":\"PropertyValueSpecification\",\"valueRequired\":true,\"valueName\":\"search_term_string\"}}],\"inLanguage\":\"pl-PL\"},{\"@type\":\"Organization\",\"@id\":\"https:\\\/\\\/legiobiznes.pl\\\/I\\\/#organization\",\"name\":\"LegioBiznes.PL\",\"url\":\"https:\\\/\\\/legiobiznes.pl\\\/I\\\/\",\"logo\":{\"@type\":\"ImageObject\",\"inLanguage\":\"pl-PL\",\"@id\":\"https:\\\/\\\/legiobiznes.pl\\\/I\\\/#\\\/schema\\\/logo\\\/image\\\/\",\"url\":\"https:\\\/\\\/legiobiznes.pl\\\/I\\\/wp-content\\\/uploads\\\/2017\\\/08\\\/legiobiznespl-logo2-e1503834302371.png\",\"contentUrl\":\"https:\\\/\\\/legiobiznes.pl\\\/I\\\/wp-content\\\/uploads\\\/2017\\\/08\\\/legiobiznespl-logo2-e1503834302371.png\",\"width\":180,\"height\":76,\"caption\":\"LegioBiznes.PL\"},\"image\":{\"@id\":\"https:\\\/\\\/legiobiznes.pl\\\/I\\\/#\\\/schema\\\/logo\\\/image\\\/\"},\"sameAs\":[\"https:\\\/\\\/www.facebook.com\\\/LegioBiznes\\\/\",\"https:\\\/\\\/x.com\\\/LegioBiznesPL\",\"https:\\\/\\\/www.youtube.com\\\/channel\\\/UCEhszB39vxk96yIXD-jOORw\"]},{\"@type\":\"Person\",\"@id\":\"https:\\\/\\\/legiobiznes.pl\\\/I\\\/#\\\/schema\\\/person\\\/33c4505a5d28a7c944baf038996052d4\",\"name\":\"Legiobiznes.pl\",\"image\":{\"@type\":\"ImageObject\",\"inLanguage\":\"pl-PL\",\"@id\":\"https:\\\/\\\/legiobiznes.pl\\\/I\\\/wp-content\\\/uploads\\\/2019\\\/07\\\/favicon-Legiobiznes-150x150.png\",\"url\":\"https:\\\/\\\/legiobiznes.pl\\\/I\\\/wp-content\\\/uploads\\\/2019\\\/07\\\/favicon-Legiobiznes-150x150.png\",\"contentUrl\":\"https:\\\/\\\/legiobiznes.pl\\\/I\\\/wp-content\\\/uploads\\\/2019\\\/07\\\/favicon-Legiobiznes-150x150.png\",\"caption\":\"Legiobiznes.pl\"},\"description\":\"Budowa i tworzenie profesjonalnych, responsywnych (RWD) stron www. Pozycjonowanie SEO, sklepy internetowe eSklep...\",\"url\":\"https:\\\/\\\/legiobiznes.pl\\\/I\\\/author\\\/boss\\\/\"}]}<\/script>\n<!-- \/ Yoast SEO plugin. -->","yoast_head_json":{"title":"Nie b\u0119dzie centralnego rejestru domen zakazanych!? Rz\u0105d wycofuje si\u0119 z blokowania Ubera! GetBack i baza PESEL. E-mail marketing, a RODO &#187; Legiobiznes.pl","description":"Nie b\u0119dzie centralnego rejestru domen zakazanych!? Rz\u0105d wycofuje si\u0119 z blokowania Ubera! GetBack i baza PESEL. E-mail marketing, a RODO","robots":{"index":"index","follow":"follow","max-snippet":"max-snippet:-1","max-image-preview":"max-image-preview:large","max-video-preview":"max-video-preview:-1"},"canonical":"https:\/\/legiobiznes.pl\/I\/nie-bedzie-centralnego-rejestru-domen-zakazanych-rzad-wycofuje-sie-z-blokowania-ubera-getback-i-baza-pesel-e-mail-marketing-a-rodo\/","og_locale":"pl_PL","og_type":"article","og_title":"Nie b\u0119dzie centralnego rejestru domen zakazanych!? Rz\u0105d wycofuje si\u0119 z blokowania Ubera! GetBack i baza PESEL. E-mail marketing, a RODO &#187; Legiobiznes.pl","og_description":"Nie b\u0119dzie centralnego rejestru domen zakazanych!? Rz\u0105d wycofuje si\u0119 z blokowania Ubera! GetBack i baza PESEL. E-mail marketing, a RODO","og_url":"https:\/\/legiobiznes.pl\/I\/nie-bedzie-centralnego-rejestru-domen-zakazanych-rzad-wycofuje-sie-z-blokowania-ubera-getback-i-baza-pesel-e-mail-marketing-a-rodo\/","og_site_name":"Legiobiznes.pl","article_publisher":"https:\/\/www.facebook.com\/LegioBiznes\/","article_published_time":"2018-07-31T13:09:13+00:00","article_modified_time":"2020-10-23T11:18:44+00:00","og_image":[{"width":960,"height":620,"url":"https:\/\/legiobiznes.pl\/I\/wp-content\/uploads\/2018\/07\/Nie-b\u0119dzie-centralnego-rejestru-domen-zakazanych-Rz\u0105d-wycofuje-si\u0119-z-blokowania-Ubera-GetBack-i-baza-PESEL.-E-mail-marketing-a-RODO.jpg","type":"image\/jpeg"}],"author":"Legiobiznes.pl","twitter_card":"summary_large_image","twitter_creator":"@LegioBiznesPL","twitter_site":"@LegioBiznesPL","twitter_misc":{"Napisane przez":"Legiobiznes.pl","Szacowany czas czytania":"5 minut"},"schema":{"@context":"https:\/\/schema.org","@graph":[{"@type":"Article","@id":"https:\/\/legiobiznes.pl\/I\/nie-bedzie-centralnego-rejestru-domen-zakazanych-rzad-wycofuje-sie-z-blokowania-ubera-getback-i-baza-pesel-e-mail-marketing-a-rodo\/#article","isPartOf":{"@id":"https:\/\/legiobiznes.pl\/I\/nie-bedzie-centralnego-rejestru-domen-zakazanych-rzad-wycofuje-sie-z-blokowania-ubera-getback-i-baza-pesel-e-mail-marketing-a-rodo\/"},"author":{"name":"Legiobiznes.pl","@id":"https:\/\/legiobiznes.pl\/I\/#\/schema\/person\/33c4505a5d28a7c944baf038996052d4"},"headline":"Nie b\u0119dzie centralnego rejestru domen zakazanych!? Rz\u0105d wycofuje si\u0119 z blokowania Ubera! GetBack i baza PESEL. E-mail marketing, a RODO","datePublished":"2018-07-31T13:09:13+00:00","dateModified":"2020-10-23T11:18:44+00:00","mainEntityOfPage":{"@id":"https:\/\/legiobiznes.pl\/I\/nie-bedzie-centralnego-rejestru-domen-zakazanych-rzad-wycofuje-sie-z-blokowania-ubera-getback-i-baza-pesel-e-mail-marketing-a-rodo\/"},"wordCount":1024,"commentCount":0,"publisher":{"@id":"https:\/\/legiobiznes.pl\/I\/#organization"},"image":{"@id":"https:\/\/legiobiznes.pl\/I\/nie-bedzie-centralnego-rejestru-domen-zakazanych-rzad-wycofuje-sie-z-blokowania-ubera-getback-i-baza-pesel-e-mail-marketing-a-rodo\/#primaryimage"},"thumbnailUrl":"https:\/\/legiobiznes.pl\/I\/wp-content\/uploads\/2018\/07\/Nie-b\u0119dzie-centralnego-rejestru-domen-zakazanych-Rz\u0105d-wycofuje-si\u0119-z-blokowania-Ubera-GetBack-i-baza-PESEL.-E-mail-marketing-a-RODO.jpg","keywords":["dziecko","GetBack PESEL","podatek","rejestr domen zakazanych","rejestracja narodzin dziecka","reklama Facebook","RODO marketing","Uber blokowanie"],"articleSection":["Prawo"],"inLanguage":"pl-PL","potentialAction":[{"@type":"CommentAction","name":"Comment","target":["https:\/\/legiobiznes.pl\/I\/nie-bedzie-centralnego-rejestru-domen-zakazanych-rzad-wycofuje-sie-z-blokowania-ubera-getback-i-baza-pesel-e-mail-marketing-a-rodo\/#respond"]}]},{"@type":"WebPage","@id":"https:\/\/legiobiznes.pl\/I\/nie-bedzie-centralnego-rejestru-domen-zakazanych-rzad-wycofuje-sie-z-blokowania-ubera-getback-i-baza-pesel-e-mail-marketing-a-rodo\/","url":"https:\/\/legiobiznes.pl\/I\/nie-bedzie-centralnego-rejestru-domen-zakazanych-rzad-wycofuje-sie-z-blokowania-ubera-getback-i-baza-pesel-e-mail-marketing-a-rodo\/","name":"Nie b\u0119dzie centralnego rejestru domen zakazanych!? Rz\u0105d wycofuje si\u0119 z blokowania Ubera! GetBack i baza PESEL. E-mail marketing, a RODO &#187; Legiobiznes.pl","isPartOf":{"@id":"https:\/\/legiobiznes.pl\/I\/#website"},"primaryImageOfPage":{"@id":"https:\/\/legiobiznes.pl\/I\/nie-bedzie-centralnego-rejestru-domen-zakazanych-rzad-wycofuje-sie-z-blokowania-ubera-getback-i-baza-pesel-e-mail-marketing-a-rodo\/#primaryimage"},"image":{"@id":"https:\/\/legiobiznes.pl\/I\/nie-bedzie-centralnego-rejestru-domen-zakazanych-rzad-wycofuje-sie-z-blokowania-ubera-getback-i-baza-pesel-e-mail-marketing-a-rodo\/#primaryimage"},"thumbnailUrl":"https:\/\/legiobiznes.pl\/I\/wp-content\/uploads\/2018\/07\/Nie-b\u0119dzie-centralnego-rejestru-domen-zakazanych-Rz\u0105d-wycofuje-si\u0119-z-blokowania-Ubera-GetBack-i-baza-PESEL.-E-mail-marketing-a-RODO.jpg","datePublished":"2018-07-31T13:09:13+00:00","dateModified":"2020-10-23T11:18:44+00:00","description":"Nie b\u0119dzie centralnego rejestru domen zakazanych!? Rz\u0105d wycofuje si\u0119 z blokowania Ubera! GetBack i baza PESEL. E-mail marketing, a RODO","breadcrumb":{"@id":"https:\/\/legiobiznes.pl\/I\/nie-bedzie-centralnego-rejestru-domen-zakazanych-rzad-wycofuje-sie-z-blokowania-ubera-getback-i-baza-pesel-e-mail-marketing-a-rodo\/#breadcrumb"},"inLanguage":"pl-PL","potentialAction":[{"@type":"ReadAction","target":["https:\/\/legiobiznes.pl\/I\/nie-bedzie-centralnego-rejestru-domen-zakazanych-rzad-wycofuje-sie-z-blokowania-ubera-getback-i-baza-pesel-e-mail-marketing-a-rodo\/"]}]},{"@type":"ImageObject","inLanguage":"pl-PL","@id":"https:\/\/legiobiznes.pl\/I\/nie-bedzie-centralnego-rejestru-domen-zakazanych-rzad-wycofuje-sie-z-blokowania-ubera-getback-i-baza-pesel-e-mail-marketing-a-rodo\/#primaryimage","url":"https:\/\/legiobiznes.pl\/I\/wp-content\/uploads\/2018\/07\/Nie-b\u0119dzie-centralnego-rejestru-domen-zakazanych-Rz\u0105d-wycofuje-si\u0119-z-blokowania-Ubera-GetBack-i-baza-PESEL.-E-mail-marketing-a-RODO.jpg","contentUrl":"https:\/\/legiobiznes.pl\/I\/wp-content\/uploads\/2018\/07\/Nie-b\u0119dzie-centralnego-rejestru-domen-zakazanych-Rz\u0105d-wycofuje-si\u0119-z-blokowania-Ubera-GetBack-i-baza-PESEL.-E-mail-marketing-a-RODO.jpg","width":960,"height":620,"caption":"Nie b\u0119dzie centralnego rejestru domen zakazanych! Rz\u0105d wycofuje si\u0119 z blokowania Ubera! GetBack i baza PESEL. E-mail marketing, a RODO"},{"@type":"BreadcrumbList","@id":"https:\/\/legiobiznes.pl\/I\/nie-bedzie-centralnego-rejestru-domen-zakazanych-rzad-wycofuje-sie-z-blokowania-ubera-getback-i-baza-pesel-e-mail-marketing-a-rodo\/#breadcrumb","itemListElement":[{"@type":"ListItem","position":1,"name":"Strona g\u0142\u00f3wna","item":"https:\/\/legiobiznes.pl\/I\/"},{"@type":"ListItem","position":2,"name":"Nie b\u0119dzie centralnego rejestru domen zakazanych!? Rz\u0105d wycofuje si\u0119 z blokowania Ubera! GetBack i baza PESEL. E-mail marketing, a RODO"}]},{"@type":"WebSite","@id":"https:\/\/legiobiznes.pl\/I\/#website","url":"https:\/\/legiobiznes.pl\/I\/","name":"Legiobiznes.pl","description":"Kryptowaluty, Bezpiecze\u0144stwo IT, E-biznes | LegioBiznes.PL","publisher":{"@id":"https:\/\/legiobiznes.pl\/I\/#organization"},"potentialAction":[{"@type":"SearchAction","target":{"@type":"EntryPoint","urlTemplate":"https:\/\/legiobiznes.pl\/I\/?s={search_term_string}"},"query-input":{"@type":"PropertyValueSpecification","valueRequired":true,"valueName":"search_term_string"}}],"inLanguage":"pl-PL"},{"@type":"Organization","@id":"https:\/\/legiobiznes.pl\/I\/#organization","name":"LegioBiznes.PL","url":"https:\/\/legiobiznes.pl\/I\/","logo":{"@type":"ImageObject","inLanguage":"pl-PL","@id":"https:\/\/legiobiznes.pl\/I\/#\/schema\/logo\/image\/","url":"https:\/\/legiobiznes.pl\/I\/wp-content\/uploads\/2017\/08\/legiobiznespl-logo2-e1503834302371.png","contentUrl":"https:\/\/legiobiznes.pl\/I\/wp-content\/uploads\/2017\/08\/legiobiznespl-logo2-e1503834302371.png","width":180,"height":76,"caption":"LegioBiznes.PL"},"image":{"@id":"https:\/\/legiobiznes.pl\/I\/#\/schema\/logo\/image\/"},"sameAs":["https:\/\/www.facebook.com\/LegioBiznes\/","https:\/\/x.com\/LegioBiznesPL","https:\/\/www.youtube.com\/channel\/UCEhszB39vxk96yIXD-jOORw"]},{"@type":"Person","@id":"https:\/\/legiobiznes.pl\/I\/#\/schema\/person\/33c4505a5d28a7c944baf038996052d4","name":"Legiobiznes.pl","image":{"@type":"ImageObject","inLanguage":"pl-PL","@id":"https:\/\/legiobiznes.pl\/I\/wp-content\/uploads\/2019\/07\/favicon-Legiobiznes-150x150.png","url":"https:\/\/legiobiznes.pl\/I\/wp-content\/uploads\/2019\/07\/favicon-Legiobiznes-150x150.png","contentUrl":"https:\/\/legiobiznes.pl\/I\/wp-content\/uploads\/2019\/07\/favicon-Legiobiznes-150x150.png","caption":"Legiobiznes.pl"},"description":"Budowa i tworzenie profesjonalnych, responsywnych (RWD) stron www. Pozycjonowanie SEO, sklepy internetowe eSklep...","url":"https:\/\/legiobiznes.pl\/I\/author\/boss\/"}]}},"_links":{"self":[{"href":"https:\/\/legiobiznes.pl\/I\/wp-json\/wp\/v2\/posts\/745255","targetHints":{"allow":["GET"]}}],"collection":[{"href":"https:\/\/legiobiznes.pl\/I\/wp-json\/wp\/v2\/posts"}],"about":[{"href":"https:\/\/legiobiznes.pl\/I\/wp-json\/wp\/v2\/types\/post"}],"author":[{"embeddable":true,"href":"https:\/\/legiobiznes.pl\/I\/wp-json\/wp\/v2\/users\/1"}],"replies":[{"embeddable":true,"href":"https:\/\/legiobiznes.pl\/I\/wp-json\/wp\/v2\/comments?post=745255"}],"version-history":[{"count":0,"href":"https:\/\/legiobiznes.pl\/I\/wp-json\/wp\/v2\/posts\/745255\/revisions"}],"wp:featuredmedia":[{"embeddable":true,"href":"https:\/\/legiobiznes.pl\/I\/wp-json\/wp\/v2\/media\/745256"}],"wp:attachment":[{"href":"https:\/\/legiobiznes.pl\/I\/wp-json\/wp\/v2\/media?parent=745255"}],"wp:term":[{"taxonomy":"category","embeddable":true,"href":"https:\/\/legiobiznes.pl\/I\/wp-json\/wp\/v2\/categories?post=745255"},{"taxonomy":"post_tag","embeddable":true,"href":"https:\/\/legiobiznes.pl\/I\/wp-json\/wp\/v2\/tags?post=745255"}],"curies":[{"name":"wp","href":"https:\/\/api.w.org\/{rel}","templated":true}]}}