{"id":850404,"date":"2018-10-16T13:32:26","date_gmt":"2018-10-16T11:32:26","guid":{"rendered":"https:\/\/legiobiznes.pl\/I\/?p=850404"},"modified":"2018-10-16T13:32:26","modified_gmt":"2018-10-16T11:32:26","slug":"mniejsze-skladki-zus-dla-malych-przedsiebiorcow-ochrona-danych-osobowych-w-miejscu-pracy-czy-rodo-moze-namieszac-w-wyborach","status":"publish","type":"post","link":"https:\/\/legiobiznes.pl\/I\/mniejsze-skladki-zus-dla-malych-przedsiebiorcow-ochrona-danych-osobowych-w-miejscu-pracy-czy-rodo-moze-namieszac-w-wyborach\/","title":{"rendered":"Mniejsze sk\u0142adki ZUS dla ma\u0142ych przedsi\u0119biorc\u00f3w. Ochrona danych osobowych w miejscu pracy. Czy RODO mo\u017ce namiesza\u0107 w wyborach?"},"content":{"rendered":"<h2><strong>Mniejsze sk\u0142adki ZUS dla drobnych przedsi\u0119biorc\u00f3w<\/strong><\/h2>\n<h4>Od 2019 roku niekt\u00f3rzy przedsi\u0119biorcy b\u0119d\u0105 mogli op\u0142aca\u0107 sk\u0142adki ZUS w zale\u017cno\u015bci od uzyskiwanego przychodu. Takie rozwi\u0105zanie b\u0119dzie dost\u0119pne tylko dla os\u00f3b op\u0142acaj\u0105cych tzw. \u201edu\u017cy ZUS\u201d. Opr\u00f3cz os\u00f3b b\u0119d\u0105cych na \u201ema\u0142ym ZUS\u201d ustawodawca wskaza\u0142 tak\u017ce innych przedsi\u0119biorc\u00f3w, kt\u00f3rych nie obejmie to rozwi\u0105zanie.<\/h4>\n<p class=\" questo-paywall\">B\u0119d\u0105 to np. osoby, kt\u00f3re w poprzednim roku kalendarzowym:<\/p>\n<ul class=\" questo-paywall\">\n<li>wykonywa\u0142y dzia\u0142alno\u015b\u0107 jako tw\u00f3rca<\/li>\n<li>prowadzi\u0142y dzia\u0142alno\u015b\u0107 przez mniej ni\u017c 60 dni kalendarzowych,<\/li>\n<li>by\u0142y wsp\u00f3lnikami jednoosobowej sp\u00f3\u0142ki z ograniczon\u0105 odpowiedzialno\u015bci\u0105 lub wsp\u00f3lnikami sp\u00f3\u0142ki jawnej, komandytowej lub partnerskiej,<\/li>\n<li>wykonywa\u0142y dzia\u0142alno\u015b\u0107 o tym samym profilu, co na umowie o prac\u0119 na rzecz by\u0142ego pracodawcy&#8230;<\/li>\n<\/ul>\n<a href=\"https:\/\/mambiznes.pl\/wlasny-biznes\/mniejsze-skladki-zus-dla-drobnych-przedsiebiorcow-87595\" target=\"_blank\" class=\"shortc-button medium red \">Wi\u0119cej dowiesz si\u0119 u \u017ar\u00f3d\u0142a &gt;<\/a>\n<h2><strong>\u201eMa\u0142y ZUS to dopiero pocz\u0105tek \u2013 potrzeba powi\u0105zania sk\u0142adki z dochodem\u201d<\/strong><\/h2>\n<h4>Wprowadzenie ustawy o ZUS-ie dla ma\u0142ej dzia\u0142alno\u015bci gospodarczej, kt\u00f3ra wejdzie w \u017cycie 1 stycznia 2019 roku, jest ogromnym sukcesem.Obejmie ponad 200 tys. prowadz\u0105cych g\u0142\u00f3wnie jednoosobowe firmy i obni\u017cy ich sk\u0142adk\u0119, dostosowuj\u0105c j\u0105 do ich mo\u017cliwo\u015bci finansowych.\u00a0To wa\u017cna zmiana r\u00f3wnie\u017c dlatego, \u017ce po raz pierwszy po 1989 roku zosta\u0142 obalony dogmat rycza\u0142towego ZUS-u \u2013 jako niewzruszalnej zasady przy prowadzeniu dzia\u0142alno\u015bci. To dopiero pierwszy krok, poniewa\u017c dalej mamy do czynienia z problemem powi\u0105zania sk\u0142adki z dochodem. Pracownik ma obowi\u0105zek by\u0107 ubezpieczonym, a przedsi\u0119biorca je\u015bli chce i mo\u017ce \u2013 p\u0142aci sk\u0142adk\u0119 i ma zagwarantowan\u0105 emerytur\u0119. W przeciwnym razie jej nie dostaje.\u00a0Trzeba zacz\u0105\u0107 dyskutowa\u0107, jaki system sprawdzi\u0142by si\u0119 w Polsce.<\/h4>\n<p>\u2013\u00a0Obecnie nawet je\u017celi kto\u015b nie zarobi wymaganego 1300 z\u0142otych, musi odprowadzi\u0107 sk\u0142adk\u0119. Mo\u017cna rozpocz\u0105\u0107 dyskusj\u0119 i zastosowa\u0107 warianty takie, jak s\u0105 np. w Anglii czy w Niemczech\u00a0\u2013 powiedzia\u0142 \u00a0serwisowi eNewsroom Adam Abramowicz, rzecznik Ma\u0142ych i \u015arednich Przedsi\u0119biorc\u00f3w \u2013\u00a0Na Wyspach sk\u0142adka jest dostosowana do mo\u017cliwo\u015bci p\u0142atniczych&#8230;<\/p>\n<a href=\"https:\/\/mambiznes.pl\/wlasny-biznes\/maly-zus-dopiero-poczatek-potrzeba-powiazania-skladki-dochodem-87668\" target=\"_blank\" class=\"shortc-button medium red \">Wi\u0119cej dowiesz si\u0119 u \u017ar\u00f3d\u0142a &gt;<\/a>\n<p><center><!-- Pula: Marketing2 \/\/--><br \/>\n<script type=\"text\/javascript\">\n    document.write(unescape('%3Cscript type=\"text\/javascript\" src=\"' + document.location.protocol + \n    '\/\/ec.bankier.pl\/show2\/MzIxMjEsMjUzMjIsNDE4NzY\/' + Math.random() + '\/'+ '\"%3E%3C\/script%3E'));\n<\/script><\/center><\/p>\n<h2 class=\"contentHeader\"><strong>Ochrona danych osobowych w miejscu pracy \u2013 poradnik dla pracodawc\u00f3w<\/strong><\/h2>\n<h4>Jak pracodawcy powinni przetwarza\u0107 dane osobowe kandydat\u00f3w do pracy i pracownik\u00f3w zgodnie z RODO, czyli og\u00f3lnym rozporz\u0105dzeniem o ochronie danych &#8211; Urz\u0105d Ochrony Danych Osobowych wyja\u015bnia w swojej nowej publikacji \u201eOchrona danych osobowych w miejscu pracy. Poradnik dla pracodawc\u00f3w\u201d.<\/h4>\n<p>Poradnik wskazuje, jak przetwarza\u0107 dane osobowe zar\u00f3wno podczas rekrutacji, jak i\u00a0w ci\u0105gu ca\u0142ego okresu zatrudnienia. Nie ogranicza si\u0119 jedynie do zatrudnienia na podstawie stosunku pracy. Traktuje r\u00f3wnie\u017c o\u00a0innych, coraz popularniejszych formach zatrudniania, jak np. umowy cywilnoprawne&#8230;<\/p>\n<a href=\"https:\/\/nowymarketing.pl\/a\/20012,ochrona-danych-osobowych-w-miejscu-pracy-poradnik-dla-pracodawcow?utm_source=feedburner&amp;utm_medium=feed&amp;utm_campaign=Feed%3A+nowymarketing%2Ffeed+%28NowyMarketing.pl%29\" target=\"_blank\" class=\"shortc-button medium red \">Wi\u0119cej dowiesz si\u0119 u \u017ar\u00f3d\u0142a &gt;<\/a>\n<h2><strong>Czy RODO mo\u017ce sparali\u017cowa\u0107 wybory?<\/strong><\/h2>\n<h4>Ju\u017c 21 pa\u017adziernika wybierzemy si\u0119 na wybory samorz\u0105dowe. Warto wiedzie\u0107, \u017ce zar\u00f3wno administracja, jak i komitety wyborcze zobowi\u0105zane s\u0105 do stosowania przepis\u00f3w og\u00f3lnego rozporz\u0105dzenia o ochronie danych (RODO). Co to oznacza w praktyce? Czy zbli\u017caj\u0105ce si\u0119 g\u0142osowanie b\u0119dzie inne ni\u017c te do tej pory?<\/h4>\n<p>21 pa\u017adziernika 2018 roku prawo do g\u0142osowania b\u0119dzie mia\u0142o ponad 30 mln os\u00f3b. Oznacza to przetwarzanie informacji na ogromn\u0105 skal\u0119. Nale\u017cy przy tym zaznaczy\u0107 \u017ce podczas wybor\u00f3w, jak i w okresie je poprzedzaj\u0105cym, dochodzi do przetwarzania danych osobowych zar\u00f3wno zwyk\u0142ych, jak i szczeg\u00f3lnych kategorii. Zgodnie z art. 18 Kodeksu wyborczego, aby m\u00f3c zag\u0142osowa\u0107 nale\u017cy poda\u0107 m.in nazwisko i imi\u0119 (imiona), imi\u0119 ojca, dat\u0119 urodzenia, numer ewidencyjny PESEL i adres zamieszkania&#8230;<\/p>\n<a href=\"http:\/\/di.com.pl\/czy-rodo-moze-sparalizowac-wybory-60793?utm_source=feedburner&amp;utm_medium=feed&amp;utm_campaign=Feed%3A+glowny-di+%280+-+DI+kanal+glowny+%28go%C5%82y%29%29\" target=\"_blank\" class=\"shortc-button medium red \">Wi\u0119cej dowiesz si\u0119 u \u017ar\u00f3d\u0142a &gt;<\/a>\n<h2><strong>Jazda bez Dowodu Rejestracyjnego? Wi\u0119kszo\u015b\u0107 Polak\u00f3w woli ten dokument mie\u0107 przy sobie<\/strong><\/h2>\n<h4>Od 1 pa\u017adziernika 2018 r. poruszaj\u0105c si\u0119 po krajowych drogach kierowcy nie musz\u0105 posiada\u0107 przy sobie Dowodu Rejestracyjnego oraz potwierdzenia zawarcia ubezpieczenia OC. Ponad 2\/3 kierowc\u00f3w wozi je jednak ze sob\u0105, do\u015b\u0107 sceptycznie podchodz\u0105c do nowych regulacji.<\/h4>\n<p>Jak wynika z badania AutoMapy, polscy kierowcy s\u0105 jednak tradycjonalistami i w zdecydowanej wi\u0119kszo\u015bci wo\u017c\u0105 ze sob\u0105 oba dokumenty. Jak podkre\u015blaj\u0105 ankietowani, g\u0142\u00f3wnym powodem, dla kt\u00f3rego nie decyduj\u0105 si\u0119 na pozostawienie dokument\u00f3w w domu jest obawa przed problemami podczas kolizji drogowej&#8230;<\/p>\n<a href=\"http:\/\/di.com.pl\/jazda-bez-dowodu-rejestracyjnego-wiekszosc-polakow-woli-ten-dokument-miec-przy-sobie-60789?utm_source=feedburner&amp;utm_medium=feed&amp;utm_campaign=Feed%3A+glowny-di+%280+-+DI+kanal+glowny+%28go%C5%82y%29%29\" target=\"_blank\" class=\"shortc-button medium red \">Wi\u0119cej dowiesz si\u0119 u \u017ar\u00f3d\u0142a &gt;<\/a>\n<p><center><!-- Pula: Marketing \/\/--><br \/>\n<script type=\"text\/javascript\">\n    document.write(unescape('%3Cscript type=\"text\/javascript\" src=\"' + document.location.protocol + \n    '\/\/ec.bankier.pl\/show2\/MzIxMjAsMjUzMjIsNDE4NzY\/' + Math.random() + '\/'+ '\"%3E%3C\/script%3E'));\n<\/script><\/center><\/p>\n<h2><strong>ACTA2 zachwieje monopolem internetowych gigant\u00f3w jak Facebook czy Google<\/strong><\/h2>\n<h4>Przeg\u0142osowana w\u00a0po\u0142owie wrze\u015bnia unijna dyrektywa ACTA2 na nowo reguluje kwesti\u0119 praw autorskich w\u00a0internecie. Ma stanowi\u0107 or\u0119\u017c w\u00a0walce z\u00a0takimi gigantami jak Google czy Facebook, kt\u00f3re do tej pory nie\u00a0p\u0142aci\u0142y ani grosza za tre\u015bci wytwarzane przez\u00a0artyst\u00f3w i\u00a0inne media. Prezes fundacji Centrum Cyfrowe Alek Tarkowski podkre\u015bla, \u017ce nowe przepisy nie\u00a0maj\u0105 nic wsp\u00f3lnego z\u00a0porozumieniem ACTA, kt\u00f3re wywo\u0142a\u0142o fal\u0119 protest\u00f3w i\u00a0atak\u00f3w hakerskich na instytucje rz\u0105dowe w\u00a02012 roku. Z drugiej strony \u2013 s\u0105 mocno niedoskona\u0142e, niejasne i\u00a0trudno przewidzie\u0107 jak b\u0119d\u0105 egzekwowane w\u00a0praktyce oraz\u00a0jaki b\u0119dzie ich wp\u0142yw na indywidualnych u\u017cytkownik\u00f3w sieci.<\/h4>\n<p>Nowe przepisy stawiaj\u0105 na rozwi\u0105zanie kwestii wynagrodze\u0144 \u2013 nie\u00a0tylko dla\u00a0artyst\u00f3w, ale w\u00a0og\u00f3le dla\u00a0posiadaczy praw autorskich. Nale\u017cy pami\u0119ta\u0107, \u017ce takie prawa posiadaj\u0105 r\u00f3wnie\u017c firmy muzyczne, wytw\u00f3rnie filmowe, tytu\u0142y prasowe. K\u0142opot nie\u00a0polega na tym, \u017ce pr\u00f3buje si\u0119 odg\u00f3rnie ustali\u0107 jak b\u0119d\u0105 przep\u0142ywa\u0107 pieni\u0105dze mi\u0119dzy internetowymi gigantami, a firmami z\u00a0sektora kreatywnego. Problemem jest fakt, \u017ce te przepisy dotykaj\u0105 tak\u017ce ludzi, dotycz\u0105 ich swobody tworzenia, zdobywania wiedzy, swobody komunikowania si\u0119\u00a0\u2013\u00a0m\u00f3wi agencji Newseria Innowacje Alek Tarkowski, prezes fundacji Centrum Cyfrowe&#8230;<\/p>\n<a href=\"https:\/\/mambiznes.pl\/wlasny-biznes\/acta2-zachwieje-monopolem-internetowych-gigantow-facebook-google-87627\" target=\"_blank\" class=\"shortc-button medium red \">Wi\u0119cej dowiesz si\u0119 u \u017ar\u00f3d\u0142a &gt;<\/a>\n<h2><strong>5 absurd\u00f3w RODO, z kt\u00f3rymi stykaj\u0105 si\u0119 przedsi\u0119biorcy<\/strong><\/h2>\n<h4>Rozporz\u0105dzenie o Ochronie Danych Osobowych obowi\u0105zuje ju\u017c od maja tego roku. Od tamtego czasu przedsi\u0119biorcy stykali si\u0119 z wieloma absurdalnymi sytuacjami zwi\u0105zanych z ochron\u0105 danych osobowych. Jednak wi\u0119kszo\u015b\u0107 wynika z nieznajomo\u015bci obowi\u0105zuj\u0105cych przepis\u00f3w, dlatego postanowili\u015bmy przeanalizowa\u0107 kr\u0105\u017c\u0105ce po internecie absurdy.<\/h4>\n<h4 class=\" questo-paywall\"><strong>\u201ePani nie pozwala zostawi\u0107 danych firmy do faktury bo RODO\u201d<\/strong><\/h4>\n<p class=\" questo-paywall\">Pewna kobieta prowadz\u0105ca dzia\u0142alno\u015b\u0107 gospodarcz\u0105, chc\u0105c zrobi\u0107 zakupy w jednym z lokalnych sklep\u00f3w w Niepo\u0142omicach, chcia\u0142a uzyska\u0107 faktur\u0119. Ku jej zdziwieniu dowiedzia\u0142a si\u0119, \u017ce jest to obecnie niemo\u017cliwe ze wzgl\u0119du na nowo obowi\u0105zuj\u0105ce przepisy dotycz\u0105ce ochrony danych osobowych&#8230;<\/p>\n<a href=\"https:\/\/mambiznes.pl\/poradniki\/5-absurdow-rodo-z-ktorymi-stykaja-sie-przedsiebiorcy-87406\" target=\"_blank\" class=\"shortc-button medium red \">Wi\u0119cej dowiesz si\u0119 u \u017ar\u00f3d\u0142a &gt;<\/a>\n","protected":false},"excerpt":{"rendered":"<p>Mniejsze sk\u0142adki ZUS dla drobnych przedsi\u0119biorc\u00f3w Od 2019 roku niekt\u00f3rzy przedsi\u0119biorcy b\u0119d\u0105 mogli op\u0142aca\u0107 sk\u0142adki ZUS w zale\u017cno\u015bci od uzyskiwanego przychodu. Takie rozwi\u0105zanie b\u0119dzie dost\u0119pne tylko dla os\u00f3b op\u0142acaj\u0105cych tzw. \u201edu\u017cy ZUS\u201d. Opr\u00f3cz os\u00f3b b\u0119d\u0105cych na \u201ema\u0142ym ZUS\u201d ustawodawca wskaza\u0142 tak\u017ce innych przedsi\u0119biorc\u00f3w, kt\u00f3rych nie obejmie to rozwi\u0105zanie. B\u0119d\u0105 to np. osoby, kt\u00f3re w poprzednim &hellip;<\/p>\n","protected":false},"author":1,"featured_media":850407,"comment_status":"open","ping_status":"closed","sticky":false,"template":"","format":"standard","meta":{"footnotes":""},"categories":[1294],"tags":[4784,4289,1361,1365,1541,2039,1542,2386,2478],"class_list":["post-850404","post","type-post","status-publish","format-standard","has-post-thumbnail","","category-prawo","tag-acta2","tag-dowod-rejestracyjny","tag-facebook","tag-google","tag-ochrona-danych-osobowych","tag-poradnik","tag-rodo","tag-skladki-zus","tag-zus"],"yoast_head":"<!-- This site is optimized with the Yoast SEO plugin v27.5 - https:\/\/yoast.com\/product\/yoast-seo-wordpress\/ -->\n<title>Mniejsze sk\u0142adki ZUS dla ma\u0142ych przedsi\u0119biorc\u00f3w. Ochrona danych osobowych w miejscu pracy. Czy RODO mo\u017ce namiesza\u0107 w wyborach? &#187; Legiobiznes.pl<\/title>\n<meta name=\"description\" content=\"Mniejsze sk\u0142adki ZUS dla ma\u0142ych przedsi\u0119biorc\u00f3w. Ochrona danych osobowych w miejscu pracy. Czy RODO mo\u017ce namiesza\u0107 w wyborach?\" \/>\n<meta name=\"robots\" content=\"index, follow, max-snippet:-1, max-image-preview:large, max-video-preview:-1\" \/>\n<link rel=\"canonical\" href=\"https:\/\/legiobiznes.pl\/I\/mniejsze-skladki-zus-dla-malych-przedsiebiorcow-ochrona-danych-osobowych-w-miejscu-pracy-czy-rodo-moze-namieszac-w-wyborach\/\" \/>\n<meta property=\"og:locale\" content=\"pl_PL\" \/>\n<meta property=\"og:type\" content=\"article\" \/>\n<meta property=\"og:title\" content=\"Mniejsze sk\u0142adki ZUS dla ma\u0142ych przedsi\u0119biorc\u00f3w. Ochrona danych osobowych w miejscu pracy. Czy RODO mo\u017ce namiesza\u0107 w wyborach? &#187; Legiobiznes.pl\" \/>\n<meta property=\"og:description\" content=\"Mniejsze sk\u0142adki ZUS dla ma\u0142ych przedsi\u0119biorc\u00f3w. Ochrona danych osobowych w miejscu pracy. Czy RODO mo\u017ce namiesza\u0107 w wyborach?\" \/>\n<meta property=\"og:url\" content=\"https:\/\/legiobiznes.pl\/I\/mniejsze-skladki-zus-dla-malych-przedsiebiorcow-ochrona-danych-osobowych-w-miejscu-pracy-czy-rodo-moze-namieszac-w-wyborach\/\" \/>\n<meta property=\"og:site_name\" content=\"Legiobiznes.pl\" \/>\n<meta property=\"article:publisher\" content=\"https:\/\/www.facebook.com\/LegioBiznes\/\" \/>\n<meta property=\"article:published_time\" content=\"2018-10-16T11:32:26+00:00\" \/>\n<meta property=\"og:image\" content=\"https:\/\/legiobiznes.pl\/I\/wp-content\/uploads\/2018\/10\/Mniejsze-sk\u0142adki-ZUS-dla-ma\u0142ych-przedsi\u0119biorc\u00f3w.-Ochrona-danych-osobowych-w-miejscu-pracy.-Czy-RODO-mo\u017ce-namiesza\u0107-w-wyborach-2.jpg\" \/>\n\t<meta property=\"og:image:width\" content=\"960\" \/>\n\t<meta property=\"og:image:height\" content=\"639\" \/>\n\t<meta property=\"og:image:type\" content=\"image\/jpeg\" \/>\n<meta name=\"author\" content=\"Legiobiznes.pl\" \/>\n<meta name=\"twitter:card\" content=\"summary_large_image\" \/>\n<meta name=\"twitter:creator\" content=\"@LegioBiznesPL\" \/>\n<meta name=\"twitter:site\" content=\"@LegioBiznesPL\" \/>\n<meta name=\"twitter:label1\" content=\"Napisane przez\" \/>\n\t<meta name=\"twitter:data1\" content=\"Legiobiznes.pl\" \/>\n\t<meta name=\"twitter:label2\" content=\"Szacowany czas czytania\" \/>\n\t<meta name=\"twitter:data2\" content=\"6 minut\" \/>\n<script type=\"application\/ld+json\" class=\"yoast-schema-graph\">{\"@context\":\"https:\\\/\\\/schema.org\",\"@graph\":[{\"@type\":\"Article\",\"@id\":\"https:\\\/\\\/legiobiznes.pl\\\/I\\\/mniejsze-skladki-zus-dla-malych-przedsiebiorcow-ochrona-danych-osobowych-w-miejscu-pracy-czy-rodo-moze-namieszac-w-wyborach\\\/#article\",\"isPartOf\":{\"@id\":\"https:\\\/\\\/legiobiznes.pl\\\/I\\\/mniejsze-skladki-zus-dla-malych-przedsiebiorcow-ochrona-danych-osobowych-w-miejscu-pracy-czy-rodo-moze-namieszac-w-wyborach\\\/\"},\"author\":{\"name\":\"Legiobiznes.pl\",\"@id\":\"https:\\\/\\\/legiobiznes.pl\\\/I\\\/#\\\/schema\\\/person\\\/33c4505a5d28a7c944baf038996052d4\"},\"headline\":\"Mniejsze sk\u0142adki ZUS dla ma\u0142ych przedsi\u0119biorc\u00f3w. Ochrona danych osobowych w miejscu pracy. Czy RODO mo\u017ce namiesza\u0107 w wyborach?\",\"datePublished\":\"2018-10-16T11:32:26+00:00\",\"mainEntityOfPage\":{\"@id\":\"https:\\\/\\\/legiobiznes.pl\\\/I\\\/mniejsze-skladki-zus-dla-malych-przedsiebiorcow-ochrona-danych-osobowych-w-miejscu-pracy-czy-rodo-moze-namieszac-w-wyborach\\\/\"},\"wordCount\":1270,\"commentCount\":0,\"publisher\":{\"@id\":\"https:\\\/\\\/legiobiznes.pl\\\/I\\\/#organization\"},\"image\":{\"@id\":\"https:\\\/\\\/legiobiznes.pl\\\/I\\\/mniejsze-skladki-zus-dla-malych-przedsiebiorcow-ochrona-danych-osobowych-w-miejscu-pracy-czy-rodo-moze-namieszac-w-wyborach\\\/#primaryimage\"},\"thumbnailUrl\":\"https:\\\/\\\/legiobiznes.pl\\\/I\\\/wp-content\\\/uploads\\\/2018\\\/10\\\/Mniejsze-sk\u0142adki-ZUS-dla-ma\u0142ych-przedsi\u0119biorc\u00f3w.-Ochrona-danych-osobowych-w-miejscu-pracy.-Czy-RODO-mo\u017ce-namiesza\u0107-w-wyborach-2.jpg\",\"keywords\":[\"ACTA2\",\"dow\u00f3d rejestracyjny\",\"Facebook\",\"Google\",\"ochrona danych osobowych\",\"poradnik\",\"RODO\",\"sk\u0142adki ZUS\",\"ZUS\"],\"articleSection\":[\"Prawo\"],\"inLanguage\":\"pl-PL\",\"potentialAction\":[{\"@type\":\"CommentAction\",\"name\":\"Comment\",\"target\":[\"https:\\\/\\\/legiobiznes.pl\\\/I\\\/mniejsze-skladki-zus-dla-malych-przedsiebiorcow-ochrona-danych-osobowych-w-miejscu-pracy-czy-rodo-moze-namieszac-w-wyborach\\\/#respond\"]}]},{\"@type\":\"WebPage\",\"@id\":\"https:\\\/\\\/legiobiznes.pl\\\/I\\\/mniejsze-skladki-zus-dla-malych-przedsiebiorcow-ochrona-danych-osobowych-w-miejscu-pracy-czy-rodo-moze-namieszac-w-wyborach\\\/\",\"url\":\"https:\\\/\\\/legiobiznes.pl\\\/I\\\/mniejsze-skladki-zus-dla-malych-przedsiebiorcow-ochrona-danych-osobowych-w-miejscu-pracy-czy-rodo-moze-namieszac-w-wyborach\\\/\",\"name\":\"Mniejsze sk\u0142adki ZUS dla ma\u0142ych przedsi\u0119biorc\u00f3w. Ochrona danych osobowych w miejscu pracy. Czy RODO mo\u017ce namiesza\u0107 w wyborach? &#187; Legiobiznes.pl\",\"isPartOf\":{\"@id\":\"https:\\\/\\\/legiobiznes.pl\\\/I\\\/#website\"},\"primaryImageOfPage\":{\"@id\":\"https:\\\/\\\/legiobiznes.pl\\\/I\\\/mniejsze-skladki-zus-dla-malych-przedsiebiorcow-ochrona-danych-osobowych-w-miejscu-pracy-czy-rodo-moze-namieszac-w-wyborach\\\/#primaryimage\"},\"image\":{\"@id\":\"https:\\\/\\\/legiobiznes.pl\\\/I\\\/mniejsze-skladki-zus-dla-malych-przedsiebiorcow-ochrona-danych-osobowych-w-miejscu-pracy-czy-rodo-moze-namieszac-w-wyborach\\\/#primaryimage\"},\"thumbnailUrl\":\"https:\\\/\\\/legiobiznes.pl\\\/I\\\/wp-content\\\/uploads\\\/2018\\\/10\\\/Mniejsze-sk\u0142adki-ZUS-dla-ma\u0142ych-przedsi\u0119biorc\u00f3w.-Ochrona-danych-osobowych-w-miejscu-pracy.-Czy-RODO-mo\u017ce-namiesza\u0107-w-wyborach-2.jpg\",\"datePublished\":\"2018-10-16T11:32:26+00:00\",\"description\":\"Mniejsze sk\u0142adki ZUS dla ma\u0142ych przedsi\u0119biorc\u00f3w. Ochrona danych osobowych w miejscu pracy. Czy RODO mo\u017ce namiesza\u0107 w wyborach?\",\"breadcrumb\":{\"@id\":\"https:\\\/\\\/legiobiznes.pl\\\/I\\\/mniejsze-skladki-zus-dla-malych-przedsiebiorcow-ochrona-danych-osobowych-w-miejscu-pracy-czy-rodo-moze-namieszac-w-wyborach\\\/#breadcrumb\"},\"inLanguage\":\"pl-PL\",\"potentialAction\":[{\"@type\":\"ReadAction\",\"target\":[\"https:\\\/\\\/legiobiznes.pl\\\/I\\\/mniejsze-skladki-zus-dla-malych-przedsiebiorcow-ochrona-danych-osobowych-w-miejscu-pracy-czy-rodo-moze-namieszac-w-wyborach\\\/\"]}]},{\"@type\":\"ImageObject\",\"inLanguage\":\"pl-PL\",\"@id\":\"https:\\\/\\\/legiobiznes.pl\\\/I\\\/mniejsze-skladki-zus-dla-malych-przedsiebiorcow-ochrona-danych-osobowych-w-miejscu-pracy-czy-rodo-moze-namieszac-w-wyborach\\\/#primaryimage\",\"url\":\"https:\\\/\\\/legiobiznes.pl\\\/I\\\/wp-content\\\/uploads\\\/2018\\\/10\\\/Mniejsze-sk\u0142adki-ZUS-dla-ma\u0142ych-przedsi\u0119biorc\u00f3w.-Ochrona-danych-osobowych-w-miejscu-pracy.-Czy-RODO-mo\u017ce-namiesza\u0107-w-wyborach-2.jpg\",\"contentUrl\":\"https:\\\/\\\/legiobiznes.pl\\\/I\\\/wp-content\\\/uploads\\\/2018\\\/10\\\/Mniejsze-sk\u0142adki-ZUS-dla-ma\u0142ych-przedsi\u0119biorc\u00f3w.-Ochrona-danych-osobowych-w-miejscu-pracy.-Czy-RODO-mo\u017ce-namiesza\u0107-w-wyborach-2.jpg\",\"width\":960,\"height\":639,\"caption\":\"Mniejsze sk\u0142adki ZUS dla ma\u0142ych przedsi\u0119biorc\u00f3w. Ochrona danych osobowych w miejscu pracy. Czy RODO mo\u017ce namiesza\u0107 w wyborach\"},{\"@type\":\"BreadcrumbList\",\"@id\":\"https:\\\/\\\/legiobiznes.pl\\\/I\\\/mniejsze-skladki-zus-dla-malych-przedsiebiorcow-ochrona-danych-osobowych-w-miejscu-pracy-czy-rodo-moze-namieszac-w-wyborach\\\/#breadcrumb\",\"itemListElement\":[{\"@type\":\"ListItem\",\"position\":1,\"name\":\"Strona g\u0142\u00f3wna\",\"item\":\"https:\\\/\\\/legiobiznes.pl\\\/I\\\/\"},{\"@type\":\"ListItem\",\"position\":2,\"name\":\"Mniejsze sk\u0142adki ZUS dla ma\u0142ych przedsi\u0119biorc\u00f3w. Ochrona danych osobowych w miejscu pracy. Czy RODO mo\u017ce namiesza\u0107 w wyborach?\"}]},{\"@type\":\"WebSite\",\"@id\":\"https:\\\/\\\/legiobiznes.pl\\\/I\\\/#website\",\"url\":\"https:\\\/\\\/legiobiznes.pl\\\/I\\\/\",\"name\":\"Legiobiznes.pl\",\"description\":\"Kryptowaluty, Bezpiecze\u0144stwo IT, E-biznes | LegioBiznes.PL\",\"publisher\":{\"@id\":\"https:\\\/\\\/legiobiznes.pl\\\/I\\\/#organization\"},\"potentialAction\":[{\"@type\":\"SearchAction\",\"target\":{\"@type\":\"EntryPoint\",\"urlTemplate\":\"https:\\\/\\\/legiobiznes.pl\\\/I\\\/?s={search_term_string}\"},\"query-input\":{\"@type\":\"PropertyValueSpecification\",\"valueRequired\":true,\"valueName\":\"search_term_string\"}}],\"inLanguage\":\"pl-PL\"},{\"@type\":\"Organization\",\"@id\":\"https:\\\/\\\/legiobiznes.pl\\\/I\\\/#organization\",\"name\":\"LegioBiznes.PL\",\"url\":\"https:\\\/\\\/legiobiznes.pl\\\/I\\\/\",\"logo\":{\"@type\":\"ImageObject\",\"inLanguage\":\"pl-PL\",\"@id\":\"https:\\\/\\\/legiobiznes.pl\\\/I\\\/#\\\/schema\\\/logo\\\/image\\\/\",\"url\":\"https:\\\/\\\/legiobiznes.pl\\\/I\\\/wp-content\\\/uploads\\\/2017\\\/08\\\/legiobiznespl-logo2-e1503834302371.png\",\"contentUrl\":\"https:\\\/\\\/legiobiznes.pl\\\/I\\\/wp-content\\\/uploads\\\/2017\\\/08\\\/legiobiznespl-logo2-e1503834302371.png\",\"width\":180,\"height\":76,\"caption\":\"LegioBiznes.PL\"},\"image\":{\"@id\":\"https:\\\/\\\/legiobiznes.pl\\\/I\\\/#\\\/schema\\\/logo\\\/image\\\/\"},\"sameAs\":[\"https:\\\/\\\/www.facebook.com\\\/LegioBiznes\\\/\",\"https:\\\/\\\/x.com\\\/LegioBiznesPL\",\"https:\\\/\\\/www.youtube.com\\\/channel\\\/UCEhszB39vxk96yIXD-jOORw\"]},{\"@type\":\"Person\",\"@id\":\"https:\\\/\\\/legiobiznes.pl\\\/I\\\/#\\\/schema\\\/person\\\/33c4505a5d28a7c944baf038996052d4\",\"name\":\"Legiobiznes.pl\",\"image\":{\"@type\":\"ImageObject\",\"inLanguage\":\"pl-PL\",\"@id\":\"https:\\\/\\\/legiobiznes.pl\\\/I\\\/wp-content\\\/uploads\\\/2019\\\/07\\\/favicon-Legiobiznes-150x150.png\",\"url\":\"https:\\\/\\\/legiobiznes.pl\\\/I\\\/wp-content\\\/uploads\\\/2019\\\/07\\\/favicon-Legiobiznes-150x150.png\",\"contentUrl\":\"https:\\\/\\\/legiobiznes.pl\\\/I\\\/wp-content\\\/uploads\\\/2019\\\/07\\\/favicon-Legiobiznes-150x150.png\",\"caption\":\"Legiobiznes.pl\"},\"description\":\"Budowa i tworzenie profesjonalnych, responsywnych (RWD) stron www. Pozycjonowanie SEO, sklepy internetowe eSklep...\",\"url\":\"https:\\\/\\\/legiobiznes.pl\\\/I\\\/author\\\/boss\\\/\"}]}<\/script>\n<!-- \/ Yoast SEO plugin. -->","yoast_head_json":{"title":"Mniejsze sk\u0142adki ZUS dla ma\u0142ych przedsi\u0119biorc\u00f3w. Ochrona danych osobowych w miejscu pracy. Czy RODO mo\u017ce namiesza\u0107 w wyborach? &#187; Legiobiznes.pl","description":"Mniejsze sk\u0142adki ZUS dla ma\u0142ych przedsi\u0119biorc\u00f3w. Ochrona danych osobowych w miejscu pracy. Czy RODO mo\u017ce namiesza\u0107 w wyborach?","robots":{"index":"index","follow":"follow","max-snippet":"max-snippet:-1","max-image-preview":"max-image-preview:large","max-video-preview":"max-video-preview:-1"},"canonical":"https:\/\/legiobiznes.pl\/I\/mniejsze-skladki-zus-dla-malych-przedsiebiorcow-ochrona-danych-osobowych-w-miejscu-pracy-czy-rodo-moze-namieszac-w-wyborach\/","og_locale":"pl_PL","og_type":"article","og_title":"Mniejsze sk\u0142adki ZUS dla ma\u0142ych przedsi\u0119biorc\u00f3w. Ochrona danych osobowych w miejscu pracy. Czy RODO mo\u017ce namiesza\u0107 w wyborach? &#187; Legiobiznes.pl","og_description":"Mniejsze sk\u0142adki ZUS dla ma\u0142ych przedsi\u0119biorc\u00f3w. Ochrona danych osobowych w miejscu pracy. Czy RODO mo\u017ce namiesza\u0107 w wyborach?","og_url":"https:\/\/legiobiznes.pl\/I\/mniejsze-skladki-zus-dla-malych-przedsiebiorcow-ochrona-danych-osobowych-w-miejscu-pracy-czy-rodo-moze-namieszac-w-wyborach\/","og_site_name":"Legiobiznes.pl","article_publisher":"https:\/\/www.facebook.com\/LegioBiznes\/","article_published_time":"2018-10-16T11:32:26+00:00","og_image":[{"width":960,"height":639,"url":"https:\/\/legiobiznes.pl\/I\/wp-content\/uploads\/2018\/10\/Mniejsze-sk\u0142adki-ZUS-dla-ma\u0142ych-przedsi\u0119biorc\u00f3w.-Ochrona-danych-osobowych-w-miejscu-pracy.-Czy-RODO-mo\u017ce-namiesza\u0107-w-wyborach-2.jpg","type":"image\/jpeg"}],"author":"Legiobiznes.pl","twitter_card":"summary_large_image","twitter_creator":"@LegioBiznesPL","twitter_site":"@LegioBiznesPL","twitter_misc":{"Napisane przez":"Legiobiznes.pl","Szacowany czas czytania":"6 minut"},"schema":{"@context":"https:\/\/schema.org","@graph":[{"@type":"Article","@id":"https:\/\/legiobiznes.pl\/I\/mniejsze-skladki-zus-dla-malych-przedsiebiorcow-ochrona-danych-osobowych-w-miejscu-pracy-czy-rodo-moze-namieszac-w-wyborach\/#article","isPartOf":{"@id":"https:\/\/legiobiznes.pl\/I\/mniejsze-skladki-zus-dla-malych-przedsiebiorcow-ochrona-danych-osobowych-w-miejscu-pracy-czy-rodo-moze-namieszac-w-wyborach\/"},"author":{"name":"Legiobiznes.pl","@id":"https:\/\/legiobiznes.pl\/I\/#\/schema\/person\/33c4505a5d28a7c944baf038996052d4"},"headline":"Mniejsze sk\u0142adki ZUS dla ma\u0142ych przedsi\u0119biorc\u00f3w. Ochrona danych osobowych w miejscu pracy. Czy RODO mo\u017ce namiesza\u0107 w wyborach?","datePublished":"2018-10-16T11:32:26+00:00","mainEntityOfPage":{"@id":"https:\/\/legiobiznes.pl\/I\/mniejsze-skladki-zus-dla-malych-przedsiebiorcow-ochrona-danych-osobowych-w-miejscu-pracy-czy-rodo-moze-namieszac-w-wyborach\/"},"wordCount":1270,"commentCount":0,"publisher":{"@id":"https:\/\/legiobiznes.pl\/I\/#organization"},"image":{"@id":"https:\/\/legiobiznes.pl\/I\/mniejsze-skladki-zus-dla-malych-przedsiebiorcow-ochrona-danych-osobowych-w-miejscu-pracy-czy-rodo-moze-namieszac-w-wyborach\/#primaryimage"},"thumbnailUrl":"https:\/\/legiobiznes.pl\/I\/wp-content\/uploads\/2018\/10\/Mniejsze-sk\u0142adki-ZUS-dla-ma\u0142ych-przedsi\u0119biorc\u00f3w.-Ochrona-danych-osobowych-w-miejscu-pracy.-Czy-RODO-mo\u017ce-namiesza\u0107-w-wyborach-2.jpg","keywords":["ACTA2","dow\u00f3d rejestracyjny","Facebook","Google","ochrona danych osobowych","poradnik","RODO","sk\u0142adki ZUS","ZUS"],"articleSection":["Prawo"],"inLanguage":"pl-PL","potentialAction":[{"@type":"CommentAction","name":"Comment","target":["https:\/\/legiobiznes.pl\/I\/mniejsze-skladki-zus-dla-malych-przedsiebiorcow-ochrona-danych-osobowych-w-miejscu-pracy-czy-rodo-moze-namieszac-w-wyborach\/#respond"]}]},{"@type":"WebPage","@id":"https:\/\/legiobiznes.pl\/I\/mniejsze-skladki-zus-dla-malych-przedsiebiorcow-ochrona-danych-osobowych-w-miejscu-pracy-czy-rodo-moze-namieszac-w-wyborach\/","url":"https:\/\/legiobiznes.pl\/I\/mniejsze-skladki-zus-dla-malych-przedsiebiorcow-ochrona-danych-osobowych-w-miejscu-pracy-czy-rodo-moze-namieszac-w-wyborach\/","name":"Mniejsze sk\u0142adki ZUS dla ma\u0142ych przedsi\u0119biorc\u00f3w. Ochrona danych osobowych w miejscu pracy. Czy RODO mo\u017ce namiesza\u0107 w wyborach? &#187; Legiobiznes.pl","isPartOf":{"@id":"https:\/\/legiobiznes.pl\/I\/#website"},"primaryImageOfPage":{"@id":"https:\/\/legiobiznes.pl\/I\/mniejsze-skladki-zus-dla-malych-przedsiebiorcow-ochrona-danych-osobowych-w-miejscu-pracy-czy-rodo-moze-namieszac-w-wyborach\/#primaryimage"},"image":{"@id":"https:\/\/legiobiznes.pl\/I\/mniejsze-skladki-zus-dla-malych-przedsiebiorcow-ochrona-danych-osobowych-w-miejscu-pracy-czy-rodo-moze-namieszac-w-wyborach\/#primaryimage"},"thumbnailUrl":"https:\/\/legiobiznes.pl\/I\/wp-content\/uploads\/2018\/10\/Mniejsze-sk\u0142adki-ZUS-dla-ma\u0142ych-przedsi\u0119biorc\u00f3w.-Ochrona-danych-osobowych-w-miejscu-pracy.-Czy-RODO-mo\u017ce-namiesza\u0107-w-wyborach-2.jpg","datePublished":"2018-10-16T11:32:26+00:00","description":"Mniejsze sk\u0142adki ZUS dla ma\u0142ych przedsi\u0119biorc\u00f3w. Ochrona danych osobowych w miejscu pracy. Czy RODO mo\u017ce namiesza\u0107 w wyborach?","breadcrumb":{"@id":"https:\/\/legiobiznes.pl\/I\/mniejsze-skladki-zus-dla-malych-przedsiebiorcow-ochrona-danych-osobowych-w-miejscu-pracy-czy-rodo-moze-namieszac-w-wyborach\/#breadcrumb"},"inLanguage":"pl-PL","potentialAction":[{"@type":"ReadAction","target":["https:\/\/legiobiznes.pl\/I\/mniejsze-skladki-zus-dla-malych-przedsiebiorcow-ochrona-danych-osobowych-w-miejscu-pracy-czy-rodo-moze-namieszac-w-wyborach\/"]}]},{"@type":"ImageObject","inLanguage":"pl-PL","@id":"https:\/\/legiobiznes.pl\/I\/mniejsze-skladki-zus-dla-malych-przedsiebiorcow-ochrona-danych-osobowych-w-miejscu-pracy-czy-rodo-moze-namieszac-w-wyborach\/#primaryimage","url":"https:\/\/legiobiznes.pl\/I\/wp-content\/uploads\/2018\/10\/Mniejsze-sk\u0142adki-ZUS-dla-ma\u0142ych-przedsi\u0119biorc\u00f3w.-Ochrona-danych-osobowych-w-miejscu-pracy.-Czy-RODO-mo\u017ce-namiesza\u0107-w-wyborach-2.jpg","contentUrl":"https:\/\/legiobiznes.pl\/I\/wp-content\/uploads\/2018\/10\/Mniejsze-sk\u0142adki-ZUS-dla-ma\u0142ych-przedsi\u0119biorc\u00f3w.-Ochrona-danych-osobowych-w-miejscu-pracy.-Czy-RODO-mo\u017ce-namiesza\u0107-w-wyborach-2.jpg","width":960,"height":639,"caption":"Mniejsze sk\u0142adki ZUS dla ma\u0142ych przedsi\u0119biorc\u00f3w. Ochrona danych osobowych w miejscu pracy. Czy RODO mo\u017ce namiesza\u0107 w wyborach"},{"@type":"BreadcrumbList","@id":"https:\/\/legiobiznes.pl\/I\/mniejsze-skladki-zus-dla-malych-przedsiebiorcow-ochrona-danych-osobowych-w-miejscu-pracy-czy-rodo-moze-namieszac-w-wyborach\/#breadcrumb","itemListElement":[{"@type":"ListItem","position":1,"name":"Strona g\u0142\u00f3wna","item":"https:\/\/legiobiznes.pl\/I\/"},{"@type":"ListItem","position":2,"name":"Mniejsze sk\u0142adki ZUS dla ma\u0142ych przedsi\u0119biorc\u00f3w. Ochrona danych osobowych w miejscu pracy. Czy RODO mo\u017ce namiesza\u0107 w wyborach?"}]},{"@type":"WebSite","@id":"https:\/\/legiobiznes.pl\/I\/#website","url":"https:\/\/legiobiznes.pl\/I\/","name":"Legiobiznes.pl","description":"Kryptowaluty, Bezpiecze\u0144stwo IT, E-biznes | LegioBiznes.PL","publisher":{"@id":"https:\/\/legiobiznes.pl\/I\/#organization"},"potentialAction":[{"@type":"SearchAction","target":{"@type":"EntryPoint","urlTemplate":"https:\/\/legiobiznes.pl\/I\/?s={search_term_string}"},"query-input":{"@type":"PropertyValueSpecification","valueRequired":true,"valueName":"search_term_string"}}],"inLanguage":"pl-PL"},{"@type":"Organization","@id":"https:\/\/legiobiznes.pl\/I\/#organization","name":"LegioBiznes.PL","url":"https:\/\/legiobiznes.pl\/I\/","logo":{"@type":"ImageObject","inLanguage":"pl-PL","@id":"https:\/\/legiobiznes.pl\/I\/#\/schema\/logo\/image\/","url":"https:\/\/legiobiznes.pl\/I\/wp-content\/uploads\/2017\/08\/legiobiznespl-logo2-e1503834302371.png","contentUrl":"https:\/\/legiobiznes.pl\/I\/wp-content\/uploads\/2017\/08\/legiobiznespl-logo2-e1503834302371.png","width":180,"height":76,"caption":"LegioBiznes.PL"},"image":{"@id":"https:\/\/legiobiznes.pl\/I\/#\/schema\/logo\/image\/"},"sameAs":["https:\/\/www.facebook.com\/LegioBiznes\/","https:\/\/x.com\/LegioBiznesPL","https:\/\/www.youtube.com\/channel\/UCEhszB39vxk96yIXD-jOORw"]},{"@type":"Person","@id":"https:\/\/legiobiznes.pl\/I\/#\/schema\/person\/33c4505a5d28a7c944baf038996052d4","name":"Legiobiznes.pl","image":{"@type":"ImageObject","inLanguage":"pl-PL","@id":"https:\/\/legiobiznes.pl\/I\/wp-content\/uploads\/2019\/07\/favicon-Legiobiznes-150x150.png","url":"https:\/\/legiobiznes.pl\/I\/wp-content\/uploads\/2019\/07\/favicon-Legiobiznes-150x150.png","contentUrl":"https:\/\/legiobiznes.pl\/I\/wp-content\/uploads\/2019\/07\/favicon-Legiobiznes-150x150.png","caption":"Legiobiznes.pl"},"description":"Budowa i tworzenie profesjonalnych, responsywnych (RWD) stron www. Pozycjonowanie SEO, sklepy internetowe eSklep...","url":"https:\/\/legiobiznes.pl\/I\/author\/boss\/"}]}},"_links":{"self":[{"href":"https:\/\/legiobiznes.pl\/I\/wp-json\/wp\/v2\/posts\/850404","targetHints":{"allow":["GET"]}}],"collection":[{"href":"https:\/\/legiobiznes.pl\/I\/wp-json\/wp\/v2\/posts"}],"about":[{"href":"https:\/\/legiobiznes.pl\/I\/wp-json\/wp\/v2\/types\/post"}],"author":[{"embeddable":true,"href":"https:\/\/legiobiznes.pl\/I\/wp-json\/wp\/v2\/users\/1"}],"replies":[{"embeddable":true,"href":"https:\/\/legiobiznes.pl\/I\/wp-json\/wp\/v2\/comments?post=850404"}],"version-history":[{"count":0,"href":"https:\/\/legiobiznes.pl\/I\/wp-json\/wp\/v2\/posts\/850404\/revisions"}],"wp:featuredmedia":[{"embeddable":true,"href":"https:\/\/legiobiznes.pl\/I\/wp-json\/wp\/v2\/media\/850407"}],"wp:attachment":[{"href":"https:\/\/legiobiznes.pl\/I\/wp-json\/wp\/v2\/media?parent=850404"}],"wp:term":[{"taxonomy":"category","embeddable":true,"href":"https:\/\/legiobiznes.pl\/I\/wp-json\/wp\/v2\/categories?post=850404"},{"taxonomy":"post_tag","embeddable":true,"href":"https:\/\/legiobiznes.pl\/I\/wp-json\/wp\/v2\/tags?post=850404"}],"curies":[{"name":"wp","href":"https:\/\/api.w.org\/{rel}","templated":true}]}}