{"id":900030,"date":"2018-11-22T16:47:48","date_gmt":"2018-11-22T14:47:48","guid":{"rendered":"https:\/\/legiobiznes.pl\/I\/?p=900030"},"modified":"2020-10-27T16:37:46","modified_gmt":"2020-10-27T14:37:46","slug":"nowe-obciazenia-prawne-dla-pracodawcow-w-2019-r-czy-prawo-autorskie-zmieni-sie-13-grudnia-22-listopada-wazne-zmiany-dla-pracownikow-i-pracodawcow","status":"publish","type":"post","link":"https:\/\/legiobiznes.pl\/I\/nowe-obciazenia-prawne-dla-pracodawcow-w-2019-r-czy-prawo-autorskie-zmieni-sie-13-grudnia-22-listopada-wazne-zmiany-dla-pracownikow-i-pracodawcow\/","title":{"rendered":"Nowe obci\u0105\u017cenia prawne dla pracodawc\u00f3w w 2019 r. Czy prawo autorskie zmieni si\u0119 13 grudnia? 22 listopada, wa\u017cne zmiany dla pracownik\u00f3w i pracodawc\u00f3w"},"content":{"rendered":"<h2><strong>W 2019 roku wchodz\u0105 nowe obci\u0105\u017cenia prawne dla pracodawc\u00f3w<\/strong><\/h2>\n<h4>Polscy pracodawcy odczuli w\u00a0ostatnich miesi\u0105cach wzrost koszt\u00f3w pracy. Generuj\u0105 go, po pierwsze, dobra koniunktura gospodarcza, kt\u00f3ra poci\u0105ga za sob\u0105 wzrost p\u0142ac, a po drugie, szereg zmian prawnych, na kt\u00f3re pracodawca nie\u00a0ma \u017cadnego wp\u0142ywu. Ju\u017c w\u00a0tej chwili obci\u0105\u017cenie sk\u0142adkowe po stronie pracodawcy wynosi ok. 20 proc. wynagrodzenia pracownika. Po wprowadzeniu pracowniczych program\u00f3w kapita\u0142owych b\u0119dzie ono jeszcze wy\u017csze. Nadal istnieje ryzyko zwi\u0105zane ze zniesieniem limitu tzw. 30-krotno\u015bci. Cho\u0107 Trybuna\u0142 Konstytucyjny uzna\u0142 przepisy za niezgodne z\u00a0Konstytucj\u0105, temat wci\u0105\u017c mo\u017ce powr\u00f3ci\u0107. Wzrostu koszt\u00f3w nie\u00a0da si\u0119 unikn\u0105\u0107, ale pracodawcy mog\u0105 je sobie zrekompensowa\u0107 gdzie indziej \u2013 wskazuj\u0105 eksperci Ayming Polska.<\/h4>\n<p>Polska nale\u017cy do kraj\u00f3w o\u00a0najni\u017cszych kosztach pracy w\u00a0Europie. Bior\u0105c jednak pod uwag\u0119 udzia\u0142, jaki w\u00a0og\u00f3lnych kosztach pracy stanowi\u0105 obowi\u0105zkowe sk\u0142adki p\u0142acone przez\u00a0pracownik\u00f3w i\u00a0pracodawc\u00f3w, okazuje si\u0119, \u017ce obci\u0105\u017cenie pozap\u0142acowymi kosztami pracy w\u00a0Polsce nale\u017cy do najwy\u017cszych w\u00a0Europie. Wyprzedzamy pod tym wzgl\u0119dem Szwecj\u0119 czy Wielk\u0105 Brytani\u0119&#8230;<\/p>\n<a href=\"https:\/\/mambiznes.pl\/wlasny-biznes\/2019-roku-wchodza-nowe-obciazenia-prawne-dla-pracodawcow-88308\" target=\"_blank\" class=\"shortc-button medium red \">Wi\u0119cej dowiesz si\u0119 u \u017ar\u00f3d\u0142a &gt;<\/a>\n<h2 class=\"title\"><strong>ACTA 2: 13 grudnia zapadnie decyzja w sprawie zmian w prawie autorskim<\/strong><\/h2>\n<h4>List otwarty do premiera podpisa\u0142o 32 organizator\u00f3w i uczestnik\u00f3w protest\u00f3w przeciwko zmianom w prawie autorskim. Jego autorzy zach\u0119caj\u0105 Premiera Morawieckiego do utworzenia mi\u0119dzynarodowego sojuszu, kt\u00f3ry zablokowa\u0142by przyj\u0119cie przeg\u0142osowanej w po\u0142owie wrze\u015bnia dyrektywy.<\/h4>\n<p>Na 23 pa\u017adziernika, a tak\u017ce 3 i 13 grudnia zaplanowano rozmowy w ramach tzw. trialogu. Przedstawiciele Komisji Europejskiej i Europarlamentu spotkaj\u0105 si\u0119 za zamkni\u0119tymi drzwiami z ministrami pa\u0144stw cz\u0142onkowskich. To od tych ustale\u0144 b\u0119dzie zale\u017ca\u0142o, czy\u00a0przyj\u0119te 13 wrze\u015bnia prawo\u00a0wejdzie w \u017cycie, czy zostanie skierowane do drugiego czytania&#8230;<\/p>\n<a href=\"https:\/\/www.chip.pl\/2018\/11\/acta-2-3-grudnia-zapadnie-decyzja-w-sprawie-zmian-w-prawie-autorskim\/\" target=\"_blank\" class=\"shortc-button medium red \">Wi\u0119cej dowiesz si\u0119 u \u017ar\u00f3d\u0142a &gt;<\/a>\n<p><center><!-- Pula: Marketing2 \/\/--><br \/>\n<script type=\"text\/javascript\">\n    document.write(unescape('%3Cscript type=\"text\/javascript\" src=\"' + document.location.protocol + \n    '\/\/ec.bankier.pl\/show2\/MzIxMjEsMjUzMjIsNDE4NzY\/' + Math.random() + '\/'+ '\"%3E%3C\/script%3E'));\n<\/script><\/center><\/p>\n<h2 class=\"title\"><strong>ACTA 2: 54 europejskie organizacje pozarz\u0105dowe wystosowa\u0142y list otwarty do Rady Europejskiej<\/strong><\/h2>\n<h4>List otwarty\u00a0do ambasadora Austrii, kt\u00f3ra przewodniczy obecnie Unii Europejskiej, podpisa\u0142o 54 europejskich organizacji pozarz\u0105dowych. W tym dwie polskie: Centrum Cyfrowe i Fundacja ePa\u0144stwo. Przeciwne proponowanym zmianom w prawie autorskim s\u0105 te\u017c mi\u0119dzynarodowe organizacje takie jak fundacje Wikimedia, Creative Commons i Electronic Frontier Foundation.<\/h4>\n<p>W ramach tzw. trialogu odb\u0119d\u0105 si\u0119 trzy tury negocjacji w sprawie dyrektywy zmieniaj\u0105cej prawo autorskie na Jednolitym Rynku Cyfrowym. Pierwsza ju\u017c w pi\u0105tek, 23 pa\u017adziernika. Nast\u0119pne dwie zaplanowano na 3 i 13 grudnia&#8230;<\/p>\n<a href=\"https:\/\/www.chip.pl\/2018\/11\/acta-2-54-europejskie-organizacje-pozarzadowe-wystosowaly-list-otwarty-do-rady-europejskiej\/\" target=\"_blank\" class=\"shortc-button medium red \">Wi\u0119cej dowiesz si\u0119 u \u017ar\u00f3d\u0142a &gt;<\/a>\n<h2><strong>Jak d\u0142ugo firma musi przechowywa\u0107 akta osobowe i p\u0142acowe?<\/strong><\/h2>\n<h4>Przechowywanie dokumentacji jest jednym z wa\u017cnych zada\u0144 ka\u017cdego przedsi\u0119biorstwa. Jednak bardzo cz\u0119sto firmy przechowuj\u0105\u00a0niepotrzebn\u0105 dokumentacj\u0119. Co wi\u0119cej bardzo cz\u0119sto w nie najlepszym\u00a0miejscu.<\/h4>\n<p>Obowi\u0105zek przechowywania dokumentacji kadrowej wynika z art. 94 pkt 9b Kodeksu pracy. Zatem przedsi\u0119biorca musi przechowywa\u0107 dokumenty powi\u0105zane ze stosunkiem pracy, dotycz\u0105ce takich spraw jak: imienne listy p\u0142ac, karty ewidencji czasu pracy, karty ewidencyjne przydzia\u0142u odzie\u017cy i obuwia roboczego. Obowi\u0105zek ten dotyczy tak\u017ce akt osobowych pracownik\u00f3w&#8230;<\/p>\n<a href=\"https:\/\/mambiznes.pl\/poradniki\/dlugo-firma-musi-przechowywac-akta-osobowe-placowe-88338\" target=\"_blank\" class=\"shortc-button medium red \">Wi\u0119cej dowiesz si\u0119 u \u017ar\u00f3d\u0142a &gt;<\/a>\n<p><center><!-- Pula: Marketing \/\/--><br \/>\n<script type=\"text\/javascript\">\n    document.write(unescape('%3Cscript type=\"text\/javascript\" src=\"' + document.location.protocol + \n    '\/\/ec.bankier.pl\/show2\/MzIxMjAsMjUzMjIsNDE4NzY\/' + Math.random() + '\/'+ '\"%3E%3C\/script%3E'));\n<\/script><\/center><\/p>\n<h2 class=\"title-post-head newsTitle\"><strong>Nie tylko RODO&#8230; Prowadzenie dzia\u0142a\u0144 marketingowych reguluj\u0105 te\u017c inne ustawy<\/strong><\/h2>\n<h4>Od 25 maja 2018 r. s\u0105 stosowane przepisy RODO. Ale wiele podmiot\u00f3w zapomina, \u017ce prowadzenie dzia\u0142a\u0144 marketingowych \u2013 celem pozyskania nowych klient\u00f3w lub zaoferowania nowych us\u0142ug aktualnym klientom \u2013 to nie tylko przepisy z zakresu ochrony danych, ale r\u00f3wnie\u017c przepisy Ustawy Prawo telekomunikacyjne i Ustawa o \u015bwiadczeniu us\u0142ug drog\u0105 elektroniczn\u0105. Za przestrzeganie powy\u017cszych przepis\u00f3w odpowiedzialnych jest a\u017c trzech prezes\u00f3w: Prezes Urz\u0119du Ochrony Danych Osobowych, Prezes Urz\u0119du Komunikacji Elektronicznej i Prezes Urz\u0119du Ochrony Konkurencji i Konsument\u00f3w.<\/h4>\n<p>Przyk\u0142adem, \u017ce dzia\u0142ania marketingowe zgodne z prawem nie s\u0105 prostym zadaniem jest kara dla Orange w wysoko\u015bci 9,1 mln z\u0142 na\u0142o\u017cona przez Prezesa Urz\u0119du Komunikacji Elektronicznej ze wysy\u0142k\u0119 sms\u00f3w marketingowych bez posiadania zg\u00f3d klient\u00f3w na takie dzia\u0142anie&#8230;<\/p>\n<a href=\"https:\/\/interaktywnie.com\/biznes\/newsy\/prawo\/nie-tylko-rodo-prowadzenie-dzialan-marketingowych-reguluja-tez-inne-ustawy-258167?utm_source=feedburner&amp;utm_medium=feed&amp;utm_campaign=Feed%3A+Interaktywnie+%28Interaktywnie.com%29\" target=\"_blank\" class=\"shortc-button medium red \">Wi\u0119cej dowiesz si\u0119 u \u017ar\u00f3d\u0142a &gt;<\/a>\n<h2><strong>22 listopada \u2013 wa\u017cne zmiany dla pracownik\u00f3w i pracodawc\u00f3w<\/strong><\/h2>\n<h4>Wa\u017cne zmiany czekaj\u0105 22 listopada pracodawc\u00f3w i pracownik\u00f3w, w tym oczywi\u015bcie r\u00f3wnie\u017c tych zatrudnionych w bran\u017cy TSL. Tego dnia mijaj\u0105 bowiem 33 miesi\u0105ce od wprowadzenia w 2016 roku zmian w Kodeksie pracy, kt\u00f3re przekszta\u0142caj\u0105 spos\u00f3b przechodzenia od um\u00f3w czasowych do tych na czas nieokre\u015blony. Przedsi\u0119biorcy, kt\u00f3rzy zatrudnili pracownik\u00f3w przed 22 lutego 2016 r. i jeszcze nie uregulowali z nimi tej kwestii, musz\u0105 pami\u0119ta\u0107, \u017ce teraz stanie si\u0119 to automatycznie.<\/h4>\n<h4 class=\" questo-paywall\"><strong>Co si\u0119 zmieni?<\/strong><\/h4>\n<p class=\" questo-paywall\">Te 33 miesi\u0105ce to dodatkowy element zabezpieczaj\u0105cy zatrudnienie. Jest to nowo\u015b\u0107\u00a0w\u00a0 stosunku do poprzedniego brzmienia zapisu, kt\u00f3ry dotychczas za jedyne kryterium uznawa\u0142 ilo\u015b\u0107 podpisanych do tej pory dokument\u00f3w, czyli w tym wypadku 3. Ka\u017cda kolejna umowa w tych warunkach musi ju\u017c by\u0107 bezterminowa. Kodeks pracy (art. 251 \u00a7 4 k.p.) przewiduje jednak pewne wyj\u0105tki dla tej regu\u0142y i dotycz\u0105 sytuacji, w kt\u00f3rych&#8230;<\/p>\n<a href=\"https:\/\/mambiznes.pl\/wlasny-biznes\/22-listopada-wazne-zmiany-dla-pracownikow-pracodawcow-88385\" target=\"_blank\" class=\"shortc-button medium red \">Wi\u0119cej dowiesz si\u0119 u \u017ar\u00f3d\u0142a &gt;<\/a>\n","protected":false},"excerpt":{"rendered":"<p>W 2019 roku wchodz\u0105 nowe obci\u0105\u017cenia prawne dla pracodawc\u00f3w Polscy pracodawcy odczuli w\u00a0ostatnich miesi\u0105cach wzrost koszt\u00f3w pracy. Generuj\u0105 go, po pierwsze, dobra koniunktura gospodarcza, kt\u00f3ra poci\u0105ga za sob\u0105 wzrost p\u0142ac, a po drugie, szereg zmian prawnych, na kt\u00f3re pracodawca nie\u00a0ma \u017cadnego wp\u0142ywu. Ju\u017c w\u00a0tej chwili obci\u0105\u017cenie sk\u0142adkowe po stronie pracodawcy wynosi ok. 20 proc. wynagrodzenia &hellip;<\/p>\n","protected":false},"author":1,"featured_media":900031,"comment_status":"open","ping_status":"closed","sticky":false,"template":"","format":"standard","meta":{"footnotes":""},"categories":[1294],"tags":[5087,5085,5086,1333,5088,5084,1886,1375,1670,1542],"class_list":["post-900030","post","type-post","status-publish","format-standard","has-post-thumbnail","","category-prawo","tag-acta-2","tag-akta-osobowe","tag-akta-placowe","tag-marketing","tag-obciazenia-prawne","tag-pracodawca","tag-pracownik","tag-prawo","tag-prawo-autorskie","tag-rodo"],"yoast_head":"<!-- This site is optimized with the Yoast SEO plugin v27.5 - https:\/\/yoast.com\/product\/yoast-seo-wordpress\/ -->\n<title>Nowe obci\u0105\u017cenia prawne dla pracodawc\u00f3w w 2019 r. Czy prawo autorskie zmieni si\u0119 13 grudnia? 22 listopada, wa\u017cne zmiany dla pracownik\u00f3w i pracodawc\u00f3w &#187; Legiobiznes.pl<\/title>\n<meta name=\"description\" content=\"Nowe obci\u0105\u017cenia prawne dla pracodawc\u00f3w w 2019 r. Czy prawo autorskie zmieni si\u0119 13 grudnia? 22 listopada, wa\u017cne zmiany dla pracownik\u00f3w i pracodawc\u00f3w\" \/>\n<meta name=\"robots\" content=\"index, follow, max-snippet:-1, max-image-preview:large, max-video-preview:-1\" \/>\n<link rel=\"canonical\" href=\"https:\/\/legiobiznes.pl\/I\/nowe-obciazenia-prawne-dla-pracodawcow-w-2019-r-czy-prawo-autorskie-zmieni-sie-13-grudnia-22-listopada-wazne-zmiany-dla-pracownikow-i-pracodawcow\/\" \/>\n<meta property=\"og:locale\" content=\"pl_PL\" \/>\n<meta property=\"og:type\" content=\"article\" \/>\n<meta property=\"og:title\" content=\"Nowe obci\u0105\u017cenia prawne dla pracodawc\u00f3w w 2019 r. Czy prawo autorskie zmieni si\u0119 13 grudnia? 22 listopada, wa\u017cne zmiany dla pracownik\u00f3w i pracodawc\u00f3w &#187; Legiobiznes.pl\" \/>\n<meta property=\"og:description\" content=\"Nowe obci\u0105\u017cenia prawne dla pracodawc\u00f3w w 2019 r. Czy prawo autorskie zmieni si\u0119 13 grudnia? 22 listopada, wa\u017cne zmiany dla pracownik\u00f3w i pracodawc\u00f3w\" \/>\n<meta property=\"og:url\" content=\"https:\/\/legiobiznes.pl\/I\/nowe-obciazenia-prawne-dla-pracodawcow-w-2019-r-czy-prawo-autorskie-zmieni-sie-13-grudnia-22-listopada-wazne-zmiany-dla-pracownikow-i-pracodawcow\/\" \/>\n<meta property=\"og:site_name\" content=\"Legiobiznes.pl\" \/>\n<meta property=\"article:publisher\" content=\"https:\/\/www.facebook.com\/LegioBiznes\/\" \/>\n<meta property=\"article:published_time\" content=\"2018-11-22T14:47:48+00:00\" \/>\n<meta property=\"article:modified_time\" content=\"2020-10-27T14:37:46+00:00\" \/>\n<meta property=\"og:image\" content=\"https:\/\/legiobiznes.pl\/I\/wp-content\/uploads\/2018\/11\/Nowe-obci\u0105\u017cenia-prawne-dla-pracodawc\u00f3w-w-2019-r.-Czy-prawo-autorskie-zmieni-si\u0119-13-grudnia-22-listopada-wa\u017cne-zmiany-dla-pracownik\u00f3w-i-pracodawc\u00f3w.png\" \/>\n\t<meta property=\"og:image:width\" content=\"960\" \/>\n\t<meta property=\"og:image:height\" content=\"540\" \/>\n\t<meta property=\"og:image:type\" content=\"image\/png\" \/>\n<meta name=\"author\" content=\"Legiobiznes.pl\" \/>\n<meta name=\"twitter:card\" content=\"summary_large_image\" \/>\n<meta name=\"twitter:creator\" content=\"@LegioBiznesPL\" \/>\n<meta name=\"twitter:site\" content=\"@LegioBiznesPL\" \/>\n<meta name=\"twitter:label1\" content=\"Napisane przez\" \/>\n\t<meta name=\"twitter:data1\" content=\"Legiobiznes.pl\" \/>\n\t<meta name=\"twitter:label2\" content=\"Szacowany czas czytania\" \/>\n\t<meta name=\"twitter:data2\" content=\"5 minut\" \/>\n<script type=\"application\/ld+json\" class=\"yoast-schema-graph\">{\"@context\":\"https:\\\/\\\/schema.org\",\"@graph\":[{\"@type\":\"Article\",\"@id\":\"https:\\\/\\\/legiobiznes.pl\\\/I\\\/nowe-obciazenia-prawne-dla-pracodawcow-w-2019-r-czy-prawo-autorskie-zmieni-sie-13-grudnia-22-listopada-wazne-zmiany-dla-pracownikow-i-pracodawcow\\\/#article\",\"isPartOf\":{\"@id\":\"https:\\\/\\\/legiobiznes.pl\\\/I\\\/nowe-obciazenia-prawne-dla-pracodawcow-w-2019-r-czy-prawo-autorskie-zmieni-sie-13-grudnia-22-listopada-wazne-zmiany-dla-pracownikow-i-pracodawcow\\\/\"},\"author\":{\"name\":\"Legiobiznes.pl\",\"@id\":\"https:\\\/\\\/legiobiznes.pl\\\/I\\\/#\\\/schema\\\/person\\\/33c4505a5d28a7c944baf038996052d4\"},\"headline\":\"Nowe obci\u0105\u017cenia prawne dla pracodawc\u00f3w w 2019 r. Czy prawo autorskie zmieni si\u0119 13 grudnia? 22 listopada, wa\u017cne zmiany dla pracownik\u00f3w i pracodawc\u00f3w\",\"datePublished\":\"2018-11-22T14:47:48+00:00\",\"dateModified\":\"2020-10-27T14:37:46+00:00\",\"mainEntityOfPage\":{\"@id\":\"https:\\\/\\\/legiobiznes.pl\\\/I\\\/nowe-obciazenia-prawne-dla-pracodawcow-w-2019-r-czy-prawo-autorskie-zmieni-sie-13-grudnia-22-listopada-wazne-zmiany-dla-pracownikow-i-pracodawcow\\\/\"},\"wordCount\":982,\"commentCount\":0,\"publisher\":{\"@id\":\"https:\\\/\\\/legiobiznes.pl\\\/I\\\/#organization\"},\"image\":{\"@id\":\"https:\\\/\\\/legiobiznes.pl\\\/I\\\/nowe-obciazenia-prawne-dla-pracodawcow-w-2019-r-czy-prawo-autorskie-zmieni-sie-13-grudnia-22-listopada-wazne-zmiany-dla-pracownikow-i-pracodawcow\\\/#primaryimage\"},\"thumbnailUrl\":\"https:\\\/\\\/legiobiznes.pl\\\/I\\\/wp-content\\\/uploads\\\/2018\\\/11\\\/Nowe-obci\u0105\u017cenia-prawne-dla-pracodawc\u00f3w-w-2019-r.-Czy-prawo-autorskie-zmieni-si\u0119-13-grudnia-22-listopada-wa\u017cne-zmiany-dla-pracownik\u00f3w-i-pracodawc\u00f3w.png\",\"keywords\":[\"ACTA 2\",\"akta osobowe\",\"akta p\u0142acowe\",\"marketing\",\"obci\u0105\u017cenia prawne\",\"pracodawca\",\"pracownik\",\"prawo\",\"prawo autorskie\",\"RODO\"],\"articleSection\":[\"Prawo\"],\"inLanguage\":\"pl-PL\",\"potentialAction\":[{\"@type\":\"CommentAction\",\"name\":\"Comment\",\"target\":[\"https:\\\/\\\/legiobiznes.pl\\\/I\\\/nowe-obciazenia-prawne-dla-pracodawcow-w-2019-r-czy-prawo-autorskie-zmieni-sie-13-grudnia-22-listopada-wazne-zmiany-dla-pracownikow-i-pracodawcow\\\/#respond\"]}]},{\"@type\":\"WebPage\",\"@id\":\"https:\\\/\\\/legiobiznes.pl\\\/I\\\/nowe-obciazenia-prawne-dla-pracodawcow-w-2019-r-czy-prawo-autorskie-zmieni-sie-13-grudnia-22-listopada-wazne-zmiany-dla-pracownikow-i-pracodawcow\\\/\",\"url\":\"https:\\\/\\\/legiobiznes.pl\\\/I\\\/nowe-obciazenia-prawne-dla-pracodawcow-w-2019-r-czy-prawo-autorskie-zmieni-sie-13-grudnia-22-listopada-wazne-zmiany-dla-pracownikow-i-pracodawcow\\\/\",\"name\":\"Nowe obci\u0105\u017cenia prawne dla pracodawc\u00f3w w 2019 r. Czy prawo autorskie zmieni si\u0119 13 grudnia? 22 listopada, wa\u017cne zmiany dla pracownik\u00f3w i pracodawc\u00f3w &#187; Legiobiznes.pl\",\"isPartOf\":{\"@id\":\"https:\\\/\\\/legiobiznes.pl\\\/I\\\/#website\"},\"primaryImageOfPage\":{\"@id\":\"https:\\\/\\\/legiobiznes.pl\\\/I\\\/nowe-obciazenia-prawne-dla-pracodawcow-w-2019-r-czy-prawo-autorskie-zmieni-sie-13-grudnia-22-listopada-wazne-zmiany-dla-pracownikow-i-pracodawcow\\\/#primaryimage\"},\"image\":{\"@id\":\"https:\\\/\\\/legiobiznes.pl\\\/I\\\/nowe-obciazenia-prawne-dla-pracodawcow-w-2019-r-czy-prawo-autorskie-zmieni-sie-13-grudnia-22-listopada-wazne-zmiany-dla-pracownikow-i-pracodawcow\\\/#primaryimage\"},\"thumbnailUrl\":\"https:\\\/\\\/legiobiznes.pl\\\/I\\\/wp-content\\\/uploads\\\/2018\\\/11\\\/Nowe-obci\u0105\u017cenia-prawne-dla-pracodawc\u00f3w-w-2019-r.-Czy-prawo-autorskie-zmieni-si\u0119-13-grudnia-22-listopada-wa\u017cne-zmiany-dla-pracownik\u00f3w-i-pracodawc\u00f3w.png\",\"datePublished\":\"2018-11-22T14:47:48+00:00\",\"dateModified\":\"2020-10-27T14:37:46+00:00\",\"description\":\"Nowe obci\u0105\u017cenia prawne dla pracodawc\u00f3w w 2019 r. Czy prawo autorskie zmieni si\u0119 13 grudnia? 22 listopada, wa\u017cne zmiany dla pracownik\u00f3w i pracodawc\u00f3w\",\"breadcrumb\":{\"@id\":\"https:\\\/\\\/legiobiznes.pl\\\/I\\\/nowe-obciazenia-prawne-dla-pracodawcow-w-2019-r-czy-prawo-autorskie-zmieni-sie-13-grudnia-22-listopada-wazne-zmiany-dla-pracownikow-i-pracodawcow\\\/#breadcrumb\"},\"inLanguage\":\"pl-PL\",\"potentialAction\":[{\"@type\":\"ReadAction\",\"target\":[\"https:\\\/\\\/legiobiznes.pl\\\/I\\\/nowe-obciazenia-prawne-dla-pracodawcow-w-2019-r-czy-prawo-autorskie-zmieni-sie-13-grudnia-22-listopada-wazne-zmiany-dla-pracownikow-i-pracodawcow\\\/\"]}]},{\"@type\":\"ImageObject\",\"inLanguage\":\"pl-PL\",\"@id\":\"https:\\\/\\\/legiobiznes.pl\\\/I\\\/nowe-obciazenia-prawne-dla-pracodawcow-w-2019-r-czy-prawo-autorskie-zmieni-sie-13-grudnia-22-listopada-wazne-zmiany-dla-pracownikow-i-pracodawcow\\\/#primaryimage\",\"url\":\"https:\\\/\\\/legiobiznes.pl\\\/I\\\/wp-content\\\/uploads\\\/2018\\\/11\\\/Nowe-obci\u0105\u017cenia-prawne-dla-pracodawc\u00f3w-w-2019-r.-Czy-prawo-autorskie-zmieni-si\u0119-13-grudnia-22-listopada-wa\u017cne-zmiany-dla-pracownik\u00f3w-i-pracodawc\u00f3w.png\",\"contentUrl\":\"https:\\\/\\\/legiobiznes.pl\\\/I\\\/wp-content\\\/uploads\\\/2018\\\/11\\\/Nowe-obci\u0105\u017cenia-prawne-dla-pracodawc\u00f3w-w-2019-r.-Czy-prawo-autorskie-zmieni-si\u0119-13-grudnia-22-listopada-wa\u017cne-zmiany-dla-pracownik\u00f3w-i-pracodawc\u00f3w.png\",\"width\":960,\"height\":540,\"caption\":\"Nowe obci\u0105\u017cenia prawne dla pracodawc\u00f3w w 2019 r. Czy prawo autorskie zmieni si\u0119 13 grudnia 22 listopada, wa\u017cne zmiany dla pracownik\u00f3w i pracodawc\u00f3w\"},{\"@type\":\"BreadcrumbList\",\"@id\":\"https:\\\/\\\/legiobiznes.pl\\\/I\\\/nowe-obciazenia-prawne-dla-pracodawcow-w-2019-r-czy-prawo-autorskie-zmieni-sie-13-grudnia-22-listopada-wazne-zmiany-dla-pracownikow-i-pracodawcow\\\/#breadcrumb\",\"itemListElement\":[{\"@type\":\"ListItem\",\"position\":1,\"name\":\"Strona g\u0142\u00f3wna\",\"item\":\"https:\\\/\\\/legiobiznes.pl\\\/I\\\/\"},{\"@type\":\"ListItem\",\"position\":2,\"name\":\"Nowe obci\u0105\u017cenia prawne dla pracodawc\u00f3w w 2019 r. Czy prawo autorskie zmieni si\u0119 13 grudnia? 22 listopada, wa\u017cne zmiany dla pracownik\u00f3w i pracodawc\u00f3w\"}]},{\"@type\":\"WebSite\",\"@id\":\"https:\\\/\\\/legiobiznes.pl\\\/I\\\/#website\",\"url\":\"https:\\\/\\\/legiobiznes.pl\\\/I\\\/\",\"name\":\"Legiobiznes.pl\",\"description\":\"Kryptowaluty, Bezpiecze\u0144stwo IT, E-biznes | LegioBiznes.PL\",\"publisher\":{\"@id\":\"https:\\\/\\\/legiobiznes.pl\\\/I\\\/#organization\"},\"potentialAction\":[{\"@type\":\"SearchAction\",\"target\":{\"@type\":\"EntryPoint\",\"urlTemplate\":\"https:\\\/\\\/legiobiznes.pl\\\/I\\\/?s={search_term_string}\"},\"query-input\":{\"@type\":\"PropertyValueSpecification\",\"valueRequired\":true,\"valueName\":\"search_term_string\"}}],\"inLanguage\":\"pl-PL\"},{\"@type\":\"Organization\",\"@id\":\"https:\\\/\\\/legiobiznes.pl\\\/I\\\/#organization\",\"name\":\"LegioBiznes.PL\",\"url\":\"https:\\\/\\\/legiobiznes.pl\\\/I\\\/\",\"logo\":{\"@type\":\"ImageObject\",\"inLanguage\":\"pl-PL\",\"@id\":\"https:\\\/\\\/legiobiznes.pl\\\/I\\\/#\\\/schema\\\/logo\\\/image\\\/\",\"url\":\"https:\\\/\\\/legiobiznes.pl\\\/I\\\/wp-content\\\/uploads\\\/2017\\\/08\\\/legiobiznespl-logo2-e1503834302371.png\",\"contentUrl\":\"https:\\\/\\\/legiobiznes.pl\\\/I\\\/wp-content\\\/uploads\\\/2017\\\/08\\\/legiobiznespl-logo2-e1503834302371.png\",\"width\":180,\"height\":76,\"caption\":\"LegioBiznes.PL\"},\"image\":{\"@id\":\"https:\\\/\\\/legiobiznes.pl\\\/I\\\/#\\\/schema\\\/logo\\\/image\\\/\"},\"sameAs\":[\"https:\\\/\\\/www.facebook.com\\\/LegioBiznes\\\/\",\"https:\\\/\\\/x.com\\\/LegioBiznesPL\",\"https:\\\/\\\/www.youtube.com\\\/channel\\\/UCEhszB39vxk96yIXD-jOORw\"]},{\"@type\":\"Person\",\"@id\":\"https:\\\/\\\/legiobiznes.pl\\\/I\\\/#\\\/schema\\\/person\\\/33c4505a5d28a7c944baf038996052d4\",\"name\":\"Legiobiznes.pl\",\"image\":{\"@type\":\"ImageObject\",\"inLanguage\":\"pl-PL\",\"@id\":\"https:\\\/\\\/legiobiznes.pl\\\/I\\\/wp-content\\\/uploads\\\/2019\\\/07\\\/favicon-Legiobiznes-150x150.png\",\"url\":\"https:\\\/\\\/legiobiznes.pl\\\/I\\\/wp-content\\\/uploads\\\/2019\\\/07\\\/favicon-Legiobiznes-150x150.png\",\"contentUrl\":\"https:\\\/\\\/legiobiznes.pl\\\/I\\\/wp-content\\\/uploads\\\/2019\\\/07\\\/favicon-Legiobiznes-150x150.png\",\"caption\":\"Legiobiznes.pl\"},\"description\":\"Budowa i tworzenie profesjonalnych, responsywnych (RWD) stron www. Pozycjonowanie SEO, sklepy internetowe eSklep...\",\"url\":\"https:\\\/\\\/legiobiznes.pl\\\/I\\\/author\\\/boss\\\/\"}]}<\/script>\n<!-- \/ Yoast SEO plugin. -->","yoast_head_json":{"title":"Nowe obci\u0105\u017cenia prawne dla pracodawc\u00f3w w 2019 r. Czy prawo autorskie zmieni si\u0119 13 grudnia? 22 listopada, wa\u017cne zmiany dla pracownik\u00f3w i pracodawc\u00f3w &#187; Legiobiznes.pl","description":"Nowe obci\u0105\u017cenia prawne dla pracodawc\u00f3w w 2019 r. Czy prawo autorskie zmieni si\u0119 13 grudnia? 22 listopada, wa\u017cne zmiany dla pracownik\u00f3w i pracodawc\u00f3w","robots":{"index":"index","follow":"follow","max-snippet":"max-snippet:-1","max-image-preview":"max-image-preview:large","max-video-preview":"max-video-preview:-1"},"canonical":"https:\/\/legiobiznes.pl\/I\/nowe-obciazenia-prawne-dla-pracodawcow-w-2019-r-czy-prawo-autorskie-zmieni-sie-13-grudnia-22-listopada-wazne-zmiany-dla-pracownikow-i-pracodawcow\/","og_locale":"pl_PL","og_type":"article","og_title":"Nowe obci\u0105\u017cenia prawne dla pracodawc\u00f3w w 2019 r. Czy prawo autorskie zmieni si\u0119 13 grudnia? 22 listopada, wa\u017cne zmiany dla pracownik\u00f3w i pracodawc\u00f3w &#187; Legiobiznes.pl","og_description":"Nowe obci\u0105\u017cenia prawne dla pracodawc\u00f3w w 2019 r. Czy prawo autorskie zmieni si\u0119 13 grudnia? 22 listopada, wa\u017cne zmiany dla pracownik\u00f3w i pracodawc\u00f3w","og_url":"https:\/\/legiobiznes.pl\/I\/nowe-obciazenia-prawne-dla-pracodawcow-w-2019-r-czy-prawo-autorskie-zmieni-sie-13-grudnia-22-listopada-wazne-zmiany-dla-pracownikow-i-pracodawcow\/","og_site_name":"Legiobiznes.pl","article_publisher":"https:\/\/www.facebook.com\/LegioBiznes\/","article_published_time":"2018-11-22T14:47:48+00:00","article_modified_time":"2020-10-27T14:37:46+00:00","og_image":[{"width":960,"height":540,"url":"https:\/\/legiobiznes.pl\/I\/wp-content\/uploads\/2018\/11\/Nowe-obci\u0105\u017cenia-prawne-dla-pracodawc\u00f3w-w-2019-r.-Czy-prawo-autorskie-zmieni-si\u0119-13-grudnia-22-listopada-wa\u017cne-zmiany-dla-pracownik\u00f3w-i-pracodawc\u00f3w.png","type":"image\/png"}],"author":"Legiobiznes.pl","twitter_card":"summary_large_image","twitter_creator":"@LegioBiznesPL","twitter_site":"@LegioBiznesPL","twitter_misc":{"Napisane przez":"Legiobiznes.pl","Szacowany czas czytania":"5 minut"},"schema":{"@context":"https:\/\/schema.org","@graph":[{"@type":"Article","@id":"https:\/\/legiobiznes.pl\/I\/nowe-obciazenia-prawne-dla-pracodawcow-w-2019-r-czy-prawo-autorskie-zmieni-sie-13-grudnia-22-listopada-wazne-zmiany-dla-pracownikow-i-pracodawcow\/#article","isPartOf":{"@id":"https:\/\/legiobiznes.pl\/I\/nowe-obciazenia-prawne-dla-pracodawcow-w-2019-r-czy-prawo-autorskie-zmieni-sie-13-grudnia-22-listopada-wazne-zmiany-dla-pracownikow-i-pracodawcow\/"},"author":{"name":"Legiobiznes.pl","@id":"https:\/\/legiobiznes.pl\/I\/#\/schema\/person\/33c4505a5d28a7c944baf038996052d4"},"headline":"Nowe obci\u0105\u017cenia prawne dla pracodawc\u00f3w w 2019 r. Czy prawo autorskie zmieni si\u0119 13 grudnia? 22 listopada, wa\u017cne zmiany dla pracownik\u00f3w i pracodawc\u00f3w","datePublished":"2018-11-22T14:47:48+00:00","dateModified":"2020-10-27T14:37:46+00:00","mainEntityOfPage":{"@id":"https:\/\/legiobiznes.pl\/I\/nowe-obciazenia-prawne-dla-pracodawcow-w-2019-r-czy-prawo-autorskie-zmieni-sie-13-grudnia-22-listopada-wazne-zmiany-dla-pracownikow-i-pracodawcow\/"},"wordCount":982,"commentCount":0,"publisher":{"@id":"https:\/\/legiobiznes.pl\/I\/#organization"},"image":{"@id":"https:\/\/legiobiznes.pl\/I\/nowe-obciazenia-prawne-dla-pracodawcow-w-2019-r-czy-prawo-autorskie-zmieni-sie-13-grudnia-22-listopada-wazne-zmiany-dla-pracownikow-i-pracodawcow\/#primaryimage"},"thumbnailUrl":"https:\/\/legiobiznes.pl\/I\/wp-content\/uploads\/2018\/11\/Nowe-obci\u0105\u017cenia-prawne-dla-pracodawc\u00f3w-w-2019-r.-Czy-prawo-autorskie-zmieni-si\u0119-13-grudnia-22-listopada-wa\u017cne-zmiany-dla-pracownik\u00f3w-i-pracodawc\u00f3w.png","keywords":["ACTA 2","akta osobowe","akta p\u0142acowe","marketing","obci\u0105\u017cenia prawne","pracodawca","pracownik","prawo","prawo autorskie","RODO"],"articleSection":["Prawo"],"inLanguage":"pl-PL","potentialAction":[{"@type":"CommentAction","name":"Comment","target":["https:\/\/legiobiznes.pl\/I\/nowe-obciazenia-prawne-dla-pracodawcow-w-2019-r-czy-prawo-autorskie-zmieni-sie-13-grudnia-22-listopada-wazne-zmiany-dla-pracownikow-i-pracodawcow\/#respond"]}]},{"@type":"WebPage","@id":"https:\/\/legiobiznes.pl\/I\/nowe-obciazenia-prawne-dla-pracodawcow-w-2019-r-czy-prawo-autorskie-zmieni-sie-13-grudnia-22-listopada-wazne-zmiany-dla-pracownikow-i-pracodawcow\/","url":"https:\/\/legiobiznes.pl\/I\/nowe-obciazenia-prawne-dla-pracodawcow-w-2019-r-czy-prawo-autorskie-zmieni-sie-13-grudnia-22-listopada-wazne-zmiany-dla-pracownikow-i-pracodawcow\/","name":"Nowe obci\u0105\u017cenia prawne dla pracodawc\u00f3w w 2019 r. Czy prawo autorskie zmieni si\u0119 13 grudnia? 22 listopada, wa\u017cne zmiany dla pracownik\u00f3w i pracodawc\u00f3w &#187; Legiobiznes.pl","isPartOf":{"@id":"https:\/\/legiobiznes.pl\/I\/#website"},"primaryImageOfPage":{"@id":"https:\/\/legiobiznes.pl\/I\/nowe-obciazenia-prawne-dla-pracodawcow-w-2019-r-czy-prawo-autorskie-zmieni-sie-13-grudnia-22-listopada-wazne-zmiany-dla-pracownikow-i-pracodawcow\/#primaryimage"},"image":{"@id":"https:\/\/legiobiznes.pl\/I\/nowe-obciazenia-prawne-dla-pracodawcow-w-2019-r-czy-prawo-autorskie-zmieni-sie-13-grudnia-22-listopada-wazne-zmiany-dla-pracownikow-i-pracodawcow\/#primaryimage"},"thumbnailUrl":"https:\/\/legiobiznes.pl\/I\/wp-content\/uploads\/2018\/11\/Nowe-obci\u0105\u017cenia-prawne-dla-pracodawc\u00f3w-w-2019-r.-Czy-prawo-autorskie-zmieni-si\u0119-13-grudnia-22-listopada-wa\u017cne-zmiany-dla-pracownik\u00f3w-i-pracodawc\u00f3w.png","datePublished":"2018-11-22T14:47:48+00:00","dateModified":"2020-10-27T14:37:46+00:00","description":"Nowe obci\u0105\u017cenia prawne dla pracodawc\u00f3w w 2019 r. Czy prawo autorskie zmieni si\u0119 13 grudnia? 22 listopada, wa\u017cne zmiany dla pracownik\u00f3w i pracodawc\u00f3w","breadcrumb":{"@id":"https:\/\/legiobiznes.pl\/I\/nowe-obciazenia-prawne-dla-pracodawcow-w-2019-r-czy-prawo-autorskie-zmieni-sie-13-grudnia-22-listopada-wazne-zmiany-dla-pracownikow-i-pracodawcow\/#breadcrumb"},"inLanguage":"pl-PL","potentialAction":[{"@type":"ReadAction","target":["https:\/\/legiobiznes.pl\/I\/nowe-obciazenia-prawne-dla-pracodawcow-w-2019-r-czy-prawo-autorskie-zmieni-sie-13-grudnia-22-listopada-wazne-zmiany-dla-pracownikow-i-pracodawcow\/"]}]},{"@type":"ImageObject","inLanguage":"pl-PL","@id":"https:\/\/legiobiznes.pl\/I\/nowe-obciazenia-prawne-dla-pracodawcow-w-2019-r-czy-prawo-autorskie-zmieni-sie-13-grudnia-22-listopada-wazne-zmiany-dla-pracownikow-i-pracodawcow\/#primaryimage","url":"https:\/\/legiobiznes.pl\/I\/wp-content\/uploads\/2018\/11\/Nowe-obci\u0105\u017cenia-prawne-dla-pracodawc\u00f3w-w-2019-r.-Czy-prawo-autorskie-zmieni-si\u0119-13-grudnia-22-listopada-wa\u017cne-zmiany-dla-pracownik\u00f3w-i-pracodawc\u00f3w.png","contentUrl":"https:\/\/legiobiznes.pl\/I\/wp-content\/uploads\/2018\/11\/Nowe-obci\u0105\u017cenia-prawne-dla-pracodawc\u00f3w-w-2019-r.-Czy-prawo-autorskie-zmieni-si\u0119-13-grudnia-22-listopada-wa\u017cne-zmiany-dla-pracownik\u00f3w-i-pracodawc\u00f3w.png","width":960,"height":540,"caption":"Nowe obci\u0105\u017cenia prawne dla pracodawc\u00f3w w 2019 r. Czy prawo autorskie zmieni si\u0119 13 grudnia 22 listopada, wa\u017cne zmiany dla pracownik\u00f3w i pracodawc\u00f3w"},{"@type":"BreadcrumbList","@id":"https:\/\/legiobiznes.pl\/I\/nowe-obciazenia-prawne-dla-pracodawcow-w-2019-r-czy-prawo-autorskie-zmieni-sie-13-grudnia-22-listopada-wazne-zmiany-dla-pracownikow-i-pracodawcow\/#breadcrumb","itemListElement":[{"@type":"ListItem","position":1,"name":"Strona g\u0142\u00f3wna","item":"https:\/\/legiobiznes.pl\/I\/"},{"@type":"ListItem","position":2,"name":"Nowe obci\u0105\u017cenia prawne dla pracodawc\u00f3w w 2019 r. Czy prawo autorskie zmieni si\u0119 13 grudnia? 22 listopada, wa\u017cne zmiany dla pracownik\u00f3w i pracodawc\u00f3w"}]},{"@type":"WebSite","@id":"https:\/\/legiobiznes.pl\/I\/#website","url":"https:\/\/legiobiznes.pl\/I\/","name":"Legiobiznes.pl","description":"Kryptowaluty, Bezpiecze\u0144stwo IT, E-biznes | LegioBiznes.PL","publisher":{"@id":"https:\/\/legiobiznes.pl\/I\/#organization"},"potentialAction":[{"@type":"SearchAction","target":{"@type":"EntryPoint","urlTemplate":"https:\/\/legiobiznes.pl\/I\/?s={search_term_string}"},"query-input":{"@type":"PropertyValueSpecification","valueRequired":true,"valueName":"search_term_string"}}],"inLanguage":"pl-PL"},{"@type":"Organization","@id":"https:\/\/legiobiznes.pl\/I\/#organization","name":"LegioBiznes.PL","url":"https:\/\/legiobiznes.pl\/I\/","logo":{"@type":"ImageObject","inLanguage":"pl-PL","@id":"https:\/\/legiobiznes.pl\/I\/#\/schema\/logo\/image\/","url":"https:\/\/legiobiznes.pl\/I\/wp-content\/uploads\/2017\/08\/legiobiznespl-logo2-e1503834302371.png","contentUrl":"https:\/\/legiobiznes.pl\/I\/wp-content\/uploads\/2017\/08\/legiobiznespl-logo2-e1503834302371.png","width":180,"height":76,"caption":"LegioBiznes.PL"},"image":{"@id":"https:\/\/legiobiznes.pl\/I\/#\/schema\/logo\/image\/"},"sameAs":["https:\/\/www.facebook.com\/LegioBiznes\/","https:\/\/x.com\/LegioBiznesPL","https:\/\/www.youtube.com\/channel\/UCEhszB39vxk96yIXD-jOORw"]},{"@type":"Person","@id":"https:\/\/legiobiznes.pl\/I\/#\/schema\/person\/33c4505a5d28a7c944baf038996052d4","name":"Legiobiznes.pl","image":{"@type":"ImageObject","inLanguage":"pl-PL","@id":"https:\/\/legiobiznes.pl\/I\/wp-content\/uploads\/2019\/07\/favicon-Legiobiznes-150x150.png","url":"https:\/\/legiobiznes.pl\/I\/wp-content\/uploads\/2019\/07\/favicon-Legiobiznes-150x150.png","contentUrl":"https:\/\/legiobiznes.pl\/I\/wp-content\/uploads\/2019\/07\/favicon-Legiobiznes-150x150.png","caption":"Legiobiznes.pl"},"description":"Budowa i tworzenie profesjonalnych, responsywnych (RWD) stron www. Pozycjonowanie SEO, sklepy internetowe eSklep...","url":"https:\/\/legiobiznes.pl\/I\/author\/boss\/"}]}},"_links":{"self":[{"href":"https:\/\/legiobiznes.pl\/I\/wp-json\/wp\/v2\/posts\/900030","targetHints":{"allow":["GET"]}}],"collection":[{"href":"https:\/\/legiobiznes.pl\/I\/wp-json\/wp\/v2\/posts"}],"about":[{"href":"https:\/\/legiobiznes.pl\/I\/wp-json\/wp\/v2\/types\/post"}],"author":[{"embeddable":true,"href":"https:\/\/legiobiznes.pl\/I\/wp-json\/wp\/v2\/users\/1"}],"replies":[{"embeddable":true,"href":"https:\/\/legiobiznes.pl\/I\/wp-json\/wp\/v2\/comments?post=900030"}],"version-history":[{"count":0,"href":"https:\/\/legiobiznes.pl\/I\/wp-json\/wp\/v2\/posts\/900030\/revisions"}],"wp:featuredmedia":[{"embeddable":true,"href":"https:\/\/legiobiznes.pl\/I\/wp-json\/wp\/v2\/media\/900031"}],"wp:attachment":[{"href":"https:\/\/legiobiznes.pl\/I\/wp-json\/wp\/v2\/media?parent=900030"}],"wp:term":[{"taxonomy":"category","embeddable":true,"href":"https:\/\/legiobiznes.pl\/I\/wp-json\/wp\/v2\/categories?post=900030"},{"taxonomy":"post_tag","embeddable":true,"href":"https:\/\/legiobiznes.pl\/I\/wp-json\/wp\/v2\/tags?post=900030"}],"curies":[{"name":"wp","href":"https:\/\/api.w.org\/{rel}","templated":true}]}}