{"id":983587,"date":"2019-01-22T15:46:04","date_gmt":"2019-01-22T13:46:04","guid":{"rendered":"https:\/\/legiobiznes.pl\/I\/?p=983587"},"modified":"2019-01-22T15:46:32","modified_gmt":"2019-01-22T13:46:32","slug":"klopoty-przedsiebiorcow-likwidacja-uzytkowania-wieczystego-e-dowod-w-polsce-juz-wkrotce-dalsze-ograniczanie-handlu-w-niedziele-acta-2-polska","status":"publish","type":"post","link":"https:\/\/legiobiznes.pl\/I\/klopoty-przedsiebiorcow-likwidacja-uzytkowania-wieczystego-e-dowod-w-polsce-juz-wkrotce-dalsze-ograniczanie-handlu-w-niedziele-acta-2-polska\/","title":{"rendered":"K\u0142opoty przedsi\u0119biorc\u00f3w, likwidacj\u0105 u\u017cytkowania wieczystego. E-dow\u00f3d w Polsce ju\u017c wkr\u00f3tce. Dalsze ograniczanie handlu w niedziele . ACTA 2 \u2013 Polska"},"content":{"rendered":"<h2><strong>Nowe k\u0142opoty przedsi\u0119biorc\u00f3w spowodowane likwidacj\u0105 u\u017cytkowania wieczystego<\/strong><\/h2>\n<h4>Je\u017celi przedsi\u0119biorcy chc\u0105 unikn\u0105\u0107 ryzyka na\u0142o\u017cenia na nich dop\u0142aty z tytu\u0142u pomocy publicznej w zwi\u0105zku z przekszta\u0142ceniem u\u017cytkowania wieczystego gruntu, zabudowanego na cele mieszkaniowe, we w\u0142asno\u015b\u0107 tych grunt\u00f3w, to musz\u0105 si\u0119 \u015bpieszy\u0107. Maj\u0105 na to trzy miesi\u0105ce.<\/h4>\n<p>W zwi\u0105zku z nowelizacj\u0105 ustawy przedsi\u0119biorcy maj\u0105 prawo do wniesienia do w\u0142a\u015bciwego organu w odniesieniu do nieruchomo\u015bci wykorzystywanej do prowadzenia dzia\u0142alno\u015bci gospodarczej o\u015bwiadczenia o zamiarze wnoszenia op\u0142aty w odpowiednio wyd\u0142u\u017conym okresie, nawet do 99 lat&#8230;<\/p>\n<a href=\"https:\/\/mambiznes.pl\/wlasny-biznes\/nowe-klopoty-przedsiebiorcow-spowodowane-likwidacja-uzytkowania-wieczystego-89640\" target=\"_blank\" class=\"shortc-button medium red \">Wi\u0119cej dowiesz si\u0119 u \u017ar\u00f3d\u0142a &gt;<\/a>\n<h2 class=\"entry_title\"><strong>E-dow\u00f3d w Polsce ju\u017c za kilka tygodni. Ministerstwa prowadz\u0105 testy w urz\u0119dach<\/strong><\/h2>\n<h4>Prace nad e-dowodami powoli dobiegaj\u0105 ko\u0144ca. Ju\u017c za kilka tygodni trafi\u0105 one do pierwszych os\u00f3b ubiegaj\u0105cych si\u0119 o wydanie nowego dowodu osobistego.<\/h4>\n<p>O dowodach osobistych z warstw\u0105 elektroniczn\u0105 s\u0142yszeli\u015bmy ju\u017c wielokrotnie. W pewnym momencie my\u015blano nawet o ca\u0142kowitym porzuceniu tego pomys\u0142u, jednak w zesz\u0142ym roku prace nad wprowadzeniem e-dowod\u00f3w znacznie przyspieszy\u0142y i oficjalnie maj\u0105 trafi\u0107 do pierwszych Polak\u00f3w ju\u017c na pocz\u0105tku marca tego roku&#8230;<\/p>\n<a href=\"https:\/\/antyweb.pl\/e-dowody-testy-urzedy\/\" target=\"_blank\" class=\"shortc-button medium red \">Wi\u0119cej dowiesz si\u0119 u \u017ar\u00f3d\u0142a &gt;<\/a>\n<h2><strong>Dalsze ograniczanie handlu w niedziele jeszcze bardziej uderzy w ma\u0142e sklepy<\/strong><\/h2>\n<h4>W dniach przed niedzielami, kt\u00f3re nie s\u0105 handlowymi, robimy zwi\u0119kszone zakupy. To uderza w drobny handel. Wprowadzenie dalszych ogranicze\u0144 tylko ten problem pog\u0142\u0119bi.<\/h4>\n<p>Takie oczekiwania, \u017ce ograniczenie handlu w niedzieli poprawi sytuacj\u0119 ma\u0142ych sklep\u00f3w, nie mia\u0142y prawa si\u0119 sprawdzi\u0107\u00a0\u2013 m\u00f3wi w rozmowie z MarketNews24 dr Bohdan Wy\u017cnikiewicz z Instytutu Prognoz i Analiz, by\u0142y prezes GUS&#8230;<\/p>\n<a href=\"https:\/\/mambiznes.pl\/wlasny-biznes\/dalsze-ograniczanie-handlu-niedziele-jeszcze-bardziej-uderzy-male-sklepy-89660\" target=\"_blank\" class=\"shortc-button medium red \">Wi\u0119cej dowiesz si\u0119 u \u017ar\u00f3d\u0142a &gt;<\/a>\n<p><center><!-- Pula: Marketing2 \/\/--><br \/>\n<script type=\"text\/javascript\">\n    document.write(unescape('%3Cscript type=\"text\/javascript\" src=\"' + document.location.protocol + \n    '\/\/ec.bankier.pl\/show2\/MzIxMjEsMjUzMjIsNDE4NzY\/' + Math.random() + '\/'+ '\"%3E%3C\/script%3E'));\n<\/script><\/center><\/p>\n<h2 class=\"title\"><strong>ACTA 2 \u2013 Polska stworzy\u0142a mniejszo\u015b\u0107 blokuj\u0105c\u0105 podczas wst\u0119pnego g\u0142osowania<\/strong><\/h2>\n<h4>W Radzie Europejskiej tworzonej przez przedstawicieli rz\u0105d\u00f3w wszystkich pa\u0144stw cz\u0142onkowskich pojawi\u0142y si\u0119 w\u0105tpliwo\u015bci w sprawie decyzji nad przyj\u0119ciem kontrowersyjnej dyrektywy zwanej potocznie\u00a0ACTA 2.<\/h4>\n<p>Wed\u0142ug informacji pochodz\u0105cych od podsekretarza stanu w Ministerstwie Kultury i Dziedzictwa Narodowego, Paw\u0142a Lewandowskiego, Polska wraz z 10 innymi krajami (m.in. Niemcami, Belgi\u0105, Holandi\u0105, Portugali\u0105, Szwecj\u0105 i W\u0142ochami) stworzy\u0142a mniejszo\u015b\u0107 blokuj\u0105c\u0105&#8230;<\/p>\n<a href=\"https:\/\/www.chip.pl\/2019\/01\/acta-2-polska-stworzyla-mniejszosc-blokujaca-podczas-wstepnego-glosowania\/\" target=\"_blank\" class=\"shortc-button medium red \">Wi\u0119cej dowiesz si\u0119 u \u017ar\u00f3d\u0142a &gt;<\/a>\n<h2><strong>Firmy maj\u0105 problem z rozliczaniem podatku od nieruchomo\u015bci<\/strong><\/h2>\n<h4>Dwie na trzy firmy w\u00a0Polsce odprowadzaj\u0105 za niski b\u0105d\u017a za wysoki podatek od nieruchomo\u015bci. Prawie po\u0142owa przedsi\u0119biorstw ma nadp\u0142aty z\u00a0tego tytu\u0142u \u2013 wynika z\u00a0analiz Ayming Polska. Eksperci podkre\u015blaj\u0105, \u017ce z\u0142o\u017cenie korekty pozwala jednak odzyska\u0107 nadp\u0142aty z\u00a0tytu\u0142u podatku od nieruchomo\u015bci do 5 lat wstecz. Z\u00a0ko\u0144cem stycznia up\u0142ywa termin sk\u0142adania deklaracji o\u00a0wysoko\u015bci podatku od nieruchomo\u015bci, wi\u0119c jest to dobry moment, \u017ceby zweryfikowa\u0107 poprawno\u015b\u0107 rozlicze\u0144.<\/h4>\n<p>Podatek od nieruchomo\u015bci to dla\u00a0przedsi\u0119biorstw istotna pozycja w\u00a0kosztach, ale jego prawid\u0142owe rozliczenie pozostaje du\u017cym wyzwaniem dla\u00a0firm. Z raportu Ayming Polska \u201ePodatek od nieruchomo\u015bci. Grunt to\u2026 rozliczy\u0107 go prawid\u0142owo\u201d wynika, \u017ce 65 proc. przedsi\u0119biorc\u00f3w w\u00a0Polsce odprowadza za niski lub za wysoki podatek od nieruchomo\u015bci, gubi\u0105c si\u0119 w\u00a0g\u0105szczu przepis\u00f3w prawno-podatkowych&#8230;<\/p>\n<a href=\"https:\/\/mambiznes.pl\/wlasny-biznes\/firmy-maja-problem-rozliczaniem-podatku-nieruchomosci-89658\" target=\"_blank\" class=\"shortc-button medium red \">Wi\u0119cej dowiesz si\u0119 u \u017ar\u00f3d\u0142a &gt;<\/a>\n<p><center><!-- Pula: Marketing \/\/--><br \/>\n<script type=\"text\/javascript\">\n    document.write(unescape('%3Cscript type=\"text\/javascript\" src=\"' + document.location.protocol + \n    '\/\/ec.bankier.pl\/show2\/MzIxMjAsMjUzMjIsNDE4NzY\/' + Math.random() + '\/'+ '\"%3E%3C\/script%3E'));\n<\/script><\/center><\/p>\n<h2><strong>Czy wirtualna sala s\u0105dowa mo\u017ce pojawi\u0107 si\u0119 w Polsce?<\/strong><\/h2>\n<h4>W polskich tradycyjnych s\u0105dach nie skontaktujesz si\u0119 z s\u0119dzi\u0105 czy sekretariatem s\u0105du przez Internet. Czy istnieje jednak w Polsce system umo\u017cliwiaj\u0105cy kontakt on-line z arbitrem w trakcie procesu gospodarczego?<\/h4>\n<p>Nadmierny formalizm i brak informacji zwrotnej o stanie sprawy to jedne z najwi\u0119kszych problem\u00f3w polskiego\u00a0<strong>wymiaru sprawiedliwo\u015bci<\/strong>. Po wniesieniu pozwu do s\u0105du powszechnego sprawa trafia na p\u00f3\u0142k\u0119. Z sekretariatem trudno si\u0119 skontaktowa\u0107. Aby pismo s\u0105dowe dotar\u0142o do strony, najpierw zleca si\u0119 asystentowi jego przygotowanie, nast\u0119pnie pismo czeka na podpis s\u0119dziego by w ko\u0144cu trafi\u0107 do os\u00f3b zajmuj\u0105cych si\u0119 wysy\u0142k\u0105 list\u00f3w poleconych. Cz\u0119sto ju\u017c sama taka operacja trwa ponad tydzie\u0144&#8230;<\/p>\n<a href=\"https:\/\/pcworld.pl\/news\/Czy-wirtualna-sala-sadowa-moze-pojawic-sie-w-Polsce,411902.html\" target=\"_blank\" class=\"shortc-button medium red \">Wi\u0119cej dowiesz si\u0119 u \u017ar\u00f3d\u0142a &gt;<\/a>\n<h2><strong>Google musi zap\u0142aci\u0107 50 mln euro kary &#8211; chodzi o RODO<\/strong><\/h2>\n<h4>Firma Google zosta\u0142a ukarana rekordowo wysok\u0105 grzywn\u0105 za naruszenie przepis\u00f3w RODO. Francuzi twierdz\u0105, \u017ce nie dba ona o przestrzeganie prawa i wyznaczaj\u0105 cen\u0119: 50 milion\u00f3w euro.<\/h4>\n<p>Wraz z\u00a0wej\u015bciem w \u017cycie RODO\u00a0mia\u0142y przychodzi\u0107 olbrzymie kary finansowe dla przedsi\u0119biorstw, ale taka naprawd\u0119 powa\u017cna grzywna zosta\u0142a zarz\u0105dzona dopiero teraz, ponad p\u00f3\u0142 roku od tego czasu. Rekordowo ukarana jest zreszt\u0105 firma, kt\u00f3rej nikomu nie trzeba przedstawia\u0107 \u2013 to\u00a0Google&#8230;<\/p>\n<a href=\"http:\/\/www.benchmark.pl\/aktualnosci\/google-musi-zaplacic-50-mln-euro-kary-chodzi-o-rodo.html\" target=\"_blank\" class=\"shortc-button medium red \">Wi\u0119cej dowiesz si\u0119 u \u017ar\u00f3d\u0142a &gt;<\/a>\n","protected":false},"excerpt":{"rendered":"<p>Nowe k\u0142opoty przedsi\u0119biorc\u00f3w spowodowane likwidacj\u0105 u\u017cytkowania wieczystego Je\u017celi przedsi\u0119biorcy chc\u0105 unikn\u0105\u0107 ryzyka na\u0142o\u017cenia na nich dop\u0142aty z tytu\u0142u pomocy publicznej w zwi\u0105zku z przekszta\u0142ceniem u\u017cytkowania wieczystego gruntu, zabudowanego na cele mieszkaniowe, we w\u0142asno\u015b\u0107 tych grunt\u00f3w, to musz\u0105 si\u0119 \u015bpieszy\u0107. Maj\u0105 na to trzy miesi\u0105ce. W zwi\u0105zku z nowelizacj\u0105 ustawy przedsi\u0119biorcy maj\u0105 prawo do wniesienia do &hellip;<\/p>\n","protected":false},"author":1,"featured_media":983588,"comment_status":"open","ping_status":"closed","sticky":false,"template":"","format":"standard","meta":{"footnotes":""},"categories":[1294],"tags":[5087,4851,1920,1365,1671,1602,2315,1380,1542,5411,5410,2950],"class_list":["post-983587","post","type-post","status-publish","format-standard","has-post-thumbnail","","category-prawo","tag-acta-2","tag-e-dowod","tag-firmy","tag-google","tag-kary","tag-nieruchomosci","tag-podatek","tag-polska","tag-rodo","tag-uzytkowanie-wieczyste-gruntu","tag-wirtualne-sady","tag-zakaz-handlu-w-niedziele"],"yoast_head":"<!-- This site is optimized with the Yoast SEO plugin v27.5 - https:\/\/yoast.com\/product\/yoast-seo-wordpress\/ -->\n<title>K\u0142opoty przedsi\u0119biorc\u00f3w, likwidacj\u0105 u\u017cytkowania wieczystego. E-dow\u00f3d w Polsce ju\u017c wkr\u00f3tce. Dalsze ograniczanie handlu w niedziele . ACTA 2 \u2013 Polska &#187; Legiobiznes.pl<\/title>\n<meta name=\"description\" content=\"K\u0142opoty przedsi\u0119biorc\u00f3w, likwidacj\u0105 u\u017cytkowania wieczystego. E-dow\u00f3d w Polsce ju\u017c wkr\u00f3tce. Dalsze ograniczanie handlu w niedziele . ACTA 2 \u2013 Polska\" \/>\n<meta name=\"robots\" content=\"index, follow, max-snippet:-1, max-image-preview:large, max-video-preview:-1\" \/>\n<link rel=\"canonical\" href=\"https:\/\/legiobiznes.pl\/I\/klopoty-przedsiebiorcow-likwidacja-uzytkowania-wieczystego-e-dowod-w-polsce-juz-wkrotce-dalsze-ograniczanie-handlu-w-niedziele-acta-2-polska\/\" \/>\n<meta property=\"og:locale\" content=\"pl_PL\" \/>\n<meta property=\"og:type\" content=\"article\" \/>\n<meta property=\"og:title\" content=\"K\u0142opoty przedsi\u0119biorc\u00f3w, likwidacj\u0105 u\u017cytkowania wieczystego. E-dow\u00f3d w Polsce ju\u017c wkr\u00f3tce. Dalsze ograniczanie handlu w niedziele . ACTA 2 \u2013 Polska &#187; Legiobiznes.pl\" \/>\n<meta property=\"og:description\" content=\"K\u0142opoty przedsi\u0119biorc\u00f3w, likwidacj\u0105 u\u017cytkowania wieczystego. E-dow\u00f3d w Polsce ju\u017c wkr\u00f3tce. Dalsze ograniczanie handlu w niedziele . ACTA 2 \u2013 Polska\" \/>\n<meta property=\"og:url\" content=\"https:\/\/legiobiznes.pl\/I\/klopoty-przedsiebiorcow-likwidacja-uzytkowania-wieczystego-e-dowod-w-polsce-juz-wkrotce-dalsze-ograniczanie-handlu-w-niedziele-acta-2-polska\/\" \/>\n<meta property=\"og:site_name\" content=\"Legiobiznes.pl\" \/>\n<meta property=\"article:publisher\" content=\"https:\/\/www.facebook.com\/LegioBiznes\/\" \/>\n<meta property=\"article:published_time\" content=\"2019-01-22T13:46:04+00:00\" \/>\n<meta property=\"article:modified_time\" content=\"2019-01-22T13:46:32+00:00\" \/>\n<meta property=\"og:image\" content=\"https:\/\/legiobiznes.pl\/I\/wp-content\/uploads\/2019\/01\/K\u0142opoty-przedsi\u0119biorc\u00f3w-likwidacj\u0105-u\u017cytkowania-wieczystego.-E-dow\u00f3d-w-Polsce-ju\u017c-wkr\u00f3tce.-Dalsze-ograniczanie-handlu-w-niedziele-.-ACTA-2-\u2013-Polska.jpg\" \/>\n\t<meta property=\"og:image:width\" content=\"960\" \/>\n\t<meta property=\"og:image:height\" content=\"720\" \/>\n\t<meta property=\"og:image:type\" content=\"image\/jpeg\" \/>\n<meta name=\"author\" content=\"Legiobiznes.pl\" \/>\n<meta name=\"twitter:card\" content=\"summary_large_image\" \/>\n<meta name=\"twitter:creator\" content=\"@LegioBiznesPL\" \/>\n<meta name=\"twitter:site\" content=\"@LegioBiznesPL\" \/>\n<meta name=\"twitter:label1\" content=\"Napisane przez\" \/>\n\t<meta name=\"twitter:data1\" content=\"Legiobiznes.pl\" \/>\n\t<meta name=\"twitter:label2\" content=\"Szacowany czas czytania\" \/>\n\t<meta name=\"twitter:data2\" content=\"4 minuty\" \/>\n<script type=\"application\/ld+json\" class=\"yoast-schema-graph\">{\"@context\":\"https:\\\/\\\/schema.org\",\"@graph\":[{\"@type\":\"Article\",\"@id\":\"https:\\\/\\\/legiobiznes.pl\\\/I\\\/klopoty-przedsiebiorcow-likwidacja-uzytkowania-wieczystego-e-dowod-w-polsce-juz-wkrotce-dalsze-ograniczanie-handlu-w-niedziele-acta-2-polska\\\/#article\",\"isPartOf\":{\"@id\":\"https:\\\/\\\/legiobiznes.pl\\\/I\\\/klopoty-przedsiebiorcow-likwidacja-uzytkowania-wieczystego-e-dowod-w-polsce-juz-wkrotce-dalsze-ograniczanie-handlu-w-niedziele-acta-2-polska\\\/\"},\"author\":{\"name\":\"Legiobiznes.pl\",\"@id\":\"https:\\\/\\\/legiobiznes.pl\\\/I\\\/#\\\/schema\\\/person\\\/33c4505a5d28a7c944baf038996052d4\"},\"headline\":\"K\u0142opoty przedsi\u0119biorc\u00f3w, likwidacj\u0105 u\u017cytkowania wieczystego. E-dow\u00f3d w Polsce ju\u017c wkr\u00f3tce. Dalsze ograniczanie handlu w niedziele . ACTA 2 \u2013 Polska\",\"datePublished\":\"2019-01-22T13:46:04+00:00\",\"dateModified\":\"2019-01-22T13:46:32+00:00\",\"mainEntityOfPage\":{\"@id\":\"https:\\\/\\\/legiobiznes.pl\\\/I\\\/klopoty-przedsiebiorcow-likwidacja-uzytkowania-wieczystego-e-dowod-w-polsce-juz-wkrotce-dalsze-ograniczanie-handlu-w-niedziele-acta-2-polska\\\/\"},\"wordCount\":919,\"commentCount\":0,\"publisher\":{\"@id\":\"https:\\\/\\\/legiobiznes.pl\\\/I\\\/#organization\"},\"image\":{\"@id\":\"https:\\\/\\\/legiobiznes.pl\\\/I\\\/klopoty-przedsiebiorcow-likwidacja-uzytkowania-wieczystego-e-dowod-w-polsce-juz-wkrotce-dalsze-ograniczanie-handlu-w-niedziele-acta-2-polska\\\/#primaryimage\"},\"thumbnailUrl\":\"https:\\\/\\\/legiobiznes.pl\\\/I\\\/wp-content\\\/uploads\\\/2019\\\/01\\\/K\u0142opoty-przedsi\u0119biorc\u00f3w-likwidacj\u0105-u\u017cytkowania-wieczystego.-E-dow\u00f3d-w-Polsce-ju\u017c-wkr\u00f3tce.-Dalsze-ograniczanie-handlu-w-niedziele-.-ACTA-2-\u2013-Polska.jpg\",\"keywords\":[\"ACTA 2\",\"e-dow\u00f3d\",\"firmy\",\"Google\",\"kary\",\"nieruchomo\u015bci\",\"podatek\",\"Polska\",\"RODO\",\"u\u017cytkowanie wieczyste gruntu\",\"wirtualne s\u0105dy\",\"zakaz handlu w niedziel\u0119\"],\"articleSection\":[\"Prawo\"],\"inLanguage\":\"pl-PL\",\"potentialAction\":[{\"@type\":\"CommentAction\",\"name\":\"Comment\",\"target\":[\"https:\\\/\\\/legiobiznes.pl\\\/I\\\/klopoty-przedsiebiorcow-likwidacja-uzytkowania-wieczystego-e-dowod-w-polsce-juz-wkrotce-dalsze-ograniczanie-handlu-w-niedziele-acta-2-polska\\\/#respond\"]}]},{\"@type\":\"WebPage\",\"@id\":\"https:\\\/\\\/legiobiznes.pl\\\/I\\\/klopoty-przedsiebiorcow-likwidacja-uzytkowania-wieczystego-e-dowod-w-polsce-juz-wkrotce-dalsze-ograniczanie-handlu-w-niedziele-acta-2-polska\\\/\",\"url\":\"https:\\\/\\\/legiobiznes.pl\\\/I\\\/klopoty-przedsiebiorcow-likwidacja-uzytkowania-wieczystego-e-dowod-w-polsce-juz-wkrotce-dalsze-ograniczanie-handlu-w-niedziele-acta-2-polska\\\/\",\"name\":\"K\u0142opoty przedsi\u0119biorc\u00f3w, likwidacj\u0105 u\u017cytkowania wieczystego. E-dow\u00f3d w Polsce ju\u017c wkr\u00f3tce. Dalsze ograniczanie handlu w niedziele . ACTA 2 \u2013 Polska &#187; Legiobiznes.pl\",\"isPartOf\":{\"@id\":\"https:\\\/\\\/legiobiznes.pl\\\/I\\\/#website\"},\"primaryImageOfPage\":{\"@id\":\"https:\\\/\\\/legiobiznes.pl\\\/I\\\/klopoty-przedsiebiorcow-likwidacja-uzytkowania-wieczystego-e-dowod-w-polsce-juz-wkrotce-dalsze-ograniczanie-handlu-w-niedziele-acta-2-polska\\\/#primaryimage\"},\"image\":{\"@id\":\"https:\\\/\\\/legiobiznes.pl\\\/I\\\/klopoty-przedsiebiorcow-likwidacja-uzytkowania-wieczystego-e-dowod-w-polsce-juz-wkrotce-dalsze-ograniczanie-handlu-w-niedziele-acta-2-polska\\\/#primaryimage\"},\"thumbnailUrl\":\"https:\\\/\\\/legiobiznes.pl\\\/I\\\/wp-content\\\/uploads\\\/2019\\\/01\\\/K\u0142opoty-przedsi\u0119biorc\u00f3w-likwidacj\u0105-u\u017cytkowania-wieczystego.-E-dow\u00f3d-w-Polsce-ju\u017c-wkr\u00f3tce.-Dalsze-ograniczanie-handlu-w-niedziele-.-ACTA-2-\u2013-Polska.jpg\",\"datePublished\":\"2019-01-22T13:46:04+00:00\",\"dateModified\":\"2019-01-22T13:46:32+00:00\",\"description\":\"K\u0142opoty przedsi\u0119biorc\u00f3w, likwidacj\u0105 u\u017cytkowania wieczystego. E-dow\u00f3d w Polsce ju\u017c wkr\u00f3tce. Dalsze ograniczanie handlu w niedziele . ACTA 2 \u2013 Polska\",\"breadcrumb\":{\"@id\":\"https:\\\/\\\/legiobiznes.pl\\\/I\\\/klopoty-przedsiebiorcow-likwidacja-uzytkowania-wieczystego-e-dowod-w-polsce-juz-wkrotce-dalsze-ograniczanie-handlu-w-niedziele-acta-2-polska\\\/#breadcrumb\"},\"inLanguage\":\"pl-PL\",\"potentialAction\":[{\"@type\":\"ReadAction\",\"target\":[\"https:\\\/\\\/legiobiznes.pl\\\/I\\\/klopoty-przedsiebiorcow-likwidacja-uzytkowania-wieczystego-e-dowod-w-polsce-juz-wkrotce-dalsze-ograniczanie-handlu-w-niedziele-acta-2-polska\\\/\"]}]},{\"@type\":\"ImageObject\",\"inLanguage\":\"pl-PL\",\"@id\":\"https:\\\/\\\/legiobiznes.pl\\\/I\\\/klopoty-przedsiebiorcow-likwidacja-uzytkowania-wieczystego-e-dowod-w-polsce-juz-wkrotce-dalsze-ograniczanie-handlu-w-niedziele-acta-2-polska\\\/#primaryimage\",\"url\":\"https:\\\/\\\/legiobiznes.pl\\\/I\\\/wp-content\\\/uploads\\\/2019\\\/01\\\/K\u0142opoty-przedsi\u0119biorc\u00f3w-likwidacj\u0105-u\u017cytkowania-wieczystego.-E-dow\u00f3d-w-Polsce-ju\u017c-wkr\u00f3tce.-Dalsze-ograniczanie-handlu-w-niedziele-.-ACTA-2-\u2013-Polska.jpg\",\"contentUrl\":\"https:\\\/\\\/legiobiznes.pl\\\/I\\\/wp-content\\\/uploads\\\/2019\\\/01\\\/K\u0142opoty-przedsi\u0119biorc\u00f3w-likwidacj\u0105-u\u017cytkowania-wieczystego.-E-dow\u00f3d-w-Polsce-ju\u017c-wkr\u00f3tce.-Dalsze-ograniczanie-handlu-w-niedziele-.-ACTA-2-\u2013-Polska.jpg\",\"width\":960,\"height\":720,\"caption\":\"K\u0142opoty przedsi\u0119biorc\u00f3w, likwidacj\u0105 u\u017cytkowania wieczystego. E-dow\u00f3d w Polsce ju\u017c wkr\u00f3tce. Dalsze ograniczanie handlu w niedziele . ACTA 2 \u2013 Polska\"},{\"@type\":\"BreadcrumbList\",\"@id\":\"https:\\\/\\\/legiobiznes.pl\\\/I\\\/klopoty-przedsiebiorcow-likwidacja-uzytkowania-wieczystego-e-dowod-w-polsce-juz-wkrotce-dalsze-ograniczanie-handlu-w-niedziele-acta-2-polska\\\/#breadcrumb\",\"itemListElement\":[{\"@type\":\"ListItem\",\"position\":1,\"name\":\"Strona g\u0142\u00f3wna\",\"item\":\"https:\\\/\\\/legiobiznes.pl\\\/I\\\/\"},{\"@type\":\"ListItem\",\"position\":2,\"name\":\"K\u0142opoty przedsi\u0119biorc\u00f3w, likwidacj\u0105 u\u017cytkowania wieczystego. E-dow\u00f3d w Polsce ju\u017c wkr\u00f3tce. Dalsze ograniczanie handlu w niedziele . ACTA 2 \u2013 Polska\"}]},{\"@type\":\"WebSite\",\"@id\":\"https:\\\/\\\/legiobiznes.pl\\\/I\\\/#website\",\"url\":\"https:\\\/\\\/legiobiznes.pl\\\/I\\\/\",\"name\":\"Legiobiznes.pl\",\"description\":\"Kryptowaluty, Bezpiecze\u0144stwo IT, E-biznes | LegioBiznes.PL\",\"publisher\":{\"@id\":\"https:\\\/\\\/legiobiznes.pl\\\/I\\\/#organization\"},\"potentialAction\":[{\"@type\":\"SearchAction\",\"target\":{\"@type\":\"EntryPoint\",\"urlTemplate\":\"https:\\\/\\\/legiobiznes.pl\\\/I\\\/?s={search_term_string}\"},\"query-input\":{\"@type\":\"PropertyValueSpecification\",\"valueRequired\":true,\"valueName\":\"search_term_string\"}}],\"inLanguage\":\"pl-PL\"},{\"@type\":\"Organization\",\"@id\":\"https:\\\/\\\/legiobiznes.pl\\\/I\\\/#organization\",\"name\":\"LegioBiznes.PL\",\"url\":\"https:\\\/\\\/legiobiznes.pl\\\/I\\\/\",\"logo\":{\"@type\":\"ImageObject\",\"inLanguage\":\"pl-PL\",\"@id\":\"https:\\\/\\\/legiobiznes.pl\\\/I\\\/#\\\/schema\\\/logo\\\/image\\\/\",\"url\":\"https:\\\/\\\/legiobiznes.pl\\\/I\\\/wp-content\\\/uploads\\\/2017\\\/08\\\/legiobiznespl-logo2-e1503834302371.png\",\"contentUrl\":\"https:\\\/\\\/legiobiznes.pl\\\/I\\\/wp-content\\\/uploads\\\/2017\\\/08\\\/legiobiznespl-logo2-e1503834302371.png\",\"width\":180,\"height\":76,\"caption\":\"LegioBiznes.PL\"},\"image\":{\"@id\":\"https:\\\/\\\/legiobiznes.pl\\\/I\\\/#\\\/schema\\\/logo\\\/image\\\/\"},\"sameAs\":[\"https:\\\/\\\/www.facebook.com\\\/LegioBiznes\\\/\",\"https:\\\/\\\/x.com\\\/LegioBiznesPL\",\"https:\\\/\\\/www.youtube.com\\\/channel\\\/UCEhszB39vxk96yIXD-jOORw\"]},{\"@type\":\"Person\",\"@id\":\"https:\\\/\\\/legiobiznes.pl\\\/I\\\/#\\\/schema\\\/person\\\/33c4505a5d28a7c944baf038996052d4\",\"name\":\"Legiobiznes.pl\",\"image\":{\"@type\":\"ImageObject\",\"inLanguage\":\"pl-PL\",\"@id\":\"https:\\\/\\\/legiobiznes.pl\\\/I\\\/wp-content\\\/uploads\\\/2019\\\/07\\\/favicon-Legiobiznes-150x150.png\",\"url\":\"https:\\\/\\\/legiobiznes.pl\\\/I\\\/wp-content\\\/uploads\\\/2019\\\/07\\\/favicon-Legiobiznes-150x150.png\",\"contentUrl\":\"https:\\\/\\\/legiobiznes.pl\\\/I\\\/wp-content\\\/uploads\\\/2019\\\/07\\\/favicon-Legiobiznes-150x150.png\",\"caption\":\"Legiobiznes.pl\"},\"description\":\"Budowa i tworzenie profesjonalnych, responsywnych (RWD) stron www. Pozycjonowanie SEO, sklepy internetowe eSklep...\",\"url\":\"https:\\\/\\\/legiobiznes.pl\\\/I\\\/author\\\/boss\\\/\"}]}<\/script>\n<!-- \/ Yoast SEO plugin. -->","yoast_head_json":{"title":"K\u0142opoty przedsi\u0119biorc\u00f3w, likwidacj\u0105 u\u017cytkowania wieczystego. E-dow\u00f3d w Polsce ju\u017c wkr\u00f3tce. Dalsze ograniczanie handlu w niedziele . ACTA 2 \u2013 Polska &#187; Legiobiznes.pl","description":"K\u0142opoty przedsi\u0119biorc\u00f3w, likwidacj\u0105 u\u017cytkowania wieczystego. E-dow\u00f3d w Polsce ju\u017c wkr\u00f3tce. Dalsze ograniczanie handlu w niedziele . ACTA 2 \u2013 Polska","robots":{"index":"index","follow":"follow","max-snippet":"max-snippet:-1","max-image-preview":"max-image-preview:large","max-video-preview":"max-video-preview:-1"},"canonical":"https:\/\/legiobiznes.pl\/I\/klopoty-przedsiebiorcow-likwidacja-uzytkowania-wieczystego-e-dowod-w-polsce-juz-wkrotce-dalsze-ograniczanie-handlu-w-niedziele-acta-2-polska\/","og_locale":"pl_PL","og_type":"article","og_title":"K\u0142opoty przedsi\u0119biorc\u00f3w, likwidacj\u0105 u\u017cytkowania wieczystego. E-dow\u00f3d w Polsce ju\u017c wkr\u00f3tce. Dalsze ograniczanie handlu w niedziele . ACTA 2 \u2013 Polska &#187; Legiobiznes.pl","og_description":"K\u0142opoty przedsi\u0119biorc\u00f3w, likwidacj\u0105 u\u017cytkowania wieczystego. E-dow\u00f3d w Polsce ju\u017c wkr\u00f3tce. Dalsze ograniczanie handlu w niedziele . ACTA 2 \u2013 Polska","og_url":"https:\/\/legiobiznes.pl\/I\/klopoty-przedsiebiorcow-likwidacja-uzytkowania-wieczystego-e-dowod-w-polsce-juz-wkrotce-dalsze-ograniczanie-handlu-w-niedziele-acta-2-polska\/","og_site_name":"Legiobiznes.pl","article_publisher":"https:\/\/www.facebook.com\/LegioBiznes\/","article_published_time":"2019-01-22T13:46:04+00:00","article_modified_time":"2019-01-22T13:46:32+00:00","og_image":[{"width":960,"height":720,"url":"https:\/\/legiobiznes.pl\/I\/wp-content\/uploads\/2019\/01\/K\u0142opoty-przedsi\u0119biorc\u00f3w-likwidacj\u0105-u\u017cytkowania-wieczystego.-E-dow\u00f3d-w-Polsce-ju\u017c-wkr\u00f3tce.-Dalsze-ograniczanie-handlu-w-niedziele-.-ACTA-2-\u2013-Polska.jpg","type":"image\/jpeg"}],"author":"Legiobiznes.pl","twitter_card":"summary_large_image","twitter_creator":"@LegioBiznesPL","twitter_site":"@LegioBiznesPL","twitter_misc":{"Napisane przez":"Legiobiznes.pl","Szacowany czas czytania":"4 minuty"},"schema":{"@context":"https:\/\/schema.org","@graph":[{"@type":"Article","@id":"https:\/\/legiobiznes.pl\/I\/klopoty-przedsiebiorcow-likwidacja-uzytkowania-wieczystego-e-dowod-w-polsce-juz-wkrotce-dalsze-ograniczanie-handlu-w-niedziele-acta-2-polska\/#article","isPartOf":{"@id":"https:\/\/legiobiznes.pl\/I\/klopoty-przedsiebiorcow-likwidacja-uzytkowania-wieczystego-e-dowod-w-polsce-juz-wkrotce-dalsze-ograniczanie-handlu-w-niedziele-acta-2-polska\/"},"author":{"name":"Legiobiznes.pl","@id":"https:\/\/legiobiznes.pl\/I\/#\/schema\/person\/33c4505a5d28a7c944baf038996052d4"},"headline":"K\u0142opoty przedsi\u0119biorc\u00f3w, likwidacj\u0105 u\u017cytkowania wieczystego. E-dow\u00f3d w Polsce ju\u017c wkr\u00f3tce. Dalsze ograniczanie handlu w niedziele . ACTA 2 \u2013 Polska","datePublished":"2019-01-22T13:46:04+00:00","dateModified":"2019-01-22T13:46:32+00:00","mainEntityOfPage":{"@id":"https:\/\/legiobiznes.pl\/I\/klopoty-przedsiebiorcow-likwidacja-uzytkowania-wieczystego-e-dowod-w-polsce-juz-wkrotce-dalsze-ograniczanie-handlu-w-niedziele-acta-2-polska\/"},"wordCount":919,"commentCount":0,"publisher":{"@id":"https:\/\/legiobiznes.pl\/I\/#organization"},"image":{"@id":"https:\/\/legiobiznes.pl\/I\/klopoty-przedsiebiorcow-likwidacja-uzytkowania-wieczystego-e-dowod-w-polsce-juz-wkrotce-dalsze-ograniczanie-handlu-w-niedziele-acta-2-polska\/#primaryimage"},"thumbnailUrl":"https:\/\/legiobiznes.pl\/I\/wp-content\/uploads\/2019\/01\/K\u0142opoty-przedsi\u0119biorc\u00f3w-likwidacj\u0105-u\u017cytkowania-wieczystego.-E-dow\u00f3d-w-Polsce-ju\u017c-wkr\u00f3tce.-Dalsze-ograniczanie-handlu-w-niedziele-.-ACTA-2-\u2013-Polska.jpg","keywords":["ACTA 2","e-dow\u00f3d","firmy","Google","kary","nieruchomo\u015bci","podatek","Polska","RODO","u\u017cytkowanie wieczyste gruntu","wirtualne s\u0105dy","zakaz handlu w niedziel\u0119"],"articleSection":["Prawo"],"inLanguage":"pl-PL","potentialAction":[{"@type":"CommentAction","name":"Comment","target":["https:\/\/legiobiznes.pl\/I\/klopoty-przedsiebiorcow-likwidacja-uzytkowania-wieczystego-e-dowod-w-polsce-juz-wkrotce-dalsze-ograniczanie-handlu-w-niedziele-acta-2-polska\/#respond"]}]},{"@type":"WebPage","@id":"https:\/\/legiobiznes.pl\/I\/klopoty-przedsiebiorcow-likwidacja-uzytkowania-wieczystego-e-dowod-w-polsce-juz-wkrotce-dalsze-ograniczanie-handlu-w-niedziele-acta-2-polska\/","url":"https:\/\/legiobiznes.pl\/I\/klopoty-przedsiebiorcow-likwidacja-uzytkowania-wieczystego-e-dowod-w-polsce-juz-wkrotce-dalsze-ograniczanie-handlu-w-niedziele-acta-2-polska\/","name":"K\u0142opoty przedsi\u0119biorc\u00f3w, likwidacj\u0105 u\u017cytkowania wieczystego. E-dow\u00f3d w Polsce ju\u017c wkr\u00f3tce. Dalsze ograniczanie handlu w niedziele . ACTA 2 \u2013 Polska &#187; Legiobiznes.pl","isPartOf":{"@id":"https:\/\/legiobiznes.pl\/I\/#website"},"primaryImageOfPage":{"@id":"https:\/\/legiobiznes.pl\/I\/klopoty-przedsiebiorcow-likwidacja-uzytkowania-wieczystego-e-dowod-w-polsce-juz-wkrotce-dalsze-ograniczanie-handlu-w-niedziele-acta-2-polska\/#primaryimage"},"image":{"@id":"https:\/\/legiobiznes.pl\/I\/klopoty-przedsiebiorcow-likwidacja-uzytkowania-wieczystego-e-dowod-w-polsce-juz-wkrotce-dalsze-ograniczanie-handlu-w-niedziele-acta-2-polska\/#primaryimage"},"thumbnailUrl":"https:\/\/legiobiznes.pl\/I\/wp-content\/uploads\/2019\/01\/K\u0142opoty-przedsi\u0119biorc\u00f3w-likwidacj\u0105-u\u017cytkowania-wieczystego.-E-dow\u00f3d-w-Polsce-ju\u017c-wkr\u00f3tce.-Dalsze-ograniczanie-handlu-w-niedziele-.-ACTA-2-\u2013-Polska.jpg","datePublished":"2019-01-22T13:46:04+00:00","dateModified":"2019-01-22T13:46:32+00:00","description":"K\u0142opoty przedsi\u0119biorc\u00f3w, likwidacj\u0105 u\u017cytkowania wieczystego. E-dow\u00f3d w Polsce ju\u017c wkr\u00f3tce. Dalsze ograniczanie handlu w niedziele . ACTA 2 \u2013 Polska","breadcrumb":{"@id":"https:\/\/legiobiznes.pl\/I\/klopoty-przedsiebiorcow-likwidacja-uzytkowania-wieczystego-e-dowod-w-polsce-juz-wkrotce-dalsze-ograniczanie-handlu-w-niedziele-acta-2-polska\/#breadcrumb"},"inLanguage":"pl-PL","potentialAction":[{"@type":"ReadAction","target":["https:\/\/legiobiznes.pl\/I\/klopoty-przedsiebiorcow-likwidacja-uzytkowania-wieczystego-e-dowod-w-polsce-juz-wkrotce-dalsze-ograniczanie-handlu-w-niedziele-acta-2-polska\/"]}]},{"@type":"ImageObject","inLanguage":"pl-PL","@id":"https:\/\/legiobiznes.pl\/I\/klopoty-przedsiebiorcow-likwidacja-uzytkowania-wieczystego-e-dowod-w-polsce-juz-wkrotce-dalsze-ograniczanie-handlu-w-niedziele-acta-2-polska\/#primaryimage","url":"https:\/\/legiobiznes.pl\/I\/wp-content\/uploads\/2019\/01\/K\u0142opoty-przedsi\u0119biorc\u00f3w-likwidacj\u0105-u\u017cytkowania-wieczystego.-E-dow\u00f3d-w-Polsce-ju\u017c-wkr\u00f3tce.-Dalsze-ograniczanie-handlu-w-niedziele-.-ACTA-2-\u2013-Polska.jpg","contentUrl":"https:\/\/legiobiznes.pl\/I\/wp-content\/uploads\/2019\/01\/K\u0142opoty-przedsi\u0119biorc\u00f3w-likwidacj\u0105-u\u017cytkowania-wieczystego.-E-dow\u00f3d-w-Polsce-ju\u017c-wkr\u00f3tce.-Dalsze-ograniczanie-handlu-w-niedziele-.-ACTA-2-\u2013-Polska.jpg","width":960,"height":720,"caption":"K\u0142opoty przedsi\u0119biorc\u00f3w, likwidacj\u0105 u\u017cytkowania wieczystego. E-dow\u00f3d w Polsce ju\u017c wkr\u00f3tce. Dalsze ograniczanie handlu w niedziele . ACTA 2 \u2013 Polska"},{"@type":"BreadcrumbList","@id":"https:\/\/legiobiznes.pl\/I\/klopoty-przedsiebiorcow-likwidacja-uzytkowania-wieczystego-e-dowod-w-polsce-juz-wkrotce-dalsze-ograniczanie-handlu-w-niedziele-acta-2-polska\/#breadcrumb","itemListElement":[{"@type":"ListItem","position":1,"name":"Strona g\u0142\u00f3wna","item":"https:\/\/legiobiznes.pl\/I\/"},{"@type":"ListItem","position":2,"name":"K\u0142opoty przedsi\u0119biorc\u00f3w, likwidacj\u0105 u\u017cytkowania wieczystego. E-dow\u00f3d w Polsce ju\u017c wkr\u00f3tce. Dalsze ograniczanie handlu w niedziele . ACTA 2 \u2013 Polska"}]},{"@type":"WebSite","@id":"https:\/\/legiobiznes.pl\/I\/#website","url":"https:\/\/legiobiznes.pl\/I\/","name":"Legiobiznes.pl","description":"Kryptowaluty, Bezpiecze\u0144stwo IT, E-biznes | LegioBiznes.PL","publisher":{"@id":"https:\/\/legiobiznes.pl\/I\/#organization"},"potentialAction":[{"@type":"SearchAction","target":{"@type":"EntryPoint","urlTemplate":"https:\/\/legiobiznes.pl\/I\/?s={search_term_string}"},"query-input":{"@type":"PropertyValueSpecification","valueRequired":true,"valueName":"search_term_string"}}],"inLanguage":"pl-PL"},{"@type":"Organization","@id":"https:\/\/legiobiznes.pl\/I\/#organization","name":"LegioBiznes.PL","url":"https:\/\/legiobiznes.pl\/I\/","logo":{"@type":"ImageObject","inLanguage":"pl-PL","@id":"https:\/\/legiobiznes.pl\/I\/#\/schema\/logo\/image\/","url":"https:\/\/legiobiznes.pl\/I\/wp-content\/uploads\/2017\/08\/legiobiznespl-logo2-e1503834302371.png","contentUrl":"https:\/\/legiobiznes.pl\/I\/wp-content\/uploads\/2017\/08\/legiobiznespl-logo2-e1503834302371.png","width":180,"height":76,"caption":"LegioBiznes.PL"},"image":{"@id":"https:\/\/legiobiznes.pl\/I\/#\/schema\/logo\/image\/"},"sameAs":["https:\/\/www.facebook.com\/LegioBiznes\/","https:\/\/x.com\/LegioBiznesPL","https:\/\/www.youtube.com\/channel\/UCEhszB39vxk96yIXD-jOORw"]},{"@type":"Person","@id":"https:\/\/legiobiznes.pl\/I\/#\/schema\/person\/33c4505a5d28a7c944baf038996052d4","name":"Legiobiznes.pl","image":{"@type":"ImageObject","inLanguage":"pl-PL","@id":"https:\/\/legiobiznes.pl\/I\/wp-content\/uploads\/2019\/07\/favicon-Legiobiznes-150x150.png","url":"https:\/\/legiobiznes.pl\/I\/wp-content\/uploads\/2019\/07\/favicon-Legiobiznes-150x150.png","contentUrl":"https:\/\/legiobiznes.pl\/I\/wp-content\/uploads\/2019\/07\/favicon-Legiobiznes-150x150.png","caption":"Legiobiznes.pl"},"description":"Budowa i tworzenie profesjonalnych, responsywnych (RWD) stron www. Pozycjonowanie SEO, sklepy internetowe eSklep...","url":"https:\/\/legiobiznes.pl\/I\/author\/boss\/"}]}},"_links":{"self":[{"href":"https:\/\/legiobiznes.pl\/I\/wp-json\/wp\/v2\/posts\/983587","targetHints":{"allow":["GET"]}}],"collection":[{"href":"https:\/\/legiobiznes.pl\/I\/wp-json\/wp\/v2\/posts"}],"about":[{"href":"https:\/\/legiobiznes.pl\/I\/wp-json\/wp\/v2\/types\/post"}],"author":[{"embeddable":true,"href":"https:\/\/legiobiznes.pl\/I\/wp-json\/wp\/v2\/users\/1"}],"replies":[{"embeddable":true,"href":"https:\/\/legiobiznes.pl\/I\/wp-json\/wp\/v2\/comments?post=983587"}],"version-history":[{"count":0,"href":"https:\/\/legiobiznes.pl\/I\/wp-json\/wp\/v2\/posts\/983587\/revisions"}],"wp:featuredmedia":[{"embeddable":true,"href":"https:\/\/legiobiznes.pl\/I\/wp-json\/wp\/v2\/media\/983588"}],"wp:attachment":[{"href":"https:\/\/legiobiznes.pl\/I\/wp-json\/wp\/v2\/media?parent=983587"}],"wp:term":[{"taxonomy":"category","embeddable":true,"href":"https:\/\/legiobiznes.pl\/I\/wp-json\/wp\/v2\/categories?post=983587"},{"taxonomy":"post_tag","embeddable":true,"href":"https:\/\/legiobiznes.pl\/I\/wp-json\/wp\/v2\/tags?post=983587"}],"curies":[{"name":"wp","href":"https:\/\/api.w.org\/{rel}","templated":true}]}}