{"id":987712,"date":"2019-01-25T16:46:19","date_gmt":"2019-01-25T14:46:19","guid":{"rendered":"https:\/\/legiobiznes.pl\/I\/?p=987712"},"modified":"2019-01-25T16:46:19","modified_gmt":"2019-01-25T14:46:19","slug":"czy-doczekamy-sie-obnizenia-stawki-podatku-vat-brexit-a-rodo-nowelizacja-malego-zus-u-francja-naklada-na-google-50-mln-euro-kary","status":"publish","type":"post","link":"https:\/\/legiobiznes.pl\/I\/czy-doczekamy-sie-obnizenia-stawki-podatku-vat-brexit-a-rodo-nowelizacja-malego-zus-u-francja-naklada-na-google-50-mln-euro-kary\/","title":{"rendered":"Czy doczekamy si\u0119 obni\u017cenia stawki podatku VAT? Brexit a RODO. Nowelizacja \u201ema\u0142ego ZUS-u\u201d. Francja nak\u0142ada na Google 50 mln euro kary"},"content":{"rendered":"<h2><strong>Kiedy doczekamy si\u0119 obni\u017cenia stawki podatku VAT?<\/strong><\/h2>\n<h4>Czy w Polsce od lat rz\u0105dzi sekta wyznawc\u00f3w arkuszy kalkulacyjnych? Mo\u017cna tak powiedzie\u0107, bo tylko w kalkulacjach wysokie stawki podatk\u00f3w sprawiaj\u0105, \u017ce w bud\u017cecie s\u0105 wystarczaj\u0105ce \u015brodki.\u00a0W tym samym czasie, kiedy w naszym kraju utrzymuje si\u0119 jedn\u0105 z najwy\u017cszych stawek VAT, rz\u0105d Rumunii doprowadzi\u0142 ju\u017c wcze\u015bniej do jej obni\u017cki, redukcji kilkaset tytu\u0142\u00f3w podatkowych.\u00a0Dzi\u0119ki temu odnotowuje dwukrotnie wy\u017cszy wzrost gospodarczy ni\u017c rz\u0105d polski.\u00a0Ka\u017cdy spos\u00f3b na zmian\u0119 systemu podatkowego powinien odbywa\u0107 si\u0119 na zasadzie jego radykalnego uproszczenia.<\/h4>\n<p>Wiara w arkusze kalkulacyjne prowadzi do utrzymywania wysoki stawek.\u00a0Chocia\u017c do\u015bwiadczenie \u2013 nawet polskie \u2013 pokazuje, \u017ce obni\u017cka opodatkowania daje wi\u0119ksze wp\u0142ywy, nadal przywr\u00f3cenie VAT przynajmniej do poprzedniej stawki pozostaje w sferze obietnic wyborczych\u00a0\u2013 powiedzia\u0142 serwisowi\u00a0eNewsroom\u00a0Andrzej Sadowski, prezydent Centrum im. Adama Smitha&#8230;<\/p>\n<a href=\"https:\/\/mambiznes.pl\/wlasny-biznes\/doczekamy-sie-obnizenia-stawki-podatku-vat-89692\" target=\"_blank\" class=\"shortc-button medium red \">Wi\u0119cej dowiesz si\u0119 u \u017ar\u00f3d\u0142a &gt;<\/a>\n<h2><strong>Brexit a RODO. Komentarz eksperta ODO 24<\/strong><\/h2>\n<h4>Czy odrzucenie umowy o wyj\u015bciu Wielkiej Brytanii z UE r\u00f3wnoznaczne z twardym Brexitem i parali\u017cem przep\u0142ywu danych osobowych na Wyspy? Oto komentarz ekspercki.<\/h4>\n<p>Brexit od zawsze budzi\u0142 kontrowersje. Od przeprowadzonego w 2016 roku referendum ws. wyj\u015bcia z Unii Europejskiej, kt\u00f3re popar\u0142o zaledwie 52% Brytyjczyk\u00f3w, przez trudne negocjacje na poziomie europejskim, nag\u0142e w\u0105tpliwo\u015bci i przejawy bardziej prounijnych nastroj\u00f3w mieszka\u0144c\u00f3w Wielkiej Brytanii, a\u017c po najnowsze wiadomo\u015bci dotycz\u0105ce odrzucenia przez brytyjski parlament umowy ws. Brexitu i g\u0142osowania ws. wotum nieufno\u015bci dla rz\u0105du Theresy May. Przypominamy \u2013 15 stycznia b.r. Izba Gmin (stosunkiem g\u0142os\u00f3w 432 do zaledwie 202) odrzuci\u0142a projekt porozumienia mi\u0119dzy Londynem a Bruksel\u0105 dot. wyj\u015bcia Wielkiej Brytanii z Unii Europejskiej (UE). Co to oznacza dla organizacji, kt\u00f3re w ramach swojej dzia\u0142alno\u015bci przekazuje dane osobowe na Wyspy? Maj\u0105 szykowa\u0107 si\u0119 na twardy Brexit czy uzbroi\u0107 w cierpliwo\u015b\u0107 i liczy\u0107, \u017ce status quo zostanie zachowany?&#8230;<\/p>\n<a href=\"http:\/\/di.com.pl\/brexit-a-rodo-komentarz-eksperta-odo-24-61734?utm_source=feedburner&amp;utm_medium=feed&amp;utm_campaign=Feed%3A+glowny-di+%280+-+DI+kanal+glowny+%28go%C5%82y%29%29\" target=\"_blank\" class=\"shortc-button medium red \">Wi\u0119cej dowiesz si\u0119 u \u017ar\u00f3d\u0142a &gt;<\/a>\n<h2><strong>B\u0119dzie nowelizacja \u201ema\u0142ego ZUS-u\u201d<\/strong><\/h2>\n<h4>\u201eMa\u0142y ZUS\u201d funkcjonuje dopiero od kilku tygodni, jednak ju\u017c szykuje si\u0119 pierwsza nowelizacja tego rozwi\u0105zania. \u2013 Zbieramy opinie od przedsi\u0119biorc\u00f3w i w ci\u0105gu miesi\u0105ca przedstawimy propozycje nowelizacji ustawy wprowadzaj\u0105cej \u201ema\u0142y ZUS\u201d \u2013 powiedzia\u0142 dla Polskiej Agencji Prasowej Rzecznik M\u015aP Adam Abramowicz.<\/h4>\n<p>Od 1 stycznia cz\u0119\u015b\u0107 przedsi\u0119biorc\u00f3w p\u0142aci ni\u017csze sk\u0142adki na ZUS. Jednak ju\u017c dzi\u015b wiadomo, \u017ce b\u0119dzie konieczna nowelizacja tej ustawy. Jak poinformowa\u0142 Rzecznik M\u015aP przede wszystkim ma zosta\u0107 wyd\u0142u\u017cony termin sk\u0142adania wniosk\u00f3w&#8230;<\/p>\n<a href=\"https:\/\/mambiznes.pl\/wlasny-biznes\/bedzie-nowelizacja-malego-zusu-89686\" target=\"_blank\" class=\"shortc-button medium red \">Wi\u0119cej dowiesz si\u0119 u \u017ar\u00f3d\u0142a &gt;<\/a>\n<h2 class=\"title\"><strong>Francja nak\u0142ada na Google 50 mln euro kary za naruszenie RODO<\/strong><\/h2>\n<h4>Francuska komisja ds. informatyki i wolno\u015bci, Commission Nationale de l&#8217;Informatique et des Libert\u00e9s (CNIL), uwa\u017ca, \u017ce ameryka\u0144ski koncern w niewystarczaj\u0105co jasny spos\u00f3b informowa\u0142 u\u017cytkownik\u00f3w o sposobach wykorzystywania ich danych oraz nie prosi\u0142 ich o zgod\u0119 na wy\u015bwietlanie reklam.<\/h4>\n<p>G\u0142\u00f3wnym zarzutem skierowanym w Google jest brak przejrzystego regulaminu. Niezb\u0119dne informacje, takie jak cele przetwarzania danych, okresy ich przechowywania czy kategorie danych osobowych wykorzystywane do personalizacji reklam s\u0105 nadmiernie rozpowszechniane w wielu dokumentach, do kt\u00f3rych kieruje zbyt wiele przycisk\u00f3w i link\u00f3w&#8230;<\/p>\n<a href=\"https:\/\/www.chip.pl\/2019\/01\/francja-naklada-na-google-50-mln-euro-kary-za-naruszenie-rodo\/\" target=\"_blank\" class=\"shortc-button medium red \">Wi\u0119cej dowiesz si\u0119 u \u017ar\u00f3d\u0142a &gt;<\/a>\n<p><center><!-- Pula: Marketing2 \/\/--><br \/>\n<script type=\"text\/javascript\">\n    document.write(unescape('%3Cscript type=\"text\/javascript\" src=\"' + document.location.protocol + \n    '\/\/ec.bankier.pl\/show2\/MzIxMjEsMjUzMjIsNDE4NzY\/' + Math.random() + '\/'+ '\"%3E%3C\/script%3E'));\n<\/script><\/center><\/p>\n<h2><strong>Google nie zgadza si\u0119 z na\u0142o\u017con\u0105 na niego przez Francj\u0119 kar\u0105 i z\u0142o\u017cy odwo\u0142anie<\/strong><\/h2>\n<h4>Firma potwierdzi\u0142a wczoraj, \u017ce b\u0119dzie si\u0119 odwo\u0142ywa\u0107 od na\u0142o\u017conej na ni\u0105 przez Francj\u0119 kary w wysoko\u015bci 57 mln USD za to, \u017ce nie chroni w nale\u017cyty spos\u00f3b danych swoich klient\u00f3w, \u0142ami\u0105c w ten spos\u00f3b europejskie zasady ochrony prywatno\u015bci GDPR (regulacja General Data Protection Regulation, znana w Polsce jako RODO).<\/h4>\n<p>Kara na firm\u0119 Google na\u0142o\u017cy\u0142 francuski urz\u0105d ochrony danych CNIL (Commission Nationale de l&#8217;Informatique et des Libert\u00e9s)&#8230;<\/p>\n<a href=\"https:\/\/www.computerworld.pl\/news\/Google-nie-zgadza-sie-z-nalozona-na-niego-przez-Francje-kara-i-zlozy-odwolanie,411940.html\" target=\"_blank\" class=\"shortc-button medium red \">Wi\u0119cej dowiesz si\u0119 u \u017ar\u00f3d\u0142a &gt;<\/a>\n<h2><strong>Przedsi\u0119biorcy w wojsku. Kto zostanie powo\u0142any?<\/strong><\/h2>\n<h4>Ka\u017cdego roku w lutym osiemnastolatkowie wzywani s\u0105 na kwalifikacje wojskowe. W tym czasie wielu w\u0142a\u015bcicieli biznes\u00f3w zadaje sobie tak\u017ce liczne pytania m.in. Czy przedsi\u0119biorcy mog\u0105 zosta\u0107 powo\u0142ani do wojska? Ile przedsi\u0119biorca mo\u017ce uzyska\u0107 rekompensaty za odbyte \u0107wiczenia?\u00a0W tym artykule, postaramy si\u0119 na te pytania odpowiedzie\u0107.<\/h4>\n<p>Obowi\u0105zek s\u0142u\u017cby wojskowej polegaj\u0105cej m.in. na dobywaniu \u0107wicze\u0144 wojskowych jest do\u015b\u0107 jasno opisana w polskim prawie. Ot\u00f3\u017c zgodnie z ustaw\u0105 o powszechnym obowi\u0105zku obrony Rzeczypospolitej Polskiej wezwani mog\u0105 zosta\u0107&#8230;<\/p>\n<a href=\"https:\/\/mambiznes.pl\/wlasny-biznes\/przedsiebiorcy-wojsku-kto-zostanie-powolany-89701\" target=\"_blank\" class=\"shortc-button medium red \">Wi\u0119cej dowiesz si\u0119 u \u017ar\u00f3d\u0142a &gt;<\/a>\n<h2><strong>Tylko tydzie\u0144 zosta\u0142 na wys\u0142anie informacji o wypadkach do ZUS<\/strong><\/h2>\n<h4>Ju\u017c tylko tydzie\u0144 maj\u0105 przedsi\u0119biorcy na wys\u0142anie do ZUS informacji ZUS IWA z danymi potrzebnymi do ustalenia wysoko\u015bci sk\u0142adki na ubezpieczenie wypadkowe. Bezp\u0142atny poradnik dost\u0119pny na stronie ZUS.<\/h4>\n<p>Czasu zosta\u0142o niewiele warto, wi\u0119c sprawdzi\u0107 czy te\u017c musimy to zrobi\u0107 \u2013 m\u00f3wi Iwona Kowalska \u2013Matis Regionalny Rzecznik Prasowy ZUS na Dolnym \u015al\u0105sku. \u2013 Taki obowi\u0105zek maj\u0105 p\u0142atnicy, kt\u00f3rzy zg\u0142aszaj\u0105 do ubezpieczenia wypadkowego, co najmniej 10 pracownik\u00f3w \u2013 dodaje&#8230;<\/p>\n<a href=\"https:\/\/mambiznes.pl\/wlasny-biznes\/tydzien-zostal-wyslanie-informacji-o-wypadkach-zus-89726\" target=\"_blank\" class=\"shortc-button medium red \">Wi\u0119cej dowiesz si\u0119 u \u017ar\u00f3d\u0142a &gt;<\/a>\n<p><center><!-- Pula: Marketing \/\/--><br \/>\n<script type=\"text\/javascript\">\n    document.write(unescape('%3Cscript type=\"text\/javascript\" src=\"' + document.location.protocol + \n    '\/\/ec.bankier.pl\/show2\/MzIxMjAsMjUzMjIsNDE4NzY\/' + Math.random() + '\/'+ '\"%3E%3C\/script%3E'));\n<\/script><\/center><\/p>\n<h2><strong>B\u0119d\u0105 pierwsze kary za RODO dla firm<\/strong><\/h2>\n<h4>Wiedza i\u00a0\u015bwiadomo\u015b\u0107 Polak\u00f3w dotycz\u0105ce ochrony ich danych osobowych s\u0105 coraz wi\u0119ksze \u2013 ocenia prezes Urz\u0119du Ochrony Danych Osobowych dr Edyta Bielak-Jomaa. Wida\u0107 to po liczbie pyta\u0144 i\u00a0skarg kierowanych do urz\u0119du od momentu rozpocz\u0119cia stosowania RODO, czyli og\u00f3lnego rozporz\u0105dzenia o\u00a0ochronie danych. Konsultanci UODO na specjalnej infolinii odpowiadaj\u0105 na ponad 90 pyta\u0144 dziennie, a do tej pory wp\u0142yn\u0119\u0142o ju\u017c ponad 3 tys. skarg zwi\u0105zanych z\u00a0nieprawid\u0142owym przetwarzaniem danych osobowych. Prezes UODO zapowiada, \u017ce wkr\u00f3tce pojawi\u0105 si\u0119 pierwsze kary finansowe.<\/h4>\n<p>Pierwszych\u00a0siedem miesi\u0119cy stosowania RODO pokazuje,\u00a0\u017ce \u015bwiadomo\u015b\u0107 obywateli zwi\u0105zana z\u00a0ochron\u0105 prywatno\u015bci i\u00a0danych osobowych znacznie wzros\u0142a.\u00a0W tym czasie\u00a0otrzymali\u015bmy ponad 10 tys. skarg, pyta\u0144 i\u00a0zg\u0142osze\u0144 na temat ochrony danych osobowych.\u00a0Pracownicy\u00a0naszej\u00a0infolinii przeprowadzili ponad 13 tys&#8230;<\/p>\n<a href=\"https:\/\/mambiznes.pl\/wlasny-biznes\/beda-pierwsze-kary-rodo-dla-firm-89724\" target=\"_blank\" class=\"shortc-button medium red \">Wi\u0119cej dowiesz si\u0119 u \u017ar\u00f3d\u0142a &gt;<\/a>\n<h2><strong>Obowi\u0105zek weryfikacji podmiotu przetwarzaj\u0105cego dane a lista kontrolna, czyli ponownie o RODO<\/strong><\/h2>\n<h4>Korzystanie z us\u0142ug podwykonawc\u00f3w staje si\u0119 coraz popularniejsze. W du\u017cej cz\u0119\u015bci przypadk\u00f3w, mo\u017ce wi\u0105za\u0107 si\u0119 to z konieczno\u015bci\u0105 powierzenia przetwarzania danych osobowych firmie zewn\u0119trznej, pe\u0142ni\u0105cej w\u00f3wczas rol\u0119 tzw. procesora. Aby dzia\u0142ania te by\u0142y zgodne z prawem, konieczne jest zawarcie odpowiedniej umowy. Co wi\u0119cej, administrator mo\u017ce kontrolowa\u0107 procesor\u00f3w.<\/h4>\n<p>Procesor to osoba fizyczna lub prawna, kt\u00f3ra przetwarza dane osobowe i dzia\u0142a jedynie na zlecenie administratora, b\u0119d\u0105cego podmiotem decyduj\u0105cym w kwestii cel\u00f3w oraz sposob\u00f3w wykorzystywania i przetwarzania danych osobowych. Dzia\u0142anie zwi\u0105zane z powierzeniem ich przetwarzania jest obecnie powszechne, poniewa\u017c cz\u0119sto naturalnym elementem obrotu gospodarczego jest korzystanie z tzw. us\u0142ug outsourcingowych, zwi\u0105zanych nierozerwalnie z czynno\u015bciami dokonywanymi na danych osobowych. Zanim jednak dojdzie do wsp\u00f3\u0142pracy, jej zasady powinny zosta\u0107 uregulowane w ramach odpowiedniej umowy&#8230;<\/p>\n<a href=\"http:\/\/di.com.pl\/obowiazek-weryfikacji-podmiotu-przetwarzajacego-dane-a-lista-kontrolna-czyli-ponownie-o-rodo-61793?utm_source=feedburner&amp;utm_medium=feed&amp;utm_campaign=Feed%3A+glowny-di+%280+-+DI+kanal+glowny+%28go%C5%82y%29%29\" target=\"_blank\" class=\"shortc-button medium red \">Wi\u0119cej dowiesz si\u0119 u \u017ar\u00f3d\u0142a &gt;<\/a>\n<h2><strong>Przekszta\u0142cenie u\u017cytkowania wieczystego problemem dla firm<\/strong><\/h2>\n<h4>Cho\u0107 ustawa o\u00a0przekszta\u0142ceniu u\u017cytkowania wieczystego we w\u0142asno\u015b\u0107 obejmuje lokale mieszkalne wraz z\u00a0przynale\u017c\u0105cymi do nich nieruchomo\u015bciami, niekt\u00f3re z\u00a0nich zajmuj\u0105 i\u00a0posiadaj\u0105 firmy. O ile jednak w\u00a0porz\u0105dku jest, \u017ce przy przekszta\u0142ceniu osoba prywatna uzyskuje bonifikat\u0119 od pa\u0144stwa lub samorz\u0105du, o\u00a0tyle w\u00a0wypadku firm taki upust mo\u017ce zosta\u0107 uznany za niedozwolon\u0105 pomoc publiczn\u0105.<\/h4>\n<p>Rozwi\u0105zanie polegaj\u0105ce na ustawowym przekszta\u0142ceniu u\u017cytkowania wieczystego nieruchomo\u015bci przeznaczonych na cele mieszkaniowe we w\u0142asno\u015b\u0107 mo\u017ce przynie\u015b\u0107 du\u017co dobrego i\u00a0jest ku temu du\u017cy potencja\u0142, jednak\u017ce mog\u0105 by\u0107 negatywne skutki takiego rozwi\u0105zania. Jednym z\u00a0podstawowych jest ryzyko naruszenia p\u0142ynno\u015bci podmiot\u00f3w, kt\u00f3rych to przekszta\u0142cenie b\u0119dzie dotyka\u0107&#8230;<\/p>\n<a href=\"https:\/\/mambiznes.pl\/wlasny-biznes\/przeksztalcenie-uzytkowania-wieczystego-problemem-dla-firm-89744\" target=\"_blank\" class=\"shortc-button medium red \">Wi\u0119cej dowiesz si\u0119 u \u017ar\u00f3d\u0142a &gt;<\/a>\n","protected":false},"excerpt":{"rendered":"<p>Kiedy doczekamy si\u0119 obni\u017cenia stawki podatku VAT? Czy w Polsce od lat rz\u0105dzi sekta wyznawc\u00f3w arkuszy kalkulacyjnych? Mo\u017cna tak powiedzie\u0107, bo tylko w kalkulacjach wysokie stawki podatk\u00f3w sprawiaj\u0105, \u017ce w bud\u017cecie s\u0105 wystarczaj\u0105ce \u015brodki.\u00a0W tym samym czasie, kiedy w naszym kraju utrzymuje si\u0119 jedn\u0105 z najwy\u017cszych stawek VAT, rz\u0105d Rumunii doprowadzi\u0142 ju\u017c wcze\u015bniej do jej &hellip;<\/p>\n","protected":false},"author":1,"featured_media":987713,"comment_status":"open","ping_status":"closed","sticky":false,"template":"","format":"standard","meta":{"footnotes":""},"categories":[1294],"tags":[4871,2632,1365,1671,5436,5279,2315,1542,5411,2454,1750,5437,2478],"class_list":["post-987712","post","type-post","status-publish","format-standard","has-post-thumbnail","","category-prawo","tag-brexit","tag-francja","tag-google","tag-kary","tag-lista-kontrolna","tag-maly-zus","tag-podatek","tag-rodo","tag-uzytkowanie-wieczyste-gruntu","tag-vat","tag-wojsko","tag-wypadki","tag-zus"],"yoast_head":"<!-- This site is optimized with the Yoast SEO plugin v27.5 - https:\/\/yoast.com\/product\/yoast-seo-wordpress\/ -->\n<title>Czy doczekamy si\u0119 obni\u017cenia stawki podatku VAT? Brexit a RODO. Nowelizacja \u201ema\u0142ego ZUS-u\u201d. Francja nak\u0142ada na Google 50 mln euro kary &#187; Legiobiznes.pl<\/title>\n<meta name=\"description\" content=\"Czy doczekamy si\u0119 obni\u017cenia stawki podatku VAT? Brexit a RODO. Nowelizacja \u201ema\u0142ego ZUS-u\u201d. Francja nak\u0142ada na Google 50 mln euro kary\" \/>\n<meta name=\"robots\" content=\"index, follow, max-snippet:-1, max-image-preview:large, max-video-preview:-1\" \/>\n<link rel=\"canonical\" href=\"https:\/\/legiobiznes.pl\/I\/czy-doczekamy-sie-obnizenia-stawki-podatku-vat-brexit-a-rodo-nowelizacja-malego-zus-u-francja-naklada-na-google-50-mln-euro-kary\/\" \/>\n<meta property=\"og:locale\" content=\"pl_PL\" \/>\n<meta property=\"og:type\" content=\"article\" \/>\n<meta property=\"og:title\" content=\"Czy doczekamy si\u0119 obni\u017cenia stawki podatku VAT? Brexit a RODO. Nowelizacja \u201ema\u0142ego ZUS-u\u201d. Francja nak\u0142ada na Google 50 mln euro kary &#187; Legiobiznes.pl\" \/>\n<meta property=\"og:description\" content=\"Czy doczekamy si\u0119 obni\u017cenia stawki podatku VAT? Brexit a RODO. Nowelizacja \u201ema\u0142ego ZUS-u\u201d. Francja nak\u0142ada na Google 50 mln euro kary\" \/>\n<meta property=\"og:url\" content=\"https:\/\/legiobiznes.pl\/I\/czy-doczekamy-sie-obnizenia-stawki-podatku-vat-brexit-a-rodo-nowelizacja-malego-zus-u-francja-naklada-na-google-50-mln-euro-kary\/\" \/>\n<meta property=\"og:site_name\" content=\"Legiobiznes.pl\" \/>\n<meta property=\"article:publisher\" content=\"https:\/\/www.facebook.com\/LegioBiznes\/\" \/>\n<meta property=\"article:published_time\" content=\"2019-01-25T14:46:19+00:00\" \/>\n<meta property=\"og:image\" content=\"https:\/\/legiobiznes.pl\/I\/wp-content\/uploads\/2019\/01\/Czy-doczekamy-si\u0119-obni\u017cenia-stawki-podatku-VAT-Brexit-a-RODO.-Nowelizacja-\u201ema\u0142ego-ZUS-u\u201d.-Francja-nak\u0142ada-na-Google-50-mln-euro-kary.jpg\" \/>\n\t<meta property=\"og:image:width\" content=\"960\" \/>\n\t<meta property=\"og:image:height\" content=\"393\" \/>\n\t<meta property=\"og:image:type\" content=\"image\/jpeg\" \/>\n<meta name=\"author\" content=\"Legiobiznes.pl\" \/>\n<meta name=\"twitter:card\" content=\"summary_large_image\" \/>\n<meta name=\"twitter:creator\" content=\"@LegioBiznesPL\" \/>\n<meta name=\"twitter:site\" content=\"@LegioBiznesPL\" \/>\n<meta name=\"twitter:label1\" content=\"Napisane przez\" \/>\n\t<meta name=\"twitter:data1\" content=\"Legiobiznes.pl\" \/>\n\t<meta name=\"twitter:label2\" content=\"Szacowany czas czytania\" \/>\n\t<meta name=\"twitter:data2\" content=\"8 minut\" \/>\n<script type=\"application\/ld+json\" class=\"yoast-schema-graph\">{\"@context\":\"https:\\\/\\\/schema.org\",\"@graph\":[{\"@type\":\"Article\",\"@id\":\"https:\\\/\\\/legiobiznes.pl\\\/I\\\/czy-doczekamy-sie-obnizenia-stawki-podatku-vat-brexit-a-rodo-nowelizacja-malego-zus-u-francja-naklada-na-google-50-mln-euro-kary\\\/#article\",\"isPartOf\":{\"@id\":\"https:\\\/\\\/legiobiznes.pl\\\/I\\\/czy-doczekamy-sie-obnizenia-stawki-podatku-vat-brexit-a-rodo-nowelizacja-malego-zus-u-francja-naklada-na-google-50-mln-euro-kary\\\/\"},\"author\":{\"name\":\"Legiobiznes.pl\",\"@id\":\"https:\\\/\\\/legiobiznes.pl\\\/I\\\/#\\\/schema\\\/person\\\/33c4505a5d28a7c944baf038996052d4\"},\"headline\":\"Czy doczekamy si\u0119 obni\u017cenia stawki podatku VAT? Brexit a RODO. Nowelizacja \u201ema\u0142ego ZUS-u\u201d. Francja nak\u0142ada na Google 50 mln euro kary\",\"datePublished\":\"2019-01-25T14:46:19+00:00\",\"mainEntityOfPage\":{\"@id\":\"https:\\\/\\\/legiobiznes.pl\\\/I\\\/czy-doczekamy-sie-obnizenia-stawki-podatku-vat-brexit-a-rodo-nowelizacja-malego-zus-u-francja-naklada-na-google-50-mln-euro-kary\\\/\"},\"wordCount\":1555,\"commentCount\":0,\"publisher\":{\"@id\":\"https:\\\/\\\/legiobiznes.pl\\\/I\\\/#organization\"},\"image\":{\"@id\":\"https:\\\/\\\/legiobiznes.pl\\\/I\\\/czy-doczekamy-sie-obnizenia-stawki-podatku-vat-brexit-a-rodo-nowelizacja-malego-zus-u-francja-naklada-na-google-50-mln-euro-kary\\\/#primaryimage\"},\"thumbnailUrl\":\"https:\\\/\\\/legiobiznes.pl\\\/I\\\/wp-content\\\/uploads\\\/2019\\\/01\\\/Czy-doczekamy-si\u0119-obni\u017cenia-stawki-podatku-VAT-Brexit-a-RODO.-Nowelizacja-\u201ema\u0142ego-ZUS-u\u201d.-Francja-nak\u0142ada-na-Google-50-mln-euro-kary.jpg\",\"keywords\":[\"Brexit\",\"Francja\",\"Google\",\"kary\",\"lista kontrolna\",\"ma\u0142y ZUS\",\"podatek\",\"RODO\",\"u\u017cytkowanie wieczyste gruntu\",\"VAT\",\"wojsko\",\"wypadki\",\"ZUS\"],\"articleSection\":[\"Prawo\"],\"inLanguage\":\"pl-PL\",\"potentialAction\":[{\"@type\":\"CommentAction\",\"name\":\"Comment\",\"target\":[\"https:\\\/\\\/legiobiznes.pl\\\/I\\\/czy-doczekamy-sie-obnizenia-stawki-podatku-vat-brexit-a-rodo-nowelizacja-malego-zus-u-francja-naklada-na-google-50-mln-euro-kary\\\/#respond\"]}]},{\"@type\":\"WebPage\",\"@id\":\"https:\\\/\\\/legiobiznes.pl\\\/I\\\/czy-doczekamy-sie-obnizenia-stawki-podatku-vat-brexit-a-rodo-nowelizacja-malego-zus-u-francja-naklada-na-google-50-mln-euro-kary\\\/\",\"url\":\"https:\\\/\\\/legiobiznes.pl\\\/I\\\/czy-doczekamy-sie-obnizenia-stawki-podatku-vat-brexit-a-rodo-nowelizacja-malego-zus-u-francja-naklada-na-google-50-mln-euro-kary\\\/\",\"name\":\"Czy doczekamy si\u0119 obni\u017cenia stawki podatku VAT? Brexit a RODO. Nowelizacja \u201ema\u0142ego ZUS-u\u201d. Francja nak\u0142ada na Google 50 mln euro kary &#187; Legiobiznes.pl\",\"isPartOf\":{\"@id\":\"https:\\\/\\\/legiobiznes.pl\\\/I\\\/#website\"},\"primaryImageOfPage\":{\"@id\":\"https:\\\/\\\/legiobiznes.pl\\\/I\\\/czy-doczekamy-sie-obnizenia-stawki-podatku-vat-brexit-a-rodo-nowelizacja-malego-zus-u-francja-naklada-na-google-50-mln-euro-kary\\\/#primaryimage\"},\"image\":{\"@id\":\"https:\\\/\\\/legiobiznes.pl\\\/I\\\/czy-doczekamy-sie-obnizenia-stawki-podatku-vat-brexit-a-rodo-nowelizacja-malego-zus-u-francja-naklada-na-google-50-mln-euro-kary\\\/#primaryimage\"},\"thumbnailUrl\":\"https:\\\/\\\/legiobiznes.pl\\\/I\\\/wp-content\\\/uploads\\\/2019\\\/01\\\/Czy-doczekamy-si\u0119-obni\u017cenia-stawki-podatku-VAT-Brexit-a-RODO.-Nowelizacja-\u201ema\u0142ego-ZUS-u\u201d.-Francja-nak\u0142ada-na-Google-50-mln-euro-kary.jpg\",\"datePublished\":\"2019-01-25T14:46:19+00:00\",\"description\":\"Czy doczekamy si\u0119 obni\u017cenia stawki podatku VAT? Brexit a RODO. Nowelizacja \u201ema\u0142ego ZUS-u\u201d. Francja nak\u0142ada na Google 50 mln euro kary\",\"breadcrumb\":{\"@id\":\"https:\\\/\\\/legiobiznes.pl\\\/I\\\/czy-doczekamy-sie-obnizenia-stawki-podatku-vat-brexit-a-rodo-nowelizacja-malego-zus-u-francja-naklada-na-google-50-mln-euro-kary\\\/#breadcrumb\"},\"inLanguage\":\"pl-PL\",\"potentialAction\":[{\"@type\":\"ReadAction\",\"target\":[\"https:\\\/\\\/legiobiznes.pl\\\/I\\\/czy-doczekamy-sie-obnizenia-stawki-podatku-vat-brexit-a-rodo-nowelizacja-malego-zus-u-francja-naklada-na-google-50-mln-euro-kary\\\/\"]}]},{\"@type\":\"ImageObject\",\"inLanguage\":\"pl-PL\",\"@id\":\"https:\\\/\\\/legiobiznes.pl\\\/I\\\/czy-doczekamy-sie-obnizenia-stawki-podatku-vat-brexit-a-rodo-nowelizacja-malego-zus-u-francja-naklada-na-google-50-mln-euro-kary\\\/#primaryimage\",\"url\":\"https:\\\/\\\/legiobiznes.pl\\\/I\\\/wp-content\\\/uploads\\\/2019\\\/01\\\/Czy-doczekamy-si\u0119-obni\u017cenia-stawki-podatku-VAT-Brexit-a-RODO.-Nowelizacja-\u201ema\u0142ego-ZUS-u\u201d.-Francja-nak\u0142ada-na-Google-50-mln-euro-kary.jpg\",\"contentUrl\":\"https:\\\/\\\/legiobiznes.pl\\\/I\\\/wp-content\\\/uploads\\\/2019\\\/01\\\/Czy-doczekamy-si\u0119-obni\u017cenia-stawki-podatku-VAT-Brexit-a-RODO.-Nowelizacja-\u201ema\u0142ego-ZUS-u\u201d.-Francja-nak\u0142ada-na-Google-50-mln-euro-kary.jpg\",\"width\":960,\"height\":393,\"caption\":\"Czy doczekamy si\u0119 obni\u017cenia stawki podatku VAT Brexit a RODO. Nowelizacja \u201ema\u0142ego ZUS-u\u201d. Francja nak\u0142ada na Google 50 mln euro kary\"},{\"@type\":\"BreadcrumbList\",\"@id\":\"https:\\\/\\\/legiobiznes.pl\\\/I\\\/czy-doczekamy-sie-obnizenia-stawki-podatku-vat-brexit-a-rodo-nowelizacja-malego-zus-u-francja-naklada-na-google-50-mln-euro-kary\\\/#breadcrumb\",\"itemListElement\":[{\"@type\":\"ListItem\",\"position\":1,\"name\":\"Strona g\u0142\u00f3wna\",\"item\":\"https:\\\/\\\/legiobiznes.pl\\\/I\\\/\"},{\"@type\":\"ListItem\",\"position\":2,\"name\":\"Czy doczekamy si\u0119 obni\u017cenia stawki podatku VAT? Brexit a RODO. Nowelizacja \u201ema\u0142ego ZUS-u\u201d. Francja nak\u0142ada na Google 50 mln euro kary\"}]},{\"@type\":\"WebSite\",\"@id\":\"https:\\\/\\\/legiobiznes.pl\\\/I\\\/#website\",\"url\":\"https:\\\/\\\/legiobiznes.pl\\\/I\\\/\",\"name\":\"Legiobiznes.pl\",\"description\":\"Kryptowaluty, Bezpiecze\u0144stwo IT, E-biznes | LegioBiznes.PL\",\"publisher\":{\"@id\":\"https:\\\/\\\/legiobiznes.pl\\\/I\\\/#organization\"},\"potentialAction\":[{\"@type\":\"SearchAction\",\"target\":{\"@type\":\"EntryPoint\",\"urlTemplate\":\"https:\\\/\\\/legiobiznes.pl\\\/I\\\/?s={search_term_string}\"},\"query-input\":{\"@type\":\"PropertyValueSpecification\",\"valueRequired\":true,\"valueName\":\"search_term_string\"}}],\"inLanguage\":\"pl-PL\"},{\"@type\":\"Organization\",\"@id\":\"https:\\\/\\\/legiobiznes.pl\\\/I\\\/#organization\",\"name\":\"LegioBiznes.PL\",\"url\":\"https:\\\/\\\/legiobiznes.pl\\\/I\\\/\",\"logo\":{\"@type\":\"ImageObject\",\"inLanguage\":\"pl-PL\",\"@id\":\"https:\\\/\\\/legiobiznes.pl\\\/I\\\/#\\\/schema\\\/logo\\\/image\\\/\",\"url\":\"https:\\\/\\\/legiobiznes.pl\\\/I\\\/wp-content\\\/uploads\\\/2017\\\/08\\\/legiobiznespl-logo2-e1503834302371.png\",\"contentUrl\":\"https:\\\/\\\/legiobiznes.pl\\\/I\\\/wp-content\\\/uploads\\\/2017\\\/08\\\/legiobiznespl-logo2-e1503834302371.png\",\"width\":180,\"height\":76,\"caption\":\"LegioBiznes.PL\"},\"image\":{\"@id\":\"https:\\\/\\\/legiobiznes.pl\\\/I\\\/#\\\/schema\\\/logo\\\/image\\\/\"},\"sameAs\":[\"https:\\\/\\\/www.facebook.com\\\/LegioBiznes\\\/\",\"https:\\\/\\\/x.com\\\/LegioBiznesPL\",\"https:\\\/\\\/www.youtube.com\\\/channel\\\/UCEhszB39vxk96yIXD-jOORw\"]},{\"@type\":\"Person\",\"@id\":\"https:\\\/\\\/legiobiznes.pl\\\/I\\\/#\\\/schema\\\/person\\\/33c4505a5d28a7c944baf038996052d4\",\"name\":\"Legiobiznes.pl\",\"image\":{\"@type\":\"ImageObject\",\"inLanguage\":\"pl-PL\",\"@id\":\"https:\\\/\\\/legiobiznes.pl\\\/I\\\/wp-content\\\/uploads\\\/2019\\\/07\\\/favicon-Legiobiznes-150x150.png\",\"url\":\"https:\\\/\\\/legiobiznes.pl\\\/I\\\/wp-content\\\/uploads\\\/2019\\\/07\\\/favicon-Legiobiznes-150x150.png\",\"contentUrl\":\"https:\\\/\\\/legiobiznes.pl\\\/I\\\/wp-content\\\/uploads\\\/2019\\\/07\\\/favicon-Legiobiznes-150x150.png\",\"caption\":\"Legiobiznes.pl\"},\"description\":\"Budowa i tworzenie profesjonalnych, responsywnych (RWD) stron www. Pozycjonowanie SEO, sklepy internetowe eSklep...\",\"url\":\"https:\\\/\\\/legiobiznes.pl\\\/I\\\/author\\\/boss\\\/\"}]}<\/script>\n<!-- \/ Yoast SEO plugin. -->","yoast_head_json":{"title":"Czy doczekamy si\u0119 obni\u017cenia stawki podatku VAT? Brexit a RODO. Nowelizacja \u201ema\u0142ego ZUS-u\u201d. Francja nak\u0142ada na Google 50 mln euro kary &#187; Legiobiznes.pl","description":"Czy doczekamy si\u0119 obni\u017cenia stawki podatku VAT? Brexit a RODO. Nowelizacja \u201ema\u0142ego ZUS-u\u201d. Francja nak\u0142ada na Google 50 mln euro kary","robots":{"index":"index","follow":"follow","max-snippet":"max-snippet:-1","max-image-preview":"max-image-preview:large","max-video-preview":"max-video-preview:-1"},"canonical":"https:\/\/legiobiznes.pl\/I\/czy-doczekamy-sie-obnizenia-stawki-podatku-vat-brexit-a-rodo-nowelizacja-malego-zus-u-francja-naklada-na-google-50-mln-euro-kary\/","og_locale":"pl_PL","og_type":"article","og_title":"Czy doczekamy si\u0119 obni\u017cenia stawki podatku VAT? Brexit a RODO. Nowelizacja \u201ema\u0142ego ZUS-u\u201d. Francja nak\u0142ada na Google 50 mln euro kary &#187; Legiobiznes.pl","og_description":"Czy doczekamy si\u0119 obni\u017cenia stawki podatku VAT? Brexit a RODO. Nowelizacja \u201ema\u0142ego ZUS-u\u201d. Francja nak\u0142ada na Google 50 mln euro kary","og_url":"https:\/\/legiobiznes.pl\/I\/czy-doczekamy-sie-obnizenia-stawki-podatku-vat-brexit-a-rodo-nowelizacja-malego-zus-u-francja-naklada-na-google-50-mln-euro-kary\/","og_site_name":"Legiobiznes.pl","article_publisher":"https:\/\/www.facebook.com\/LegioBiznes\/","article_published_time":"2019-01-25T14:46:19+00:00","og_image":[{"width":960,"height":393,"url":"https:\/\/legiobiznes.pl\/I\/wp-content\/uploads\/2019\/01\/Czy-doczekamy-si\u0119-obni\u017cenia-stawki-podatku-VAT-Brexit-a-RODO.-Nowelizacja-\u201ema\u0142ego-ZUS-u\u201d.-Francja-nak\u0142ada-na-Google-50-mln-euro-kary.jpg","type":"image\/jpeg"}],"author":"Legiobiznes.pl","twitter_card":"summary_large_image","twitter_creator":"@LegioBiznesPL","twitter_site":"@LegioBiznesPL","twitter_misc":{"Napisane przez":"Legiobiznes.pl","Szacowany czas czytania":"8 minut"},"schema":{"@context":"https:\/\/schema.org","@graph":[{"@type":"Article","@id":"https:\/\/legiobiznes.pl\/I\/czy-doczekamy-sie-obnizenia-stawki-podatku-vat-brexit-a-rodo-nowelizacja-malego-zus-u-francja-naklada-na-google-50-mln-euro-kary\/#article","isPartOf":{"@id":"https:\/\/legiobiznes.pl\/I\/czy-doczekamy-sie-obnizenia-stawki-podatku-vat-brexit-a-rodo-nowelizacja-malego-zus-u-francja-naklada-na-google-50-mln-euro-kary\/"},"author":{"name":"Legiobiznes.pl","@id":"https:\/\/legiobiznes.pl\/I\/#\/schema\/person\/33c4505a5d28a7c944baf038996052d4"},"headline":"Czy doczekamy si\u0119 obni\u017cenia stawki podatku VAT? Brexit a RODO. Nowelizacja \u201ema\u0142ego ZUS-u\u201d. Francja nak\u0142ada na Google 50 mln euro kary","datePublished":"2019-01-25T14:46:19+00:00","mainEntityOfPage":{"@id":"https:\/\/legiobiznes.pl\/I\/czy-doczekamy-sie-obnizenia-stawki-podatku-vat-brexit-a-rodo-nowelizacja-malego-zus-u-francja-naklada-na-google-50-mln-euro-kary\/"},"wordCount":1555,"commentCount":0,"publisher":{"@id":"https:\/\/legiobiznes.pl\/I\/#organization"},"image":{"@id":"https:\/\/legiobiznes.pl\/I\/czy-doczekamy-sie-obnizenia-stawki-podatku-vat-brexit-a-rodo-nowelizacja-malego-zus-u-francja-naklada-na-google-50-mln-euro-kary\/#primaryimage"},"thumbnailUrl":"https:\/\/legiobiznes.pl\/I\/wp-content\/uploads\/2019\/01\/Czy-doczekamy-si\u0119-obni\u017cenia-stawki-podatku-VAT-Brexit-a-RODO.-Nowelizacja-\u201ema\u0142ego-ZUS-u\u201d.-Francja-nak\u0142ada-na-Google-50-mln-euro-kary.jpg","keywords":["Brexit","Francja","Google","kary","lista kontrolna","ma\u0142y ZUS","podatek","RODO","u\u017cytkowanie wieczyste gruntu","VAT","wojsko","wypadki","ZUS"],"articleSection":["Prawo"],"inLanguage":"pl-PL","potentialAction":[{"@type":"CommentAction","name":"Comment","target":["https:\/\/legiobiznes.pl\/I\/czy-doczekamy-sie-obnizenia-stawki-podatku-vat-brexit-a-rodo-nowelizacja-malego-zus-u-francja-naklada-na-google-50-mln-euro-kary\/#respond"]}]},{"@type":"WebPage","@id":"https:\/\/legiobiznes.pl\/I\/czy-doczekamy-sie-obnizenia-stawki-podatku-vat-brexit-a-rodo-nowelizacja-malego-zus-u-francja-naklada-na-google-50-mln-euro-kary\/","url":"https:\/\/legiobiznes.pl\/I\/czy-doczekamy-sie-obnizenia-stawki-podatku-vat-brexit-a-rodo-nowelizacja-malego-zus-u-francja-naklada-na-google-50-mln-euro-kary\/","name":"Czy doczekamy si\u0119 obni\u017cenia stawki podatku VAT? Brexit a RODO. Nowelizacja \u201ema\u0142ego ZUS-u\u201d. Francja nak\u0142ada na Google 50 mln euro kary &#187; Legiobiznes.pl","isPartOf":{"@id":"https:\/\/legiobiznes.pl\/I\/#website"},"primaryImageOfPage":{"@id":"https:\/\/legiobiznes.pl\/I\/czy-doczekamy-sie-obnizenia-stawki-podatku-vat-brexit-a-rodo-nowelizacja-malego-zus-u-francja-naklada-na-google-50-mln-euro-kary\/#primaryimage"},"image":{"@id":"https:\/\/legiobiznes.pl\/I\/czy-doczekamy-sie-obnizenia-stawki-podatku-vat-brexit-a-rodo-nowelizacja-malego-zus-u-francja-naklada-na-google-50-mln-euro-kary\/#primaryimage"},"thumbnailUrl":"https:\/\/legiobiznes.pl\/I\/wp-content\/uploads\/2019\/01\/Czy-doczekamy-si\u0119-obni\u017cenia-stawki-podatku-VAT-Brexit-a-RODO.-Nowelizacja-\u201ema\u0142ego-ZUS-u\u201d.-Francja-nak\u0142ada-na-Google-50-mln-euro-kary.jpg","datePublished":"2019-01-25T14:46:19+00:00","description":"Czy doczekamy si\u0119 obni\u017cenia stawki podatku VAT? Brexit a RODO. Nowelizacja \u201ema\u0142ego ZUS-u\u201d. Francja nak\u0142ada na Google 50 mln euro kary","breadcrumb":{"@id":"https:\/\/legiobiznes.pl\/I\/czy-doczekamy-sie-obnizenia-stawki-podatku-vat-brexit-a-rodo-nowelizacja-malego-zus-u-francja-naklada-na-google-50-mln-euro-kary\/#breadcrumb"},"inLanguage":"pl-PL","potentialAction":[{"@type":"ReadAction","target":["https:\/\/legiobiznes.pl\/I\/czy-doczekamy-sie-obnizenia-stawki-podatku-vat-brexit-a-rodo-nowelizacja-malego-zus-u-francja-naklada-na-google-50-mln-euro-kary\/"]}]},{"@type":"ImageObject","inLanguage":"pl-PL","@id":"https:\/\/legiobiznes.pl\/I\/czy-doczekamy-sie-obnizenia-stawki-podatku-vat-brexit-a-rodo-nowelizacja-malego-zus-u-francja-naklada-na-google-50-mln-euro-kary\/#primaryimage","url":"https:\/\/legiobiznes.pl\/I\/wp-content\/uploads\/2019\/01\/Czy-doczekamy-si\u0119-obni\u017cenia-stawki-podatku-VAT-Brexit-a-RODO.-Nowelizacja-\u201ema\u0142ego-ZUS-u\u201d.-Francja-nak\u0142ada-na-Google-50-mln-euro-kary.jpg","contentUrl":"https:\/\/legiobiznes.pl\/I\/wp-content\/uploads\/2019\/01\/Czy-doczekamy-si\u0119-obni\u017cenia-stawki-podatku-VAT-Brexit-a-RODO.-Nowelizacja-\u201ema\u0142ego-ZUS-u\u201d.-Francja-nak\u0142ada-na-Google-50-mln-euro-kary.jpg","width":960,"height":393,"caption":"Czy doczekamy si\u0119 obni\u017cenia stawki podatku VAT Brexit a RODO. Nowelizacja \u201ema\u0142ego ZUS-u\u201d. Francja nak\u0142ada na Google 50 mln euro kary"},{"@type":"BreadcrumbList","@id":"https:\/\/legiobiznes.pl\/I\/czy-doczekamy-sie-obnizenia-stawki-podatku-vat-brexit-a-rodo-nowelizacja-malego-zus-u-francja-naklada-na-google-50-mln-euro-kary\/#breadcrumb","itemListElement":[{"@type":"ListItem","position":1,"name":"Strona g\u0142\u00f3wna","item":"https:\/\/legiobiznes.pl\/I\/"},{"@type":"ListItem","position":2,"name":"Czy doczekamy si\u0119 obni\u017cenia stawki podatku VAT? Brexit a RODO. Nowelizacja \u201ema\u0142ego ZUS-u\u201d. Francja nak\u0142ada na Google 50 mln euro kary"}]},{"@type":"WebSite","@id":"https:\/\/legiobiznes.pl\/I\/#website","url":"https:\/\/legiobiznes.pl\/I\/","name":"Legiobiznes.pl","description":"Kryptowaluty, Bezpiecze\u0144stwo IT, E-biznes | LegioBiznes.PL","publisher":{"@id":"https:\/\/legiobiznes.pl\/I\/#organization"},"potentialAction":[{"@type":"SearchAction","target":{"@type":"EntryPoint","urlTemplate":"https:\/\/legiobiznes.pl\/I\/?s={search_term_string}"},"query-input":{"@type":"PropertyValueSpecification","valueRequired":true,"valueName":"search_term_string"}}],"inLanguage":"pl-PL"},{"@type":"Organization","@id":"https:\/\/legiobiznes.pl\/I\/#organization","name":"LegioBiznes.PL","url":"https:\/\/legiobiznes.pl\/I\/","logo":{"@type":"ImageObject","inLanguage":"pl-PL","@id":"https:\/\/legiobiznes.pl\/I\/#\/schema\/logo\/image\/","url":"https:\/\/legiobiznes.pl\/I\/wp-content\/uploads\/2017\/08\/legiobiznespl-logo2-e1503834302371.png","contentUrl":"https:\/\/legiobiznes.pl\/I\/wp-content\/uploads\/2017\/08\/legiobiznespl-logo2-e1503834302371.png","width":180,"height":76,"caption":"LegioBiznes.PL"},"image":{"@id":"https:\/\/legiobiznes.pl\/I\/#\/schema\/logo\/image\/"},"sameAs":["https:\/\/www.facebook.com\/LegioBiznes\/","https:\/\/x.com\/LegioBiznesPL","https:\/\/www.youtube.com\/channel\/UCEhszB39vxk96yIXD-jOORw"]},{"@type":"Person","@id":"https:\/\/legiobiznes.pl\/I\/#\/schema\/person\/33c4505a5d28a7c944baf038996052d4","name":"Legiobiznes.pl","image":{"@type":"ImageObject","inLanguage":"pl-PL","@id":"https:\/\/legiobiznes.pl\/I\/wp-content\/uploads\/2019\/07\/favicon-Legiobiznes-150x150.png","url":"https:\/\/legiobiznes.pl\/I\/wp-content\/uploads\/2019\/07\/favicon-Legiobiznes-150x150.png","contentUrl":"https:\/\/legiobiznes.pl\/I\/wp-content\/uploads\/2019\/07\/favicon-Legiobiznes-150x150.png","caption":"Legiobiznes.pl"},"description":"Budowa i tworzenie profesjonalnych, responsywnych (RWD) stron www. Pozycjonowanie SEO, sklepy internetowe eSklep...","url":"https:\/\/legiobiznes.pl\/I\/author\/boss\/"}]}},"_links":{"self":[{"href":"https:\/\/legiobiznes.pl\/I\/wp-json\/wp\/v2\/posts\/987712","targetHints":{"allow":["GET"]}}],"collection":[{"href":"https:\/\/legiobiznes.pl\/I\/wp-json\/wp\/v2\/posts"}],"about":[{"href":"https:\/\/legiobiznes.pl\/I\/wp-json\/wp\/v2\/types\/post"}],"author":[{"embeddable":true,"href":"https:\/\/legiobiznes.pl\/I\/wp-json\/wp\/v2\/users\/1"}],"replies":[{"embeddable":true,"href":"https:\/\/legiobiznes.pl\/I\/wp-json\/wp\/v2\/comments?post=987712"}],"version-history":[{"count":0,"href":"https:\/\/legiobiznes.pl\/I\/wp-json\/wp\/v2\/posts\/987712\/revisions"}],"wp:featuredmedia":[{"embeddable":true,"href":"https:\/\/legiobiznes.pl\/I\/wp-json\/wp\/v2\/media\/987713"}],"wp:attachment":[{"href":"https:\/\/legiobiznes.pl\/I\/wp-json\/wp\/v2\/media?parent=987712"}],"wp:term":[{"taxonomy":"category","embeddable":true,"href":"https:\/\/legiobiznes.pl\/I\/wp-json\/wp\/v2\/categories?post=987712"},{"taxonomy":"post_tag","embeddable":true,"href":"https:\/\/legiobiznes.pl\/I\/wp-json\/wp\/v2\/tags?post=987712"}],"curies":[{"name":"wp","href":"https:\/\/api.w.org\/{rel}","templated":true}]}}